{"id":11709,"date":"2024-10-13T19:09:00","date_gmt":"2024-10-13T17:09:00","guid":{"rendered":"https:\/\/weisetech.dev\/fc-barcelona-noticias\/en\/8-players-for-3-places-hansi-flick-big-puzzle-at-barca_307902_102\/"},"modified":"2024-10-13T22:11:00","modified_gmt":"2024-10-13T20:11:00","slug":"8-players-for-3-places-hansi-flick-big-puzzle-at-barca_307902_102","status":"publish","type":"post","link":"https:\/\/www.fcbarcelonanoticias.com\/en\/fc-barcelona\/8-players-for-3-places-hansi-flick-big-puzzle-at-barca_307902_102.html","title":{"rendered":"8 players for 3 places: Hansi Flick&#8217;s big &#8216;puzzle&#8217; at Bar\u00e7a"},"content":{"rendered":"<h2 class=\"wp-block-heading\">Hansi Flick will have Gavi, Olmo and Ferm\u00edn back when he returns from the break. They will join De Jong, Pedri, Casad\u00f3 and Torre in the fight for three places in midfield<\/h2>  \r\n<div class=\"article-addons\">\r\n    <a href=\"https:\/\/www.fcbarcelonanoticias.com\/en\/calendar-fc-barcelona.html\"\r\n       target=\"_self\"\r\n       title=\"Calendar of FC Barcelona\"\r\n       class=\"blue-gredient-btn\">\r\n       \r\n        Calendar of FC Barcelona    <\/a>\r\n<\/div>   <p><strong>FC Barcelona&#8217;<\/strong>s infirmary will be even more depleted at the end of the October international break. Once all the internationals have returned to the first team, <a data-external=\"0\" data-intl-links-en=\"https:\/\/www.fcbarcelonanoticias.com\/en\/fc-barcelona\/gavi-leaves-better-and-better-sensations-and-could-be-available-for-sevilla-barca_307810_102.html\" data-intl-links-es=\"https:\/\/www.fcbarcelonanoticias.com\/fc-barcelona\/gavi-deja-cada-vez-mejores-sensaciones-podria-estar-disponible-sevilla-barca_307810_102.html\" href=\"https:\/\/www.fcbarcelonanoticias.com\/en\/fc-barcelona\/gavi-leaves-better-and-better-sensations-and-could-be-available-for-sevilla-barca_307810_102.html\" rel=\"follow\" target=\"_self\" title=\"Gavi is getting better and better and could be given the all-clear for Sevilla-Bar\u00e7a\">Dani Olmo, Gavi and Ferm\u00edn L\u00f3pez will also be under the orders of Hansi Flick<\/a> as they face the final stretch of their recovery from injuries during these two weeks of the <strong>FIFA date<\/strong>.<\/p>  <p>A list of recoveries in which <strong>Frenkie de Jong <\/strong>has appeared for a couple of games, allowing the German coach to have four reinforcements for the midfield in one go after being forced to &#8216;make do&#8217; in recent months, even more so after <strong>Marc Bernal<\/strong>&#8216;s serious injury.<\/p>  <h2>Eight players for three places in midfield<\/h2>  <p>These four players, together with <strong>Marc Casad\u00f3, Pedri, Pablo Torre<\/strong> and even <strong>Eric Garc\u00eda<\/strong>, who has played as a midfielder this season, will share three positions, the two central midfielders and the attacking midfielder. A &#8216;fight&#8217; that <strong>Raphinha <\/strong>could join, who has put in good performances behind the &#8216;9&#8217; in <strong>Flick&#8217;s <\/strong>4-2-3-1.<\/p>  <table border=\"1\" cellpadding=\"1\" cellspacing=\"1\" style=\"width:100%;\"> <caption>THE MOST USED MIDFIELDERS BY HANSI FLICK THIS SEASON<\/caption> \t<thead><tr> <th scope=\"col\">PLAYER<\/th> \t\t\t<th scope=\"col\">MATCHES<\/th> \t\t\t<th scope=\"col\">MINUTES<\/th> \t\t<\/tr><\/thead> <tbody> <tr> <td style=\"text-align: center;\">Pedri<\/td> \t\t\t<td style=\"text-align: center;\">11 partidos<\/td> \t\t\t<td style=\"text-align: center;\">735&#8242;<\/td> \t\t<\/tr> <tr> <td style=\"text-align: center;\">Marc Casad\u00f3<\/td> \t\t\t<td style=\"text-align: center;\">9 partidos<\/td> \t\t\t<td style=\"text-align: center;\">652&#8242;<\/td> \t\t<\/tr> <tr> <td style=\"text-align: center;\">Eric Garc\u00eda<\/td> \t\t\t<td style=\"text-align: center;\">9 partidos<\/td> \t\t\t<td style=\"text-align: center;\">448&#8242;<\/td> \t\t<\/tr> <tr> <td style=\"text-align: center;\">Marc Bernal<\/td> \t\t\t<td style=\"text-align: center;\">3 partidos<\/td> \t\t\t<td style=\"text-align: center;\">244&#8242;<\/td> \t\t<\/tr> <tr> <td style=\"text-align: center;\">Pablo Torre<\/td> \t\t\t<td style=\"text-align: center;\">5 partidos<\/td> \t\t\t<td style=\"text-align: center;\">195&#8242;<\/td> \t\t<\/tr> <tr> <td style=\"text-align: center;\">Dani Olmo<\/td> \t\t\t<td style=\"text-align: center;\">3 partidos<\/td> \t\t\t<td style=\"text-align: center;\">189&#8242;<\/td> \t\t<\/tr> <tr> <td style=\"text-align: center;\">Ferm\u00edn L\u00f3pez<\/td> \t\t\t<td style=\"text-align: center;\">3 partidos<\/td> \t\t\t<td style=\"text-align: center;\">57&#8242;<\/td> \t\t<\/tr> <tr> <td style=\"text-align: center;\">Frenkie de Jong<\/td> \t\t\t<td style=\"text-align: center;\">2 partidos<\/td> \t\t\t<td style=\"text-align: center;\">24&#8242;<\/td> \t\t<\/tr> <\/tbody> <\/table> <p>To date, the Bar\u00e7a coach has used five pairings in the double pivot, with <strong>Casad\u00f3 and Pedri <\/strong>being the most common, although with the return of <strong>Frenkie de Jong<\/strong> this could change again. Meanwhile, as playmaker he has mainly used <strong>Raphinha and Pablo Torre<\/strong>. However, the return of <strong>Dani Olmo<\/strong>, which would take place against <strong>Sevilla<\/strong>, would give him a place that he had more than earned.<\/p> ","protected":false},"excerpt":{"rendered":"<p>Hansi Flick will have Gavi, Olmo and Ferm\u00edn back when he returns from the break. They will join De Jong, Pedri, Casad\u00f3 and Torre in the fight for three places in midfield FC Barcelona&#8217;s infirmary will be even more depleted at the end of the October international break. Once all the internationals have returned to [&hellip;]<\/p>\n","protected":false},"author":358,"featured_media":11711,"comment_status":"closed","ping_status":"open","sticky":false,"template":"","format":"standard","meta":{"_acf_changed":false,"inline_featured_image":false,"_nextfly_llmd_date_locked":false,"footnotes":""},"categories":[111],"tags":[201,87],"class_list":["post-11709","post","type-post","status-publish","format-standard","has-post-thumbnail","hentry","category-fc-barcelona","tag-lineups","tag-hansi-flick"],"acf":[],"yoast_head":"<!-- This site is optimized with the Yoast SEO plugin v27.3 - https:\/\/yoast.com\/product\/yoast-seo-wordpress\/ -->\n<title>8 players for 3 places: Hansi Flick&#039;s big &#039;puzzle&#039; at Bar\u00e7a<\/title>\n<meta name=\"description\" content=\"Hansi Flick will have Gavi, Olmo and Ferm\u00edn back when he returns from the break. They will join De Jong, Pedri, Casad\u00f3 and Torre in the fight for three places in midfield\" \/>\n<meta name=\"robots\" content=\"index, follow, max-snippet:-1, max-image-preview:large, max-video-preview:-1\" \/>\n<link rel=\"canonical\" href=\"https:\/\/www.fcbarcelonanoticias.com\/en\/fc-barcelona\/8-players-for-3-places-hansi-flick-big-puzzle-at-barca_307902_102.html\" \/>\n<meta property=\"og:locale\" content=\"en_US\" \/>\n<meta property=\"og:type\" content=\"article\" \/>\n<meta property=\"og:title\" content=\"8 players for 3 places: Hansi Flick&#039;s big &#039;puzzle&#039; at Bar\u00e7a\" \/>\n<meta property=\"og:description\" content=\"Hansi Flick will have Gavi, Olmo and Ferm\u00edn back when he returns from the break. They will join De Jong, Pedri, Casad\u00f3 and Torre in the fight for three places in midfield\" \/>\n<meta property=\"og:url\" content=\"https:\/\/www.fcbarcelonanoticias.com\/en\/fc-barcelona\/8-players-for-3-places-hansi-flick-big-puzzle-at-barca_307902_102.html\" \/>\n<meta property=\"og:site_name\" content=\"EN - FC Barcelona Noticias\" \/>\n<meta property=\"article:published_time\" content=\"2024-10-13T17:09:00+00:00\" \/>\n<meta property=\"article:modified_time\" content=\"2024-10-13T20:11:00+00:00\" \/>\n<meta property=\"og:image\" content=\"https:\/\/www.fcbarcelonanoticias.com\/en\/wp-content\/uploads\/sites\/2\/2024\/10\/whatsapp-image-2024-10-13-at-3-46-20-pm.jpeg\" \/>\n\t<meta property=\"og:image:width\" content=\"1250\" \/>\n\t<meta property=\"og:image:height\" content=\"730\" \/>\n\t<meta property=\"og:image:type\" content=\"image\/jpeg\" \/>\n<meta name=\"author\" content=\"Juan Pablo Berdugo\" \/>\n<meta name=\"twitter:card\" content=\"summary_large_image\" \/>\n<meta name=\"twitter:label1\" content=\"Written by\" \/>\n\t<meta name=\"twitter:data1\" content=\"Juan Pablo Berdugo\" \/>\n\t<meta name=\"twitter:label2\" content=\"Est. reading time\" \/>\n\t<meta name=\"twitter:data2\" content=\"2 minutes\" \/>\n<script type=\"application\/ld+json\" class=\"yoast-schema-graph\">{\"@context\":\"https:\\\/\\\/schema.org\",\"@graph\":[{\"@type\":\"Article\",\"@id\":\"https:\\\/\\\/www.fcbarcelonanoticias.com\\\/en\\\/fc-barcelona\\\/8-players-for-3-places-hansi-flick-big-puzzle-at-barca_307902_102.html#article\",\"isPartOf\":{\"@id\":\"https:\\\/\\\/www.fcbarcelonanoticias.com\\\/en\\\/fc-barcelona\\\/8-players-for-3-places-hansi-flick-big-puzzle-at-barca_307902_102.html\"},\"author\":{\"name\":\"Juan Pablo Berdugo\",\"@id\":\"https:\\\/\\\/www.fcbarcelonanoticias.com\\\/en\\\/#\\\/schema\\\/person\\\/88d756918a0a1ae9fa593b5edddd1815\"},\"headline\":\"8 players for 3 places: Hansi Flick&#8217;s big &#8216;puzzle&#8217; at Bar\u00e7a\",\"datePublished\":\"2024-10-13T17:09:00+00:00\",\"dateModified\":\"2024-10-13T20:11:00+00:00\",\"mainEntityOfPage\":{\"@id\":\"https:\\\/\\\/www.fcbarcelonanoticias.com\\\/en\\\/fc-barcelona\\\/8-players-for-3-places-hansi-flick-big-puzzle-at-barca_307902_102.html\"},\"wordCount\":324,\"image\":{\"@id\":\"https:\\\/\\\/www.fcbarcelonanoticias.com\\\/en\\\/fc-barcelona\\\/8-players-for-3-places-hansi-flick-big-puzzle-at-barca_307902_102.html#primaryimage\"},\"thumbnailUrl\":\"https:\\\/\\\/www.fcbarcelonanoticias.com\\\/en\\\/wp-content\\\/uploads\\\/sites\\\/2\\\/2024\\\/10\\\/whatsapp-image-2024-10-13-at-3-46-20-pm.jpeg\",\"keywords\":[\"FC Barcelona Lineups\",\"Hansi Flick\"],\"articleSection\":[\"FC Barcelona\"],\"inLanguage\":\"en-US\"},{\"@type\":\"WebPage\",\"@id\":\"https:\\\/\\\/www.fcbarcelonanoticias.com\\\/en\\\/fc-barcelona\\\/8-players-for-3-places-hansi-flick-big-puzzle-at-barca_307902_102.html\",\"url\":\"https:\\\/\\\/www.fcbarcelonanoticias.com\\\/en\\\/fc-barcelona\\\/8-players-for-3-places-hansi-flick-big-puzzle-at-barca_307902_102.html\",\"name\":\"8 players for 3 places: Hansi Flick's big 'puzzle' at Bar\u00e7a\",\"isPartOf\":{\"@id\":\"https:\\\/\\\/www.fcbarcelonanoticias.com\\\/en\\\/#website\"},\"primaryImageOfPage\":{\"@id\":\"https:\\\/\\\/www.fcbarcelonanoticias.com\\\/en\\\/fc-barcelona\\\/8-players-for-3-places-hansi-flick-big-puzzle-at-barca_307902_102.html#primaryimage\"},\"image\":{\"@id\":\"https:\\\/\\\/www.fcbarcelonanoticias.com\\\/en\\\/fc-barcelona\\\/8-players-for-3-places-hansi-flick-big-puzzle-at-barca_307902_102.html#primaryimage\"},\"thumbnailUrl\":\"https:\\\/\\\/www.fcbarcelonanoticias.com\\\/en\\\/wp-content\\\/uploads\\\/sites\\\/2\\\/2024\\\/10\\\/whatsapp-image-2024-10-13-at-3-46-20-pm.jpeg\",\"datePublished\":\"2024-10-13T17:09:00+00:00\",\"dateModified\":\"2024-10-13T20:11:00+00:00\",\"author\":{\"@id\":\"https:\\\/\\\/www.fcbarcelonanoticias.com\\\/en\\\/#\\\/schema\\\/person\\\/88d756918a0a1ae9fa593b5edddd1815\"},\"description\":\"Hansi Flick will have Gavi, Olmo and Ferm\u00edn back when he returns from the break. They will join De Jong, Pedri, Casad\u00f3 and Torre in the fight for three places in midfield\",\"breadcrumb\":{\"@id\":\"https:\\\/\\\/www.fcbarcelonanoticias.com\\\/en\\\/fc-barcelona\\\/8-players-for-3-places-hansi-flick-big-puzzle-at-barca_307902_102.html#breadcrumb\"},\"inLanguage\":\"en-US\",\"potentialAction\":[{\"@type\":\"ReadAction\",\"target\":[\"https:\\\/\\\/www.fcbarcelonanoticias.com\\\/en\\\/fc-barcelona\\\/8-players-for-3-places-hansi-flick-big-puzzle-at-barca_307902_102.html\"]}]},{\"@type\":\"ImageObject\",\"inLanguage\":\"en-US\",\"@id\":\"https:\\\/\\\/www.fcbarcelonanoticias.com\\\/en\\\/fc-barcelona\\\/8-players-for-3-places-hansi-flick-big-puzzle-at-barca_307902_102.html#primaryimage\",\"url\":\"https:\\\/\\\/www.fcbarcelonanoticias.com\\\/en\\\/wp-content\\\/uploads\\\/sites\\\/2\\\/2024\\\/10\\\/whatsapp-image-2024-10-13-at-3-46-20-pm.jpeg\",\"contentUrl\":\"https:\\\/\\\/www.fcbarcelonanoticias.com\\\/en\\\/wp-content\\\/uploads\\\/sites\\\/2\\\/2024\\\/10\\\/whatsapp-image-2024-10-13-at-3-46-20-pm.jpeg\",\"width\":1250,\"height\":730},{\"@type\":\"BreadcrumbList\",\"@id\":\"https:\\\/\\\/www.fcbarcelonanoticias.com\\\/en\\\/fc-barcelona\\\/8-players-for-3-places-hansi-flick-big-puzzle-at-barca_307902_102.html#breadcrumb\",\"itemListElement\":[{\"@type\":\"ListItem\",\"position\":1,\"name\":\"Portada\",\"item\":\"https:\\\/\\\/www.fcbarcelonanoticias.com\\\/en\\\/\"},{\"@type\":\"ListItem\",\"position\":2,\"name\":\"8 players for 3 places: Hansi Flick&#8217;s big &#8216;puzzle&#8217; at Bar\u00e7a\"}]},{\"@type\":\"WebSite\",\"@id\":\"https:\\\/\\\/www.fcbarcelonanoticias.com\\\/en\\\/#website\",\"url\":\"https:\\\/\\\/www.fcbarcelonanoticias.com\\\/en\\\/\",\"name\":\"EN - FC Barcelona Noticias\",\"description\":\"\",\"potentialAction\":[{\"@type\":\"SearchAction\",\"target\":{\"@type\":\"EntryPoint\",\"urlTemplate\":\"https:\\\/\\\/www.fcbarcelonanoticias.com\\\/en\\\/?s={search_term_string}\"},\"query-input\":{\"@type\":\"PropertyValueSpecification\",\"valueRequired\":true,\"valueName\":\"search_term_string\"}}],\"inLanguage\":\"en-US\"},{\"@type\":\"Person\",\"@id\":\"https:\\\/\\\/www.fcbarcelonanoticias.com\\\/en\\\/#\\\/schema\\\/person\\\/88d756918a0a1ae9fa593b5edddd1815\",\"name\":\"Juan Pablo Berdugo\",\"image\":{\"@type\":\"ImageObject\",\"inLanguage\":\"en-US\",\"@id\":\"https:\\\/\\\/secure.gravatar.com\\\/avatar\\\/?s=96&d=mm&r=g\",\"url\":\"https:\\\/\\\/secure.gravatar.com\\\/avatar\\\/?s=96&d=mm&r=g\",\"contentUrl\":\"https:\\\/\\\/secure.gravatar.com\\\/avatar\\\/?s=96&d=mm&r=g\",\"caption\":\"Juan Pablo Berdugo\"},\"description\":\"Juan Pablo Berdugo es graduado en Periodismo. Colabora con FCBN como especialista en informaci\u00f3n del primer equipo del FC Barcelona, f\u00fatbol internacional y mercado de fichajes. Destaca por su enfoque anal\u00edtico, su rigor informativo y su capacidad para detectar tendencias emergentes en el f\u00fatbol global.\",\"url\":\"https:\\\/\\\/www.fcbarcelonanoticias.com\\\/en\\\/fc-barcelona\\\/juan-pablo-berdugo_18_115.html\"}]}<\/script>\n<!-- \/ Yoast SEO plugin. -->","yoast_head_json":{"title":"8 players for 3 places: Hansi Flick's big 'puzzle' at Bar\u00e7a","description":"Hansi Flick will have Gavi, Olmo and Ferm\u00edn back when he returns from the break. They will join De Jong, Pedri, Casad\u00f3 and Torre in the fight for three places in midfield","robots":{"index":"index","follow":"follow","max-snippet":"max-snippet:-1","max-image-preview":"max-image-preview:large","max-video-preview":"max-video-preview:-1"},"canonical":"https:\/\/www.fcbarcelonanoticias.com\/en\/fc-barcelona\/8-players-for-3-places-hansi-flick-big-puzzle-at-barca_307902_102.html","og_locale":"en_US","og_type":"article","og_title":"8 players for 3 places: Hansi Flick's big 'puzzle' at Bar\u00e7a","og_description":"Hansi Flick will have Gavi, Olmo and Ferm\u00edn back when he returns from the break. They will join De Jong, Pedri, Casad\u00f3 and Torre in the fight for three places in midfield","og_url":"https:\/\/www.fcbarcelonanoticias.com\/en\/fc-barcelona\/8-players-for-3-places-hansi-flick-big-puzzle-at-barca_307902_102.html","og_site_name":"EN - FC Barcelona Noticias","article_published_time":"2024-10-13T17:09:00+00:00","article_modified_time":"2024-10-13T20:11:00+00:00","og_image":[{"width":1250,"height":730,"url":"https:\/\/www.fcbarcelonanoticias.com\/en\/wp-content\/uploads\/sites\/2\/2024\/10\/whatsapp-image-2024-10-13-at-3-46-20-pm.jpeg","type":"image\/jpeg"}],"author":"Juan Pablo Berdugo","twitter_card":"summary_large_image","twitter_misc":{"Written by":"Juan Pablo Berdugo","Est. reading time":"2 minutes"},"schema":{"@context":"https:\/\/schema.org","@graph":[{"@type":"Article","@id":"https:\/\/www.fcbarcelonanoticias.com\/en\/fc-barcelona\/8-players-for-3-places-hansi-flick-big-puzzle-at-barca_307902_102.html#article","isPartOf":{"@id":"https:\/\/www.fcbarcelonanoticias.com\/en\/fc-barcelona\/8-players-for-3-places-hansi-flick-big-puzzle-at-barca_307902_102.html"},"author":{"name":"Juan Pablo Berdugo","@id":"https:\/\/www.fcbarcelonanoticias.com\/en\/#\/schema\/person\/88d756918a0a1ae9fa593b5edddd1815"},"headline":"8 players for 3 places: Hansi Flick&#8217;s big &#8216;puzzle&#8217; at Bar\u00e7a","datePublished":"2024-10-13T17:09:00+00:00","dateModified":"2024-10-13T20:11:00+00:00","mainEntityOfPage":{"@id":"https:\/\/www.fcbarcelonanoticias.com\/en\/fc-barcelona\/8-players-for-3-places-hansi-flick-big-puzzle-at-barca_307902_102.html"},"wordCount":324,"image":{"@id":"https:\/\/www.fcbarcelonanoticias.com\/en\/fc-barcelona\/8-players-for-3-places-hansi-flick-big-puzzle-at-barca_307902_102.html#primaryimage"},"thumbnailUrl":"https:\/\/www.fcbarcelonanoticias.com\/en\/wp-content\/uploads\/sites\/2\/2024\/10\/whatsapp-image-2024-10-13-at-3-46-20-pm.jpeg","keywords":["FC Barcelona Lineups","Hansi Flick"],"articleSection":["FC Barcelona"],"inLanguage":"en-US"},{"@type":"WebPage","@id":"https:\/\/www.fcbarcelonanoticias.com\/en\/fc-barcelona\/8-players-for-3-places-hansi-flick-big-puzzle-at-barca_307902_102.html","url":"https:\/\/www.fcbarcelonanoticias.com\/en\/fc-barcelona\/8-players-for-3-places-hansi-flick-big-puzzle-at-barca_307902_102.html","name":"8 players for 3 places: Hansi Flick's big 'puzzle' at Bar\u00e7a","isPartOf":{"@id":"https:\/\/www.fcbarcelonanoticias.com\/en\/#website"},"primaryImageOfPage":{"@id":"https:\/\/www.fcbarcelonanoticias.com\/en\/fc-barcelona\/8-players-for-3-places-hansi-flick-big-puzzle-at-barca_307902_102.html#primaryimage"},"image":{"@id":"https:\/\/www.fcbarcelonanoticias.com\/en\/fc-barcelona\/8-players-for-3-places-hansi-flick-big-puzzle-at-barca_307902_102.html#primaryimage"},"thumbnailUrl":"https:\/\/www.fcbarcelonanoticias.com\/en\/wp-content\/uploads\/sites\/2\/2024\/10\/whatsapp-image-2024-10-13-at-3-46-20-pm.jpeg","datePublished":"2024-10-13T17:09:00+00:00","dateModified":"2024-10-13T20:11:00+00:00","author":{"@id":"https:\/\/www.fcbarcelonanoticias.com\/en\/#\/schema\/person\/88d756918a0a1ae9fa593b5edddd1815"},"description":"Hansi Flick will have Gavi, Olmo and Ferm\u00edn back when he returns from the break. They will join De Jong, Pedri, Casad\u00f3 and Torre in the fight for three places in midfield","breadcrumb":{"@id":"https:\/\/www.fcbarcelonanoticias.com\/en\/fc-barcelona\/8-players-for-3-places-hansi-flick-big-puzzle-at-barca_307902_102.html#breadcrumb"},"inLanguage":"en-US","potentialAction":[{"@type":"ReadAction","target":["https:\/\/www.fcbarcelonanoticias.com\/en\/fc-barcelona\/8-players-for-3-places-hansi-flick-big-puzzle-at-barca_307902_102.html"]}]},{"@type":"ImageObject","inLanguage":"en-US","@id":"https:\/\/www.fcbarcelonanoticias.com\/en\/fc-barcelona\/8-players-for-3-places-hansi-flick-big-puzzle-at-barca_307902_102.html#primaryimage","url":"https:\/\/www.fcbarcelonanoticias.com\/en\/wp-content\/uploads\/sites\/2\/2024\/10\/whatsapp-image-2024-10-13-at-3-46-20-pm.jpeg","contentUrl":"https:\/\/www.fcbarcelonanoticias.com\/en\/wp-content\/uploads\/sites\/2\/2024\/10\/whatsapp-image-2024-10-13-at-3-46-20-pm.jpeg","width":1250,"height":730},{"@type":"BreadcrumbList","@id":"https:\/\/www.fcbarcelonanoticias.com\/en\/fc-barcelona\/8-players-for-3-places-hansi-flick-big-puzzle-at-barca_307902_102.html#breadcrumb","itemListElement":[{"@type":"ListItem","position":1,"name":"Portada","item":"https:\/\/www.fcbarcelonanoticias.com\/en\/"},{"@type":"ListItem","position":2,"name":"8 players for 3 places: Hansi Flick&#8217;s big &#8216;puzzle&#8217; at Bar\u00e7a"}]},{"@type":"WebSite","@id":"https:\/\/www.fcbarcelonanoticias.com\/en\/#website","url":"https:\/\/www.fcbarcelonanoticias.com\/en\/","name":"EN - FC Barcelona Noticias","description":"","potentialAction":[{"@type":"SearchAction","target":{"@type":"EntryPoint","urlTemplate":"https:\/\/www.fcbarcelonanoticias.com\/en\/?s={search_term_string}"},"query-input":{"@type":"PropertyValueSpecification","valueRequired":true,"valueName":"search_term_string"}}],"inLanguage":"en-US"},{"@type":"Person","@id":"https:\/\/www.fcbarcelonanoticias.com\/en\/#\/schema\/person\/88d756918a0a1ae9fa593b5edddd1815","name":"Juan Pablo Berdugo","image":{"@type":"ImageObject","inLanguage":"en-US","@id":"https:\/\/secure.gravatar.com\/avatar\/?s=96&d=mm&r=g","url":"https:\/\/secure.gravatar.com\/avatar\/?s=96&d=mm&r=g","contentUrl":"https:\/\/secure.gravatar.com\/avatar\/?s=96&d=mm&r=g","caption":"Juan Pablo Berdugo"},"description":"Juan Pablo Berdugo es graduado en Periodismo. Colabora con FCBN como especialista en informaci\u00f3n del primer equipo del FC Barcelona, f\u00fatbol internacional y mercado de fichajes. Destaca por su enfoque anal\u00edtico, su rigor informativo y su capacidad para detectar tendencias emergentes en el f\u00fatbol global.","url":"https:\/\/www.fcbarcelonanoticias.com\/en\/fc-barcelona\/juan-pablo-berdugo_18_115.html"}]}},"_links":{"self":[{"href":"https:\/\/www.fcbarcelonanoticias.com\/en\/wp-json\/wp\/v2\/posts\/11709","targetHints":{"allow":["GET"]}}],"collection":[{"href":"https:\/\/www.fcbarcelonanoticias.com\/en\/wp-json\/wp\/v2\/posts"}],"about":[{"href":"https:\/\/www.fcbarcelonanoticias.com\/en\/wp-json\/wp\/v2\/types\/post"}],"author":[{"embeddable":true,"href":"https:\/\/www.fcbarcelonanoticias.com\/en\/wp-json\/wp\/v2\/users\/358"}],"replies":[{"embeddable":true,"href":"https:\/\/www.fcbarcelonanoticias.com\/en\/wp-json\/wp\/v2\/comments?post=11709"}],"version-history":[{"count":1,"href":"https:\/\/www.fcbarcelonanoticias.com\/en\/wp-json\/wp\/v2\/posts\/11709\/revisions"}],"predecessor-version":[{"id":11710,"href":"https:\/\/www.fcbarcelonanoticias.com\/en\/wp-json\/wp\/v2\/posts\/11709\/revisions\/11710"}],"wp:featuredmedia":[{"embeddable":true,"href":"https:\/\/www.fcbarcelonanoticias.com\/en\/wp-json\/wp\/v2\/media\/11711"}],"wp:attachment":[{"href":"https:\/\/www.fcbarcelonanoticias.com\/en\/wp-json\/wp\/v2\/media?parent=11709"}],"wp:term":[{"taxonomy":"category","embeddable":true,"href":"https:\/\/www.fcbarcelonanoticias.com\/en\/wp-json\/wp\/v2\/categories?post=11709"},{"taxonomy":"post_tag","embeddable":true,"href":"https:\/\/www.fcbarcelonanoticias.com\/en\/wp-json\/wp\/v2\/tags?post=11709"}],"curies":[{"name":"wp","href":"https:\/\/api.w.org\/{rel}","templated":true}]}}