{"id":11754,"date":"2020-01-10T22:30:00","date_gmt":"2020-01-10T21:30:00","guid":{"rendered":"https:\/\/weisetech.dev\/fc-barcelona-noticias\/en\/abidal-used-trip-qatar-visit-injured-dembele_254555_102\/"},"modified":"2020-01-10T22:30:00","modified_gmt":"2020-01-10T21:30:00","slug":"abidal-used-trip-qatar-visit-injured-dembele_254555_102","status":"publish","type":"post","link":"https:\/\/www.fcbarcelonanoticias.com\/en\/fc-barcelona\/abidal-used-trip-qatar-visit-injured-dembele_254555_102.html","title":{"rendered":"Abidal used his trip to Qatar to visit the injured Ousmane Demb\u00e9l\u00e9"},"content":{"rendered":"<h2 class=\"wp-block-heading\">\u00c9ric Abidal and \u00d2scar Grau not only went to Qatar to meet Xavi. The technical secretary and the CEO of Bar\u00e7a also took the opportunity to visit Ousmane Demb\u00e9l\u00e9, who is recovering in the Qatari country from his injury<\/h2>  \r\n<div class=\"article-addons\">\r\n    <a href=\"https:\/\/www.fcbarcelonanoticias.com\/en\/calendar-fc-barcelona.html\"\r\n       target=\"_self\"\r\n       title=\"Calendar of FC Barcelona\"\r\n       class=\"blue-gredient-btn\">\r\n       \r\n        Calendar of FC Barcelona    <\/a>\r\n<\/div>   <p>This Friday, all the world has woken up with the news that <strong><a data-external=\"0\" data-intl-links-en=\"https:\/\/www.fcbarcelonanoticias.com\/en\/transfers\/rac1-barcelona-would-have-met-with-xavi-hernandez-in-doha_254543_102.html\" data-intl-links-es=\"https:\/\/www.fcbarcelonanoticias.com\/fichajes\/rac1-barcelona-se-habria-reunido-con-xavi-hernandez-en-doha_254543_102.html\" href=\"https:\/\/www.fcbarcelonanoticias.com\/en\/transfers\/rac1-barcelona-would-have-met-with-xavi-hernandez-in-doha_254543_102.html\" rel=\"follow\" target=\"_self\" title=\"'RAC1': El Bar\u00e7a se habr\u00eda reunido con Xavi Hern\u00e1ndez en Doha\">the FC Barcelona had gathered with Xavi Hern\u00e1ndez in Qatar<\/a><\/strong>. \u00c9ric Abidal and \u00d2scar Grau would have spoken with the current trainer of the To the-Sadd so that it commission of the team if Ernesto Valverde is ceased now or in summer. But the general director of the Bar\u00e7a and the technical secretary would not have displaced until Doha alone to gather with the one of Terrassa.<\/p>  <p>In fact, the official version of the club is that <strong>the trip until the city qatar\u00ed has been to see to <a data-external=\"0\" data-intl-links-en=\"https:\/\/www.fcbarcelonanoticias.com\/en\/tags\/dembele\" data-intl-links-es=\"https:\/\/www.fcbarcelonanoticias.com\/tags\/dembele\" href=\"https:\/\/www.fcbarcelonanoticias.com\/en\/tags\/dembele.html\" rel=\"follow\" target=\"_self\" title=\"Demb\u00e9l\u00e9\">Ousmane Demb\u00e9l\u00e9<\/a>\u200b<\/strong>. The French extreme finds right now in the centre Aspetar recovering of his injury and the cul\u00e9s would have travelled to see how is and how evolves. The meeting, according to several means like Sportive World, was more than thinking even before the Barcelona defeat in the Supercopa of Spain.<\/p>  <p><strong>It is necessary to remember that the forward carries lesionado from the past 27 November<\/strong>. The French was to title against the Borussia Dortmund in the Camp Nou, but had to withdraw of the terrain of game when feeling a prick to the few minutes. A new injury more than adding to his collection that has kept him section since of the team.<\/p>  <p>Everything seems to indicate that the terms of recovery are fulfilling , by<strong> what the ex of the Borussia would not have to take too much in returning to Barcelona<\/strong>. If all goes normal, Demb\u00e9l\u00e9 would have to can play as late at the beginning of February. But the case of the international &#8216;bleu&#8217; always is special, since to returned many times and has gone back to break to the little. From the club do not want that it go back until it was not to 120%.<\/p>  <h3>The Bar\u00e7a misses to Demb\u00e9l\u00e9<\/h3>  <p>In the meantime, the Bar\u00e7a will have to follow fixing them without him, as it has done in December and in this beginning of January. The cul\u00e9s, although the &#8216;MSG&#8217; is surrendering more than well, are throwing in fault the speed and the desborde of the Frenchman in a lot of meetings. <strong>Ansu Fati And Carles P\u00e9rez are the only offensive solutions that has the &#8216;Txingurri&#8217; in the bench<\/strong> right now and do not seem to be sufficient for parties like the one of the Athletic.<\/p>  <p>Demb\u00e9l\u00e9, in addition to this vertigo that gives whenever it is in the field, <strong>will serve when it return so that Valverde can give him more rest to the triplete from above<\/strong>. The extreme can play in any one of the two bands and expects a lot of him once was recovered. Until the moment, his performance has been disappointing, but his age and his conditions invite to be optimistic of face to the future.<\/p> ","protected":false},"excerpt":{"rendered":"<p>\u00c9ric Abidal and \u00d2scar Grau not only went to Qatar to meet Xavi. The technical secretary and the CEO of Bar\u00e7a also took the opportunity to visit Ousmane Demb\u00e9l\u00e9, who is recovering in the Qatari country from his injury This Friday, all the world has woken up with the news that the FC Barcelona had [&hellip;]<\/p>\n","protected":false},"author":392,"featured_media":11755,"comment_status":"closed","ping_status":"open","sticky":false,"template":"","format":"standard","meta":{"_acf_changed":false,"inline_featured_image":false,"_nextfly_llmd_date_locked":false,"footnotes":""},"categories":[111],"tags":[360,468,146],"class_list":["post-11754","post","type-post","status-publish","format-standard","has-post-thumbnail","hentry","category-fc-barcelona","tag-abidal","tag-abidal-2","tag-dembele"],"acf":[],"yoast_head":"<!-- This site is optimized with the Yoast SEO plugin v27.3 - https:\/\/yoast.com\/product\/yoast-seo-wordpress\/ -->\n<title>Abidal used his trip to Qatar to visit the injured Ousmane Demb\u00e9l\u00e9<\/title>\n<meta name=\"description\" content=\"\u00c9ric Abidal and \u00d2scar Grau no only went to Qatar to gather with Xavi. The technical secretary and the CEO of the Bar\u00e7a also took advantage of to go to visit to Ous...\" \/>\n<meta name=\"robots\" content=\"index, follow, max-snippet:-1, max-image-preview:large, max-video-preview:-1\" \/>\n<link rel=\"canonical\" href=\"https:\/\/www.fcbarcelonanoticias.com\/en\/fc-barcelona\/abidal-used-trip-qatar-visit-injured-dembele_254555_102.html\" \/>\n<meta property=\"og:locale\" content=\"en_US\" \/>\n<meta property=\"og:type\" content=\"article\" \/>\n<meta property=\"og:title\" content=\"Abidal used his trip to Qatar to visit the injured Ousmane Demb\u00e9l\u00e9\" \/>\n<meta property=\"og:description\" content=\"\u00c9ric Abidal and \u00d2scar Grau no only went to Qatar to gather with Xavi. The technical secretary and the CEO of the Bar\u00e7a also took advantage of to go to visit to Ous...\" \/>\n<meta property=\"og:url\" content=\"https:\/\/www.fcbarcelonanoticias.com\/en\/fc-barcelona\/abidal-used-trip-qatar-visit-injured-dembele_254555_102.html\" \/>\n<meta property=\"og:site_name\" content=\"EN - FC Barcelona Noticias\" \/>\n<meta property=\"article:published_time\" content=\"2020-01-10T21:30:00+00:00\" \/>\n<meta property=\"og:image\" content=\"https:\/\/www.fcbarcelonanoticias.com\/en\/wp-content\/uploads\/sites\/2\/2020\/01\/dembele-training.jpeg\" \/>\n\t<meta property=\"og:image:width\" content=\"1200\" \/>\n\t<meta property=\"og:image:height\" content=\"689\" \/>\n\t<meta property=\"og:image:type\" content=\"image\/jpeg\" \/>\n<meta name=\"author\" content=\"user_4048\" \/>\n<meta name=\"twitter:card\" content=\"summary_large_image\" \/>\n<meta name=\"twitter:label1\" content=\"Written by\" \/>\n\t<meta name=\"twitter:data1\" content=\"user_4048\" \/>\n\t<meta name=\"twitter:label2\" content=\"Est. reading time\" \/>\n\t<meta name=\"twitter:data2\" content=\"3 minutes\" \/>\n<script type=\"application\/ld+json\" class=\"yoast-schema-graph\">{\"@context\":\"https:\\\/\\\/schema.org\",\"@graph\":[{\"@type\":\"Article\",\"@id\":\"https:\\\/\\\/www.fcbarcelonanoticias.com\\\/en\\\/fc-barcelona\\\/abidal-used-trip-qatar-visit-injured-dembele_254555_102.html#article\",\"isPartOf\":{\"@id\":\"https:\\\/\\\/www.fcbarcelonanoticias.com\\\/en\\\/fc-barcelona\\\/abidal-used-trip-qatar-visit-injured-dembele_254555_102.html\"},\"author\":{\"name\":\"user_4048\",\"@id\":\"https:\\\/\\\/www.fcbarcelonanoticias.com\\\/en\\\/#\\\/schema\\\/person\\\/fcdad55cab72b8d0e106d75506783b6d\"},\"headline\":\"Abidal used his trip to Qatar to visit the injured Ousmane Demb\u00e9l\u00e9\",\"datePublished\":\"2020-01-10T21:30:00+00:00\",\"mainEntityOfPage\":{\"@id\":\"https:\\\/\\\/www.fcbarcelonanoticias.com\\\/en\\\/fc-barcelona\\\/abidal-used-trip-qatar-visit-injured-dembele_254555_102.html\"},\"wordCount\":530,\"image\":{\"@id\":\"https:\\\/\\\/www.fcbarcelonanoticias.com\\\/en\\\/fc-barcelona\\\/abidal-used-trip-qatar-visit-injured-dembele_254555_102.html#primaryimage\"},\"thumbnailUrl\":\"https:\\\/\\\/www.fcbarcelonanoticias.com\\\/en\\\/wp-content\\\/uploads\\\/sites\\\/2\\\/2020\\\/01\\\/dembele-training.jpeg\",\"keywords\":[\"Abidal\",\"Abidal\",\"Demb\u00e9l\u00e9\"],\"articleSection\":[\"FC Barcelona\"],\"inLanguage\":\"en-US\"},{\"@type\":\"WebPage\",\"@id\":\"https:\\\/\\\/www.fcbarcelonanoticias.com\\\/en\\\/fc-barcelona\\\/abidal-used-trip-qatar-visit-injured-dembele_254555_102.html\",\"url\":\"https:\\\/\\\/www.fcbarcelonanoticias.com\\\/en\\\/fc-barcelona\\\/abidal-used-trip-qatar-visit-injured-dembele_254555_102.html\",\"name\":\"Abidal used his trip to Qatar to visit the injured Ousmane Demb\u00e9l\u00e9\",\"isPartOf\":{\"@id\":\"https:\\\/\\\/www.fcbarcelonanoticias.com\\\/en\\\/#website\"},\"primaryImageOfPage\":{\"@id\":\"https:\\\/\\\/www.fcbarcelonanoticias.com\\\/en\\\/fc-barcelona\\\/abidal-used-trip-qatar-visit-injured-dembele_254555_102.html#primaryimage\"},\"image\":{\"@id\":\"https:\\\/\\\/www.fcbarcelonanoticias.com\\\/en\\\/fc-barcelona\\\/abidal-used-trip-qatar-visit-injured-dembele_254555_102.html#primaryimage\"},\"thumbnailUrl\":\"https:\\\/\\\/www.fcbarcelonanoticias.com\\\/en\\\/wp-content\\\/uploads\\\/sites\\\/2\\\/2020\\\/01\\\/dembele-training.jpeg\",\"datePublished\":\"2020-01-10T21:30:00+00:00\",\"author\":{\"@id\":\"https:\\\/\\\/www.fcbarcelonanoticias.com\\\/en\\\/#\\\/schema\\\/person\\\/fcdad55cab72b8d0e106d75506783b6d\"},\"description\":\"\u00c9ric Abidal and \u00d2scar Grau no only went to Qatar to gather with Xavi. The technical secretary and the CEO of the Bar\u00e7a also took advantage of to go to visit to Ous...\",\"breadcrumb\":{\"@id\":\"https:\\\/\\\/www.fcbarcelonanoticias.com\\\/en\\\/fc-barcelona\\\/abidal-used-trip-qatar-visit-injured-dembele_254555_102.html#breadcrumb\"},\"inLanguage\":\"en-US\",\"potentialAction\":[{\"@type\":\"ReadAction\",\"target\":[\"https:\\\/\\\/www.fcbarcelonanoticias.com\\\/en\\\/fc-barcelona\\\/abidal-used-trip-qatar-visit-injured-dembele_254555_102.html\"]}]},{\"@type\":\"ImageObject\",\"inLanguage\":\"en-US\",\"@id\":\"https:\\\/\\\/www.fcbarcelonanoticias.com\\\/en\\\/fc-barcelona\\\/abidal-used-trip-qatar-visit-injured-dembele_254555_102.html#primaryimage\",\"url\":\"https:\\\/\\\/www.fcbarcelonanoticias.com\\\/en\\\/wp-content\\\/uploads\\\/sites\\\/2\\\/2020\\\/01\\\/dembele-training.jpeg\",\"contentUrl\":\"https:\\\/\\\/www.fcbarcelonanoticias.com\\\/en\\\/wp-content\\\/uploads\\\/sites\\\/2\\\/2020\\\/01\\\/dembele-training.jpeg\",\"width\":1200,\"height\":689},{\"@type\":\"BreadcrumbList\",\"@id\":\"https:\\\/\\\/www.fcbarcelonanoticias.com\\\/en\\\/fc-barcelona\\\/abidal-used-trip-qatar-visit-injured-dembele_254555_102.html#breadcrumb\",\"itemListElement\":[{\"@type\":\"ListItem\",\"position\":1,\"name\":\"Portada\",\"item\":\"https:\\\/\\\/www.fcbarcelonanoticias.com\\\/en\\\/\"},{\"@type\":\"ListItem\",\"position\":2,\"name\":\"Abidal used his trip to Qatar to visit the injured Ousmane Demb\u00e9l\u00e9\"}]},{\"@type\":\"WebSite\",\"@id\":\"https:\\\/\\\/www.fcbarcelonanoticias.com\\\/en\\\/#website\",\"url\":\"https:\\\/\\\/www.fcbarcelonanoticias.com\\\/en\\\/\",\"name\":\"EN - FC Barcelona Noticias\",\"description\":\"\",\"potentialAction\":[{\"@type\":\"SearchAction\",\"target\":{\"@type\":\"EntryPoint\",\"urlTemplate\":\"https:\\\/\\\/www.fcbarcelonanoticias.com\\\/en\\\/?s={search_term_string}\"},\"query-input\":{\"@type\":\"PropertyValueSpecification\",\"valueRequired\":true,\"valueName\":\"search_term_string\"}}],\"inLanguage\":\"en-US\"},{\"@type\":\"Person\",\"@id\":\"https:\\\/\\\/www.fcbarcelonanoticias.com\\\/en\\\/#\\\/schema\\\/person\\\/fcdad55cab72b8d0e106d75506783b6d\",\"name\":\"user_4048\",\"image\":{\"@type\":\"ImageObject\",\"inLanguage\":\"en-US\",\"@id\":\"https:\\\/\\\/secure.gravatar.com\\\/avatar\\\/?s=96&d=mm&r=g\",\"url\":\"https:\\\/\\\/secure.gravatar.com\\\/avatar\\\/?s=96&d=mm&r=g\",\"contentUrl\":\"https:\\\/\\\/secure.gravatar.com\\\/avatar\\\/?s=96&d=mm&r=g\",\"caption\":\"user_4048\"},\"url\":\"https:\\\/\\\/www.fcbarcelonanoticias.com\\\/en\\\/user_4048.html\"}]}<\/script>\n<!-- \/ Yoast SEO plugin. -->","yoast_head_json":{"title":"Abidal used his trip to Qatar to visit the injured Ousmane Demb\u00e9l\u00e9","description":"\u00c9ric Abidal and \u00d2scar Grau no only went to Qatar to gather with Xavi. The technical secretary and the CEO of the Bar\u00e7a also took advantage of to go to visit to Ous...","robots":{"index":"index","follow":"follow","max-snippet":"max-snippet:-1","max-image-preview":"max-image-preview:large","max-video-preview":"max-video-preview:-1"},"canonical":"https:\/\/www.fcbarcelonanoticias.com\/en\/fc-barcelona\/abidal-used-trip-qatar-visit-injured-dembele_254555_102.html","og_locale":"en_US","og_type":"article","og_title":"Abidal used his trip to Qatar to visit the injured Ousmane Demb\u00e9l\u00e9","og_description":"\u00c9ric Abidal and \u00d2scar Grau no only went to Qatar to gather with Xavi. The technical secretary and the CEO of the Bar\u00e7a also took advantage of to go to visit to Ous...","og_url":"https:\/\/www.fcbarcelonanoticias.com\/en\/fc-barcelona\/abidal-used-trip-qatar-visit-injured-dembele_254555_102.html","og_site_name":"EN - FC Barcelona Noticias","article_published_time":"2020-01-10T21:30:00+00:00","og_image":[{"width":1200,"height":689,"url":"https:\/\/www.fcbarcelonanoticias.com\/en\/wp-content\/uploads\/sites\/2\/2020\/01\/dembele-training.jpeg","type":"image\/jpeg"}],"author":"user_4048","twitter_card":"summary_large_image","twitter_misc":{"Written by":"user_4048","Est. reading time":"3 minutes"},"schema":{"@context":"https:\/\/schema.org","@graph":[{"@type":"Article","@id":"https:\/\/www.fcbarcelonanoticias.com\/en\/fc-barcelona\/abidal-used-trip-qatar-visit-injured-dembele_254555_102.html#article","isPartOf":{"@id":"https:\/\/www.fcbarcelonanoticias.com\/en\/fc-barcelona\/abidal-used-trip-qatar-visit-injured-dembele_254555_102.html"},"author":{"name":"user_4048","@id":"https:\/\/www.fcbarcelonanoticias.com\/en\/#\/schema\/person\/fcdad55cab72b8d0e106d75506783b6d"},"headline":"Abidal used his trip to Qatar to visit the injured Ousmane Demb\u00e9l\u00e9","datePublished":"2020-01-10T21:30:00+00:00","mainEntityOfPage":{"@id":"https:\/\/www.fcbarcelonanoticias.com\/en\/fc-barcelona\/abidal-used-trip-qatar-visit-injured-dembele_254555_102.html"},"wordCount":530,"image":{"@id":"https:\/\/www.fcbarcelonanoticias.com\/en\/fc-barcelona\/abidal-used-trip-qatar-visit-injured-dembele_254555_102.html#primaryimage"},"thumbnailUrl":"https:\/\/www.fcbarcelonanoticias.com\/en\/wp-content\/uploads\/sites\/2\/2020\/01\/dembele-training.jpeg","keywords":["Abidal","Abidal","Demb\u00e9l\u00e9"],"articleSection":["FC Barcelona"],"inLanguage":"en-US"},{"@type":"WebPage","@id":"https:\/\/www.fcbarcelonanoticias.com\/en\/fc-barcelona\/abidal-used-trip-qatar-visit-injured-dembele_254555_102.html","url":"https:\/\/www.fcbarcelonanoticias.com\/en\/fc-barcelona\/abidal-used-trip-qatar-visit-injured-dembele_254555_102.html","name":"Abidal used his trip to Qatar to visit the injured Ousmane Demb\u00e9l\u00e9","isPartOf":{"@id":"https:\/\/www.fcbarcelonanoticias.com\/en\/#website"},"primaryImageOfPage":{"@id":"https:\/\/www.fcbarcelonanoticias.com\/en\/fc-barcelona\/abidal-used-trip-qatar-visit-injured-dembele_254555_102.html#primaryimage"},"image":{"@id":"https:\/\/www.fcbarcelonanoticias.com\/en\/fc-barcelona\/abidal-used-trip-qatar-visit-injured-dembele_254555_102.html#primaryimage"},"thumbnailUrl":"https:\/\/www.fcbarcelonanoticias.com\/en\/wp-content\/uploads\/sites\/2\/2020\/01\/dembele-training.jpeg","datePublished":"2020-01-10T21:30:00+00:00","author":{"@id":"https:\/\/www.fcbarcelonanoticias.com\/en\/#\/schema\/person\/fcdad55cab72b8d0e106d75506783b6d"},"description":"\u00c9ric Abidal and \u00d2scar Grau no only went to Qatar to gather with Xavi. The technical secretary and the CEO of the Bar\u00e7a also took advantage of to go to visit to Ous...","breadcrumb":{"@id":"https:\/\/www.fcbarcelonanoticias.com\/en\/fc-barcelona\/abidal-used-trip-qatar-visit-injured-dembele_254555_102.html#breadcrumb"},"inLanguage":"en-US","potentialAction":[{"@type":"ReadAction","target":["https:\/\/www.fcbarcelonanoticias.com\/en\/fc-barcelona\/abidal-used-trip-qatar-visit-injured-dembele_254555_102.html"]}]},{"@type":"ImageObject","inLanguage":"en-US","@id":"https:\/\/www.fcbarcelonanoticias.com\/en\/fc-barcelona\/abidal-used-trip-qatar-visit-injured-dembele_254555_102.html#primaryimage","url":"https:\/\/www.fcbarcelonanoticias.com\/en\/wp-content\/uploads\/sites\/2\/2020\/01\/dembele-training.jpeg","contentUrl":"https:\/\/www.fcbarcelonanoticias.com\/en\/wp-content\/uploads\/sites\/2\/2020\/01\/dembele-training.jpeg","width":1200,"height":689},{"@type":"BreadcrumbList","@id":"https:\/\/www.fcbarcelonanoticias.com\/en\/fc-barcelona\/abidal-used-trip-qatar-visit-injured-dembele_254555_102.html#breadcrumb","itemListElement":[{"@type":"ListItem","position":1,"name":"Portada","item":"https:\/\/www.fcbarcelonanoticias.com\/en\/"},{"@type":"ListItem","position":2,"name":"Abidal used his trip to Qatar to visit the injured Ousmane Demb\u00e9l\u00e9"}]},{"@type":"WebSite","@id":"https:\/\/www.fcbarcelonanoticias.com\/en\/#website","url":"https:\/\/www.fcbarcelonanoticias.com\/en\/","name":"EN - FC Barcelona Noticias","description":"","potentialAction":[{"@type":"SearchAction","target":{"@type":"EntryPoint","urlTemplate":"https:\/\/www.fcbarcelonanoticias.com\/en\/?s={search_term_string}"},"query-input":{"@type":"PropertyValueSpecification","valueRequired":true,"valueName":"search_term_string"}}],"inLanguage":"en-US"},{"@type":"Person","@id":"https:\/\/www.fcbarcelonanoticias.com\/en\/#\/schema\/person\/fcdad55cab72b8d0e106d75506783b6d","name":"user_4048","image":{"@type":"ImageObject","inLanguage":"en-US","@id":"https:\/\/secure.gravatar.com\/avatar\/?s=96&d=mm&r=g","url":"https:\/\/secure.gravatar.com\/avatar\/?s=96&d=mm&r=g","contentUrl":"https:\/\/secure.gravatar.com\/avatar\/?s=96&d=mm&r=g","caption":"user_4048"},"url":"https:\/\/www.fcbarcelonanoticias.com\/en\/user_4048.html"}]}},"_links":{"self":[{"href":"https:\/\/www.fcbarcelonanoticias.com\/en\/wp-json\/wp\/v2\/posts\/11754","targetHints":{"allow":["GET"]}}],"collection":[{"href":"https:\/\/www.fcbarcelonanoticias.com\/en\/wp-json\/wp\/v2\/posts"}],"about":[{"href":"https:\/\/www.fcbarcelonanoticias.com\/en\/wp-json\/wp\/v2\/types\/post"}],"author":[{"embeddable":true,"href":"https:\/\/www.fcbarcelonanoticias.com\/en\/wp-json\/wp\/v2\/users\/392"}],"replies":[{"embeddable":true,"href":"https:\/\/www.fcbarcelonanoticias.com\/en\/wp-json\/wp\/v2\/comments?post=11754"}],"version-history":[{"count":1,"href":"https:\/\/www.fcbarcelonanoticias.com\/en\/wp-json\/wp\/v2\/posts\/11754\/revisions"}],"predecessor-version":[{"id":13525,"href":"https:\/\/www.fcbarcelonanoticias.com\/en\/wp-json\/wp\/v2\/posts\/11754\/revisions\/13525"}],"wp:featuredmedia":[{"embeddable":true,"href":"https:\/\/www.fcbarcelonanoticias.com\/en\/wp-json\/wp\/v2\/media\/11755"}],"wp:attachment":[{"href":"https:\/\/www.fcbarcelonanoticias.com\/en\/wp-json\/wp\/v2\/media?parent=11754"}],"wp:term":[{"taxonomy":"category","embeddable":true,"href":"https:\/\/www.fcbarcelonanoticias.com\/en\/wp-json\/wp\/v2\/categories?post=11754"},{"taxonomy":"post_tag","embeddable":true,"href":"https:\/\/www.fcbarcelonanoticias.com\/en\/wp-json\/wp\/v2\/tags?post=11754"}],"curies":[{"name":"wp","href":"https:\/\/api.w.org\/{rel}","templated":true}]}}