{"id":117642,"date":"2019-08-24T20:59:00","date_gmt":"2019-08-24T18:59:00","guid":{"rendered":"https:\/\/weisetech.dev\/fc-barcelona-noticias\/en\/lista-convocados-valverde-fc-barcelona-real-betis_251016_102\/"},"modified":"2026-04-16T09:21:17","modified_gmt":"2026-04-16T07:21:17","slug":"lista-convocados-valverde-fc-barcelona-real-betis_251016_102","status":"publish","type":"post","link":"https:\/\/www.fcbarcelonanoticias.com\/en\/laliga\/lista-convocados-valverde-fc-barcelona-real-betis_251016_102.html","title":{"rendered":"List of Valverde for FC Barcelona-Real Betis"},"content":{"rendered":"<h2 class=\"wp-block-heading\">FC Barcelona receives Betis this Sunday at the Camp Nou with many casualties in the lead. Ernesto Valverde has already announced the list of summoned for this match corresponding to the second day of the League<\/h2>  \r\n<div class=\"article-addons\">\r\n    <a href=\"https:\/\/www.fcbarcelonanoticias.com\/en\/calendar-fc-barcelona.html\"\r\n       target=\"_self\"\r\n       title=\"Calendar of FC Barcelona\"\r\n       class=\"blue-gredient-btn\">\r\n       \r\n        Calendar of FC Barcelona    <\/a>\r\n<\/div>   <p>The FC Barcelona will contest<strong> <a data-external=\"0\" data-intl-links-en=\"https:\/\/www.fcbarcelonanoticias.com\/en\/laliga\/fc-barcelona-vs-betis-in-tv-when-and-where-see-the-match_250984_102.html\" data-intl-links-es=\"https:\/\/www.fcbarcelonanoticias.com\/laliga\/fc-barcelona-vs-betis-en-tv-cuando-y-donde-ver-el-partido-de-laliga-santander-2019-20_250984_102.html\" href=\"https:\/\/www.fcbarcelonanoticias.com\/en\/laliga\/fc-barcelona-vs-betis-in-tv-when-and-where-see-the-match_250984_102.html\" rel=\"follow\" target=\"_self\" title=\"FC Barcelona vs Betis en TV: Cu\u00e1ndo y d\u00f3nde ver el partido de LaLiga Santander 2019-20\">this Sunday 25 August, from the 21:00 hours<\/a><\/strong>, the corresponding party to the second day of LaLiga Santander. The cul\u00e9s will confront to the Real Betis Balompi\u00e9 in the Camp Nou. The two teams lost in the day inauguaral of the competition and need the three points with urgency.<\/p>  <p>The cul\u00e9s debuted in League the past week against the Athletic in Saint Mam\u00e9s, but <strong>could not add any point by fault of a golazo of Aduriz to fault of two minutes<\/strong>. The Bar\u00e7a did not have his night and did not put in too many difficulties to a local group that held well the 90 minutes of meeting. The crash left, besides, the injuries of Luis Su\u00e1rez and Ousmane Demb\u00e9l\u00e9.<\/p>  <p>Neither the Uruguayan neither the French will be able to be this Sunday in the Camp Nou to play against the verdiblancos and do not form part of the list of summoned that has given Ernesto Valverde. The list of the extreme\u00f1o has <strong>several novelties regarding the last by fault of the plague of injuries<\/strong> that has azotado to the staff cul\u00e9 this last week.<\/p>  <p><strong><a data-external=\"0\" data-intl-links-en=\"https:\/\/www.fcbarcelonanoticias.com\/en\/players\/lionel-messi\" data-intl-links-es=\"https:\/\/www.fcbarcelonanoticias.com\/jugadores\/lionel-messi\" href=\"https:\/\/www.fcbarcelonanoticias.com\/en\/players\/lionel-messi.html\" rel=\"follow\" target=\"_self\" title=\"Lionel Messi\">Leo Messi<\/a><\/strong>, that aimed to go in in the announcement, has remained finally out of the same. The Argentinian trained the Wednesday and the Friday to the same rhythm that the rest of his mates and <strong>seemed that it went to be present in the crash, but finally has not arrived to<\/strong>time . Valverde Already warned in press conference that if it was not to 100% did not go to risk with him.<\/p>  <h3>Announcement of the Bar\u00e7a in front of the Betis:<\/h3>  <ul> <li>Marc-Andr\u00e9 Ter Stegen<\/li> \t<li>N\u00e9lson Semedo<\/li> \t<li>Gerard Hammered<\/li> \t<li>Ivan Rakitic<\/li> \t<li>Sergio Busquets<\/li> \t<li>Arturo Vidal<\/li> \t<li>Junior Firpo<\/li> \t<li>Arthur<\/li> \t<li>Rafinha Alc\u00e1ntara<\/li> \t<li>Cl\u00e9ment Lenglet<\/li> \t<li>Antoine Griezmann<\/li> \t<li>Jordi Alba<\/li> \t<li>Carles Ale\u00f1\u00e1<\/li> \t<li>Sergi Roberto<\/li> \t<li>Frenkie Of Jong<\/li> \t<li>Samuel Umtiti<\/li> \t<li>Ansu Fati (31)<\/li> \t<li>I\u00f1aki Crag (26)<\/li> \t<li>Carles P\u00e9rez (27)<\/li> <\/ul> <p>The drops of Su\u00e1rez and Demb\u00e9l\u00e9 are very painful, since the Barcelona has remained with very few effective in the forward. Carles P\u00e9rez has gone back to go in in the announcement and could go back to have minutes. <strong>Rafinha Went back to train this Saturday after surpassing his gastroenteritis<\/strong> and has gone in in the list. The mediapunta apuna to title in the forward beside Griezmann. Also it stands out the announcement of Ansu Fati, one of the big perlas of the Masia.<\/p>  <p>Further of which was the alignment title, from &#8216;FCBN&#8217; want to take advantage of to remember you that <strong>you can buy the entrances for this commitment suspender belt<\/strong>, as well as for the rest of meetings of the season 2019-20, <a href=\"https:\/\/www.fcbarcelonanoticias.com\/entradas-fcbarcelona.html\">through <\/a><a href=\"https:\/\/www.fcbarcelonanoticias.com\/entradas.html\" title=\"Entradas\">this <\/a>link.<\/p> ","protected":false},"excerpt":{"rendered":"<p>FC Barcelona receives Betis this Sunday at the Camp Nou with many casualties in the lead. Ernesto Valverde has already announced the list of summoned for this match corresponding to the second day of the League The FC Barcelona will contest this Sunday 25 August, from the 21:00 hours, the corresponding party to the second [&hellip;]<\/p>\n","protected":false},"author":380,"featured_media":117651,"comment_status":"closed","ping_status":"open","sticky":false,"template":"","format":"standard","meta":{"_acf_changed":false,"inline_featured_image":false,"_nextfly_llmd_date_locked":false,"footnotes":""},"categories":[114,448],"tags":[218,184,63],"class_list":["post-117642","post","type-post","status-publish","format-standard","has-post-thumbnail","hentry","category-laliga","category-laliga-2","tag-ernesto-valverde","tag-fc-barcelona-squad-lists","tag-real-betis"],"acf":[],"yoast_head":"<!-- This site is optimized with the Yoast SEO plugin v27.3 - https:\/\/yoast.com\/product\/yoast-seo-wordpress\/ -->\n<title>List of Valverde for FC Barcelona-Real Betis<\/title>\n<meta name=\"description\" content=\"The FC Barcelona receives to the Betis this Sunday in the Camp Nou with a lot of drops in the forward. Ernesto Valverde has given already to know the list of summoned pa...\" \/>\n<meta name=\"robots\" content=\"index, follow, max-snippet:-1, max-image-preview:large, max-video-preview:-1\" \/>\n<link rel=\"canonical\" href=\"https:\/\/www.fcbarcelonanoticias.com\/en\/laliga\/lista-convocados-valverde-fc-barcelona-real-betis_251016_102.html\" \/>\n<meta property=\"og:locale\" content=\"en_US\" \/>\n<meta property=\"og:type\" content=\"article\" \/>\n<meta property=\"og:title\" content=\"List of Valverde for FC Barcelona-Real Betis\" \/>\n<meta property=\"og:description\" content=\"The FC Barcelona receives to the Betis this Sunday in the Camp Nou with a lot of drops in the forward. Ernesto Valverde has given already to know the list of summoned pa...\" \/>\n<meta property=\"og:url\" content=\"https:\/\/www.fcbarcelonanoticias.com\/en\/laliga\/lista-convocados-valverde-fc-barcelona-real-betis_251016_102.html\" \/>\n<meta property=\"og:site_name\" content=\"EN - FC Barcelona Noticias\" \/>\n<meta property=\"article:published_time\" content=\"2019-08-24T18:59:00+00:00\" \/>\n<meta property=\"article:modified_time\" content=\"2026-04-16T07:21:17+00:00\" \/>\n<meta property=\"og:image\" content=\"https:\/\/www.fcbarcelonanoticias.com\/en\/wp-content\/uploads\/sites\/2\/2019\/08\/entrenamiento-lista-convocados.jpeg\" \/>\n\t<meta property=\"og:image:width\" content=\"1800\" \/>\n\t<meta property=\"og:image:height\" content=\"1200\" \/>\n\t<meta property=\"og:image:type\" content=\"image\/jpeg\" \/>\n<meta name=\"author\" content=\"user_4036\" \/>\n<meta name=\"twitter:card\" content=\"summary_large_image\" \/>\n<meta name=\"twitter:label1\" content=\"Written by\" \/>\n\t<meta name=\"twitter:data1\" content=\"user_4036\" \/>\n\t<meta name=\"twitter:label2\" content=\"Est. reading time\" \/>\n\t<meta name=\"twitter:data2\" content=\"2 minutes\" \/>\n<script type=\"application\/ld+json\" class=\"yoast-schema-graph\">{\"@context\":\"https:\\\/\\\/schema.org\",\"@graph\":[{\"@type\":\"Article\",\"@id\":\"https:\\\/\\\/www.fcbarcelonanoticias.com\\\/en\\\/laliga\\\/lista-convocados-valverde-fc-barcelona-real-betis_251016_102.html#article\",\"isPartOf\":{\"@id\":\"https:\\\/\\\/www.fcbarcelonanoticias.com\\\/en\\\/laliga\\\/lista-convocados-valverde-fc-barcelona-real-betis_251016_102.html\"},\"author\":{\"name\":\"user_4036\",\"@id\":\"https:\\\/\\\/www.fcbarcelonanoticias.com\\\/en\\\/#\\\/schema\\\/person\\\/2c11766f24f3c56715694e077889a703\"},\"headline\":\"List of Valverde for FC Barcelona-Real Betis\",\"datePublished\":\"2019-08-24T18:59:00+00:00\",\"dateModified\":\"2026-04-16T07:21:17+00:00\",\"mainEntityOfPage\":{\"@id\":\"https:\\\/\\\/www.fcbarcelonanoticias.com\\\/en\\\/laliga\\\/lista-convocados-valverde-fc-barcelona-real-betis_251016_102.html\"},\"wordCount\":492,\"image\":{\"@id\":\"https:\\\/\\\/www.fcbarcelonanoticias.com\\\/en\\\/laliga\\\/lista-convocados-valverde-fc-barcelona-real-betis_251016_102.html#primaryimage\"},\"thumbnailUrl\":\"https:\\\/\\\/www.fcbarcelonanoticias.com\\\/en\\\/wp-content\\\/uploads\\\/sites\\\/2\\\/2019\\\/08\\\/entrenamiento-lista-convocados.jpeg\",\"keywords\":[\"Ernesto Valverde\",\"FC Barcelona Squad Lists\",\"Real Betis\"],\"articleSection\":[\"LaLiga\",\"LaLiga\"],\"inLanguage\":\"en-US\"},{\"@type\":\"WebPage\",\"@id\":\"https:\\\/\\\/www.fcbarcelonanoticias.com\\\/en\\\/laliga\\\/lista-convocados-valverde-fc-barcelona-real-betis_251016_102.html\",\"url\":\"https:\\\/\\\/www.fcbarcelonanoticias.com\\\/en\\\/laliga\\\/lista-convocados-valverde-fc-barcelona-real-betis_251016_102.html\",\"name\":\"List of Valverde for FC Barcelona-Real Betis\",\"isPartOf\":{\"@id\":\"https:\\\/\\\/www.fcbarcelonanoticias.com\\\/en\\\/#website\"},\"primaryImageOfPage\":{\"@id\":\"https:\\\/\\\/www.fcbarcelonanoticias.com\\\/en\\\/laliga\\\/lista-convocados-valverde-fc-barcelona-real-betis_251016_102.html#primaryimage\"},\"image\":{\"@id\":\"https:\\\/\\\/www.fcbarcelonanoticias.com\\\/en\\\/laliga\\\/lista-convocados-valverde-fc-barcelona-real-betis_251016_102.html#primaryimage\"},\"thumbnailUrl\":\"https:\\\/\\\/www.fcbarcelonanoticias.com\\\/en\\\/wp-content\\\/uploads\\\/sites\\\/2\\\/2019\\\/08\\\/entrenamiento-lista-convocados.jpeg\",\"datePublished\":\"2019-08-24T18:59:00+00:00\",\"dateModified\":\"2026-04-16T07:21:17+00:00\",\"author\":{\"@id\":\"https:\\\/\\\/www.fcbarcelonanoticias.com\\\/en\\\/#\\\/schema\\\/person\\\/2c11766f24f3c56715694e077889a703\"},\"description\":\"The FC Barcelona receives to the Betis this Sunday in the Camp Nou with a lot of drops in the forward. Ernesto Valverde has given already to know the list of summoned pa...\",\"breadcrumb\":{\"@id\":\"https:\\\/\\\/www.fcbarcelonanoticias.com\\\/en\\\/laliga\\\/lista-convocados-valverde-fc-barcelona-real-betis_251016_102.html#breadcrumb\"},\"inLanguage\":\"en-US\",\"potentialAction\":[{\"@type\":\"ReadAction\",\"target\":[\"https:\\\/\\\/www.fcbarcelonanoticias.com\\\/en\\\/laliga\\\/lista-convocados-valverde-fc-barcelona-real-betis_251016_102.html\"]}]},{\"@type\":\"ImageObject\",\"inLanguage\":\"en-US\",\"@id\":\"https:\\\/\\\/www.fcbarcelonanoticias.com\\\/en\\\/laliga\\\/lista-convocados-valverde-fc-barcelona-real-betis_251016_102.html#primaryimage\",\"url\":\"https:\\\/\\\/www.fcbarcelonanoticias.com\\\/en\\\/wp-content\\\/uploads\\\/sites\\\/2\\\/2019\\\/08\\\/entrenamiento-lista-convocados.jpeg\",\"contentUrl\":\"https:\\\/\\\/www.fcbarcelonanoticias.com\\\/en\\\/wp-content\\\/uploads\\\/sites\\\/2\\\/2019\\\/08\\\/entrenamiento-lista-convocados.jpeg\",\"width\":1800,\"height\":1200},{\"@type\":\"BreadcrumbList\",\"@id\":\"https:\\\/\\\/www.fcbarcelonanoticias.com\\\/en\\\/laliga\\\/lista-convocados-valverde-fc-barcelona-real-betis_251016_102.html#breadcrumb\",\"itemListElement\":[{\"@type\":\"ListItem\",\"position\":1,\"name\":\"Portada\",\"item\":\"https:\\\/\\\/www.fcbarcelonanoticias.com\\\/en\\\/\"},{\"@type\":\"ListItem\",\"position\":2,\"name\":\"List of Valverde for FC Barcelona-Real Betis\"}]},{\"@type\":\"WebSite\",\"@id\":\"https:\\\/\\\/www.fcbarcelonanoticias.com\\\/en\\\/#website\",\"url\":\"https:\\\/\\\/www.fcbarcelonanoticias.com\\\/en\\\/\",\"name\":\"EN - FC Barcelona Noticias\",\"description\":\"\",\"potentialAction\":[{\"@type\":\"SearchAction\",\"target\":{\"@type\":\"EntryPoint\",\"urlTemplate\":\"https:\\\/\\\/www.fcbarcelonanoticias.com\\\/en\\\/?s={search_term_string}\"},\"query-input\":{\"@type\":\"PropertyValueSpecification\",\"valueRequired\":true,\"valueName\":\"search_term_string\"}}],\"inLanguage\":\"en-US\"},{\"@type\":\"Person\",\"@id\":\"https:\\\/\\\/www.fcbarcelonanoticias.com\\\/en\\\/#\\\/schema\\\/person\\\/2c11766f24f3c56715694e077889a703\",\"name\":\"user_4036\",\"image\":{\"@type\":\"ImageObject\",\"inLanguage\":\"en-US\",\"@id\":\"https:\\\/\\\/secure.gravatar.com\\\/avatar\\\/?s=96&d=mm&r=g\",\"url\":\"https:\\\/\\\/secure.gravatar.com\\\/avatar\\\/?s=96&d=mm&r=g\",\"contentUrl\":\"https:\\\/\\\/secure.gravatar.com\\\/avatar\\\/?s=96&d=mm&r=g\",\"caption\":\"user_4036\"},\"url\":\"https:\\\/\\\/www.fcbarcelonanoticias.com\\\/en\\\/user_4036.html\"}]}<\/script>\n<!-- \/ Yoast SEO plugin. -->","yoast_head_json":{"title":"List of Valverde for FC Barcelona-Real Betis","description":"The FC Barcelona receives to the Betis this Sunday in the Camp Nou with a lot of drops in the forward. Ernesto Valverde has given already to know the list of summoned pa...","robots":{"index":"index","follow":"follow","max-snippet":"max-snippet:-1","max-image-preview":"max-image-preview:large","max-video-preview":"max-video-preview:-1"},"canonical":"https:\/\/www.fcbarcelonanoticias.com\/en\/laliga\/lista-convocados-valverde-fc-barcelona-real-betis_251016_102.html","og_locale":"en_US","og_type":"article","og_title":"List of Valverde for FC Barcelona-Real Betis","og_description":"The FC Barcelona receives to the Betis this Sunday in the Camp Nou with a lot of drops in the forward. Ernesto Valverde has given already to know the list of summoned pa...","og_url":"https:\/\/www.fcbarcelonanoticias.com\/en\/laliga\/lista-convocados-valverde-fc-barcelona-real-betis_251016_102.html","og_site_name":"EN - FC Barcelona Noticias","article_published_time":"2019-08-24T18:59:00+00:00","article_modified_time":"2026-04-16T07:21:17+00:00","og_image":[{"width":1800,"height":1200,"url":"https:\/\/www.fcbarcelonanoticias.com\/en\/wp-content\/uploads\/sites\/2\/2019\/08\/entrenamiento-lista-convocados.jpeg","type":"image\/jpeg"}],"author":"user_4036","twitter_card":"summary_large_image","twitter_misc":{"Written by":"user_4036","Est. reading time":"2 minutes"},"schema":{"@context":"https:\/\/schema.org","@graph":[{"@type":"Article","@id":"https:\/\/www.fcbarcelonanoticias.com\/en\/laliga\/lista-convocados-valverde-fc-barcelona-real-betis_251016_102.html#article","isPartOf":{"@id":"https:\/\/www.fcbarcelonanoticias.com\/en\/laliga\/lista-convocados-valverde-fc-barcelona-real-betis_251016_102.html"},"author":{"name":"user_4036","@id":"https:\/\/www.fcbarcelonanoticias.com\/en\/#\/schema\/person\/2c11766f24f3c56715694e077889a703"},"headline":"List of Valverde for FC Barcelona-Real Betis","datePublished":"2019-08-24T18:59:00+00:00","dateModified":"2026-04-16T07:21:17+00:00","mainEntityOfPage":{"@id":"https:\/\/www.fcbarcelonanoticias.com\/en\/laliga\/lista-convocados-valverde-fc-barcelona-real-betis_251016_102.html"},"wordCount":492,"image":{"@id":"https:\/\/www.fcbarcelonanoticias.com\/en\/laliga\/lista-convocados-valverde-fc-barcelona-real-betis_251016_102.html#primaryimage"},"thumbnailUrl":"https:\/\/www.fcbarcelonanoticias.com\/en\/wp-content\/uploads\/sites\/2\/2019\/08\/entrenamiento-lista-convocados.jpeg","keywords":["Ernesto Valverde","FC Barcelona Squad Lists","Real Betis"],"articleSection":["LaLiga","LaLiga"],"inLanguage":"en-US"},{"@type":"WebPage","@id":"https:\/\/www.fcbarcelonanoticias.com\/en\/laliga\/lista-convocados-valverde-fc-barcelona-real-betis_251016_102.html","url":"https:\/\/www.fcbarcelonanoticias.com\/en\/laliga\/lista-convocados-valverde-fc-barcelona-real-betis_251016_102.html","name":"List of Valverde for FC Barcelona-Real Betis","isPartOf":{"@id":"https:\/\/www.fcbarcelonanoticias.com\/en\/#website"},"primaryImageOfPage":{"@id":"https:\/\/www.fcbarcelonanoticias.com\/en\/laliga\/lista-convocados-valverde-fc-barcelona-real-betis_251016_102.html#primaryimage"},"image":{"@id":"https:\/\/www.fcbarcelonanoticias.com\/en\/laliga\/lista-convocados-valverde-fc-barcelona-real-betis_251016_102.html#primaryimage"},"thumbnailUrl":"https:\/\/www.fcbarcelonanoticias.com\/en\/wp-content\/uploads\/sites\/2\/2019\/08\/entrenamiento-lista-convocados.jpeg","datePublished":"2019-08-24T18:59:00+00:00","dateModified":"2026-04-16T07:21:17+00:00","author":{"@id":"https:\/\/www.fcbarcelonanoticias.com\/en\/#\/schema\/person\/2c11766f24f3c56715694e077889a703"},"description":"The FC Barcelona receives to the Betis this Sunday in the Camp Nou with a lot of drops in the forward. Ernesto Valverde has given already to know the list of summoned pa...","breadcrumb":{"@id":"https:\/\/www.fcbarcelonanoticias.com\/en\/laliga\/lista-convocados-valverde-fc-barcelona-real-betis_251016_102.html#breadcrumb"},"inLanguage":"en-US","potentialAction":[{"@type":"ReadAction","target":["https:\/\/www.fcbarcelonanoticias.com\/en\/laliga\/lista-convocados-valverde-fc-barcelona-real-betis_251016_102.html"]}]},{"@type":"ImageObject","inLanguage":"en-US","@id":"https:\/\/www.fcbarcelonanoticias.com\/en\/laliga\/lista-convocados-valverde-fc-barcelona-real-betis_251016_102.html#primaryimage","url":"https:\/\/www.fcbarcelonanoticias.com\/en\/wp-content\/uploads\/sites\/2\/2019\/08\/entrenamiento-lista-convocados.jpeg","contentUrl":"https:\/\/www.fcbarcelonanoticias.com\/en\/wp-content\/uploads\/sites\/2\/2019\/08\/entrenamiento-lista-convocados.jpeg","width":1800,"height":1200},{"@type":"BreadcrumbList","@id":"https:\/\/www.fcbarcelonanoticias.com\/en\/laliga\/lista-convocados-valverde-fc-barcelona-real-betis_251016_102.html#breadcrumb","itemListElement":[{"@type":"ListItem","position":1,"name":"Portada","item":"https:\/\/www.fcbarcelonanoticias.com\/en\/"},{"@type":"ListItem","position":2,"name":"List of Valverde for FC Barcelona-Real Betis"}]},{"@type":"WebSite","@id":"https:\/\/www.fcbarcelonanoticias.com\/en\/#website","url":"https:\/\/www.fcbarcelonanoticias.com\/en\/","name":"EN - FC Barcelona Noticias","description":"","potentialAction":[{"@type":"SearchAction","target":{"@type":"EntryPoint","urlTemplate":"https:\/\/www.fcbarcelonanoticias.com\/en\/?s={search_term_string}"},"query-input":{"@type":"PropertyValueSpecification","valueRequired":true,"valueName":"search_term_string"}}],"inLanguage":"en-US"},{"@type":"Person","@id":"https:\/\/www.fcbarcelonanoticias.com\/en\/#\/schema\/person\/2c11766f24f3c56715694e077889a703","name":"user_4036","image":{"@type":"ImageObject","inLanguage":"en-US","@id":"https:\/\/secure.gravatar.com\/avatar\/?s=96&d=mm&r=g","url":"https:\/\/secure.gravatar.com\/avatar\/?s=96&d=mm&r=g","contentUrl":"https:\/\/secure.gravatar.com\/avatar\/?s=96&d=mm&r=g","caption":"user_4036"},"url":"https:\/\/www.fcbarcelonanoticias.com\/en\/user_4036.html"}]}},"_links":{"self":[{"href":"https:\/\/www.fcbarcelonanoticias.com\/en\/wp-json\/wp\/v2\/posts\/117642","targetHints":{"allow":["GET"]}}],"collection":[{"href":"https:\/\/www.fcbarcelonanoticias.com\/en\/wp-json\/wp\/v2\/posts"}],"about":[{"href":"https:\/\/www.fcbarcelonanoticias.com\/en\/wp-json\/wp\/v2\/types\/post"}],"author":[{"embeddable":true,"href":"https:\/\/www.fcbarcelonanoticias.com\/en\/wp-json\/wp\/v2\/users\/380"}],"replies":[{"embeddable":true,"href":"https:\/\/www.fcbarcelonanoticias.com\/en\/wp-json\/wp\/v2\/comments?post=117642"}],"version-history":[{"count":3,"href":"https:\/\/www.fcbarcelonanoticias.com\/en\/wp-json\/wp\/v2\/posts\/117642\/revisions"}],"predecessor-version":[{"id":172710,"href":"https:\/\/www.fcbarcelonanoticias.com\/en\/wp-json\/wp\/v2\/posts\/117642\/revisions\/172710"}],"wp:featuredmedia":[{"embeddable":true,"href":"https:\/\/www.fcbarcelonanoticias.com\/en\/wp-json\/wp\/v2\/media\/117651"}],"wp:attachment":[{"href":"https:\/\/www.fcbarcelonanoticias.com\/en\/wp-json\/wp\/v2\/media?parent=117642"}],"wp:term":[{"taxonomy":"category","embeddable":true,"href":"https:\/\/www.fcbarcelonanoticias.com\/en\/wp-json\/wp\/v2\/categories?post=117642"},{"taxonomy":"post_tag","embeddable":true,"href":"https:\/\/www.fcbarcelonanoticias.com\/en\/wp-json\/wp\/v2\/tags?post=117642"}],"curies":[{"name":"wp","href":"https:\/\/api.w.org\/{rel}","templated":true}]}}