{"id":117699,"date":"2024-04-14T01:06:00","date_gmt":"2024-04-13T23:06:00","guid":{"rendered":"https:\/\/weisetech.dev\/fc-barcelona-noticias\/en\/marcos-alonso-gave-the-face-in-cadiz-after-more-than-five-months-without-playing-nbsp-with-nbsp-the-nbsp-barca_302603_102\/"},"modified":"2024-04-14T01:06:00","modified_gmt":"2024-04-13T23:06:00","slug":"marcos-alonso-gave-the-face-in-cadiz-after-more-than-five-months-without-playing-nbsp-with-nbsp-the-nbsp-barca_302603_102","status":"publish","type":"post","link":"https:\/\/www.fcbarcelonanoticias.com\/en\/laliga\/marcos-alonso-gave-the-face-in-cadiz-after-more-than-five-months-without-playing-nbsp-with-nbsp-the-nbsp-barca_302603_102.html","title":{"rendered":"Marcos Alonso showed his face in C\u00e1diz after more than five months without playing for Bar\u00e7a"},"content":{"rendered":"<h2 class=\"wp-block-heading\">Marcos Alonso was the big surprise of the FC Barcelona XI against C\u00e1diz at the Nuevo Mirandilla. He was in charge of &#8216;relieving&#8217; the suspended Joao Cancelo on the left wing<\/h2>  \r\n<div class=\"article-addons\">\r\n    <a href=\"https:\/\/www.fcbarcelonanoticias.com\/en\/calendar-fc-barcelona.html\"\r\n       target=\"_self\"\r\n       title=\"Calendar of FC Barcelona\"\r\n       class=\"blue-gredient-btn\">\r\n       \r\n        Calendar of FC Barcelona    <\/a>\r\n<\/div>   <p>The <a data-external=\"0\" data-intl-links-en=\"https:\/\/www.fcbarcelonanoticias.com\/en\/fc-barcelona\" data-intl-links-es=\"https:\/\/www.fcbarcelonanoticias.com\/fc-barcelona\" href=\"https:\/\/www.fcbarcelonanoticias.com\/en\/football-soccer\/fc-barcelona.html\" rel=\"follow\" target=\"_self\" title=\"FC Barcelona\">FC Barcelona<\/a> went out with an alignment very little conventional against the C\u00e1diz, taking advantage of to do rotations between the two &#8216;final&#8217; of the Champions League against the Paris Saint-Germain in the quarter-finals.<strong> Xavi Hern\u00e1ndez was conscious that it had to give rest to the players &#8216;indisputable&#8217; so that they arrived to tope physically <\/strong>to the duel of the Tuesday (21:00 hours CEST).<\/p>  <p>One of the big doubts that had the XI of the Bar\u00e7a was the left side in front of the absence of Joao Cancel, the one who was suspended against The Palms by accumulation of cards. In paper, everything seemed to indicate to that H\u00e9ctor Fort went to occupy this position, as it had happened in previous opportunities, and that <strong>Jules Kound\u00e9 went to occupy the right-handed band, but finally the French rested and remained , of start, in the bench. <\/strong><\/p>  <h2>Marcos Alonso goes back to play with the Bar\u00e7a<\/h2>  <p>Xavi surprised with the titularity of Marcos Alonso, the one who had happened careless in this 2024. The ex of Chelsea had not played from the past 7 November of the past year in the defeat against the Shakhtar Donest in the Champions League. <strong>Later, it fell lesionado in the back and was forced to go through the operating theatre and be in the infirmary by, practically, five months. <\/strong>The left side did not disappoint.<\/p>  <p>The Spanish signed a very complete party by the left-handed band and was very attentive with the defensive coverages and also adding to the attack. <strong>The position of Joao F\u00e9lix -like left extreme, but playing by the internal lanes- benefited him more than the account because had freedom to move <\/strong> and participate in offensive works, although it was very protected and content by the defence.<\/p>  <h2>His future, at stake<\/h2>  <p>It does not be necessary to overlook that Marcos Alonso is exhausting the last months of agreement with the Bar\u00e7a (30 June) and everything seems to indicate to that will abandon the club when it finish the season. <strong>Between the physical problems and the little regularity that has had, the sportive direction does not pose the possibility to renew his agreement and will open him the door.<\/strong> It did not have a lot of options, because Joao Cancel and Alejandro Balde were by in front of him and foresees that \u00c1lex Fence in will return to the club this summer after his cession with the Raise.<\/p> ","protected":false},"excerpt":{"rendered":"<p>Marcos Alonso was the big surprise of the FC Barcelona XI against C\u00e1diz at the Nuevo Mirandilla. He was in charge of &#8216;relieving&#8217; the suspended Joao Cancelo on the left wing The FC Barcelona went out with an alignment very little conventional against the C\u00e1diz, taking advantage of to do rotations between the two &#8216;final&#8217; [&hellip;]<\/p>\n","protected":false},"author":0,"featured_media":117702,"comment_status":"closed","ping_status":"open","sticky":false,"template":"","format":"standard","meta":{"_acf_changed":false,"inline_featured_image":false,"_nextfly_llmd_date_locked":false,"footnotes":""},"categories":[114,448],"tags":[349,256],"class_list":["post-117699","post","type-post","status-publish","format-standard","has-post-thumbnail","hentry","category-laliga","category-laliga-2","tag-cadiz-cf","tag-marcos-alonso"],"acf":[],"yoast_head":"<!-- This site is optimized with the Yoast SEO plugin v27.3 - https:\/\/yoast.com\/product\/yoast-seo-wordpress\/ -->\n<title>Marcos Alonso gave the face in C\u00e1diz after more than five months without playing&nbsp;with&nbsp;the&nbsp;Bar\u00e7a<\/title>\n<meta name=\"description\" content=\"Marcos Alonso was the big surprise of the XI of the FC Barcelona against the C\u00e1diz in the New Mirandilla. It was the attendant of &#039;relieve&#039; to the suspended Joao Cancel in the left band\" \/>\n<meta name=\"robots\" content=\"index, follow, max-snippet:-1, max-image-preview:large, max-video-preview:-1\" \/>\n<link rel=\"canonical\" href=\"https:\/\/www.fcbarcelonanoticias.com\/en\/laliga\/marcos-alonso-gave-the-face-in-cadiz-after-more-than-five-months-without-playing-nbsp-with-nbsp-the-nbsp-barca_302603_102.html\" \/>\n<meta property=\"og:locale\" content=\"en_US\" \/>\n<meta property=\"og:type\" content=\"article\" \/>\n<meta property=\"og:title\" content=\"Marcos Alonso gave the face in C\u00e1diz after more than five months without playing&nbsp;with&nbsp;the&nbsp;Bar\u00e7a\" \/>\n<meta property=\"og:description\" content=\"Marcos Alonso was the big surprise of the XI of the FC Barcelona against the C\u00e1diz in the New Mirandilla. It was the attendant of &#039;relieve&#039; to the suspended Joao Cancel in the left band\" \/>\n<meta property=\"og:url\" content=\"https:\/\/www.fcbarcelonanoticias.com\/en\/laliga\/marcos-alonso-gave-the-face-in-cadiz-after-more-than-five-months-without-playing-nbsp-with-nbsp-the-nbsp-barca_302603_102.html\" \/>\n<meta property=\"og:site_name\" content=\"EN - FC Barcelona Noticias\" \/>\n<meta property=\"article:published_time\" content=\"2024-04-13T23:06:00+00:00\" \/>\n<meta property=\"og:image\" content=\"https:\/\/www.fcbarcelonanoticias.com\/en\/wp-content\/uploads\/sites\/2\/2024\/04\/marcos-alonso-recibe-una-falta-contra-el-cadiz.jpeg\" \/>\n\t<meta property=\"og:image:width\" content=\"1200\" \/>\n\t<meta property=\"og:image:height\" content=\"675\" \/>\n\t<meta property=\"og:image:type\" content=\"image\/jpeg\" \/>\n<meta name=\"twitter:card\" content=\"summary_large_image\" \/>\n<meta name=\"twitter:label1\" content=\"Est. reading time\" \/>\n\t<meta name=\"twitter:data1\" content=\"2 minutes\" \/>\n<script type=\"application\/ld+json\" class=\"yoast-schema-graph\">{\"@context\":\"https:\\\/\\\/schema.org\",\"@graph\":[{\"@type\":\"Article\",\"@id\":\"https:\\\/\\\/www.fcbarcelonanoticias.com\\\/en\\\/laliga\\\/marcos-alonso-gave-the-face-in-cadiz-after-more-than-five-months-without-playing-nbsp-with-nbsp-the-nbsp-barca_302603_102.html#article\",\"isPartOf\":{\"@id\":\"https:\\\/\\\/www.fcbarcelonanoticias.com\\\/en\\\/laliga\\\/marcos-alonso-gave-the-face-in-cadiz-after-more-than-five-months-without-playing-nbsp-with-nbsp-the-nbsp-barca_302603_102.html\"},\"author\":{\"name\":\"\",\"@id\":\"\"},\"headline\":\"Marcos Alonso showed his face in C\u00e1diz after more than five months without playing for Bar\u00e7a\",\"datePublished\":\"2024-04-13T23:06:00+00:00\",\"mainEntityOfPage\":{\"@id\":\"https:\\\/\\\/www.fcbarcelonanoticias.com\\\/en\\\/laliga\\\/marcos-alonso-gave-the-face-in-cadiz-after-more-than-five-months-without-playing-nbsp-with-nbsp-the-nbsp-barca_302603_102.html\"},\"wordCount\":457,\"image\":{\"@id\":\"https:\\\/\\\/www.fcbarcelonanoticias.com\\\/en\\\/laliga\\\/marcos-alonso-gave-the-face-in-cadiz-after-more-than-five-months-without-playing-nbsp-with-nbsp-the-nbsp-barca_302603_102.html#primaryimage\"},\"thumbnailUrl\":\"https:\\\/\\\/www.fcbarcelonanoticias.com\\\/en\\\/wp-content\\\/uploads\\\/sites\\\/2\\\/2024\\\/04\\\/marcos-alonso-recibe-una-falta-contra-el-cadiz.jpeg\",\"keywords\":[\"C\u00e1diz CF\",\"Marcos Alonso\"],\"articleSection\":[\"LaLiga\",\"LaLiga\"],\"inLanguage\":\"en-US\"},{\"@type\":\"WebPage\",\"@id\":\"https:\\\/\\\/www.fcbarcelonanoticias.com\\\/en\\\/laliga\\\/marcos-alonso-gave-the-face-in-cadiz-after-more-than-five-months-without-playing-nbsp-with-nbsp-the-nbsp-barca_302603_102.html\",\"url\":\"https:\\\/\\\/www.fcbarcelonanoticias.com\\\/en\\\/laliga\\\/marcos-alonso-gave-the-face-in-cadiz-after-more-than-five-months-without-playing-nbsp-with-nbsp-the-nbsp-barca_302603_102.html\",\"name\":\"Marcos Alonso gave the face in C\u00e1diz after more than five months without playing&nbsp;with&nbsp;the&nbsp;Bar\u00e7a\",\"isPartOf\":{\"@id\":\"https:\\\/\\\/www.fcbarcelonanoticias.com\\\/en\\\/#website\"},\"primaryImageOfPage\":{\"@id\":\"https:\\\/\\\/www.fcbarcelonanoticias.com\\\/en\\\/laliga\\\/marcos-alonso-gave-the-face-in-cadiz-after-more-than-five-months-without-playing-nbsp-with-nbsp-the-nbsp-barca_302603_102.html#primaryimage\"},\"image\":{\"@id\":\"https:\\\/\\\/www.fcbarcelonanoticias.com\\\/en\\\/laliga\\\/marcos-alonso-gave-the-face-in-cadiz-after-more-than-five-months-without-playing-nbsp-with-nbsp-the-nbsp-barca_302603_102.html#primaryimage\"},\"thumbnailUrl\":\"https:\\\/\\\/www.fcbarcelonanoticias.com\\\/en\\\/wp-content\\\/uploads\\\/sites\\\/2\\\/2024\\\/04\\\/marcos-alonso-recibe-una-falta-contra-el-cadiz.jpeg\",\"datePublished\":\"2024-04-13T23:06:00+00:00\",\"author\":{\"@id\":\"\"},\"description\":\"Marcos Alonso was the big surprise of the XI of the FC Barcelona against the C\u00e1diz in the New Mirandilla. It was the attendant of 'relieve' to the suspended Joao Cancel in the left band\",\"breadcrumb\":{\"@id\":\"https:\\\/\\\/www.fcbarcelonanoticias.com\\\/en\\\/laliga\\\/marcos-alonso-gave-the-face-in-cadiz-after-more-than-five-months-without-playing-nbsp-with-nbsp-the-nbsp-barca_302603_102.html#breadcrumb\"},\"inLanguage\":\"en-US\",\"potentialAction\":[{\"@type\":\"ReadAction\",\"target\":[\"https:\\\/\\\/www.fcbarcelonanoticias.com\\\/en\\\/laliga\\\/marcos-alonso-gave-the-face-in-cadiz-after-more-than-five-months-without-playing-nbsp-with-nbsp-the-nbsp-barca_302603_102.html\"]}]},{\"@type\":\"ImageObject\",\"inLanguage\":\"en-US\",\"@id\":\"https:\\\/\\\/www.fcbarcelonanoticias.com\\\/en\\\/laliga\\\/marcos-alonso-gave-the-face-in-cadiz-after-more-than-five-months-without-playing-nbsp-with-nbsp-the-nbsp-barca_302603_102.html#primaryimage\",\"url\":\"https:\\\/\\\/www.fcbarcelonanoticias.com\\\/en\\\/wp-content\\\/uploads\\\/sites\\\/2\\\/2024\\\/04\\\/marcos-alonso-recibe-una-falta-contra-el-cadiz.jpeg\",\"contentUrl\":\"https:\\\/\\\/www.fcbarcelonanoticias.com\\\/en\\\/wp-content\\\/uploads\\\/sites\\\/2\\\/2024\\\/04\\\/marcos-alonso-recibe-una-falta-contra-el-cadiz.jpeg\",\"width\":1200,\"height\":675},{\"@type\":\"BreadcrumbList\",\"@id\":\"https:\\\/\\\/www.fcbarcelonanoticias.com\\\/en\\\/laliga\\\/marcos-alonso-gave-the-face-in-cadiz-after-more-than-five-months-without-playing-nbsp-with-nbsp-the-nbsp-barca_302603_102.html#breadcrumb\",\"itemListElement\":[{\"@type\":\"ListItem\",\"position\":1,\"name\":\"Portada\",\"item\":\"https:\\\/\\\/www.fcbarcelonanoticias.com\\\/en\\\/\"},{\"@type\":\"ListItem\",\"position\":2,\"name\":\"Marcos Alonso showed his face in C\u00e1diz after more than five months without playing for Bar\u00e7a\"}]},{\"@type\":\"WebSite\",\"@id\":\"https:\\\/\\\/www.fcbarcelonanoticias.com\\\/en\\\/#website\",\"url\":\"https:\\\/\\\/www.fcbarcelonanoticias.com\\\/en\\\/\",\"name\":\"EN - FC Barcelona Noticias\",\"description\":\"\",\"potentialAction\":[{\"@type\":\"SearchAction\",\"target\":{\"@type\":\"EntryPoint\",\"urlTemplate\":\"https:\\\/\\\/www.fcbarcelonanoticias.com\\\/en\\\/?s={search_term_string}\"},\"query-input\":{\"@type\":\"PropertyValueSpecification\",\"valueRequired\":true,\"valueName\":\"search_term_string\"}}],\"inLanguage\":\"en-US\"}]}<\/script>\n<!-- \/ Yoast SEO plugin. -->","yoast_head_json":{"title":"Marcos Alonso gave the face in C\u00e1diz after more than five months without playing&nbsp;with&nbsp;the&nbsp;Bar\u00e7a","description":"Marcos Alonso was the big surprise of the XI of the FC Barcelona against the C\u00e1diz in the New Mirandilla. It was the attendant of 'relieve' to the suspended Joao Cancel in the left band","robots":{"index":"index","follow":"follow","max-snippet":"max-snippet:-1","max-image-preview":"max-image-preview:large","max-video-preview":"max-video-preview:-1"},"canonical":"https:\/\/www.fcbarcelonanoticias.com\/en\/laliga\/marcos-alonso-gave-the-face-in-cadiz-after-more-than-five-months-without-playing-nbsp-with-nbsp-the-nbsp-barca_302603_102.html","og_locale":"en_US","og_type":"article","og_title":"Marcos Alonso gave the face in C\u00e1diz after more than five months without playing&nbsp;with&nbsp;the&nbsp;Bar\u00e7a","og_description":"Marcos Alonso was the big surprise of the XI of the FC Barcelona against the C\u00e1diz in the New Mirandilla. It was the attendant of 'relieve' to the suspended Joao Cancel in the left band","og_url":"https:\/\/www.fcbarcelonanoticias.com\/en\/laliga\/marcos-alonso-gave-the-face-in-cadiz-after-more-than-five-months-without-playing-nbsp-with-nbsp-the-nbsp-barca_302603_102.html","og_site_name":"EN - FC Barcelona Noticias","article_published_time":"2024-04-13T23:06:00+00:00","og_image":[{"width":1200,"height":675,"url":"https:\/\/www.fcbarcelonanoticias.com\/en\/wp-content\/uploads\/sites\/2\/2024\/04\/marcos-alonso-recibe-una-falta-contra-el-cadiz.jpeg","type":"image\/jpeg"}],"twitter_card":"summary_large_image","twitter_misc":{"Est. reading time":"2 minutes"},"schema":{"@context":"https:\/\/schema.org","@graph":[{"@type":"Article","@id":"https:\/\/www.fcbarcelonanoticias.com\/en\/laliga\/marcos-alonso-gave-the-face-in-cadiz-after-more-than-five-months-without-playing-nbsp-with-nbsp-the-nbsp-barca_302603_102.html#article","isPartOf":{"@id":"https:\/\/www.fcbarcelonanoticias.com\/en\/laliga\/marcos-alonso-gave-the-face-in-cadiz-after-more-than-five-months-without-playing-nbsp-with-nbsp-the-nbsp-barca_302603_102.html"},"author":{"name":"","@id":""},"headline":"Marcos Alonso showed his face in C\u00e1diz after more than five months without playing for Bar\u00e7a","datePublished":"2024-04-13T23:06:00+00:00","mainEntityOfPage":{"@id":"https:\/\/www.fcbarcelonanoticias.com\/en\/laliga\/marcos-alonso-gave-the-face-in-cadiz-after-more-than-five-months-without-playing-nbsp-with-nbsp-the-nbsp-barca_302603_102.html"},"wordCount":457,"image":{"@id":"https:\/\/www.fcbarcelonanoticias.com\/en\/laliga\/marcos-alonso-gave-the-face-in-cadiz-after-more-than-five-months-without-playing-nbsp-with-nbsp-the-nbsp-barca_302603_102.html#primaryimage"},"thumbnailUrl":"https:\/\/www.fcbarcelonanoticias.com\/en\/wp-content\/uploads\/sites\/2\/2024\/04\/marcos-alonso-recibe-una-falta-contra-el-cadiz.jpeg","keywords":["C\u00e1diz CF","Marcos Alonso"],"articleSection":["LaLiga","LaLiga"],"inLanguage":"en-US"},{"@type":"WebPage","@id":"https:\/\/www.fcbarcelonanoticias.com\/en\/laliga\/marcos-alonso-gave-the-face-in-cadiz-after-more-than-five-months-without-playing-nbsp-with-nbsp-the-nbsp-barca_302603_102.html","url":"https:\/\/www.fcbarcelonanoticias.com\/en\/laliga\/marcos-alonso-gave-the-face-in-cadiz-after-more-than-five-months-without-playing-nbsp-with-nbsp-the-nbsp-barca_302603_102.html","name":"Marcos Alonso gave the face in C\u00e1diz after more than five months without playing&nbsp;with&nbsp;the&nbsp;Bar\u00e7a","isPartOf":{"@id":"https:\/\/www.fcbarcelonanoticias.com\/en\/#website"},"primaryImageOfPage":{"@id":"https:\/\/www.fcbarcelonanoticias.com\/en\/laliga\/marcos-alonso-gave-the-face-in-cadiz-after-more-than-five-months-without-playing-nbsp-with-nbsp-the-nbsp-barca_302603_102.html#primaryimage"},"image":{"@id":"https:\/\/www.fcbarcelonanoticias.com\/en\/laliga\/marcos-alonso-gave-the-face-in-cadiz-after-more-than-five-months-without-playing-nbsp-with-nbsp-the-nbsp-barca_302603_102.html#primaryimage"},"thumbnailUrl":"https:\/\/www.fcbarcelonanoticias.com\/en\/wp-content\/uploads\/sites\/2\/2024\/04\/marcos-alonso-recibe-una-falta-contra-el-cadiz.jpeg","datePublished":"2024-04-13T23:06:00+00:00","author":{"@id":""},"description":"Marcos Alonso was the big surprise of the XI of the FC Barcelona against the C\u00e1diz in the New Mirandilla. It was the attendant of 'relieve' to the suspended Joao Cancel in the left band","breadcrumb":{"@id":"https:\/\/www.fcbarcelonanoticias.com\/en\/laliga\/marcos-alonso-gave-the-face-in-cadiz-after-more-than-five-months-without-playing-nbsp-with-nbsp-the-nbsp-barca_302603_102.html#breadcrumb"},"inLanguage":"en-US","potentialAction":[{"@type":"ReadAction","target":["https:\/\/www.fcbarcelonanoticias.com\/en\/laliga\/marcos-alonso-gave-the-face-in-cadiz-after-more-than-five-months-without-playing-nbsp-with-nbsp-the-nbsp-barca_302603_102.html"]}]},{"@type":"ImageObject","inLanguage":"en-US","@id":"https:\/\/www.fcbarcelonanoticias.com\/en\/laliga\/marcos-alonso-gave-the-face-in-cadiz-after-more-than-five-months-without-playing-nbsp-with-nbsp-the-nbsp-barca_302603_102.html#primaryimage","url":"https:\/\/www.fcbarcelonanoticias.com\/en\/wp-content\/uploads\/sites\/2\/2024\/04\/marcos-alonso-recibe-una-falta-contra-el-cadiz.jpeg","contentUrl":"https:\/\/www.fcbarcelonanoticias.com\/en\/wp-content\/uploads\/sites\/2\/2024\/04\/marcos-alonso-recibe-una-falta-contra-el-cadiz.jpeg","width":1200,"height":675},{"@type":"BreadcrumbList","@id":"https:\/\/www.fcbarcelonanoticias.com\/en\/laliga\/marcos-alonso-gave-the-face-in-cadiz-after-more-than-five-months-without-playing-nbsp-with-nbsp-the-nbsp-barca_302603_102.html#breadcrumb","itemListElement":[{"@type":"ListItem","position":1,"name":"Portada","item":"https:\/\/www.fcbarcelonanoticias.com\/en\/"},{"@type":"ListItem","position":2,"name":"Marcos Alonso showed his face in C\u00e1diz after more than five months without playing for Bar\u00e7a"}]},{"@type":"WebSite","@id":"https:\/\/www.fcbarcelonanoticias.com\/en\/#website","url":"https:\/\/www.fcbarcelonanoticias.com\/en\/","name":"EN - FC Barcelona Noticias","description":"","potentialAction":[{"@type":"SearchAction","target":{"@type":"EntryPoint","urlTemplate":"https:\/\/www.fcbarcelonanoticias.com\/en\/?s={search_term_string}"},"query-input":{"@type":"PropertyValueSpecification","valueRequired":true,"valueName":"search_term_string"}}],"inLanguage":"en-US"}]}},"_links":{"self":[{"href":"https:\/\/www.fcbarcelonanoticias.com\/en\/wp-json\/wp\/v2\/posts\/117699","targetHints":{"allow":["GET"]}}],"collection":[{"href":"https:\/\/www.fcbarcelonanoticias.com\/en\/wp-json\/wp\/v2\/posts"}],"about":[{"href":"https:\/\/www.fcbarcelonanoticias.com\/en\/wp-json\/wp\/v2\/types\/post"}],"replies":[{"embeddable":true,"href":"https:\/\/www.fcbarcelonanoticias.com\/en\/wp-json\/wp\/v2\/comments?post=117699"}],"version-history":[{"count":1,"href":"https:\/\/www.fcbarcelonanoticias.com\/en\/wp-json\/wp\/v2\/posts\/117699\/revisions"}],"predecessor-version":[{"id":149599,"href":"https:\/\/www.fcbarcelonanoticias.com\/en\/wp-json\/wp\/v2\/posts\/117699\/revisions\/149599"}],"wp:featuredmedia":[{"embeddable":true,"href":"https:\/\/www.fcbarcelonanoticias.com\/en\/wp-json\/wp\/v2\/media\/117702"}],"wp:attachment":[{"href":"https:\/\/www.fcbarcelonanoticias.com\/en\/wp-json\/wp\/v2\/media?parent=117699"}],"wp:term":[{"taxonomy":"category","embeddable":true,"href":"https:\/\/www.fcbarcelonanoticias.com\/en\/wp-json\/wp\/v2\/categories?post=117699"},{"taxonomy":"post_tag","embeddable":true,"href":"https:\/\/www.fcbarcelonanoticias.com\/en\/wp-json\/wp\/v2\/tags?post=117699"}],"curies":[{"name":"wp","href":"https:\/\/api.w.org\/{rel}","templated":true}]}}