{"id":11789,"date":"2020-05-28T21:54:00","date_gmt":"2020-05-28T19:54:00","guid":{"rendered":"https:\/\/weisetech.dev\/fc-barcelona-noticias\/en\/abidal-faces-this-summer-his-penultimate-test-at-barcelona_258042_102\/"},"modified":"2026-04-16T09:12:01","modified_gmt":"2026-04-16T07:12:01","slug":"abidal-faces-this-summer-his-penultimate-test-at-barcelona_258042_102","status":"publish","type":"post","link":"https:\/\/www.fcbarcelonanoticias.com\/en\/fc-barcelona\/abidal-faces-this-summer-his-penultimate-test-at-barcelona_258042_102.html","title":{"rendered":"Abidal faces this summer his penultimate test at Bar\u00e7a"},"content":{"rendered":"<h2 class=\"wp-block-heading\">\u00c9ric Abidal is still Bar\u00e7a&#8217;s technical secretary, but this summer he could face his penultimate exam. The figure of the french has been very weakened and he could say goodbye soon<\/h2>  \r\n<div class=\"article-addons\">\r\n    <a href=\"https:\/\/www.fcbarcelonanoticias.com\/en\/calendar-fc-barcelona.html\"\r\n       target=\"_self\"\r\n       title=\"Calendar of FC Barcelona\"\r\n       class=\"blue-gredient-btn\">\r\n       \r\n        Calendar of FC Barcelona    <\/a>\r\n<\/div>   <p><strong>The FC Barcelona carries months preparing the market <a data-external=\"0\" data-intl-links-en=\"https:\/\/www.fcbarcelonanoticias.com\/en\/transfers\" data-intl-links-es=\"https:\/\/www.fcbarcelonanoticias.com\/fichajes\" href=\"https:\/\/www.fcbarcelonanoticias.com\/en\/fc-barcelona\/transfers.html\" rel=\"follow\" target=\"_self\" title=\"Fichajes\">of signings<\/a>, that the coronavirus has turned into a period even more decisive<\/strong>. In the City Condal had programmed a deep and ambitious reform of the staff that now will have to make with more skill in the dispatches, because of a budget reduced and to a mass salarial threatening. Besides, the environment inside the club is not the most suitable.<\/p>  <p>As &#8216;Sportive World&#8217;, <strong><a data-external=\"0\" data-intl-links-en=\"https:\/\/www.fcbarcelonanoticias.com\/en\/tags\/abidal\" data-intl-links-es=\"https:\/\/www.fcbarcelonanoticias.com\/tags\/abidal\" href=\"https:\/\/www.fcbarcelonanoticias.com\/en\/tags\/abidal.html\" rel=\"follow\" target=\"_self\" title=\"Abidal\">\u00c9ric Abidal<\/a> will go back to come under scrutiny, by his position like technical secretary and by some recent events<\/strong>. The stage of the French in the sportive organisation chart started of promising form, but the records in the registers of sales and a planning that seemed ilusionante have left step to too many frictions and to a loss of confidence that can be fatal.<\/p>  <p>The quoted half glides that <strong>the fact of not accompanying to Josep Maria Bartomeu in the visit of the past weekend to a training is significant<\/strong>. Beside the president was the General Director of the entity, \u00d2scar Grau, but no an ex footballer whose functions, precisely, include to tend bridges between the directive and the changing room. First it fell the m\u00e1nager general Pep Safe by discussions and errors, and afterwards&#8230;<\/p>  <p><strong>His figure has remained very touched by his brush with the staff, customised in an answer of <a data-external=\"0\" data-intl-links-en=\"https:\/\/www.fcbarcelonanoticias.com\/en\/players\/lionel-messi\" data-intl-links-es=\"https:\/\/www.fcbarcelonanoticias.com\/jugadores\/lionel-messi\" href=\"https:\/\/www.fcbarcelonanoticias.com\/en\/players\/lionel-messi.html\" rel=\"follow\" target=\"_self\" title=\"Lionel Messi\">Leo Messi<\/a><\/strong>. The captain heaved the voice because it did not like him at all that his excompa\u00f1ero will plant, evidently and in front of the media, to the cracks like culprits of the dismissal of Ernesto Valverde. The leader explained that there was some that were not giving it all and that the wear had happened bill, and the Argentinian retorted him that no andara with indictments and that procured to wash the dirty cloths home to avoid the fire that came afterwards. Neither it happened unobserved his crash with <strong>Xavi Hern\u00e1ndez<\/strong>, that recognised to have received an offer to substitute to the Txingurri that the Frenchman denied.<\/p>  <p><strong>But the questions of club are not the only that loom to the of Saint-Genis-Laval, signalled also by a deficient planning<\/strong>. So much the own Valverde like Quique Seti\u00e9n have warned that they do not take decisions and limit to think on what offers them , something that already has generated some suspicacias. But between the bets fallidas, stands out the past wintry window, in which there was not answer to the problems of the forward, fell Luis Su\u00e1rez and Ousmane Demb\u00e9l\u00e9, it was necessary to run to draft to Martin Braithwaite and the Cantabrian has admitted that when arriving already knew that Jean-Clair Todibo and Carles Ale\u00f1\u00e1 were yielded and that to Carles P\u00e9rez also habia that say him goodbye.<\/p>  <h3>The goodbye of Abidal is more near<\/h3>  <p><strong>The reconstruction of the <a data-external=\"1\" href=\"https:\/\/www.fcbarcelonanoticias.com\/jugadores-fcbarcelona.html\" rel=\"nofollow\" target=\"_blank\" title=\"primer equipo\">first team<\/a> still is in hands of Abidal, whose goodbye could fix in 2020 or 2021<\/strong>. For the moment, it will follow struggling by Lautaro, Pjanic or Neymar, but is for seeing if this is his penultimate examination or the wintry window no longer will be to his charge. What seems clear is that, with some elections in sight, his route will not be much longer, and more knowing that, as it warns &#8216;Sportive World&#8217;, his incorporation produced after the refusal of Jordi Cruyff and Carles Puyol.<\/p> ","protected":false},"excerpt":{"rendered":"<p>\u00c9ric Abidal is still Bar\u00e7a&#8217;s technical secretary, but this summer he could face his penultimate exam. The figure of the french has been very weakened and he could say goodbye soon The FC Barcelona carries months preparing the market of signings, that the coronavirus has turned into a period even more decisive. In the City [&hellip;]<\/p>\n","protected":false},"author":392,"featured_media":11790,"comment_status":"closed","ping_status":"open","sticky":false,"template":"","format":"standard","meta":{"_acf_changed":false,"inline_featured_image":false,"_nextfly_llmd_date_locked":false,"footnotes":""},"categories":[111],"tags":[468,360],"class_list":["post-11789","post","type-post","status-publish","format-standard","has-post-thumbnail","hentry","category-fc-barcelona","tag-abidal-2","tag-abidal"],"acf":[],"yoast_head":"<!-- This site is optimized with the Yoast SEO plugin v27.3 - https:\/\/yoast.com\/product\/yoast-seo-wordpress\/ -->\n<title>Abidal faces this summer his penultimate test at Bar\u00e7a<\/title>\n<meta name=\"description\" content=\"\u00c9ric Abidal keeps on being the technical secretary of the Bar\u00e7a, but this summer could confront to his penultimate examination. The figure of the French has remained very deb...\" \/>\n<meta name=\"robots\" content=\"index, follow, max-snippet:-1, max-image-preview:large, max-video-preview:-1\" \/>\n<link rel=\"canonical\" href=\"https:\/\/www.fcbarcelonanoticias.com\/en\/fc-barcelona\/abidal-faces-this-summer-his-penultimate-test-at-barcelona_258042_102.html\" \/>\n<meta property=\"og:locale\" content=\"en_US\" \/>\n<meta property=\"og:type\" content=\"article\" \/>\n<meta property=\"og:title\" content=\"Abidal faces this summer his penultimate test at Bar\u00e7a\" \/>\n<meta property=\"og:description\" content=\"\u00c9ric Abidal keeps on being the technical secretary of the Bar\u00e7a, but this summer could confront to his penultimate examination. The figure of the French has remained very deb...\" \/>\n<meta property=\"og:url\" content=\"https:\/\/www.fcbarcelonanoticias.com\/en\/fc-barcelona\/abidal-faces-this-summer-his-penultimate-test-at-barcelona_258042_102.html\" \/>\n<meta property=\"og:site_name\" content=\"EN - FC Barcelona Noticias\" \/>\n<meta property=\"article:published_time\" content=\"2020-05-28T19:54:00+00:00\" \/>\n<meta property=\"article:modified_time\" content=\"2026-04-16T07:12:01+00:00\" \/>\n<meta property=\"og:image\" content=\"https:\/\/www.fcbarcelonanoticias.com\/en\/wp-content\/uploads\/sites\/2\/2020\/05\/quiquesetien-bartomeuabidal.jpeg\" \/>\n\t<meta property=\"og:image:width\" content=\"1200\" \/>\n\t<meta property=\"og:image:height\" content=\"675\" \/>\n\t<meta property=\"og:image:type\" content=\"image\/jpeg\" \/>\n<meta name=\"author\" content=\"user_4048\" \/>\n<meta name=\"twitter:card\" content=\"summary_large_image\" \/>\n<meta name=\"twitter:label1\" content=\"Written by\" \/>\n\t<meta name=\"twitter:data1\" content=\"user_4048\" \/>\n\t<meta name=\"twitter:label2\" content=\"Est. reading time\" \/>\n\t<meta name=\"twitter:data2\" content=\"3 minutes\" \/>\n<script type=\"application\/ld+json\" class=\"yoast-schema-graph\">{\"@context\":\"https:\\\/\\\/schema.org\",\"@graph\":[{\"@type\":\"Article\",\"@id\":\"https:\\\/\\\/www.fcbarcelonanoticias.com\\\/en\\\/fc-barcelona\\\/abidal-faces-this-summer-his-penultimate-test-at-barcelona_258042_102.html#article\",\"isPartOf\":{\"@id\":\"https:\\\/\\\/www.fcbarcelonanoticias.com\\\/en\\\/fc-barcelona\\\/abidal-faces-this-summer-his-penultimate-test-at-barcelona_258042_102.html\"},\"author\":{\"name\":\"user_4048\",\"@id\":\"https:\\\/\\\/www.fcbarcelonanoticias.com\\\/en\\\/#\\\/schema\\\/person\\\/fcdad55cab72b8d0e106d75506783b6d\"},\"headline\":\"Abidal faces this summer his penultimate test at Bar\u00e7a\",\"datePublished\":\"2020-05-28T19:54:00+00:00\",\"dateModified\":\"2026-04-16T07:12:01+00:00\",\"mainEntityOfPage\":{\"@id\":\"https:\\\/\\\/www.fcbarcelonanoticias.com\\\/en\\\/fc-barcelona\\\/abidal-faces-this-summer-his-penultimate-test-at-barcelona_258042_102.html\"},\"wordCount\":600,\"image\":{\"@id\":\"https:\\\/\\\/www.fcbarcelonanoticias.com\\\/en\\\/fc-barcelona\\\/abidal-faces-this-summer-his-penultimate-test-at-barcelona_258042_102.html#primaryimage\"},\"thumbnailUrl\":\"https:\\\/\\\/www.fcbarcelonanoticias.com\\\/en\\\/wp-content\\\/uploads\\\/sites\\\/2\\\/2020\\\/05\\\/quiquesetien-bartomeuabidal.jpeg\",\"keywords\":[\"Abidal\",\"Abidal\"],\"articleSection\":[\"FC Barcelona\"],\"inLanguage\":\"en-US\"},{\"@type\":\"WebPage\",\"@id\":\"https:\\\/\\\/www.fcbarcelonanoticias.com\\\/en\\\/fc-barcelona\\\/abidal-faces-this-summer-his-penultimate-test-at-barcelona_258042_102.html\",\"url\":\"https:\\\/\\\/www.fcbarcelonanoticias.com\\\/en\\\/fc-barcelona\\\/abidal-faces-this-summer-his-penultimate-test-at-barcelona_258042_102.html\",\"name\":\"Abidal faces this summer his penultimate test at Bar\u00e7a\",\"isPartOf\":{\"@id\":\"https:\\\/\\\/www.fcbarcelonanoticias.com\\\/en\\\/#website\"},\"primaryImageOfPage\":{\"@id\":\"https:\\\/\\\/www.fcbarcelonanoticias.com\\\/en\\\/fc-barcelona\\\/abidal-faces-this-summer-his-penultimate-test-at-barcelona_258042_102.html#primaryimage\"},\"image\":{\"@id\":\"https:\\\/\\\/www.fcbarcelonanoticias.com\\\/en\\\/fc-barcelona\\\/abidal-faces-this-summer-his-penultimate-test-at-barcelona_258042_102.html#primaryimage\"},\"thumbnailUrl\":\"https:\\\/\\\/www.fcbarcelonanoticias.com\\\/en\\\/wp-content\\\/uploads\\\/sites\\\/2\\\/2020\\\/05\\\/quiquesetien-bartomeuabidal.jpeg\",\"datePublished\":\"2020-05-28T19:54:00+00:00\",\"dateModified\":\"2026-04-16T07:12:01+00:00\",\"author\":{\"@id\":\"https:\\\/\\\/www.fcbarcelonanoticias.com\\\/en\\\/#\\\/schema\\\/person\\\/fcdad55cab72b8d0e106d75506783b6d\"},\"description\":\"\u00c9ric Abidal keeps on being the technical secretary of the Bar\u00e7a, but this summer could confront to his penultimate examination. The figure of the French has remained very deb...\",\"breadcrumb\":{\"@id\":\"https:\\\/\\\/www.fcbarcelonanoticias.com\\\/en\\\/fc-barcelona\\\/abidal-faces-this-summer-his-penultimate-test-at-barcelona_258042_102.html#breadcrumb\"},\"inLanguage\":\"en-US\",\"potentialAction\":[{\"@type\":\"ReadAction\",\"target\":[\"https:\\\/\\\/www.fcbarcelonanoticias.com\\\/en\\\/fc-barcelona\\\/abidal-faces-this-summer-his-penultimate-test-at-barcelona_258042_102.html\"]}]},{\"@type\":\"ImageObject\",\"inLanguage\":\"en-US\",\"@id\":\"https:\\\/\\\/www.fcbarcelonanoticias.com\\\/en\\\/fc-barcelona\\\/abidal-faces-this-summer-his-penultimate-test-at-barcelona_258042_102.html#primaryimage\",\"url\":\"https:\\\/\\\/www.fcbarcelonanoticias.com\\\/en\\\/wp-content\\\/uploads\\\/sites\\\/2\\\/2020\\\/05\\\/quiquesetien-bartomeuabidal.jpeg\",\"contentUrl\":\"https:\\\/\\\/www.fcbarcelonanoticias.com\\\/en\\\/wp-content\\\/uploads\\\/sites\\\/2\\\/2020\\\/05\\\/quiquesetien-bartomeuabidal.jpeg\",\"width\":1200,\"height\":675},{\"@type\":\"BreadcrumbList\",\"@id\":\"https:\\\/\\\/www.fcbarcelonanoticias.com\\\/en\\\/fc-barcelona\\\/abidal-faces-this-summer-his-penultimate-test-at-barcelona_258042_102.html#breadcrumb\",\"itemListElement\":[{\"@type\":\"ListItem\",\"position\":1,\"name\":\"Portada\",\"item\":\"https:\\\/\\\/www.fcbarcelonanoticias.com\\\/en\\\/\"},{\"@type\":\"ListItem\",\"position\":2,\"name\":\"Abidal faces this summer his penultimate test at Bar\u00e7a\"}]},{\"@type\":\"WebSite\",\"@id\":\"https:\\\/\\\/www.fcbarcelonanoticias.com\\\/en\\\/#website\",\"url\":\"https:\\\/\\\/www.fcbarcelonanoticias.com\\\/en\\\/\",\"name\":\"EN - FC Barcelona Noticias\",\"description\":\"\",\"potentialAction\":[{\"@type\":\"SearchAction\",\"target\":{\"@type\":\"EntryPoint\",\"urlTemplate\":\"https:\\\/\\\/www.fcbarcelonanoticias.com\\\/en\\\/?s={search_term_string}\"},\"query-input\":{\"@type\":\"PropertyValueSpecification\",\"valueRequired\":true,\"valueName\":\"search_term_string\"}}],\"inLanguage\":\"en-US\"},{\"@type\":\"Person\",\"@id\":\"https:\\\/\\\/www.fcbarcelonanoticias.com\\\/en\\\/#\\\/schema\\\/person\\\/fcdad55cab72b8d0e106d75506783b6d\",\"name\":\"user_4048\",\"image\":{\"@type\":\"ImageObject\",\"inLanguage\":\"en-US\",\"@id\":\"https:\\\/\\\/secure.gravatar.com\\\/avatar\\\/?s=96&d=mm&r=g\",\"url\":\"https:\\\/\\\/secure.gravatar.com\\\/avatar\\\/?s=96&d=mm&r=g\",\"contentUrl\":\"https:\\\/\\\/secure.gravatar.com\\\/avatar\\\/?s=96&d=mm&r=g\",\"caption\":\"user_4048\"},\"url\":\"https:\\\/\\\/www.fcbarcelonanoticias.com\\\/en\\\/user_4048.html\"}]}<\/script>\n<!-- \/ Yoast SEO plugin. -->","yoast_head_json":{"title":"Abidal faces this summer his penultimate test at Bar\u00e7a","description":"\u00c9ric Abidal keeps on being the technical secretary of the Bar\u00e7a, but this summer could confront to his penultimate examination. The figure of the French has remained very deb...","robots":{"index":"index","follow":"follow","max-snippet":"max-snippet:-1","max-image-preview":"max-image-preview:large","max-video-preview":"max-video-preview:-1"},"canonical":"https:\/\/www.fcbarcelonanoticias.com\/en\/fc-barcelona\/abidal-faces-this-summer-his-penultimate-test-at-barcelona_258042_102.html","og_locale":"en_US","og_type":"article","og_title":"Abidal faces this summer his penultimate test at Bar\u00e7a","og_description":"\u00c9ric Abidal keeps on being the technical secretary of the Bar\u00e7a, but this summer could confront to his penultimate examination. The figure of the French has remained very deb...","og_url":"https:\/\/www.fcbarcelonanoticias.com\/en\/fc-barcelona\/abidal-faces-this-summer-his-penultimate-test-at-barcelona_258042_102.html","og_site_name":"EN - FC Barcelona Noticias","article_published_time":"2020-05-28T19:54:00+00:00","article_modified_time":"2026-04-16T07:12:01+00:00","og_image":[{"width":1200,"height":675,"url":"https:\/\/www.fcbarcelonanoticias.com\/en\/wp-content\/uploads\/sites\/2\/2020\/05\/quiquesetien-bartomeuabidal.jpeg","type":"image\/jpeg"}],"author":"user_4048","twitter_card":"summary_large_image","twitter_misc":{"Written by":"user_4048","Est. reading time":"3 minutes"},"schema":{"@context":"https:\/\/schema.org","@graph":[{"@type":"Article","@id":"https:\/\/www.fcbarcelonanoticias.com\/en\/fc-barcelona\/abidal-faces-this-summer-his-penultimate-test-at-barcelona_258042_102.html#article","isPartOf":{"@id":"https:\/\/www.fcbarcelonanoticias.com\/en\/fc-barcelona\/abidal-faces-this-summer-his-penultimate-test-at-barcelona_258042_102.html"},"author":{"name":"user_4048","@id":"https:\/\/www.fcbarcelonanoticias.com\/en\/#\/schema\/person\/fcdad55cab72b8d0e106d75506783b6d"},"headline":"Abidal faces this summer his penultimate test at Bar\u00e7a","datePublished":"2020-05-28T19:54:00+00:00","dateModified":"2026-04-16T07:12:01+00:00","mainEntityOfPage":{"@id":"https:\/\/www.fcbarcelonanoticias.com\/en\/fc-barcelona\/abidal-faces-this-summer-his-penultimate-test-at-barcelona_258042_102.html"},"wordCount":600,"image":{"@id":"https:\/\/www.fcbarcelonanoticias.com\/en\/fc-barcelona\/abidal-faces-this-summer-his-penultimate-test-at-barcelona_258042_102.html#primaryimage"},"thumbnailUrl":"https:\/\/www.fcbarcelonanoticias.com\/en\/wp-content\/uploads\/sites\/2\/2020\/05\/quiquesetien-bartomeuabidal.jpeg","keywords":["Abidal","Abidal"],"articleSection":["FC Barcelona"],"inLanguage":"en-US"},{"@type":"WebPage","@id":"https:\/\/www.fcbarcelonanoticias.com\/en\/fc-barcelona\/abidal-faces-this-summer-his-penultimate-test-at-barcelona_258042_102.html","url":"https:\/\/www.fcbarcelonanoticias.com\/en\/fc-barcelona\/abidal-faces-this-summer-his-penultimate-test-at-barcelona_258042_102.html","name":"Abidal faces this summer his penultimate test at Bar\u00e7a","isPartOf":{"@id":"https:\/\/www.fcbarcelonanoticias.com\/en\/#website"},"primaryImageOfPage":{"@id":"https:\/\/www.fcbarcelonanoticias.com\/en\/fc-barcelona\/abidal-faces-this-summer-his-penultimate-test-at-barcelona_258042_102.html#primaryimage"},"image":{"@id":"https:\/\/www.fcbarcelonanoticias.com\/en\/fc-barcelona\/abidal-faces-this-summer-his-penultimate-test-at-barcelona_258042_102.html#primaryimage"},"thumbnailUrl":"https:\/\/www.fcbarcelonanoticias.com\/en\/wp-content\/uploads\/sites\/2\/2020\/05\/quiquesetien-bartomeuabidal.jpeg","datePublished":"2020-05-28T19:54:00+00:00","dateModified":"2026-04-16T07:12:01+00:00","author":{"@id":"https:\/\/www.fcbarcelonanoticias.com\/en\/#\/schema\/person\/fcdad55cab72b8d0e106d75506783b6d"},"description":"\u00c9ric Abidal keeps on being the technical secretary of the Bar\u00e7a, but this summer could confront to his penultimate examination. The figure of the French has remained very deb...","breadcrumb":{"@id":"https:\/\/www.fcbarcelonanoticias.com\/en\/fc-barcelona\/abidal-faces-this-summer-his-penultimate-test-at-barcelona_258042_102.html#breadcrumb"},"inLanguage":"en-US","potentialAction":[{"@type":"ReadAction","target":["https:\/\/www.fcbarcelonanoticias.com\/en\/fc-barcelona\/abidal-faces-this-summer-his-penultimate-test-at-barcelona_258042_102.html"]}]},{"@type":"ImageObject","inLanguage":"en-US","@id":"https:\/\/www.fcbarcelonanoticias.com\/en\/fc-barcelona\/abidal-faces-this-summer-his-penultimate-test-at-barcelona_258042_102.html#primaryimage","url":"https:\/\/www.fcbarcelonanoticias.com\/en\/wp-content\/uploads\/sites\/2\/2020\/05\/quiquesetien-bartomeuabidal.jpeg","contentUrl":"https:\/\/www.fcbarcelonanoticias.com\/en\/wp-content\/uploads\/sites\/2\/2020\/05\/quiquesetien-bartomeuabidal.jpeg","width":1200,"height":675},{"@type":"BreadcrumbList","@id":"https:\/\/www.fcbarcelonanoticias.com\/en\/fc-barcelona\/abidal-faces-this-summer-his-penultimate-test-at-barcelona_258042_102.html#breadcrumb","itemListElement":[{"@type":"ListItem","position":1,"name":"Portada","item":"https:\/\/www.fcbarcelonanoticias.com\/en\/"},{"@type":"ListItem","position":2,"name":"Abidal faces this summer his penultimate test at Bar\u00e7a"}]},{"@type":"WebSite","@id":"https:\/\/www.fcbarcelonanoticias.com\/en\/#website","url":"https:\/\/www.fcbarcelonanoticias.com\/en\/","name":"EN - FC Barcelona Noticias","description":"","potentialAction":[{"@type":"SearchAction","target":{"@type":"EntryPoint","urlTemplate":"https:\/\/www.fcbarcelonanoticias.com\/en\/?s={search_term_string}"},"query-input":{"@type":"PropertyValueSpecification","valueRequired":true,"valueName":"search_term_string"}}],"inLanguage":"en-US"},{"@type":"Person","@id":"https:\/\/www.fcbarcelonanoticias.com\/en\/#\/schema\/person\/fcdad55cab72b8d0e106d75506783b6d","name":"user_4048","image":{"@type":"ImageObject","inLanguage":"en-US","@id":"https:\/\/secure.gravatar.com\/avatar\/?s=96&d=mm&r=g","url":"https:\/\/secure.gravatar.com\/avatar\/?s=96&d=mm&r=g","contentUrl":"https:\/\/secure.gravatar.com\/avatar\/?s=96&d=mm&r=g","caption":"user_4048"},"url":"https:\/\/www.fcbarcelonanoticias.com\/en\/user_4048.html"}]}},"_links":{"self":[{"href":"https:\/\/www.fcbarcelonanoticias.com\/en\/wp-json\/wp\/v2\/posts\/11789","targetHints":{"allow":["GET"]}}],"collection":[{"href":"https:\/\/www.fcbarcelonanoticias.com\/en\/wp-json\/wp\/v2\/posts"}],"about":[{"href":"https:\/\/www.fcbarcelonanoticias.com\/en\/wp-json\/wp\/v2\/types\/post"}],"author":[{"embeddable":true,"href":"https:\/\/www.fcbarcelonanoticias.com\/en\/wp-json\/wp\/v2\/users\/392"}],"replies":[{"embeddable":true,"href":"https:\/\/www.fcbarcelonanoticias.com\/en\/wp-json\/wp\/v2\/comments?post=11789"}],"version-history":[{"count":2,"href":"https:\/\/www.fcbarcelonanoticias.com\/en\/wp-json\/wp\/v2\/posts\/11789\/revisions"}],"predecessor-version":[{"id":168511,"href":"https:\/\/www.fcbarcelonanoticias.com\/en\/wp-json\/wp\/v2\/posts\/11789\/revisions\/168511"}],"wp:featuredmedia":[{"embeddable":true,"href":"https:\/\/www.fcbarcelonanoticias.com\/en\/wp-json\/wp\/v2\/media\/11790"}],"wp:attachment":[{"href":"https:\/\/www.fcbarcelonanoticias.com\/en\/wp-json\/wp\/v2\/media?parent=11789"}],"wp:term":[{"taxonomy":"category","embeddable":true,"href":"https:\/\/www.fcbarcelonanoticias.com\/en\/wp-json\/wp\/v2\/categories?post=11789"},{"taxonomy":"post_tag","embeddable":true,"href":"https:\/\/www.fcbarcelonanoticias.com\/en\/wp-json\/wp\/v2\/tags?post=11789"}],"curies":[{"name":"wp","href":"https:\/\/api.w.org\/{rel}","templated":true}]}}