{"id":117900,"date":"2026-01-17T16:44:00","date_gmt":"2026-01-17T15:44:00","guid":{"rendered":"https:\/\/weisetech.dev\/fc-barcelona-noticias\/en\/madrid-2-0-levante-mbappe-and-asensio-give-arbeloa-breathing-room_315771_102\/"},"modified":"2026-03-27T11:35:36","modified_gmt":"2026-03-27T10:35:36","slug":"madrid-2-0-levante-mbappe-and-asensio-give-arbeloa-breathing-room_315771_102","status":"publish","type":"post","link":"https:\/\/www.fcbarcelonanoticias.com\/en\/laliga\/madrid-2-0-levante-mbappe-and-asensio-give-arbeloa-breathing-room_315771_102.html","title":{"rendered":"Real Madrid 2-0 Levante: Mbapp\u00e9 and Asensio calm the Bernab\u00e9u&#8217;s anger and revive the LaLiga fight"},"content":{"rendered":"<h2 class=\"wp-block-heading\">Real Madrid returned to winning ways against Levante (2-0), putting Los Blancos just 1 point behind Bar\u00e7a, who visit Real Sociedad on Sunday. After another lamentable first half, Mbapp\u00e9 and Asensio calmed nerves at the Bernab\u00e9u<\/h2>  \r\n<div class=\"article-addons\">\r\n    <a href=\"https:\/\/www.fcbarcelonanoticias.com\/en\/calendar-fc-barcelona.html\"\r\n       target=\"_self\"\r\n       title=\"Calendar of FC Barcelona\"\r\n       class=\"blue-gredient-btn\">\r\n       \r\n        Calendar of FC Barcelona    <\/a>\r\n<\/div>   <p><strong>\u00c1lvaro Arbeloa<\/strong> celebrated his first victory as <strong>Real Madrid<\/strong> coach this Saturday against <strong>Levante<\/strong> (2-0). After the humiliating KO in the <strong>Copa del Rey<\/strong> against <a data-external=\"0\" data-intl-links-en=\"https:\/\/www.fcbarcelonanoticias.com\/en\/copa-del-rey\/albacete-eliminates-real-madrid-in-copa-del-rey-round-of-16-3-2_315755_102.html\" data-intl-links-es=\"https:\/\/www.fcbarcelonanoticias.com\/copa-del-rey\/batacazo-historico-albacete-elimina-real-madrid-octavos-copa-3-2_315755_102.html\" href=\"https:\/\/www.fcbarcelonanoticias.com\/en\/copa-del-rey\/albacete-eliminates-real-madrid-in-copa-del-rey-round-of-16-3-2_315755_102.html\" rel=\"follow\" target=\"_self\" title=\"BATACAZO HIST\u00d3RICO: El Albacete elimina al Real Madrid en octavos de Copa (3-2)\">Albacete (3-2), the abrupt departure of <\/a><a data-external=\"0\" data-intl-links-en=\"https:\/\/www.fcbarcelonanoticias.com\/en\/real-madrid\/xabi-alonso-out-arbeloa-new-real-madrid-coach_315737_102.html\" data-intl-links-es=\"https:\/\/www.fcbarcelonanoticias.com\/real-madrid\/florentino-echa-xabi-alonso-arbeloa-nuevo-entrenador-real-madrid_315737_102.html\" href=\"https:\/\/www.fcbarcelonanoticias.com\/en\/real-madrid\/xabi-alonso-out-arbeloa-new-real-madrid-coach_315737_102.html\" rel=\"follow\" target=\"_self\" title=\"Florentino echa a Xabi Alonso: Arbeloa, nuevo entrenador del Real Madrid\">Xabi Alonso<\/a>, and the defeat in the <strong>Spanish Super Cup<\/strong> final against <a data-external=\"0\" data-intl-links-en=\"https:\/\/www.fcbarcelonanoticias.com\/en\/spanish-super-cup\/barcelona-3-2-real-madrid-catalans-revalidate-super-cup_315726_102.html\" data-intl-links-es=\"https:\/\/www.fcbarcelonanoticias.com\/supercopa-de-espana\/supercampeones-raphinha-preserva-hegemonia-barcelona-supercopa-3-2_315726_102.html\" href=\"https:\/\/www.fcbarcelonanoticias.com\/en\/spanish-super-cup\/barcelona-3-2-real-madrid-catalans-revalidate-super-cup_315726_102.html\" rel=\"follow\" target=\"_self\" title=\"SUPERCAMPEONES: Raphinha preserva la hegemon\u00eda del Bar\u00e7a en la Supercopa (3-2)\">FC Barcelona (3-2), the &#8216;Merengue&#8217; team returned to a Santiago Bernab\u00e9u that had become a cauldron to &#8216;punish&#8217; their players and <\/a><a data-external=\"0\" data-intl-links-en=\"https:\/\/www.fcbarcelonanoticias.com\/en\/real-madrid\/xabi-alonso-out-arbeloa-new-real-madrid-coach_315737_102.html\" data-intl-links-es=\"https:\/\/www.fcbarcelonanoticias.com\/real-madrid\/florentino-echa-xabi-alonso-arbeloa-nuevo-entrenador-real-madrid_315737_102.html\" href=\"https:\/\/www.fcbarcelonanoticias.com\/en\/real-madrid\/xabi-alonso-out-arbeloa-new-real-madrid-coach_315737_102.html\" rel=\"follow\" target=\"_self\" title=\"Florentino echa a Xabi Alonso: Arbeloa, nuevo entrenador del Real Madrid\">Florentino P\u00e9rez<\/a>.<\/p>  <p>The rain of insults and whistles, with a handkerchief-waving included, was present from the warm-up and was much worse at halftime, after another lamentable first half from Madrid. <strong>Levante <\/strong>had several opportunities to open the scoring, mostly from set pieces, while the home team barely troubled the Granota goal with a deflected shot from <strong>Kylian Mbapp\u00e9<\/strong>.<\/p>  <p>At halftime, <strong>Arbeloa brought on Arda G\u00fcler and Franco Mastantuono for Camavinga and Gonzalo<\/strong>, two changes that gave the &#8216;Merengue&#8217; attack more fluidity in the second half. Finally, <strong>a penalty from Mbapp\u00e9 in the 58th minute<\/strong> and another header from <strong>Ra\u00fal Asencio<\/strong> in the 65th minute calmed the Bernab\u00e9u&#8217;s anger with an uninspired, but sufficient victory to keep the fight for the LaLiga lead open.<\/p>  <h2>Two set-piece goals finished off Levante at the Bernab\u00e9u<\/h2>  <p>Levante held the zero without too much trouble in the first half, against a Madrid that was once again flat, predictable, and slow in transitions. <strong>The long passes from Asencio and \u00c1lvaro Carreras to Mbapp\u00e9 and Vinicius<\/strong> were the only weapon for the Whites to try to create danger.<\/p>  <p>Tchouam\u00e9ni and Gonzalo were cautioned before halftime, victims of the impotence of a team unable to control the midfield against the second-to-last team in LaLiga. For the Frenchman, the yellow card is costly, as it prevents him from playing against Villarreal next Saturday at La Cer\u00e1mica.<\/p>  <div class=\"media media-image\" data-ck-asset-wrapper=\"\"> <div class=\"media-item\"> <img loading=\"lazy\" decoding=\"async\" alt=\"Mbapp\u00e9 scored his sixth penalty in LaLiga 25\/26 against Levante (2-0)\" data-id=\"1538921\" data-resize=\"9\" height=\"563\" src=\"https:\/\/www.fcbarcelonanoticias.com\/wp-content\/uploads\/sites\/2\/2026\/01\/fcbn-b73a7dcf6015218c85751973d884d265.jpeg\" title=\"Mbapp\u00e9 scored his sixth penalty in LaLiga 25\/26 against Levante (2-0)\" width=\"1000\"><div class=\"media-title\">Mbapp\u00e9 scored his sixth penalty in LaLiga 25\/26 against Levante (2-0)<\/div> <\/div> <\/div>  <p>After the break, <strong>G\u00fcler settled in as an attacking midfielder<\/strong>, giving more purpose to &#8216;Merengue&#8217; possessions. The Turk tried his luck in the 55th minute with a shot from the edge of the box that Ryan saved with difficulty and, three minutes later, Mbapp\u00e9 received a pass from Arda and, as he was lining up to shoot, <strong>he was brought down by De la Fuente<\/strong> inside the area.<\/p>  <p>The penalty was clear and &#8216;Kiki&#8217; did not fail in its execution, celebrating <strong>his 19th goal in the League, the sixth from a penalty<\/strong>. With the 1-0, Levante offered little resistance to even seek an equalizer. In the 65th minute, <strong>a corner served by G\u00fcler<\/strong> from the right allowed <strong>Asencio <\/strong>to score with a header.<\/p>  <p>The Turk and two set-piece goals resolved the situation for Arbeloa, who at least managed to win in his first match on the Bernab\u00e9u bench. **Shouts and banners of &#8216;Florentino resign&#8217;** marked a tense afternoon in Chamart\u00edn, following a disastrous week for the team and with a sporting project on the brink of collapse<\/p>  <h2>Madrid Closes Gap to 1 Point Behind Bar\u00e7a Again<\/h2>  <p>Beyond the &#8216;Merengue&#8217; crisis, the fight for the LaLiga lead remains completely open at the start of the second half of the season. <strong>Real Madrid reached 48 points, one less than Barcelona (49)<\/strong>. Hansi Flick&#8217;s team visits Real Sociedad this Sunday (9:00 PM) with the obligation to win their tenth consecutive matchday to maintain their 4-point lead at the top.<\/p>  <p>In the next matchday, the 21st, Madrid will visit <strong>Villarreal <\/strong>on Saturday (9:00 PM) and Bar\u00e7a will return to Spotify Camp Nou against <strong>Oviedo <\/strong>(Sunday, 4:15 PM). In between, both teams will play the seventh matchday of the Champions League group stage. The Whites will host <strong>Monaco <\/strong>on Tuesday, while the Catalans will travel to Prague to face <strong>Sparta <\/strong>on Wednesday<\/p>  <h2>Match Report: Real Madrid 2-0 Levante UD<\/h2>  <ul> <li> <strong>Real Madrid, 2<\/strong>: Courtois; Valverde, Asensio (Alaba, min. 90), Huijsen (Ceballos, min. 60), Carreras; Tchouam\u00e9ni, Camavinga (Arda G\u00fcler, min. 46), Bellingham; Vinicius, Mbapp\u00e9 and Gonzalo (Mastantuono, min. 46).<\/li> \t<li> <strong>Levante UD, 0<\/strong>: Ryan; Toljan, Dela, Matturro, Manu S\u00e1nchez; Vencedor (Raghouber, min. 66), Pablo Mart\u00ednez, Tunde (Esp\u00ed, min. 83), Carlos \u00c1lvarez (Cort\u00e9s, min. 83); Etta Eyong (Iker Losada, min. 66) and Ivan Romero (Olasagasti, min. 83).<\/li> \t<li> <strong>Goals<\/strong>: 1-0, Kylian Mbapp\u00e9 (min. 58); 2-0, Ra\u00fal Asensio (min. 65)<\/li> \t<li> <strong>Referee<\/strong>: Miguel Sesma Espinosa. Booked Aur\u00e9lien Tchouam\u00e9ni and Gonzalo Garc\u00eda for Real Madrid. On Levante, Unai Vencedor was cautioned. He awarded a penalty for Adri\u00e1n De la Fuente&#8217;s foul on Kylian Mbapp\u00e9 in the second half.<\/li> \t<li> <strong>Stadium<\/strong>: Santiago Bernab\u00e9u.<\/li> \t<li> <strong>Incidents<\/strong>: match corresponding to matchday 20 of <a data-external=\"0\" data-intl-links-en=\"https:\/\/www.fcbarcelonanoticias.com\/en\/laliga\" data-intl-links-es=\"https:\/\/www.fcbarcelonanoticias.com\/laliga\" href=\"https:\/\/www.fcbarcelonanoticias.com\/en\/football-soccer\/laliga.html\" rel=\"follow\" target=\"_self\" title=\"LaLiga\">LaLiga EA Sports 2025\/26<\/a>.<\/li> <\/ul> ","protected":false},"excerpt":{"rendered":"<p>Real Madrid returned to winning ways against Levante (2-0), putting Los Blancos just 1 point behind Bar\u00e7a, who visit Real Sociedad on Sunday. After another lamentable first half, Mbapp\u00e9 and Asensio calmed nerves at the Bernab\u00e9u \u00c1lvaro Arbeloa celebrated his first victory as Real Madrid coach this Saturday against Levante (2-0). After the humiliating KO [&hellip;]<\/p>\n","protected":false},"author":347,"featured_media":117903,"comment_status":"closed","ping_status":"open","sticky":false,"template":"","format":"standard","meta":{"_acf_changed":false,"inline_featured_image":false,"_nextfly_llmd_date_locked":false,"footnotes":""},"categories":[448,114],"tags":[180,134,171],"class_list":["post-117900","post","type-post","status-publish","format-standard","has-post-thumbnail","hentry","category-laliga-2","category-laliga","tag-fc-barcelona-results","tag-levante-ud","tag-mbappe"],"acf":[],"yoast_head":"<!-- This site is optimized with the Yoast SEO plugin v27.3 - https:\/\/yoast.com\/product\/yoast-seo-wordpress\/ -->\n<title>Madrid 2-0 Levante: Mbapp\u00e9 and Asensio give Arbeloa breathing room<\/title>\n<meta name=\"description\" content=\"Real Madrid returned to winning ways against Levante (2-0), putting Los Blancos just 1 point behind Bar\u00e7a, who visit Real Sociedad on Sunday\" \/>\n<meta name=\"robots\" content=\"index, follow, max-snippet:-1, max-image-preview:large, max-video-preview:-1\" \/>\n<link rel=\"canonical\" href=\"https:\/\/www.fcbarcelonanoticias.com\/en\/laliga\/madrid-2-0-levante-mbappe-and-asensio-give-arbeloa-breathing-room_315771_102.html\" \/>\n<meta property=\"og:locale\" content=\"en_US\" \/>\n<meta property=\"og:type\" content=\"article\" \/>\n<meta property=\"og:title\" content=\"Madrid 2-0 Levante: Mbapp\u00e9 and Asensio give Arbeloa breathing room\" \/>\n<meta property=\"og:description\" content=\"Real Madrid returned to winning ways against Levante (2-0), putting Los Blancos just 1 point behind Bar\u00e7a, who visit Real Sociedad on Sunday\" \/>\n<meta property=\"og:url\" content=\"https:\/\/www.fcbarcelonanoticias.com\/en\/laliga\/madrid-2-0-levante-mbappe-and-asensio-give-arbeloa-breathing-room_315771_102.html\" \/>\n<meta property=\"og:site_name\" content=\"EN - FC Barcelona Noticias\" \/>\n<meta property=\"article:published_time\" content=\"2026-01-17T15:44:00+00:00\" \/>\n<meta property=\"article:modified_time\" content=\"2026-03-27T10:35:36+00:00\" \/>\n<meta property=\"og:image\" content=\"https:\/\/www.fcbarcelonanoticias.com\/en\/wp-content\/uploads\/sites\/2\/2026\/01\/asencio-mbappe-v-levante-laliga.jpeg\" \/>\n\t<meta property=\"og:image:width\" content=\"1300\" \/>\n\t<meta property=\"og:image:height\" content=\"732\" \/>\n\t<meta property=\"og:image:type\" content=\"image\/jpeg\" \/>\n<meta name=\"author\" content=\"Andr\u00e9s Quiroz\" \/>\n<meta name=\"twitter:card\" content=\"summary_large_image\" \/>\n<meta name=\"twitter:label1\" content=\"Written by\" \/>\n\t<meta name=\"twitter:data1\" content=\"Andr\u00e9s Quiroz\" \/>\n\t<meta name=\"twitter:label2\" content=\"Est. reading time\" \/>\n\t<meta name=\"twitter:data2\" content=\"4 minutes\" \/>\n<script type=\"application\/ld+json\" class=\"yoast-schema-graph\">{\"@context\":\"https:\\\/\\\/schema.org\",\"@graph\":[{\"@type\":\"Article\",\"@id\":\"https:\\\/\\\/www.fcbarcelonanoticias.com\\\/en\\\/laliga\\\/madrid-2-0-levante-mbappe-and-asensio-give-arbeloa-breathing-room_315771_102.html#article\",\"isPartOf\":{\"@id\":\"https:\\\/\\\/www.fcbarcelonanoticias.com\\\/en\\\/laliga\\\/madrid-2-0-levante-mbappe-and-asensio-give-arbeloa-breathing-room_315771_102.html\"},\"author\":{\"name\":\"Andr\u00e9s Quiroz\",\"@id\":\"https:\\\/\\\/www.fcbarcelonanoticias.com\\\/en\\\/#\\\/schema\\\/person\\\/c2cd9f6fa1af5c0d0eccd0fefa575c88\"},\"headline\":\"Real Madrid 2-0 Levante: Mbapp\u00e9 and Asensio calm the Bernab\u00e9u&#8217;s anger and revive the LaLiga fight\",\"datePublished\":\"2026-01-17T15:44:00+00:00\",\"dateModified\":\"2026-03-27T10:35:36+00:00\",\"mainEntityOfPage\":{\"@id\":\"https:\\\/\\\/www.fcbarcelonanoticias.com\\\/en\\\/laliga\\\/madrid-2-0-levante-mbappe-and-asensio-give-arbeloa-breathing-room_315771_102.html\"},\"wordCount\":802,\"image\":{\"@id\":\"https:\\\/\\\/www.fcbarcelonanoticias.com\\\/en\\\/laliga\\\/madrid-2-0-levante-mbappe-and-asensio-give-arbeloa-breathing-room_315771_102.html#primaryimage\"},\"thumbnailUrl\":\"https:\\\/\\\/www.fcbarcelonanoticias.com\\\/en\\\/wp-content\\\/uploads\\\/sites\\\/2\\\/2026\\\/01\\\/asencio-mbappe-v-levante-laliga.jpeg\",\"keywords\":[\"FC Barcelona Results\",\"Levante UD\",\"Mbapp\u00e9\"],\"articleSection\":[\"LaLiga\",\"LaLiga\"],\"inLanguage\":\"en-US\"},{\"@type\":\"WebPage\",\"@id\":\"https:\\\/\\\/www.fcbarcelonanoticias.com\\\/en\\\/laliga\\\/madrid-2-0-levante-mbappe-and-asensio-give-arbeloa-breathing-room_315771_102.html\",\"url\":\"https:\\\/\\\/www.fcbarcelonanoticias.com\\\/en\\\/laliga\\\/madrid-2-0-levante-mbappe-and-asensio-give-arbeloa-breathing-room_315771_102.html\",\"name\":\"Madrid 2-0 Levante: Mbapp\u00e9 and Asensio give Arbeloa breathing room\",\"isPartOf\":{\"@id\":\"https:\\\/\\\/www.fcbarcelonanoticias.com\\\/en\\\/#website\"},\"primaryImageOfPage\":{\"@id\":\"https:\\\/\\\/www.fcbarcelonanoticias.com\\\/en\\\/laliga\\\/madrid-2-0-levante-mbappe-and-asensio-give-arbeloa-breathing-room_315771_102.html#primaryimage\"},\"image\":{\"@id\":\"https:\\\/\\\/www.fcbarcelonanoticias.com\\\/en\\\/laliga\\\/madrid-2-0-levante-mbappe-and-asensio-give-arbeloa-breathing-room_315771_102.html#primaryimage\"},\"thumbnailUrl\":\"https:\\\/\\\/www.fcbarcelonanoticias.com\\\/en\\\/wp-content\\\/uploads\\\/sites\\\/2\\\/2026\\\/01\\\/asencio-mbappe-v-levante-laliga.jpeg\",\"datePublished\":\"2026-01-17T15:44:00+00:00\",\"dateModified\":\"2026-03-27T10:35:36+00:00\",\"author\":{\"@id\":\"https:\\\/\\\/www.fcbarcelonanoticias.com\\\/en\\\/#\\\/schema\\\/person\\\/c2cd9f6fa1af5c0d0eccd0fefa575c88\"},\"description\":\"Real Madrid returned to winning ways against Levante (2-0), putting Los Blancos just 1 point behind Bar\u00e7a, who visit Real Sociedad on Sunday\",\"breadcrumb\":{\"@id\":\"https:\\\/\\\/www.fcbarcelonanoticias.com\\\/en\\\/laliga\\\/madrid-2-0-levante-mbappe-and-asensio-give-arbeloa-breathing-room_315771_102.html#breadcrumb\"},\"inLanguage\":\"en-US\",\"potentialAction\":[{\"@type\":\"ReadAction\",\"target\":[\"https:\\\/\\\/www.fcbarcelonanoticias.com\\\/en\\\/laliga\\\/madrid-2-0-levante-mbappe-and-asensio-give-arbeloa-breathing-room_315771_102.html\"]}]},{\"@type\":\"ImageObject\",\"inLanguage\":\"en-US\",\"@id\":\"https:\\\/\\\/www.fcbarcelonanoticias.com\\\/en\\\/laliga\\\/madrid-2-0-levante-mbappe-and-asensio-give-arbeloa-breathing-room_315771_102.html#primaryimage\",\"url\":\"https:\\\/\\\/www.fcbarcelonanoticias.com\\\/en\\\/wp-content\\\/uploads\\\/sites\\\/2\\\/2026\\\/01\\\/asencio-mbappe-v-levante-laliga.jpeg\",\"contentUrl\":\"https:\\\/\\\/www.fcbarcelonanoticias.com\\\/en\\\/wp-content\\\/uploads\\\/sites\\\/2\\\/2026\\\/01\\\/asencio-mbappe-v-levante-laliga.jpeg\",\"width\":1300,\"height\":732},{\"@type\":\"BreadcrumbList\",\"@id\":\"https:\\\/\\\/www.fcbarcelonanoticias.com\\\/en\\\/laliga\\\/madrid-2-0-levante-mbappe-and-asensio-give-arbeloa-breathing-room_315771_102.html#breadcrumb\",\"itemListElement\":[{\"@type\":\"ListItem\",\"position\":1,\"name\":\"Portada\",\"item\":\"https:\\\/\\\/www.fcbarcelonanoticias.com\\\/en\\\/\"},{\"@type\":\"ListItem\",\"position\":2,\"name\":\"Real Madrid 2-0 Levante: Mbapp\u00e9 and Asensio calm the Bernab\u00e9u&#8217;s anger and revive the LaLiga fight\"}]},{\"@type\":\"WebSite\",\"@id\":\"https:\\\/\\\/www.fcbarcelonanoticias.com\\\/en\\\/#website\",\"url\":\"https:\\\/\\\/www.fcbarcelonanoticias.com\\\/en\\\/\",\"name\":\"EN - FC Barcelona Noticias\",\"description\":\"\",\"potentialAction\":[{\"@type\":\"SearchAction\",\"target\":{\"@type\":\"EntryPoint\",\"urlTemplate\":\"https:\\\/\\\/www.fcbarcelonanoticias.com\\\/en\\\/?s={search_term_string}\"},\"query-input\":{\"@type\":\"PropertyValueSpecification\",\"valueRequired\":true,\"valueName\":\"search_term_string\"}}],\"inLanguage\":\"en-US\"},{\"@type\":\"Person\",\"@id\":\"https:\\\/\\\/www.fcbarcelonanoticias.com\\\/en\\\/#\\\/schema\\\/person\\\/c2cd9f6fa1af5c0d0eccd0fefa575c88\",\"name\":\"Andr\u00e9s Quiroz\",\"image\":{\"@type\":\"ImageObject\",\"inLanguage\":\"en-US\",\"@id\":\"https:\\\/\\\/secure.gravatar.com\\\/avatar\\\/?s=96&d=mm&r=g\",\"url\":\"https:\\\/\\\/secure.gravatar.com\\\/avatar\\\/?s=96&d=mm&r=g\",\"contentUrl\":\"https:\\\/\\\/secure.gravatar.com\\\/avatar\\\/?s=96&d=mm&r=g\",\"caption\":\"Andr\u00e9s Quiroz\"},\"description\":\"Licenciado en Periodismo por la Universidad de los Andes. Me encargo de analizar y compartir los contenidos m\u00e1s destacados de la\u00a0actualidad del F\u00fatbol Club Barcelona, Mercado de Fichajes y F\u00fatbol Internacional en FCBN. La informaci\u00f3n es poder, pero tambi\u00e9n conocimiento.\",\"url\":\"https:\\\/\\\/www.fcbarcelonanoticias.com\\\/en\\\/fc-barcelona\\\/andres-quiroz_17_115.html\"}]}<\/script>\n<!-- \/ Yoast SEO plugin. -->","yoast_head_json":{"title":"Madrid 2-0 Levante: Mbapp\u00e9 and Asensio give Arbeloa breathing room","description":"Real Madrid returned to winning ways against Levante (2-0), putting Los Blancos just 1 point behind Bar\u00e7a, who visit Real Sociedad on Sunday","robots":{"index":"index","follow":"follow","max-snippet":"max-snippet:-1","max-image-preview":"max-image-preview:large","max-video-preview":"max-video-preview:-1"},"canonical":"https:\/\/www.fcbarcelonanoticias.com\/en\/laliga\/madrid-2-0-levante-mbappe-and-asensio-give-arbeloa-breathing-room_315771_102.html","og_locale":"en_US","og_type":"article","og_title":"Madrid 2-0 Levante: Mbapp\u00e9 and Asensio give Arbeloa breathing room","og_description":"Real Madrid returned to winning ways against Levante (2-0), putting Los Blancos just 1 point behind Bar\u00e7a, who visit Real Sociedad on Sunday","og_url":"https:\/\/www.fcbarcelonanoticias.com\/en\/laliga\/madrid-2-0-levante-mbappe-and-asensio-give-arbeloa-breathing-room_315771_102.html","og_site_name":"EN - FC Barcelona Noticias","article_published_time":"2026-01-17T15:44:00+00:00","article_modified_time":"2026-03-27T10:35:36+00:00","og_image":[{"width":1300,"height":732,"url":"https:\/\/www.fcbarcelonanoticias.com\/en\/wp-content\/uploads\/sites\/2\/2026\/01\/asencio-mbappe-v-levante-laliga.jpeg","type":"image\/jpeg"}],"author":"Andr\u00e9s Quiroz","twitter_card":"summary_large_image","twitter_misc":{"Written by":"Andr\u00e9s Quiroz","Est. reading time":"4 minutes"},"schema":{"@context":"https:\/\/schema.org","@graph":[{"@type":"Article","@id":"https:\/\/www.fcbarcelonanoticias.com\/en\/laliga\/madrid-2-0-levante-mbappe-and-asensio-give-arbeloa-breathing-room_315771_102.html#article","isPartOf":{"@id":"https:\/\/www.fcbarcelonanoticias.com\/en\/laliga\/madrid-2-0-levante-mbappe-and-asensio-give-arbeloa-breathing-room_315771_102.html"},"author":{"name":"Andr\u00e9s Quiroz","@id":"https:\/\/www.fcbarcelonanoticias.com\/en\/#\/schema\/person\/c2cd9f6fa1af5c0d0eccd0fefa575c88"},"headline":"Real Madrid 2-0 Levante: Mbapp\u00e9 and Asensio calm the Bernab\u00e9u&#8217;s anger and revive the LaLiga fight","datePublished":"2026-01-17T15:44:00+00:00","dateModified":"2026-03-27T10:35:36+00:00","mainEntityOfPage":{"@id":"https:\/\/www.fcbarcelonanoticias.com\/en\/laliga\/madrid-2-0-levante-mbappe-and-asensio-give-arbeloa-breathing-room_315771_102.html"},"wordCount":802,"image":{"@id":"https:\/\/www.fcbarcelonanoticias.com\/en\/laliga\/madrid-2-0-levante-mbappe-and-asensio-give-arbeloa-breathing-room_315771_102.html#primaryimage"},"thumbnailUrl":"https:\/\/www.fcbarcelonanoticias.com\/en\/wp-content\/uploads\/sites\/2\/2026\/01\/asencio-mbappe-v-levante-laliga.jpeg","keywords":["FC Barcelona Results","Levante UD","Mbapp\u00e9"],"articleSection":["LaLiga","LaLiga"],"inLanguage":"en-US"},{"@type":"WebPage","@id":"https:\/\/www.fcbarcelonanoticias.com\/en\/laliga\/madrid-2-0-levante-mbappe-and-asensio-give-arbeloa-breathing-room_315771_102.html","url":"https:\/\/www.fcbarcelonanoticias.com\/en\/laliga\/madrid-2-0-levante-mbappe-and-asensio-give-arbeloa-breathing-room_315771_102.html","name":"Madrid 2-0 Levante: Mbapp\u00e9 and Asensio give Arbeloa breathing room","isPartOf":{"@id":"https:\/\/www.fcbarcelonanoticias.com\/en\/#website"},"primaryImageOfPage":{"@id":"https:\/\/www.fcbarcelonanoticias.com\/en\/laliga\/madrid-2-0-levante-mbappe-and-asensio-give-arbeloa-breathing-room_315771_102.html#primaryimage"},"image":{"@id":"https:\/\/www.fcbarcelonanoticias.com\/en\/laliga\/madrid-2-0-levante-mbappe-and-asensio-give-arbeloa-breathing-room_315771_102.html#primaryimage"},"thumbnailUrl":"https:\/\/www.fcbarcelonanoticias.com\/en\/wp-content\/uploads\/sites\/2\/2026\/01\/asencio-mbappe-v-levante-laliga.jpeg","datePublished":"2026-01-17T15:44:00+00:00","dateModified":"2026-03-27T10:35:36+00:00","author":{"@id":"https:\/\/www.fcbarcelonanoticias.com\/en\/#\/schema\/person\/c2cd9f6fa1af5c0d0eccd0fefa575c88"},"description":"Real Madrid returned to winning ways against Levante (2-0), putting Los Blancos just 1 point behind Bar\u00e7a, who visit Real Sociedad on Sunday","breadcrumb":{"@id":"https:\/\/www.fcbarcelonanoticias.com\/en\/laliga\/madrid-2-0-levante-mbappe-and-asensio-give-arbeloa-breathing-room_315771_102.html#breadcrumb"},"inLanguage":"en-US","potentialAction":[{"@type":"ReadAction","target":["https:\/\/www.fcbarcelonanoticias.com\/en\/laliga\/madrid-2-0-levante-mbappe-and-asensio-give-arbeloa-breathing-room_315771_102.html"]}]},{"@type":"ImageObject","inLanguage":"en-US","@id":"https:\/\/www.fcbarcelonanoticias.com\/en\/laliga\/madrid-2-0-levante-mbappe-and-asensio-give-arbeloa-breathing-room_315771_102.html#primaryimage","url":"https:\/\/www.fcbarcelonanoticias.com\/en\/wp-content\/uploads\/sites\/2\/2026\/01\/asencio-mbappe-v-levante-laliga.jpeg","contentUrl":"https:\/\/www.fcbarcelonanoticias.com\/en\/wp-content\/uploads\/sites\/2\/2026\/01\/asencio-mbappe-v-levante-laliga.jpeg","width":1300,"height":732},{"@type":"BreadcrumbList","@id":"https:\/\/www.fcbarcelonanoticias.com\/en\/laliga\/madrid-2-0-levante-mbappe-and-asensio-give-arbeloa-breathing-room_315771_102.html#breadcrumb","itemListElement":[{"@type":"ListItem","position":1,"name":"Portada","item":"https:\/\/www.fcbarcelonanoticias.com\/en\/"},{"@type":"ListItem","position":2,"name":"Real Madrid 2-0 Levante: Mbapp\u00e9 and Asensio calm the Bernab\u00e9u&#8217;s anger and revive the LaLiga fight"}]},{"@type":"WebSite","@id":"https:\/\/www.fcbarcelonanoticias.com\/en\/#website","url":"https:\/\/www.fcbarcelonanoticias.com\/en\/","name":"EN - FC Barcelona Noticias","description":"","potentialAction":[{"@type":"SearchAction","target":{"@type":"EntryPoint","urlTemplate":"https:\/\/www.fcbarcelonanoticias.com\/en\/?s={search_term_string}"},"query-input":{"@type":"PropertyValueSpecification","valueRequired":true,"valueName":"search_term_string"}}],"inLanguage":"en-US"},{"@type":"Person","@id":"https:\/\/www.fcbarcelonanoticias.com\/en\/#\/schema\/person\/c2cd9f6fa1af5c0d0eccd0fefa575c88","name":"Andr\u00e9s Quiroz","image":{"@type":"ImageObject","inLanguage":"en-US","@id":"https:\/\/secure.gravatar.com\/avatar\/?s=96&d=mm&r=g","url":"https:\/\/secure.gravatar.com\/avatar\/?s=96&d=mm&r=g","contentUrl":"https:\/\/secure.gravatar.com\/avatar\/?s=96&d=mm&r=g","caption":"Andr\u00e9s Quiroz"},"description":"Licenciado en Periodismo por la Universidad de los Andes. Me encargo de analizar y compartir los contenidos m\u00e1s destacados de la\u00a0actualidad del F\u00fatbol Club Barcelona, Mercado de Fichajes y F\u00fatbol Internacional en FCBN. La informaci\u00f3n es poder, pero tambi\u00e9n conocimiento.","url":"https:\/\/www.fcbarcelonanoticias.com\/en\/fc-barcelona\/andres-quiroz_17_115.html"}]}},"_links":{"self":[{"href":"https:\/\/www.fcbarcelonanoticias.com\/en\/wp-json\/wp\/v2\/posts\/117900","targetHints":{"allow":["GET"]}}],"collection":[{"href":"https:\/\/www.fcbarcelonanoticias.com\/en\/wp-json\/wp\/v2\/posts"}],"about":[{"href":"https:\/\/www.fcbarcelonanoticias.com\/en\/wp-json\/wp\/v2\/types\/post"}],"author":[{"embeddable":true,"href":"https:\/\/www.fcbarcelonanoticias.com\/en\/wp-json\/wp\/v2\/users\/347"}],"replies":[{"embeddable":true,"href":"https:\/\/www.fcbarcelonanoticias.com\/en\/wp-json\/wp\/v2\/comments?post=117900"}],"version-history":[{"count":2,"href":"https:\/\/www.fcbarcelonanoticias.com\/en\/wp-json\/wp\/v2\/posts\/117900\/revisions"}],"predecessor-version":[{"id":159881,"href":"https:\/\/www.fcbarcelonanoticias.com\/en\/wp-json\/wp\/v2\/posts\/117900\/revisions\/159881"}],"wp:featuredmedia":[{"embeddable":true,"href":"https:\/\/www.fcbarcelonanoticias.com\/en\/wp-json\/wp\/v2\/media\/117903"}],"wp:attachment":[{"href":"https:\/\/www.fcbarcelonanoticias.com\/en\/wp-json\/wp\/v2\/media?parent=117900"}],"wp:term":[{"taxonomy":"category","embeddable":true,"href":"https:\/\/www.fcbarcelonanoticias.com\/en\/wp-json\/wp\/v2\/categories?post=117900"},{"taxonomy":"post_tag","embeddable":true,"href":"https:\/\/www.fcbarcelonanoticias.com\/en\/wp-json\/wp\/v2\/tags?post=117900"}],"curies":[{"name":"wp","href":"https:\/\/api.w.org\/{rel}","templated":true}]}}