{"id":117928,"date":"2025-11-29T15:46:00","date_gmt":"2025-11-29T14:46:00","guid":{"rendered":"https:\/\/weisetech.dev\/fc-barcelona-noticias\/en\/marc-bernal-starter-459-days-later-for-fc-barcelona_315368_102\/"},"modified":"2025-11-29T15:53:00","modified_gmt":"2025-11-29T14:53:00","slug":"marc-bernal-starter-459-days-later-for-fc-barcelona_315368_102","status":"publish","type":"post","link":"https:\/\/www.fcbarcelonanoticias.com\/en\/laliga\/marc-bernal-starter-459-days-later-for-fc-barcelona_315368_102.html","title":{"rendered":"Marc Bernal: starter 459 days later for FC Barcelona"},"content":{"rendered":"<h2 class=\"wp-block-heading\">Marc Bernal is the big surprise in Hansi Flick&#8217;s starting XI for the Bar\u00e7a-Alav\u00e9s match. The midfielder will start for the first time in 25\/26, 459 days after his serious knee injury<\/h2>  \r\n<div class=\"article-addons\">\r\n    <a href=\"https:\/\/www.fcbarcelonanoticias.com\/en\/calendar-fc-barcelona.html\"\r\n       target=\"_self\"\r\n       title=\"Calendar of FC Barcelona\"\r\n       class=\"blue-gredient-btn\">\r\n       \r\n        Calendar of FC Barcelona    <\/a>\r\n<\/div>   <p><strong>F\u00fatbol Club Barcelona<\/strong> hosts <strong>Deportivo Alav\u00e9s<\/strong> this Saturday at the <strong>Spotify Camp Nou<\/strong> with important changes in <a data-external=\"0\" data-intl-links-en=\"https:\/\/www.fcbarcelonanoticias.com\/en\/laliga\/fc-barcelona-vs-alaves-confirmed-lineups-laliga-25-26_315367_102.html\" data-intl-links-es=\"https:\/\/www.fcbarcelonanoticias.com\/laliga\/fc-barcelona-vs-alaves-alineaciones-confirmadas-laliga-25-26_315367_102.html\" href=\"https:\/\/www.fcbarcelonanoticias.com\/en\/laliga\/fc-barcelona-vs-alaves-confirmed-lineups-laliga-25-26_315367_102.html\" rel=\"follow\" target=\"_self\" title=\"FC Barcelona vs Alav\u00e9s: confirmed lineups - LaLiga 2025\/26\">their lineup<\/a>. <strong>Hansi Flick<\/strong> has once again tweaked his defense with <strong>Eric Garc\u00eda<\/strong> moving to right-back instead of <strong>Jules Kound\u00e9<\/strong>. However, the main novelty is the presence of <strong>Marc Bernal<\/strong> from the start.<\/p>  <p>The 18-year-old midfielder, now recovered from <a data-external=\"0\" data-intl-links-en=\"https:\/\/www.fcbarcelonanoticias.com\/en\/fc-barcelona\/marc-bernal-is-sincere-after-learning-of-his-serious-injury_306891_102.html\" data-intl-links-es=\"https:\/\/www.fcbarcelonanoticias.com\/fc-barcelona\/marc-bernal-se-sincera-conocerse-su-grave-lesion_306891_102.html\" href=\"https:\/\/www.fcbarcelonanoticias.com\/en\/fc-barcelona\/marc-bernal-is-sincere-after-learning-of-his-serious-injury_306891_102.html\" rel=\"follow\" target=\"_self\" title=\"Marc Bernal se sincera tras conocerse su grave lesi\u00f3n\">the serious knee injury he suffered in Vallecas<\/a> on August 27, 2024, had been a regular substitute until now. It&#8217;s no wonder, as he has barely accumulated 48 minutes of action in 2025\/26, spread across six appearances.<\/p>  <p>Bernal is the player with the least playing time in the Bar\u00e7a squad so far and, in that regard, Flick has taken advantage of Alav\u00e9s&#8217; visit to start him 459 days after his unfortunate injury against Rayo. <a data-external=\"0\" data-intl-links-en=\"https:\/\/www.fcbarcelonanoticias.com\/en\/fc-barcelona\/marc-casado-could-take-advantage-of-pedri-absence-striking-substitution-in-london_315340_102.html\" data-intl-links-es=\"https:\/\/www.fcbarcelonanoticias.com\/fc-barcelona\/marc-casado-no-pudo-aprovechar-baja-pedri-llamativa-suplencia-londres_315340_102.html\" href=\"https:\/\/www.fcbarcelonanoticias.com\/en\/fc-barcelona\/marc-casado-could-take-advantage-of-pedri-absence-striking-substitution-in-london_315340_102.html\" rel=\"follow\" target=\"_self\" title=\"Marc Casad\u00f3 no pudo aprovechar la baja de Pedri: llamativa suplencia en Londres\">Marc Casad\u00f3<\/a> will be his partner in the defensive double pivot, while <strong>Dani Olmo<\/strong> appears as the team&#8217;s attacking midfielder.<\/p>  <p>In their last appearance as starters, Pedri and Raphinha completed the Bar\u00e7a midfield, in an XI that featured Lamine Yamal, Ferran Torres, and Robert Lewandowski in the attacking trident.<\/p>  <h2>Frenkie de Jong&#8217;s absence opens the door for Marc Bernal in the XI<\/h2>  <p>Against Alav\u00e9s, <strong>Frenkie de Jong<\/strong> was supposed to start, but the Dutchman was a last-minute absentee <strong>for family reasons<\/strong>. This allowed Marc Bernal to enjoy his first start, on a day when Pedri receives medical clearance after a month out injured. The Canary Islander will likely play 10-15 minutes in the second half.<\/p>  <p>The one from Berga, for his part, will only play his fifth match in LaLiga 25\/26. The &#8217;22&#8217; returned from his injury in matchday 4 against Valencia (6-0), a game in which he provided an assist in the 9 minutes he played. Afterwards, he came on at the end against Oviedo (1-3)<\/p>  <p>After five consecutive matches on the bench, he came back on for the final minutes against Elche (3-1), while last week, against Athletic (4-0), he played 16 minutes. In the Champions League, he also had 11 minutes of playing time against PSG (1-2) and another 10&#8242; in the thrashing of Olympiacos (6-1)<\/p>  <h2>Bernal enters the fight for a place in Bar\u00e7a&#8217;s starting XI<\/h2>  <p>With <strong>Ferm\u00edn L\u00f3pez<\/strong> injured and Frenkie absent, Bernal will have the opportunity to accumulate a good amount of minutes against Alav\u00e9s to prove that, once again, he can be a valuable alternative in Flick&#8217;s rotation plan. Marc started 24\/25 as a starter ahead of Casad\u00f3, when De Jong was out long-term.<\/p>  <p>After Frenkie&#8217;s return, the Dutchman regained his starting position, performing at a very high level. <strong>The &#8217;21&#8217;, along with Pedri, are undisputed in the German coach&#8217;s system<\/strong>, but the schedule always provides opportunities for everyone. In addition to Bernal and Casad\u00f3,<\/p>  <p><strong>Eric and Christensen<\/strong> can also lend a hand at the pivot position. Olmo, for his part, also took on a more sacrificial role as an interior player against Celta and Athletic, given the absences of Casad\u00f3 and De Jong himself, who also missed Matchday 13 due to suspension.<\/p>  <ul> <li>\ud83d\udccc&nbsp;<strong>Follow the match live&nbsp;<a data-external=\"0\" data-intl-links-en=\"https:\/\/www.fcbarcelonanoticias.com\/en\/tags\/fc-barcelona-vs-deportivo-alaves\" data-intl-links-es=\"https:\/\/www.fcbarcelonanoticias.com\/tags\/fc-barcelona-vs-deportivo-alaves\" href=\"https:\/\/www.fcbarcelonanoticias.com\/en\/tags\/fc-barcelona-vs-deportivo-alaves.html\" rel=\"follow\" target=\"_self\" title=\"FC Barcelona vs Deportivo Alav\u00e9s\">FC Barcelona vs Alav\u00e9s<\/a>&nbsp;on FC Barcelona Noticias and find out everything&nbsp;don&#8217;t miss a thing<\/strong> <\/li> <\/ul> ","protected":false},"excerpt":{"rendered":"<p>Marc Bernal is the big surprise in Hansi Flick&#8217;s starting XI for the Bar\u00e7a-Alav\u00e9s match. The midfielder will start for the first time in 25\/26, 459 days after his serious knee injury F\u00fatbol Club Barcelona hosts Deportivo Alav\u00e9s this Saturday at the Spotify Camp Nou with important changes in their lineup. Hansi Flick has once [&hellip;]<\/p>\n","protected":false},"author":347,"featured_media":117935,"comment_status":"closed","ping_status":"open","sticky":false,"template":"","format":"standard","meta":{"_acf_changed":false,"inline_featured_image":false,"_nextfly_llmd_date_locked":false,"footnotes":""},"categories":[448,114],"tags":[201,68,273,87,388,459],"class_list":["post-117928","post","type-post","status-publish","format-standard","has-post-thumbnail","hentry","category-laliga-2","category-laliga","tag-lineups","tag-fc-barcelona-vs-deportivo-alaves","tag-de-jong","tag-hansi-flick","tag-marc-bernal","tag-marc-bernal-2"],"acf":[],"yoast_head":"<!-- This site is optimized with the Yoast SEO plugin v27.3 - https:\/\/yoast.com\/product\/yoast-seo-wordpress\/ -->\n<title>Marc Bernal: A starter 459 days later for FC Barcelona<\/title>\n<meta name=\"description\" content=\"Marc Bernal is the big surprise in Hansi Flick&#039;s starting XI for the Bar\u00e7a-Alav\u00e9s match. The midfielder will start for the first time in 25\/26\" \/>\n<meta name=\"robots\" content=\"index, follow, max-snippet:-1, max-image-preview:large, max-video-preview:-1\" \/>\n<link rel=\"canonical\" href=\"https:\/\/www.fcbarcelonanoticias.com\/en\/laliga\/marc-bernal-starter-459-days-later-for-fc-barcelona_315368_102.html\" \/>\n<meta property=\"og:locale\" content=\"en_US\" \/>\n<meta property=\"og:type\" content=\"article\" \/>\n<meta property=\"og:title\" content=\"Marc Bernal: A starter 459 days later for FC Barcelona\" \/>\n<meta property=\"og:description\" content=\"Marc Bernal is the big surprise in Hansi Flick&#039;s starting XI for the Bar\u00e7a-Alav\u00e9s match. The midfielder will start for the first time in 25\/26\" \/>\n<meta property=\"og:url\" content=\"https:\/\/www.fcbarcelonanoticias.com\/en\/laliga\/marc-bernal-starter-459-days-later-for-fc-barcelona_315368_102.html\" \/>\n<meta property=\"og:site_name\" content=\"EN - FC Barcelona Noticias\" \/>\n<meta property=\"article:published_time\" content=\"2025-11-29T14:46:00+00:00\" \/>\n<meta property=\"article:modified_time\" content=\"2025-11-29T14:53:00+00:00\" \/>\n<meta property=\"og:image\" content=\"https:\/\/www.fcbarcelonanoticias.com\/en\/wp-content\/uploads\/sites\/2\/2025\/11\/marc-bernal-fc-barcelona-25-26.webp\" \/>\n\t<meta property=\"og:image:width\" content=\"1200\" \/>\n\t<meta property=\"og:image:height\" content=\"675\" \/>\n\t<meta property=\"og:image:type\" content=\"image\/webp\" \/>\n<meta name=\"author\" content=\"Andr\u00e9s Quiroz\" \/>\n<meta name=\"twitter:card\" content=\"summary_large_image\" \/>\n<meta name=\"twitter:label1\" content=\"Written by\" \/>\n\t<meta name=\"twitter:data1\" content=\"Andr\u00e9s Quiroz\" \/>\n\t<meta name=\"twitter:label2\" content=\"Est. reading time\" \/>\n\t<meta name=\"twitter:data2\" content=\"3 minutes\" \/>\n<script type=\"application\/ld+json\" class=\"yoast-schema-graph\">{\"@context\":\"https:\\\/\\\/schema.org\",\"@graph\":[{\"@type\":\"Article\",\"@id\":\"https:\\\/\\\/www.fcbarcelonanoticias.com\\\/en\\\/laliga\\\/marc-bernal-starter-459-days-later-for-fc-barcelona_315368_102.html#article\",\"isPartOf\":{\"@id\":\"https:\\\/\\\/www.fcbarcelonanoticias.com\\\/en\\\/laliga\\\/marc-bernal-starter-459-days-later-for-fc-barcelona_315368_102.html\"},\"author\":{\"name\":\"Andr\u00e9s Quiroz\",\"@id\":\"https:\\\/\\\/www.fcbarcelonanoticias.com\\\/en\\\/#\\\/schema\\\/person\\\/c2cd9f6fa1af5c0d0eccd0fefa575c88\"},\"headline\":\"Marc Bernal: starter 459 days later for FC Barcelona\",\"datePublished\":\"2025-11-29T14:46:00+00:00\",\"dateModified\":\"2025-11-29T14:53:00+00:00\",\"mainEntityOfPage\":{\"@id\":\"https:\\\/\\\/www.fcbarcelonanoticias.com\\\/en\\\/laliga\\\/marc-bernal-starter-459-days-later-for-fc-barcelona_315368_102.html\"},\"wordCount\":570,\"image\":{\"@id\":\"https:\\\/\\\/www.fcbarcelonanoticias.com\\\/en\\\/laliga\\\/marc-bernal-starter-459-days-later-for-fc-barcelona_315368_102.html#primaryimage\"},\"thumbnailUrl\":\"https:\\\/\\\/www.fcbarcelonanoticias.com\\\/en\\\/wp-content\\\/uploads\\\/sites\\\/2\\\/2025\\\/11\\\/marc-bernal-fc-barcelona-25-26.webp\",\"keywords\":[\"FC Barcelona Lineups\",\"FC Barcelona vs Deportivo Alav\u00e9s\",\"Frenkie de Jong\",\"Hansi Flick\",\"Marc Bernal\",\"Marc Bernal\"],\"articleSection\":[\"LaLiga\",\"LaLiga\"],\"inLanguage\":\"en-US\"},{\"@type\":\"WebPage\",\"@id\":\"https:\\\/\\\/www.fcbarcelonanoticias.com\\\/en\\\/laliga\\\/marc-bernal-starter-459-days-later-for-fc-barcelona_315368_102.html\",\"url\":\"https:\\\/\\\/www.fcbarcelonanoticias.com\\\/en\\\/laliga\\\/marc-bernal-starter-459-days-later-for-fc-barcelona_315368_102.html\",\"name\":\"Marc Bernal: A starter 459 days later for FC Barcelona\",\"isPartOf\":{\"@id\":\"https:\\\/\\\/www.fcbarcelonanoticias.com\\\/en\\\/#website\"},\"primaryImageOfPage\":{\"@id\":\"https:\\\/\\\/www.fcbarcelonanoticias.com\\\/en\\\/laliga\\\/marc-bernal-starter-459-days-later-for-fc-barcelona_315368_102.html#primaryimage\"},\"image\":{\"@id\":\"https:\\\/\\\/www.fcbarcelonanoticias.com\\\/en\\\/laliga\\\/marc-bernal-starter-459-days-later-for-fc-barcelona_315368_102.html#primaryimage\"},\"thumbnailUrl\":\"https:\\\/\\\/www.fcbarcelonanoticias.com\\\/en\\\/wp-content\\\/uploads\\\/sites\\\/2\\\/2025\\\/11\\\/marc-bernal-fc-barcelona-25-26.webp\",\"datePublished\":\"2025-11-29T14:46:00+00:00\",\"dateModified\":\"2025-11-29T14:53:00+00:00\",\"author\":{\"@id\":\"https:\\\/\\\/www.fcbarcelonanoticias.com\\\/en\\\/#\\\/schema\\\/person\\\/c2cd9f6fa1af5c0d0eccd0fefa575c88\"},\"description\":\"Marc Bernal is the big surprise in Hansi Flick's starting XI for the Bar\u00e7a-Alav\u00e9s match. The midfielder will start for the first time in 25\\\/26\",\"breadcrumb\":{\"@id\":\"https:\\\/\\\/www.fcbarcelonanoticias.com\\\/en\\\/laliga\\\/marc-bernal-starter-459-days-later-for-fc-barcelona_315368_102.html#breadcrumb\"},\"inLanguage\":\"en-US\",\"potentialAction\":[{\"@type\":\"ReadAction\",\"target\":[\"https:\\\/\\\/www.fcbarcelonanoticias.com\\\/en\\\/laliga\\\/marc-bernal-starter-459-days-later-for-fc-barcelona_315368_102.html\"]}]},{\"@type\":\"ImageObject\",\"inLanguage\":\"en-US\",\"@id\":\"https:\\\/\\\/www.fcbarcelonanoticias.com\\\/en\\\/laliga\\\/marc-bernal-starter-459-days-later-for-fc-barcelona_315368_102.html#primaryimage\",\"url\":\"https:\\\/\\\/www.fcbarcelonanoticias.com\\\/en\\\/wp-content\\\/uploads\\\/sites\\\/2\\\/2025\\\/11\\\/marc-bernal-fc-barcelona-25-26.webp\",\"contentUrl\":\"https:\\\/\\\/www.fcbarcelonanoticias.com\\\/en\\\/wp-content\\\/uploads\\\/sites\\\/2\\\/2025\\\/11\\\/marc-bernal-fc-barcelona-25-26.webp\",\"width\":1200,\"height\":675},{\"@type\":\"BreadcrumbList\",\"@id\":\"https:\\\/\\\/www.fcbarcelonanoticias.com\\\/en\\\/laliga\\\/marc-bernal-starter-459-days-later-for-fc-barcelona_315368_102.html#breadcrumb\",\"itemListElement\":[{\"@type\":\"ListItem\",\"position\":1,\"name\":\"Portada\",\"item\":\"https:\\\/\\\/www.fcbarcelonanoticias.com\\\/en\\\/\"},{\"@type\":\"ListItem\",\"position\":2,\"name\":\"Marc Bernal: starter 459 days later for FC Barcelona\"}]},{\"@type\":\"WebSite\",\"@id\":\"https:\\\/\\\/www.fcbarcelonanoticias.com\\\/en\\\/#website\",\"url\":\"https:\\\/\\\/www.fcbarcelonanoticias.com\\\/en\\\/\",\"name\":\"EN - FC Barcelona Noticias\",\"description\":\"\",\"potentialAction\":[{\"@type\":\"SearchAction\",\"target\":{\"@type\":\"EntryPoint\",\"urlTemplate\":\"https:\\\/\\\/www.fcbarcelonanoticias.com\\\/en\\\/?s={search_term_string}\"},\"query-input\":{\"@type\":\"PropertyValueSpecification\",\"valueRequired\":true,\"valueName\":\"search_term_string\"}}],\"inLanguage\":\"en-US\"},{\"@type\":\"Person\",\"@id\":\"https:\\\/\\\/www.fcbarcelonanoticias.com\\\/en\\\/#\\\/schema\\\/person\\\/c2cd9f6fa1af5c0d0eccd0fefa575c88\",\"name\":\"Andr\u00e9s Quiroz\",\"image\":{\"@type\":\"ImageObject\",\"inLanguage\":\"en-US\",\"@id\":\"https:\\\/\\\/secure.gravatar.com\\\/avatar\\\/?s=96&d=mm&r=g\",\"url\":\"https:\\\/\\\/secure.gravatar.com\\\/avatar\\\/?s=96&d=mm&r=g\",\"contentUrl\":\"https:\\\/\\\/secure.gravatar.com\\\/avatar\\\/?s=96&d=mm&r=g\",\"caption\":\"Andr\u00e9s Quiroz\"},\"description\":\"Licenciado en Periodismo por la Universidad de los Andes. Me encargo de analizar y compartir los contenidos m\u00e1s destacados de la\u00a0actualidad del F\u00fatbol Club Barcelona, Mercado de Fichajes y F\u00fatbol Internacional en FCBN. La informaci\u00f3n es poder, pero tambi\u00e9n conocimiento.\",\"url\":\"https:\\\/\\\/www.fcbarcelonanoticias.com\\\/en\\\/fc-barcelona\\\/andres-quiroz_17_115.html\"}]}<\/script>\n<!-- \/ Yoast SEO plugin. -->","yoast_head_json":{"title":"Marc Bernal: A starter 459 days later for FC Barcelona","description":"Marc Bernal is the big surprise in Hansi Flick's starting XI for the Bar\u00e7a-Alav\u00e9s match. The midfielder will start for the first time in 25\/26","robots":{"index":"index","follow":"follow","max-snippet":"max-snippet:-1","max-image-preview":"max-image-preview:large","max-video-preview":"max-video-preview:-1"},"canonical":"https:\/\/www.fcbarcelonanoticias.com\/en\/laliga\/marc-bernal-starter-459-days-later-for-fc-barcelona_315368_102.html","og_locale":"en_US","og_type":"article","og_title":"Marc Bernal: A starter 459 days later for FC Barcelona","og_description":"Marc Bernal is the big surprise in Hansi Flick's starting XI for the Bar\u00e7a-Alav\u00e9s match. The midfielder will start for the first time in 25\/26","og_url":"https:\/\/www.fcbarcelonanoticias.com\/en\/laliga\/marc-bernal-starter-459-days-later-for-fc-barcelona_315368_102.html","og_site_name":"EN - FC Barcelona Noticias","article_published_time":"2025-11-29T14:46:00+00:00","article_modified_time":"2025-11-29T14:53:00+00:00","og_image":[{"width":1200,"height":675,"url":"https:\/\/www.fcbarcelonanoticias.com\/en\/wp-content\/uploads\/sites\/2\/2025\/11\/marc-bernal-fc-barcelona-25-26.webp","type":"image\/webp"}],"author":"Andr\u00e9s Quiroz","twitter_card":"summary_large_image","twitter_misc":{"Written by":"Andr\u00e9s Quiroz","Est. reading time":"3 minutes"},"schema":{"@context":"https:\/\/schema.org","@graph":[{"@type":"Article","@id":"https:\/\/www.fcbarcelonanoticias.com\/en\/laliga\/marc-bernal-starter-459-days-later-for-fc-barcelona_315368_102.html#article","isPartOf":{"@id":"https:\/\/www.fcbarcelonanoticias.com\/en\/laliga\/marc-bernal-starter-459-days-later-for-fc-barcelona_315368_102.html"},"author":{"name":"Andr\u00e9s Quiroz","@id":"https:\/\/www.fcbarcelonanoticias.com\/en\/#\/schema\/person\/c2cd9f6fa1af5c0d0eccd0fefa575c88"},"headline":"Marc Bernal: starter 459 days later for FC Barcelona","datePublished":"2025-11-29T14:46:00+00:00","dateModified":"2025-11-29T14:53:00+00:00","mainEntityOfPage":{"@id":"https:\/\/www.fcbarcelonanoticias.com\/en\/laliga\/marc-bernal-starter-459-days-later-for-fc-barcelona_315368_102.html"},"wordCount":570,"image":{"@id":"https:\/\/www.fcbarcelonanoticias.com\/en\/laliga\/marc-bernal-starter-459-days-later-for-fc-barcelona_315368_102.html#primaryimage"},"thumbnailUrl":"https:\/\/www.fcbarcelonanoticias.com\/en\/wp-content\/uploads\/sites\/2\/2025\/11\/marc-bernal-fc-barcelona-25-26.webp","keywords":["FC Barcelona Lineups","FC Barcelona vs Deportivo Alav\u00e9s","Frenkie de Jong","Hansi Flick","Marc Bernal","Marc Bernal"],"articleSection":["LaLiga","LaLiga"],"inLanguage":"en-US"},{"@type":"WebPage","@id":"https:\/\/www.fcbarcelonanoticias.com\/en\/laliga\/marc-bernal-starter-459-days-later-for-fc-barcelona_315368_102.html","url":"https:\/\/www.fcbarcelonanoticias.com\/en\/laliga\/marc-bernal-starter-459-days-later-for-fc-barcelona_315368_102.html","name":"Marc Bernal: A starter 459 days later for FC Barcelona","isPartOf":{"@id":"https:\/\/www.fcbarcelonanoticias.com\/en\/#website"},"primaryImageOfPage":{"@id":"https:\/\/www.fcbarcelonanoticias.com\/en\/laliga\/marc-bernal-starter-459-days-later-for-fc-barcelona_315368_102.html#primaryimage"},"image":{"@id":"https:\/\/www.fcbarcelonanoticias.com\/en\/laliga\/marc-bernal-starter-459-days-later-for-fc-barcelona_315368_102.html#primaryimage"},"thumbnailUrl":"https:\/\/www.fcbarcelonanoticias.com\/en\/wp-content\/uploads\/sites\/2\/2025\/11\/marc-bernal-fc-barcelona-25-26.webp","datePublished":"2025-11-29T14:46:00+00:00","dateModified":"2025-11-29T14:53:00+00:00","author":{"@id":"https:\/\/www.fcbarcelonanoticias.com\/en\/#\/schema\/person\/c2cd9f6fa1af5c0d0eccd0fefa575c88"},"description":"Marc Bernal is the big surprise in Hansi Flick's starting XI for the Bar\u00e7a-Alav\u00e9s match. The midfielder will start for the first time in 25\/26","breadcrumb":{"@id":"https:\/\/www.fcbarcelonanoticias.com\/en\/laliga\/marc-bernal-starter-459-days-later-for-fc-barcelona_315368_102.html#breadcrumb"},"inLanguage":"en-US","potentialAction":[{"@type":"ReadAction","target":["https:\/\/www.fcbarcelonanoticias.com\/en\/laliga\/marc-bernal-starter-459-days-later-for-fc-barcelona_315368_102.html"]}]},{"@type":"ImageObject","inLanguage":"en-US","@id":"https:\/\/www.fcbarcelonanoticias.com\/en\/laliga\/marc-bernal-starter-459-days-later-for-fc-barcelona_315368_102.html#primaryimage","url":"https:\/\/www.fcbarcelonanoticias.com\/en\/wp-content\/uploads\/sites\/2\/2025\/11\/marc-bernal-fc-barcelona-25-26.webp","contentUrl":"https:\/\/www.fcbarcelonanoticias.com\/en\/wp-content\/uploads\/sites\/2\/2025\/11\/marc-bernal-fc-barcelona-25-26.webp","width":1200,"height":675},{"@type":"BreadcrumbList","@id":"https:\/\/www.fcbarcelonanoticias.com\/en\/laliga\/marc-bernal-starter-459-days-later-for-fc-barcelona_315368_102.html#breadcrumb","itemListElement":[{"@type":"ListItem","position":1,"name":"Portada","item":"https:\/\/www.fcbarcelonanoticias.com\/en\/"},{"@type":"ListItem","position":2,"name":"Marc Bernal: starter 459 days later for FC Barcelona"}]},{"@type":"WebSite","@id":"https:\/\/www.fcbarcelonanoticias.com\/en\/#website","url":"https:\/\/www.fcbarcelonanoticias.com\/en\/","name":"EN - FC Barcelona Noticias","description":"","potentialAction":[{"@type":"SearchAction","target":{"@type":"EntryPoint","urlTemplate":"https:\/\/www.fcbarcelonanoticias.com\/en\/?s={search_term_string}"},"query-input":{"@type":"PropertyValueSpecification","valueRequired":true,"valueName":"search_term_string"}}],"inLanguage":"en-US"},{"@type":"Person","@id":"https:\/\/www.fcbarcelonanoticias.com\/en\/#\/schema\/person\/c2cd9f6fa1af5c0d0eccd0fefa575c88","name":"Andr\u00e9s Quiroz","image":{"@type":"ImageObject","inLanguage":"en-US","@id":"https:\/\/secure.gravatar.com\/avatar\/?s=96&d=mm&r=g","url":"https:\/\/secure.gravatar.com\/avatar\/?s=96&d=mm&r=g","contentUrl":"https:\/\/secure.gravatar.com\/avatar\/?s=96&d=mm&r=g","caption":"Andr\u00e9s Quiroz"},"description":"Licenciado en Periodismo por la Universidad de los Andes. Me encargo de analizar y compartir los contenidos m\u00e1s destacados de la\u00a0actualidad del F\u00fatbol Club Barcelona, Mercado de Fichajes y F\u00fatbol Internacional en FCBN. La informaci\u00f3n es poder, pero tambi\u00e9n conocimiento.","url":"https:\/\/www.fcbarcelonanoticias.com\/en\/fc-barcelona\/andres-quiroz_17_115.html"}]}},"_links":{"self":[{"href":"https:\/\/www.fcbarcelonanoticias.com\/en\/wp-json\/wp\/v2\/posts\/117928","targetHints":{"allow":["GET"]}}],"collection":[{"href":"https:\/\/www.fcbarcelonanoticias.com\/en\/wp-json\/wp\/v2\/posts"}],"about":[{"href":"https:\/\/www.fcbarcelonanoticias.com\/en\/wp-json\/wp\/v2\/types\/post"}],"author":[{"embeddable":true,"href":"https:\/\/www.fcbarcelonanoticias.com\/en\/wp-json\/wp\/v2\/users\/347"}],"replies":[{"embeddable":true,"href":"https:\/\/www.fcbarcelonanoticias.com\/en\/wp-json\/wp\/v2\/comments?post=117928"}],"version-history":[{"count":1,"href":"https:\/\/www.fcbarcelonanoticias.com\/en\/wp-json\/wp\/v2\/posts\/117928\/revisions"}],"predecessor-version":[{"id":149576,"href":"https:\/\/www.fcbarcelonanoticias.com\/en\/wp-json\/wp\/v2\/posts\/117928\/revisions\/149576"}],"wp:featuredmedia":[{"embeddable":true,"href":"https:\/\/www.fcbarcelonanoticias.com\/en\/wp-json\/wp\/v2\/media\/117935"}],"wp:attachment":[{"href":"https:\/\/www.fcbarcelonanoticias.com\/en\/wp-json\/wp\/v2\/media?parent=117928"}],"wp:term":[{"taxonomy":"category","embeddable":true,"href":"https:\/\/www.fcbarcelonanoticias.com\/en\/wp-json\/wp\/v2\/categories?post=117928"},{"taxonomy":"post_tag","embeddable":true,"href":"https:\/\/www.fcbarcelonanoticias.com\/en\/wp-json\/wp\/v2\/tags?post=117928"}],"curies":[{"name":"wp","href":"https:\/\/api.w.org\/{rel}","templated":true}]}}