{"id":118022,"date":"2025-11-22T16:12:00","date_gmt":"2025-11-22T15:12:00","guid":{"rendered":"https:\/\/weisetech.dev\/fc-barcelona-noticias\/en\/marcus-rashford-out-for-barca-athletic-at-camp-nou_315299_102\/"},"modified":"2026-04-16T09:04:17","modified_gmt":"2026-04-16T07:04:17","slug":"marcus-rashford-out-for-barca-athletic-at-camp-nou_315299_102","status":"publish","type":"post","link":"https:\/\/www.fcbarcelonanoticias.com\/en\/laliga\/marcus-rashford-out-for-barca-athletic-at-camp-nou_315299_102.html","title":{"rendered":"Rashford misses his first match with Barcelona: discover the reason"},"content":{"rendered":"<h2 class=\"wp-block-heading\">Marcus Rashford is out for Bar\u00e7a-Athletic in LaLiga Matchday 13. The Englishman played the first 16 games of the 25\/26 season, but will not be available for the return to Spotify Camp Nou<\/h2>  \r\n<div class=\"article-addons\">\r\n    <a href=\"https:\/\/www.fcbarcelonanoticias.com\/en\/calendar-fc-barcelona.html\"\r\n       target=\"_self\"\r\n       title=\"Calendar of FC Barcelona\"\r\n       class=\"blue-gredient-btn\">\r\n       \r\n        Calendar of FC Barcelona    <\/a>\r\n<\/div>   <p><strong>FC Barcelona<\/strong> confirmed the absence of <strong>Marcus Rashford<\/strong> for matchday 13 of <a data-external=\"0\" data-intl-links-en=\"https:\/\/www.fcbarcelonanoticias.com\/en\/laliga\" data-intl-links-es=\"https:\/\/www.fcbarcelonanoticias.com\/laliga\" href=\"https:\/\/www.fcbarcelonanoticias.com\/en\/football-soccer\/laliga.html\" rel=\"follow\" target=\"_self\" title=\"LaLiga\">LaLiga EA Sports 2025\/26<\/a>. The English winger, a starter in the last 10 games for <strong>Hansi Flick<\/strong>&#8216;s team, will miss the match against Athletic Club &#8220;<strong>due to flu symptoms<\/strong>,&#8221; according to the <a data-external=\"1\" href=\"https:\/\/x.com\/en\/FCBarcelona_es\/status\/1992221233954640014\" rel=\"nofollow\" target=\"_blank\" title=\"Comunicado m\u00e9dico del Bar\u00e7a: Marcus Rashford\">medical report<\/a> issued by the club before the game.<\/p>  <p>&#8216;Rashy&#8217; was unable to train in Thursday and Friday&#8217;s sessions for this reason, although he was present at the Ciutat Esportiva on Friday. The &#8217;14&#8217; played with England against **Serbia** (2-0) and **Albania** (0-2), accumulating 65 and 15 minutes in both appearances, respectively.<\/p>  <p>However, after his return to Catalonia, he suffered flu-like symptoms that have kept him sidelined for the first time this season. <strong>Marcus is the forward with the most minutes on the squad (1,134&#8242;)<\/strong> and the only one who, until now, had participated in all league (12) and Champions League (4) matches.<\/p>  <h2>When will Rashford play for Barcelona again?<\/h2>  <p>As it is a flu process, Rashford should have no problem traveling to London next Monday and <strong>being back against Chelsea<\/strong>, on Tuesday the 25th at Stamford Bridge (21:00 h). The 28-year-old forward has already scored braces against <a data-external=\"0\" data-intl-links-en=\"https:\/\/www.fcbarcelonanoticias.com\/en\/champions-league\/marcus-rashford-historic-double-and-mvp-against-newcastle_314739_102.html\" data-intl-links-es=\"https:\/\/www.fcbarcelonanoticias.com\/champions-league\/rashford-su-1a-noche-estelar-con-barca-doblete-historico-mvp-contra-newcastle_314739_102.html\" href=\"https:\/\/www.fcbarcelonanoticias.com\/en\/champions-league\/marcus-rashford-historic-double-and-mvp-against-newcastle_314739_102.html\" rel=\"follow\" target=\"_self\" title=\"Rashford y su 1\u00aa noche estelar con el Bar\u00e7a: Doblete hist\u00f3rico y MVP contra Newcastle\">Newcastle (1-2)<\/a> and <strong>Olympiacos (6-1)<\/strong> in the Champions League, in addition to providing a couple of assists in the first four matchdays<\/p>  <p>Against Chelsea, Marcus scored 6 goals and provided 5 assists in 21 matches for Manchester United. Barring a surprise, the England international should return to the starting lineup, given that Raphinha still needs several days to regain competitive rhythm.<\/p>  <h2>Bar\u00e7a loses Rashford in return to Spotify Camp Nou, but recovers Joan Garc\u00eda and Raphinha<\/h2>  <p>For now, Rashford is Bar\u00e7a&#8217;s assist leader with 8 and has the most goal involvements at the start of the season (14), after scoring 6 goals in his first 16 appearances as a Culer. Against Athletic, Ferran Torres will take his place on the left wing, completing the attacking trident alongside Lamine Yamal and Robert Lewandowski.<\/p>  <p>Flick, while losing the Englishman for the 13th matchday of LaLiga, welcomes back **Joan Garc\u00eda and Raphinha**, both injured since last September 25th during the visit to Oviedo. <a data-external=\"0\" data-intl-links-en=\"https:\/\/www.fcbarcelonanoticias.com\/en\/laliga\/fc-barcelona-vs-athletic-confirmed-lineups-laliga-25-26_315298_102.html\" data-intl-links-es=\"https:\/\/www.fcbarcelonanoticias.com\/laliga\/fc-barcelona-vs-athletic-club-alineaciones-confirmadas-laliga-2025-26_315298_102.html\" href=\"https:\/\/www.fcbarcelonanoticias.com\/en\/laliga\/fc-barcelona-vs-athletic-confirmed-lineups-laliga-25-26_315298_102.html\" rel=\"follow\" target=\"_self\" title=\"FC Barcelona vs Athletic Club: alineaciones confirmadas - LaLiga 2025\/26\">The goalkeeper will start on his return<\/a>, while **the Brazilian expects to play 15-20 minutes** in the second half.<\/p>  <p>The &#8217;11&#8217; had the most trouble recovering from his right thigh injury. <strong>Rapha thought he would be available for the Cl\u00e1sico against Real Madrid<\/strong>, but he relapsed with his hamstring discomfort. Joan, for his part, completed the expected recovery time after undergoing surgery on his left meniscus.<\/p>  <ul> <li> <strong>\ud83d\udc49<\/strong>&nbsp;Follow all the latest news about the Catalan team in FC Barcelona News and check the&nbsp;<a href=\"https:\/\/www.fcbarcelonanoticias.com\/calendario-fcbarcelona.html\">updated calendar<\/a>&nbsp;for upcoming commitments.<\/li> <\/ul> ","protected":false},"excerpt":{"rendered":"<p>Marcus Rashford is out for Bar\u00e7a-Athletic in LaLiga Matchday 13. The Englishman played the first 16 games of the 25\/26 season, but will not be available for the return to Spotify Camp Nou FC Barcelona confirmed the absence of Marcus Rashford for matchday 13 of LaLiga EA Sports 2025\/26. The English winger, a starter in [&hellip;]<\/p>\n","protected":false},"author":347,"featured_media":118025,"comment_status":"closed","ping_status":"open","sticky":false,"template":"","format":"standard","meta":{"_acf_changed":false,"inline_featured_image":false,"_nextfly_llmd_date_locked":false,"footnotes":""},"categories":[448,114],"tags":[189,136,466,250],"class_list":["post-118022","post","type-post","status-publish","format-standard","has-post-thumbnail","hentry","category-laliga-2","category-laliga","tag-fc-barcelona-vs-athletic-club","tag-injured","tag-marcus-rashford-2","tag-marcus-rashford"],"acf":[],"yoast_head":"<!-- This site is optimized with the Yoast SEO plugin v27.3 - https:\/\/yoast.com\/product\/yoast-seo-wordpress\/ -->\n<title>Marcus Rashford: out for Bar\u00e7a-Athletic at Camp Nou<\/title>\n<meta name=\"description\" content=\"Marcus Rashford is out for the Bar\u00e7a-Athletic match in J13 of La Liga. The Englishman played the first 16 games of 25\/26, scoring 6 goals and 8 assists\" \/>\n<meta name=\"robots\" content=\"index, follow, max-snippet:-1, max-image-preview:large, max-video-preview:-1\" \/>\n<link rel=\"canonical\" href=\"https:\/\/www.fcbarcelonanoticias.com\/en\/laliga\/marcus-rashford-out-for-barca-athletic-at-camp-nou_315299_102.html\" \/>\n<meta property=\"og:locale\" content=\"en_US\" \/>\n<meta property=\"og:type\" content=\"article\" \/>\n<meta property=\"og:title\" content=\"Marcus Rashford: out for Bar\u00e7a-Athletic at Camp Nou\" \/>\n<meta property=\"og:description\" content=\"Marcus Rashford is out for the Bar\u00e7a-Athletic match in J13 of La Liga. The Englishman played the first 16 games of 25\/26, scoring 6 goals and 8 assists\" \/>\n<meta property=\"og:url\" content=\"https:\/\/www.fcbarcelonanoticias.com\/en\/laliga\/marcus-rashford-out-for-barca-athletic-at-camp-nou_315299_102.html\" \/>\n<meta property=\"og:site_name\" content=\"EN - FC Barcelona Noticias\" \/>\n<meta property=\"article:published_time\" content=\"2025-11-22T15:12:00+00:00\" \/>\n<meta property=\"article:modified_time\" content=\"2026-04-16T07:04:17+00:00\" \/>\n<meta property=\"og:image\" content=\"https:\/\/www.fcbarcelonanoticias.com\/en\/wp-content\/uploads\/sites\/2\/2025\/11\/rashford-v-real-madrid-laliga.webp\" \/>\n\t<meta property=\"og:image:width\" content=\"1200\" \/>\n\t<meta property=\"og:image:height\" content=\"675\" \/>\n\t<meta property=\"og:image:type\" content=\"image\/webp\" \/>\n<meta name=\"author\" content=\"Andr\u00e9s Quiroz\" \/>\n<meta name=\"twitter:card\" content=\"summary_large_image\" \/>\n<meta name=\"twitter:label1\" content=\"Written by\" \/>\n\t<meta name=\"twitter:data1\" content=\"Andr\u00e9s Quiroz\" \/>\n\t<meta name=\"twitter:label2\" content=\"Est. reading time\" \/>\n\t<meta name=\"twitter:data2\" content=\"2 minutes\" \/>\n<script type=\"application\/ld+json\" class=\"yoast-schema-graph\">{\"@context\":\"https:\\\/\\\/schema.org\",\"@graph\":[{\"@type\":\"Article\",\"@id\":\"https:\\\/\\\/www.fcbarcelonanoticias.com\\\/en\\\/laliga\\\/marcus-rashford-out-for-barca-athletic-at-camp-nou_315299_102.html#article\",\"isPartOf\":{\"@id\":\"https:\\\/\\\/www.fcbarcelonanoticias.com\\\/en\\\/laliga\\\/marcus-rashford-out-for-barca-athletic-at-camp-nou_315299_102.html\"},\"author\":{\"name\":\"Andr\u00e9s Quiroz\",\"@id\":\"https:\\\/\\\/www.fcbarcelonanoticias.com\\\/en\\\/#\\\/schema\\\/person\\\/c2cd9f6fa1af5c0d0eccd0fefa575c88\"},\"headline\":\"Rashford misses his first match with Barcelona: discover the reason\",\"datePublished\":\"2025-11-22T15:12:00+00:00\",\"dateModified\":\"2026-04-16T07:04:17+00:00\",\"mainEntityOfPage\":{\"@id\":\"https:\\\/\\\/www.fcbarcelonanoticias.com\\\/en\\\/laliga\\\/marcus-rashford-out-for-barca-athletic-at-camp-nou_315299_102.html\"},\"wordCount\":473,\"image\":{\"@id\":\"https:\\\/\\\/www.fcbarcelonanoticias.com\\\/en\\\/laliga\\\/marcus-rashford-out-for-barca-athletic-at-camp-nou_315299_102.html#primaryimage\"},\"thumbnailUrl\":\"https:\\\/\\\/www.fcbarcelonanoticias.com\\\/en\\\/wp-content\\\/uploads\\\/sites\\\/2\\\/2025\\\/11\\\/rashford-v-real-madrid-laliga.webp\",\"keywords\":[\"FC Barcelona vs Athletic Club\",\"injured\",\"Marcus Rashford\",\"Marcus Rashford\"],\"articleSection\":[\"LaLiga\",\"LaLiga\"],\"inLanguage\":\"en-US\"},{\"@type\":\"WebPage\",\"@id\":\"https:\\\/\\\/www.fcbarcelonanoticias.com\\\/en\\\/laliga\\\/marcus-rashford-out-for-barca-athletic-at-camp-nou_315299_102.html\",\"url\":\"https:\\\/\\\/www.fcbarcelonanoticias.com\\\/en\\\/laliga\\\/marcus-rashford-out-for-barca-athletic-at-camp-nou_315299_102.html\",\"name\":\"Marcus Rashford: out for Bar\u00e7a-Athletic at Camp Nou\",\"isPartOf\":{\"@id\":\"https:\\\/\\\/www.fcbarcelonanoticias.com\\\/en\\\/#website\"},\"primaryImageOfPage\":{\"@id\":\"https:\\\/\\\/www.fcbarcelonanoticias.com\\\/en\\\/laliga\\\/marcus-rashford-out-for-barca-athletic-at-camp-nou_315299_102.html#primaryimage\"},\"image\":{\"@id\":\"https:\\\/\\\/www.fcbarcelonanoticias.com\\\/en\\\/laliga\\\/marcus-rashford-out-for-barca-athletic-at-camp-nou_315299_102.html#primaryimage\"},\"thumbnailUrl\":\"https:\\\/\\\/www.fcbarcelonanoticias.com\\\/en\\\/wp-content\\\/uploads\\\/sites\\\/2\\\/2025\\\/11\\\/rashford-v-real-madrid-laliga.webp\",\"datePublished\":\"2025-11-22T15:12:00+00:00\",\"dateModified\":\"2026-04-16T07:04:17+00:00\",\"author\":{\"@id\":\"https:\\\/\\\/www.fcbarcelonanoticias.com\\\/en\\\/#\\\/schema\\\/person\\\/c2cd9f6fa1af5c0d0eccd0fefa575c88\"},\"description\":\"Marcus Rashford is out for the Bar\u00e7a-Athletic match in J13 of La Liga. The Englishman played the first 16 games of 25\\\/26, scoring 6 goals and 8 assists\",\"breadcrumb\":{\"@id\":\"https:\\\/\\\/www.fcbarcelonanoticias.com\\\/en\\\/laliga\\\/marcus-rashford-out-for-barca-athletic-at-camp-nou_315299_102.html#breadcrumb\"},\"inLanguage\":\"en-US\",\"potentialAction\":[{\"@type\":\"ReadAction\",\"target\":[\"https:\\\/\\\/www.fcbarcelonanoticias.com\\\/en\\\/laliga\\\/marcus-rashford-out-for-barca-athletic-at-camp-nou_315299_102.html\"]}]},{\"@type\":\"ImageObject\",\"inLanguage\":\"en-US\",\"@id\":\"https:\\\/\\\/www.fcbarcelonanoticias.com\\\/en\\\/laliga\\\/marcus-rashford-out-for-barca-athletic-at-camp-nou_315299_102.html#primaryimage\",\"url\":\"https:\\\/\\\/www.fcbarcelonanoticias.com\\\/en\\\/wp-content\\\/uploads\\\/sites\\\/2\\\/2025\\\/11\\\/rashford-v-real-madrid-laliga.webp\",\"contentUrl\":\"https:\\\/\\\/www.fcbarcelonanoticias.com\\\/en\\\/wp-content\\\/uploads\\\/sites\\\/2\\\/2025\\\/11\\\/rashford-v-real-madrid-laliga.webp\",\"width\":1200,\"height\":675},{\"@type\":\"BreadcrumbList\",\"@id\":\"https:\\\/\\\/www.fcbarcelonanoticias.com\\\/en\\\/laliga\\\/marcus-rashford-out-for-barca-athletic-at-camp-nou_315299_102.html#breadcrumb\",\"itemListElement\":[{\"@type\":\"ListItem\",\"position\":1,\"name\":\"Portada\",\"item\":\"https:\\\/\\\/www.fcbarcelonanoticias.com\\\/en\\\/\"},{\"@type\":\"ListItem\",\"position\":2,\"name\":\"Rashford misses his first match with Barcelona: discover the reason\"}]},{\"@type\":\"WebSite\",\"@id\":\"https:\\\/\\\/www.fcbarcelonanoticias.com\\\/en\\\/#website\",\"url\":\"https:\\\/\\\/www.fcbarcelonanoticias.com\\\/en\\\/\",\"name\":\"EN - FC Barcelona Noticias\",\"description\":\"\",\"potentialAction\":[{\"@type\":\"SearchAction\",\"target\":{\"@type\":\"EntryPoint\",\"urlTemplate\":\"https:\\\/\\\/www.fcbarcelonanoticias.com\\\/en\\\/?s={search_term_string}\"},\"query-input\":{\"@type\":\"PropertyValueSpecification\",\"valueRequired\":true,\"valueName\":\"search_term_string\"}}],\"inLanguage\":\"en-US\"},{\"@type\":\"Person\",\"@id\":\"https:\\\/\\\/www.fcbarcelonanoticias.com\\\/en\\\/#\\\/schema\\\/person\\\/c2cd9f6fa1af5c0d0eccd0fefa575c88\",\"name\":\"Andr\u00e9s Quiroz\",\"image\":{\"@type\":\"ImageObject\",\"inLanguage\":\"en-US\",\"@id\":\"https:\\\/\\\/secure.gravatar.com\\\/avatar\\\/?s=96&d=mm&r=g\",\"url\":\"https:\\\/\\\/secure.gravatar.com\\\/avatar\\\/?s=96&d=mm&r=g\",\"contentUrl\":\"https:\\\/\\\/secure.gravatar.com\\\/avatar\\\/?s=96&d=mm&r=g\",\"caption\":\"Andr\u00e9s Quiroz\"},\"description\":\"Licenciado en Periodismo por la Universidad de los Andes. Me encargo de analizar y compartir los contenidos m\u00e1s destacados de la\u00a0actualidad del F\u00fatbol Club Barcelona, Mercado de Fichajes y F\u00fatbol Internacional en FCBN. La informaci\u00f3n es poder, pero tambi\u00e9n conocimiento.\",\"url\":\"https:\\\/\\\/www.fcbarcelonanoticias.com\\\/en\\\/fc-barcelona\\\/andres-quiroz_17_115.html\"}]}<\/script>\n<!-- \/ Yoast SEO plugin. -->","yoast_head_json":{"title":"Marcus Rashford: out for Bar\u00e7a-Athletic at Camp Nou","description":"Marcus Rashford is out for the Bar\u00e7a-Athletic match in J13 of La Liga. The Englishman played the first 16 games of 25\/26, scoring 6 goals and 8 assists","robots":{"index":"index","follow":"follow","max-snippet":"max-snippet:-1","max-image-preview":"max-image-preview:large","max-video-preview":"max-video-preview:-1"},"canonical":"https:\/\/www.fcbarcelonanoticias.com\/en\/laliga\/marcus-rashford-out-for-barca-athletic-at-camp-nou_315299_102.html","og_locale":"en_US","og_type":"article","og_title":"Marcus Rashford: out for Bar\u00e7a-Athletic at Camp Nou","og_description":"Marcus Rashford is out for the Bar\u00e7a-Athletic match in J13 of La Liga. The Englishman played the first 16 games of 25\/26, scoring 6 goals and 8 assists","og_url":"https:\/\/www.fcbarcelonanoticias.com\/en\/laliga\/marcus-rashford-out-for-barca-athletic-at-camp-nou_315299_102.html","og_site_name":"EN - FC Barcelona Noticias","article_published_time":"2025-11-22T15:12:00+00:00","article_modified_time":"2026-04-16T07:04:17+00:00","og_image":[{"width":1200,"height":675,"url":"https:\/\/www.fcbarcelonanoticias.com\/en\/wp-content\/uploads\/sites\/2\/2025\/11\/rashford-v-real-madrid-laliga.webp","type":"image\/webp"}],"author":"Andr\u00e9s Quiroz","twitter_card":"summary_large_image","twitter_misc":{"Written by":"Andr\u00e9s Quiroz","Est. reading time":"2 minutes"},"schema":{"@context":"https:\/\/schema.org","@graph":[{"@type":"Article","@id":"https:\/\/www.fcbarcelonanoticias.com\/en\/laliga\/marcus-rashford-out-for-barca-athletic-at-camp-nou_315299_102.html#article","isPartOf":{"@id":"https:\/\/www.fcbarcelonanoticias.com\/en\/laliga\/marcus-rashford-out-for-barca-athletic-at-camp-nou_315299_102.html"},"author":{"name":"Andr\u00e9s Quiroz","@id":"https:\/\/www.fcbarcelonanoticias.com\/en\/#\/schema\/person\/c2cd9f6fa1af5c0d0eccd0fefa575c88"},"headline":"Rashford misses his first match with Barcelona: discover the reason","datePublished":"2025-11-22T15:12:00+00:00","dateModified":"2026-04-16T07:04:17+00:00","mainEntityOfPage":{"@id":"https:\/\/www.fcbarcelonanoticias.com\/en\/laliga\/marcus-rashford-out-for-barca-athletic-at-camp-nou_315299_102.html"},"wordCount":473,"image":{"@id":"https:\/\/www.fcbarcelonanoticias.com\/en\/laliga\/marcus-rashford-out-for-barca-athletic-at-camp-nou_315299_102.html#primaryimage"},"thumbnailUrl":"https:\/\/www.fcbarcelonanoticias.com\/en\/wp-content\/uploads\/sites\/2\/2025\/11\/rashford-v-real-madrid-laliga.webp","keywords":["FC Barcelona vs Athletic Club","injured","Marcus Rashford","Marcus Rashford"],"articleSection":["LaLiga","LaLiga"],"inLanguage":"en-US"},{"@type":"WebPage","@id":"https:\/\/www.fcbarcelonanoticias.com\/en\/laliga\/marcus-rashford-out-for-barca-athletic-at-camp-nou_315299_102.html","url":"https:\/\/www.fcbarcelonanoticias.com\/en\/laliga\/marcus-rashford-out-for-barca-athletic-at-camp-nou_315299_102.html","name":"Marcus Rashford: out for Bar\u00e7a-Athletic at Camp Nou","isPartOf":{"@id":"https:\/\/www.fcbarcelonanoticias.com\/en\/#website"},"primaryImageOfPage":{"@id":"https:\/\/www.fcbarcelonanoticias.com\/en\/laliga\/marcus-rashford-out-for-barca-athletic-at-camp-nou_315299_102.html#primaryimage"},"image":{"@id":"https:\/\/www.fcbarcelonanoticias.com\/en\/laliga\/marcus-rashford-out-for-barca-athletic-at-camp-nou_315299_102.html#primaryimage"},"thumbnailUrl":"https:\/\/www.fcbarcelonanoticias.com\/en\/wp-content\/uploads\/sites\/2\/2025\/11\/rashford-v-real-madrid-laliga.webp","datePublished":"2025-11-22T15:12:00+00:00","dateModified":"2026-04-16T07:04:17+00:00","author":{"@id":"https:\/\/www.fcbarcelonanoticias.com\/en\/#\/schema\/person\/c2cd9f6fa1af5c0d0eccd0fefa575c88"},"description":"Marcus Rashford is out for the Bar\u00e7a-Athletic match in J13 of La Liga. The Englishman played the first 16 games of 25\/26, scoring 6 goals and 8 assists","breadcrumb":{"@id":"https:\/\/www.fcbarcelonanoticias.com\/en\/laliga\/marcus-rashford-out-for-barca-athletic-at-camp-nou_315299_102.html#breadcrumb"},"inLanguage":"en-US","potentialAction":[{"@type":"ReadAction","target":["https:\/\/www.fcbarcelonanoticias.com\/en\/laliga\/marcus-rashford-out-for-barca-athletic-at-camp-nou_315299_102.html"]}]},{"@type":"ImageObject","inLanguage":"en-US","@id":"https:\/\/www.fcbarcelonanoticias.com\/en\/laliga\/marcus-rashford-out-for-barca-athletic-at-camp-nou_315299_102.html#primaryimage","url":"https:\/\/www.fcbarcelonanoticias.com\/en\/wp-content\/uploads\/sites\/2\/2025\/11\/rashford-v-real-madrid-laliga.webp","contentUrl":"https:\/\/www.fcbarcelonanoticias.com\/en\/wp-content\/uploads\/sites\/2\/2025\/11\/rashford-v-real-madrid-laliga.webp","width":1200,"height":675},{"@type":"BreadcrumbList","@id":"https:\/\/www.fcbarcelonanoticias.com\/en\/laliga\/marcus-rashford-out-for-barca-athletic-at-camp-nou_315299_102.html#breadcrumb","itemListElement":[{"@type":"ListItem","position":1,"name":"Portada","item":"https:\/\/www.fcbarcelonanoticias.com\/en\/"},{"@type":"ListItem","position":2,"name":"Rashford misses his first match with Barcelona: discover the reason"}]},{"@type":"WebSite","@id":"https:\/\/www.fcbarcelonanoticias.com\/en\/#website","url":"https:\/\/www.fcbarcelonanoticias.com\/en\/","name":"EN - FC Barcelona Noticias","description":"","potentialAction":[{"@type":"SearchAction","target":{"@type":"EntryPoint","urlTemplate":"https:\/\/www.fcbarcelonanoticias.com\/en\/?s={search_term_string}"},"query-input":{"@type":"PropertyValueSpecification","valueRequired":true,"valueName":"search_term_string"}}],"inLanguage":"en-US"},{"@type":"Person","@id":"https:\/\/www.fcbarcelonanoticias.com\/en\/#\/schema\/person\/c2cd9f6fa1af5c0d0eccd0fefa575c88","name":"Andr\u00e9s Quiroz","image":{"@type":"ImageObject","inLanguage":"en-US","@id":"https:\/\/secure.gravatar.com\/avatar\/?s=96&d=mm&r=g","url":"https:\/\/secure.gravatar.com\/avatar\/?s=96&d=mm&r=g","contentUrl":"https:\/\/secure.gravatar.com\/avatar\/?s=96&d=mm&r=g","caption":"Andr\u00e9s Quiroz"},"description":"Licenciado en Periodismo por la Universidad de los Andes. Me encargo de analizar y compartir los contenidos m\u00e1s destacados de la\u00a0actualidad del F\u00fatbol Club Barcelona, Mercado de Fichajes y F\u00fatbol Internacional en FCBN. La informaci\u00f3n es poder, pero tambi\u00e9n conocimiento.","url":"https:\/\/www.fcbarcelonanoticias.com\/en\/fc-barcelona\/andres-quiroz_17_115.html"}]}},"_links":{"self":[{"href":"https:\/\/www.fcbarcelonanoticias.com\/en\/wp-json\/wp\/v2\/posts\/118022","targetHints":{"allow":["GET"]}}],"collection":[{"href":"https:\/\/www.fcbarcelonanoticias.com\/en\/wp-json\/wp\/v2\/posts"}],"about":[{"href":"https:\/\/www.fcbarcelonanoticias.com\/en\/wp-json\/wp\/v2\/types\/post"}],"author":[{"embeddable":true,"href":"https:\/\/www.fcbarcelonanoticias.com\/en\/wp-json\/wp\/v2\/users\/347"}],"replies":[{"embeddable":true,"href":"https:\/\/www.fcbarcelonanoticias.com\/en\/wp-json\/wp\/v2\/comments?post=118022"}],"version-history":[{"count":2,"href":"https:\/\/www.fcbarcelonanoticias.com\/en\/wp-json\/wp\/v2\/posts\/118022\/revisions"}],"predecessor-version":[{"id":163555,"href":"https:\/\/www.fcbarcelonanoticias.com\/en\/wp-json\/wp\/v2\/posts\/118022\/revisions\/163555"}],"wp:featuredmedia":[{"embeddable":true,"href":"https:\/\/www.fcbarcelonanoticias.com\/en\/wp-json\/wp\/v2\/media\/118025"}],"wp:attachment":[{"href":"https:\/\/www.fcbarcelonanoticias.com\/en\/wp-json\/wp\/v2\/media?parent=118022"}],"wp:term":[{"taxonomy":"category","embeddable":true,"href":"https:\/\/www.fcbarcelonanoticias.com\/en\/wp-json\/wp\/v2\/categories?post=118022"},{"taxonomy":"post_tag","embeddable":true,"href":"https:\/\/www.fcbarcelonanoticias.com\/en\/wp-json\/wp\/v2\/tags?post=118022"}],"curies":[{"name":"wp","href":"https:\/\/api.w.org\/{rel}","templated":true}]}}