{"id":118105,"date":"2025-11-02T22:06:00","date_gmt":"2025-11-02T21:06:00","guid":{"rendered":"https:\/\/weisetech.dev\/fc-barcelona-noticias\/en\/marcus-rashford-goal-and-mvp-in-barca-elche-match-laliga-md-11_315176_102\/"},"modified":"2026-03-27T11:35:37","modified_gmt":"2026-03-27T10:35:37","slug":"marcus-rashford-goal-and-mvp-in-barca-elche-match-laliga-md-11_315176_102","status":"publish","type":"post","link":"https:\/\/www.fcbarcelonanoticias.com\/en\/laliga\/marcus-rashford-goal-and-mvp-in-barca-elche-match-laliga-md-11_315176_102.html","title":{"rendered":"Marcus Rashford: sixth goal of the season and first MVP in LaLiga"},"content":{"rendered":"<h2 class=\"wp-block-heading\">Marcus Rashford sealed Bar\u00e7a&#8217;s victory against Elche (3-1) with his sixth goal in the 25\/26 season. LaLiga rewarded the Englishman&#8217;s match with his first MVP in the tournament<\/h2>  \r\n<div class=\"article-addons\">\r\n    <a href=\"https:\/\/www.fcbarcelonanoticias.com\/en\/calendar-fc-barcelona.html\"\r\n       target=\"_self\"\r\n       title=\"Calendar of FC Barcelona\"\r\n       class=\"blue-gredient-btn\">\r\n       \r\n        Calendar of FC Barcelona    <\/a>\r\n<\/div>   <p><a data-external=\"0\" data-intl-links-en=\"https:\/\/www.fcbarcelonanoticias.com\/en\/laliga\/barca-doesn-fail-against-elche-and-remains-2nd-in-laliga-3-1_315170_102.html\" data-intl-links-es=\"https:\/\/www.fcbarcelonanoticias.com\/laliga\/barcelona-3-1-elche-flick-no-fallan-montjuic-recuperan-segundo-puesto-laliga_315170_102.html\" href=\"https:\/\/www.fcbarcelonanoticias.com\/en\/laliga\/barca-doesn-fail-against-elche-and-remains-2nd-in-laliga-3-1_315170_102.html\" rel=\"follow\" target=\"_self\" title=\"Barcelona 3-1 Elche: los de Flick no fallan en Montju\u00efc y recuperan el 2\u00b0 puesto en LaLiga\">FC Barcelona defeated Elche at Montju\u00efc (3-1)<\/a> on a great day for <strong>Marcus Rashford<\/strong>. In his 14th match of the season (his eleventh as a starter), the English winger scored his sixth goal, his second in <strong>LaLiga<\/strong>, where he already boasts an MVP award in the 8 victories achieved by the Bar\u00e7a team.<\/p>  <p>&#8216;Rashy&#8217;, although he wasted a couple of clear opportunities in the opening minutes of the second half, <strong>sealed the victory by taking advantage of an assist from Ferm\u00edn L\u00f3pez<\/strong> in the 61st minute. The &#8217;14&#8217; only had to push the ball into the goal, making up for two previous misses.<\/p>  <p>In the 46th minute, Rashford shot wide after receiving the ball alone on the left. The winger had <strong><a data-external=\"0\" data-intl-links-en=\"https:\/\/www.fcbarcelonanoticias.com\/en\/laliga\/ferran-torres-reaches-50-goals-with-fc-barcelona_315171_102.html\" data-intl-links-es=\"https:\/\/www.fcbarcelonanoticias.com\/laliga\/ferran-torres-llega-50-goles-con-fc-barcelona_315171_102.html\" href=\"https:\/\/www.fcbarcelonanoticias.com\/en\/laliga\/ferran-torres-reaches-50-goals-with-fc-barcelona_315171_102.html\" rel=\"follow\" target=\"_self\" title=\"\u00a1Ferran Torres llega a 50 goles con el FC Barcelona!\">Ferran Torres<\/a> and Lamine Yamal<\/strong> well-positioned to receive, but he preferred to finish the play himself. Later, in the 56th minute, the Manchester player shot at Affengruber&#8217;s body from a Ferm\u00edn pass, rushing the shot despite Balde waiting behind him.<\/p>  <h2>Marcus Rashford and Ferran Torres, Bar\u00e7a&#8217;s goalscorers in 25\/26<\/h2>  <div class=\"media media-image\" data-ck-asset-wrapper=\"\"> <div class=\"media-item\"> <img loading=\"lazy\" decoding=\"async\" alt=\"Ferrm\u00edn L\u00f3pez and Marcus Rashford celebrating Bar\u00e7a's third goal\" data-id=\"1529290\" data-resize=\"9\" height=\"563\" src=\"https:\/\/www.fcbarcelonanoticias.com\/wp-content\/uploads\/sites\/2\/2025\/11\/fcbn-515ec4a7ed9c9a1d0660ffe5de9355a0.webp\" title=\"Ferrm\u00edn L\u00f3pez and Marcus Rashford celebrating Bar\u00e7a's third goal\" width=\"1000\"><div class=\"media-title\">Ferrm\u00edn L\u00f3pez and Marcus Rashford celebrating Bar\u00e7a&#8217;s third goal<\/div> <\/div> <\/div>  <p>In the first half, Marcus also tried with a shot from mid-range that went high. Luckily, Bar\u00e7a secured the victory early with goals from Lamine and Ferran in the first 12 minutes.<\/p>  <p>Thus, <strong>the English international equals &#8216;The Shark&#8217;s&#8217; record with 6 goals<\/strong>, although the Spanish forward missed a match due to muscular problems (against Girona). Rashford, in addition, has 7 assists, making him the team&#8217;s offensive leader with 12 direct involvements in goals.<\/p>  <p>After the match, <strong>Hansi Flick<\/strong> praised the contribution of the 27-year-old forward, who has responded to the coaching staff&#8217;s confidence in him to fill in for <strong>Raphinha<\/strong>, who is expected back after the November break.<\/p>  <p>&#8220;Marcus is an incredible player. <strong>When you see the chances he had, he could have scored one or two more goals. I&#8217;m happy for him<\/strong>. He is a very important player for us,&#8221; the Bar\u00e7a coach pointed out in the post-match press conference.<\/p>  <p>Rashford had also been <a data-external=\"0\" data-intl-links-en=\"https:\/\/www.fcbarcelonanoticias.com\/en\/champions-league\/marcus-rashford-historic-double-and-mvp-against-newcastle_314739_102.html\" data-intl-links-es=\"https:\/\/www.fcbarcelonanoticias.com\/champions-league\/rashford-su-1a-noche-estelar-con-barca-doblete-historico-mvp-contra-newcastle_314739_102.html\" href=\"https:\/\/www.fcbarcelonanoticias.com\/en\/champions-league\/marcus-rashford-historic-double-and-mvp-against-newcastle_314739_102.html\" rel=\"follow\" target=\"_self\" title=\"Rashford y su 1\u00aa noche estelar con el Bar\u00e7a: Doblete hist\u00f3rico y MVP contra Newcastle\">the Bar\u00e7a MVP in the Champions League victory against Newcastle (1-2)<\/a>, a match where he scored the 2 &#8216;Cul\u00e9&#8217; goals. In the League, the &#8217;14&#8217; has participated in 7 goals in the last 8 matchdays (2 goals, 5 assists).<\/p>  <ul> <li>\ud83d\udccc<strong>YOU MAY BE INTERESTED IN<\/strong>:&nbsp;<a data-external=\"1\" href=\"https:\/\/www.fcbarcelonanoticias.com\/en\/goleadores-fc-barcelona-2025-26.html\" rel=\"nofollow\" target=\"_blank\" title=\"Bar\u00e7a Scorers 25\/26\">FC Barcelona Scorers in the 2025\/26 season<\/a> <\/li> <\/ul> <h2>Rashford&#8217;s record in the Bar\u00e7a-Elche match<\/h2>  <ol> <li> <strong>Minutes played<\/strong>: 74<\/li> \t<li> <strong>Goals<\/strong>: 1<\/li> \t<li> <strong>Assists<\/strong>: 0<\/li> \t<li> <strong>Chances created<\/strong>: 1<\/li> \t<li> <strong>Shots on target<\/strong>: 1 of 6<\/li> \t<li> <strong>Passes completed<\/strong>: 16 of 23 (70%)<\/li> \t<li> <strong>Dribbles<\/strong>: 3 of 7 (43%)<\/li> \t<li> <strong>Duels won<\/strong>: 5 of 9 (60%)<\/li> \t<li> <strong>Balls recovered<\/strong>: 1<\/li> \t<li> <strong>Defensive actions<\/strong>: 1<\/li> \t<li> <strong>Fouls received<\/strong>: 1<\/li> <\/ol> ","protected":false},"excerpt":{"rendered":"<p>Marcus Rashford sealed Bar\u00e7a&#8217;s victory against Elche (3-1) with his sixth goal in the 25\/26 season. LaLiga rewarded the Englishman&#8217;s match with his first MVP in the tournament FC Barcelona defeated Elche at Montju\u00efc (3-1) on a great day for Marcus Rashford. In his 14th match of the season (his eleventh as a starter), the [&hellip;]<\/p>\n","protected":false},"author":347,"featured_media":118108,"comment_status":"closed","ping_status":"open","sticky":false,"template":"","format":"standard","meta":{"_acf_changed":false,"inline_featured_image":false,"_nextfly_llmd_date_locked":false,"footnotes":""},"categories":[114,448],"tags":[347,191,250,466,232,157],"class_list":["post-118105","post","type-post","status-publish","format-standard","has-post-thumbnail","hentry","category-laliga","category-laliga-2","tag-elche-cf","tag-fc-barcelona-goalscorers","tag-marcus-rashford","tag-marcus-rashford-2","tag-mvp","tag-statistics"],"acf":[],"yoast_head":"<!-- This site is optimized with the Yoast SEO plugin v27.3 - https:\/\/yoast.com\/product\/yoast-seo-wordpress\/ -->\n<title>Marcus Rashford: goal and MVP in the Bar\u00e7a-Elche match - LaLiga Matchday 11<\/title>\n<meta name=\"description\" content=\"Marcus Rashford sealed Bar\u00e7a&#039;s victory against Elche (3-1) with his sixth goal in the 25\/26 season. LaLiga rewarded the Englishman&#039;s match with the MVP\" \/>\n<meta name=\"robots\" content=\"index, follow, max-snippet:-1, max-image-preview:large, max-video-preview:-1\" \/>\n<link rel=\"canonical\" href=\"https:\/\/www.fcbarcelonanoticias.com\/en\/laliga\/marcus-rashford-goal-and-mvp-in-barca-elche-match-laliga-md-11_315176_102.html\" \/>\n<meta property=\"og:locale\" content=\"en_US\" \/>\n<meta property=\"og:type\" content=\"article\" \/>\n<meta property=\"og:title\" content=\"Marcus Rashford: goal and MVP in the Bar\u00e7a-Elche match - LaLiga Matchday 11\" \/>\n<meta property=\"og:description\" content=\"Marcus Rashford sealed Bar\u00e7a&#039;s victory against Elche (3-1) with his sixth goal in the 25\/26 season. LaLiga rewarded the Englishman&#039;s match with the MVP\" \/>\n<meta property=\"og:url\" content=\"https:\/\/www.fcbarcelonanoticias.com\/en\/laliga\/marcus-rashford-goal-and-mvp-in-barca-elche-match-laliga-md-11_315176_102.html\" \/>\n<meta property=\"og:site_name\" content=\"EN - FC Barcelona Noticias\" \/>\n<meta property=\"article:published_time\" content=\"2025-11-02T21:06:00+00:00\" \/>\n<meta property=\"article:modified_time\" content=\"2026-03-27T10:35:37+00:00\" \/>\n<meta property=\"og:image\" content=\"https:\/\/www.fcbarcelonanoticias.com\/en\/wp-content\/uploads\/sites\/2\/2025\/11\/marcus-rashford-v-elche-laliga.webp\" \/>\n\t<meta property=\"og:image:width\" content=\"1200\" \/>\n\t<meta property=\"og:image:height\" content=\"675\" \/>\n\t<meta property=\"og:image:type\" content=\"image\/webp\" \/>\n<meta name=\"author\" content=\"Andr\u00e9s Quiroz\" \/>\n<meta name=\"twitter:card\" content=\"summary_large_image\" \/>\n<meta name=\"twitter:label1\" content=\"Written by\" \/>\n\t<meta name=\"twitter:data1\" content=\"Andr\u00e9s Quiroz\" \/>\n\t<meta name=\"twitter:label2\" content=\"Est. reading time\" \/>\n\t<meta name=\"twitter:data2\" content=\"2 minutes\" \/>\n<script type=\"application\/ld+json\" class=\"yoast-schema-graph\">{\"@context\":\"https:\\\/\\\/schema.org\",\"@graph\":[{\"@type\":\"Article\",\"@id\":\"https:\\\/\\\/www.fcbarcelonanoticias.com\\\/en\\\/laliga\\\/marcus-rashford-goal-and-mvp-in-barca-elche-match-laliga-md-11_315176_102.html#article\",\"isPartOf\":{\"@id\":\"https:\\\/\\\/www.fcbarcelonanoticias.com\\\/en\\\/laliga\\\/marcus-rashford-goal-and-mvp-in-barca-elche-match-laliga-md-11_315176_102.html\"},\"author\":{\"name\":\"Andr\u00e9s Quiroz\",\"@id\":\"https:\\\/\\\/www.fcbarcelonanoticias.com\\\/en\\\/#\\\/schema\\\/person\\\/c2cd9f6fa1af5c0d0eccd0fefa575c88\"},\"headline\":\"Marcus Rashford: sixth goal of the season and first MVP in LaLiga\",\"datePublished\":\"2025-11-02T21:06:00+00:00\",\"dateModified\":\"2026-03-27T10:35:37+00:00\",\"mainEntityOfPage\":{\"@id\":\"https:\\\/\\\/www.fcbarcelonanoticias.com\\\/en\\\/laliga\\\/marcus-rashford-goal-and-mvp-in-barca-elche-match-laliga-md-11_315176_102.html\"},\"wordCount\":466,\"image\":{\"@id\":\"https:\\\/\\\/www.fcbarcelonanoticias.com\\\/en\\\/laliga\\\/marcus-rashford-goal-and-mvp-in-barca-elche-match-laliga-md-11_315176_102.html#primaryimage\"},\"thumbnailUrl\":\"https:\\\/\\\/www.fcbarcelonanoticias.com\\\/en\\\/wp-content\\\/uploads\\\/sites\\\/2\\\/2025\\\/11\\\/marcus-rashford-v-elche-laliga.webp\",\"keywords\":[\"Elche CF\",\"FC Barcelona Goalscorers\",\"Marcus Rashford\",\"Marcus Rashford\",\"MVP FC Barcelona\",\"Statistics\"],\"articleSection\":[\"LaLiga\",\"LaLiga\"],\"inLanguage\":\"en-US\"},{\"@type\":\"WebPage\",\"@id\":\"https:\\\/\\\/www.fcbarcelonanoticias.com\\\/en\\\/laliga\\\/marcus-rashford-goal-and-mvp-in-barca-elche-match-laliga-md-11_315176_102.html\",\"url\":\"https:\\\/\\\/www.fcbarcelonanoticias.com\\\/en\\\/laliga\\\/marcus-rashford-goal-and-mvp-in-barca-elche-match-laliga-md-11_315176_102.html\",\"name\":\"Marcus Rashford: goal and MVP in the Bar\u00e7a-Elche match - LaLiga Matchday 11\",\"isPartOf\":{\"@id\":\"https:\\\/\\\/www.fcbarcelonanoticias.com\\\/en\\\/#website\"},\"primaryImageOfPage\":{\"@id\":\"https:\\\/\\\/www.fcbarcelonanoticias.com\\\/en\\\/laliga\\\/marcus-rashford-goal-and-mvp-in-barca-elche-match-laliga-md-11_315176_102.html#primaryimage\"},\"image\":{\"@id\":\"https:\\\/\\\/www.fcbarcelonanoticias.com\\\/en\\\/laliga\\\/marcus-rashford-goal-and-mvp-in-barca-elche-match-laliga-md-11_315176_102.html#primaryimage\"},\"thumbnailUrl\":\"https:\\\/\\\/www.fcbarcelonanoticias.com\\\/en\\\/wp-content\\\/uploads\\\/sites\\\/2\\\/2025\\\/11\\\/marcus-rashford-v-elche-laliga.webp\",\"datePublished\":\"2025-11-02T21:06:00+00:00\",\"dateModified\":\"2026-03-27T10:35:37+00:00\",\"author\":{\"@id\":\"https:\\\/\\\/www.fcbarcelonanoticias.com\\\/en\\\/#\\\/schema\\\/person\\\/c2cd9f6fa1af5c0d0eccd0fefa575c88\"},\"description\":\"Marcus Rashford sealed Bar\u00e7a's victory against Elche (3-1) with his sixth goal in the 25\\\/26 season. LaLiga rewarded the Englishman's match with the MVP\",\"breadcrumb\":{\"@id\":\"https:\\\/\\\/www.fcbarcelonanoticias.com\\\/en\\\/laliga\\\/marcus-rashford-goal-and-mvp-in-barca-elche-match-laliga-md-11_315176_102.html#breadcrumb\"},\"inLanguage\":\"en-US\",\"potentialAction\":[{\"@type\":\"ReadAction\",\"target\":[\"https:\\\/\\\/www.fcbarcelonanoticias.com\\\/en\\\/laliga\\\/marcus-rashford-goal-and-mvp-in-barca-elche-match-laliga-md-11_315176_102.html\"]}]},{\"@type\":\"ImageObject\",\"inLanguage\":\"en-US\",\"@id\":\"https:\\\/\\\/www.fcbarcelonanoticias.com\\\/en\\\/laliga\\\/marcus-rashford-goal-and-mvp-in-barca-elche-match-laliga-md-11_315176_102.html#primaryimage\",\"url\":\"https:\\\/\\\/www.fcbarcelonanoticias.com\\\/en\\\/wp-content\\\/uploads\\\/sites\\\/2\\\/2025\\\/11\\\/marcus-rashford-v-elche-laliga.webp\",\"contentUrl\":\"https:\\\/\\\/www.fcbarcelonanoticias.com\\\/en\\\/wp-content\\\/uploads\\\/sites\\\/2\\\/2025\\\/11\\\/marcus-rashford-v-elche-laliga.webp\",\"width\":1200,\"height\":675},{\"@type\":\"BreadcrumbList\",\"@id\":\"https:\\\/\\\/www.fcbarcelonanoticias.com\\\/en\\\/laliga\\\/marcus-rashford-goal-and-mvp-in-barca-elche-match-laliga-md-11_315176_102.html#breadcrumb\",\"itemListElement\":[{\"@type\":\"ListItem\",\"position\":1,\"name\":\"Portada\",\"item\":\"https:\\\/\\\/www.fcbarcelonanoticias.com\\\/en\\\/\"},{\"@type\":\"ListItem\",\"position\":2,\"name\":\"Marcus Rashford: sixth goal of the season and first MVP in LaLiga\"}]},{\"@type\":\"WebSite\",\"@id\":\"https:\\\/\\\/www.fcbarcelonanoticias.com\\\/en\\\/#website\",\"url\":\"https:\\\/\\\/www.fcbarcelonanoticias.com\\\/en\\\/\",\"name\":\"EN - FC Barcelona Noticias\",\"description\":\"\",\"potentialAction\":[{\"@type\":\"SearchAction\",\"target\":{\"@type\":\"EntryPoint\",\"urlTemplate\":\"https:\\\/\\\/www.fcbarcelonanoticias.com\\\/en\\\/?s={search_term_string}\"},\"query-input\":{\"@type\":\"PropertyValueSpecification\",\"valueRequired\":true,\"valueName\":\"search_term_string\"}}],\"inLanguage\":\"en-US\"},{\"@type\":\"Person\",\"@id\":\"https:\\\/\\\/www.fcbarcelonanoticias.com\\\/en\\\/#\\\/schema\\\/person\\\/c2cd9f6fa1af5c0d0eccd0fefa575c88\",\"name\":\"Andr\u00e9s Quiroz\",\"image\":{\"@type\":\"ImageObject\",\"inLanguage\":\"en-US\",\"@id\":\"https:\\\/\\\/secure.gravatar.com\\\/avatar\\\/?s=96&d=mm&r=g\",\"url\":\"https:\\\/\\\/secure.gravatar.com\\\/avatar\\\/?s=96&d=mm&r=g\",\"contentUrl\":\"https:\\\/\\\/secure.gravatar.com\\\/avatar\\\/?s=96&d=mm&r=g\",\"caption\":\"Andr\u00e9s Quiroz\"},\"description\":\"Licenciado en Periodismo por la Universidad de los Andes. Me encargo de analizar y compartir los contenidos m\u00e1s destacados de la\u00a0actualidad del F\u00fatbol Club Barcelona, Mercado de Fichajes y F\u00fatbol Internacional en FCBN. La informaci\u00f3n es poder, pero tambi\u00e9n conocimiento.\",\"url\":\"https:\\\/\\\/www.fcbarcelonanoticias.com\\\/en\\\/fc-barcelona\\\/andres-quiroz_17_115.html\"}]}<\/script>\n<!-- \/ Yoast SEO plugin. -->","yoast_head_json":{"title":"Marcus Rashford: goal and MVP in the Bar\u00e7a-Elche match - LaLiga Matchday 11","description":"Marcus Rashford sealed Bar\u00e7a's victory against Elche (3-1) with his sixth goal in the 25\/26 season. LaLiga rewarded the Englishman's match with the MVP","robots":{"index":"index","follow":"follow","max-snippet":"max-snippet:-1","max-image-preview":"max-image-preview:large","max-video-preview":"max-video-preview:-1"},"canonical":"https:\/\/www.fcbarcelonanoticias.com\/en\/laliga\/marcus-rashford-goal-and-mvp-in-barca-elche-match-laliga-md-11_315176_102.html","og_locale":"en_US","og_type":"article","og_title":"Marcus Rashford: goal and MVP in the Bar\u00e7a-Elche match - LaLiga Matchday 11","og_description":"Marcus Rashford sealed Bar\u00e7a's victory against Elche (3-1) with his sixth goal in the 25\/26 season. LaLiga rewarded the Englishman's match with the MVP","og_url":"https:\/\/www.fcbarcelonanoticias.com\/en\/laliga\/marcus-rashford-goal-and-mvp-in-barca-elche-match-laliga-md-11_315176_102.html","og_site_name":"EN - FC Barcelona Noticias","article_published_time":"2025-11-02T21:06:00+00:00","article_modified_time":"2026-03-27T10:35:37+00:00","og_image":[{"width":1200,"height":675,"url":"https:\/\/www.fcbarcelonanoticias.com\/en\/wp-content\/uploads\/sites\/2\/2025\/11\/marcus-rashford-v-elche-laliga.webp","type":"image\/webp"}],"author":"Andr\u00e9s Quiroz","twitter_card":"summary_large_image","twitter_misc":{"Written by":"Andr\u00e9s Quiroz","Est. reading time":"2 minutes"},"schema":{"@context":"https:\/\/schema.org","@graph":[{"@type":"Article","@id":"https:\/\/www.fcbarcelonanoticias.com\/en\/laliga\/marcus-rashford-goal-and-mvp-in-barca-elche-match-laliga-md-11_315176_102.html#article","isPartOf":{"@id":"https:\/\/www.fcbarcelonanoticias.com\/en\/laliga\/marcus-rashford-goal-and-mvp-in-barca-elche-match-laliga-md-11_315176_102.html"},"author":{"name":"Andr\u00e9s Quiroz","@id":"https:\/\/www.fcbarcelonanoticias.com\/en\/#\/schema\/person\/c2cd9f6fa1af5c0d0eccd0fefa575c88"},"headline":"Marcus Rashford: sixth goal of the season and first MVP in LaLiga","datePublished":"2025-11-02T21:06:00+00:00","dateModified":"2026-03-27T10:35:37+00:00","mainEntityOfPage":{"@id":"https:\/\/www.fcbarcelonanoticias.com\/en\/laliga\/marcus-rashford-goal-and-mvp-in-barca-elche-match-laliga-md-11_315176_102.html"},"wordCount":466,"image":{"@id":"https:\/\/www.fcbarcelonanoticias.com\/en\/laliga\/marcus-rashford-goal-and-mvp-in-barca-elche-match-laliga-md-11_315176_102.html#primaryimage"},"thumbnailUrl":"https:\/\/www.fcbarcelonanoticias.com\/en\/wp-content\/uploads\/sites\/2\/2025\/11\/marcus-rashford-v-elche-laliga.webp","keywords":["Elche CF","FC Barcelona Goalscorers","Marcus Rashford","Marcus Rashford","MVP FC Barcelona","Statistics"],"articleSection":["LaLiga","LaLiga"],"inLanguage":"en-US"},{"@type":"WebPage","@id":"https:\/\/www.fcbarcelonanoticias.com\/en\/laliga\/marcus-rashford-goal-and-mvp-in-barca-elche-match-laliga-md-11_315176_102.html","url":"https:\/\/www.fcbarcelonanoticias.com\/en\/laliga\/marcus-rashford-goal-and-mvp-in-barca-elche-match-laliga-md-11_315176_102.html","name":"Marcus Rashford: goal and MVP in the Bar\u00e7a-Elche match - LaLiga Matchday 11","isPartOf":{"@id":"https:\/\/www.fcbarcelonanoticias.com\/en\/#website"},"primaryImageOfPage":{"@id":"https:\/\/www.fcbarcelonanoticias.com\/en\/laliga\/marcus-rashford-goal-and-mvp-in-barca-elche-match-laliga-md-11_315176_102.html#primaryimage"},"image":{"@id":"https:\/\/www.fcbarcelonanoticias.com\/en\/laliga\/marcus-rashford-goal-and-mvp-in-barca-elche-match-laliga-md-11_315176_102.html#primaryimage"},"thumbnailUrl":"https:\/\/www.fcbarcelonanoticias.com\/en\/wp-content\/uploads\/sites\/2\/2025\/11\/marcus-rashford-v-elche-laliga.webp","datePublished":"2025-11-02T21:06:00+00:00","dateModified":"2026-03-27T10:35:37+00:00","author":{"@id":"https:\/\/www.fcbarcelonanoticias.com\/en\/#\/schema\/person\/c2cd9f6fa1af5c0d0eccd0fefa575c88"},"description":"Marcus Rashford sealed Bar\u00e7a's victory against Elche (3-1) with his sixth goal in the 25\/26 season. LaLiga rewarded the Englishman's match with the MVP","breadcrumb":{"@id":"https:\/\/www.fcbarcelonanoticias.com\/en\/laliga\/marcus-rashford-goal-and-mvp-in-barca-elche-match-laliga-md-11_315176_102.html#breadcrumb"},"inLanguage":"en-US","potentialAction":[{"@type":"ReadAction","target":["https:\/\/www.fcbarcelonanoticias.com\/en\/laliga\/marcus-rashford-goal-and-mvp-in-barca-elche-match-laliga-md-11_315176_102.html"]}]},{"@type":"ImageObject","inLanguage":"en-US","@id":"https:\/\/www.fcbarcelonanoticias.com\/en\/laliga\/marcus-rashford-goal-and-mvp-in-barca-elche-match-laliga-md-11_315176_102.html#primaryimage","url":"https:\/\/www.fcbarcelonanoticias.com\/en\/wp-content\/uploads\/sites\/2\/2025\/11\/marcus-rashford-v-elche-laliga.webp","contentUrl":"https:\/\/www.fcbarcelonanoticias.com\/en\/wp-content\/uploads\/sites\/2\/2025\/11\/marcus-rashford-v-elche-laliga.webp","width":1200,"height":675},{"@type":"BreadcrumbList","@id":"https:\/\/www.fcbarcelonanoticias.com\/en\/laliga\/marcus-rashford-goal-and-mvp-in-barca-elche-match-laliga-md-11_315176_102.html#breadcrumb","itemListElement":[{"@type":"ListItem","position":1,"name":"Portada","item":"https:\/\/www.fcbarcelonanoticias.com\/en\/"},{"@type":"ListItem","position":2,"name":"Marcus Rashford: sixth goal of the season and first MVP in LaLiga"}]},{"@type":"WebSite","@id":"https:\/\/www.fcbarcelonanoticias.com\/en\/#website","url":"https:\/\/www.fcbarcelonanoticias.com\/en\/","name":"EN - FC Barcelona Noticias","description":"","potentialAction":[{"@type":"SearchAction","target":{"@type":"EntryPoint","urlTemplate":"https:\/\/www.fcbarcelonanoticias.com\/en\/?s={search_term_string}"},"query-input":{"@type":"PropertyValueSpecification","valueRequired":true,"valueName":"search_term_string"}}],"inLanguage":"en-US"},{"@type":"Person","@id":"https:\/\/www.fcbarcelonanoticias.com\/en\/#\/schema\/person\/c2cd9f6fa1af5c0d0eccd0fefa575c88","name":"Andr\u00e9s Quiroz","image":{"@type":"ImageObject","inLanguage":"en-US","@id":"https:\/\/secure.gravatar.com\/avatar\/?s=96&d=mm&r=g","url":"https:\/\/secure.gravatar.com\/avatar\/?s=96&d=mm&r=g","contentUrl":"https:\/\/secure.gravatar.com\/avatar\/?s=96&d=mm&r=g","caption":"Andr\u00e9s Quiroz"},"description":"Licenciado en Periodismo por la Universidad de los Andes. Me encargo de analizar y compartir los contenidos m\u00e1s destacados de la\u00a0actualidad del F\u00fatbol Club Barcelona, Mercado de Fichajes y F\u00fatbol Internacional en FCBN. La informaci\u00f3n es poder, pero tambi\u00e9n conocimiento.","url":"https:\/\/www.fcbarcelonanoticias.com\/en\/fc-barcelona\/andres-quiroz_17_115.html"}]}},"_links":{"self":[{"href":"https:\/\/www.fcbarcelonanoticias.com\/en\/wp-json\/wp\/v2\/posts\/118105","targetHints":{"allow":["GET"]}}],"collection":[{"href":"https:\/\/www.fcbarcelonanoticias.com\/en\/wp-json\/wp\/v2\/posts"}],"about":[{"href":"https:\/\/www.fcbarcelonanoticias.com\/en\/wp-json\/wp\/v2\/types\/post"}],"author":[{"embeddable":true,"href":"https:\/\/www.fcbarcelonanoticias.com\/en\/wp-json\/wp\/v2\/users\/347"}],"replies":[{"embeddable":true,"href":"https:\/\/www.fcbarcelonanoticias.com\/en\/wp-json\/wp\/v2\/comments?post=118105"}],"version-history":[{"count":2,"href":"https:\/\/www.fcbarcelonanoticias.com\/en\/wp-json\/wp\/v2\/posts\/118105\/revisions"}],"predecessor-version":[{"id":159890,"href":"https:\/\/www.fcbarcelonanoticias.com\/en\/wp-json\/wp\/v2\/posts\/118105\/revisions\/159890"}],"wp:featuredmedia":[{"embeddable":true,"href":"https:\/\/www.fcbarcelonanoticias.com\/en\/wp-json\/wp\/v2\/media\/118108"}],"wp:attachment":[{"href":"https:\/\/www.fcbarcelonanoticias.com\/en\/wp-json\/wp\/v2\/media?parent=118105"}],"wp:term":[{"taxonomy":"category","embeddable":true,"href":"https:\/\/www.fcbarcelonanoticias.com\/en\/wp-json\/wp\/v2\/categories?post=118105"},{"taxonomy":"post_tag","embeddable":true,"href":"https:\/\/www.fcbarcelonanoticias.com\/en\/wp-json\/wp\/v2\/tags?post=118105"}],"curies":[{"name":"wp","href":"https:\/\/api.w.org\/{rel}","templated":true}]}}