{"id":118362,"date":"2025-11-28T19:22:00","date_gmt":"2025-11-28T18:22:00","guid":{"rendered":"https:\/\/weisetech.dev\/fc-barcelona-noticias\/en\/miguel-angel-ortiz-referee-for-barcelona-alaves-in-laliga-matchday-14_315352_102\/"},"modified":"2025-11-28T19:22:00","modified_gmt":"2025-11-28T18:22:00","slug":"miguel-angel-ortiz-referee-for-barcelona-alaves-in-laliga-matchday-14_315352_102","status":"publish","type":"post","link":"https:\/\/www.fcbarcelonanoticias.com\/en\/laliga\/miguel-angel-ortiz-referee-for-barcelona-alaves-in-laliga-matchday-14_315352_102.html","title":{"rendered":"Miguel \u00c1ngel Ortiz: the referee for the Bar\u00e7a-Alav\u00e9s match in LaLiga Matchday 14"},"content":{"rendered":"<h2 class=\"wp-block-heading\">The RFEF confirmed Miguel \u00c1ngel Ortiz as the main referee for Barcelona-Alav\u00e9s. Jorge Figueroa V\u00e1zquez will be in charge of VAR at the Spotify Camp Nou, for matchday 14 of LaLiga<\/h2>  \r\n<div class=\"article-addons\">\r\n    <a href=\"https:\/\/www.fcbarcelonanoticias.com\/en\/calendar-fc-barcelona.html\"\r\n       target=\"_self\"\r\n       title=\"Calendar of FC Barcelona\"\r\n       class=\"blue-gredient-btn\">\r\n       \r\n        Calendar of FC Barcelona    <\/a>\r\n<\/div>   <p><strong>FC Barcelona<\/strong> hosts <strong>Alav\u00e9s<\/strong> this Saturday, November 29 (4:15 PM CEST) for matchday 15 of LaLiga, with <strong>Miguel \u00c1ngel Ortiz Arrias<\/strong> officiating. The Madrid-based referee was appointed by the <a data-external=\"1\" href=\"https:\/\/rfef.es\/en\/es\/noticias\/designaciones-estos-son-los-arbitros-para-los-partidos-del-sabado-29-de-noviembre-de-la-0\" rel=\"nofollow\" target=\"_blank\" title=\"Designaciones arbitrales - J14 de LaLiga 25\/26\">Referees Technical Committee (CTA)<\/a> alongside <strong>Jorge Figueroa V\u00e1zquez<\/strong> (VAR).<\/p>  <p>This season, Ortiz Arias has refereed 7 matches, one of them being Bar\u00e7a&#8217;s away victory <a data-external=\"0\" data-intl-links-en=\"https:\/\/www.fcbarcelonanoticias.com\/en\/laliga\/oviedo-1-3-barcelona-lewandowski-leads-cule-comeback_314831_102.html\" data-intl-links-es=\"https:\/\/www.fcbarcelonanoticias.com\/laliga\/real-oviedo-1-3-fc-barcelona-lewandowski-lidera-remontada-cule_314831_102.html\" href=\"https:\/\/www.fcbarcelonanoticias.com\/en\/laliga\/oviedo-1-3-barcelona-lewandowski-leads-cule-comeback_314831_102.html\" rel=\"follow\" target=\"_self\" title=\"Real Oviedo 1-3 FC Barcelona: Lewandowski lidera la remontada cul\u00e9\">against Real Oviedo (1-3)<\/a>. That day, the Blaugrana team only committed four fouls, with no yellow cards against them. For the home team, only one player was cautioned in a match where the Catalans won with goals from Eric Garc\u00eda, Robert Lewandowski, and Ronald Araujo.<\/p>  <p>In the 25\/26 season, the 41-year-old referee, with experience in LaLiga since 21\/22, has also officiated the Vitoria team on a couple of occasions, with a record of one win (3-3 against Elche in Matchday 8) and one loss on the opening day (1-0 against Betis).<\/p>  <h2>How has Bar\u00e7a fared in matches officiated by Ortiz Arias?<\/h2>  <p>In total, Miguel \u00c1ngel Ortiz has refereed 10 matches for the blaugrana team in LaLiga. Last season, the referee from Madrid officiated <a data-external=\"0\" data-intl-links-en=\"https:\/\/www.fcbarcelonanoticias.com\/en\/laliga\/fc-barcelona-1-0-mallorca-dani-olmo-leaves-laliga-at-mercy-of-cules_312266_102.html\" data-intl-links-es=\"https:\/\/www.fcbarcelonanoticias.com\/laliga\/fc-barcelona-1-0-mallorca-dani-olmo-deja-laliga-merced-cules_312266_102.html\" href=\"https:\/\/www.fcbarcelonanoticias.com\/en\/football\/laliga\/fc-barcelona-1-0-mallorca-dani-olmo-leaves-laliga-at-mercy-of-cules_312266_102.html\" rel=\"follow\" target=\"_self\" title=\"Barcelona 1-0 Mallorca: Dani Olmo brings the 24\/25 League title closer!\">Bar\u00e7a&#8217;s victory against Mallorca (1-0)<\/a> on matchday 33, a game decided by a goal from Dani Olmo in the 46th minute. That day, only one player from the visiting team was cautioned.<\/p>  <p>The Catalan team&#8217;s record with Ortiz Arias is positive, with 8 wins, 1 draw, and only 1 loss so far. Bar\u00e7a&#8217;s only defeat with the 41-year-old referee occurred on matchday 23 of the 22\/23 season, <a data-external=\"0\" data-intl-links-en=\"https:\/\/www.fcbarcelonanoticias.com\/en\/laliga\/barcelona-falls-into-a-trap-almeria-leaves-fight-for-laliga-more-open-1-0_290004_102.html\" data-intl-links-es=\"https:\/\/www.fcbarcelonanoticias.com\/laliga\/barcelona-cae-en-trampa-almeria-deja-pelea-por-laliga-mas-abierta-1-0_290004_102.html\" href=\"https:\/\/www.fcbarcelonanoticias.com\/en\/laliga\/barcelona-falls-into-a-trap-almeria-leaves-fight-for-laliga-more-open-1-0_290004_102.html\" rel=\"follow\" target=\"_self\" title=\"El Bar\u00e7a cae en la trampa del Almer\u00eda y deja la pelea por LaLiga m\u00e1s abierta (1-0)\">against Almer\u00eda (1-0)<\/a>. Xavi Hern\u00e1ndez&#8217;s team suffered their second defeat of that season due to a goal from El Bilal Tour\u00e9 in the 24th minute.<\/p>  <p>The referee debuted in LaLiga in the 21\/22 season. His first match at the Spotify Camp Nou took place in May 2022, with a Catalan victory <a data-external=\"0\" data-intl-links-en=\"https:\/\/www.fcbarcelonanoticias.com\/en\/laliga\/the-barca-grave-to-a-brave-celtic-3-1-to-strengthen-in-the-second-square_280171_102.html\" data-intl-links-es=\"https:\/\/www.fcbarcelonanoticias.com\/laliga\/cronica-fc-barcelona-celta-de-vigo-3-1-laliga-santander-2021-2022_280171_102.html\" href=\"https:\/\/www.fcbarcelonanoticias.com\/en\/laliga\/the-barca-grave-to-a-brave-celtic-3-1-to-strengthen-in-the-second-square_280171_102.html\" rel=\"follow\" target=\"_self\" title=\"El Bar\u00e7a 'tumba' a un atrevido Celta (3-1) para afianzarse en la segunda plaza\">against Celta (3-1)<\/a> with goals from Memphis Depay and a brace from Pierre-Emerick Aubameyang.&nbsp;<\/p>  <p><strong>Bar\u00e7a&#8217;s record in matches officiated by Miguel Ortiz Arias:<\/strong><\/p>  <ol> <li> <strong>Games Played<\/strong>: 10<\/li> \t<li> <strong>Wins<\/strong>: 8<\/li> \t<li> <strong>Draws<\/strong>: 1<\/li> \t<li> <strong>Losses<\/strong>: 1<\/li> <\/ol> <h2>Bar\u00e7a goes for its fourth consecutive victory and the LaLiga lead<\/h2>  <p>On Saturday, Hansi Flick&#8217;s team will seek their fourth consecutive victory in the tournament, marking what could be the best Catalan streak in 25\/26. Bar\u00e7a comes from defeating <strong>Elche <\/strong>(3-1), <strong>Celta <\/strong>(2-4), and <strong>Athletic <\/strong>(4-0).<\/p>  <p>A victory would return them to the top of LaLiga<strong> with a 2-point lead over Real Madrid<\/strong>, pending what the &#8216;merengues&#8217; do on Sunday against Girona (21:00 CEST). There will also be a midweek fixture, for matchday 19 brought forward due to the Spanish Super Cup.<\/p>  <ul> <li>\ud83d\udccc&nbsp;<strong>Follow the match live&nbsp;<a data-external=\"0\" data-intl-links-en=\"https:\/\/www.fcbarcelonanoticias.com\/en\/tags\/fc-barcelona-vs-deportivo-alaves\" data-intl-links-es=\"https:\/\/www.fcbarcelonanoticias.com\/tags\/fc-barcelona-vs-deportivo-alaves\" href=\"https:\/\/www.fcbarcelonanoticias.com\/en\/tags\/fc-barcelona-vs-deportivo-alaves.html\" rel=\"follow\" target=\"_self\" title=\"FC Barcelona vs Deportivo Alav\u00e9s\">FC Barcelona vs Alav\u00e9s<\/a>&nbsp;on FC Barcelona Noticias and find out everything&nbsp;don&#8217;t miss a thing<\/strong> <\/li> <\/ul> ","protected":false},"excerpt":{"rendered":"<p>The RFEF confirmed Miguel \u00c1ngel Ortiz as the main referee for Barcelona-Alav\u00e9s. Jorge Figueroa V\u00e1zquez will be in charge of VAR at the Spotify Camp Nou, for matchday 14 of LaLiga FC Barcelona hosts Alav\u00e9s this Saturday, November 29 (4:15 PM CEST) for matchday 15 of LaLiga, with Miguel \u00c1ngel Ortiz Arrias officiating. The Madrid-based [&hellip;]<\/p>\n","protected":false},"author":347,"featured_media":118366,"comment_status":"closed","ping_status":"open","sticky":false,"template":"","format":"standard","meta":{"_acf_changed":false,"inline_featured_image":false,"_nextfly_llmd_date_locked":false,"footnotes":""},"categories":[114,448],"tags":[68,190,95,194],"class_list":["post-118362","post","type-post","status-publish","format-standard","has-post-thumbnail","hentry","category-laliga","category-laliga-2","tag-fc-barcelona-vs-deportivo-alaves","tag-referees","tag-rfef","tag-var"],"acf":[],"yoast_head":"<!-- This site is optimized with the Yoast SEO plugin v27.3 - https:\/\/yoast.com\/product\/yoast-seo-wordpress\/ -->\n<title>Miguel \u00c1ngel Ortiz: the referee for Bar\u00e7a-Alav\u00e9s in LaLiga Matchday 14<\/title>\n<meta name=\"description\" content=\"The RFEF confirmed Miguel \u00c1ngel Ortiz as the main referee for Barcelona-Alav\u00e9s. Jorge Figueroa V\u00e1zquez will be in charge of VAR at Camp Nou\" \/>\n<meta name=\"robots\" content=\"index, follow, max-snippet:-1, max-image-preview:large, max-video-preview:-1\" \/>\n<link rel=\"canonical\" href=\"https:\/\/www.fcbarcelonanoticias.com\/en\/laliga\/miguel-angel-ortiz-referee-for-barcelona-alaves-in-laliga-matchday-14_315352_102.html\" \/>\n<meta property=\"og:locale\" content=\"en_US\" \/>\n<meta property=\"og:type\" content=\"article\" \/>\n<meta property=\"og:title\" content=\"Miguel \u00c1ngel Ortiz: the referee for Bar\u00e7a-Alav\u00e9s in LaLiga Matchday 14\" \/>\n<meta property=\"og:description\" content=\"The RFEF confirmed Miguel \u00c1ngel Ortiz as the main referee for Barcelona-Alav\u00e9s. Jorge Figueroa V\u00e1zquez will be in charge of VAR at Camp Nou\" \/>\n<meta property=\"og:url\" content=\"https:\/\/www.fcbarcelonanoticias.com\/en\/laliga\/miguel-angel-ortiz-referee-for-barcelona-alaves-in-laliga-matchday-14_315352_102.html\" \/>\n<meta property=\"og:site_name\" content=\"EN - FC Barcelona Noticias\" \/>\n<meta property=\"article:published_time\" content=\"2025-11-28T18:22:00+00:00\" \/>\n<meta property=\"og:image\" content=\"https:\/\/www.fcbarcelonanoticias.com\/en\/wp-content\/uploads\/sites\/2\/2025\/11\/miguel-angel-ortiz-laliga-barcelona-v-mallorca.webp\" \/>\n\t<meta property=\"og:image:width\" content=\"1200\" \/>\n\t<meta property=\"og:image:height\" content=\"675\" \/>\n\t<meta property=\"og:image:type\" content=\"image\/webp\" \/>\n<meta name=\"author\" content=\"Andr\u00e9s Quiroz\" \/>\n<meta name=\"twitter:card\" content=\"summary_large_image\" \/>\n<meta name=\"twitter:label1\" content=\"Written by\" \/>\n\t<meta name=\"twitter:data1\" content=\"Andr\u00e9s Quiroz\" \/>\n\t<meta name=\"twitter:label2\" content=\"Est. reading time\" \/>\n\t<meta name=\"twitter:data2\" content=\"2 minutes\" \/>\n<script type=\"application\/ld+json\" class=\"yoast-schema-graph\">{\"@context\":\"https:\\\/\\\/schema.org\",\"@graph\":[{\"@type\":\"Article\",\"@id\":\"https:\\\/\\\/www.fcbarcelonanoticias.com\\\/en\\\/laliga\\\/miguel-angel-ortiz-referee-for-barcelona-alaves-in-laliga-matchday-14_315352_102.html#article\",\"isPartOf\":{\"@id\":\"https:\\\/\\\/www.fcbarcelonanoticias.com\\\/en\\\/laliga\\\/miguel-angel-ortiz-referee-for-barcelona-alaves-in-laliga-matchday-14_315352_102.html\"},\"author\":{\"name\":\"Andr\u00e9s Quiroz\",\"@id\":\"https:\\\/\\\/www.fcbarcelonanoticias.com\\\/en\\\/#\\\/schema\\\/person\\\/c2cd9f6fa1af5c0d0eccd0fefa575c88\"},\"headline\":\"Miguel \u00c1ngel Ortiz: the referee for the Bar\u00e7a-Alav\u00e9s match in LaLiga Matchday 14\",\"datePublished\":\"2025-11-28T18:22:00+00:00\",\"mainEntityOfPage\":{\"@id\":\"https:\\\/\\\/www.fcbarcelonanoticias.com\\\/en\\\/laliga\\\/miguel-angel-ortiz-referee-for-barcelona-alaves-in-laliga-matchday-14_315352_102.html\"},\"wordCount\":487,\"image\":{\"@id\":\"https:\\\/\\\/www.fcbarcelonanoticias.com\\\/en\\\/laliga\\\/miguel-angel-ortiz-referee-for-barcelona-alaves-in-laliga-matchday-14_315352_102.html#primaryimage\"},\"thumbnailUrl\":\"https:\\\/\\\/www.fcbarcelonanoticias.com\\\/en\\\/wp-content\\\/uploads\\\/sites\\\/2\\\/2025\\\/11\\\/miguel-angel-ortiz-laliga-barcelona-v-mallorca.webp\",\"keywords\":[\"FC Barcelona vs Deportivo Alav\u00e9s\",\"Referees\",\"RFEF\",\"VAR\"],\"articleSection\":[\"LaLiga\",\"LaLiga\"],\"inLanguage\":\"en-US\"},{\"@type\":\"WebPage\",\"@id\":\"https:\\\/\\\/www.fcbarcelonanoticias.com\\\/en\\\/laliga\\\/miguel-angel-ortiz-referee-for-barcelona-alaves-in-laliga-matchday-14_315352_102.html\",\"url\":\"https:\\\/\\\/www.fcbarcelonanoticias.com\\\/en\\\/laliga\\\/miguel-angel-ortiz-referee-for-barcelona-alaves-in-laliga-matchday-14_315352_102.html\",\"name\":\"Miguel \u00c1ngel Ortiz: the referee for Bar\u00e7a-Alav\u00e9s in LaLiga Matchday 14\",\"isPartOf\":{\"@id\":\"https:\\\/\\\/www.fcbarcelonanoticias.com\\\/en\\\/#website\"},\"primaryImageOfPage\":{\"@id\":\"https:\\\/\\\/www.fcbarcelonanoticias.com\\\/en\\\/laliga\\\/miguel-angel-ortiz-referee-for-barcelona-alaves-in-laliga-matchday-14_315352_102.html#primaryimage\"},\"image\":{\"@id\":\"https:\\\/\\\/www.fcbarcelonanoticias.com\\\/en\\\/laliga\\\/miguel-angel-ortiz-referee-for-barcelona-alaves-in-laliga-matchday-14_315352_102.html#primaryimage\"},\"thumbnailUrl\":\"https:\\\/\\\/www.fcbarcelonanoticias.com\\\/en\\\/wp-content\\\/uploads\\\/sites\\\/2\\\/2025\\\/11\\\/miguel-angel-ortiz-laliga-barcelona-v-mallorca.webp\",\"datePublished\":\"2025-11-28T18:22:00+00:00\",\"author\":{\"@id\":\"https:\\\/\\\/www.fcbarcelonanoticias.com\\\/en\\\/#\\\/schema\\\/person\\\/c2cd9f6fa1af5c0d0eccd0fefa575c88\"},\"description\":\"The RFEF confirmed Miguel \u00c1ngel Ortiz as the main referee for Barcelona-Alav\u00e9s. Jorge Figueroa V\u00e1zquez will be in charge of VAR at Camp Nou\",\"breadcrumb\":{\"@id\":\"https:\\\/\\\/www.fcbarcelonanoticias.com\\\/en\\\/laliga\\\/miguel-angel-ortiz-referee-for-barcelona-alaves-in-laliga-matchday-14_315352_102.html#breadcrumb\"},\"inLanguage\":\"en-US\",\"potentialAction\":[{\"@type\":\"ReadAction\",\"target\":[\"https:\\\/\\\/www.fcbarcelonanoticias.com\\\/en\\\/laliga\\\/miguel-angel-ortiz-referee-for-barcelona-alaves-in-laliga-matchday-14_315352_102.html\"]}]},{\"@type\":\"ImageObject\",\"inLanguage\":\"en-US\",\"@id\":\"https:\\\/\\\/www.fcbarcelonanoticias.com\\\/en\\\/laliga\\\/miguel-angel-ortiz-referee-for-barcelona-alaves-in-laliga-matchday-14_315352_102.html#primaryimage\",\"url\":\"https:\\\/\\\/www.fcbarcelonanoticias.com\\\/en\\\/wp-content\\\/uploads\\\/sites\\\/2\\\/2025\\\/11\\\/miguel-angel-ortiz-laliga-barcelona-v-mallorca.webp\",\"contentUrl\":\"https:\\\/\\\/www.fcbarcelonanoticias.com\\\/en\\\/wp-content\\\/uploads\\\/sites\\\/2\\\/2025\\\/11\\\/miguel-angel-ortiz-laliga-barcelona-v-mallorca.webp\",\"width\":1200,\"height\":675},{\"@type\":\"BreadcrumbList\",\"@id\":\"https:\\\/\\\/www.fcbarcelonanoticias.com\\\/en\\\/laliga\\\/miguel-angel-ortiz-referee-for-barcelona-alaves-in-laliga-matchday-14_315352_102.html#breadcrumb\",\"itemListElement\":[{\"@type\":\"ListItem\",\"position\":1,\"name\":\"Portada\",\"item\":\"https:\\\/\\\/www.fcbarcelonanoticias.com\\\/en\\\/\"},{\"@type\":\"ListItem\",\"position\":2,\"name\":\"Miguel \u00c1ngel Ortiz: the referee for the Bar\u00e7a-Alav\u00e9s match in LaLiga Matchday 14\"}]},{\"@type\":\"WebSite\",\"@id\":\"https:\\\/\\\/www.fcbarcelonanoticias.com\\\/en\\\/#website\",\"url\":\"https:\\\/\\\/www.fcbarcelonanoticias.com\\\/en\\\/\",\"name\":\"EN - FC Barcelona Noticias\",\"description\":\"\",\"potentialAction\":[{\"@type\":\"SearchAction\",\"target\":{\"@type\":\"EntryPoint\",\"urlTemplate\":\"https:\\\/\\\/www.fcbarcelonanoticias.com\\\/en\\\/?s={search_term_string}\"},\"query-input\":{\"@type\":\"PropertyValueSpecification\",\"valueRequired\":true,\"valueName\":\"search_term_string\"}}],\"inLanguage\":\"en-US\"},{\"@type\":\"Person\",\"@id\":\"https:\\\/\\\/www.fcbarcelonanoticias.com\\\/en\\\/#\\\/schema\\\/person\\\/c2cd9f6fa1af5c0d0eccd0fefa575c88\",\"name\":\"Andr\u00e9s Quiroz\",\"image\":{\"@type\":\"ImageObject\",\"inLanguage\":\"en-US\",\"@id\":\"https:\\\/\\\/secure.gravatar.com\\\/avatar\\\/?s=96&d=mm&r=g\",\"url\":\"https:\\\/\\\/secure.gravatar.com\\\/avatar\\\/?s=96&d=mm&r=g\",\"contentUrl\":\"https:\\\/\\\/secure.gravatar.com\\\/avatar\\\/?s=96&d=mm&r=g\",\"caption\":\"Andr\u00e9s Quiroz\"},\"description\":\"Licenciado en Periodismo por la Universidad de los Andes. Me encargo de analizar y compartir los contenidos m\u00e1s destacados de la\u00a0actualidad del F\u00fatbol Club Barcelona, Mercado de Fichajes y F\u00fatbol Internacional en FCBN. La informaci\u00f3n es poder, pero tambi\u00e9n conocimiento.\",\"url\":\"https:\\\/\\\/www.fcbarcelonanoticias.com\\\/en\\\/fc-barcelona\\\/andres-quiroz_17_115.html\"}]}<\/script>\n<!-- \/ Yoast SEO plugin. -->","yoast_head_json":{"title":"Miguel \u00c1ngel Ortiz: the referee for Bar\u00e7a-Alav\u00e9s in LaLiga Matchday 14","description":"The RFEF confirmed Miguel \u00c1ngel Ortiz as the main referee for Barcelona-Alav\u00e9s. Jorge Figueroa V\u00e1zquez will be in charge of VAR at Camp Nou","robots":{"index":"index","follow":"follow","max-snippet":"max-snippet:-1","max-image-preview":"max-image-preview:large","max-video-preview":"max-video-preview:-1"},"canonical":"https:\/\/www.fcbarcelonanoticias.com\/en\/laliga\/miguel-angel-ortiz-referee-for-barcelona-alaves-in-laliga-matchday-14_315352_102.html","og_locale":"en_US","og_type":"article","og_title":"Miguel \u00c1ngel Ortiz: the referee for Bar\u00e7a-Alav\u00e9s in LaLiga Matchday 14","og_description":"The RFEF confirmed Miguel \u00c1ngel Ortiz as the main referee for Barcelona-Alav\u00e9s. Jorge Figueroa V\u00e1zquez will be in charge of VAR at Camp Nou","og_url":"https:\/\/www.fcbarcelonanoticias.com\/en\/laliga\/miguel-angel-ortiz-referee-for-barcelona-alaves-in-laliga-matchday-14_315352_102.html","og_site_name":"EN - FC Barcelona Noticias","article_published_time":"2025-11-28T18:22:00+00:00","og_image":[{"width":1200,"height":675,"url":"https:\/\/www.fcbarcelonanoticias.com\/en\/wp-content\/uploads\/sites\/2\/2025\/11\/miguel-angel-ortiz-laliga-barcelona-v-mallorca.webp","type":"image\/webp"}],"author":"Andr\u00e9s Quiroz","twitter_card":"summary_large_image","twitter_misc":{"Written by":"Andr\u00e9s Quiroz","Est. reading time":"2 minutes"},"schema":{"@context":"https:\/\/schema.org","@graph":[{"@type":"Article","@id":"https:\/\/www.fcbarcelonanoticias.com\/en\/laliga\/miguel-angel-ortiz-referee-for-barcelona-alaves-in-laliga-matchday-14_315352_102.html#article","isPartOf":{"@id":"https:\/\/www.fcbarcelonanoticias.com\/en\/laliga\/miguel-angel-ortiz-referee-for-barcelona-alaves-in-laliga-matchday-14_315352_102.html"},"author":{"name":"Andr\u00e9s Quiroz","@id":"https:\/\/www.fcbarcelonanoticias.com\/en\/#\/schema\/person\/c2cd9f6fa1af5c0d0eccd0fefa575c88"},"headline":"Miguel \u00c1ngel Ortiz: the referee for the Bar\u00e7a-Alav\u00e9s match in LaLiga Matchday 14","datePublished":"2025-11-28T18:22:00+00:00","mainEntityOfPage":{"@id":"https:\/\/www.fcbarcelonanoticias.com\/en\/laliga\/miguel-angel-ortiz-referee-for-barcelona-alaves-in-laliga-matchday-14_315352_102.html"},"wordCount":487,"image":{"@id":"https:\/\/www.fcbarcelonanoticias.com\/en\/laliga\/miguel-angel-ortiz-referee-for-barcelona-alaves-in-laliga-matchday-14_315352_102.html#primaryimage"},"thumbnailUrl":"https:\/\/www.fcbarcelonanoticias.com\/en\/wp-content\/uploads\/sites\/2\/2025\/11\/miguel-angel-ortiz-laliga-barcelona-v-mallorca.webp","keywords":["FC Barcelona vs Deportivo Alav\u00e9s","Referees","RFEF","VAR"],"articleSection":["LaLiga","LaLiga"],"inLanguage":"en-US"},{"@type":"WebPage","@id":"https:\/\/www.fcbarcelonanoticias.com\/en\/laliga\/miguel-angel-ortiz-referee-for-barcelona-alaves-in-laliga-matchday-14_315352_102.html","url":"https:\/\/www.fcbarcelonanoticias.com\/en\/laliga\/miguel-angel-ortiz-referee-for-barcelona-alaves-in-laliga-matchday-14_315352_102.html","name":"Miguel \u00c1ngel Ortiz: the referee for Bar\u00e7a-Alav\u00e9s in LaLiga Matchday 14","isPartOf":{"@id":"https:\/\/www.fcbarcelonanoticias.com\/en\/#website"},"primaryImageOfPage":{"@id":"https:\/\/www.fcbarcelonanoticias.com\/en\/laliga\/miguel-angel-ortiz-referee-for-barcelona-alaves-in-laliga-matchday-14_315352_102.html#primaryimage"},"image":{"@id":"https:\/\/www.fcbarcelonanoticias.com\/en\/laliga\/miguel-angel-ortiz-referee-for-barcelona-alaves-in-laliga-matchday-14_315352_102.html#primaryimage"},"thumbnailUrl":"https:\/\/www.fcbarcelonanoticias.com\/en\/wp-content\/uploads\/sites\/2\/2025\/11\/miguel-angel-ortiz-laliga-barcelona-v-mallorca.webp","datePublished":"2025-11-28T18:22:00+00:00","author":{"@id":"https:\/\/www.fcbarcelonanoticias.com\/en\/#\/schema\/person\/c2cd9f6fa1af5c0d0eccd0fefa575c88"},"description":"The RFEF confirmed Miguel \u00c1ngel Ortiz as the main referee for Barcelona-Alav\u00e9s. Jorge Figueroa V\u00e1zquez will be in charge of VAR at Camp Nou","breadcrumb":{"@id":"https:\/\/www.fcbarcelonanoticias.com\/en\/laliga\/miguel-angel-ortiz-referee-for-barcelona-alaves-in-laliga-matchday-14_315352_102.html#breadcrumb"},"inLanguage":"en-US","potentialAction":[{"@type":"ReadAction","target":["https:\/\/www.fcbarcelonanoticias.com\/en\/laliga\/miguel-angel-ortiz-referee-for-barcelona-alaves-in-laliga-matchday-14_315352_102.html"]}]},{"@type":"ImageObject","inLanguage":"en-US","@id":"https:\/\/www.fcbarcelonanoticias.com\/en\/laliga\/miguel-angel-ortiz-referee-for-barcelona-alaves-in-laliga-matchday-14_315352_102.html#primaryimage","url":"https:\/\/www.fcbarcelonanoticias.com\/en\/wp-content\/uploads\/sites\/2\/2025\/11\/miguel-angel-ortiz-laliga-barcelona-v-mallorca.webp","contentUrl":"https:\/\/www.fcbarcelonanoticias.com\/en\/wp-content\/uploads\/sites\/2\/2025\/11\/miguel-angel-ortiz-laliga-barcelona-v-mallorca.webp","width":1200,"height":675},{"@type":"BreadcrumbList","@id":"https:\/\/www.fcbarcelonanoticias.com\/en\/laliga\/miguel-angel-ortiz-referee-for-barcelona-alaves-in-laliga-matchday-14_315352_102.html#breadcrumb","itemListElement":[{"@type":"ListItem","position":1,"name":"Portada","item":"https:\/\/www.fcbarcelonanoticias.com\/en\/"},{"@type":"ListItem","position":2,"name":"Miguel \u00c1ngel Ortiz: the referee for the Bar\u00e7a-Alav\u00e9s match in LaLiga Matchday 14"}]},{"@type":"WebSite","@id":"https:\/\/www.fcbarcelonanoticias.com\/en\/#website","url":"https:\/\/www.fcbarcelonanoticias.com\/en\/","name":"EN - FC Barcelona Noticias","description":"","potentialAction":[{"@type":"SearchAction","target":{"@type":"EntryPoint","urlTemplate":"https:\/\/www.fcbarcelonanoticias.com\/en\/?s={search_term_string}"},"query-input":{"@type":"PropertyValueSpecification","valueRequired":true,"valueName":"search_term_string"}}],"inLanguage":"en-US"},{"@type":"Person","@id":"https:\/\/www.fcbarcelonanoticias.com\/en\/#\/schema\/person\/c2cd9f6fa1af5c0d0eccd0fefa575c88","name":"Andr\u00e9s Quiroz","image":{"@type":"ImageObject","inLanguage":"en-US","@id":"https:\/\/secure.gravatar.com\/avatar\/?s=96&d=mm&r=g","url":"https:\/\/secure.gravatar.com\/avatar\/?s=96&d=mm&r=g","contentUrl":"https:\/\/secure.gravatar.com\/avatar\/?s=96&d=mm&r=g","caption":"Andr\u00e9s Quiroz"},"description":"Licenciado en Periodismo por la Universidad de los Andes. Me encargo de analizar y compartir los contenidos m\u00e1s destacados de la\u00a0actualidad del F\u00fatbol Club Barcelona, Mercado de Fichajes y F\u00fatbol Internacional en FCBN. La informaci\u00f3n es poder, pero tambi\u00e9n conocimiento.","url":"https:\/\/www.fcbarcelonanoticias.com\/en\/fc-barcelona\/andres-quiroz_17_115.html"}]}},"_links":{"self":[{"href":"https:\/\/www.fcbarcelonanoticias.com\/en\/wp-json\/wp\/v2\/posts\/118362","targetHints":{"allow":["GET"]}}],"collection":[{"href":"https:\/\/www.fcbarcelonanoticias.com\/en\/wp-json\/wp\/v2\/posts"}],"about":[{"href":"https:\/\/www.fcbarcelonanoticias.com\/en\/wp-json\/wp\/v2\/types\/post"}],"author":[{"embeddable":true,"href":"https:\/\/www.fcbarcelonanoticias.com\/en\/wp-json\/wp\/v2\/users\/347"}],"replies":[{"embeddable":true,"href":"https:\/\/www.fcbarcelonanoticias.com\/en\/wp-json\/wp\/v2\/comments?post=118362"}],"version-history":[{"count":1,"href":"https:\/\/www.fcbarcelonanoticias.com\/en\/wp-json\/wp\/v2\/posts\/118362\/revisions"}],"predecessor-version":[{"id":149677,"href":"https:\/\/www.fcbarcelonanoticias.com\/en\/wp-json\/wp\/v2\/posts\/118362\/revisions\/149677"}],"wp:featuredmedia":[{"embeddable":true,"href":"https:\/\/www.fcbarcelonanoticias.com\/en\/wp-json\/wp\/v2\/media\/118366"}],"wp:attachment":[{"href":"https:\/\/www.fcbarcelonanoticias.com\/en\/wp-json\/wp\/v2\/media?parent=118362"}],"wp:term":[{"taxonomy":"category","embeddable":true,"href":"https:\/\/www.fcbarcelonanoticias.com\/en\/wp-json\/wp\/v2\/categories?post=118362"},{"taxonomy":"post_tag","embeddable":true,"href":"https:\/\/www.fcbarcelonanoticias.com\/en\/wp-json\/wp\/v2\/tags?post=118362"}],"curies":[{"name":"wp","href":"https:\/\/api.w.org\/{rel}","templated":true}]}}