{"id":118514,"date":"2025-08-18T23:20:00","date_gmt":"2025-08-18T21:20:00","guid":{"rendered":"https:\/\/weisetech.dev\/fc-barcelona-noticias\/en\/nico-williams-forgets-about-barca-with-stellar-start-to-season_314211_102\/"},"modified":"2025-08-18T23:20:00","modified_gmt":"2025-08-18T21:20:00","slug":"nico-williams-forgets-about-barca-with-stellar-start-to-season_314211_102","status":"publish","type":"post","link":"https:\/\/www.fcbarcelonanoticias.com\/en\/laliga\/nico-williams-forgets-about-barca-with-stellar-start-to-season_314211_102.html","title":{"rendered":"Nico Williams &#8216;forgets&#8217; about Bar\u00e7a with a stellar start to the season"},"content":{"rendered":"<h2 class=\"wp-block-heading\">Nico Williams was the protagonist with a goal and an assist in Athletic Club&#8217;s first victory of the season. And he leaves a message of tranquility to the fans<\/h2>  \r\n<div class=\"article-addons\">\r\n    <a href=\"https:\/\/www.fcbarcelonanoticias.com\/en\/calendar-fc-barcelona.html\"\r\n       target=\"_self\"\r\n       title=\"Calendar of FC Barcelona\"\r\n       class=\"blue-gredient-btn\">\r\n       \r\n        Calendar of FC Barcelona    <\/a>\r\n<\/div>   <p><strong>Nico Williams<\/strong> reunited with the fans of <strong>Athletic Club de Bilbao<\/strong> at <strong>San Mam\u00e9s<\/strong> after achieving an important victory against <strong>Sevilla<\/strong> (3-2) at the start of <strong>LaLiga EA Sports<\/strong> 25\/26. Williams participated in two of the three goals of the Basque team, scoring a penalty goal in the first half, in addition to assisting <strong>Robert Navarro<\/strong> in the winning goal.<\/p>  <p>The Pamplona native had a splendid performance and the ovation from the fans to whom he dedicated a few words after his performance, as a sign of loyalty in this new stage after extending his contract until the summer of 2035.<\/p>  <blockquote> <p>\u201cThis fan base is incredible and I feel them like a family. I am very happy and I want to continue making history with them. Very proud also of how they have treated me from the beginning\u201d<\/p> <\/blockquote>  <h2>Nico Williams turns the page on his &#8216;soap opera&#8217; with Bar\u00e7a<\/h2>  <p>The destiny of <strong>Nico Williams<\/strong> for this new season that has just begun could have been different. <strong>FC Barcelona<\/strong> had the Pamplona attacker on their radar, even when it seemed that everything was ready to arrive at the Blaugrana institution, he ended up renewing his contract with <strong>Athletic Club.<\/strong><\/p>  <p>Williams&#8217; agent, F\u00e9lix Tainta, was in talks with Deco about a possible arrival of the forward to the Azulgrana club. However, they did not reach any agreement. Finally, <strong>Williams said &#8216;No&#8217; to Bar\u00e7a for the second summer in a row.<\/strong><\/p>  <p>On the other hand, Joan Laporta has made it very clear that the <strong>Athletic Club<\/strong> player was not a priority for this market, unlike <strong>Luis D\u00edaz<\/strong> and <strong>Marcus Rashford<\/strong>. The club ended up choosing the Englishman as their reinforcement for the left side of the attack.<\/p>  <h2>Nico Williams clears up doubts about his future in San Mam\u00e9s<\/h2>  <p>The 25\/26 season will be Nico Williams&#8217; sixth season wearing the red and white shirt. In this period he has played 168 games with <strong>Athletic Club<\/strong> and has scored 32 goals and provided 32 assists. In addition to having won the <strong>Copa del Rey 23\/24.<\/strong> It should be noted, he signed a new contract this year until 2035.<\/p>  <p>The next match for Ernesto Valverde&#8217;s team will be next Monday, August 25 at <strong>San Mam\u00e9s<\/strong> against <strong>Rayo Vallecano<\/strong>. The Bilbao stadium will be able to continue enjoying <strong>Nico Williams<\/strong>, who started this course well, for the next 10 years. That is, if he does not decide to change his mind before.<\/p> ","protected":false},"excerpt":{"rendered":"<p>Nico Williams was the protagonist with a goal and an assist in Athletic Club&#8217;s first victory of the season. And he leaves a message of tranquility to the fans Nico Williams reunited with the fans of Athletic Club de Bilbao at San Mam\u00e9s after achieving an important victory against Sevilla (3-2) at the start of [&hellip;]<\/p>\n","protected":false},"author":362,"featured_media":118518,"comment_status":"closed","ping_status":"open","sticky":false,"template":"","format":"standard","meta":{"_acf_changed":false,"inline_featured_image":false,"_nextfly_llmd_date_locked":false,"footnotes":""},"categories":[114,448],"tags":[81,174],"class_list":["post-118514","post","type-post","status-publish","format-standard","has-post-thumbnail","hentry","category-laliga","category-laliga-2","tag-athletic-de-bilbao","tag-nico-williams"],"acf":[],"yoast_head":"<!-- This site is optimized with the Yoast SEO plugin v27.3 - https:\/\/yoast.com\/product\/yoast-seo-wordpress\/ -->\n<title>Nico Williams &#039;forgets&#039; about Bar\u00e7a with a stellar start to the season<\/title>\n<meta name=\"description\" content=\"Nico Williams was the protagonist with a goal and an assist in Athletic&#039;s first victory against Sevilla. Learn about his message of tranquility to the Basque fans\" \/>\n<meta name=\"robots\" content=\"index, follow, max-snippet:-1, max-image-preview:large, max-video-preview:-1\" \/>\n<link rel=\"canonical\" href=\"https:\/\/www.fcbarcelonanoticias.com\/en\/laliga\/nico-williams-forgets-about-barca-with-stellar-start-to-season_314211_102.html\" \/>\n<meta property=\"og:locale\" content=\"en_US\" \/>\n<meta property=\"og:type\" content=\"article\" \/>\n<meta property=\"og:title\" content=\"Nico Williams &#039;forgets&#039; about Bar\u00e7a with a stellar start to the season\" \/>\n<meta property=\"og:description\" content=\"Nico Williams was the protagonist with a goal and an assist in Athletic&#039;s first victory against Sevilla. Learn about his message of tranquility to the Basque fans\" \/>\n<meta property=\"og:url\" content=\"https:\/\/www.fcbarcelonanoticias.com\/en\/laliga\/nico-williams-forgets-about-barca-with-stellar-start-to-season_314211_102.html\" \/>\n<meta property=\"og:site_name\" content=\"EN - FC Barcelona Noticias\" \/>\n<meta property=\"article:published_time\" content=\"2025-08-18T21:20:00+00:00\" \/>\n<meta property=\"og:image\" content=\"https:\/\/www.fcbarcelonanoticias.com\/en\/wp-content\/uploads\/sites\/2\/2025\/08\/nico-williams-athletic-club-v-sevilla-fc-laliga-ea-sports.webp\" \/>\n\t<meta property=\"og:image:width\" content=\"1200\" \/>\n\t<meta property=\"og:image:height\" content=\"675\" \/>\n\t<meta property=\"og:image:type\" content=\"image\/webp\" \/>\n<meta name=\"author\" content=\"Reinaldo David\" \/>\n<meta name=\"twitter:card\" content=\"summary_large_image\" \/>\n<meta name=\"twitter:label1\" content=\"Written by\" \/>\n\t<meta name=\"twitter:data1\" content=\"Reinaldo David\" \/>\n\t<meta name=\"twitter:label2\" content=\"Est. reading time\" \/>\n\t<meta name=\"twitter:data2\" content=\"2 minutes\" \/>\n<script type=\"application\/ld+json\" class=\"yoast-schema-graph\">{\"@context\":\"https:\\\/\\\/schema.org\",\"@graph\":[{\"@type\":\"Article\",\"@id\":\"https:\\\/\\\/www.fcbarcelonanoticias.com\\\/en\\\/laliga\\\/nico-williams-forgets-about-barca-with-stellar-start-to-season_314211_102.html#article\",\"isPartOf\":{\"@id\":\"https:\\\/\\\/www.fcbarcelonanoticias.com\\\/en\\\/laliga\\\/nico-williams-forgets-about-barca-with-stellar-start-to-season_314211_102.html\"},\"author\":{\"name\":\"Reinaldo David\",\"@id\":\"https:\\\/\\\/www.fcbarcelonanoticias.com\\\/en\\\/#\\\/schema\\\/person\\\/f7c2a90edfe1134cfd813911ba5c0178\"},\"headline\":\"Nico Williams &#8216;forgets&#8217; about Bar\u00e7a with a stellar start to the season\",\"datePublished\":\"2025-08-18T21:20:00+00:00\",\"mainEntityOfPage\":{\"@id\":\"https:\\\/\\\/www.fcbarcelonanoticias.com\\\/en\\\/laliga\\\/nico-williams-forgets-about-barca-with-stellar-start-to-season_314211_102.html\"},\"wordCount\":446,\"image\":{\"@id\":\"https:\\\/\\\/www.fcbarcelonanoticias.com\\\/en\\\/laliga\\\/nico-williams-forgets-about-barca-with-stellar-start-to-season_314211_102.html#primaryimage\"},\"thumbnailUrl\":\"https:\\\/\\\/www.fcbarcelonanoticias.com\\\/en\\\/wp-content\\\/uploads\\\/sites\\\/2\\\/2025\\\/08\\\/nico-williams-athletic-club-v-sevilla-fc-laliga-ea-sports.webp\",\"keywords\":[\"Athletic de Bilbao\",\"Nico Williams\"],\"articleSection\":[\"LaLiga\",\"LaLiga\"],\"inLanguage\":\"en-US\"},{\"@type\":\"WebPage\",\"@id\":\"https:\\\/\\\/www.fcbarcelonanoticias.com\\\/en\\\/laliga\\\/nico-williams-forgets-about-barca-with-stellar-start-to-season_314211_102.html\",\"url\":\"https:\\\/\\\/www.fcbarcelonanoticias.com\\\/en\\\/laliga\\\/nico-williams-forgets-about-barca-with-stellar-start-to-season_314211_102.html\",\"name\":\"Nico Williams 'forgets' about Bar\u00e7a with a stellar start to the season\",\"isPartOf\":{\"@id\":\"https:\\\/\\\/www.fcbarcelonanoticias.com\\\/en\\\/#website\"},\"primaryImageOfPage\":{\"@id\":\"https:\\\/\\\/www.fcbarcelonanoticias.com\\\/en\\\/laliga\\\/nico-williams-forgets-about-barca-with-stellar-start-to-season_314211_102.html#primaryimage\"},\"image\":{\"@id\":\"https:\\\/\\\/www.fcbarcelonanoticias.com\\\/en\\\/laliga\\\/nico-williams-forgets-about-barca-with-stellar-start-to-season_314211_102.html#primaryimage\"},\"thumbnailUrl\":\"https:\\\/\\\/www.fcbarcelonanoticias.com\\\/en\\\/wp-content\\\/uploads\\\/sites\\\/2\\\/2025\\\/08\\\/nico-williams-athletic-club-v-sevilla-fc-laliga-ea-sports.webp\",\"datePublished\":\"2025-08-18T21:20:00+00:00\",\"author\":{\"@id\":\"https:\\\/\\\/www.fcbarcelonanoticias.com\\\/en\\\/#\\\/schema\\\/person\\\/f7c2a90edfe1134cfd813911ba5c0178\"},\"description\":\"Nico Williams was the protagonist with a goal and an assist in Athletic's first victory against Sevilla. Learn about his message of tranquility to the Basque fans\",\"breadcrumb\":{\"@id\":\"https:\\\/\\\/www.fcbarcelonanoticias.com\\\/en\\\/laliga\\\/nico-williams-forgets-about-barca-with-stellar-start-to-season_314211_102.html#breadcrumb\"},\"inLanguage\":\"en-US\",\"potentialAction\":[{\"@type\":\"ReadAction\",\"target\":[\"https:\\\/\\\/www.fcbarcelonanoticias.com\\\/en\\\/laliga\\\/nico-williams-forgets-about-barca-with-stellar-start-to-season_314211_102.html\"]}]},{\"@type\":\"ImageObject\",\"inLanguage\":\"en-US\",\"@id\":\"https:\\\/\\\/www.fcbarcelonanoticias.com\\\/en\\\/laliga\\\/nico-williams-forgets-about-barca-with-stellar-start-to-season_314211_102.html#primaryimage\",\"url\":\"https:\\\/\\\/www.fcbarcelonanoticias.com\\\/en\\\/wp-content\\\/uploads\\\/sites\\\/2\\\/2025\\\/08\\\/nico-williams-athletic-club-v-sevilla-fc-laliga-ea-sports.webp\",\"contentUrl\":\"https:\\\/\\\/www.fcbarcelonanoticias.com\\\/en\\\/wp-content\\\/uploads\\\/sites\\\/2\\\/2025\\\/08\\\/nico-williams-athletic-club-v-sevilla-fc-laliga-ea-sports.webp\",\"width\":1200,\"height\":675},{\"@type\":\"BreadcrumbList\",\"@id\":\"https:\\\/\\\/www.fcbarcelonanoticias.com\\\/en\\\/laliga\\\/nico-williams-forgets-about-barca-with-stellar-start-to-season_314211_102.html#breadcrumb\",\"itemListElement\":[{\"@type\":\"ListItem\",\"position\":1,\"name\":\"Portada\",\"item\":\"https:\\\/\\\/www.fcbarcelonanoticias.com\\\/en\\\/\"},{\"@type\":\"ListItem\",\"position\":2,\"name\":\"Nico Williams &#8216;forgets&#8217; about Bar\u00e7a with a stellar start to the season\"}]},{\"@type\":\"WebSite\",\"@id\":\"https:\\\/\\\/www.fcbarcelonanoticias.com\\\/en\\\/#website\",\"url\":\"https:\\\/\\\/www.fcbarcelonanoticias.com\\\/en\\\/\",\"name\":\"EN - FC Barcelona Noticias\",\"description\":\"\",\"potentialAction\":[{\"@type\":\"SearchAction\",\"target\":{\"@type\":\"EntryPoint\",\"urlTemplate\":\"https:\\\/\\\/www.fcbarcelonanoticias.com\\\/en\\\/?s={search_term_string}\"},\"query-input\":{\"@type\":\"PropertyValueSpecification\",\"valueRequired\":true,\"valueName\":\"search_term_string\"}}],\"inLanguage\":\"en-US\"},{\"@type\":\"Person\",\"@id\":\"https:\\\/\\\/www.fcbarcelonanoticias.com\\\/en\\\/#\\\/schema\\\/person\\\/f7c2a90edfe1134cfd813911ba5c0178\",\"name\":\"Reinaldo David\",\"image\":{\"@type\":\"ImageObject\",\"inLanguage\":\"en-US\",\"@id\":\"https:\\\/\\\/secure.gravatar.com\\\/avatar\\\/?s=96&d=mm&r=g\",\"url\":\"https:\\\/\\\/secure.gravatar.com\\\/avatar\\\/?s=96&d=mm&r=g\",\"contentUrl\":\"https:\\\/\\\/secure.gravatar.com\\\/avatar\\\/?s=96&d=mm&r=g\",\"caption\":\"Reinaldo David\"},\"description\":\"Licenciado en Periodismo y redactor en\u00a0FCBN. Encargado de traerte todos los d\u00edas\u00a0la \u00faltima hora del Bar\u00e7a y del mercado de traspasos. Analista de LaLiga, la Champions, la Copa del Rey tambi\u00e9n de las principales ligas y competiciones europeas.\",\"url\":\"https:\\\/\\\/www.fcbarcelonanoticias.com\\\/en\\\/reinaldo-david_37_115.html\"}]}<\/script>\n<!-- \/ Yoast SEO plugin. -->","yoast_head_json":{"title":"Nico Williams 'forgets' about Bar\u00e7a with a stellar start to the season","description":"Nico Williams was the protagonist with a goal and an assist in Athletic's first victory against Sevilla. Learn about his message of tranquility to the Basque fans","robots":{"index":"index","follow":"follow","max-snippet":"max-snippet:-1","max-image-preview":"max-image-preview:large","max-video-preview":"max-video-preview:-1"},"canonical":"https:\/\/www.fcbarcelonanoticias.com\/en\/laliga\/nico-williams-forgets-about-barca-with-stellar-start-to-season_314211_102.html","og_locale":"en_US","og_type":"article","og_title":"Nico Williams 'forgets' about Bar\u00e7a with a stellar start to the season","og_description":"Nico Williams was the protagonist with a goal and an assist in Athletic's first victory against Sevilla. Learn about his message of tranquility to the Basque fans","og_url":"https:\/\/www.fcbarcelonanoticias.com\/en\/laliga\/nico-williams-forgets-about-barca-with-stellar-start-to-season_314211_102.html","og_site_name":"EN - FC Barcelona Noticias","article_published_time":"2025-08-18T21:20:00+00:00","og_image":[{"width":1200,"height":675,"url":"https:\/\/www.fcbarcelonanoticias.com\/en\/wp-content\/uploads\/sites\/2\/2025\/08\/nico-williams-athletic-club-v-sevilla-fc-laliga-ea-sports.webp","type":"image\/webp"}],"author":"Reinaldo David","twitter_card":"summary_large_image","twitter_misc":{"Written by":"Reinaldo David","Est. reading time":"2 minutes"},"schema":{"@context":"https:\/\/schema.org","@graph":[{"@type":"Article","@id":"https:\/\/www.fcbarcelonanoticias.com\/en\/laliga\/nico-williams-forgets-about-barca-with-stellar-start-to-season_314211_102.html#article","isPartOf":{"@id":"https:\/\/www.fcbarcelonanoticias.com\/en\/laliga\/nico-williams-forgets-about-barca-with-stellar-start-to-season_314211_102.html"},"author":{"name":"Reinaldo David","@id":"https:\/\/www.fcbarcelonanoticias.com\/en\/#\/schema\/person\/f7c2a90edfe1134cfd813911ba5c0178"},"headline":"Nico Williams &#8216;forgets&#8217; about Bar\u00e7a with a stellar start to the season","datePublished":"2025-08-18T21:20:00+00:00","mainEntityOfPage":{"@id":"https:\/\/www.fcbarcelonanoticias.com\/en\/laliga\/nico-williams-forgets-about-barca-with-stellar-start-to-season_314211_102.html"},"wordCount":446,"image":{"@id":"https:\/\/www.fcbarcelonanoticias.com\/en\/laliga\/nico-williams-forgets-about-barca-with-stellar-start-to-season_314211_102.html#primaryimage"},"thumbnailUrl":"https:\/\/www.fcbarcelonanoticias.com\/en\/wp-content\/uploads\/sites\/2\/2025\/08\/nico-williams-athletic-club-v-sevilla-fc-laliga-ea-sports.webp","keywords":["Athletic de Bilbao","Nico Williams"],"articleSection":["LaLiga","LaLiga"],"inLanguage":"en-US"},{"@type":"WebPage","@id":"https:\/\/www.fcbarcelonanoticias.com\/en\/laliga\/nico-williams-forgets-about-barca-with-stellar-start-to-season_314211_102.html","url":"https:\/\/www.fcbarcelonanoticias.com\/en\/laliga\/nico-williams-forgets-about-barca-with-stellar-start-to-season_314211_102.html","name":"Nico Williams 'forgets' about Bar\u00e7a with a stellar start to the season","isPartOf":{"@id":"https:\/\/www.fcbarcelonanoticias.com\/en\/#website"},"primaryImageOfPage":{"@id":"https:\/\/www.fcbarcelonanoticias.com\/en\/laliga\/nico-williams-forgets-about-barca-with-stellar-start-to-season_314211_102.html#primaryimage"},"image":{"@id":"https:\/\/www.fcbarcelonanoticias.com\/en\/laliga\/nico-williams-forgets-about-barca-with-stellar-start-to-season_314211_102.html#primaryimage"},"thumbnailUrl":"https:\/\/www.fcbarcelonanoticias.com\/en\/wp-content\/uploads\/sites\/2\/2025\/08\/nico-williams-athletic-club-v-sevilla-fc-laliga-ea-sports.webp","datePublished":"2025-08-18T21:20:00+00:00","author":{"@id":"https:\/\/www.fcbarcelonanoticias.com\/en\/#\/schema\/person\/f7c2a90edfe1134cfd813911ba5c0178"},"description":"Nico Williams was the protagonist with a goal and an assist in Athletic's first victory against Sevilla. Learn about his message of tranquility to the Basque fans","breadcrumb":{"@id":"https:\/\/www.fcbarcelonanoticias.com\/en\/laliga\/nico-williams-forgets-about-barca-with-stellar-start-to-season_314211_102.html#breadcrumb"},"inLanguage":"en-US","potentialAction":[{"@type":"ReadAction","target":["https:\/\/www.fcbarcelonanoticias.com\/en\/laliga\/nico-williams-forgets-about-barca-with-stellar-start-to-season_314211_102.html"]}]},{"@type":"ImageObject","inLanguage":"en-US","@id":"https:\/\/www.fcbarcelonanoticias.com\/en\/laliga\/nico-williams-forgets-about-barca-with-stellar-start-to-season_314211_102.html#primaryimage","url":"https:\/\/www.fcbarcelonanoticias.com\/en\/wp-content\/uploads\/sites\/2\/2025\/08\/nico-williams-athletic-club-v-sevilla-fc-laliga-ea-sports.webp","contentUrl":"https:\/\/www.fcbarcelonanoticias.com\/en\/wp-content\/uploads\/sites\/2\/2025\/08\/nico-williams-athletic-club-v-sevilla-fc-laliga-ea-sports.webp","width":1200,"height":675},{"@type":"BreadcrumbList","@id":"https:\/\/www.fcbarcelonanoticias.com\/en\/laliga\/nico-williams-forgets-about-barca-with-stellar-start-to-season_314211_102.html#breadcrumb","itemListElement":[{"@type":"ListItem","position":1,"name":"Portada","item":"https:\/\/www.fcbarcelonanoticias.com\/en\/"},{"@type":"ListItem","position":2,"name":"Nico Williams &#8216;forgets&#8217; about Bar\u00e7a with a stellar start to the season"}]},{"@type":"WebSite","@id":"https:\/\/www.fcbarcelonanoticias.com\/en\/#website","url":"https:\/\/www.fcbarcelonanoticias.com\/en\/","name":"EN - FC Barcelona Noticias","description":"","potentialAction":[{"@type":"SearchAction","target":{"@type":"EntryPoint","urlTemplate":"https:\/\/www.fcbarcelonanoticias.com\/en\/?s={search_term_string}"},"query-input":{"@type":"PropertyValueSpecification","valueRequired":true,"valueName":"search_term_string"}}],"inLanguage":"en-US"},{"@type":"Person","@id":"https:\/\/www.fcbarcelonanoticias.com\/en\/#\/schema\/person\/f7c2a90edfe1134cfd813911ba5c0178","name":"Reinaldo David","image":{"@type":"ImageObject","inLanguage":"en-US","@id":"https:\/\/secure.gravatar.com\/avatar\/?s=96&d=mm&r=g","url":"https:\/\/secure.gravatar.com\/avatar\/?s=96&d=mm&r=g","contentUrl":"https:\/\/secure.gravatar.com\/avatar\/?s=96&d=mm&r=g","caption":"Reinaldo David"},"description":"Licenciado en Periodismo y redactor en\u00a0FCBN. Encargado de traerte todos los d\u00edas\u00a0la \u00faltima hora del Bar\u00e7a y del mercado de traspasos. Analista de LaLiga, la Champions, la Copa del Rey tambi\u00e9n de las principales ligas y competiciones europeas.","url":"https:\/\/www.fcbarcelonanoticias.com\/en\/reinaldo-david_37_115.html"}]}},"_links":{"self":[{"href":"https:\/\/www.fcbarcelonanoticias.com\/en\/wp-json\/wp\/v2\/posts\/118514","targetHints":{"allow":["GET"]}}],"collection":[{"href":"https:\/\/www.fcbarcelonanoticias.com\/en\/wp-json\/wp\/v2\/posts"}],"about":[{"href":"https:\/\/www.fcbarcelonanoticias.com\/en\/wp-json\/wp\/v2\/types\/post"}],"author":[{"embeddable":true,"href":"https:\/\/www.fcbarcelonanoticias.com\/en\/wp-json\/wp\/v2\/users\/362"}],"replies":[{"embeddable":true,"href":"https:\/\/www.fcbarcelonanoticias.com\/en\/wp-json\/wp\/v2\/comments?post=118514"}],"version-history":[{"count":1,"href":"https:\/\/www.fcbarcelonanoticias.com\/en\/wp-json\/wp\/v2\/posts\/118514\/revisions"}],"predecessor-version":[{"id":149702,"href":"https:\/\/www.fcbarcelonanoticias.com\/en\/wp-json\/wp\/v2\/posts\/118514\/revisions\/149702"}],"wp:featuredmedia":[{"embeddable":true,"href":"https:\/\/www.fcbarcelonanoticias.com\/en\/wp-json\/wp\/v2\/media\/118518"}],"wp:attachment":[{"href":"https:\/\/www.fcbarcelonanoticias.com\/en\/wp-json\/wp\/v2\/media?parent=118514"}],"wp:term":[{"taxonomy":"category","embeddable":true,"href":"https:\/\/www.fcbarcelonanoticias.com\/en\/wp-json\/wp\/v2\/categories?post=118514"},{"taxonomy":"post_tag","embeddable":true,"href":"https:\/\/www.fcbarcelonanoticias.com\/en\/wp-json\/wp\/v2\/tags?post=118514"}],"curies":[{"name":"wp","href":"https:\/\/api.w.org\/{rel}","templated":true}]}}