{"id":118585,"date":"2025-10-21T23:25:00","date_gmt":"2025-10-21T21:25:00","guid":{"rendered":"https:\/\/weisetech.dev\/fc-barcelona-noticias\/en\/official-barcelona-vs-elche-will-also-be-played-in-montjuic_315082_102\/"},"modified":"2026-03-27T11:35:39","modified_gmt":"2026-03-27T10:35:39","slug":"official-barcelona-vs-elche-will-also-be-played-in-montjuic_315082_102","status":"publish","type":"post","link":"https:\/\/www.fcbarcelonanoticias.com\/en\/laliga\/official-barcelona-vs-elche-will-also-be-played-in-montjuic_315082_102.html","title":{"rendered":"Barcelona puts tickets on sale for the match against Elche at Montju\u00efc"},"content":{"rendered":"<h2 class=\"wp-block-heading\">FC Barcelona has put tickets on sale for the LaLiga matchday 11 game against Elche, at the Llu\u00eds Companys in Montju\u00efc. The return to Spotify Camp Nou will have to wait until the end of November<\/h2>  \r\n<div class=\"article-addons\">\r\n    <a href=\"https:\/\/www.fcbarcelonanoticias.com\/en\/calendar-fc-barcelona.html\"\r\n       target=\"_self\"\r\n       title=\"Calendar of FC Barcelona\"\r\n       class=\"blue-gredient-btn\">\r\n       \r\n        Calendar of FC Barcelona    <\/a>\r\n<\/div>   <p>As planned, <strong>FC Barcelona<\/strong> will play their next <a data-external=\"0\" data-intl-links-en=\"https:\/\/www.fcbarcelonanoticias.com\/en\/laliga\" data-intl-links-es=\"https:\/\/www.fcbarcelonanoticias.com\/laliga\" href=\"https:\/\/www.fcbarcelonanoticias.com\/en\/football-soccer\/laliga.html\" rel=\"follow\" target=\"_self\" title=\"LaLiga\">LaLiga EA Sports 2025\/26<\/a> match as host at the <strong>Llu\u00eds Companys Olympic Stadium in Montju\u00efc<\/strong>. The club has already put <a data-external=\"1\" href=\"https:\/\/www.fcbarcelona.es\/en\/es\/entradas\/futbol\/regular\/laliga\/fcbarcelona-elche\" rel=\"nofollow\" target=\"_blank\" title=\"Tickets for Bar\u00e7a - Elche: LaLiga 25\/26 - MD11\">tickets for the match<\/a> scheduled for Sunday, November 2, at 18:30 CEST, corresponding to matchday 11 of the tournament, on sale.<\/p>  <p><a data-external=\"0\" data-intl-links-en=\"https:\/\/www.fcbarcelonanoticias.com\/en\/laliga\/barcelona-elche-schedule-and-tv-laliga-2025-26-md11_314969_102.html\" data-intl-links-es=\"https:\/\/www.fcbarcelonanoticias.com\/laliga\/horario-tv-barcelona-elche-laliga-2025-26-j11_314969_102.html\" href=\"https:\/\/www.fcbarcelonanoticias.com\/en\/laliga\/barcelona-elche-schedule-and-tv-laliga-2025-26-md11_314969_102.html\" rel=\"follow\" target=\"_self\" title=\"Horario y TV del Barcelona - Elche: LaLiga 2025\/26 J11\">Elche visits Catalunya<\/a> for the first time since the 2022\/23 season and will do so in Montju\u00efc, as the club continues to work on obtaining the first occupancy license for phase 1B. <a data-external=\"0\" data-intl-links-en=\"https:\/\/www.fcbarcelonanoticias.com\/en\/fc-barcelona\/barcelona-receives-first-occupancy-license-for-camp-nou_315039_102.html\" data-intl-links-es=\"https:\/\/www.fcbarcelonanoticias.com\/fc-barcelona\/camp-nou-barcelona-ya-cuenta-con-licencia-primera-ocupacion-fase-1a_315039_102.html\" href=\"https:\/\/www.fcbarcelonanoticias.com\/en\/fc-barcelona\/barcelona-receives-first-occupancy-license-for-camp-nou_315039_102.html\" rel=\"follow\" target=\"_self\" title=\"CAMP NOU: El Bar\u00e7a ya cuenta con la licencia de primera ocupaci\u00f3n de la fase 1A\">Bar\u00e7a already has a license to reopen the Estadi<\/a> with a capacity of 25,991 spectators, but prefers to wait for the conclusion of the Lateral to return to Les Corts.<\/p>  <h2>The reasons why the Bar\u00e7a-Elche match will be played in Montju\u00efc<\/h2>  <p>The opening of this area of the Bar\u00e7a temple <strong>will expand the capacity to 45,501 spectators<\/strong>, very similar to that available at Llu\u00eds Companys (50,000). In addition, with the Lateral stand enabled, it will be possible to play Champions League return matches at Camp Nou.<\/p>  <p>In that sense, the logical thing is to continue playing in Montju\u00efc until the City Council, LaLiga, and UEFA give the &#8216;Ok&#8217; to the opening of the Spotify Camp Nou in its 1B phase. <strong>The Elche match will be the fifth of the season at the &#8216;Magic Mountain&#8217;<\/strong>, the third in La Liga after the victories against Real Sociedad and Girona (both by 2-1).<\/p>  <p>In the Champions League, the team also played their home games at Llu\u00eds Companys against PSG and Olympiacos. The club has already enabled the &#8216;<a data-external=\"0\" data-intl-links-en=\"https:\/\/www.fcbarcelonanoticias.com\/en\/fc-barcelona\/barcelona-begins-selling-season-tickets-for-25-26_314984_102.html\" data-intl-links-es=\"https:\/\/www.fcbarcelonanoticias.com\/fc-barcelona\/barcelona-anuncia-precios-pase-temporada-25-26-con-vuelta-camp-nou-pausa_314984_102.html\" href=\"https:\/\/www.fcbarcelonanoticias.com\/en\/fc-barcelona\/barcelona-begins-selling-season-tickets-for-25-26_314984_102.html\" rel=\"follow\" target=\"_self\" title=\"El Bar\u00e7a anuncia los precios del pase de temporada 25\/26, con la vuelta al Camp Nou en pausa\">2025\/26 Season Pass<\/a>&#8216; for the acquisition of season tickets, anticipating a stay at the Olympic Stadium, at least, until the end of November.<\/p>  <h2>Tentative Dates for Return to Spotify Camp Nou<\/h2>  <div class=\"media media-image\" data-ck-asset-wrapper=\"\"> <div class=\"media-item\"> <img loading=\"lazy\" decoding=\"async\" alt=\"Spotify Camp Nou: New exclusive images of the construction progress!\" data-id=\"1527447\" data-resize=\"9\" height=\"563\" src=\"https:\/\/www.fcbarcelonanoticias.com\/wp-content\/uploads\/sites\/2\/2025\/11\/fcbn-2b2041c424f431483239e732f349f57b.webp\" title=\"Spotify Camp Nou: New exclusive images of the construction progress!\" width=\"1000\"><div class=\"media-title\">Spotify Camp Nou: New exclusive images of the construction progress!<\/div> <\/div> <\/div>  <p>Understanding that there will be a break for national teams in November (from the 10th to the 21st), Barcelona is considering two tentative dates for the long-awaited return to the Spotify Camp Nou. The first, <a data-external=\"0\" data-intl-links-en=\"https:\/\/www.fcbarcelonanoticias.com\/en\/laliga\/barcelona-athletic-schedule-and-tv-laliga-2025-26-md13_315077_102.html\" data-intl-links-es=\"https:\/\/www.fcbarcelonanoticias.com\/laliga\/horario-tv-barcelona-athletic-laliga-2025-26-j13_315077_102.html\" href=\"https:\/\/www.fcbarcelonanoticias.com\/en\/laliga\/barcelona-athletic-schedule-and-tv-laliga-2025-26-md13_315077_102.html\" rel=\"follow\" target=\"_self\" title=\"Horario y TV del Barcelona - Athletic: LaLiga 2025\/26 J13\">Saturday, November 22, against Athletic Club<\/a> for matchday 13 of LaLiga.<\/p>  <p>The match against the Bilbao team is scheduled for 16:15 CEST and its main attraction is the possible presence of <a data-external=\"0\" data-intl-links-en=\"https:\/\/www.fcbarcelonanoticias.com\/en\/fc-barcelona\/barca-athletic-return-to-camp-nou-against-nico-williams_315079_102.html\" data-intl-links-es=\"https:\/\/www.fcbarcelonanoticias.com\/fc-barcelona\/barca-athletic-regreso-camp-nou-contra-nico-williams_315079_102.html\" href=\"https:\/\/www.fcbarcelonanoticias.com\/en\/fc-barcelona\/barca-athletic-return-to-camp-nou-against-nico-williams_315079_102.html\" rel=\"follow\" target=\"_self\" title=\"Bar\u00e7a\u2013Athletic \u00bfregreso al Camp Nou contra Nico Williams?\">Nico Williams<\/a>. The &#8217;11&#8217;, for the second summer market in a row, ruled out signing for Bar\u00e7a despite having negotiations well underway.&nbsp;<\/p>  <p>In the event that the first occupancy license for phase 1B is not available for the match against Athletic, it would be necessary to wait and see if everything is in order to return to Les Corts against <strong>Alav\u00e9s<\/strong>. The match against the team from Vitoria does not yet have a confirmed date or time, but it will be played <strong>on the weekend of November 29-30<\/strong>.<\/p>  <p>Thus, we will have to wait at least another month to see Bar\u00e7a playing at Camp Nou again. Something that hasn&#8217;t happened since May 2023, just before the start of the works.<\/p>  <ul> <li>You can consult the updated&nbsp;<strong><a data-external=\"0\" data-intl-links-en=\"https:\/\/www.fcbarcelonanoticias.com\/en\/calendar-fc-barcelona.html\" data-intl-links-es=\"https:\/\/www.fcbarcelonanoticias.com\/calendario-fcbarcelona.html\" href=\"https:\/\/www.fcbarcelonanoticias.com\/en\/calendar-fc-barcelona.html\" rel=\"follow\" target=\"_self\" title=\"Calendario FC Barcelona\">complete FC Barcelona calendar<\/a><\/strong>&nbsp;on&nbsp;<strong>FC Barcelona Noticias<\/strong>.<\/li> <\/ul> ","protected":false},"excerpt":{"rendered":"<p>FC Barcelona has put tickets on sale for the LaLiga matchday 11 game against Elche, at the Llu\u00eds Companys in Montju\u00efc. The return to Spotify Camp Nou will have to wait until the end of November As planned, FC Barcelona will play their next LaLiga EA Sports 2025\/26 match as host at the Llu\u00eds Companys [&hellip;]<\/p>\n","protected":false},"author":347,"featured_media":118588,"comment_status":"closed","ping_status":"open","sticky":false,"template":"","format":"standard","meta":{"_acf_changed":false,"inline_featured_image":false,"_nextfly_llmd_date_locked":false,"footnotes":""},"categories":[448,114],"tags":[344,81,82,347],"class_list":["post-118585","post","type-post","status-publish","format-standard","has-post-thumbnail","hentry","category-laliga-2","category-laliga","tag-alaves","tag-athletic-de-bilbao","tag-camp-nou","tag-elche-cf"],"acf":[],"yoast_head":"<!-- This site is optimized with the Yoast SEO plugin v27.3 - https:\/\/yoast.com\/product\/yoast-seo-wordpress\/ -->\n<title>OFFICIAL: Bar\u00e7a vs. Elche will also be played in Montju\u00efc<\/title>\n<meta name=\"description\" content=\"FC Barcelona has put tickets on sale for the LaLiga matchday 11 game against Elche, at the Llu\u00eds Companys in Montju\u00efc\" \/>\n<meta name=\"robots\" content=\"index, follow, max-snippet:-1, max-image-preview:large, max-video-preview:-1\" \/>\n<link rel=\"canonical\" href=\"https:\/\/www.fcbarcelonanoticias.com\/en\/laliga\/official-barcelona-vs-elche-will-also-be-played-in-montjuic_315082_102.html\" \/>\n<meta property=\"og:locale\" content=\"en_US\" \/>\n<meta property=\"og:type\" content=\"article\" \/>\n<meta property=\"og:title\" content=\"OFFICIAL: Bar\u00e7a vs. Elche will also be played in Montju\u00efc\" \/>\n<meta property=\"og:description\" content=\"FC Barcelona has put tickets on sale for the LaLiga matchday 11 game against Elche, at the Llu\u00eds Companys in Montju\u00efc\" \/>\n<meta property=\"og:url\" content=\"https:\/\/www.fcbarcelonanoticias.com\/en\/laliga\/official-barcelona-vs-elche-will-also-be-played-in-montjuic_315082_102.html\" \/>\n<meta property=\"og:site_name\" content=\"EN - FC Barcelona Noticias\" \/>\n<meta property=\"article:published_time\" content=\"2025-10-21T21:25:00+00:00\" \/>\n<meta property=\"article:modified_time\" content=\"2026-03-27T10:35:39+00:00\" \/>\n<meta property=\"og:image\" content=\"https:\/\/www.fcbarcelonanoticias.com\/en\/wp-content\/uploads\/sites\/2\/2025\/10\/jugadores-fc-barcelona-v-elche-laliga-25-26.webp\" \/>\n\t<meta property=\"og:image:width\" content=\"1200\" \/>\n\t<meta property=\"og:image:height\" content=\"675\" \/>\n\t<meta property=\"og:image:type\" content=\"image\/webp\" \/>\n<meta name=\"author\" content=\"Andr\u00e9s Quiroz\" \/>\n<meta name=\"twitter:card\" content=\"summary_large_image\" \/>\n<meta name=\"twitter:label1\" content=\"Written by\" \/>\n\t<meta name=\"twitter:data1\" content=\"Andr\u00e9s Quiroz\" \/>\n\t<meta name=\"twitter:label2\" content=\"Est. reading time\" \/>\n\t<meta name=\"twitter:data2\" content=\"3 minutes\" \/>\n<script type=\"application\/ld+json\" class=\"yoast-schema-graph\">{\"@context\":\"https:\\\/\\\/schema.org\",\"@graph\":[{\"@type\":\"Article\",\"@id\":\"https:\\\/\\\/www.fcbarcelonanoticias.com\\\/en\\\/laliga\\\/official-barcelona-vs-elche-will-also-be-played-in-montjuic_315082_102.html#article\",\"isPartOf\":{\"@id\":\"https:\\\/\\\/www.fcbarcelonanoticias.com\\\/en\\\/laliga\\\/official-barcelona-vs-elche-will-also-be-played-in-montjuic_315082_102.html\"},\"author\":{\"name\":\"Andr\u00e9s Quiroz\",\"@id\":\"https:\\\/\\\/www.fcbarcelonanoticias.com\\\/en\\\/#\\\/schema\\\/person\\\/c2cd9f6fa1af5c0d0eccd0fefa575c88\"},\"headline\":\"Barcelona puts tickets on sale for the match against Elche at Montju\u00efc\",\"datePublished\":\"2025-10-21T21:25:00+00:00\",\"dateModified\":\"2026-03-27T10:35:39+00:00\",\"mainEntityOfPage\":{\"@id\":\"https:\\\/\\\/www.fcbarcelonanoticias.com\\\/en\\\/laliga\\\/official-barcelona-vs-elche-will-also-be-played-in-montjuic_315082_102.html\"},\"wordCount\":549,\"image\":{\"@id\":\"https:\\\/\\\/www.fcbarcelonanoticias.com\\\/en\\\/laliga\\\/official-barcelona-vs-elche-will-also-be-played-in-montjuic_315082_102.html#primaryimage\"},\"thumbnailUrl\":\"https:\\\/\\\/www.fcbarcelonanoticias.com\\\/en\\\/wp-content\\\/uploads\\\/sites\\\/2\\\/2025\\\/10\\\/jugadores-fc-barcelona-v-elche-laliga-25-26.webp\",\"keywords\":[\"Alav\u00e9s\",\"Athletic de Bilbao\",\"Camp Nou\",\"Elche CF\"],\"articleSection\":[\"LaLiga\",\"LaLiga\"],\"inLanguage\":\"en-US\"},{\"@type\":\"WebPage\",\"@id\":\"https:\\\/\\\/www.fcbarcelonanoticias.com\\\/en\\\/laliga\\\/official-barcelona-vs-elche-will-also-be-played-in-montjuic_315082_102.html\",\"url\":\"https:\\\/\\\/www.fcbarcelonanoticias.com\\\/en\\\/laliga\\\/official-barcelona-vs-elche-will-also-be-played-in-montjuic_315082_102.html\",\"name\":\"OFFICIAL: Bar\u00e7a vs. Elche will also be played in Montju\u00efc\",\"isPartOf\":{\"@id\":\"https:\\\/\\\/www.fcbarcelonanoticias.com\\\/en\\\/#website\"},\"primaryImageOfPage\":{\"@id\":\"https:\\\/\\\/www.fcbarcelonanoticias.com\\\/en\\\/laliga\\\/official-barcelona-vs-elche-will-also-be-played-in-montjuic_315082_102.html#primaryimage\"},\"image\":{\"@id\":\"https:\\\/\\\/www.fcbarcelonanoticias.com\\\/en\\\/laliga\\\/official-barcelona-vs-elche-will-also-be-played-in-montjuic_315082_102.html#primaryimage\"},\"thumbnailUrl\":\"https:\\\/\\\/www.fcbarcelonanoticias.com\\\/en\\\/wp-content\\\/uploads\\\/sites\\\/2\\\/2025\\\/10\\\/jugadores-fc-barcelona-v-elche-laliga-25-26.webp\",\"datePublished\":\"2025-10-21T21:25:00+00:00\",\"dateModified\":\"2026-03-27T10:35:39+00:00\",\"author\":{\"@id\":\"https:\\\/\\\/www.fcbarcelonanoticias.com\\\/en\\\/#\\\/schema\\\/person\\\/c2cd9f6fa1af5c0d0eccd0fefa575c88\"},\"description\":\"FC Barcelona has put tickets on sale for the LaLiga matchday 11 game against Elche, at the Llu\u00eds Companys in Montju\u00efc\",\"breadcrumb\":{\"@id\":\"https:\\\/\\\/www.fcbarcelonanoticias.com\\\/en\\\/laliga\\\/official-barcelona-vs-elche-will-also-be-played-in-montjuic_315082_102.html#breadcrumb\"},\"inLanguage\":\"en-US\",\"potentialAction\":[{\"@type\":\"ReadAction\",\"target\":[\"https:\\\/\\\/www.fcbarcelonanoticias.com\\\/en\\\/laliga\\\/official-barcelona-vs-elche-will-also-be-played-in-montjuic_315082_102.html\"]}]},{\"@type\":\"ImageObject\",\"inLanguage\":\"en-US\",\"@id\":\"https:\\\/\\\/www.fcbarcelonanoticias.com\\\/en\\\/laliga\\\/official-barcelona-vs-elche-will-also-be-played-in-montjuic_315082_102.html#primaryimage\",\"url\":\"https:\\\/\\\/www.fcbarcelonanoticias.com\\\/en\\\/wp-content\\\/uploads\\\/sites\\\/2\\\/2025\\\/10\\\/jugadores-fc-barcelona-v-elche-laliga-25-26.webp\",\"contentUrl\":\"https:\\\/\\\/www.fcbarcelonanoticias.com\\\/en\\\/wp-content\\\/uploads\\\/sites\\\/2\\\/2025\\\/10\\\/jugadores-fc-barcelona-v-elche-laliga-25-26.webp\",\"width\":1200,\"height\":675},{\"@type\":\"BreadcrumbList\",\"@id\":\"https:\\\/\\\/www.fcbarcelonanoticias.com\\\/en\\\/laliga\\\/official-barcelona-vs-elche-will-also-be-played-in-montjuic_315082_102.html#breadcrumb\",\"itemListElement\":[{\"@type\":\"ListItem\",\"position\":1,\"name\":\"Portada\",\"item\":\"https:\\\/\\\/www.fcbarcelonanoticias.com\\\/en\\\/\"},{\"@type\":\"ListItem\",\"position\":2,\"name\":\"Barcelona puts tickets on sale for the match against Elche at Montju\u00efc\"}]},{\"@type\":\"WebSite\",\"@id\":\"https:\\\/\\\/www.fcbarcelonanoticias.com\\\/en\\\/#website\",\"url\":\"https:\\\/\\\/www.fcbarcelonanoticias.com\\\/en\\\/\",\"name\":\"EN - FC Barcelona Noticias\",\"description\":\"\",\"potentialAction\":[{\"@type\":\"SearchAction\",\"target\":{\"@type\":\"EntryPoint\",\"urlTemplate\":\"https:\\\/\\\/www.fcbarcelonanoticias.com\\\/en\\\/?s={search_term_string}\"},\"query-input\":{\"@type\":\"PropertyValueSpecification\",\"valueRequired\":true,\"valueName\":\"search_term_string\"}}],\"inLanguage\":\"en-US\"},{\"@type\":\"Person\",\"@id\":\"https:\\\/\\\/www.fcbarcelonanoticias.com\\\/en\\\/#\\\/schema\\\/person\\\/c2cd9f6fa1af5c0d0eccd0fefa575c88\",\"name\":\"Andr\u00e9s Quiroz\",\"image\":{\"@type\":\"ImageObject\",\"inLanguage\":\"en-US\",\"@id\":\"https:\\\/\\\/secure.gravatar.com\\\/avatar\\\/?s=96&d=mm&r=g\",\"url\":\"https:\\\/\\\/secure.gravatar.com\\\/avatar\\\/?s=96&d=mm&r=g\",\"contentUrl\":\"https:\\\/\\\/secure.gravatar.com\\\/avatar\\\/?s=96&d=mm&r=g\",\"caption\":\"Andr\u00e9s Quiroz\"},\"description\":\"Licenciado en Periodismo por la Universidad de los Andes. Me encargo de analizar y compartir los contenidos m\u00e1s destacados de la\u00a0actualidad del F\u00fatbol Club Barcelona, Mercado de Fichajes y F\u00fatbol Internacional en FCBN. La informaci\u00f3n es poder, pero tambi\u00e9n conocimiento.\",\"url\":\"https:\\\/\\\/www.fcbarcelonanoticias.com\\\/en\\\/fc-barcelona\\\/andres-quiroz_17_115.html\"}]}<\/script>\n<!-- \/ Yoast SEO plugin. -->","yoast_head_json":{"title":"OFFICIAL: Bar\u00e7a vs. Elche will also be played in Montju\u00efc","description":"FC Barcelona has put tickets on sale for the LaLiga matchday 11 game against Elche, at the Llu\u00eds Companys in Montju\u00efc","robots":{"index":"index","follow":"follow","max-snippet":"max-snippet:-1","max-image-preview":"max-image-preview:large","max-video-preview":"max-video-preview:-1"},"canonical":"https:\/\/www.fcbarcelonanoticias.com\/en\/laliga\/official-barcelona-vs-elche-will-also-be-played-in-montjuic_315082_102.html","og_locale":"en_US","og_type":"article","og_title":"OFFICIAL: Bar\u00e7a vs. Elche will also be played in Montju\u00efc","og_description":"FC Barcelona has put tickets on sale for the LaLiga matchday 11 game against Elche, at the Llu\u00eds Companys in Montju\u00efc","og_url":"https:\/\/www.fcbarcelonanoticias.com\/en\/laliga\/official-barcelona-vs-elche-will-also-be-played-in-montjuic_315082_102.html","og_site_name":"EN - FC Barcelona Noticias","article_published_time":"2025-10-21T21:25:00+00:00","article_modified_time":"2026-03-27T10:35:39+00:00","og_image":[{"width":1200,"height":675,"url":"https:\/\/www.fcbarcelonanoticias.com\/en\/wp-content\/uploads\/sites\/2\/2025\/10\/jugadores-fc-barcelona-v-elche-laliga-25-26.webp","type":"image\/webp"}],"author":"Andr\u00e9s Quiroz","twitter_card":"summary_large_image","twitter_misc":{"Written by":"Andr\u00e9s Quiroz","Est. reading time":"3 minutes"},"schema":{"@context":"https:\/\/schema.org","@graph":[{"@type":"Article","@id":"https:\/\/www.fcbarcelonanoticias.com\/en\/laliga\/official-barcelona-vs-elche-will-also-be-played-in-montjuic_315082_102.html#article","isPartOf":{"@id":"https:\/\/www.fcbarcelonanoticias.com\/en\/laliga\/official-barcelona-vs-elche-will-also-be-played-in-montjuic_315082_102.html"},"author":{"name":"Andr\u00e9s Quiroz","@id":"https:\/\/www.fcbarcelonanoticias.com\/en\/#\/schema\/person\/c2cd9f6fa1af5c0d0eccd0fefa575c88"},"headline":"Barcelona puts tickets on sale for the match against Elche at Montju\u00efc","datePublished":"2025-10-21T21:25:00+00:00","dateModified":"2026-03-27T10:35:39+00:00","mainEntityOfPage":{"@id":"https:\/\/www.fcbarcelonanoticias.com\/en\/laliga\/official-barcelona-vs-elche-will-also-be-played-in-montjuic_315082_102.html"},"wordCount":549,"image":{"@id":"https:\/\/www.fcbarcelonanoticias.com\/en\/laliga\/official-barcelona-vs-elche-will-also-be-played-in-montjuic_315082_102.html#primaryimage"},"thumbnailUrl":"https:\/\/www.fcbarcelonanoticias.com\/en\/wp-content\/uploads\/sites\/2\/2025\/10\/jugadores-fc-barcelona-v-elche-laliga-25-26.webp","keywords":["Alav\u00e9s","Athletic de Bilbao","Camp Nou","Elche CF"],"articleSection":["LaLiga","LaLiga"],"inLanguage":"en-US"},{"@type":"WebPage","@id":"https:\/\/www.fcbarcelonanoticias.com\/en\/laliga\/official-barcelona-vs-elche-will-also-be-played-in-montjuic_315082_102.html","url":"https:\/\/www.fcbarcelonanoticias.com\/en\/laliga\/official-barcelona-vs-elche-will-also-be-played-in-montjuic_315082_102.html","name":"OFFICIAL: Bar\u00e7a vs. Elche will also be played in Montju\u00efc","isPartOf":{"@id":"https:\/\/www.fcbarcelonanoticias.com\/en\/#website"},"primaryImageOfPage":{"@id":"https:\/\/www.fcbarcelonanoticias.com\/en\/laliga\/official-barcelona-vs-elche-will-also-be-played-in-montjuic_315082_102.html#primaryimage"},"image":{"@id":"https:\/\/www.fcbarcelonanoticias.com\/en\/laliga\/official-barcelona-vs-elche-will-also-be-played-in-montjuic_315082_102.html#primaryimage"},"thumbnailUrl":"https:\/\/www.fcbarcelonanoticias.com\/en\/wp-content\/uploads\/sites\/2\/2025\/10\/jugadores-fc-barcelona-v-elche-laliga-25-26.webp","datePublished":"2025-10-21T21:25:00+00:00","dateModified":"2026-03-27T10:35:39+00:00","author":{"@id":"https:\/\/www.fcbarcelonanoticias.com\/en\/#\/schema\/person\/c2cd9f6fa1af5c0d0eccd0fefa575c88"},"description":"FC Barcelona has put tickets on sale for the LaLiga matchday 11 game against Elche, at the Llu\u00eds Companys in Montju\u00efc","breadcrumb":{"@id":"https:\/\/www.fcbarcelonanoticias.com\/en\/laliga\/official-barcelona-vs-elche-will-also-be-played-in-montjuic_315082_102.html#breadcrumb"},"inLanguage":"en-US","potentialAction":[{"@type":"ReadAction","target":["https:\/\/www.fcbarcelonanoticias.com\/en\/laliga\/official-barcelona-vs-elche-will-also-be-played-in-montjuic_315082_102.html"]}]},{"@type":"ImageObject","inLanguage":"en-US","@id":"https:\/\/www.fcbarcelonanoticias.com\/en\/laliga\/official-barcelona-vs-elche-will-also-be-played-in-montjuic_315082_102.html#primaryimage","url":"https:\/\/www.fcbarcelonanoticias.com\/en\/wp-content\/uploads\/sites\/2\/2025\/10\/jugadores-fc-barcelona-v-elche-laliga-25-26.webp","contentUrl":"https:\/\/www.fcbarcelonanoticias.com\/en\/wp-content\/uploads\/sites\/2\/2025\/10\/jugadores-fc-barcelona-v-elche-laliga-25-26.webp","width":1200,"height":675},{"@type":"BreadcrumbList","@id":"https:\/\/www.fcbarcelonanoticias.com\/en\/laliga\/official-barcelona-vs-elche-will-also-be-played-in-montjuic_315082_102.html#breadcrumb","itemListElement":[{"@type":"ListItem","position":1,"name":"Portada","item":"https:\/\/www.fcbarcelonanoticias.com\/en\/"},{"@type":"ListItem","position":2,"name":"Barcelona puts tickets on sale for the match against Elche at Montju\u00efc"}]},{"@type":"WebSite","@id":"https:\/\/www.fcbarcelonanoticias.com\/en\/#website","url":"https:\/\/www.fcbarcelonanoticias.com\/en\/","name":"EN - FC Barcelona Noticias","description":"","potentialAction":[{"@type":"SearchAction","target":{"@type":"EntryPoint","urlTemplate":"https:\/\/www.fcbarcelonanoticias.com\/en\/?s={search_term_string}"},"query-input":{"@type":"PropertyValueSpecification","valueRequired":true,"valueName":"search_term_string"}}],"inLanguage":"en-US"},{"@type":"Person","@id":"https:\/\/www.fcbarcelonanoticias.com\/en\/#\/schema\/person\/c2cd9f6fa1af5c0d0eccd0fefa575c88","name":"Andr\u00e9s Quiroz","image":{"@type":"ImageObject","inLanguage":"en-US","@id":"https:\/\/secure.gravatar.com\/avatar\/?s=96&d=mm&r=g","url":"https:\/\/secure.gravatar.com\/avatar\/?s=96&d=mm&r=g","contentUrl":"https:\/\/secure.gravatar.com\/avatar\/?s=96&d=mm&r=g","caption":"Andr\u00e9s Quiroz"},"description":"Licenciado en Periodismo por la Universidad de los Andes. Me encargo de analizar y compartir los contenidos m\u00e1s destacados de la\u00a0actualidad del F\u00fatbol Club Barcelona, Mercado de Fichajes y F\u00fatbol Internacional en FCBN. La informaci\u00f3n es poder, pero tambi\u00e9n conocimiento.","url":"https:\/\/www.fcbarcelonanoticias.com\/en\/fc-barcelona\/andres-quiroz_17_115.html"}]}},"_links":{"self":[{"href":"https:\/\/www.fcbarcelonanoticias.com\/en\/wp-json\/wp\/v2\/posts\/118585","targetHints":{"allow":["GET"]}}],"collection":[{"href":"https:\/\/www.fcbarcelonanoticias.com\/en\/wp-json\/wp\/v2\/posts"}],"about":[{"href":"https:\/\/www.fcbarcelonanoticias.com\/en\/wp-json\/wp\/v2\/types\/post"}],"author":[{"embeddable":true,"href":"https:\/\/www.fcbarcelonanoticias.com\/en\/wp-json\/wp\/v2\/users\/347"}],"replies":[{"embeddable":true,"href":"https:\/\/www.fcbarcelonanoticias.com\/en\/wp-json\/wp\/v2\/comments?post=118585"}],"version-history":[{"count":2,"href":"https:\/\/www.fcbarcelonanoticias.com\/en\/wp-json\/wp\/v2\/posts\/118585\/revisions"}],"predecessor-version":[{"id":159901,"href":"https:\/\/www.fcbarcelonanoticias.com\/en\/wp-json\/wp\/v2\/posts\/118585\/revisions\/159901"}],"wp:featuredmedia":[{"embeddable":true,"href":"https:\/\/www.fcbarcelonanoticias.com\/en\/wp-json\/wp\/v2\/media\/118588"}],"wp:attachment":[{"href":"https:\/\/www.fcbarcelonanoticias.com\/en\/wp-json\/wp\/v2\/media?parent=118585"}],"wp:term":[{"taxonomy":"category","embeddable":true,"href":"https:\/\/www.fcbarcelonanoticias.com\/en\/wp-json\/wp\/v2\/categories?post=118585"},{"taxonomy":"post_tag","embeddable":true,"href":"https:\/\/www.fcbarcelonanoticias.com\/en\/wp-json\/wp\/v2\/tags?post=118585"}],"curies":[{"name":"wp","href":"https:\/\/api.w.org\/{rel}","templated":true}]}}