{"id":118666,"date":"2024-03-27T11:45:00","date_gmt":"2024-03-27T10:45:00","guid":{"rendered":"https:\/\/weisetech.dev\/fc-barcelona-noticias\/en\/official-appeal-maintains-the-sanction-to-xavi-whot-will-not-be-against-las-palmas-or-cadiz_302074_102\/"},"modified":"2024-03-27T11:52:00","modified_gmt":"2024-03-27T10:52:00","slug":"official-appeal-maintains-the-sanction-to-xavi-whot-will-not-be-against-las-palmas-or-cadiz_302074_102","status":"publish","type":"post","link":"https:\/\/www.fcbarcelonanoticias.com\/en\/laliga\/official-appeal-maintains-the-sanction-to-xavi-whot-will-not-be-against-las-palmas-or-cadiz_302074_102.html","title":{"rendered":"OFFICIAL! Appeal maintains the sanction to Xavi who will not be against Las Palmas or Cadiz"},"content":{"rendered":"<h2 class=\"wp-block-heading\">Xavi Hernandez will have a rest in La Liga until 21 April. Appeal has decided to maintain this Wednesday the two-match ban for the Catalan coach, as a result of his red card against Atl\u00e9tico<\/h2>  \r\n<div class=\"article-addons\">\r\n    <a href=\"https:\/\/www.fcbarcelonanoticias.com\/en\/calendar-fc-barcelona.html\"\r\n       target=\"_self\"\r\n       title=\"Calendar of FC Barcelona\"\r\n       class=\"blue-gredient-btn\">\r\n       \r\n        Calendar of FC Barcelona    <\/a>\r\n<\/div>   <p>As it expected , the Committee of Appeal has confirmed this Wednesday the sanction of two parties to Xavi Hern\u00e1ndez. Like this, the trainer of the FC Barcelona will have to fulfil yes or yes the punishment imposed by the Committee of Discipline of the Spanish Federation of Football (RFEF). <strong>Therefore, the technician of Terrassa will not be able to be in the bench in <a data-external=\"0\" data-intl-links-en=\"https:\/\/www.fcbarcelonanoticias.com\/en\/calendar-fc-barcelona.html\" data-intl-links-es=\"https:\/\/www.fcbarcelonanoticias.com\/calendario-fcbarcelona.html\" href=\"https:\/\/www.fcbarcelonanoticias.com\/en\/calendar-fc-barcelona.html\" rel=\"follow\" target=\"_self\" title=\"Calendario FC Barcelona 2023-2024\">the parties of LaLiga against The Palms, home, and like visitor in front of the C\u00e1diz.<\/a><\/strong><\/p>  <p>The Barcelona team finally has not been able to diminish or delete directly the sanction to his trainer, something that treated with a resource in which it explained the existence in a self-evident material error of the record of the referee of the party Jos\u00e9 Mar\u00eda S\u00e1nchez Mart\u00ednez,<strong> circumstance that Appeal does not appreciate in sight of the proofs presented by the Barcelona club. <\/strong>\u00d3scar Hern\u00e1ndez, brother and assistant of Xavi, will be the attendant to direct to the Bar\u00e7a in the pair of meetings already mentioned.<\/p>  <h2>The Bar\u00e7a could not &#8216;convince&#8217; to the Committee<\/h2>  <p>It fits to remember that S\u00e1nchez Mart\u00ednez expelled to Xavi in the Metropolitan, according to the record, &#8220;for making observations of technical character to one of my decisions, voice in cry, making gestures of desconsideraci\u00f3n and after having been warned previously by the fourth referee&#8221;. Competition sanctioned with two parties and 600 euros of the fine to the technician without attending the allegations to the record of the Bar\u00e7a, <strong>that protected in this self-evident material error of the record, since according to the opinion of the Barcelona club, neither shouted neither did gestures of desconsideraci\u00f3n to the fourth referee.<\/strong><\/p> ","protected":false},"excerpt":{"rendered":"<p>Xavi Hernandez will have a rest in La Liga until 21 April. Appeal has decided to maintain this Wednesday the two-match ban for the Catalan coach, as a result of his red card against Atl\u00e9tico As it expected , the Committee of Appeal has confirmed this Wednesday the sanction of two parties to Xavi Hern\u00e1ndez. [&hellip;]<\/p>\n","protected":false},"author":345,"featured_media":118669,"comment_status":"closed","ping_status":"open","sticky":false,"template":"","format":"standard","meta":{"_acf_changed":false,"inline_featured_image":false,"_nextfly_llmd_date_locked":false,"footnotes":""},"categories":[448,114],"tags":[349,190,95,376,48],"class_list":["post-118666","post","type-post","status-publish","format-standard","has-post-thumbnail","hentry","category-laliga-2","category-laliga","tag-cadiz-cf","tag-referees","tag-rfef","tag-ud-las-palmas","tag-xavi-hernandez"],"acf":[],"yoast_head":"<!-- This site is optimized with the Yoast SEO plugin v27.3 - https:\/\/yoast.com\/product\/yoast-seo-wordpress\/ -->\n<title>OFFICIAL! Appeal maintains the sanction to Xavi who will not be against Las Palmas or Cadiz<\/title>\n<meta name=\"description\" content=\"Xavi Hernandez will have a rest in La Liga until 21 April. Appeal has decided to maintain this Wednesday the two-match ban for the Catalan coach, as a result of his red card against Atl\u00e9tico\" \/>\n<meta name=\"robots\" content=\"index, follow, max-snippet:-1, max-image-preview:large, max-video-preview:-1\" \/>\n<link rel=\"canonical\" href=\"https:\/\/www.fcbarcelonanoticias.com\/en\/laliga\/official-appeal-maintains-the-sanction-to-xavi-whot-will-not-be-against-las-palmas-or-cadiz_302074_102.html\" \/>\n<meta property=\"og:locale\" content=\"en_US\" \/>\n<meta property=\"og:type\" content=\"article\" \/>\n<meta property=\"og:title\" content=\"OFFICIAL! Appeal maintains the sanction to Xavi who will not be against Las Palmas or Cadiz\" \/>\n<meta property=\"og:description\" content=\"Xavi Hernandez will have a rest in La Liga until 21 April. Appeal has decided to maintain this Wednesday the two-match ban for the Catalan coach, as a result of his red card against Atl\u00e9tico\" \/>\n<meta property=\"og:url\" content=\"https:\/\/www.fcbarcelonanoticias.com\/en\/laliga\/official-appeal-maintains-the-sanction-to-xavi-whot-will-not-be-against-las-palmas-or-cadiz_302074_102.html\" \/>\n<meta property=\"og:site_name\" content=\"EN - FC Barcelona Noticias\" \/>\n<meta property=\"article:published_time\" content=\"2024-03-27T10:45:00+00:00\" \/>\n<meta property=\"article:modified_time\" content=\"2024-03-27T10:52:00+00:00\" \/>\n<meta property=\"og:image\" content=\"https:\/\/www.fcbarcelonanoticias.com\/en\/wp-content\/uploads\/sites\/2\/2024\/03\/xavi-hernandez-entrenador-del-fc-barcelona.jpeg\" \/>\n\t<meta property=\"og:image:width\" content=\"1300\" \/>\n\t<meta property=\"og:image:height\" content=\"730\" \/>\n\t<meta property=\"og:image:type\" content=\"image\/jpeg\" \/>\n<meta name=\"author\" content=\"Carlos Montenegro\" \/>\n<meta name=\"twitter:card\" content=\"summary_large_image\" \/>\n<meta name=\"twitter:label1\" content=\"Written by\" \/>\n\t<meta name=\"twitter:data1\" content=\"Carlos Montenegro\" \/>\n\t<meta name=\"twitter:label2\" content=\"Est. reading time\" \/>\n\t<meta name=\"twitter:data2\" content=\"2 minutes\" \/>\n<script type=\"application\/ld+json\" class=\"yoast-schema-graph\">{\"@context\":\"https:\\\/\\\/schema.org\",\"@graph\":[{\"@type\":\"Article\",\"@id\":\"https:\\\/\\\/www.fcbarcelonanoticias.com\\\/en\\\/laliga\\\/official-appeal-maintains-the-sanction-to-xavi-whot-will-not-be-against-las-palmas-or-cadiz_302074_102.html#article\",\"isPartOf\":{\"@id\":\"https:\\\/\\\/www.fcbarcelonanoticias.com\\\/en\\\/laliga\\\/official-appeal-maintains-the-sanction-to-xavi-whot-will-not-be-against-las-palmas-or-cadiz_302074_102.html\"},\"author\":{\"name\":\"Carlos Montenegro\",\"@id\":\"https:\\\/\\\/www.fcbarcelonanoticias.com\\\/en\\\/#\\\/schema\\\/person\\\/aa1d038709c262cb247e240f6b39bbf5\"},\"headline\":\"OFFICIAL! Appeal maintains the sanction to Xavi who will not be against Las Palmas or Cadiz\",\"datePublished\":\"2024-03-27T10:45:00+00:00\",\"dateModified\":\"2024-03-27T10:52:00+00:00\",\"mainEntityOfPage\":{\"@id\":\"https:\\\/\\\/www.fcbarcelonanoticias.com\\\/en\\\/laliga\\\/official-appeal-maintains-the-sanction-to-xavi-whot-will-not-be-against-las-palmas-or-cadiz_302074_102.html\"},\"wordCount\":337,\"image\":{\"@id\":\"https:\\\/\\\/www.fcbarcelonanoticias.com\\\/en\\\/laliga\\\/official-appeal-maintains-the-sanction-to-xavi-whot-will-not-be-against-las-palmas-or-cadiz_302074_102.html#primaryimage\"},\"thumbnailUrl\":\"https:\\\/\\\/www.fcbarcelonanoticias.com\\\/en\\\/wp-content\\\/uploads\\\/sites\\\/2\\\/2024\\\/03\\\/xavi-hernandez-entrenador-del-fc-barcelona.jpeg\",\"keywords\":[\"C\u00e1diz CF\",\"Referees\",\"RFEF\",\"UD Las Palmas\",\"Xavi Hern\u00e1ndez\"],\"articleSection\":[\"LaLiga\",\"LaLiga\"],\"inLanguage\":\"en-US\"},{\"@type\":\"WebPage\",\"@id\":\"https:\\\/\\\/www.fcbarcelonanoticias.com\\\/en\\\/laliga\\\/official-appeal-maintains-the-sanction-to-xavi-whot-will-not-be-against-las-palmas-or-cadiz_302074_102.html\",\"url\":\"https:\\\/\\\/www.fcbarcelonanoticias.com\\\/en\\\/laliga\\\/official-appeal-maintains-the-sanction-to-xavi-whot-will-not-be-against-las-palmas-or-cadiz_302074_102.html\",\"name\":\"OFFICIAL! Appeal maintains the sanction to Xavi who will not be against Las Palmas or Cadiz\",\"isPartOf\":{\"@id\":\"https:\\\/\\\/www.fcbarcelonanoticias.com\\\/en\\\/#website\"},\"primaryImageOfPage\":{\"@id\":\"https:\\\/\\\/www.fcbarcelonanoticias.com\\\/en\\\/laliga\\\/official-appeal-maintains-the-sanction-to-xavi-whot-will-not-be-against-las-palmas-or-cadiz_302074_102.html#primaryimage\"},\"image\":{\"@id\":\"https:\\\/\\\/www.fcbarcelonanoticias.com\\\/en\\\/laliga\\\/official-appeal-maintains-the-sanction-to-xavi-whot-will-not-be-against-las-palmas-or-cadiz_302074_102.html#primaryimage\"},\"thumbnailUrl\":\"https:\\\/\\\/www.fcbarcelonanoticias.com\\\/en\\\/wp-content\\\/uploads\\\/sites\\\/2\\\/2024\\\/03\\\/xavi-hernandez-entrenador-del-fc-barcelona.jpeg\",\"datePublished\":\"2024-03-27T10:45:00+00:00\",\"dateModified\":\"2024-03-27T10:52:00+00:00\",\"author\":{\"@id\":\"https:\\\/\\\/www.fcbarcelonanoticias.com\\\/en\\\/#\\\/schema\\\/person\\\/aa1d038709c262cb247e240f6b39bbf5\"},\"description\":\"Xavi Hernandez will have a rest in La Liga until 21 April. Appeal has decided to maintain this Wednesday the two-match ban for the Catalan coach, as a result of his red card against Atl\u00e9tico\",\"breadcrumb\":{\"@id\":\"https:\\\/\\\/www.fcbarcelonanoticias.com\\\/en\\\/laliga\\\/official-appeal-maintains-the-sanction-to-xavi-whot-will-not-be-against-las-palmas-or-cadiz_302074_102.html#breadcrumb\"},\"inLanguage\":\"en-US\",\"potentialAction\":[{\"@type\":\"ReadAction\",\"target\":[\"https:\\\/\\\/www.fcbarcelonanoticias.com\\\/en\\\/laliga\\\/official-appeal-maintains-the-sanction-to-xavi-whot-will-not-be-against-las-palmas-or-cadiz_302074_102.html\"]}]},{\"@type\":\"ImageObject\",\"inLanguage\":\"en-US\",\"@id\":\"https:\\\/\\\/www.fcbarcelonanoticias.com\\\/en\\\/laliga\\\/official-appeal-maintains-the-sanction-to-xavi-whot-will-not-be-against-las-palmas-or-cadiz_302074_102.html#primaryimage\",\"url\":\"https:\\\/\\\/www.fcbarcelonanoticias.com\\\/en\\\/wp-content\\\/uploads\\\/sites\\\/2\\\/2024\\\/03\\\/xavi-hernandez-entrenador-del-fc-barcelona.jpeg\",\"contentUrl\":\"https:\\\/\\\/www.fcbarcelonanoticias.com\\\/en\\\/wp-content\\\/uploads\\\/sites\\\/2\\\/2024\\\/03\\\/xavi-hernandez-entrenador-del-fc-barcelona.jpeg\",\"width\":1300,\"height\":730},{\"@type\":\"BreadcrumbList\",\"@id\":\"https:\\\/\\\/www.fcbarcelonanoticias.com\\\/en\\\/laliga\\\/official-appeal-maintains-the-sanction-to-xavi-whot-will-not-be-against-las-palmas-or-cadiz_302074_102.html#breadcrumb\",\"itemListElement\":[{\"@type\":\"ListItem\",\"position\":1,\"name\":\"Portada\",\"item\":\"https:\\\/\\\/www.fcbarcelonanoticias.com\\\/en\\\/\"},{\"@type\":\"ListItem\",\"position\":2,\"name\":\"OFFICIAL! Appeal maintains the sanction to Xavi who will not be against Las Palmas or Cadiz\"}]},{\"@type\":\"WebSite\",\"@id\":\"https:\\\/\\\/www.fcbarcelonanoticias.com\\\/en\\\/#website\",\"url\":\"https:\\\/\\\/www.fcbarcelonanoticias.com\\\/en\\\/\",\"name\":\"EN - FC Barcelona Noticias\",\"description\":\"\",\"potentialAction\":[{\"@type\":\"SearchAction\",\"target\":{\"@type\":\"EntryPoint\",\"urlTemplate\":\"https:\\\/\\\/www.fcbarcelonanoticias.com\\\/en\\\/?s={search_term_string}\"},\"query-input\":{\"@type\":\"PropertyValueSpecification\",\"valueRequired\":true,\"valueName\":\"search_term_string\"}}],\"inLanguage\":\"en-US\"},{\"@type\":\"Person\",\"@id\":\"https:\\\/\\\/www.fcbarcelonanoticias.com\\\/en\\\/#\\\/schema\\\/person\\\/aa1d038709c262cb247e240f6b39bbf5\",\"name\":\"Carlos Montenegro\",\"image\":{\"@type\":\"ImageObject\",\"inLanguage\":\"en-US\",\"@id\":\"https:\\\/\\\/secure.gravatar.com\\\/avatar\\\/?s=96&d=mm&r=g\",\"url\":\"https:\\\/\\\/secure.gravatar.com\\\/avatar\\\/?s=96&d=mm&r=g\",\"contentUrl\":\"https:\\\/\\\/secure.gravatar.com\\\/avatar\\\/?s=96&d=mm&r=g\",\"caption\":\"Carlos Montenegro\"},\"url\":\"https:\\\/\\\/www.fcbarcelonanoticias.com\\\/en\\\/carlos-montenegro_20_115.html\"}]}<\/script>\n<!-- \/ Yoast SEO plugin. -->","yoast_head_json":{"title":"OFFICIAL! Appeal maintains the sanction to Xavi who will not be against Las Palmas or Cadiz","description":"Xavi Hernandez will have a rest in La Liga until 21 April. Appeal has decided to maintain this Wednesday the two-match ban for the Catalan coach, as a result of his red card against Atl\u00e9tico","robots":{"index":"index","follow":"follow","max-snippet":"max-snippet:-1","max-image-preview":"max-image-preview:large","max-video-preview":"max-video-preview:-1"},"canonical":"https:\/\/www.fcbarcelonanoticias.com\/en\/laliga\/official-appeal-maintains-the-sanction-to-xavi-whot-will-not-be-against-las-palmas-or-cadiz_302074_102.html","og_locale":"en_US","og_type":"article","og_title":"OFFICIAL! Appeal maintains the sanction to Xavi who will not be against Las Palmas or Cadiz","og_description":"Xavi Hernandez will have a rest in La Liga until 21 April. Appeal has decided to maintain this Wednesday the two-match ban for the Catalan coach, as a result of his red card against Atl\u00e9tico","og_url":"https:\/\/www.fcbarcelonanoticias.com\/en\/laliga\/official-appeal-maintains-the-sanction-to-xavi-whot-will-not-be-against-las-palmas-or-cadiz_302074_102.html","og_site_name":"EN - FC Barcelona Noticias","article_published_time":"2024-03-27T10:45:00+00:00","article_modified_time":"2024-03-27T10:52:00+00:00","og_image":[{"width":1300,"height":730,"url":"https:\/\/www.fcbarcelonanoticias.com\/en\/wp-content\/uploads\/sites\/2\/2024\/03\/xavi-hernandez-entrenador-del-fc-barcelona.jpeg","type":"image\/jpeg"}],"author":"Carlos Montenegro","twitter_card":"summary_large_image","twitter_misc":{"Written by":"Carlos Montenegro","Est. reading time":"2 minutes"},"schema":{"@context":"https:\/\/schema.org","@graph":[{"@type":"Article","@id":"https:\/\/www.fcbarcelonanoticias.com\/en\/laliga\/official-appeal-maintains-the-sanction-to-xavi-whot-will-not-be-against-las-palmas-or-cadiz_302074_102.html#article","isPartOf":{"@id":"https:\/\/www.fcbarcelonanoticias.com\/en\/laliga\/official-appeal-maintains-the-sanction-to-xavi-whot-will-not-be-against-las-palmas-or-cadiz_302074_102.html"},"author":{"name":"Carlos Montenegro","@id":"https:\/\/www.fcbarcelonanoticias.com\/en\/#\/schema\/person\/aa1d038709c262cb247e240f6b39bbf5"},"headline":"OFFICIAL! Appeal maintains the sanction to Xavi who will not be against Las Palmas or Cadiz","datePublished":"2024-03-27T10:45:00+00:00","dateModified":"2024-03-27T10:52:00+00:00","mainEntityOfPage":{"@id":"https:\/\/www.fcbarcelonanoticias.com\/en\/laliga\/official-appeal-maintains-the-sanction-to-xavi-whot-will-not-be-against-las-palmas-or-cadiz_302074_102.html"},"wordCount":337,"image":{"@id":"https:\/\/www.fcbarcelonanoticias.com\/en\/laliga\/official-appeal-maintains-the-sanction-to-xavi-whot-will-not-be-against-las-palmas-or-cadiz_302074_102.html#primaryimage"},"thumbnailUrl":"https:\/\/www.fcbarcelonanoticias.com\/en\/wp-content\/uploads\/sites\/2\/2024\/03\/xavi-hernandez-entrenador-del-fc-barcelona.jpeg","keywords":["C\u00e1diz CF","Referees","RFEF","UD Las Palmas","Xavi Hern\u00e1ndez"],"articleSection":["LaLiga","LaLiga"],"inLanguage":"en-US"},{"@type":"WebPage","@id":"https:\/\/www.fcbarcelonanoticias.com\/en\/laliga\/official-appeal-maintains-the-sanction-to-xavi-whot-will-not-be-against-las-palmas-or-cadiz_302074_102.html","url":"https:\/\/www.fcbarcelonanoticias.com\/en\/laliga\/official-appeal-maintains-the-sanction-to-xavi-whot-will-not-be-against-las-palmas-or-cadiz_302074_102.html","name":"OFFICIAL! Appeal maintains the sanction to Xavi who will not be against Las Palmas or Cadiz","isPartOf":{"@id":"https:\/\/www.fcbarcelonanoticias.com\/en\/#website"},"primaryImageOfPage":{"@id":"https:\/\/www.fcbarcelonanoticias.com\/en\/laliga\/official-appeal-maintains-the-sanction-to-xavi-whot-will-not-be-against-las-palmas-or-cadiz_302074_102.html#primaryimage"},"image":{"@id":"https:\/\/www.fcbarcelonanoticias.com\/en\/laliga\/official-appeal-maintains-the-sanction-to-xavi-whot-will-not-be-against-las-palmas-or-cadiz_302074_102.html#primaryimage"},"thumbnailUrl":"https:\/\/www.fcbarcelonanoticias.com\/en\/wp-content\/uploads\/sites\/2\/2024\/03\/xavi-hernandez-entrenador-del-fc-barcelona.jpeg","datePublished":"2024-03-27T10:45:00+00:00","dateModified":"2024-03-27T10:52:00+00:00","author":{"@id":"https:\/\/www.fcbarcelonanoticias.com\/en\/#\/schema\/person\/aa1d038709c262cb247e240f6b39bbf5"},"description":"Xavi Hernandez will have a rest in La Liga until 21 April. Appeal has decided to maintain this Wednesday the two-match ban for the Catalan coach, as a result of his red card against Atl\u00e9tico","breadcrumb":{"@id":"https:\/\/www.fcbarcelonanoticias.com\/en\/laliga\/official-appeal-maintains-the-sanction-to-xavi-whot-will-not-be-against-las-palmas-or-cadiz_302074_102.html#breadcrumb"},"inLanguage":"en-US","potentialAction":[{"@type":"ReadAction","target":["https:\/\/www.fcbarcelonanoticias.com\/en\/laliga\/official-appeal-maintains-the-sanction-to-xavi-whot-will-not-be-against-las-palmas-or-cadiz_302074_102.html"]}]},{"@type":"ImageObject","inLanguage":"en-US","@id":"https:\/\/www.fcbarcelonanoticias.com\/en\/laliga\/official-appeal-maintains-the-sanction-to-xavi-whot-will-not-be-against-las-palmas-or-cadiz_302074_102.html#primaryimage","url":"https:\/\/www.fcbarcelonanoticias.com\/en\/wp-content\/uploads\/sites\/2\/2024\/03\/xavi-hernandez-entrenador-del-fc-barcelona.jpeg","contentUrl":"https:\/\/www.fcbarcelonanoticias.com\/en\/wp-content\/uploads\/sites\/2\/2024\/03\/xavi-hernandez-entrenador-del-fc-barcelona.jpeg","width":1300,"height":730},{"@type":"BreadcrumbList","@id":"https:\/\/www.fcbarcelonanoticias.com\/en\/laliga\/official-appeal-maintains-the-sanction-to-xavi-whot-will-not-be-against-las-palmas-or-cadiz_302074_102.html#breadcrumb","itemListElement":[{"@type":"ListItem","position":1,"name":"Portada","item":"https:\/\/www.fcbarcelonanoticias.com\/en\/"},{"@type":"ListItem","position":2,"name":"OFFICIAL! Appeal maintains the sanction to Xavi who will not be against Las Palmas or Cadiz"}]},{"@type":"WebSite","@id":"https:\/\/www.fcbarcelonanoticias.com\/en\/#website","url":"https:\/\/www.fcbarcelonanoticias.com\/en\/","name":"EN - FC Barcelona Noticias","description":"","potentialAction":[{"@type":"SearchAction","target":{"@type":"EntryPoint","urlTemplate":"https:\/\/www.fcbarcelonanoticias.com\/en\/?s={search_term_string}"},"query-input":{"@type":"PropertyValueSpecification","valueRequired":true,"valueName":"search_term_string"}}],"inLanguage":"en-US"},{"@type":"Person","@id":"https:\/\/www.fcbarcelonanoticias.com\/en\/#\/schema\/person\/aa1d038709c262cb247e240f6b39bbf5","name":"Carlos Montenegro","image":{"@type":"ImageObject","inLanguage":"en-US","@id":"https:\/\/secure.gravatar.com\/avatar\/?s=96&d=mm&r=g","url":"https:\/\/secure.gravatar.com\/avatar\/?s=96&d=mm&r=g","contentUrl":"https:\/\/secure.gravatar.com\/avatar\/?s=96&d=mm&r=g","caption":"Carlos Montenegro"},"url":"https:\/\/www.fcbarcelonanoticias.com\/en\/carlos-montenegro_20_115.html"}]}},"_links":{"self":[{"href":"https:\/\/www.fcbarcelonanoticias.com\/en\/wp-json\/wp\/v2\/posts\/118666","targetHints":{"allow":["GET"]}}],"collection":[{"href":"https:\/\/www.fcbarcelonanoticias.com\/en\/wp-json\/wp\/v2\/posts"}],"about":[{"href":"https:\/\/www.fcbarcelonanoticias.com\/en\/wp-json\/wp\/v2\/types\/post"}],"author":[{"embeddable":true,"href":"https:\/\/www.fcbarcelonanoticias.com\/en\/wp-json\/wp\/v2\/users\/345"}],"replies":[{"embeddable":true,"href":"https:\/\/www.fcbarcelonanoticias.com\/en\/wp-json\/wp\/v2\/comments?post=118666"}],"version-history":[{"count":1,"href":"https:\/\/www.fcbarcelonanoticias.com\/en\/wp-json\/wp\/v2\/posts\/118666\/revisions"}],"predecessor-version":[{"id":149748,"href":"https:\/\/www.fcbarcelonanoticias.com\/en\/wp-json\/wp\/v2\/posts\/118666\/revisions\/149748"}],"wp:featuredmedia":[{"embeddable":true,"href":"https:\/\/www.fcbarcelonanoticias.com\/en\/wp-json\/wp\/v2\/media\/118669"}],"wp:attachment":[{"href":"https:\/\/www.fcbarcelonanoticias.com\/en\/wp-json\/wp\/v2\/media?parent=118666"}],"wp:term":[{"taxonomy":"category","embeddable":true,"href":"https:\/\/www.fcbarcelonanoticias.com\/en\/wp-json\/wp\/v2\/categories?post=118666"},{"taxonomy":"post_tag","embeddable":true,"href":"https:\/\/www.fcbarcelonanoticias.com\/en\/wp-json\/wp\/v2\/tags?post=118666"}],"curies":[{"name":"wp","href":"https:\/\/api.w.org\/{rel}","templated":true}]}}