{"id":118870,"date":"2025-10-18T17:20:00","date_gmt":"2025-10-18T15:20:00","guid":{"rendered":"https:\/\/weisetech.dev\/fc-barcelona-noticias\/en\/pedri-scored-against-girona-200th-goal-for-barcelona-in-flick-era_315051_102\/"},"modified":"2026-04-16T09:19:24","modified_gmt":"2026-04-16T07:19:24","slug":"pedri-scored-against-girona-200th-goal-for-barcelona-in-flick-era_315051_102","status":"publish","type":"post","link":"https:\/\/www.fcbarcelonanoticias.com\/en\/laliga\/pedri-scored-against-girona-200th-goal-for-barcelona-in-flick-era_315051_102.html","title":{"rendered":"200 goals and counting! Great goal by Pedri and a new record for Flick&#8217;s Bar\u00e7a"},"content":{"rendered":"<h2 class=\"wp-block-heading\">Pedri put Bar\u00e7a ahead in the 13th minute against Girona with a stunning goal, the 200th of Hansi Flick&#8217;s cycle. The team averages 2.83 goals per game with the German on the bench<\/h2>  \r\n<div class=\"article-addons\">\r\n    <a href=\"https:\/\/www.fcbarcelonanoticias.com\/en\/calendar-fc-barcelona.html\"\r\n       target=\"_self\"\r\n       title=\"Calendar of FC Barcelona\"\r\n       class=\"blue-gredient-btn\">\r\n       \r\n        Calendar of FC Barcelona    <\/a>\r\n<\/div>   <p><strong>Hansi Flick&#8217;s FC Barcelona<\/strong> reached 200 goals in the match against <strong>Girona<\/strong>. The locals took the lead in Montju\u00efc in the 13th minute thanks to a great team play that culminated in a pass to the net by <strong>Pedri Gonz\u00e1lez<\/strong>. In La Liga, the Cul\u00e9s already have 23 goals this season and 125 since the arrival of the man from Heidelberg to the Bar\u00e7a bench.<\/p>  <p>Flick&#8217;s Bar\u00e7a boasts an impressive goalscoring average: <strong>2.83 goals per match after 71 games<\/strong>, in which the Catalan team has won 3 titles. In the 25\/26 season, including the Champions League, the *cul\u00e9s* have scored 26 goals, at a rate of 2.36 per game. In 24\/25, the average closed at 2.88 goals per official match, after scoring 173 goals in 60 appearances.<\/p>  <h2>Pedri&#8217;s stunning goal opened the scoring against Girona<\/h2>  <div class=\"media media-image\" data-ck-asset-wrapper=\"\"> <div class=\"media-item\"> <img loading=\"lazy\" decoding=\"async\" alt=\"Pedri's definition to put Bar\u00e7a ahead against Girona\" data-id=\"1527226\" data-resize=\"9\" height=\"563\" src=\"https:\/\/www.fcbarcelonanoticias.com\/wp-content\/uploads\/sites\/2\/2025\/10\/fcbn-315e8f636a52375df2f3906043ee1012.webp\" title=\"Pedri's definition to put Bar\u00e7a ahead against Girona\" width=\"1000\"><div class=\"media-title\">Pedri&#8217;s definition to put Bar\u00e7a ahead against Girona<\/div> <\/div> <\/div>  <p>Against Girona, the match started very well for Bar\u00e7a. Suffocating pressure in the opponent&#8217;s half, with <strong>Lamine Yamal and Marcus Rashford<\/strong> on fire on the wings and <strong>Frenkie de Jong alongside Pedri<\/strong> stationed very close to the rival&#8217;s area.<\/p>  <p>In the 13th minute, a good run by Jules Kound\u00e9 on the right allowed Lamine to receive the ball entering the area. <a data-external=\"1\" href=\"https:\/\/x.com\/en\/DAZNFutbol\/status\/1979557294976193017\" rel=\"nofollow\" target=\"_blank\" title=\"El golazo de Pedri contra Girona\">The &#8217;10&#8217; passed the ball to Pedri<\/a>, who dribbled to his left to find a shooting angle.<\/p>  <p>The &#8216;8&#8217;, finally, took a soft, low shot, placed right at the base of the post, leaving Gazzaniga without a chance to react. <strong>A classic pass into the net<\/strong> that seemed to pave the way for a quiet afternoon in Montju\u00efc. Afterwards, the ghosts in defense reappeared for a Bar\u00e7a side that barely held onto the tie until halftime.<\/p>  <h2>Pedri celebrated his eighth goal with Flick&#8217;s Bar\u00e7a<\/h2>  <p>For Pedri, Saturday&#8217;s goal was <strong>his second of the season<\/strong> and his eighth since Hansi Flick took over as manager. On matchday 2, <a data-external=\"0\" data-intl-links-en=\"https:\/\/www.fcbarcelonanoticias.com\/en\/laliga\/pedri-shines-with-barca-great-goal-and-great-match-against-levante_314349_102.html\" data-intl-links-es=\"https:\/\/www.fcbarcelonanoticias.com\/laliga\/pedri-agiganta-figura-barca-golazo-infernal-partidazo-levante_314349_102.html\" href=\"https:\/\/www.fcbarcelonanoticias.com\/en\/laliga\/pedri-shines-with-barca-great-goal-and-great-match-against-levante_314349_102.html\" rel=\"follow\" target=\"_self\" title=\"Pedri agiganta su figura en el Bar\u00e7a: Golazo 'infernal' y partidazo ante el Levante\">the Tenerife native had scored a screamer against Levante<\/a> to start the Bar\u00e7a comeback.<\/p>  <p>Furthermore, the player from Tegueste celebrated his first goal in Montju\u00efc since February, in the draw against Atl\u00e9tico (4-4) for the first leg of the Copa &#8216;semis&#8217;. In total, <strong>the 22-year-old midfielder already has 28 goals and 22 assists in 213 official matches<\/strong> with Bar\u00e7a. In the Flick era, this is how the top of the Bar\u00e7a goalscorers&#8217; list is distributed:<\/p>  <p><strong>Top scorers for Flick&#8217;s Bar\u00e7a:<\/strong><\/p>  <ol> <li>46 goals, Lewandowski<\/li> \t<li>38, Raphinha<\/li> \t<li>24, Ferran Torres<\/li> \t<li>20, Lamine Yamal<\/li> \t<li>13, Dani Olmo<\/li> <\/ol> <ul> <li>See more data and results in the <a href=\"https:\/\/www.fcbarcelonanoticias.com\/estadisticas-fc-barcelona-2025-2026.html\" rel=\"noopener\" target=\"_blank\">Barcelona statistics<\/a> section on FCBN.<\/li> <\/ul> ","protected":false},"excerpt":{"rendered":"<p>Pedri put Bar\u00e7a ahead in the 13th minute against Girona with a stunning goal, the 200th of Hansi Flick&#8217;s cycle. The team averages 2.83 goals per game with the German on the bench Hansi Flick&#8217;s FC Barcelona reached 200 goals in the match against Girona. The locals took the lead in Montju\u00efc in the 13th [&hellip;]<\/p>\n","protected":false},"author":347,"featured_media":118871,"comment_status":"closed","ping_status":"open","sticky":false,"template":"","format":"standard","meta":{"_acf_changed":false,"inline_featured_image":false,"_nextfly_llmd_date_locked":false,"footnotes":""},"categories":[448,114],"tags":[57,87,149,464,157],"class_list":["post-118870","post","type-post","status-publish","format-standard","has-post-thumbnail","hentry","category-laliga-2","category-laliga","tag-barcelona-vs-girona","tag-hansi-flick","tag-pedri","tag-pedri-2","tag-statistics"],"acf":[],"yoast_head":"<!-- This site is optimized with the Yoast SEO plugin v27.3 - https:\/\/yoast.com\/product\/yoast-seo-wordpress\/ -->\n<title>Pedri scored against Girona the 200th goal for Bar\u00e7a in the Flick era<\/title>\n<meta name=\"description\" content=\"Pedri put Bar\u00e7a ahead against Girona with a stunning goal, the 200th of Hansi Flick&#039;s cycle. Enter and discover the team&#039;s offensive records\" \/>\n<meta name=\"robots\" content=\"index, follow, max-snippet:-1, max-image-preview:large, max-video-preview:-1\" \/>\n<link rel=\"canonical\" href=\"https:\/\/www.fcbarcelonanoticias.com\/en\/laliga\/pedri-scored-against-girona-200th-goal-for-barcelona-in-flick-era_315051_102.html\" \/>\n<meta property=\"og:locale\" content=\"en_US\" \/>\n<meta property=\"og:type\" content=\"article\" \/>\n<meta property=\"og:title\" content=\"Pedri scored against Girona the 200th goal for Bar\u00e7a in the Flick era\" \/>\n<meta property=\"og:description\" content=\"Pedri put Bar\u00e7a ahead against Girona with a stunning goal, the 200th of Hansi Flick&#039;s cycle. Enter and discover the team&#039;s offensive records\" \/>\n<meta property=\"og:url\" content=\"https:\/\/www.fcbarcelonanoticias.com\/en\/laliga\/pedri-scored-against-girona-200th-goal-for-barcelona-in-flick-era_315051_102.html\" \/>\n<meta property=\"og:site_name\" content=\"EN - FC Barcelona Noticias\" \/>\n<meta property=\"article:published_time\" content=\"2025-10-18T15:20:00+00:00\" \/>\n<meta property=\"article:modified_time\" content=\"2026-04-16T07:19:24+00:00\" \/>\n<meta property=\"og:image\" content=\"https:\/\/www.fcbarcelonanoticias.com\/en\/wp-content\/uploads\/sites\/2\/2025\/10\/pedri-v-girona-laliga-25-26-1.webp\" \/>\n\t<meta property=\"og:image:width\" content=\"1200\" \/>\n\t<meta property=\"og:image:height\" content=\"675\" \/>\n\t<meta property=\"og:image:type\" content=\"image\/webp\" \/>\n<meta name=\"author\" content=\"Andr\u00e9s Quiroz\" \/>\n<meta name=\"twitter:card\" content=\"summary_large_image\" \/>\n<meta name=\"twitter:label1\" content=\"Written by\" \/>\n\t<meta name=\"twitter:data1\" content=\"Andr\u00e9s Quiroz\" \/>\n\t<meta name=\"twitter:label2\" content=\"Est. reading time\" \/>\n\t<meta name=\"twitter:data2\" content=\"2 minutes\" \/>\n<script type=\"application\/ld+json\" class=\"yoast-schema-graph\">{\"@context\":\"https:\\\/\\\/schema.org\",\"@graph\":[{\"@type\":\"Article\",\"@id\":\"https:\\\/\\\/www.fcbarcelonanoticias.com\\\/en\\\/laliga\\\/pedri-scored-against-girona-200th-goal-for-barcelona-in-flick-era_315051_102.html#article\",\"isPartOf\":{\"@id\":\"https:\\\/\\\/www.fcbarcelonanoticias.com\\\/en\\\/laliga\\\/pedri-scored-against-girona-200th-goal-for-barcelona-in-flick-era_315051_102.html\"},\"author\":{\"name\":\"Andr\u00e9s Quiroz\",\"@id\":\"https:\\\/\\\/www.fcbarcelonanoticias.com\\\/en\\\/#\\\/schema\\\/person\\\/c2cd9f6fa1af5c0d0eccd0fefa575c88\"},\"headline\":\"200 goals and counting! Great goal by Pedri and a new record for Flick&#8217;s Bar\u00e7a\",\"datePublished\":\"2025-10-18T15:20:00+00:00\",\"dateModified\":\"2026-04-16T07:19:24+00:00\",\"mainEntityOfPage\":{\"@id\":\"https:\\\/\\\/www.fcbarcelonanoticias.com\\\/en\\\/laliga\\\/pedri-scored-against-girona-200th-goal-for-barcelona-in-flick-era_315051_102.html\"},\"wordCount\":469,\"image\":{\"@id\":\"https:\\\/\\\/www.fcbarcelonanoticias.com\\\/en\\\/laliga\\\/pedri-scored-against-girona-200th-goal-for-barcelona-in-flick-era_315051_102.html#primaryimage\"},\"thumbnailUrl\":\"https:\\\/\\\/www.fcbarcelonanoticias.com\\\/en\\\/wp-content\\\/uploads\\\/sites\\\/2\\\/2025\\\/10\\\/pedri-v-girona-laliga-25-26-1.webp\",\"keywords\":[\"FC Barcelona vs Girona\",\"Hansi Flick\",\"Pedri\",\"Pedri\",\"Statistics\"],\"articleSection\":[\"LaLiga\",\"LaLiga\"],\"inLanguage\":\"en-US\"},{\"@type\":\"WebPage\",\"@id\":\"https:\\\/\\\/www.fcbarcelonanoticias.com\\\/en\\\/laliga\\\/pedri-scored-against-girona-200th-goal-for-barcelona-in-flick-era_315051_102.html\",\"url\":\"https:\\\/\\\/www.fcbarcelonanoticias.com\\\/en\\\/laliga\\\/pedri-scored-against-girona-200th-goal-for-barcelona-in-flick-era_315051_102.html\",\"name\":\"Pedri scored against Girona the 200th goal for Bar\u00e7a in the Flick era\",\"isPartOf\":{\"@id\":\"https:\\\/\\\/www.fcbarcelonanoticias.com\\\/en\\\/#website\"},\"primaryImageOfPage\":{\"@id\":\"https:\\\/\\\/www.fcbarcelonanoticias.com\\\/en\\\/laliga\\\/pedri-scored-against-girona-200th-goal-for-barcelona-in-flick-era_315051_102.html#primaryimage\"},\"image\":{\"@id\":\"https:\\\/\\\/www.fcbarcelonanoticias.com\\\/en\\\/laliga\\\/pedri-scored-against-girona-200th-goal-for-barcelona-in-flick-era_315051_102.html#primaryimage\"},\"thumbnailUrl\":\"https:\\\/\\\/www.fcbarcelonanoticias.com\\\/en\\\/wp-content\\\/uploads\\\/sites\\\/2\\\/2025\\\/10\\\/pedri-v-girona-laliga-25-26-1.webp\",\"datePublished\":\"2025-10-18T15:20:00+00:00\",\"dateModified\":\"2026-04-16T07:19:24+00:00\",\"author\":{\"@id\":\"https:\\\/\\\/www.fcbarcelonanoticias.com\\\/en\\\/#\\\/schema\\\/person\\\/c2cd9f6fa1af5c0d0eccd0fefa575c88\"},\"description\":\"Pedri put Bar\u00e7a ahead against Girona with a stunning goal, the 200th of Hansi Flick's cycle. Enter and discover the team's offensive records\",\"breadcrumb\":{\"@id\":\"https:\\\/\\\/www.fcbarcelonanoticias.com\\\/en\\\/laliga\\\/pedri-scored-against-girona-200th-goal-for-barcelona-in-flick-era_315051_102.html#breadcrumb\"},\"inLanguage\":\"en-US\",\"potentialAction\":[{\"@type\":\"ReadAction\",\"target\":[\"https:\\\/\\\/www.fcbarcelonanoticias.com\\\/en\\\/laliga\\\/pedri-scored-against-girona-200th-goal-for-barcelona-in-flick-era_315051_102.html\"]}]},{\"@type\":\"ImageObject\",\"inLanguage\":\"en-US\",\"@id\":\"https:\\\/\\\/www.fcbarcelonanoticias.com\\\/en\\\/laliga\\\/pedri-scored-against-girona-200th-goal-for-barcelona-in-flick-era_315051_102.html#primaryimage\",\"url\":\"https:\\\/\\\/www.fcbarcelonanoticias.com\\\/en\\\/wp-content\\\/uploads\\\/sites\\\/2\\\/2025\\\/10\\\/pedri-v-girona-laliga-25-26-1.webp\",\"contentUrl\":\"https:\\\/\\\/www.fcbarcelonanoticias.com\\\/en\\\/wp-content\\\/uploads\\\/sites\\\/2\\\/2025\\\/10\\\/pedri-v-girona-laliga-25-26-1.webp\",\"width\":1200,\"height\":675},{\"@type\":\"BreadcrumbList\",\"@id\":\"https:\\\/\\\/www.fcbarcelonanoticias.com\\\/en\\\/laliga\\\/pedri-scored-against-girona-200th-goal-for-barcelona-in-flick-era_315051_102.html#breadcrumb\",\"itemListElement\":[{\"@type\":\"ListItem\",\"position\":1,\"name\":\"Portada\",\"item\":\"https:\\\/\\\/www.fcbarcelonanoticias.com\\\/en\\\/\"},{\"@type\":\"ListItem\",\"position\":2,\"name\":\"200 goals and counting! Great goal by Pedri and a new record for Flick&#8217;s Bar\u00e7a\"}]},{\"@type\":\"WebSite\",\"@id\":\"https:\\\/\\\/www.fcbarcelonanoticias.com\\\/en\\\/#website\",\"url\":\"https:\\\/\\\/www.fcbarcelonanoticias.com\\\/en\\\/\",\"name\":\"EN - FC Barcelona Noticias\",\"description\":\"\",\"potentialAction\":[{\"@type\":\"SearchAction\",\"target\":{\"@type\":\"EntryPoint\",\"urlTemplate\":\"https:\\\/\\\/www.fcbarcelonanoticias.com\\\/en\\\/?s={search_term_string}\"},\"query-input\":{\"@type\":\"PropertyValueSpecification\",\"valueRequired\":true,\"valueName\":\"search_term_string\"}}],\"inLanguage\":\"en-US\"},{\"@type\":\"Person\",\"@id\":\"https:\\\/\\\/www.fcbarcelonanoticias.com\\\/en\\\/#\\\/schema\\\/person\\\/c2cd9f6fa1af5c0d0eccd0fefa575c88\",\"name\":\"Andr\u00e9s Quiroz\",\"image\":{\"@type\":\"ImageObject\",\"inLanguage\":\"en-US\",\"@id\":\"https:\\\/\\\/secure.gravatar.com\\\/avatar\\\/?s=96&d=mm&r=g\",\"url\":\"https:\\\/\\\/secure.gravatar.com\\\/avatar\\\/?s=96&d=mm&r=g\",\"contentUrl\":\"https:\\\/\\\/secure.gravatar.com\\\/avatar\\\/?s=96&d=mm&r=g\",\"caption\":\"Andr\u00e9s Quiroz\"},\"description\":\"Licenciado en Periodismo por la Universidad de los Andes. Me encargo de analizar y compartir los contenidos m\u00e1s destacados de la\u00a0actualidad del F\u00fatbol Club Barcelona, Mercado de Fichajes y F\u00fatbol Internacional en FCBN. La informaci\u00f3n es poder, pero tambi\u00e9n conocimiento.\",\"url\":\"https:\\\/\\\/www.fcbarcelonanoticias.com\\\/en\\\/fc-barcelona\\\/andres-quiroz_17_115.html\"}]}<\/script>\n<!-- \/ Yoast SEO plugin. -->","yoast_head_json":{"title":"Pedri scored against Girona the 200th goal for Bar\u00e7a in the Flick era","description":"Pedri put Bar\u00e7a ahead against Girona with a stunning goal, the 200th of Hansi Flick's cycle. Enter and discover the team's offensive records","robots":{"index":"index","follow":"follow","max-snippet":"max-snippet:-1","max-image-preview":"max-image-preview:large","max-video-preview":"max-video-preview:-1"},"canonical":"https:\/\/www.fcbarcelonanoticias.com\/en\/laliga\/pedri-scored-against-girona-200th-goal-for-barcelona-in-flick-era_315051_102.html","og_locale":"en_US","og_type":"article","og_title":"Pedri scored against Girona the 200th goal for Bar\u00e7a in the Flick era","og_description":"Pedri put Bar\u00e7a ahead against Girona with a stunning goal, the 200th of Hansi Flick's cycle. Enter and discover the team's offensive records","og_url":"https:\/\/www.fcbarcelonanoticias.com\/en\/laliga\/pedri-scored-against-girona-200th-goal-for-barcelona-in-flick-era_315051_102.html","og_site_name":"EN - FC Barcelona Noticias","article_published_time":"2025-10-18T15:20:00+00:00","article_modified_time":"2026-04-16T07:19:24+00:00","og_image":[{"width":1200,"height":675,"url":"https:\/\/www.fcbarcelonanoticias.com\/en\/wp-content\/uploads\/sites\/2\/2025\/10\/pedri-v-girona-laliga-25-26-1.webp","type":"image\/webp"}],"author":"Andr\u00e9s Quiroz","twitter_card":"summary_large_image","twitter_misc":{"Written by":"Andr\u00e9s Quiroz","Est. reading time":"2 minutes"},"schema":{"@context":"https:\/\/schema.org","@graph":[{"@type":"Article","@id":"https:\/\/www.fcbarcelonanoticias.com\/en\/laliga\/pedri-scored-against-girona-200th-goal-for-barcelona-in-flick-era_315051_102.html#article","isPartOf":{"@id":"https:\/\/www.fcbarcelonanoticias.com\/en\/laliga\/pedri-scored-against-girona-200th-goal-for-barcelona-in-flick-era_315051_102.html"},"author":{"name":"Andr\u00e9s Quiroz","@id":"https:\/\/www.fcbarcelonanoticias.com\/en\/#\/schema\/person\/c2cd9f6fa1af5c0d0eccd0fefa575c88"},"headline":"200 goals and counting! Great goal by Pedri and a new record for Flick&#8217;s Bar\u00e7a","datePublished":"2025-10-18T15:20:00+00:00","dateModified":"2026-04-16T07:19:24+00:00","mainEntityOfPage":{"@id":"https:\/\/www.fcbarcelonanoticias.com\/en\/laliga\/pedri-scored-against-girona-200th-goal-for-barcelona-in-flick-era_315051_102.html"},"wordCount":469,"image":{"@id":"https:\/\/www.fcbarcelonanoticias.com\/en\/laliga\/pedri-scored-against-girona-200th-goal-for-barcelona-in-flick-era_315051_102.html#primaryimage"},"thumbnailUrl":"https:\/\/www.fcbarcelonanoticias.com\/en\/wp-content\/uploads\/sites\/2\/2025\/10\/pedri-v-girona-laliga-25-26-1.webp","keywords":["FC Barcelona vs Girona","Hansi Flick","Pedri","Pedri","Statistics"],"articleSection":["LaLiga","LaLiga"],"inLanguage":"en-US"},{"@type":"WebPage","@id":"https:\/\/www.fcbarcelonanoticias.com\/en\/laliga\/pedri-scored-against-girona-200th-goal-for-barcelona-in-flick-era_315051_102.html","url":"https:\/\/www.fcbarcelonanoticias.com\/en\/laliga\/pedri-scored-against-girona-200th-goal-for-barcelona-in-flick-era_315051_102.html","name":"Pedri scored against Girona the 200th goal for Bar\u00e7a in the Flick era","isPartOf":{"@id":"https:\/\/www.fcbarcelonanoticias.com\/en\/#website"},"primaryImageOfPage":{"@id":"https:\/\/www.fcbarcelonanoticias.com\/en\/laliga\/pedri-scored-against-girona-200th-goal-for-barcelona-in-flick-era_315051_102.html#primaryimage"},"image":{"@id":"https:\/\/www.fcbarcelonanoticias.com\/en\/laliga\/pedri-scored-against-girona-200th-goal-for-barcelona-in-flick-era_315051_102.html#primaryimage"},"thumbnailUrl":"https:\/\/www.fcbarcelonanoticias.com\/en\/wp-content\/uploads\/sites\/2\/2025\/10\/pedri-v-girona-laliga-25-26-1.webp","datePublished":"2025-10-18T15:20:00+00:00","dateModified":"2026-04-16T07:19:24+00:00","author":{"@id":"https:\/\/www.fcbarcelonanoticias.com\/en\/#\/schema\/person\/c2cd9f6fa1af5c0d0eccd0fefa575c88"},"description":"Pedri put Bar\u00e7a ahead against Girona with a stunning goal, the 200th of Hansi Flick's cycle. Enter and discover the team's offensive records","breadcrumb":{"@id":"https:\/\/www.fcbarcelonanoticias.com\/en\/laliga\/pedri-scored-against-girona-200th-goal-for-barcelona-in-flick-era_315051_102.html#breadcrumb"},"inLanguage":"en-US","potentialAction":[{"@type":"ReadAction","target":["https:\/\/www.fcbarcelonanoticias.com\/en\/laliga\/pedri-scored-against-girona-200th-goal-for-barcelona-in-flick-era_315051_102.html"]}]},{"@type":"ImageObject","inLanguage":"en-US","@id":"https:\/\/www.fcbarcelonanoticias.com\/en\/laliga\/pedri-scored-against-girona-200th-goal-for-barcelona-in-flick-era_315051_102.html#primaryimage","url":"https:\/\/www.fcbarcelonanoticias.com\/en\/wp-content\/uploads\/sites\/2\/2025\/10\/pedri-v-girona-laliga-25-26-1.webp","contentUrl":"https:\/\/www.fcbarcelonanoticias.com\/en\/wp-content\/uploads\/sites\/2\/2025\/10\/pedri-v-girona-laliga-25-26-1.webp","width":1200,"height":675},{"@type":"BreadcrumbList","@id":"https:\/\/www.fcbarcelonanoticias.com\/en\/laliga\/pedri-scored-against-girona-200th-goal-for-barcelona-in-flick-era_315051_102.html#breadcrumb","itemListElement":[{"@type":"ListItem","position":1,"name":"Portada","item":"https:\/\/www.fcbarcelonanoticias.com\/en\/"},{"@type":"ListItem","position":2,"name":"200 goals and counting! Great goal by Pedri and a new record for Flick&#8217;s Bar\u00e7a"}]},{"@type":"WebSite","@id":"https:\/\/www.fcbarcelonanoticias.com\/en\/#website","url":"https:\/\/www.fcbarcelonanoticias.com\/en\/","name":"EN - FC Barcelona Noticias","description":"","potentialAction":[{"@type":"SearchAction","target":{"@type":"EntryPoint","urlTemplate":"https:\/\/www.fcbarcelonanoticias.com\/en\/?s={search_term_string}"},"query-input":{"@type":"PropertyValueSpecification","valueRequired":true,"valueName":"search_term_string"}}],"inLanguage":"en-US"},{"@type":"Person","@id":"https:\/\/www.fcbarcelonanoticias.com\/en\/#\/schema\/person\/c2cd9f6fa1af5c0d0eccd0fefa575c88","name":"Andr\u00e9s Quiroz","image":{"@type":"ImageObject","inLanguage":"en-US","@id":"https:\/\/secure.gravatar.com\/avatar\/?s=96&d=mm&r=g","url":"https:\/\/secure.gravatar.com\/avatar\/?s=96&d=mm&r=g","contentUrl":"https:\/\/secure.gravatar.com\/avatar\/?s=96&d=mm&r=g","caption":"Andr\u00e9s Quiroz"},"description":"Licenciado en Periodismo por la Universidad de los Andes. Me encargo de analizar y compartir los contenidos m\u00e1s destacados de la\u00a0actualidad del F\u00fatbol Club Barcelona, Mercado de Fichajes y F\u00fatbol Internacional en FCBN. La informaci\u00f3n es poder, pero tambi\u00e9n conocimiento.","url":"https:\/\/www.fcbarcelonanoticias.com\/en\/fc-barcelona\/andres-quiroz_17_115.html"}]}},"_links":{"self":[{"href":"https:\/\/www.fcbarcelonanoticias.com\/en\/wp-json\/wp\/v2\/posts\/118870","targetHints":{"allow":["GET"]}}],"collection":[{"href":"https:\/\/www.fcbarcelonanoticias.com\/en\/wp-json\/wp\/v2\/posts"}],"about":[{"href":"https:\/\/www.fcbarcelonanoticias.com\/en\/wp-json\/wp\/v2\/types\/post"}],"author":[{"embeddable":true,"href":"https:\/\/www.fcbarcelonanoticias.com\/en\/wp-json\/wp\/v2\/users\/347"}],"replies":[{"embeddable":true,"href":"https:\/\/www.fcbarcelonanoticias.com\/en\/wp-json\/wp\/v2\/comments?post=118870"}],"version-history":[{"count":3,"href":"https:\/\/www.fcbarcelonanoticias.com\/en\/wp-json\/wp\/v2\/posts\/118870\/revisions"}],"predecessor-version":[{"id":171988,"href":"https:\/\/www.fcbarcelonanoticias.com\/en\/wp-json\/wp\/v2\/posts\/118870\/revisions\/171988"}],"wp:featuredmedia":[{"embeddable":true,"href":"https:\/\/www.fcbarcelonanoticias.com\/en\/wp-json\/wp\/v2\/media\/118871"}],"wp:attachment":[{"href":"https:\/\/www.fcbarcelonanoticias.com\/en\/wp-json\/wp\/v2\/media?parent=118870"}],"wp:term":[{"taxonomy":"category","embeddable":true,"href":"https:\/\/www.fcbarcelonanoticias.com\/en\/wp-json\/wp\/v2\/categories?post=118870"},{"taxonomy":"post_tag","embeddable":true,"href":"https:\/\/www.fcbarcelonanoticias.com\/en\/wp-json\/wp\/v2\/tags?post=118870"}],"curies":[{"name":"wp","href":"https:\/\/api.w.org\/{rel}","templated":true}]}}