{"id":118902,"date":"2025-05-18T22:47:00","date_gmt":"2025-05-18T20:47:00","guid":{"rendered":"https:\/\/weisetech.dev\/fc-barcelona-noticias\/en\/party-in-montjuic-barcelona-receives-laliga-trophy_312683_102\/"},"modified":"2026-04-16T09:40:04","modified_gmt":"2026-04-16T07:40:04","slug":"party-in-montjuic-barcelona-receives-laliga-trophy_312683_102","status":"publish","type":"post","link":"https:\/\/www.fcbarcelonanoticias.com\/en\/laliga\/party-in-montjuic-barcelona-receives-laliga-trophy_312683_102.html","title":{"rendered":"Total party in Montju\u00efc! Bar\u00e7a receives the LaLiga 2024\/25 champion trophy"},"content":{"rendered":"<h2 class=\"wp-block-heading\">Total party in Montju\u00efc! Bar\u00e7a lifted their 28th La Liga title this Sunday in a packed Montju\u00efc. This is how Hansi Flick&#8217;s team celebrated at the Llu\u00eds Companys!<\/h2>  \r\n<div class=\"article-addons\">\r\n    <a href=\"https:\/\/www.fcbarcelonanoticias.com\/en\/calendar-fc-barcelona.html\"\r\n       target=\"_self\"\r\n       title=\"Calendar of FC Barcelona\"\r\n       class=\"blue-gredient-btn\">\r\n       \r\n        Calendar of FC Barcelona    <\/a>\r\n<\/div>   <p><strong>FC Barcelona received this Sunday in Montju\u00efc the trophy that accredits them as champions of LaLiga EA Sports 2024\/25<\/strong>. On the pitch of the L\u00edu\u00eds Companys Olympic Stadium, the Blaugrana squad, together with the entire coaching staff and president Joan Laporta, received the cup from the president of the Royal Spanish Football Federation (RFEF), Rafael Louz\u00e1n.<\/p>  <p>The ceremony, as planned, began minutes after the end of the <a data-external=\"0\" data-intl-links-en=\"https:\/\/www.fcbarcelonanoticias.com\/en\/laliga\/barcelona-2-3-villarreal-champion-leaves-unbeaten-run-in-montjuic_312678_102.html\" data-intl-links-es=\"https:\/\/www.fcbarcelonanoticias.com\/laliga\/barcelona-2-3-villarreal-campeon-se-despide-montjuic-con-derrota-intrascendente_312678_102.html\" href=\"https:\/\/www.fcbarcelonanoticias.com\/en\/laliga\/barcelona-2-3-villarreal-champion-leaves-unbeaten-run-in-montjuic_312678_102.html\" rel=\"follow\" target=\"_self\" title=\"Barcelona 2-3 Villarreal: the champion says goodbye to Montju\u00efc with a meaningless defeat\">Bar\u00e7a-Villarreal (2-3)<\/a>. Despite the defeat against the &#8216;Yellow Submarine&#8217;, the party was in full swing in the stands and on the field, continuing the celebrations that began after the cul\u00e9s&#8217; consecration in Cornell\u00e0.7<\/p>  <p>With the victory against Espanyol (0-2) on matchday 36, Bar\u00e7a mathematically secured the title regardless of the results of the last two matches. On Friday, the traditional <a data-external=\"0\" data-intl-links-en=\"https:\/\/www.fcbarcelonanoticias.com\/en\/fc-barcelona\/champions-parade-in-barcelona-passion-chants-and-city-dyed-in-blaugrana_312666_102.html\" data-intl-links-es=\"https:\/\/www.fcbarcelonanoticias.com\/fc-barcelona\/rua-campeones-barcelona-fiesta-triplete_312666_102.html\" href=\"https:\/\/www.fcbarcelonanoticias.com\/en\/fc-barcelona\/champions-parade-in-barcelona-passion-chants-and-city-dyed-in-blaugrana_312666_102.html\" rel=\"follow\" target=\"_self\" title=\"Champions parade in Barcelona: passion, chants and a city dyed in blaugrana\">champions parade in Barcelona<\/a> took place and, on Sunday, Ter Stegen officially lifted the 28th League title in Blaugrana history.<\/p>  <div data-oembed-url=\"https:\/\/x.com\/FCBarcelona_es\/status\/1924184876598673908\"> <blockquote align=\"center\" class=\"twitter-tweet\" data-dnt=\"true\"> <p dir=\"ltr\" lang=\"es\">El momento del levantamiento \ud83c\udfc6\ud83d\ude0d <a href=\"https:\/\/t.co\/en\/dMiLSOwORL\">pic.twitter.com\/dMiLSOwORL<\/a><\/p> \u2014 FC Barcelona (@FCBarcelona_es) <a href=\"https:\/\/twitter.com\/en\/FCBarcelona_es\/status\/1924184876598673908?ref_src=twsrc%5Etfw\">May 18, 2025<\/a> <\/blockquote>  <\/div>  <h2>Ter Stegen, proud to be back in time to lift another League title<\/h2>  <p>For the German, this is <strong>his sixth title in the Spanish First Division (2015, 2016, 2018, 2019, 2023 and 2025)<\/strong>, this last one with a special flavor after a season where he was out for seven months due to injury. In that sense, he valued the work done by the squad and the coaching staff.<\/p>  <p>&#8220;<strong>I have a few titles with this club and this one has been special because I have been very good again. You value things much more<\/strong>.&nbsp;You can be proud of this team for the titles and how they have been achieved,&#8221; commented the &#8216;1&#8217; to &#8216;DAZN&#8217;.<\/p>  <p>Another who spoke after receiving the League trophy was Pau Cubars\u00ed. The center-back, untouchable alongside I\u00f1igo Mart\u00ednez throughout the season, thanked Hansi Flick for his confidence, as well as acknowledging the great work done by his partner in the back.<\/p>  <p>&#8220;<strong>On the field you don&#8217;t suffer as much as outside. It&#8217;s the manager&#8217;s philosophy<\/strong>. It has been spectacular for us like this and we hope that next year it will be the same or better. <strong>\u00bfI\u00f1igo?&nbsp;He is an excellent player. Ronald, Andreas and Eric have also done a spectacular job<\/strong>. It has been a great defensive year and we all have to be happy,&#8221; argued the Spanish defender.<\/p>  <div data-oembed-url=\"https:\/\/x.com\/FCBarcelona_es\/status\/1924190401776251039\"> <blockquote align=\"center\" class=\"twitter-tweet\" data-dnt=\"true\"> <p dir=\"ltr\" lang=\"es\">Que bonito es ser del Bar\u00e7a \ud83e\udd79 <a href=\"https:\/\/t.co\/en\/nPiAKBBa7r\">pic.twitter.com\/nPiAKBBa7r<\/a><\/p> \u2014 FC Barcelona (@FCBarcelona_es) <a href=\"https:\/\/twitter.com\/en\/FCBarcelona_es\/status\/1924190401776251039?ref_src=twsrc%5Etfw\">May 18, 2025<\/a> <\/blockquote>  <\/div>  <p>During the celebrations, Hansi Flick, along with Pedri and Lamine Yamal were the most cheered during the lap of honor in the stadium. Others who took the opportunity to celebrate like children on the field were H\u00e9ctor Fort and Marc Bernal, the latter in the final stretch of his recovery.<\/p>  <div data-oembed-url=\"https:\/\/x.com\/FCBarcelona_es\/status\/1924198869157429647\"> <blockquote align=\"center\" class=\"twitter-tweet\" data-dnt=\"true\"> <p dir=\"ltr\" lang=\"es\">El baile de los campeones \ud83d\udd7a\ud83c\udfc6 <a href=\"https:\/\/t.co\/en\/NeaTzjarsb\">pic.twitter.com\/NeaTzjarsb<\/a><\/p> \u2014 FC Barcelona (@FCBarcelona_es) <a href=\"https:\/\/twitter.com\/en\/FCBarcelona_es\/status\/1924198869157429647?ref_src=twsrc%5Etfw\">May 18, 2025<\/a> <\/blockquote>  <\/div>  <h2>Flick reveals his plan to go for all the titles again in 25\/26<\/h2>  <p>In that sense, the manager also shared his impressions of the season in a brief chat for &#8216;Bar\u00e7a One&#8217;. &#8220;You can feel the connection with the fans throughout the season and <strong>the way the team plays has helped this connection. The parade was incredible and for me, as a German, it was incredible<\/strong>,&#8221; began the manager.<\/p>  <p>In addition, he referred again to what he considers was the most important match to complete an epic comeback in the second half of LaLiga. <strong>Bar\u00e7a was 7 points behind Real Madrid on matchday 20<\/strong>, but ended up sealing the title 16 matches later.<\/p>  <div data-oembed-url=\"https:\/\/x.com\/FCBarcelona_es\/status\/1924189425153593504\"> <blockquote align=\"center\" class=\"twitter-tweet\" data-dnt=\"true\"> <p dir=\"ltr\" lang=\"ca\">Visca el Bar\u00e7a i Visca Catalunya!!!!!!! <a href=\"https:\/\/t.co\/en\/kTLUZjdWtH\">pic.twitter.com\/kTLUZjdWtH<\/a><\/p> \u2014 FC Barcelona (@FCBarcelona_es) <a href=\"https:\/\/twitter.com\/en\/FCBarcelona_es\/status\/1924189425153593504?ref_src=twsrc%5Etfw\">May 18, 2025<\/a> <\/blockquote>  <\/div>  <p>&#8220;<strong>For me, the most important match was the one against Atl\u00e9tico (1-2);&nbsp;we lost, but we played very well and here we started to get out of that streak in November<\/strong>. It helped us to continue believing. De Jong came back, Gavi came back, we were improving and now we can celebrate,&#8221; added Flick.<\/p>  <p>Similarly, he &#8216;got wet&#8217; about what will be the formula to repeat the successes of 24\/25 in the next campaign. &#8220;<strong>Next season we may have to work even harder to achieve titles. It&#8217;s not about perfection, it&#8217;s about evolution<\/strong>,&#8221; said the cul\u00e9 coach.<\/p>  <div class=\"cke-element cke-element--102\"><section class=\"c-related-article\"><figure class=\"c-image__fig\"><a href=\"https:\/\/www.fcbarcelonanoticias.com\/fc-barcelona\/en-directo-sigue-fiesta-barca-campeon-liga-montjuic_312682_102.html\" title=\"Pasillo del Villarreal al Barcelona campeo\u0301n de LaLiga 2024 2025\" class=\"c-image__imglink\"><picture><img decoding=\"async\" src=\"https:\/\/www.fcbarcelonanoticias.com\/wp-content\/uploads\/sites\/2\/2025\/05\/fcbn-b7d10691ad3132801d4fa97753d23662.jpeg\" alt=\"Pasillo del Villarreal al Barcelona campeo\u0301n de LaLiga 2024 2025\" title=\"Pasillo del Villarreal al Barcelona campeo\u0301n de LaLiga 2024 2025\" class=\"c-image__img\" width=\"1200\" height=\"675\" loading=\"lazy\"><\/picture><\/a>     <\/figure><div class=\"c-related-article__wrapper\">         <p class=\"c-related-article__avantitle\">Related<\/p>         <h4 class=\"c-related-article__title\">             <a href=\"https:\/\/www.fcbarcelonanoticias.com\/fc-barcelona\/en-directo-sigue-fiesta-barca-campeon-liga-montjuic_312682_102.html\" title=\"LIVE: Follow the PARTY of the Bar\u00e7a League Champion in Montjuic\" class=\"c-related-article__link\">                 LIVE: Follow the PARTY of the Bar\u00e7a League Champion in Montjuic             <\/a>         <\/h4>     <\/div> <\/section><\/div> ","protected":false},"excerpt":{"rendered":"<p>Total party in Montju\u00efc! Bar\u00e7a lifted their 28th La Liga title this Sunday in a packed Montju\u00efc. This is how Hansi Flick&#8217;s team celebrated at the Llu\u00eds Companys! FC Barcelona received this Sunday in Montju\u00efc the trophy that accredits them as champions of LaLiga EA Sports 2024\/25. On the pitch of the L\u00edu\u00eds Companys Olympic [&hellip;]<\/p>\n","protected":false},"author":347,"featured_media":118903,"comment_status":"closed","ping_status":"open","sticky":false,"template":"","format":"standard","meta":{"_acf_changed":false,"inline_featured_image":false,"_nextfly_llmd_date_locked":false,"footnotes":""},"categories":[448,114],"tags":[169,87,172],"class_list":["post-118902","post","type-post","status-publish","format-standard","has-post-thumbnail","hentry","category-laliga-2","category-laliga","tag-barca-football","tag-hansi-flick","tag-videos"],"acf":[],"yoast_head":"<!-- This site is optimized with the Yoast SEO plugin v27.3 - https:\/\/yoast.com\/product\/yoast-seo-wordpress\/ -->\n<title>Party in Montju\u00efc!: Bar\u00e7a receives the LaLiga trophy<\/title>\n<meta name=\"description\" content=\"Bar\u00e7a lifted their 28th La Liga title this Sunday in a packed Montju\u00efc. This is how Hansi Flick&#039;s team celebrated at the Llu\u00eds Companys!\" \/>\n<meta name=\"robots\" content=\"index, follow, max-snippet:-1, max-image-preview:large, max-video-preview:-1\" \/>\n<link rel=\"canonical\" href=\"https:\/\/www.fcbarcelonanoticias.com\/en\/laliga\/party-in-montjuic-barcelona-receives-laliga-trophy_312683_102.html\" \/>\n<meta property=\"og:locale\" content=\"en_US\" \/>\n<meta property=\"og:type\" content=\"article\" \/>\n<meta property=\"og:title\" content=\"Party in Montju\u00efc!: Bar\u00e7a receives the LaLiga trophy\" \/>\n<meta property=\"og:description\" content=\"Bar\u00e7a lifted their 28th La Liga title this Sunday in a packed Montju\u00efc. This is how Hansi Flick&#039;s team celebrated at the Llu\u00eds Companys!\" \/>\n<meta property=\"og:url\" content=\"https:\/\/www.fcbarcelonanoticias.com\/en\/laliga\/party-in-montjuic-barcelona-receives-laliga-trophy_312683_102.html\" \/>\n<meta property=\"og:site_name\" content=\"EN - FC Barcelona Noticias\" \/>\n<meta property=\"article:published_time\" content=\"2025-05-18T20:47:00+00:00\" \/>\n<meta property=\"article:modified_time\" content=\"2026-04-16T07:40:04+00:00\" \/>\n<meta property=\"og:image\" content=\"https:\/\/www.fcbarcelonanoticias.com\/en\/wp-content\/uploads\/sites\/2\/2025\/05\/jugadores-fc-barcelona-trofeo-laliga-24-25.jpeg\" \/>\n\t<meta property=\"og:image:width\" content=\"1200\" \/>\n\t<meta property=\"og:image:height\" content=\"675\" \/>\n\t<meta property=\"og:image:type\" content=\"image\/jpeg\" \/>\n<meta name=\"author\" content=\"Andr\u00e9s Quiroz\" \/>\n<meta name=\"twitter:card\" content=\"summary_large_image\" \/>\n<meta name=\"twitter:label1\" content=\"Written by\" \/>\n\t<meta name=\"twitter:data1\" content=\"Andr\u00e9s Quiroz\" \/>\n\t<meta name=\"twitter:label2\" content=\"Est. reading time\" \/>\n\t<meta name=\"twitter:data2\" content=\"4 minutes\" \/>\n<script type=\"application\/ld+json\" class=\"yoast-schema-graph\">{\"@context\":\"https:\\\/\\\/schema.org\",\"@graph\":[{\"@type\":\"Article\",\"@id\":\"https:\\\/\\\/www.fcbarcelonanoticias.com\\\/en\\\/laliga\\\/party-in-montjuic-barcelona-receives-laliga-trophy_312683_102.html#article\",\"isPartOf\":{\"@id\":\"https:\\\/\\\/www.fcbarcelonanoticias.com\\\/en\\\/laliga\\\/party-in-montjuic-barcelona-receives-laliga-trophy_312683_102.html\"},\"author\":{\"name\":\"Andr\u00e9s Quiroz\",\"@id\":\"https:\\\/\\\/www.fcbarcelonanoticias.com\\\/en\\\/#\\\/schema\\\/person\\\/c2cd9f6fa1af5c0d0eccd0fefa575c88\"},\"headline\":\"Total party in Montju\u00efc! Bar\u00e7a receives the LaLiga 2024\\\/25 champion trophy\",\"datePublished\":\"2025-05-18T20:47:00+00:00\",\"dateModified\":\"2026-04-16T07:40:04+00:00\",\"mainEntityOfPage\":{\"@id\":\"https:\\\/\\\/www.fcbarcelonanoticias.com\\\/en\\\/laliga\\\/party-in-montjuic-barcelona-receives-laliga-trophy_312683_102.html\"},\"wordCount\":757,\"image\":{\"@id\":\"https:\\\/\\\/www.fcbarcelonanoticias.com\\\/en\\\/laliga\\\/party-in-montjuic-barcelona-receives-laliga-trophy_312683_102.html#primaryimage\"},\"thumbnailUrl\":\"https:\\\/\\\/www.fcbarcelonanoticias.com\\\/en\\\/wp-content\\\/uploads\\\/sites\\\/2\\\/2025\\\/05\\\/jugadores-fc-barcelona-trofeo-laliga-24-25.jpeg\",\"keywords\":[\"Bar\u00e7a\",\"Hansi Flick\",\"Videos\"],\"articleSection\":[\"LaLiga\",\"LaLiga\"],\"inLanguage\":\"en-US\"},{\"@type\":\"WebPage\",\"@id\":\"https:\\\/\\\/www.fcbarcelonanoticias.com\\\/en\\\/laliga\\\/party-in-montjuic-barcelona-receives-laliga-trophy_312683_102.html\",\"url\":\"https:\\\/\\\/www.fcbarcelonanoticias.com\\\/en\\\/laliga\\\/party-in-montjuic-barcelona-receives-laliga-trophy_312683_102.html\",\"name\":\"Party in Montju\u00efc!: Bar\u00e7a receives the LaLiga trophy\",\"isPartOf\":{\"@id\":\"https:\\\/\\\/www.fcbarcelonanoticias.com\\\/en\\\/#website\"},\"primaryImageOfPage\":{\"@id\":\"https:\\\/\\\/www.fcbarcelonanoticias.com\\\/en\\\/laliga\\\/party-in-montjuic-barcelona-receives-laliga-trophy_312683_102.html#primaryimage\"},\"image\":{\"@id\":\"https:\\\/\\\/www.fcbarcelonanoticias.com\\\/en\\\/laliga\\\/party-in-montjuic-barcelona-receives-laliga-trophy_312683_102.html#primaryimage\"},\"thumbnailUrl\":\"https:\\\/\\\/www.fcbarcelonanoticias.com\\\/en\\\/wp-content\\\/uploads\\\/sites\\\/2\\\/2025\\\/05\\\/jugadores-fc-barcelona-trofeo-laliga-24-25.jpeg\",\"datePublished\":\"2025-05-18T20:47:00+00:00\",\"dateModified\":\"2026-04-16T07:40:04+00:00\",\"author\":{\"@id\":\"https:\\\/\\\/www.fcbarcelonanoticias.com\\\/en\\\/#\\\/schema\\\/person\\\/c2cd9f6fa1af5c0d0eccd0fefa575c88\"},\"description\":\"Bar\u00e7a lifted their 28th La Liga title this Sunday in a packed Montju\u00efc. This is how Hansi Flick's team celebrated at the Llu\u00eds Companys!\",\"breadcrumb\":{\"@id\":\"https:\\\/\\\/www.fcbarcelonanoticias.com\\\/en\\\/laliga\\\/party-in-montjuic-barcelona-receives-laliga-trophy_312683_102.html#breadcrumb\"},\"inLanguage\":\"en-US\",\"potentialAction\":[{\"@type\":\"ReadAction\",\"target\":[\"https:\\\/\\\/www.fcbarcelonanoticias.com\\\/en\\\/laliga\\\/party-in-montjuic-barcelona-receives-laliga-trophy_312683_102.html\"]}]},{\"@type\":\"ImageObject\",\"inLanguage\":\"en-US\",\"@id\":\"https:\\\/\\\/www.fcbarcelonanoticias.com\\\/en\\\/laliga\\\/party-in-montjuic-barcelona-receives-laliga-trophy_312683_102.html#primaryimage\",\"url\":\"https:\\\/\\\/www.fcbarcelonanoticias.com\\\/en\\\/wp-content\\\/uploads\\\/sites\\\/2\\\/2025\\\/05\\\/jugadores-fc-barcelona-trofeo-laliga-24-25.jpeg\",\"contentUrl\":\"https:\\\/\\\/www.fcbarcelonanoticias.com\\\/en\\\/wp-content\\\/uploads\\\/sites\\\/2\\\/2025\\\/05\\\/jugadores-fc-barcelona-trofeo-laliga-24-25.jpeg\",\"width\":1200,\"height\":675},{\"@type\":\"BreadcrumbList\",\"@id\":\"https:\\\/\\\/www.fcbarcelonanoticias.com\\\/en\\\/laliga\\\/party-in-montjuic-barcelona-receives-laliga-trophy_312683_102.html#breadcrumb\",\"itemListElement\":[{\"@type\":\"ListItem\",\"position\":1,\"name\":\"Portada\",\"item\":\"https:\\\/\\\/www.fcbarcelonanoticias.com\\\/en\\\/\"},{\"@type\":\"ListItem\",\"position\":2,\"name\":\"Total party in Montju\u00efc! Bar\u00e7a receives the LaLiga 2024\\\/25 champion trophy\"}]},{\"@type\":\"WebSite\",\"@id\":\"https:\\\/\\\/www.fcbarcelonanoticias.com\\\/en\\\/#website\",\"url\":\"https:\\\/\\\/www.fcbarcelonanoticias.com\\\/en\\\/\",\"name\":\"EN - FC Barcelona Noticias\",\"description\":\"\",\"potentialAction\":[{\"@type\":\"SearchAction\",\"target\":{\"@type\":\"EntryPoint\",\"urlTemplate\":\"https:\\\/\\\/www.fcbarcelonanoticias.com\\\/en\\\/?s={search_term_string}\"},\"query-input\":{\"@type\":\"PropertyValueSpecification\",\"valueRequired\":true,\"valueName\":\"search_term_string\"}}],\"inLanguage\":\"en-US\"},{\"@type\":\"Person\",\"@id\":\"https:\\\/\\\/www.fcbarcelonanoticias.com\\\/en\\\/#\\\/schema\\\/person\\\/c2cd9f6fa1af5c0d0eccd0fefa575c88\",\"name\":\"Andr\u00e9s Quiroz\",\"image\":{\"@type\":\"ImageObject\",\"inLanguage\":\"en-US\",\"@id\":\"https:\\\/\\\/secure.gravatar.com\\\/avatar\\\/?s=96&d=mm&r=g\",\"url\":\"https:\\\/\\\/secure.gravatar.com\\\/avatar\\\/?s=96&d=mm&r=g\",\"contentUrl\":\"https:\\\/\\\/secure.gravatar.com\\\/avatar\\\/?s=96&d=mm&r=g\",\"caption\":\"Andr\u00e9s Quiroz\"},\"description\":\"Licenciado en Periodismo por la Universidad de los Andes. Me encargo de analizar y compartir los contenidos m\u00e1s destacados de la\u00a0actualidad del F\u00fatbol Club Barcelona, Mercado de Fichajes y F\u00fatbol Internacional en FCBN. La informaci\u00f3n es poder, pero tambi\u00e9n conocimiento.\",\"url\":\"https:\\\/\\\/www.fcbarcelonanoticias.com\\\/en\\\/fc-barcelona\\\/andres-quiroz_17_115.html\"}]}<\/script>\n<!-- \/ Yoast SEO plugin. -->","yoast_head_json":{"title":"Party in Montju\u00efc!: Bar\u00e7a receives the LaLiga trophy","description":"Bar\u00e7a lifted their 28th La Liga title this Sunday in a packed Montju\u00efc. This is how Hansi Flick's team celebrated at the Llu\u00eds Companys!","robots":{"index":"index","follow":"follow","max-snippet":"max-snippet:-1","max-image-preview":"max-image-preview:large","max-video-preview":"max-video-preview:-1"},"canonical":"https:\/\/www.fcbarcelonanoticias.com\/en\/laliga\/party-in-montjuic-barcelona-receives-laliga-trophy_312683_102.html","og_locale":"en_US","og_type":"article","og_title":"Party in Montju\u00efc!: Bar\u00e7a receives the LaLiga trophy","og_description":"Bar\u00e7a lifted their 28th La Liga title this Sunday in a packed Montju\u00efc. This is how Hansi Flick's team celebrated at the Llu\u00eds Companys!","og_url":"https:\/\/www.fcbarcelonanoticias.com\/en\/laliga\/party-in-montjuic-barcelona-receives-laliga-trophy_312683_102.html","og_site_name":"EN - FC Barcelona Noticias","article_published_time":"2025-05-18T20:47:00+00:00","article_modified_time":"2026-04-16T07:40:04+00:00","og_image":[{"width":1200,"height":675,"url":"https:\/\/www.fcbarcelonanoticias.com\/en\/wp-content\/uploads\/sites\/2\/2025\/05\/jugadores-fc-barcelona-trofeo-laliga-24-25.jpeg","type":"image\/jpeg"}],"author":"Andr\u00e9s Quiroz","twitter_card":"summary_large_image","twitter_misc":{"Written by":"Andr\u00e9s Quiroz","Est. reading time":"4 minutes"},"schema":{"@context":"https:\/\/schema.org","@graph":[{"@type":"Article","@id":"https:\/\/www.fcbarcelonanoticias.com\/en\/laliga\/party-in-montjuic-barcelona-receives-laliga-trophy_312683_102.html#article","isPartOf":{"@id":"https:\/\/www.fcbarcelonanoticias.com\/en\/laliga\/party-in-montjuic-barcelona-receives-laliga-trophy_312683_102.html"},"author":{"name":"Andr\u00e9s Quiroz","@id":"https:\/\/www.fcbarcelonanoticias.com\/en\/#\/schema\/person\/c2cd9f6fa1af5c0d0eccd0fefa575c88"},"headline":"Total party in Montju\u00efc! Bar\u00e7a receives the LaLiga 2024\/25 champion trophy","datePublished":"2025-05-18T20:47:00+00:00","dateModified":"2026-04-16T07:40:04+00:00","mainEntityOfPage":{"@id":"https:\/\/www.fcbarcelonanoticias.com\/en\/laliga\/party-in-montjuic-barcelona-receives-laliga-trophy_312683_102.html"},"wordCount":757,"image":{"@id":"https:\/\/www.fcbarcelonanoticias.com\/en\/laliga\/party-in-montjuic-barcelona-receives-laliga-trophy_312683_102.html#primaryimage"},"thumbnailUrl":"https:\/\/www.fcbarcelonanoticias.com\/en\/wp-content\/uploads\/sites\/2\/2025\/05\/jugadores-fc-barcelona-trofeo-laliga-24-25.jpeg","keywords":["Bar\u00e7a","Hansi Flick","Videos"],"articleSection":["LaLiga","LaLiga"],"inLanguage":"en-US"},{"@type":"WebPage","@id":"https:\/\/www.fcbarcelonanoticias.com\/en\/laliga\/party-in-montjuic-barcelona-receives-laliga-trophy_312683_102.html","url":"https:\/\/www.fcbarcelonanoticias.com\/en\/laliga\/party-in-montjuic-barcelona-receives-laliga-trophy_312683_102.html","name":"Party in Montju\u00efc!: Bar\u00e7a receives the LaLiga trophy","isPartOf":{"@id":"https:\/\/www.fcbarcelonanoticias.com\/en\/#website"},"primaryImageOfPage":{"@id":"https:\/\/www.fcbarcelonanoticias.com\/en\/laliga\/party-in-montjuic-barcelona-receives-laliga-trophy_312683_102.html#primaryimage"},"image":{"@id":"https:\/\/www.fcbarcelonanoticias.com\/en\/laliga\/party-in-montjuic-barcelona-receives-laliga-trophy_312683_102.html#primaryimage"},"thumbnailUrl":"https:\/\/www.fcbarcelonanoticias.com\/en\/wp-content\/uploads\/sites\/2\/2025\/05\/jugadores-fc-barcelona-trofeo-laliga-24-25.jpeg","datePublished":"2025-05-18T20:47:00+00:00","dateModified":"2026-04-16T07:40:04+00:00","author":{"@id":"https:\/\/www.fcbarcelonanoticias.com\/en\/#\/schema\/person\/c2cd9f6fa1af5c0d0eccd0fefa575c88"},"description":"Bar\u00e7a lifted their 28th La Liga title this Sunday in a packed Montju\u00efc. This is how Hansi Flick's team celebrated at the Llu\u00eds Companys!","breadcrumb":{"@id":"https:\/\/www.fcbarcelonanoticias.com\/en\/laliga\/party-in-montjuic-barcelona-receives-laliga-trophy_312683_102.html#breadcrumb"},"inLanguage":"en-US","potentialAction":[{"@type":"ReadAction","target":["https:\/\/www.fcbarcelonanoticias.com\/en\/laliga\/party-in-montjuic-barcelona-receives-laliga-trophy_312683_102.html"]}]},{"@type":"ImageObject","inLanguage":"en-US","@id":"https:\/\/www.fcbarcelonanoticias.com\/en\/laliga\/party-in-montjuic-barcelona-receives-laliga-trophy_312683_102.html#primaryimage","url":"https:\/\/www.fcbarcelonanoticias.com\/en\/wp-content\/uploads\/sites\/2\/2025\/05\/jugadores-fc-barcelona-trofeo-laliga-24-25.jpeg","contentUrl":"https:\/\/www.fcbarcelonanoticias.com\/en\/wp-content\/uploads\/sites\/2\/2025\/05\/jugadores-fc-barcelona-trofeo-laliga-24-25.jpeg","width":1200,"height":675},{"@type":"BreadcrumbList","@id":"https:\/\/www.fcbarcelonanoticias.com\/en\/laliga\/party-in-montjuic-barcelona-receives-laliga-trophy_312683_102.html#breadcrumb","itemListElement":[{"@type":"ListItem","position":1,"name":"Portada","item":"https:\/\/www.fcbarcelonanoticias.com\/en\/"},{"@type":"ListItem","position":2,"name":"Total party in Montju\u00efc! Bar\u00e7a receives the LaLiga 2024\/25 champion trophy"}]},{"@type":"WebSite","@id":"https:\/\/www.fcbarcelonanoticias.com\/en\/#website","url":"https:\/\/www.fcbarcelonanoticias.com\/en\/","name":"EN - FC Barcelona Noticias","description":"","potentialAction":[{"@type":"SearchAction","target":{"@type":"EntryPoint","urlTemplate":"https:\/\/www.fcbarcelonanoticias.com\/en\/?s={search_term_string}"},"query-input":{"@type":"PropertyValueSpecification","valueRequired":true,"valueName":"search_term_string"}}],"inLanguage":"en-US"},{"@type":"Person","@id":"https:\/\/www.fcbarcelonanoticias.com\/en\/#\/schema\/person\/c2cd9f6fa1af5c0d0eccd0fefa575c88","name":"Andr\u00e9s Quiroz","image":{"@type":"ImageObject","inLanguage":"en-US","@id":"https:\/\/secure.gravatar.com\/avatar\/?s=96&d=mm&r=g","url":"https:\/\/secure.gravatar.com\/avatar\/?s=96&d=mm&r=g","contentUrl":"https:\/\/secure.gravatar.com\/avatar\/?s=96&d=mm&r=g","caption":"Andr\u00e9s Quiroz"},"description":"Licenciado en Periodismo por la Universidad de los Andes. Me encargo de analizar y compartir los contenidos m\u00e1s destacados de la\u00a0actualidad del F\u00fatbol Club Barcelona, Mercado de Fichajes y F\u00fatbol Internacional en FCBN. La informaci\u00f3n es poder, pero tambi\u00e9n conocimiento.","url":"https:\/\/www.fcbarcelonanoticias.com\/en\/fc-barcelona\/andres-quiroz_17_115.html"}]}},"_links":{"self":[{"href":"https:\/\/www.fcbarcelonanoticias.com\/en\/wp-json\/wp\/v2\/posts\/118902","targetHints":{"allow":["GET"]}}],"collection":[{"href":"https:\/\/www.fcbarcelonanoticias.com\/en\/wp-json\/wp\/v2\/posts"}],"about":[{"href":"https:\/\/www.fcbarcelonanoticias.com\/en\/wp-json\/wp\/v2\/types\/post"}],"author":[{"embeddable":true,"href":"https:\/\/www.fcbarcelonanoticias.com\/en\/wp-json\/wp\/v2\/users\/347"}],"replies":[{"embeddable":true,"href":"https:\/\/www.fcbarcelonanoticias.com\/en\/wp-json\/wp\/v2\/comments?post=118902"}],"version-history":[{"count":3,"href":"https:\/\/www.fcbarcelonanoticias.com\/en\/wp-json\/wp\/v2\/posts\/118902\/revisions"}],"predecessor-version":[{"id":178192,"href":"https:\/\/www.fcbarcelonanoticias.com\/en\/wp-json\/wp\/v2\/posts\/118902\/revisions\/178192"}],"wp:featuredmedia":[{"embeddable":true,"href":"https:\/\/www.fcbarcelonanoticias.com\/en\/wp-json\/wp\/v2\/media\/118903"}],"wp:attachment":[{"href":"https:\/\/www.fcbarcelonanoticias.com\/en\/wp-json\/wp\/v2\/media?parent=118902"}],"wp:term":[{"taxonomy":"category","embeddable":true,"href":"https:\/\/www.fcbarcelonanoticias.com\/en\/wp-json\/wp\/v2\/categories?post=118902"},{"taxonomy":"post_tag","embeddable":true,"href":"https:\/\/www.fcbarcelonanoticias.com\/en\/wp-json\/wp\/v2\/tags?post=118902"}],"curies":[{"name":"wp","href":"https:\/\/api.w.org\/{rel}","templated":true}]}}