{"id":118911,"date":"2023-02-27T00:53:00","date_gmt":"2023-02-26T23:53:00","guid":{"rendered":"https:\/\/weisetech.dev\/fc-barcelona-noticias\/en\/pablo-torre-reappears-in-barcelona-38-days-later_290020_102\/"},"modified":"2023-02-27T00:53:00","modified_gmt":"2023-02-26T23:53:00","slug":"pablo-torre-reappears-in-barcelona-38-days-later_290020_102","status":"publish","type":"post","link":"https:\/\/www.fcbarcelonanoticias.com\/en\/laliga\/pablo-torre-reappears-in-barcelona-38-days-later_290020_102.html","title":{"rendered":"Pablo Torre reappears at Bar\u00e7a 38 days later"},"content":{"rendered":"<h2 class=\"wp-block-heading\">Pablo Torre played the last fourteen minutes of FC Barcelona&#8217;s defeat against Almer\u00eda (1-0). The midfielder had not seen minutes with the first team since mid-January<\/h2>  \r\n<div class=\"article-addons\">\r\n    <a href=\"https:\/\/www.fcbarcelonanoticias.com\/en\/calendar-fc-barcelona.html\"\r\n       target=\"_self\"\r\n       title=\"Calendar of FC Barcelona\"\r\n       class=\"blue-gredient-btn\">\r\n       \r\n        Calendar of FC Barcelona    <\/a>\r\n<\/div>   <p>Although it landed in <a data-external=\"0\" data-intl-links-en=\"https:\/\/www.fcbarcelonanoticias.com\/en\/fc-barcelona\" data-intl-links-es=\"https:\/\/www.fcbarcelonanoticias.com\/fc-barcelona\" href=\"https:\/\/www.fcbarcelonanoticias.com\/en\/football-soccer\/fc-barcelona.html\" rel=\"follow\" target=\"_self\" title=\"FC Barcelona\">the FC Barcelona<\/a> like one of the big promises of the Spanish football and like a silent leader of the Racing, <strong>Pablo Tower has not had luck in his stay in the Barcelona group and his registers say it everything.<\/strong> It is the seventh option of Xavi Hern\u00e1ndez for the centre of the field, by behind <strong>Gavi, Pedri Gonz\u00e1lez, Sergio Busquets, Frenkie of Jong, Franck Kessi\u00e9 and even Sergi Roberto,<\/strong> to the one who also is using like interior by in front of the born in Soto of the Marine.<\/p>  <p>This Sunday, <a data-external=\"0\" data-intl-links-en=\"https:\/\/www.fcbarcelonanoticias.com\/en\/laliga\/ud-almeria-fc-barcelona-1-0-video-summary-goal-best-plays-match_290005_102.html\" data-intl-links-es=\"https:\/\/www.fcbarcelonanoticias.com\/laliga\/ud-almeria-fc-barcelona-1-0-video-resumen-gol-mejores-jugadas-partido_290005_102.html\" href=\"https:\/\/www.fcbarcelonanoticias.com\/en\/laliga\/ud-almeria-fc-barcelona-1-0-video-summary-goal-best-plays-match_290005_102.html\" rel=\"follow\" target=\"_self\" title=\"UD ALMER\u00cdA-FC BARCELONA (1-0): V\u00eddeo resumen, gol y mejores jugadas del partido\">in the visit of the Bar\u00e7a to the Almer\u00eda in the Power Horse Stadium<\/a>,<strong> the trainer egarense gave gone in to Pablo Tower and Alarc\u00f3n to fault of fourteen minutes for the end of the party,<\/strong> as his last letter to try revolutionise to the team and avoid the &#8216;prick&#8217;. It was insufficient the bet of Xavi, because the team was very &#8216;broken&#8217; and was costing of centres to the area to try achieve the tie.<\/p>  <p>Pablo Torres had the challenge to give more order to the team, but fulfilled it half.<strong> It is very very known that the midfield player always looks for to give sense to the game and inject him criterion, <\/strong>but the context of the party did not allow him do a lot. In any case, the novelty has been that reappeared in the plans of the Bar\u00e7a 38 days after the last time that saw minutes, against the Ceuta in the eighth of the Glass of Rey.<\/p>  <p>In this opportunity, on 19 January, <strong>Tower appeared like titling in the team of Xavi, but did not jump after the rest.<\/strong> Since, it had not seen minutes at all. It turned into a &#8216;fixed&#8217; in the bench. In LaLiga, did not see minutes from the past 23 October, when it played the last 13 minutes in front of the Athletic Club. Yes it had played in Champions League, against the Bayern, and in front of Viktoria Plzen, where annotated a goal for &#8216;premi\u00e8re&#8217; with the Barcelona.<\/p>  <h3>Pablo Tower, without &#8216;hollow&#8217; in the team<\/h3>  <p>The situation of Pablo Tower in the first team of the Bar\u00e7a is very delicate, because although it appears in the majority of the announcements of the team, only adds 227 minutes between the League, Champions and Glass of Rey. In the Europe, for example, did not see minutes, whereas it was not conovocado for the Supercopa of Spain. <strong>Has too much competition in his place and is very complicated that &#8216;advance&#8217; so that Xavi take him more in account. <\/strong><\/p> ","protected":false},"excerpt":{"rendered":"<p>Pablo Torre played the last fourteen minutes of FC Barcelona&#8217;s defeat against Almer\u00eda (1-0). The midfielder had not seen minutes with the first team since mid-January Although it landed in the FC Barcelona like one of the big promises of the Spanish football and like a silent leader of the Racing, Pablo Tower has not [&hellip;]<\/p>\n","protected":false},"author":0,"featured_media":118918,"comment_status":"closed","ping_status":"open","sticky":false,"template":"","format":"standard","meta":{"_acf_changed":false,"inline_featured_image":false,"_nextfly_llmd_date_locked":false,"footnotes":""},"categories":[114,448],"tags":[],"class_list":["post-118911","post","type-post","status-publish","format-standard","has-post-thumbnail","hentry","category-laliga","category-laliga-2"],"acf":[],"yoast_head":"<!-- This site is optimized with the Yoast SEO plugin v27.3 - https:\/\/yoast.com\/product\/yoast-seo-wordpress\/ -->\n<title>Pablo Torre reappears at Bar\u00e7a 38 days later<\/title>\n<meta name=\"description\" content=\"Pablo Tower contested the last fourteen minutes of the defeat of the FC Barcelona in front of the Almer\u00eda (1-0). The midfield player had not seen minutes with the first team from mediated of January\" \/>\n<meta name=\"robots\" content=\"index, follow, max-snippet:-1, max-image-preview:large, max-video-preview:-1\" \/>\n<link rel=\"canonical\" href=\"https:\/\/www.fcbarcelonanoticias.com\/en\/laliga\/pablo-torre-reappears-in-barcelona-38-days-later_290020_102.html\" \/>\n<meta property=\"og:locale\" content=\"en_US\" \/>\n<meta property=\"og:type\" content=\"article\" \/>\n<meta property=\"og:title\" content=\"Pablo Torre reappears at Bar\u00e7a 38 days later\" \/>\n<meta property=\"og:description\" content=\"Pablo Tower contested the last fourteen minutes of the defeat of the FC Barcelona in front of the Almer\u00eda (1-0). The midfield player had not seen minutes with the first team from mediated of January\" \/>\n<meta property=\"og:url\" content=\"https:\/\/www.fcbarcelonanoticias.com\/en\/laliga\/pablo-torre-reappears-in-barcelona-38-days-later_290020_102.html\" \/>\n<meta property=\"og:site_name\" content=\"EN - FC Barcelona Noticias\" \/>\n<meta property=\"article:published_time\" content=\"2023-02-26T23:53:00+00:00\" \/>\n<meta property=\"og:image\" content=\"https:\/\/www.fcbarcelonanoticias.com\/en\/wp-content\/uploads\/sites\/2\/2023\/02\/pablo-torre-en-un-calentamiento.jpeg\" \/>\n\t<meta property=\"og:image:width\" content=\"1200\" \/>\n\t<meta property=\"og:image:height\" content=\"675\" \/>\n\t<meta property=\"og:image:type\" content=\"image\/jpeg\" \/>\n<meta name=\"twitter:card\" content=\"summary_large_image\" \/>\n<meta name=\"twitter:label1\" content=\"Est. reading time\" \/>\n\t<meta name=\"twitter:data1\" content=\"2 minutes\" \/>\n<script type=\"application\/ld+json\" class=\"yoast-schema-graph\">{\"@context\":\"https:\\\/\\\/schema.org\",\"@graph\":[{\"@type\":\"Article\",\"@id\":\"https:\\\/\\\/www.fcbarcelonanoticias.com\\\/en\\\/laliga\\\/pablo-torre-reappears-in-barcelona-38-days-later_290020_102.html#article\",\"isPartOf\":{\"@id\":\"https:\\\/\\\/www.fcbarcelonanoticias.com\\\/en\\\/laliga\\\/pablo-torre-reappears-in-barcelona-38-days-later_290020_102.html\"},\"author\":{\"name\":\"\",\"@id\":\"\"},\"headline\":\"Pablo Torre reappears at Bar\u00e7a 38 days later\",\"datePublished\":\"2023-02-26T23:53:00+00:00\",\"mainEntityOfPage\":{\"@id\":\"https:\\\/\\\/www.fcbarcelonanoticias.com\\\/en\\\/laliga\\\/pablo-torre-reappears-in-barcelona-38-days-later_290020_102.html\"},\"wordCount\":471,\"image\":{\"@id\":\"https:\\\/\\\/www.fcbarcelonanoticias.com\\\/en\\\/laliga\\\/pablo-torre-reappears-in-barcelona-38-days-later_290020_102.html#primaryimage\"},\"thumbnailUrl\":\"https:\\\/\\\/www.fcbarcelonanoticias.com\\\/en\\\/wp-content\\\/uploads\\\/sites\\\/2\\\/2023\\\/02\\\/pablo-torre-en-un-calentamiento.jpeg\",\"articleSection\":[\"LaLiga\",\"LaLiga\"],\"inLanguage\":\"en-US\"},{\"@type\":\"WebPage\",\"@id\":\"https:\\\/\\\/www.fcbarcelonanoticias.com\\\/en\\\/laliga\\\/pablo-torre-reappears-in-barcelona-38-days-later_290020_102.html\",\"url\":\"https:\\\/\\\/www.fcbarcelonanoticias.com\\\/en\\\/laliga\\\/pablo-torre-reappears-in-barcelona-38-days-later_290020_102.html\",\"name\":\"Pablo Torre reappears at Bar\u00e7a 38 days later\",\"isPartOf\":{\"@id\":\"https:\\\/\\\/www.fcbarcelonanoticias.com\\\/en\\\/#website\"},\"primaryImageOfPage\":{\"@id\":\"https:\\\/\\\/www.fcbarcelonanoticias.com\\\/en\\\/laliga\\\/pablo-torre-reappears-in-barcelona-38-days-later_290020_102.html#primaryimage\"},\"image\":{\"@id\":\"https:\\\/\\\/www.fcbarcelonanoticias.com\\\/en\\\/laliga\\\/pablo-torre-reappears-in-barcelona-38-days-later_290020_102.html#primaryimage\"},\"thumbnailUrl\":\"https:\\\/\\\/www.fcbarcelonanoticias.com\\\/en\\\/wp-content\\\/uploads\\\/sites\\\/2\\\/2023\\\/02\\\/pablo-torre-en-un-calentamiento.jpeg\",\"datePublished\":\"2023-02-26T23:53:00+00:00\",\"author\":{\"@id\":\"\"},\"description\":\"Pablo Tower contested the last fourteen minutes of the defeat of the FC Barcelona in front of the Almer\u00eda (1-0). The midfield player had not seen minutes with the first team from mediated of January\",\"breadcrumb\":{\"@id\":\"https:\\\/\\\/www.fcbarcelonanoticias.com\\\/en\\\/laliga\\\/pablo-torre-reappears-in-barcelona-38-days-later_290020_102.html#breadcrumb\"},\"inLanguage\":\"en-US\",\"potentialAction\":[{\"@type\":\"ReadAction\",\"target\":[\"https:\\\/\\\/www.fcbarcelonanoticias.com\\\/en\\\/laliga\\\/pablo-torre-reappears-in-barcelona-38-days-later_290020_102.html\"]}]},{\"@type\":\"ImageObject\",\"inLanguage\":\"en-US\",\"@id\":\"https:\\\/\\\/www.fcbarcelonanoticias.com\\\/en\\\/laliga\\\/pablo-torre-reappears-in-barcelona-38-days-later_290020_102.html#primaryimage\",\"url\":\"https:\\\/\\\/www.fcbarcelonanoticias.com\\\/en\\\/wp-content\\\/uploads\\\/sites\\\/2\\\/2023\\\/02\\\/pablo-torre-en-un-calentamiento.jpeg\",\"contentUrl\":\"https:\\\/\\\/www.fcbarcelonanoticias.com\\\/en\\\/wp-content\\\/uploads\\\/sites\\\/2\\\/2023\\\/02\\\/pablo-torre-en-un-calentamiento.jpeg\",\"width\":1200,\"height\":675},{\"@type\":\"BreadcrumbList\",\"@id\":\"https:\\\/\\\/www.fcbarcelonanoticias.com\\\/en\\\/laliga\\\/pablo-torre-reappears-in-barcelona-38-days-later_290020_102.html#breadcrumb\",\"itemListElement\":[{\"@type\":\"ListItem\",\"position\":1,\"name\":\"Portada\",\"item\":\"https:\\\/\\\/www.fcbarcelonanoticias.com\\\/en\\\/\"},{\"@type\":\"ListItem\",\"position\":2,\"name\":\"Pablo Torre reappears at Bar\u00e7a 38 days later\"}]},{\"@type\":\"WebSite\",\"@id\":\"https:\\\/\\\/www.fcbarcelonanoticias.com\\\/en\\\/#website\",\"url\":\"https:\\\/\\\/www.fcbarcelonanoticias.com\\\/en\\\/\",\"name\":\"EN - FC Barcelona Noticias\",\"description\":\"\",\"potentialAction\":[{\"@type\":\"SearchAction\",\"target\":{\"@type\":\"EntryPoint\",\"urlTemplate\":\"https:\\\/\\\/www.fcbarcelonanoticias.com\\\/en\\\/?s={search_term_string}\"},\"query-input\":{\"@type\":\"PropertyValueSpecification\",\"valueRequired\":true,\"valueName\":\"search_term_string\"}}],\"inLanguage\":\"en-US\"}]}<\/script>\n<!-- \/ Yoast SEO plugin. -->","yoast_head_json":{"title":"Pablo Torre reappears at Bar\u00e7a 38 days later","description":"Pablo Tower contested the last fourteen minutes of the defeat of the FC Barcelona in front of the Almer\u00eda (1-0). The midfield player had not seen minutes with the first team from mediated of January","robots":{"index":"index","follow":"follow","max-snippet":"max-snippet:-1","max-image-preview":"max-image-preview:large","max-video-preview":"max-video-preview:-1"},"canonical":"https:\/\/www.fcbarcelonanoticias.com\/en\/laliga\/pablo-torre-reappears-in-barcelona-38-days-later_290020_102.html","og_locale":"en_US","og_type":"article","og_title":"Pablo Torre reappears at Bar\u00e7a 38 days later","og_description":"Pablo Tower contested the last fourteen minutes of the defeat of the FC Barcelona in front of the Almer\u00eda (1-0). The midfield player had not seen minutes with the first team from mediated of January","og_url":"https:\/\/www.fcbarcelonanoticias.com\/en\/laliga\/pablo-torre-reappears-in-barcelona-38-days-later_290020_102.html","og_site_name":"EN - FC Barcelona Noticias","article_published_time":"2023-02-26T23:53:00+00:00","og_image":[{"width":1200,"height":675,"url":"https:\/\/www.fcbarcelonanoticias.com\/en\/wp-content\/uploads\/sites\/2\/2023\/02\/pablo-torre-en-un-calentamiento.jpeg","type":"image\/jpeg"}],"twitter_card":"summary_large_image","twitter_misc":{"Est. reading time":"2 minutes"},"schema":{"@context":"https:\/\/schema.org","@graph":[{"@type":"Article","@id":"https:\/\/www.fcbarcelonanoticias.com\/en\/laliga\/pablo-torre-reappears-in-barcelona-38-days-later_290020_102.html#article","isPartOf":{"@id":"https:\/\/www.fcbarcelonanoticias.com\/en\/laliga\/pablo-torre-reappears-in-barcelona-38-days-later_290020_102.html"},"author":{"name":"","@id":""},"headline":"Pablo Torre reappears at Bar\u00e7a 38 days later","datePublished":"2023-02-26T23:53:00+00:00","mainEntityOfPage":{"@id":"https:\/\/www.fcbarcelonanoticias.com\/en\/laliga\/pablo-torre-reappears-in-barcelona-38-days-later_290020_102.html"},"wordCount":471,"image":{"@id":"https:\/\/www.fcbarcelonanoticias.com\/en\/laliga\/pablo-torre-reappears-in-barcelona-38-days-later_290020_102.html#primaryimage"},"thumbnailUrl":"https:\/\/www.fcbarcelonanoticias.com\/en\/wp-content\/uploads\/sites\/2\/2023\/02\/pablo-torre-en-un-calentamiento.jpeg","articleSection":["LaLiga","LaLiga"],"inLanguage":"en-US"},{"@type":"WebPage","@id":"https:\/\/www.fcbarcelonanoticias.com\/en\/laliga\/pablo-torre-reappears-in-barcelona-38-days-later_290020_102.html","url":"https:\/\/www.fcbarcelonanoticias.com\/en\/laliga\/pablo-torre-reappears-in-barcelona-38-days-later_290020_102.html","name":"Pablo Torre reappears at Bar\u00e7a 38 days later","isPartOf":{"@id":"https:\/\/www.fcbarcelonanoticias.com\/en\/#website"},"primaryImageOfPage":{"@id":"https:\/\/www.fcbarcelonanoticias.com\/en\/laliga\/pablo-torre-reappears-in-barcelona-38-days-later_290020_102.html#primaryimage"},"image":{"@id":"https:\/\/www.fcbarcelonanoticias.com\/en\/laliga\/pablo-torre-reappears-in-barcelona-38-days-later_290020_102.html#primaryimage"},"thumbnailUrl":"https:\/\/www.fcbarcelonanoticias.com\/en\/wp-content\/uploads\/sites\/2\/2023\/02\/pablo-torre-en-un-calentamiento.jpeg","datePublished":"2023-02-26T23:53:00+00:00","author":{"@id":""},"description":"Pablo Tower contested the last fourteen minutes of the defeat of the FC Barcelona in front of the Almer\u00eda (1-0). The midfield player had not seen minutes with the first team from mediated of January","breadcrumb":{"@id":"https:\/\/www.fcbarcelonanoticias.com\/en\/laliga\/pablo-torre-reappears-in-barcelona-38-days-later_290020_102.html#breadcrumb"},"inLanguage":"en-US","potentialAction":[{"@type":"ReadAction","target":["https:\/\/www.fcbarcelonanoticias.com\/en\/laliga\/pablo-torre-reappears-in-barcelona-38-days-later_290020_102.html"]}]},{"@type":"ImageObject","inLanguage":"en-US","@id":"https:\/\/www.fcbarcelonanoticias.com\/en\/laliga\/pablo-torre-reappears-in-barcelona-38-days-later_290020_102.html#primaryimage","url":"https:\/\/www.fcbarcelonanoticias.com\/en\/wp-content\/uploads\/sites\/2\/2023\/02\/pablo-torre-en-un-calentamiento.jpeg","contentUrl":"https:\/\/www.fcbarcelonanoticias.com\/en\/wp-content\/uploads\/sites\/2\/2023\/02\/pablo-torre-en-un-calentamiento.jpeg","width":1200,"height":675},{"@type":"BreadcrumbList","@id":"https:\/\/www.fcbarcelonanoticias.com\/en\/laliga\/pablo-torre-reappears-in-barcelona-38-days-later_290020_102.html#breadcrumb","itemListElement":[{"@type":"ListItem","position":1,"name":"Portada","item":"https:\/\/www.fcbarcelonanoticias.com\/en\/"},{"@type":"ListItem","position":2,"name":"Pablo Torre reappears at Bar\u00e7a 38 days later"}]},{"@type":"WebSite","@id":"https:\/\/www.fcbarcelonanoticias.com\/en\/#website","url":"https:\/\/www.fcbarcelonanoticias.com\/en\/","name":"EN - FC Barcelona Noticias","description":"","potentialAction":[{"@type":"SearchAction","target":{"@type":"EntryPoint","urlTemplate":"https:\/\/www.fcbarcelonanoticias.com\/en\/?s={search_term_string}"},"query-input":{"@type":"PropertyValueSpecification","valueRequired":true,"valueName":"search_term_string"}}],"inLanguage":"en-US"}]}},"_links":{"self":[{"href":"https:\/\/www.fcbarcelonanoticias.com\/en\/wp-json\/wp\/v2\/posts\/118911","targetHints":{"allow":["GET"]}}],"collection":[{"href":"https:\/\/www.fcbarcelonanoticias.com\/en\/wp-json\/wp\/v2\/posts"}],"about":[{"href":"https:\/\/www.fcbarcelonanoticias.com\/en\/wp-json\/wp\/v2\/types\/post"}],"replies":[{"embeddable":true,"href":"https:\/\/www.fcbarcelonanoticias.com\/en\/wp-json\/wp\/v2\/comments?post=118911"}],"version-history":[{"count":1,"href":"https:\/\/www.fcbarcelonanoticias.com\/en\/wp-json\/wp\/v2\/posts\/118911\/revisions"}],"predecessor-version":[{"id":149812,"href":"https:\/\/www.fcbarcelonanoticias.com\/en\/wp-json\/wp\/v2\/posts\/118911\/revisions\/149812"}],"wp:featuredmedia":[{"embeddable":true,"href":"https:\/\/www.fcbarcelonanoticias.com\/en\/wp-json\/wp\/v2\/media\/118918"}],"wp:attachment":[{"href":"https:\/\/www.fcbarcelonanoticias.com\/en\/wp-json\/wp\/v2\/media?parent=118911"}],"wp:term":[{"taxonomy":"category","embeddable":true,"href":"https:\/\/www.fcbarcelonanoticias.com\/en\/wp-json\/wp\/v2\/categories?post=118911"},{"taxonomy":"post_tag","embeddable":true,"href":"https:\/\/www.fcbarcelonanoticias.com\/en\/wp-json\/wp\/v2\/tags?post=118911"}],"curies":[{"name":"wp","href":"https:\/\/api.w.org\/{rel}","templated":true}]}}