{"id":119042,"date":"2024-05-17T00:12:00","date_gmt":"2024-05-16T22:12:00","guid":{"rendered":"https:\/\/weisetech.dev\/fc-barcelona-noticias\/en\/pedri-lamine-yamal-cubarsi-barca-1x1-in-their-victory-against-almeria_303581_102\/"},"modified":"2024-05-17T00:12:00","modified_gmt":"2024-05-16T22:12:00","slug":"pedri-lamine-yamal-cubarsi-barca-1x1-in-their-victory-against-almeria_303581_102","status":"publish","type":"post","link":"https:\/\/www.fcbarcelonanoticias.com\/en\/laliga\/pedri-lamine-yamal-cubarsi-barca-1x1-in-their-victory-against-almeria_303581_102.html","title":{"rendered":"Pedri, Lamine Yamal, Cubars\u00ed&#8230; Bar\u00e7a&#8217;s 1&#215;1 in their victory against Almer\u00eda"},"content":{"rendered":"<h2 class=\"wp-block-heading\">The FC Barcelona did not fail against the Almer\u00eda and won by 0-2 with both so many of Ferm\u00edn L\u00f3pez. To continuation, in &#8216;FCBN&#8217;, present the 1&#215;1 of the players cul\u00e9s in this victory against the almerienses<\/h2>  \r\n<div class=\"article-addons\">\r\n    <a href=\"https:\/\/www.fcbarcelonanoticias.com\/en\/calendar-fc-barcelona.html\"\r\n       target=\"_self\"\r\n       title=\"Calendar of FC Barcelona\"\r\n       class=\"blue-gredient-btn\">\r\n       \r\n        Calendar of FC Barcelona    <\/a>\r\n<\/div>   <p><strong><a data-external=\"0\" data-intl-links-en=\"https:\/\/www.fcbarcelonanoticias.com\/en\/laliga\/fermin-directs-victoria-barca-already-caresses-classification-supercup-0-2_303577_102.html\" data-intl-links-es=\"https:\/\/www.fcbarcelonanoticias.com\/laliga\/fermin-dirige-victoria-barca-ya-acaricia-clasificacion-supercopa-0-2_303577_102.html\" href=\"https:\/\/www.fcbarcelonanoticias.com\/en\/laliga\/fermin-directs-victoria-barca-already-caresses-classification-supercup-0-2_303577_102.html\" rel=\"follow\" target=\"_self\" title=\"Ferm\u00edn dirige la victoria de un Bar\u00e7a que ya 'acaricia' la clasificaci\u00f3n a la Supercopa (0-2)\">The FC Barcelona achieved an important\u00edsima victory (0-2) against the Almer\u00eda for encarrilar the second square and the dispute of the Supercopa of Spain of 2025<\/a><\/strong>. <strong><a data-external=\"0\" data-intl-links-en=\"https:\/\/www.fcbarcelonanoticias.com\/en\/laliga\/soul-of-9-fermin-lopez-reaches-10-goals-and-equals-raphinha-and-joao-felix_303582_102.html\" data-intl-links-es=\"https:\/\/www.fcbarcelonanoticias.com\/laliga\/alma-9-fermin-lopez-llega-10-goles-iguala-raphinha-joao-felix_303582_102.html\" href=\"https:\/\/www.fcbarcelonanoticias.com\/en\/laliga\/soul-of-9-fermin-lopez-reaches-10-goals-and-equals-raphinha-and-joao-felix_303582_102.html\" rel=\"follow\" target=\"_self\" title=\"\u00a1Alma de '9'! Ferm\u00edn L\u00f3pez llega a los 10 goles e iguala a Raphinha y Joao F\u00e9lix\">Ferm\u00edn L\u00f3pez led to the cul\u00e9s with the two goals of the triumph<\/a><\/strong> in a meeting that, in spite of the intentonas of the almerienses, was quite calm. The venues failed the two or three clear occasions that had and the Bar\u00e7a, in spite of taking more than the owed in sentencing, did not suffer to carry the three points that move him away already to four points of the Girona, that is third.<\/p>  <h2>The 1&#215;1 of the Bar\u00e7a in Almer\u00eda<\/h2>  <h3>Ter Stegen<\/h3>  <p>The German goalkeeper did not have excessive work, since the forwards of the Almer\u00eda commissioned of errar they alone the best occasions that had. The Andalusians had two very clear, but so much Baptistao like the &#8216;Bump&#8217; Lozano shot was, with the German of mere viewer.<\/p>  <h3>Kound\u00e9<\/h3>  <p>The French is doing a remarkable season like right side and in the Power Horse Stadium did not go down his level. In defence was well, although it suffered with Adri Embarba in some occasion, and in attack took out well the ball played, added to the attack in some occasion and helped to Lamine Yamal when it had to do it.<\/p>  <h3>Pau Cubars\u00ed<\/h3>  <p>The canterano Barcelona was flawless to the crossing, taking out some balloon with some danger, and was quite well in exit of ball, with several key passes to break lines. It suffered a bit with the speed of Lozano and Baptistao, the same that the rest of the defence, but braked well to Luis Su\u00e1rez in the second time, doing a good meeting.<\/p>  <h3>I\u00f1igo Mart\u00ednez<\/h3>  <p>The Basque went back to be headline by second consecutive party by the absence by annoyances of Ronald Ara\u00fajo. The same that Cubars\u00ed, had some problem to control to Baptistao and Lozano, but to the cut was remarkable and in exit, as always, went a safe.<\/p>  <h3>H\u00e9ctor Fort<\/h3>  <p>The canterano, that did not play from 13 April in front of the C\u00e1diz, was to title in the left by Joao Cancel and went of the best of the Bar\u00e7a. It was lateral and extreme, remaining with all the left-handed side, and generated danger with his rises. It assisted to Ferm\u00edn in his first goal with a big centre and took good decisions with ball, leaving clear that it has to be an alternative for the course that comes.<\/p>  <h3>Sergi Roberto<\/h3>  <p>The one of Reus was the most toneless of the ones of the centre of the field and saw him something slow in quite a lot of actions. However, has a &#8216;gift&#8217; to add to the attack from backwards and thanks to a desmarque and to a good pass backwards his Ferm\u00edn could mark the 0-2.<\/p>  <h3>Pedri<\/h3>  <p>Without Andreas Christensen, that was acting, and without Ilkay G\u00fcndogan, commissioned to go down to receive in a lot of occasions, that was sanctioned, the Canarian was the most delayed midfield player with the possession of the ball. It filtered several very good passes, went a safe with the balloon and showed that being healthy is one of the best of this team.<\/p>  <h3>Ferm\u00edn L\u00f3pez<\/h3>  <p>The one of the Campillo was definitely the man of the party against the Almer\u00eda. It was very intense, took the meeting very seriously and gave him a lot dynamism to the Bar\u00e7a in the midfield and in three chambers. Besides, the Andalusian marked the two goals of the triumph cul\u00e9, arriving already to the seven this season. It is doing a temporad\u00f3n and the next campaign has to keep on being important.<\/p>  <h3>Lamine Yamal<\/h3>  <p>The canterano went back to be of the most dangerous of the FC Barcelona, retando one and again to his pair and generating danger whenever it could. This time did not mark neither assisted, but yes desequilibr\u00f3, caused a possible penalti that no him pitaron and left his stamp in the party, showing that the future is his.<\/p>  <h3>Ferran Torres<\/h3>  <p>The Valencian, that went in in the left extreme by Raphinha, was quite dense. It did not generate at all in the one against one and neither marked the difference to the space, that is one of his big virtues. It played of &#8216;9&#8217; less than five minutes after the change of Lewandowski, but did not give him time to do at all and finished being substituted by Vitor Roque.<\/p>  <h3>Lewandowski<\/h3>  <p>It was not the night of the Pole, that did not star any played of true danger for Luis Maximiano, goalkeeper almeriense. Lewy Tried it in several occasions from the frontal of the area, but no encintr\u00f3 at all comfortable and did not know to finalise any of these actions. The Pichichi was at stake and left to happen an opportunity of gold to approach to Sorloth, Bellingham and Dovbyk, that carry two and three goals more than him. Xavi changed him in the 69&#8242; by Joao F\u00e9liex, leaving him without options of &#8216;wet&#8217; in the straight final of the duel.<\/p>  <h3>Andreas Christensen<\/h3>  <p>Xavi went to take out with 0-1 to the Danish to give him more &#8216;packaging&#8217; to the midfield, but just before it went in to the terrain of game Ferm\u00edn marked the 0-2, that gave him a lot of tranquility to the Barcelona. Christensen went out the same and was correct in the balls that touched, although it did not leave any action stood out.<\/p>  <h3>Joao F\u00e9lix<\/h3>  <p>The same that with Christensen, his entrance was prepared with 0-1, but did the same after the second goal of Ferm\u00edn. Had an occasion of book to mark, but finished it throwing was. It saw him with you win to show things after remaining without playing against the Real Sociedad, but further of a pair of details did not do too much.<\/p>  <h3>Vitor Roque<\/h3>  <p>In the middle of all the wrap on his possible exit of the FC Barcelona, Xavi at last allowed that the Brazilian had some minutes. The &#8217;19&#8217;, that did not play from the meeting against the C\u00e1diz, go in in the 73&#8242; by Ferran to play in his place, of leading centre, since from his arrival in alone January has occupied in six duels of the 13 that has contested. Although it was something clumsy in a pair of controls, saw him with many win and tested to Maximiano with a good shot esquinado that stopped easy the archer of the Almer\u00eda.<\/p>  <h3>Joao Cancel<\/h3>  <p>The Portuguese, acting for the first time from 27 January against the Villarreal, went in by Fort, that &#8216;went out&#8217;, in the minute 73. With the already decided meeting, the luso did not add too much to the attack and played simple, happening very unobserved.<\/p>  <h3>Oriol Romeu<\/h3>  <p>The mediocentro, that is for Xavi the last in the rotation of the centre of the field, jumped to the terrain of game happened the minute 80 and grieve could give some passes in which it did not complicate the life.<\/p> ","protected":false},"excerpt":{"rendered":"<p>The FC Barcelona did not fail against the Almer\u00eda and won by 0-2 with both so many of Ferm\u00edn L\u00f3pez. To continuation, in &#8216;FCBN&#8217;, present the 1&#215;1 of the players cul\u00e9s in this victory against the almerienses The FC Barcelona achieved an important\u00edsima victory (0-2) against the Almer\u00eda for encarrilar the second square and the [&hellip;]<\/p>\n","protected":false},"author":359,"featured_media":119050,"comment_status":"closed","ping_status":"open","sticky":false,"template":"","format":"standard","meta":{"_acf_changed":false,"inline_featured_image":false,"_nextfly_llmd_date_locked":false,"footnotes":""},"categories":[114,448],"tags":[397,183],"class_list":["post-119042","post","type-post","status-publish","format-standard","has-post-thumbnail","hentry","category-laliga","category-laliga-2","tag-almeria","tag-the-1x1"],"acf":[],"yoast_head":"<!-- This site is optimized with the Yoast SEO plugin v27.3 - https:\/\/yoast.com\/product\/yoast-seo-wordpress\/ -->\n<title>Pedri, Lamine Yamal, Cubars\u00ed... Bar\u00e7a&#039;s 1x1 in their victory against Almer\u00eda<\/title>\n<meta name=\"description\" content=\"The FC Barcelona did not fail against the Almer\u00eda and won by 0-2 with both so many of Ferm\u00edn L\u00f3pez. To continuation, in &#039;FCBN&#039;, present the 1x1 of the players cul\u00e9s in this victory against the almerienses\" \/>\n<meta name=\"robots\" content=\"index, follow, max-snippet:-1, max-image-preview:large, max-video-preview:-1\" \/>\n<link rel=\"canonical\" href=\"https:\/\/www.fcbarcelonanoticias.com\/en\/laliga\/pedri-lamine-yamal-cubarsi-barca-1x1-in-their-victory-against-almeria_303581_102.html\" \/>\n<meta property=\"og:locale\" content=\"en_US\" \/>\n<meta property=\"og:type\" content=\"article\" \/>\n<meta property=\"og:title\" content=\"Pedri, Lamine Yamal, Cubars\u00ed... Bar\u00e7a&#039;s 1x1 in their victory against Almer\u00eda\" \/>\n<meta property=\"og:description\" content=\"The FC Barcelona did not fail against the Almer\u00eda and won by 0-2 with both so many of Ferm\u00edn L\u00f3pez. To continuation, in &#039;FCBN&#039;, present the 1x1 of the players cul\u00e9s in this victory against the almerienses\" \/>\n<meta property=\"og:url\" content=\"https:\/\/www.fcbarcelonanoticias.com\/en\/laliga\/pedri-lamine-yamal-cubarsi-barca-1x1-in-their-victory-against-almeria_303581_102.html\" \/>\n<meta property=\"og:site_name\" content=\"EN - FC Barcelona Noticias\" \/>\n<meta property=\"article:published_time\" content=\"2024-05-16T22:12:00+00:00\" \/>\n<meta property=\"og:image\" content=\"https:\/\/www.fcbarcelonanoticias.com\/en\/wp-content\/uploads\/sites\/2\/2024\/05\/uno-po-uno-barca-almeria.jpeg\" \/>\n\t<meta property=\"og:image:width\" content=\"1300\" \/>\n\t<meta property=\"og:image:height\" content=\"732\" \/>\n\t<meta property=\"og:image:type\" content=\"image\/jpeg\" \/>\n<meta name=\"author\" content=\"Eduardo Mart\u00edn Santos\" \/>\n<meta name=\"twitter:card\" content=\"summary_large_image\" \/>\n<meta name=\"twitter:label1\" content=\"Written by\" \/>\n\t<meta name=\"twitter:data1\" content=\"Eduardo Mart\u00edn Santos\" \/>\n\t<meta name=\"twitter:label2\" content=\"Est. reading time\" \/>\n\t<meta name=\"twitter:data2\" content=\"6 minutes\" \/>\n<script type=\"application\/ld+json\" class=\"yoast-schema-graph\">{\"@context\":\"https:\\\/\\\/schema.org\",\"@graph\":[{\"@type\":\"Article\",\"@id\":\"https:\\\/\\\/www.fcbarcelonanoticias.com\\\/en\\\/laliga\\\/pedri-lamine-yamal-cubarsi-barca-1x1-in-their-victory-against-almeria_303581_102.html#article\",\"isPartOf\":{\"@id\":\"https:\\\/\\\/www.fcbarcelonanoticias.com\\\/en\\\/laliga\\\/pedri-lamine-yamal-cubarsi-barca-1x1-in-their-victory-against-almeria_303581_102.html\"},\"author\":{\"name\":\"Eduardo Mart\u00edn Santos\",\"@id\":\"https:\\\/\\\/www.fcbarcelonanoticias.com\\\/en\\\/#\\\/schema\\\/person\\\/4bdbc782ba6060d3f7005b61e97fb753\"},\"headline\":\"Pedri, Lamine Yamal, Cubars\u00ed&#8230; Bar\u00e7a&#8217;s 1&#215;1 in their victory against Almer\u00eda\",\"datePublished\":\"2024-05-16T22:12:00+00:00\",\"mainEntityOfPage\":{\"@id\":\"https:\\\/\\\/www.fcbarcelonanoticias.com\\\/en\\\/laliga\\\/pedri-lamine-yamal-cubarsi-barca-1x1-in-their-victory-against-almeria_303581_102.html\"},\"wordCount\":1244,\"image\":{\"@id\":\"https:\\\/\\\/www.fcbarcelonanoticias.com\\\/en\\\/laliga\\\/pedri-lamine-yamal-cubarsi-barca-1x1-in-their-victory-against-almeria_303581_102.html#primaryimage\"},\"thumbnailUrl\":\"https:\\\/\\\/www.fcbarcelonanoticias.com\\\/en\\\/wp-content\\\/uploads\\\/sites\\\/2\\\/2024\\\/05\\\/uno-po-uno-barca-almeria.jpeg\",\"keywords\":[\"Almer\u00eda\",\"The 1x1\"],\"articleSection\":[\"LaLiga\",\"LaLiga\"],\"inLanguage\":\"en-US\"},{\"@type\":\"WebPage\",\"@id\":\"https:\\\/\\\/www.fcbarcelonanoticias.com\\\/en\\\/laliga\\\/pedri-lamine-yamal-cubarsi-barca-1x1-in-their-victory-against-almeria_303581_102.html\",\"url\":\"https:\\\/\\\/www.fcbarcelonanoticias.com\\\/en\\\/laliga\\\/pedri-lamine-yamal-cubarsi-barca-1x1-in-their-victory-against-almeria_303581_102.html\",\"name\":\"Pedri, Lamine Yamal, Cubars\u00ed... Bar\u00e7a's 1x1 in their victory against Almer\u00eda\",\"isPartOf\":{\"@id\":\"https:\\\/\\\/www.fcbarcelonanoticias.com\\\/en\\\/#website\"},\"primaryImageOfPage\":{\"@id\":\"https:\\\/\\\/www.fcbarcelonanoticias.com\\\/en\\\/laliga\\\/pedri-lamine-yamal-cubarsi-barca-1x1-in-their-victory-against-almeria_303581_102.html#primaryimage\"},\"image\":{\"@id\":\"https:\\\/\\\/www.fcbarcelonanoticias.com\\\/en\\\/laliga\\\/pedri-lamine-yamal-cubarsi-barca-1x1-in-their-victory-against-almeria_303581_102.html#primaryimage\"},\"thumbnailUrl\":\"https:\\\/\\\/www.fcbarcelonanoticias.com\\\/en\\\/wp-content\\\/uploads\\\/sites\\\/2\\\/2024\\\/05\\\/uno-po-uno-barca-almeria.jpeg\",\"datePublished\":\"2024-05-16T22:12:00+00:00\",\"author\":{\"@id\":\"https:\\\/\\\/www.fcbarcelonanoticias.com\\\/en\\\/#\\\/schema\\\/person\\\/4bdbc782ba6060d3f7005b61e97fb753\"},\"description\":\"The FC Barcelona did not fail against the Almer\u00eda and won by 0-2 with both so many of Ferm\u00edn L\u00f3pez. To continuation, in 'FCBN', present the 1x1 of the players cul\u00e9s in this victory against the almerienses\",\"breadcrumb\":{\"@id\":\"https:\\\/\\\/www.fcbarcelonanoticias.com\\\/en\\\/laliga\\\/pedri-lamine-yamal-cubarsi-barca-1x1-in-their-victory-against-almeria_303581_102.html#breadcrumb\"},\"inLanguage\":\"en-US\",\"potentialAction\":[{\"@type\":\"ReadAction\",\"target\":[\"https:\\\/\\\/www.fcbarcelonanoticias.com\\\/en\\\/laliga\\\/pedri-lamine-yamal-cubarsi-barca-1x1-in-their-victory-against-almeria_303581_102.html\"]}]},{\"@type\":\"ImageObject\",\"inLanguage\":\"en-US\",\"@id\":\"https:\\\/\\\/www.fcbarcelonanoticias.com\\\/en\\\/laliga\\\/pedri-lamine-yamal-cubarsi-barca-1x1-in-their-victory-against-almeria_303581_102.html#primaryimage\",\"url\":\"https:\\\/\\\/www.fcbarcelonanoticias.com\\\/en\\\/wp-content\\\/uploads\\\/sites\\\/2\\\/2024\\\/05\\\/uno-po-uno-barca-almeria.jpeg\",\"contentUrl\":\"https:\\\/\\\/www.fcbarcelonanoticias.com\\\/en\\\/wp-content\\\/uploads\\\/sites\\\/2\\\/2024\\\/05\\\/uno-po-uno-barca-almeria.jpeg\",\"width\":1300,\"height\":732},{\"@type\":\"BreadcrumbList\",\"@id\":\"https:\\\/\\\/www.fcbarcelonanoticias.com\\\/en\\\/laliga\\\/pedri-lamine-yamal-cubarsi-barca-1x1-in-their-victory-against-almeria_303581_102.html#breadcrumb\",\"itemListElement\":[{\"@type\":\"ListItem\",\"position\":1,\"name\":\"Portada\",\"item\":\"https:\\\/\\\/www.fcbarcelonanoticias.com\\\/en\\\/\"},{\"@type\":\"ListItem\",\"position\":2,\"name\":\"Pedri, Lamine Yamal, Cubars\u00ed&#8230; Bar\u00e7a&#8217;s 1&#215;1 in their victory against Almer\u00eda\"}]},{\"@type\":\"WebSite\",\"@id\":\"https:\\\/\\\/www.fcbarcelonanoticias.com\\\/en\\\/#website\",\"url\":\"https:\\\/\\\/www.fcbarcelonanoticias.com\\\/en\\\/\",\"name\":\"EN - FC Barcelona Noticias\",\"description\":\"\",\"potentialAction\":[{\"@type\":\"SearchAction\",\"target\":{\"@type\":\"EntryPoint\",\"urlTemplate\":\"https:\\\/\\\/www.fcbarcelonanoticias.com\\\/en\\\/?s={search_term_string}\"},\"query-input\":{\"@type\":\"PropertyValueSpecification\",\"valueRequired\":true,\"valueName\":\"search_term_string\"}}],\"inLanguage\":\"en-US\"},{\"@type\":\"Person\",\"@id\":\"https:\\\/\\\/www.fcbarcelonanoticias.com\\\/en\\\/#\\\/schema\\\/person\\\/4bdbc782ba6060d3f7005b61e97fb753\",\"name\":\"Eduardo Mart\u00edn Santos\",\"image\":{\"@type\":\"ImageObject\",\"inLanguage\":\"en-US\",\"@id\":\"https:\\\/\\\/secure.gravatar.com\\\/avatar\\\/?s=96&d=mm&r=g\",\"url\":\"https:\\\/\\\/secure.gravatar.com\\\/avatar\\\/?s=96&d=mm&r=g\",\"contentUrl\":\"https:\\\/\\\/secure.gravatar.com\\\/avatar\\\/?s=96&d=mm&r=g\",\"caption\":\"Eduardo Mart\u00edn Santos\"},\"url\":\"https:\\\/\\\/www.fcbarcelonanoticias.com\\\/en\\\/eduardo-martin_3_115.html\"}]}<\/script>\n<!-- \/ Yoast SEO plugin. -->","yoast_head_json":{"title":"Pedri, Lamine Yamal, Cubars\u00ed... Bar\u00e7a's 1x1 in their victory against Almer\u00eda","description":"The FC Barcelona did not fail against the Almer\u00eda and won by 0-2 with both so many of Ferm\u00edn L\u00f3pez. To continuation, in 'FCBN', present the 1x1 of the players cul\u00e9s in this victory against the almerienses","robots":{"index":"index","follow":"follow","max-snippet":"max-snippet:-1","max-image-preview":"max-image-preview:large","max-video-preview":"max-video-preview:-1"},"canonical":"https:\/\/www.fcbarcelonanoticias.com\/en\/laliga\/pedri-lamine-yamal-cubarsi-barca-1x1-in-their-victory-against-almeria_303581_102.html","og_locale":"en_US","og_type":"article","og_title":"Pedri, Lamine Yamal, Cubars\u00ed... Bar\u00e7a's 1x1 in their victory against Almer\u00eda","og_description":"The FC Barcelona did not fail against the Almer\u00eda and won by 0-2 with both so many of Ferm\u00edn L\u00f3pez. To continuation, in 'FCBN', present the 1x1 of the players cul\u00e9s in this victory against the almerienses","og_url":"https:\/\/www.fcbarcelonanoticias.com\/en\/laliga\/pedri-lamine-yamal-cubarsi-barca-1x1-in-their-victory-against-almeria_303581_102.html","og_site_name":"EN - FC Barcelona Noticias","article_published_time":"2024-05-16T22:12:00+00:00","og_image":[{"width":1300,"height":732,"url":"https:\/\/www.fcbarcelonanoticias.com\/en\/wp-content\/uploads\/sites\/2\/2024\/05\/uno-po-uno-barca-almeria.jpeg","type":"image\/jpeg"}],"author":"Eduardo Mart\u00edn Santos","twitter_card":"summary_large_image","twitter_misc":{"Written by":"Eduardo Mart\u00edn Santos","Est. reading time":"6 minutes"},"schema":{"@context":"https:\/\/schema.org","@graph":[{"@type":"Article","@id":"https:\/\/www.fcbarcelonanoticias.com\/en\/laliga\/pedri-lamine-yamal-cubarsi-barca-1x1-in-their-victory-against-almeria_303581_102.html#article","isPartOf":{"@id":"https:\/\/www.fcbarcelonanoticias.com\/en\/laliga\/pedri-lamine-yamal-cubarsi-barca-1x1-in-their-victory-against-almeria_303581_102.html"},"author":{"name":"Eduardo Mart\u00edn Santos","@id":"https:\/\/www.fcbarcelonanoticias.com\/en\/#\/schema\/person\/4bdbc782ba6060d3f7005b61e97fb753"},"headline":"Pedri, Lamine Yamal, Cubars\u00ed&#8230; Bar\u00e7a&#8217;s 1&#215;1 in their victory against Almer\u00eda","datePublished":"2024-05-16T22:12:00+00:00","mainEntityOfPage":{"@id":"https:\/\/www.fcbarcelonanoticias.com\/en\/laliga\/pedri-lamine-yamal-cubarsi-barca-1x1-in-their-victory-against-almeria_303581_102.html"},"wordCount":1244,"image":{"@id":"https:\/\/www.fcbarcelonanoticias.com\/en\/laliga\/pedri-lamine-yamal-cubarsi-barca-1x1-in-their-victory-against-almeria_303581_102.html#primaryimage"},"thumbnailUrl":"https:\/\/www.fcbarcelonanoticias.com\/en\/wp-content\/uploads\/sites\/2\/2024\/05\/uno-po-uno-barca-almeria.jpeg","keywords":["Almer\u00eda","The 1x1"],"articleSection":["LaLiga","LaLiga"],"inLanguage":"en-US"},{"@type":"WebPage","@id":"https:\/\/www.fcbarcelonanoticias.com\/en\/laliga\/pedri-lamine-yamal-cubarsi-barca-1x1-in-their-victory-against-almeria_303581_102.html","url":"https:\/\/www.fcbarcelonanoticias.com\/en\/laliga\/pedri-lamine-yamal-cubarsi-barca-1x1-in-their-victory-against-almeria_303581_102.html","name":"Pedri, Lamine Yamal, Cubars\u00ed... Bar\u00e7a's 1x1 in their victory against Almer\u00eda","isPartOf":{"@id":"https:\/\/www.fcbarcelonanoticias.com\/en\/#website"},"primaryImageOfPage":{"@id":"https:\/\/www.fcbarcelonanoticias.com\/en\/laliga\/pedri-lamine-yamal-cubarsi-barca-1x1-in-their-victory-against-almeria_303581_102.html#primaryimage"},"image":{"@id":"https:\/\/www.fcbarcelonanoticias.com\/en\/laliga\/pedri-lamine-yamal-cubarsi-barca-1x1-in-their-victory-against-almeria_303581_102.html#primaryimage"},"thumbnailUrl":"https:\/\/www.fcbarcelonanoticias.com\/en\/wp-content\/uploads\/sites\/2\/2024\/05\/uno-po-uno-barca-almeria.jpeg","datePublished":"2024-05-16T22:12:00+00:00","author":{"@id":"https:\/\/www.fcbarcelonanoticias.com\/en\/#\/schema\/person\/4bdbc782ba6060d3f7005b61e97fb753"},"description":"The FC Barcelona did not fail against the Almer\u00eda and won by 0-2 with both so many of Ferm\u00edn L\u00f3pez. To continuation, in 'FCBN', present the 1x1 of the players cul\u00e9s in this victory against the almerienses","breadcrumb":{"@id":"https:\/\/www.fcbarcelonanoticias.com\/en\/laliga\/pedri-lamine-yamal-cubarsi-barca-1x1-in-their-victory-against-almeria_303581_102.html#breadcrumb"},"inLanguage":"en-US","potentialAction":[{"@type":"ReadAction","target":["https:\/\/www.fcbarcelonanoticias.com\/en\/laliga\/pedri-lamine-yamal-cubarsi-barca-1x1-in-their-victory-against-almeria_303581_102.html"]}]},{"@type":"ImageObject","inLanguage":"en-US","@id":"https:\/\/www.fcbarcelonanoticias.com\/en\/laliga\/pedri-lamine-yamal-cubarsi-barca-1x1-in-their-victory-against-almeria_303581_102.html#primaryimage","url":"https:\/\/www.fcbarcelonanoticias.com\/en\/wp-content\/uploads\/sites\/2\/2024\/05\/uno-po-uno-barca-almeria.jpeg","contentUrl":"https:\/\/www.fcbarcelonanoticias.com\/en\/wp-content\/uploads\/sites\/2\/2024\/05\/uno-po-uno-barca-almeria.jpeg","width":1300,"height":732},{"@type":"BreadcrumbList","@id":"https:\/\/www.fcbarcelonanoticias.com\/en\/laliga\/pedri-lamine-yamal-cubarsi-barca-1x1-in-their-victory-against-almeria_303581_102.html#breadcrumb","itemListElement":[{"@type":"ListItem","position":1,"name":"Portada","item":"https:\/\/www.fcbarcelonanoticias.com\/en\/"},{"@type":"ListItem","position":2,"name":"Pedri, Lamine Yamal, Cubars\u00ed&#8230; Bar\u00e7a&#8217;s 1&#215;1 in their victory against Almer\u00eda"}]},{"@type":"WebSite","@id":"https:\/\/www.fcbarcelonanoticias.com\/en\/#website","url":"https:\/\/www.fcbarcelonanoticias.com\/en\/","name":"EN - FC Barcelona Noticias","description":"","potentialAction":[{"@type":"SearchAction","target":{"@type":"EntryPoint","urlTemplate":"https:\/\/www.fcbarcelonanoticias.com\/en\/?s={search_term_string}"},"query-input":{"@type":"PropertyValueSpecification","valueRequired":true,"valueName":"search_term_string"}}],"inLanguage":"en-US"},{"@type":"Person","@id":"https:\/\/www.fcbarcelonanoticias.com\/en\/#\/schema\/person\/4bdbc782ba6060d3f7005b61e97fb753","name":"Eduardo Mart\u00edn Santos","image":{"@type":"ImageObject","inLanguage":"en-US","@id":"https:\/\/secure.gravatar.com\/avatar\/?s=96&d=mm&r=g","url":"https:\/\/secure.gravatar.com\/avatar\/?s=96&d=mm&r=g","contentUrl":"https:\/\/secure.gravatar.com\/avatar\/?s=96&d=mm&r=g","caption":"Eduardo Mart\u00edn Santos"},"url":"https:\/\/www.fcbarcelonanoticias.com\/en\/eduardo-martin_3_115.html"}]}},"_links":{"self":[{"href":"https:\/\/www.fcbarcelonanoticias.com\/en\/wp-json\/wp\/v2\/posts\/119042","targetHints":{"allow":["GET"]}}],"collection":[{"href":"https:\/\/www.fcbarcelonanoticias.com\/en\/wp-json\/wp\/v2\/posts"}],"about":[{"href":"https:\/\/www.fcbarcelonanoticias.com\/en\/wp-json\/wp\/v2\/types\/post"}],"author":[{"embeddable":true,"href":"https:\/\/www.fcbarcelonanoticias.com\/en\/wp-json\/wp\/v2\/users\/359"}],"replies":[{"embeddable":true,"href":"https:\/\/www.fcbarcelonanoticias.com\/en\/wp-json\/wp\/v2\/comments?post=119042"}],"version-history":[{"count":1,"href":"https:\/\/www.fcbarcelonanoticias.com\/en\/wp-json\/wp\/v2\/posts\/119042\/revisions"}],"predecessor-version":[{"id":149829,"href":"https:\/\/www.fcbarcelonanoticias.com\/en\/wp-json\/wp\/v2\/posts\/119042\/revisions\/149829"}],"wp:featuredmedia":[{"embeddable":true,"href":"https:\/\/www.fcbarcelonanoticias.com\/en\/wp-json\/wp\/v2\/media\/119050"}],"wp:attachment":[{"href":"https:\/\/www.fcbarcelonanoticias.com\/en\/wp-json\/wp\/v2\/media?parent=119042"}],"wp:term":[{"taxonomy":"category","embeddable":true,"href":"https:\/\/www.fcbarcelonanoticias.com\/en\/wp-json\/wp\/v2\/categories?post=119042"},{"taxonomy":"post_tag","embeddable":true,"href":"https:\/\/www.fcbarcelonanoticias.com\/en\/wp-json\/wp\/v2\/tags?post=119042"}],"curies":[{"name":"wp","href":"https:\/\/api.w.org\/{rel}","templated":true}]}}