{"id":119323,"date":"2023-04-23T19:48:00","date_gmt":"2023-04-23T17:48:00","guid":{"rendered":"https:\/\/weisetech.dev\/fc-barcelona-noticias\/en\/pedri-volvio-por-fin-dejo-mini-masterclass-en-media-hora_291790_102\/"},"modified":"2023-04-23T19:48:00","modified_gmt":"2023-04-23T17:48:00","slug":"pedri-volvio-por-fin-dejo-mini-masterclass-en-media-hora_291790_102","status":"publish","type":"post","link":"https:\/\/www.fcbarcelonanoticias.com\/en\/laliga\/pedri-volvio-por-fin-dejo-mini-masterclass-en-media-hora_291790_102.html","title":{"rendered":"Pedri finally returned and left a mini &#8216;masterclass&#8217; in half an hour"},"content":{"rendered":"<h2 class=\"wp-block-heading\">FC Barcelona&#8217;s victory over Atl\u00e9tico de Madrid was marked, among other things, by the return of Pedri Gonz\u00e1lez to the pitch. He played the last 30 minutes and aims to be, once again, an indisputable player in Xavi Hern\u00e1ndez&#8217;s XI<\/h2>  \r\n<div class=\"article-addons\">\r\n    <a href=\"https:\/\/www.fcbarcelonanoticias.com\/en\/calendar-fc-barcelona.html\"\r\n       target=\"_self\"\r\n       title=\"Calendar of FC Barcelona\"\r\n       class=\"blue-gredient-btn\">\r\n       \r\n        Calendar of FC Barcelona    <\/a>\r\n<\/div>   <p><strong>The return of Pedri Gonz\u00e1lez has done expect. <\/strong>It had fallen in the infirmary the past 16 February, in the FC Barcelona-Manchester United of the Europe League, after suffering <b>an injury in the previous rectum of the right thigh. <\/b>They happened 65 days, with an included relapse, so that the midfield player dressed of short again and led the centre of the Barcelona field.<\/p>  <p>After training in this last week with the rest of his mates, Pedri went in in the announcement for the party against the Athletic of Madrid. It was a secret to voices that Xavi Hern\u00e1ndez went to &#8216;take care it&#8217;, after more than two months was, by what did not result a surprise that remained in the bench of start.<strong> The plan was very clear with the Tenerifean. <\/strong><\/p>  <h2>Half hour for the illusion with Pedri<\/h2>  <p>Pedri Went in in the terrain of game to contest the last half hour of party, substituting to the goleador of the afternoon, Ferran Torres. Very soon, <strong>it achieved to turn into the Barcelona leader from the centre of the field and noticed a slight mejor\u00eda in the team, <\/strong>that up to now was being very predictable and cost him add to the attack.<\/p>  <p>In very little time, Pedri showed reason is insustituible and the team &#8216;depend&#8217; of magic:<strong> Has the capacity to receive, brake, think, &#8216;distract&#8217; to the that marks him and take the most hit decision to happen the balloon<\/strong>. <a data-external=\"0\" data-intl-links-en=\"https:\/\/www.fcbarcelonanoticias.com\/en\/laliga\/worked-triumph-barcelona-atletico-1-0-leave-laliga-almost-sentenced_291781_102.html\" data-intl-links-es=\"https:\/\/www.fcbarcelonanoticias.com\/laliga\/trabajado-triunfo-barcelona-atletico-1-0-dejar-laliga-casi-sentenciada_291781_102.html\" href=\"https:\/\/www.fcbarcelonanoticias.com\/en\/laliga\/worked-triumph-barcelona-atletico-1-0-leave-laliga-almost-sentenced_291781_102.html\" rel=\"follow\" target=\"_self\" title=\"Trabajado triunfo del Bar\u00e7a ante el Atl\u00e9tico (1-0) para dejar LaLiga casi sentenciada\">Against the Athletic of Madrid achieved to give him more pause<\/a> and, especially, sense to the game of the Barcelona. And it go that it noticed .<\/p>  <h2>It finishes the &#8216;nightmare&#8217; for Pedri<\/h2>  <p>It is not a secret for anybody that, to his 20 years, the Barcelona midfield player has lived more injuries of which expected and that have punished him in long stretches. In this course, lost a few parties after happening two months and seven days in the infirmary, but everything seems to indicate to that has left definitively backwards his physical problems. This Sunday saw him very hit and fine, physically. <strong>It can be the key so that the Bar\u00e7a &#8216;finish&#8217; LaLiga. <\/strong><\/p> ","protected":false},"excerpt":{"rendered":"<p>FC Barcelona&#8217;s victory over Atl\u00e9tico de Madrid was marked, among other things, by the return of Pedri Gonz\u00e1lez to the pitch. He played the last 30 minutes and aims to be, once again, an indisputable player in Xavi Hern\u00e1ndez&#8217;s XI The return of Pedri Gonz\u00e1lez has done expect. It had fallen in the infirmary the [&hellip;]<\/p>\n","protected":false},"author":353,"featured_media":119332,"comment_status":"closed","ping_status":"open","sticky":false,"template":"","format":"standard","meta":{"_acf_changed":false,"inline_featured_image":false,"_nextfly_llmd_date_locked":false,"footnotes":""},"categories":[114,448],"tags":[],"class_list":["post-119323","post","type-post","status-publish","format-standard","has-post-thumbnail","hentry","category-laliga","category-laliga-2"],"acf":[],"yoast_head":"<!-- This site is optimized with the Yoast SEO plugin v27.3 - https:\/\/yoast.com\/product\/yoast-seo-wordpress\/ -->\n<title>Pedri finally returned and left a mini &#039;masterclass&#039; in half an hour<\/title>\n<meta name=\"description\" content=\"The victory of the FC Barcelona on the Athletic of Madrid was marked, between other things, by the return of Pedri Gonz\u00e1lez to the terrains of game. It played the last 30 minutes and aims to be, again, an indisputable in the XI of Xavi Hern\u00e1ndez\" \/>\n<meta name=\"robots\" content=\"index, follow, max-snippet:-1, max-image-preview:large, max-video-preview:-1\" \/>\n<link rel=\"canonical\" href=\"https:\/\/www.fcbarcelonanoticias.com\/en\/laliga\/pedri-volvio-por-fin-dejo-mini-masterclass-en-media-hora_291790_102.html\" \/>\n<meta property=\"og:locale\" content=\"en_US\" \/>\n<meta property=\"og:type\" content=\"article\" \/>\n<meta property=\"og:title\" content=\"Pedri finally returned and left a mini &#039;masterclass&#039; in half an hour\" \/>\n<meta property=\"og:description\" content=\"The victory of the FC Barcelona on the Athletic of Madrid was marked, between other things, by the return of Pedri Gonz\u00e1lez to the terrains of game. It played the last 30 minutes and aims to be, again, an indisputable in the XI of Xavi Hern\u00e1ndez\" \/>\n<meta property=\"og:url\" content=\"https:\/\/www.fcbarcelonanoticias.com\/en\/laliga\/pedri-volvio-por-fin-dejo-mini-masterclass-en-media-hora_291790_102.html\" \/>\n<meta property=\"og:site_name\" content=\"EN - FC Barcelona Noticias\" \/>\n<meta property=\"article:published_time\" content=\"2023-04-23T17:48:00+00:00\" \/>\n<meta property=\"og:image\" content=\"https:\/\/www.fcbarcelonanoticias.com\/en\/wp-content\/uploads\/sites\/2\/2023\/04\/pedri-gonzalez-en-la-pugna-por-un-balon-con-alvaro-morata.jpeg\" \/>\n\t<meta property=\"og:image:width\" content=\"1250\" \/>\n\t<meta property=\"og:image:height\" content=\"750\" \/>\n\t<meta property=\"og:image:type\" content=\"image\/jpeg\" \/>\n<meta name=\"author\" content=\"FC Barcelona Noticias\" \/>\n<meta name=\"twitter:card\" content=\"summary_large_image\" \/>\n<meta name=\"twitter:label1\" content=\"Written by\" \/>\n\t<meta name=\"twitter:data1\" content=\"FC Barcelona Noticias\" \/>\n\t<meta name=\"twitter:label2\" content=\"Est. reading time\" \/>\n\t<meta name=\"twitter:data2\" content=\"2 minutes\" \/>\n<script type=\"application\/ld+json\" class=\"yoast-schema-graph\">{\"@context\":\"https:\\\/\\\/schema.org\",\"@graph\":[{\"@type\":\"Article\",\"@id\":\"https:\\\/\\\/www.fcbarcelonanoticias.com\\\/en\\\/laliga\\\/pedri-volvio-por-fin-dejo-mini-masterclass-en-media-hora_291790_102.html#article\",\"isPartOf\":{\"@id\":\"https:\\\/\\\/www.fcbarcelonanoticias.com\\\/en\\\/laliga\\\/pedri-volvio-por-fin-dejo-mini-masterclass-en-media-hora_291790_102.html\"},\"author\":{\"name\":\"FC Barcelona Noticias\",\"@id\":\"https:\\\/\\\/www.fcbarcelonanoticias.com\\\/en\\\/#\\\/schema\\\/person\\\/0f2810101d27606974cdb8edb54fa54b\"},\"headline\":\"Pedri finally returned and left a mini &#8216;masterclass&#8217; in half an hour\",\"datePublished\":\"2023-04-23T17:48:00+00:00\",\"mainEntityOfPage\":{\"@id\":\"https:\\\/\\\/www.fcbarcelonanoticias.com\\\/en\\\/laliga\\\/pedri-volvio-por-fin-dejo-mini-masterclass-en-media-hora_291790_102.html\"},\"wordCount\":412,\"image\":{\"@id\":\"https:\\\/\\\/www.fcbarcelonanoticias.com\\\/en\\\/laliga\\\/pedri-volvio-por-fin-dejo-mini-masterclass-en-media-hora_291790_102.html#primaryimage\"},\"thumbnailUrl\":\"https:\\\/\\\/www.fcbarcelonanoticias.com\\\/en\\\/wp-content\\\/uploads\\\/sites\\\/2\\\/2023\\\/04\\\/pedri-gonzalez-en-la-pugna-por-un-balon-con-alvaro-morata.jpeg\",\"articleSection\":[\"LaLiga\",\"LaLiga\"],\"inLanguage\":\"en-US\"},{\"@type\":\"WebPage\",\"@id\":\"https:\\\/\\\/www.fcbarcelonanoticias.com\\\/en\\\/laliga\\\/pedri-volvio-por-fin-dejo-mini-masterclass-en-media-hora_291790_102.html\",\"url\":\"https:\\\/\\\/www.fcbarcelonanoticias.com\\\/en\\\/laliga\\\/pedri-volvio-por-fin-dejo-mini-masterclass-en-media-hora_291790_102.html\",\"name\":\"Pedri finally returned and left a mini 'masterclass' in half an hour\",\"isPartOf\":{\"@id\":\"https:\\\/\\\/www.fcbarcelonanoticias.com\\\/en\\\/#website\"},\"primaryImageOfPage\":{\"@id\":\"https:\\\/\\\/www.fcbarcelonanoticias.com\\\/en\\\/laliga\\\/pedri-volvio-por-fin-dejo-mini-masterclass-en-media-hora_291790_102.html#primaryimage\"},\"image\":{\"@id\":\"https:\\\/\\\/www.fcbarcelonanoticias.com\\\/en\\\/laliga\\\/pedri-volvio-por-fin-dejo-mini-masterclass-en-media-hora_291790_102.html#primaryimage\"},\"thumbnailUrl\":\"https:\\\/\\\/www.fcbarcelonanoticias.com\\\/en\\\/wp-content\\\/uploads\\\/sites\\\/2\\\/2023\\\/04\\\/pedri-gonzalez-en-la-pugna-por-un-balon-con-alvaro-morata.jpeg\",\"datePublished\":\"2023-04-23T17:48:00+00:00\",\"author\":{\"@id\":\"https:\\\/\\\/www.fcbarcelonanoticias.com\\\/en\\\/#\\\/schema\\\/person\\\/0f2810101d27606974cdb8edb54fa54b\"},\"description\":\"The victory of the FC Barcelona on the Athletic of Madrid was marked, between other things, by the return of Pedri Gonz\u00e1lez to the terrains of game. It played the last 30 minutes and aims to be, again, an indisputable in the XI of Xavi Hern\u00e1ndez\",\"breadcrumb\":{\"@id\":\"https:\\\/\\\/www.fcbarcelonanoticias.com\\\/en\\\/laliga\\\/pedri-volvio-por-fin-dejo-mini-masterclass-en-media-hora_291790_102.html#breadcrumb\"},\"inLanguage\":\"en-US\",\"potentialAction\":[{\"@type\":\"ReadAction\",\"target\":[\"https:\\\/\\\/www.fcbarcelonanoticias.com\\\/en\\\/laliga\\\/pedri-volvio-por-fin-dejo-mini-masterclass-en-media-hora_291790_102.html\"]}]},{\"@type\":\"ImageObject\",\"inLanguage\":\"en-US\",\"@id\":\"https:\\\/\\\/www.fcbarcelonanoticias.com\\\/en\\\/laliga\\\/pedri-volvio-por-fin-dejo-mini-masterclass-en-media-hora_291790_102.html#primaryimage\",\"url\":\"https:\\\/\\\/www.fcbarcelonanoticias.com\\\/en\\\/wp-content\\\/uploads\\\/sites\\\/2\\\/2023\\\/04\\\/pedri-gonzalez-en-la-pugna-por-un-balon-con-alvaro-morata.jpeg\",\"contentUrl\":\"https:\\\/\\\/www.fcbarcelonanoticias.com\\\/en\\\/wp-content\\\/uploads\\\/sites\\\/2\\\/2023\\\/04\\\/pedri-gonzalez-en-la-pugna-por-un-balon-con-alvaro-morata.jpeg\",\"width\":1250,\"height\":750},{\"@type\":\"BreadcrumbList\",\"@id\":\"https:\\\/\\\/www.fcbarcelonanoticias.com\\\/en\\\/laliga\\\/pedri-volvio-por-fin-dejo-mini-masterclass-en-media-hora_291790_102.html#breadcrumb\",\"itemListElement\":[{\"@type\":\"ListItem\",\"position\":1,\"name\":\"Portada\",\"item\":\"https:\\\/\\\/www.fcbarcelonanoticias.com\\\/en\\\/\"},{\"@type\":\"ListItem\",\"position\":2,\"name\":\"Pedri finally returned and left a mini &#8216;masterclass&#8217; in half an hour\"}]},{\"@type\":\"WebSite\",\"@id\":\"https:\\\/\\\/www.fcbarcelonanoticias.com\\\/en\\\/#website\",\"url\":\"https:\\\/\\\/www.fcbarcelonanoticias.com\\\/en\\\/\",\"name\":\"EN - FC Barcelona Noticias\",\"description\":\"\",\"potentialAction\":[{\"@type\":\"SearchAction\",\"target\":{\"@type\":\"EntryPoint\",\"urlTemplate\":\"https:\\\/\\\/www.fcbarcelonanoticias.com\\\/en\\\/?s={search_term_string}\"},\"query-input\":{\"@type\":\"PropertyValueSpecification\",\"valueRequired\":true,\"valueName\":\"search_term_string\"}}],\"inLanguage\":\"en-US\"},{\"@type\":\"Person\",\"@id\":\"https:\\\/\\\/www.fcbarcelonanoticias.com\\\/en\\\/#\\\/schema\\\/person\\\/0f2810101d27606974cdb8edb54fa54b\",\"name\":\"FC Barcelona Noticias\",\"image\":{\"@type\":\"ImageObject\",\"inLanguage\":\"en-US\",\"@id\":\"https:\\\/\\\/secure.gravatar.com\\\/avatar\\\/?s=96&d=mm&r=g\",\"url\":\"https:\\\/\\\/secure.gravatar.com\\\/avatar\\\/?s=96&d=mm&r=g\",\"contentUrl\":\"https:\\\/\\\/secure.gravatar.com\\\/avatar\\\/?s=96&d=mm&r=g\",\"caption\":\"FC Barcelona Noticias\"},\"url\":\"https:\\\/\\\/www.fcbarcelonanoticias.com\\\/en\\\/fc-barcelona\\\/fcbn-writing-fc-barcelona-news_6_115.html\"}]}<\/script>\n<!-- \/ Yoast SEO plugin. -->","yoast_head_json":{"title":"Pedri finally returned and left a mini 'masterclass' in half an hour","description":"The victory of the FC Barcelona on the Athletic of Madrid was marked, between other things, by the return of Pedri Gonz\u00e1lez to the terrains of game. It played the last 30 minutes and aims to be, again, an indisputable in the XI of Xavi Hern\u00e1ndez","robots":{"index":"index","follow":"follow","max-snippet":"max-snippet:-1","max-image-preview":"max-image-preview:large","max-video-preview":"max-video-preview:-1"},"canonical":"https:\/\/www.fcbarcelonanoticias.com\/en\/laliga\/pedri-volvio-por-fin-dejo-mini-masterclass-en-media-hora_291790_102.html","og_locale":"en_US","og_type":"article","og_title":"Pedri finally returned and left a mini 'masterclass' in half an hour","og_description":"The victory of the FC Barcelona on the Athletic of Madrid was marked, between other things, by the return of Pedri Gonz\u00e1lez to the terrains of game. It played the last 30 minutes and aims to be, again, an indisputable in the XI of Xavi Hern\u00e1ndez","og_url":"https:\/\/www.fcbarcelonanoticias.com\/en\/laliga\/pedri-volvio-por-fin-dejo-mini-masterclass-en-media-hora_291790_102.html","og_site_name":"EN - FC Barcelona Noticias","article_published_time":"2023-04-23T17:48:00+00:00","og_image":[{"width":1250,"height":750,"url":"https:\/\/www.fcbarcelonanoticias.com\/en\/wp-content\/uploads\/sites\/2\/2023\/04\/pedri-gonzalez-en-la-pugna-por-un-balon-con-alvaro-morata.jpeg","type":"image\/jpeg"}],"author":"FC Barcelona Noticias","twitter_card":"summary_large_image","twitter_misc":{"Written by":"FC Barcelona Noticias","Est. reading time":"2 minutes"},"schema":{"@context":"https:\/\/schema.org","@graph":[{"@type":"Article","@id":"https:\/\/www.fcbarcelonanoticias.com\/en\/laliga\/pedri-volvio-por-fin-dejo-mini-masterclass-en-media-hora_291790_102.html#article","isPartOf":{"@id":"https:\/\/www.fcbarcelonanoticias.com\/en\/laliga\/pedri-volvio-por-fin-dejo-mini-masterclass-en-media-hora_291790_102.html"},"author":{"name":"FC Barcelona Noticias","@id":"https:\/\/www.fcbarcelonanoticias.com\/en\/#\/schema\/person\/0f2810101d27606974cdb8edb54fa54b"},"headline":"Pedri finally returned and left a mini &#8216;masterclass&#8217; in half an hour","datePublished":"2023-04-23T17:48:00+00:00","mainEntityOfPage":{"@id":"https:\/\/www.fcbarcelonanoticias.com\/en\/laliga\/pedri-volvio-por-fin-dejo-mini-masterclass-en-media-hora_291790_102.html"},"wordCount":412,"image":{"@id":"https:\/\/www.fcbarcelonanoticias.com\/en\/laliga\/pedri-volvio-por-fin-dejo-mini-masterclass-en-media-hora_291790_102.html#primaryimage"},"thumbnailUrl":"https:\/\/www.fcbarcelonanoticias.com\/en\/wp-content\/uploads\/sites\/2\/2023\/04\/pedri-gonzalez-en-la-pugna-por-un-balon-con-alvaro-morata.jpeg","articleSection":["LaLiga","LaLiga"],"inLanguage":"en-US"},{"@type":"WebPage","@id":"https:\/\/www.fcbarcelonanoticias.com\/en\/laliga\/pedri-volvio-por-fin-dejo-mini-masterclass-en-media-hora_291790_102.html","url":"https:\/\/www.fcbarcelonanoticias.com\/en\/laliga\/pedri-volvio-por-fin-dejo-mini-masterclass-en-media-hora_291790_102.html","name":"Pedri finally returned and left a mini 'masterclass' in half an hour","isPartOf":{"@id":"https:\/\/www.fcbarcelonanoticias.com\/en\/#website"},"primaryImageOfPage":{"@id":"https:\/\/www.fcbarcelonanoticias.com\/en\/laliga\/pedri-volvio-por-fin-dejo-mini-masterclass-en-media-hora_291790_102.html#primaryimage"},"image":{"@id":"https:\/\/www.fcbarcelonanoticias.com\/en\/laliga\/pedri-volvio-por-fin-dejo-mini-masterclass-en-media-hora_291790_102.html#primaryimage"},"thumbnailUrl":"https:\/\/www.fcbarcelonanoticias.com\/en\/wp-content\/uploads\/sites\/2\/2023\/04\/pedri-gonzalez-en-la-pugna-por-un-balon-con-alvaro-morata.jpeg","datePublished":"2023-04-23T17:48:00+00:00","author":{"@id":"https:\/\/www.fcbarcelonanoticias.com\/en\/#\/schema\/person\/0f2810101d27606974cdb8edb54fa54b"},"description":"The victory of the FC Barcelona on the Athletic of Madrid was marked, between other things, by the return of Pedri Gonz\u00e1lez to the terrains of game. It played the last 30 minutes and aims to be, again, an indisputable in the XI of Xavi Hern\u00e1ndez","breadcrumb":{"@id":"https:\/\/www.fcbarcelonanoticias.com\/en\/laliga\/pedri-volvio-por-fin-dejo-mini-masterclass-en-media-hora_291790_102.html#breadcrumb"},"inLanguage":"en-US","potentialAction":[{"@type":"ReadAction","target":["https:\/\/www.fcbarcelonanoticias.com\/en\/laliga\/pedri-volvio-por-fin-dejo-mini-masterclass-en-media-hora_291790_102.html"]}]},{"@type":"ImageObject","inLanguage":"en-US","@id":"https:\/\/www.fcbarcelonanoticias.com\/en\/laliga\/pedri-volvio-por-fin-dejo-mini-masterclass-en-media-hora_291790_102.html#primaryimage","url":"https:\/\/www.fcbarcelonanoticias.com\/en\/wp-content\/uploads\/sites\/2\/2023\/04\/pedri-gonzalez-en-la-pugna-por-un-balon-con-alvaro-morata.jpeg","contentUrl":"https:\/\/www.fcbarcelonanoticias.com\/en\/wp-content\/uploads\/sites\/2\/2023\/04\/pedri-gonzalez-en-la-pugna-por-un-balon-con-alvaro-morata.jpeg","width":1250,"height":750},{"@type":"BreadcrumbList","@id":"https:\/\/www.fcbarcelonanoticias.com\/en\/laliga\/pedri-volvio-por-fin-dejo-mini-masterclass-en-media-hora_291790_102.html#breadcrumb","itemListElement":[{"@type":"ListItem","position":1,"name":"Portada","item":"https:\/\/www.fcbarcelonanoticias.com\/en\/"},{"@type":"ListItem","position":2,"name":"Pedri finally returned and left a mini &#8216;masterclass&#8217; in half an hour"}]},{"@type":"WebSite","@id":"https:\/\/www.fcbarcelonanoticias.com\/en\/#website","url":"https:\/\/www.fcbarcelonanoticias.com\/en\/","name":"EN - FC Barcelona Noticias","description":"","potentialAction":[{"@type":"SearchAction","target":{"@type":"EntryPoint","urlTemplate":"https:\/\/www.fcbarcelonanoticias.com\/en\/?s={search_term_string}"},"query-input":{"@type":"PropertyValueSpecification","valueRequired":true,"valueName":"search_term_string"}}],"inLanguage":"en-US"},{"@type":"Person","@id":"https:\/\/www.fcbarcelonanoticias.com\/en\/#\/schema\/person\/0f2810101d27606974cdb8edb54fa54b","name":"FC Barcelona Noticias","image":{"@type":"ImageObject","inLanguage":"en-US","@id":"https:\/\/secure.gravatar.com\/avatar\/?s=96&d=mm&r=g","url":"https:\/\/secure.gravatar.com\/avatar\/?s=96&d=mm&r=g","contentUrl":"https:\/\/secure.gravatar.com\/avatar\/?s=96&d=mm&r=g","caption":"FC Barcelona Noticias"},"url":"https:\/\/www.fcbarcelonanoticias.com\/en\/fc-barcelona\/fcbn-writing-fc-barcelona-news_6_115.html"}]}},"_links":{"self":[{"href":"https:\/\/www.fcbarcelonanoticias.com\/en\/wp-json\/wp\/v2\/posts\/119323","targetHints":{"allow":["GET"]}}],"collection":[{"href":"https:\/\/www.fcbarcelonanoticias.com\/en\/wp-json\/wp\/v2\/posts"}],"about":[{"href":"https:\/\/www.fcbarcelonanoticias.com\/en\/wp-json\/wp\/v2\/types\/post"}],"author":[{"embeddable":true,"href":"https:\/\/www.fcbarcelonanoticias.com\/en\/wp-json\/wp\/v2\/users\/353"}],"replies":[{"embeddable":true,"href":"https:\/\/www.fcbarcelonanoticias.com\/en\/wp-json\/wp\/v2\/comments?post=119323"}],"version-history":[{"count":1,"href":"https:\/\/www.fcbarcelonanoticias.com\/en\/wp-json\/wp\/v2\/posts\/119323\/revisions"}],"predecessor-version":[{"id":149873,"href":"https:\/\/www.fcbarcelonanoticias.com\/en\/wp-json\/wp\/v2\/posts\/119323\/revisions\/149873"}],"wp:featuredmedia":[{"embeddable":true,"href":"https:\/\/www.fcbarcelonanoticias.com\/en\/wp-json\/wp\/v2\/media\/119332"}],"wp:attachment":[{"href":"https:\/\/www.fcbarcelonanoticias.com\/en\/wp-json\/wp\/v2\/media?parent=119323"}],"wp:term":[{"taxonomy":"category","embeddable":true,"href":"https:\/\/www.fcbarcelonanoticias.com\/en\/wp-json\/wp\/v2\/categories?post=119323"},{"taxonomy":"post_tag","embeddable":true,"href":"https:\/\/www.fcbarcelonanoticias.com\/en\/wp-json\/wp\/v2\/tags?post=119323"}],"curies":[{"name":"wp","href":"https:\/\/api.w.org\/{rel}","templated":true}]}}