{"id":119383,"date":"2023-03-20T02:07:00","date_gmt":"2023-03-20T01:07:00","guid":{"rendered":"https:\/\/weisetech.dev\/fc-barcelona-noticias\/en\/pep-guardiola-aubameyang-guests-luxury-barcelona-in-classic_290692_102\/"},"modified":"2023-03-20T05:41:00","modified_gmt":"2023-03-20T04:41:00","slug":"pep-guardiola-aubameyang-guests-luxury-barcelona-in-classic_290692_102","status":"publish","type":"post","link":"https:\/\/www.fcbarcelonanoticias.com\/en\/laliga\/pep-guardiola-aubameyang-guests-luxury-barcelona-in-classic_290692_102.html","title":{"rendered":"Pep Guardiola and Aubameyang, Bar\u00e7a&#8217;s &#8216;luxury&#8217; guests in the Cl\u00e1sico"},"content":{"rendered":"<h2 class=\"wp-block-heading\">In the preview of the national team break, Pep Guardiola and Pierre-Emerick Aubameyang decided to travel to Barcelona to accompany the Bar\u00e7a team in the decisive Cl\u00e1sico of LaLiga Santander against Real Madrid (2-1)<\/h2>  \r\n<div class=\"article-addons\">\r\n    <a href=\"https:\/\/www.fcbarcelonanoticias.com\/en\/calendar-fc-barcelona.html\"\r\n       target=\"_self\"\r\n       title=\"Calendar of FC Barcelona\"\r\n       class=\"blue-gredient-btn\">\r\n       \r\n        Calendar of FC Barcelona    <\/a>\r\n<\/div>   <p><a data-external=\"0\" data-intl-links-en=\"https:\/\/www.fcbarcelonanoticias.com\/en\/laliga\/barcelona-sentence-laliga-in-discount-lazy-real-madrid-2-1_290682_102.html\" data-intl-links-es=\"https:\/\/www.fcbarcelonanoticias.com\/laliga\/barcelona-sentencia-laliga-en-descuento-flojo-real-madrid-2-1_290682_102.html\" href=\"https:\/\/www.fcbarcelonanoticias.com\/en\/laliga\/barcelona-sentence-laliga-in-discount-lazy-real-madrid-2-1_290682_102.html\" rel=\"follow\" target=\"_self\" title=\"El Bar\u00e7a 'sentencia' LaLiga en el descuento ante un flojo Real Madrid (2-1)\">The Classical between FC Barcelona and Real Madrid of this Sunday was very decisive<\/a> and resulted positive for the ones of Xavi Hern\u00e1ndez, those who &#8216;tieed up&#8217; the victory in the last minutes, to leave practically sentenced LaLiga in the day 26 and to fault of twelve parties for contesting (36 points). <strong>Thus, it did not result a surprise that the Spotify Camp Nou dressed of gala to support to his in a key night. <\/strong><\/p>  <p>The feudo barcelonista gathered to 95.745 Barcelona in the terracings, that turns into the record assistance of this season after surpassing the 92.605 assistants in the Bar\u00e7a-Almer\u00eda in which Gerard Hammered hanged the boots.<strong> The terracings were full, but also the loge where were varied the invited &#8216;surprises&#8217; <\/strong>to support to the team of Xavi.<\/p>  <blockquote class=\"twitter-tweet\"> <p dir=\"ltr\" lang=\"es\">\u203c\ufe0f Aubameyang Has visited to the team tonight! <a href=\"https:\/\/t.co\/en\/nceQg3p3bo\">pic.twitter.com\/nceqg3p3bo<\/a><\/p> \u2014 Folders Blaugranas (CB) (@carpetasFCB) <a href=\"https:\/\/twitter.com\/en\/carpetasFCB\/status\/1637595700664967177?ref_src=twsrc%5Etfw\">March 19, 2023<\/a> <\/blockquote> <h2>Guardiola And Aubameyang &#8216;hunted&#8217; in the Camp Nou<\/h2>  <p>Before it began the party, one of the images that more thrilled to the barcelonismo<strong> was the one of Pep Guardiola arriving to the loge, after being invited by the club.<\/strong> The one of Santpedor is the most important trainer of the history of the Bar\u00e7a (and, probably, of the one of the football in general) and took advantage of the free day, after the party of the Manchester City the Saturday against the Burnley, to travel to the City Condal and see the Classical.<\/p>  <p>Likewise, after the party Pierre-Emerick Aubameyang, forward of Chelsea and ex of the FC Barcelona, surprised with the apparition in a history of Ferran Torres <strong>in his official account of Instagram in the changing rooms of the Camp Nou, celebrating beside his excompa\u00f1eros. <\/strong>In the image, wrote &#8220;big&#8221;.<\/p>  <h2>Invited of renown in the Camp Nou<\/h2>  <p><strong>The loge of the stadium barcelonista was full of personalities further of Joan Laporta, president of the club, and members of his board.<\/strong> It was present Danny Coaster, widower of Johan Cruyff, Ada Colau, mayor of Barcelona, Javier God\u00f3, earl of God\u00f3, Eduardo Fern\u00e1ndez, Vice-president of the Real Madrid, Deco, ex player of the Bar\u00e7a and current agent of players like Raphinha, Jos\u00e9 Bono, ex-president of the Congress of Deputies, David Escud\u00e9, Councillor of Sports of the City council of Barcelona, and Josep Gonz\u00e1lez-Cambray, Adviser of Education, among others.<\/p> ","protected":false},"excerpt":{"rendered":"<p>In the preview of the national team break, Pep Guardiola and Pierre-Emerick Aubameyang decided to travel to Barcelona to accompany the Bar\u00e7a team in the decisive Cl\u00e1sico of LaLiga Santander against Real Madrid (2-1) The Classical between FC Barcelona and Real Madrid of this Sunday was very decisive and resulted positive for the ones of [&hellip;]<\/p>\n","protected":false},"author":353,"featured_media":119393,"comment_status":"closed","ping_status":"open","sticky":false,"template":"","format":"standard","meta":{"_acf_changed":false,"inline_featured_image":false,"_nextfly_llmd_date_locked":false,"footnotes":""},"categories":[114,448],"tags":[230,53,178],"class_list":["post-119383","post","type-post","status-publish","format-standard","has-post-thumbnail","hentry","category-laliga","category-laliga-2","tag-aubameyang","tag-el-clasico","tag-pep-guardiola"],"acf":[],"yoast_head":"<!-- This site is optimized with the Yoast SEO plugin v27.3 - https:\/\/yoast.com\/product\/yoast-seo-wordpress\/ -->\n<title>Pep Guardiola and Aubameyang, Bar\u00e7a&#039;s &#039;luxury&#039; guests in the Cl\u00e1sico<\/title>\n<meta name=\"description\" content=\"In the previous of the stop of selections, Pep Guardiola and Pierre-Emerick Aubameyang decided to travel to Barcelona to accompany to the Barcelona picture in the decisive Classical of LaLiga Santander against the Real Madrid (2-1)\" \/>\n<meta name=\"robots\" content=\"index, follow, max-snippet:-1, max-image-preview:large, max-video-preview:-1\" \/>\n<link rel=\"canonical\" href=\"https:\/\/www.fcbarcelonanoticias.com\/en\/laliga\/pep-guardiola-aubameyang-guests-luxury-barcelona-in-classic_290692_102.html\" \/>\n<meta property=\"og:locale\" content=\"en_US\" \/>\n<meta property=\"og:type\" content=\"article\" \/>\n<meta property=\"og:title\" content=\"Pep Guardiola and Aubameyang, Bar\u00e7a&#039;s &#039;luxury&#039; guests in the Cl\u00e1sico\" \/>\n<meta property=\"og:description\" content=\"In the previous of the stop of selections, Pep Guardiola and Pierre-Emerick Aubameyang decided to travel to Barcelona to accompany to the Barcelona picture in the decisive Classical of LaLiga Santander against the Real Madrid (2-1)\" \/>\n<meta property=\"og:url\" content=\"https:\/\/www.fcbarcelonanoticias.com\/en\/laliga\/pep-guardiola-aubameyang-guests-luxury-barcelona-in-classic_290692_102.html\" \/>\n<meta property=\"og:site_name\" content=\"EN - FC Barcelona Noticias\" \/>\n<meta property=\"article:published_time\" content=\"2023-03-20T01:07:00+00:00\" \/>\n<meta property=\"article:modified_time\" content=\"2023-03-20T04:41:00+00:00\" \/>\n<meta property=\"og:image\" content=\"https:\/\/www.fcbarcelonanoticias.com\/en\/wp-content\/uploads\/sites\/2\/2023\/03\/pep-guardiola-en-el-palco-del-spotify-camp-nou.jpeg\" \/>\n\t<meta property=\"og:image:width\" content=\"1200\" \/>\n\t<meta property=\"og:image:height\" content=\"675\" \/>\n\t<meta property=\"og:image:type\" content=\"image\/jpeg\" \/>\n<meta name=\"author\" content=\"FC Barcelona Noticias\" \/>\n<meta name=\"twitter:card\" content=\"summary_large_image\" \/>\n<meta name=\"twitter:label1\" content=\"Written by\" \/>\n\t<meta name=\"twitter:data1\" content=\"FC Barcelona Noticias\" \/>\n\t<meta name=\"twitter:label2\" content=\"Est. reading time\" \/>\n\t<meta name=\"twitter:data2\" content=\"2 minutes\" \/>\n<script type=\"application\/ld+json\" class=\"yoast-schema-graph\">{\"@context\":\"https:\\\/\\\/schema.org\",\"@graph\":[{\"@type\":\"Article\",\"@id\":\"https:\\\/\\\/www.fcbarcelonanoticias.com\\\/en\\\/laliga\\\/pep-guardiola-aubameyang-guests-luxury-barcelona-in-classic_290692_102.html#article\",\"isPartOf\":{\"@id\":\"https:\\\/\\\/www.fcbarcelonanoticias.com\\\/en\\\/laliga\\\/pep-guardiola-aubameyang-guests-luxury-barcelona-in-classic_290692_102.html\"},\"author\":{\"name\":\"FC Barcelona Noticias\",\"@id\":\"https:\\\/\\\/www.fcbarcelonanoticias.com\\\/en\\\/#\\\/schema\\\/person\\\/0f2810101d27606974cdb8edb54fa54b\"},\"headline\":\"Pep Guardiola and Aubameyang, Bar\u00e7a&#8217;s &#8216;luxury&#8217; guests in the Cl\u00e1sico\",\"datePublished\":\"2023-03-20T01:07:00+00:00\",\"dateModified\":\"2023-03-20T04:41:00+00:00\",\"mainEntityOfPage\":{\"@id\":\"https:\\\/\\\/www.fcbarcelonanoticias.com\\\/en\\\/laliga\\\/pep-guardiola-aubameyang-guests-luxury-barcelona-in-classic_290692_102.html\"},\"wordCount\":438,\"image\":{\"@id\":\"https:\\\/\\\/www.fcbarcelonanoticias.com\\\/en\\\/laliga\\\/pep-guardiola-aubameyang-guests-luxury-barcelona-in-classic_290692_102.html#primaryimage\"},\"thumbnailUrl\":\"https:\\\/\\\/www.fcbarcelonanoticias.com\\\/en\\\/wp-content\\\/uploads\\\/sites\\\/2\\\/2023\\\/03\\\/pep-guardiola-en-el-palco-del-spotify-camp-nou.jpeg\",\"keywords\":[\"Aubameyang\",\"El Cl\u00e1sico\",\"Pep Guardiola\"],\"articleSection\":[\"LaLiga\",\"LaLiga\"],\"inLanguage\":\"en-US\"},{\"@type\":\"WebPage\",\"@id\":\"https:\\\/\\\/www.fcbarcelonanoticias.com\\\/en\\\/laliga\\\/pep-guardiola-aubameyang-guests-luxury-barcelona-in-classic_290692_102.html\",\"url\":\"https:\\\/\\\/www.fcbarcelonanoticias.com\\\/en\\\/laliga\\\/pep-guardiola-aubameyang-guests-luxury-barcelona-in-classic_290692_102.html\",\"name\":\"Pep Guardiola and Aubameyang, Bar\u00e7a's 'luxury' guests in the Cl\u00e1sico\",\"isPartOf\":{\"@id\":\"https:\\\/\\\/www.fcbarcelonanoticias.com\\\/en\\\/#website\"},\"primaryImageOfPage\":{\"@id\":\"https:\\\/\\\/www.fcbarcelonanoticias.com\\\/en\\\/laliga\\\/pep-guardiola-aubameyang-guests-luxury-barcelona-in-classic_290692_102.html#primaryimage\"},\"image\":{\"@id\":\"https:\\\/\\\/www.fcbarcelonanoticias.com\\\/en\\\/laliga\\\/pep-guardiola-aubameyang-guests-luxury-barcelona-in-classic_290692_102.html#primaryimage\"},\"thumbnailUrl\":\"https:\\\/\\\/www.fcbarcelonanoticias.com\\\/en\\\/wp-content\\\/uploads\\\/sites\\\/2\\\/2023\\\/03\\\/pep-guardiola-en-el-palco-del-spotify-camp-nou.jpeg\",\"datePublished\":\"2023-03-20T01:07:00+00:00\",\"dateModified\":\"2023-03-20T04:41:00+00:00\",\"author\":{\"@id\":\"https:\\\/\\\/www.fcbarcelonanoticias.com\\\/en\\\/#\\\/schema\\\/person\\\/0f2810101d27606974cdb8edb54fa54b\"},\"description\":\"In the previous of the stop of selections, Pep Guardiola and Pierre-Emerick Aubameyang decided to travel to Barcelona to accompany to the Barcelona picture in the decisive Classical of LaLiga Santander against the Real Madrid (2-1)\",\"breadcrumb\":{\"@id\":\"https:\\\/\\\/www.fcbarcelonanoticias.com\\\/en\\\/laliga\\\/pep-guardiola-aubameyang-guests-luxury-barcelona-in-classic_290692_102.html#breadcrumb\"},\"inLanguage\":\"en-US\",\"potentialAction\":[{\"@type\":\"ReadAction\",\"target\":[\"https:\\\/\\\/www.fcbarcelonanoticias.com\\\/en\\\/laliga\\\/pep-guardiola-aubameyang-guests-luxury-barcelona-in-classic_290692_102.html\"]}]},{\"@type\":\"ImageObject\",\"inLanguage\":\"en-US\",\"@id\":\"https:\\\/\\\/www.fcbarcelonanoticias.com\\\/en\\\/laliga\\\/pep-guardiola-aubameyang-guests-luxury-barcelona-in-classic_290692_102.html#primaryimage\",\"url\":\"https:\\\/\\\/www.fcbarcelonanoticias.com\\\/en\\\/wp-content\\\/uploads\\\/sites\\\/2\\\/2023\\\/03\\\/pep-guardiola-en-el-palco-del-spotify-camp-nou.jpeg\",\"contentUrl\":\"https:\\\/\\\/www.fcbarcelonanoticias.com\\\/en\\\/wp-content\\\/uploads\\\/sites\\\/2\\\/2023\\\/03\\\/pep-guardiola-en-el-palco-del-spotify-camp-nou.jpeg\",\"width\":1200,\"height\":675},{\"@type\":\"BreadcrumbList\",\"@id\":\"https:\\\/\\\/www.fcbarcelonanoticias.com\\\/en\\\/laliga\\\/pep-guardiola-aubameyang-guests-luxury-barcelona-in-classic_290692_102.html#breadcrumb\",\"itemListElement\":[{\"@type\":\"ListItem\",\"position\":1,\"name\":\"Portada\",\"item\":\"https:\\\/\\\/www.fcbarcelonanoticias.com\\\/en\\\/\"},{\"@type\":\"ListItem\",\"position\":2,\"name\":\"Pep Guardiola and Aubameyang, Bar\u00e7a&#8217;s &#8216;luxury&#8217; guests in the Cl\u00e1sico\"}]},{\"@type\":\"WebSite\",\"@id\":\"https:\\\/\\\/www.fcbarcelonanoticias.com\\\/en\\\/#website\",\"url\":\"https:\\\/\\\/www.fcbarcelonanoticias.com\\\/en\\\/\",\"name\":\"EN - FC Barcelona Noticias\",\"description\":\"\",\"potentialAction\":[{\"@type\":\"SearchAction\",\"target\":{\"@type\":\"EntryPoint\",\"urlTemplate\":\"https:\\\/\\\/www.fcbarcelonanoticias.com\\\/en\\\/?s={search_term_string}\"},\"query-input\":{\"@type\":\"PropertyValueSpecification\",\"valueRequired\":true,\"valueName\":\"search_term_string\"}}],\"inLanguage\":\"en-US\"},{\"@type\":\"Person\",\"@id\":\"https:\\\/\\\/www.fcbarcelonanoticias.com\\\/en\\\/#\\\/schema\\\/person\\\/0f2810101d27606974cdb8edb54fa54b\",\"name\":\"FC Barcelona Noticias\",\"image\":{\"@type\":\"ImageObject\",\"inLanguage\":\"en-US\",\"@id\":\"https:\\\/\\\/secure.gravatar.com\\\/avatar\\\/?s=96&d=mm&r=g\",\"url\":\"https:\\\/\\\/secure.gravatar.com\\\/avatar\\\/?s=96&d=mm&r=g\",\"contentUrl\":\"https:\\\/\\\/secure.gravatar.com\\\/avatar\\\/?s=96&d=mm&r=g\",\"caption\":\"FC Barcelona Noticias\"},\"url\":\"https:\\\/\\\/www.fcbarcelonanoticias.com\\\/en\\\/fc-barcelona\\\/fcbn-writing-fc-barcelona-news_6_115.html\"}]}<\/script>\n<!-- \/ Yoast SEO plugin. -->","yoast_head_json":{"title":"Pep Guardiola and Aubameyang, Bar\u00e7a's 'luxury' guests in the Cl\u00e1sico","description":"In the previous of the stop of selections, Pep Guardiola and Pierre-Emerick Aubameyang decided to travel to Barcelona to accompany to the Barcelona picture in the decisive Classical of LaLiga Santander against the Real Madrid (2-1)","robots":{"index":"index","follow":"follow","max-snippet":"max-snippet:-1","max-image-preview":"max-image-preview:large","max-video-preview":"max-video-preview:-1"},"canonical":"https:\/\/www.fcbarcelonanoticias.com\/en\/laliga\/pep-guardiola-aubameyang-guests-luxury-barcelona-in-classic_290692_102.html","og_locale":"en_US","og_type":"article","og_title":"Pep Guardiola and Aubameyang, Bar\u00e7a's 'luxury' guests in the Cl\u00e1sico","og_description":"In the previous of the stop of selections, Pep Guardiola and Pierre-Emerick Aubameyang decided to travel to Barcelona to accompany to the Barcelona picture in the decisive Classical of LaLiga Santander against the Real Madrid (2-1)","og_url":"https:\/\/www.fcbarcelonanoticias.com\/en\/laliga\/pep-guardiola-aubameyang-guests-luxury-barcelona-in-classic_290692_102.html","og_site_name":"EN - FC Barcelona Noticias","article_published_time":"2023-03-20T01:07:00+00:00","article_modified_time":"2023-03-20T04:41:00+00:00","og_image":[{"width":1200,"height":675,"url":"https:\/\/www.fcbarcelonanoticias.com\/en\/wp-content\/uploads\/sites\/2\/2023\/03\/pep-guardiola-en-el-palco-del-spotify-camp-nou.jpeg","type":"image\/jpeg"}],"author":"FC Barcelona Noticias","twitter_card":"summary_large_image","twitter_misc":{"Written by":"FC Barcelona Noticias","Est. reading time":"2 minutes"},"schema":{"@context":"https:\/\/schema.org","@graph":[{"@type":"Article","@id":"https:\/\/www.fcbarcelonanoticias.com\/en\/laliga\/pep-guardiola-aubameyang-guests-luxury-barcelona-in-classic_290692_102.html#article","isPartOf":{"@id":"https:\/\/www.fcbarcelonanoticias.com\/en\/laliga\/pep-guardiola-aubameyang-guests-luxury-barcelona-in-classic_290692_102.html"},"author":{"name":"FC Barcelona Noticias","@id":"https:\/\/www.fcbarcelonanoticias.com\/en\/#\/schema\/person\/0f2810101d27606974cdb8edb54fa54b"},"headline":"Pep Guardiola and Aubameyang, Bar\u00e7a&#8217;s &#8216;luxury&#8217; guests in the Cl\u00e1sico","datePublished":"2023-03-20T01:07:00+00:00","dateModified":"2023-03-20T04:41:00+00:00","mainEntityOfPage":{"@id":"https:\/\/www.fcbarcelonanoticias.com\/en\/laliga\/pep-guardiola-aubameyang-guests-luxury-barcelona-in-classic_290692_102.html"},"wordCount":438,"image":{"@id":"https:\/\/www.fcbarcelonanoticias.com\/en\/laliga\/pep-guardiola-aubameyang-guests-luxury-barcelona-in-classic_290692_102.html#primaryimage"},"thumbnailUrl":"https:\/\/www.fcbarcelonanoticias.com\/en\/wp-content\/uploads\/sites\/2\/2023\/03\/pep-guardiola-en-el-palco-del-spotify-camp-nou.jpeg","keywords":["Aubameyang","El Cl\u00e1sico","Pep Guardiola"],"articleSection":["LaLiga","LaLiga"],"inLanguage":"en-US"},{"@type":"WebPage","@id":"https:\/\/www.fcbarcelonanoticias.com\/en\/laliga\/pep-guardiola-aubameyang-guests-luxury-barcelona-in-classic_290692_102.html","url":"https:\/\/www.fcbarcelonanoticias.com\/en\/laliga\/pep-guardiola-aubameyang-guests-luxury-barcelona-in-classic_290692_102.html","name":"Pep Guardiola and Aubameyang, Bar\u00e7a's 'luxury' guests in the Cl\u00e1sico","isPartOf":{"@id":"https:\/\/www.fcbarcelonanoticias.com\/en\/#website"},"primaryImageOfPage":{"@id":"https:\/\/www.fcbarcelonanoticias.com\/en\/laliga\/pep-guardiola-aubameyang-guests-luxury-barcelona-in-classic_290692_102.html#primaryimage"},"image":{"@id":"https:\/\/www.fcbarcelonanoticias.com\/en\/laliga\/pep-guardiola-aubameyang-guests-luxury-barcelona-in-classic_290692_102.html#primaryimage"},"thumbnailUrl":"https:\/\/www.fcbarcelonanoticias.com\/en\/wp-content\/uploads\/sites\/2\/2023\/03\/pep-guardiola-en-el-palco-del-spotify-camp-nou.jpeg","datePublished":"2023-03-20T01:07:00+00:00","dateModified":"2023-03-20T04:41:00+00:00","author":{"@id":"https:\/\/www.fcbarcelonanoticias.com\/en\/#\/schema\/person\/0f2810101d27606974cdb8edb54fa54b"},"description":"In the previous of the stop of selections, Pep Guardiola and Pierre-Emerick Aubameyang decided to travel to Barcelona to accompany to the Barcelona picture in the decisive Classical of LaLiga Santander against the Real Madrid (2-1)","breadcrumb":{"@id":"https:\/\/www.fcbarcelonanoticias.com\/en\/laliga\/pep-guardiola-aubameyang-guests-luxury-barcelona-in-classic_290692_102.html#breadcrumb"},"inLanguage":"en-US","potentialAction":[{"@type":"ReadAction","target":["https:\/\/www.fcbarcelonanoticias.com\/en\/laliga\/pep-guardiola-aubameyang-guests-luxury-barcelona-in-classic_290692_102.html"]}]},{"@type":"ImageObject","inLanguage":"en-US","@id":"https:\/\/www.fcbarcelonanoticias.com\/en\/laliga\/pep-guardiola-aubameyang-guests-luxury-barcelona-in-classic_290692_102.html#primaryimage","url":"https:\/\/www.fcbarcelonanoticias.com\/en\/wp-content\/uploads\/sites\/2\/2023\/03\/pep-guardiola-en-el-palco-del-spotify-camp-nou.jpeg","contentUrl":"https:\/\/www.fcbarcelonanoticias.com\/en\/wp-content\/uploads\/sites\/2\/2023\/03\/pep-guardiola-en-el-palco-del-spotify-camp-nou.jpeg","width":1200,"height":675},{"@type":"BreadcrumbList","@id":"https:\/\/www.fcbarcelonanoticias.com\/en\/laliga\/pep-guardiola-aubameyang-guests-luxury-barcelona-in-classic_290692_102.html#breadcrumb","itemListElement":[{"@type":"ListItem","position":1,"name":"Portada","item":"https:\/\/www.fcbarcelonanoticias.com\/en\/"},{"@type":"ListItem","position":2,"name":"Pep Guardiola and Aubameyang, Bar\u00e7a&#8217;s &#8216;luxury&#8217; guests in the Cl\u00e1sico"}]},{"@type":"WebSite","@id":"https:\/\/www.fcbarcelonanoticias.com\/en\/#website","url":"https:\/\/www.fcbarcelonanoticias.com\/en\/","name":"EN - FC Barcelona Noticias","description":"","potentialAction":[{"@type":"SearchAction","target":{"@type":"EntryPoint","urlTemplate":"https:\/\/www.fcbarcelonanoticias.com\/en\/?s={search_term_string}"},"query-input":{"@type":"PropertyValueSpecification","valueRequired":true,"valueName":"search_term_string"}}],"inLanguage":"en-US"},{"@type":"Person","@id":"https:\/\/www.fcbarcelonanoticias.com\/en\/#\/schema\/person\/0f2810101d27606974cdb8edb54fa54b","name":"FC Barcelona Noticias","image":{"@type":"ImageObject","inLanguage":"en-US","@id":"https:\/\/secure.gravatar.com\/avatar\/?s=96&d=mm&r=g","url":"https:\/\/secure.gravatar.com\/avatar\/?s=96&d=mm&r=g","contentUrl":"https:\/\/secure.gravatar.com\/avatar\/?s=96&d=mm&r=g","caption":"FC Barcelona Noticias"},"url":"https:\/\/www.fcbarcelonanoticias.com\/en\/fc-barcelona\/fcbn-writing-fc-barcelona-news_6_115.html"}]}},"_links":{"self":[{"href":"https:\/\/www.fcbarcelonanoticias.com\/en\/wp-json\/wp\/v2\/posts\/119383","targetHints":{"allow":["GET"]}}],"collection":[{"href":"https:\/\/www.fcbarcelonanoticias.com\/en\/wp-json\/wp\/v2\/posts"}],"about":[{"href":"https:\/\/www.fcbarcelonanoticias.com\/en\/wp-json\/wp\/v2\/types\/post"}],"author":[{"embeddable":true,"href":"https:\/\/www.fcbarcelonanoticias.com\/en\/wp-json\/wp\/v2\/users\/353"}],"replies":[{"embeddable":true,"href":"https:\/\/www.fcbarcelonanoticias.com\/en\/wp-json\/wp\/v2\/comments?post=119383"}],"version-history":[{"count":1,"href":"https:\/\/www.fcbarcelonanoticias.com\/en\/wp-json\/wp\/v2\/posts\/119383\/revisions"}],"predecessor-version":[{"id":149869,"href":"https:\/\/www.fcbarcelonanoticias.com\/en\/wp-json\/wp\/v2\/posts\/119383\/revisions\/149869"}],"wp:featuredmedia":[{"embeddable":true,"href":"https:\/\/www.fcbarcelonanoticias.com\/en\/wp-json\/wp\/v2\/media\/119393"}],"wp:attachment":[{"href":"https:\/\/www.fcbarcelonanoticias.com\/en\/wp-json\/wp\/v2\/media?parent=119383"}],"wp:term":[{"taxonomy":"category","embeddable":true,"href":"https:\/\/www.fcbarcelonanoticias.com\/en\/wp-json\/wp\/v2\/categories?post=119383"},{"taxonomy":"post_tag","embeddable":true,"href":"https:\/\/www.fcbarcelonanoticias.com\/en\/wp-json\/wp\/v2\/tags?post=119383"}],"curies":[{"name":"wp","href":"https:\/\/api.w.org\/{rel}","templated":true}]}}