{"id":11978,"date":"2025-10-04T01:27:00","date_gmt":"2025-10-03T23:27:00","guid":{"rendered":"https:\/\/weisetech.dev\/fc-barcelona-noticias\/en\/accuses-the-rfef-of-lying-and-provoking-barca-with-lamine-yamal_314930_102\/"},"modified":"2025-10-04T01:27:00","modified_gmt":"2025-10-03T23:27:00","slug":"accuses-the-rfef-of-lying-and-provoking-barca-with-lamine-yamal_314930_102","status":"publish","type":"post","link":"https:\/\/www.fcbarcelonanoticias.com\/en\/fc-barcelona\/accuses-the-rfef-of-lying-and-provoking-barca-with-lamine-yamal_314930_102.html","title":{"rendered":"Lamine Yamal: AS deputy director accuses the RFEF of lying and provoking Bar\u00e7a"},"content":{"rendered":"<h2 class=\"wp-block-heading\">Joaqu\u00edn Maroto, deputy director of As, lashes out on Esport3 against national team coach Luis de la Fuente and the Federation, whom he accuses of forcing Lamine Yamal to be present despite his physical discomfort.<\/h2>  \r\n<div class=\"article-addons\">\r\n    <a href=\"https:\/\/www.fcbarcelonanoticias.com\/en\/calendar-fc-barcelona.html\"\r\n       target=\"_self\"\r\n       title=\"Calendar of FC Barcelona\"\r\n       class=\"blue-gredient-btn\">\r\n       \r\n        Calendar of FC Barcelona    <\/a>\r\n<\/div>   <p><strong>Lamine Yamal<\/strong>&nbsp;is once again at the epicenter of the controversy between <strong>FC Barcelona<\/strong>&nbsp;and the Royal Spanish Football Federation (RFEF). In an interview on Esport3, journalist Joaqu\u00edn Maroto, deputy director of the As&nbsp;newspaper, accused the Federation and coach Luis de la Fuente&nbsp;of using the call-up of the young Bar\u00e7a forward to provoke the Blaugrana club.<\/p>  <p>Before the <strong><a data-external=\"0\" data-intl-links-en=\"https:\/\/www.fcbarcelonanoticias.com\/en\/fc-barcelona\/fc-barcelona-confirms-lamine-yamal-injury-out-2-3-weeks_314925_102.html\" data-intl-links-es=\"https:\/\/www.fcbarcelonanoticias.com\/fc-barcelona\/lamine-yamal-lesion-baja-fc-barcelona-2025_314925_102.html\" href=\"https:\/\/www.fcbarcelonanoticias.com\/en\/fc-barcelona\/fc-barcelona-confirms-lamine-yamal-injury-out-2-3-weeks_314925_102.html\" rel=\"follow\" target=\"_self\" title=\"Lamine Yamal KO: FC Barcelona confirms a relapse of his injury\">relapse of Lamine<\/a><\/strong>&#8216;s groin discomfort, which will leave him off the <strong>Spain list<\/strong>, the press conference of the Riojan coach was already marked by tension.<\/p>  <p>Maroto questioned the medical decision in September, when Voltaren was injected into the player&#8217;s gluteus to force his participation, a fact that also affected <strong>Nico Williams<\/strong>, who was also injured after that FIFA date.<\/p>  <h2>Tense climate between Bar\u00e7a and the National Team<\/h2>  <p>The accusation of &#8220;playing with risk&#8221; with key players such as <strong>Lamine Yamal and Nico Williams<\/strong> provoked the <strong><a data-external=\"0\" data-intl-links-en=\"https:\/\/www.fcbarcelonanoticias.com\/en\/football\/fuente-denies-conflict-with-flick-and-defends-management-of-lamine_314920_102.html\" data-intl-links-es=\"https:\/\/www.fcbarcelonanoticias.com\/futbol\/de-la-fuente-niega-conflicto-flick-defiende-lamine-yamal_314920_102.html\" href=\"https:\/\/www.fcbarcelonanoticias.com\/en\/football\/fuente-denies-conflict-with-flick-and-defends-management-of-lamine_314920_102.html\" rel=\"follow\" target=\"_self\" title=\"Luis de la Fuente `niega' conflicto con Flick y defiende su gesti\u00f3n con Lamine Yamal\">irritation of De la Fuente<\/a><\/strong>, who merely responded that &#8220;the risk is always there.&#8221; However, for Maroto, the <strong>RFEF<\/strong> acted with arrogance and irresponsibility, ignoring the medical warnings from both Bar\u00e7a and Athletic Club. In his statements to <em>Esport3<\/em>, the journalist was forceful:<\/p>  <blockquote> <p>&#8220;The Federation lied blatantly. There was a medical report of the puncture and a document from Athletic asking to dose Nico Williams. The RFEF ignored those warnings.&#8221;<\/p> <\/blockquote>  <p>The deputy director of the newspaper AS also expressed his disappointment with <strong>Aitor Karanka<\/strong>, current technical director of the National Team. As he explained, Karanka refused to answer his messages, claiming that he only attends to sports directors, despite the fact that Maroto also holds that title. &#8220;In the Federation they believe they can deceive journalists,&#8221; he lamented.<\/p>  <h2>&#8220;They called up Lamine to provoke Bar\u00e7a&#8221;<\/h2>  <p>The toughest point of the intervention came when Maroto assured that the presence of <strong><a data-external=\"0\" data-intl-links-en=\"https:\/\/www.fcbarcelonanoticias.com\/en\/football\/lamine-yamal-called-up-by-spain-for-the-october-matches_314919_102.html\" data-intl-links-es=\"https:\/\/www.fcbarcelonanoticias.com\/futbol\/espana-convocatoria-lamine-yamal-georgia-bulgaria_314919_102.html\" href=\"https:\/\/www.fcbarcelonanoticias.com\/en\/football\/lamine-yamal-called-up-by-spain-for-the-october-matches_314919_102.html\" rel=\"follow\" target=\"_self\" title=\"La Selecci\u00f3n Espa\u00f1ola convoca a Lamine Yamal para los duelos ante Georgia y Bulgaria\">Lamine Yamal in the list of called-up players<\/a><\/strong> was not due to sporting criteria, but to a strategy to bother the Bar\u00e7a club:<\/p>  <div data-oembed-url=\"https:\/\/x.com\/OnzeTv3\/status\/1974225272112140696\"> <blockquote class=\"twitter-tweet\"> <p dir=\"ltr\" lang=\"ca\">\ud83d\udd25 Tensa roda de premsa de Luis de la Fuente<br><br> \ud83d\udca5 <a href=\"https:\/\/twitter.com\/en\/as_maroto?ref_src=twsrc%5Etfw\">@as_maroto<\/a>:&#8221;La selecci\u00f3 ja s&#8217;ha carregat a Gavi, ha fotut a Pedri una temporada i mitja i ara ve a tocar els nassos amb Lamine&#8230;&#8221;<a href=\"https:\/\/twitter.com\/en\/hashtag\/OnzeE3?src=hash&amp;ref_src=twsrc%5Etfw\">#OnzeE3<\/a><br><br> \u25b6\ufe0f <a href=\"https:\/\/t.co\/en\/KZputUJy2H\">https:\/\/t.co\/KZputUJy2H<\/a> <a href=\"https:\/\/t.co\/en\/Ma3yJQxeYV\">pic.twitter.com\/Ma3yJQxeYV<\/a><\/p> \u2014 Onze (@OnzeTv3) <a href=\"https:\/\/twitter.com\/en\/OnzeTv3\/status\/1974225272112140696?ref_src=twsrc%5Etfw\">October 3, 2025<\/a> <\/blockquote>  <\/div>  <p>For Maroto, recent cases such as the long-term injuries of <strong>Gavi<\/strong> or the problems of <strong>Pedri<\/strong> should have served as a warning to take extreme care. &#8220;Lamine is the best player of the moment and does not deserve to go through this ordeal,&#8221; he said.<\/p>  <h2>Bar\u00e7a-National Team: A growing tension<\/h2>  <p>The words of <strong><em>Joaqu\u00edn Maroto<\/em><\/strong> have added more fuel to an already burning fire between <strong>Bar\u00e7a<\/strong> and the <strong>RFEF<\/strong>. In recent weeks, the management of the cul\u00e9 players in the National Team has been a source of conflict, with <strong>Lamine Yamal<\/strong> at the center of the debate. The young star has been suffering from pubalgia that has kept him <strong><a data-external=\"0\" data-intl-links-en=\"https:\/\/www.fcbarcelonanoticias.com\/en\/fc-barcelona\/barca-lamine-yamal-injured-and-doubtful-for-clasico_314927_102.html\" data-intl-links-es=\"https:\/\/www.fcbarcelonanoticias.com\/fc-barcelona\/lamine-yamal-lesionado-duda-clasico-real-madrid_314927_102.html\" href=\"https:\/\/www.fcbarcelonanoticias.com\/en\/fc-barcelona\/barca-lamine-yamal-injured-and-doubtful-for-clasico_314927_102.html\" rel=\"follow\" target=\"_self\" title=\"\u00a1Lamine Yamal, lesionado! \u00bfLlegar\u00e1 a tiempo para el cl\u00e1sico contra el Real Madrid?\">out of several matches<\/a><\/strong> in LaLiga and the Champions League.<\/p>  <p>Meanwhile, within the Bar\u00e7a club, there is insistence that the priority is to recover the player progressively, avoiding relapses that compromise his future. The controversy opens a <strong>new chapter in the complicated relationship between Bar\u00e7a and the National Team<\/strong>, especially regarding the management of young stars.<\/p>  <h2>Bar\u00e7a Responds Firmly<\/h2>  <p>From the Catalan entity, the slogan has been clear: protect the footballer. <strong><a data-external=\"0\" data-intl-links-en=\"https:\/\/www.fcbarcelonanoticias.com\/en\/fc-barcelona\/fc-barcelona-confirms-lamine-yamal-injury-out-2-3-weeks_314925_102.html\" data-intl-links-es=\"https:\/\/www.fcbarcelonanoticias.com\/fc-barcelona\/lamine-yamal-lesion-baja-fc-barcelona-2025_314925_102.html\" href=\"https:\/\/www.fcbarcelonanoticias.com\/en\/fc-barcelona\/fc-barcelona-confirms-lamine-yamal-injury-out-2-3-weeks_314925_102.html\" rel=\"follow\" target=\"_self\" title=\"Lamine Yamal KO: el FC Barcelona confirma una reca\u00edda de su lesi\u00f3n\">Lamine&#8217;s absence against Sevilla<\/a><\/strong> and the expected recovery of two to three weeks reinforce the position of <strong>Bar\u00e7a<\/strong>, which considers it unacceptable to expose the player to unnecessary risks at a key moment in the season.<\/p>  <p>In this context, Maroto&#8217;s accusations only serve to highlight the <strong>lack of harmony between the club and the RFEF<\/strong>, a fracture that threatens to widen further if a joint protection plan is not established for the emerging stars of Spanish football.<\/p>  <p>\u27a1\ufe0f Stay up to date with the latest news on <strong><a data-external=\"0\" data-intl-links-en=\"https:\/\/www.fcbarcelonanoticias.com\/en\/tags\/lamine-yamal\" data-intl-links-es=\"https:\/\/www.fcbarcelonanoticias.com\/tags\/lamine-yamal\" href=\"https:\/\/www.fcbarcelonanoticias.com\/en\/player\/lamine-yamal.html\" rel=\"follow\" target=\"_self\" title=\"Lamine Yamal\">Lamine Yamal<\/a><\/strong>, the <strong>National Team<\/strong> and <strong>Bar\u00e7a<\/strong> on FC Barcelona Noticias.<\/p> ","protected":false},"excerpt":{"rendered":"<p>Joaqu\u00edn Maroto, deputy director of As, lashes out on Esport3 against national team coach Luis de la Fuente and the Federation, whom he accuses of forcing Lamine Yamal to be present despite his physical discomfort. Lamine Yamal&nbsp;is once again at the epicenter of the controversy between FC Barcelona&nbsp;and the Royal Spanish Football Federation (RFEF). In [&hellip;]<\/p>\n","protected":false},"author":353,"featured_media":11980,"comment_status":"closed","ping_status":"open","sticky":false,"template":"","format":"standard","meta":{"_acf_changed":false,"inline_featured_image":false,"_nextfly_llmd_date_locked":false,"footnotes":""},"categories":[111],"tags":[136,147,465,91,175],"class_list":["post-11978","post","type-post","status-publish","format-standard","has-post-thumbnail","hentry","category-fc-barcelona","tag-injured","tag-lamine-yamal","tag-lamine-yamal-2","tag-national-teams","tag-viral"],"acf":[],"yoast_head":"<!-- This site is optimized with the Yoast SEO plugin v27.3 - https:\/\/yoast.com\/product\/yoast-seo-wordpress\/ -->\n<title>Accuses the RFEF of lying and provoking Bar\u00e7a with Lamine Yamal<\/title>\n<meta name=\"description\" content=\"Journalist Joaqu\u00edn Maroto denounces that the RFEF manipulated medical reports and called up Lamine Yamal to provoke Bar\u00e7a. Discover the details here.\" \/>\n<meta name=\"robots\" content=\"index, follow, max-snippet:-1, max-image-preview:large, max-video-preview:-1\" \/>\n<link rel=\"canonical\" href=\"https:\/\/www.fcbarcelonanoticias.com\/en\/fc-barcelona\/accuses-the-rfef-of-lying-and-provoking-barca-with-lamine-yamal_314930_102.html\" \/>\n<meta property=\"og:locale\" content=\"en_US\" \/>\n<meta property=\"og:type\" content=\"article\" \/>\n<meta property=\"og:title\" content=\"Accuses the RFEF of lying and provoking Bar\u00e7a with Lamine Yamal\" \/>\n<meta property=\"og:description\" content=\"Journalist Joaqu\u00edn Maroto denounces that the RFEF manipulated medical reports and called up Lamine Yamal to provoke Bar\u00e7a. Discover the details here.\" \/>\n<meta property=\"og:url\" content=\"https:\/\/www.fcbarcelonanoticias.com\/en\/fc-barcelona\/accuses-the-rfef-of-lying-and-provoking-barca-with-lamine-yamal_314930_102.html\" \/>\n<meta property=\"og:site_name\" content=\"EN - FC Barcelona Noticias\" \/>\n<meta property=\"article:published_time\" content=\"2025-10-03T23:27:00+00:00\" \/>\n<meta property=\"og:image\" content=\"https:\/\/www.fcbarcelonanoticias.com\/en\/wp-content\/uploads\/sites\/2\/2025\/10\/el-director-adjunto-del-as-asegura-que-habi-an-convocado-a-lamine-para-provocar-al-barc-a.webp\" \/>\n\t<meta property=\"og:image:width\" content=\"1200\" \/>\n\t<meta property=\"og:image:height\" content=\"675\" \/>\n\t<meta property=\"og:image:type\" content=\"image\/webp\" \/>\n<meta name=\"author\" content=\"FC Barcelona Noticias\" \/>\n<meta name=\"twitter:card\" content=\"summary_large_image\" \/>\n<meta name=\"twitter:label1\" content=\"Written by\" \/>\n\t<meta name=\"twitter:data1\" content=\"FC Barcelona Noticias\" \/>\n\t<meta name=\"twitter:label2\" content=\"Est. reading time\" \/>\n\t<meta name=\"twitter:data2\" content=\"3 minutes\" \/>\n<script type=\"application\/ld+json\" class=\"yoast-schema-graph\">{\"@context\":\"https:\\\/\\\/schema.org\",\"@graph\":[{\"@type\":\"Article\",\"@id\":\"https:\\\/\\\/www.fcbarcelonanoticias.com\\\/en\\\/fc-barcelona\\\/accuses-the-rfef-of-lying-and-provoking-barca-with-lamine-yamal_314930_102.html#article\",\"isPartOf\":{\"@id\":\"https:\\\/\\\/www.fcbarcelonanoticias.com\\\/en\\\/fc-barcelona\\\/accuses-the-rfef-of-lying-and-provoking-barca-with-lamine-yamal_314930_102.html\"},\"author\":{\"name\":\"FC Barcelona Noticias\",\"@id\":\"https:\\\/\\\/www.fcbarcelonanoticias.com\\\/en\\\/#\\\/schema\\\/person\\\/0f2810101d27606974cdb8edb54fa54b\"},\"headline\":\"Lamine Yamal: AS deputy director accuses the RFEF of lying and provoking Bar\u00e7a\",\"datePublished\":\"2025-10-03T23:27:00+00:00\",\"mainEntityOfPage\":{\"@id\":\"https:\\\/\\\/www.fcbarcelonanoticias.com\\\/en\\\/fc-barcelona\\\/accuses-the-rfef-of-lying-and-provoking-barca-with-lamine-yamal_314930_102.html\"},\"wordCount\":716,\"image\":{\"@id\":\"https:\\\/\\\/www.fcbarcelonanoticias.com\\\/en\\\/fc-barcelona\\\/accuses-the-rfef-of-lying-and-provoking-barca-with-lamine-yamal_314930_102.html#primaryimage\"},\"thumbnailUrl\":\"https:\\\/\\\/www.fcbarcelonanoticias.com\\\/en\\\/wp-content\\\/uploads\\\/sites\\\/2\\\/2025\\\/10\\\/el-director-adjunto-del-as-asegura-que-habi-an-convocado-a-lamine-para-provocar-al-barc-a.webp\",\"keywords\":[\"injured\",\"Lamine Yamal\",\"Lamine Yamal\",\"National Teams\",\"Viral\"],\"articleSection\":[\"FC Barcelona\"],\"inLanguage\":\"en-US\"},{\"@type\":\"WebPage\",\"@id\":\"https:\\\/\\\/www.fcbarcelonanoticias.com\\\/en\\\/fc-barcelona\\\/accuses-the-rfef-of-lying-and-provoking-barca-with-lamine-yamal_314930_102.html\",\"url\":\"https:\\\/\\\/www.fcbarcelonanoticias.com\\\/en\\\/fc-barcelona\\\/accuses-the-rfef-of-lying-and-provoking-barca-with-lamine-yamal_314930_102.html\",\"name\":\"Accuses the RFEF of lying and provoking Bar\u00e7a with Lamine Yamal\",\"isPartOf\":{\"@id\":\"https:\\\/\\\/www.fcbarcelonanoticias.com\\\/en\\\/#website\"},\"primaryImageOfPage\":{\"@id\":\"https:\\\/\\\/www.fcbarcelonanoticias.com\\\/en\\\/fc-barcelona\\\/accuses-the-rfef-of-lying-and-provoking-barca-with-lamine-yamal_314930_102.html#primaryimage\"},\"image\":{\"@id\":\"https:\\\/\\\/www.fcbarcelonanoticias.com\\\/en\\\/fc-barcelona\\\/accuses-the-rfef-of-lying-and-provoking-barca-with-lamine-yamal_314930_102.html#primaryimage\"},\"thumbnailUrl\":\"https:\\\/\\\/www.fcbarcelonanoticias.com\\\/en\\\/wp-content\\\/uploads\\\/sites\\\/2\\\/2025\\\/10\\\/el-director-adjunto-del-as-asegura-que-habi-an-convocado-a-lamine-para-provocar-al-barc-a.webp\",\"datePublished\":\"2025-10-03T23:27:00+00:00\",\"author\":{\"@id\":\"https:\\\/\\\/www.fcbarcelonanoticias.com\\\/en\\\/#\\\/schema\\\/person\\\/0f2810101d27606974cdb8edb54fa54b\"},\"description\":\"Journalist Joaqu\u00edn Maroto denounces that the RFEF manipulated medical reports and called up Lamine Yamal to provoke Bar\u00e7a. Discover the details here.\",\"breadcrumb\":{\"@id\":\"https:\\\/\\\/www.fcbarcelonanoticias.com\\\/en\\\/fc-barcelona\\\/accuses-the-rfef-of-lying-and-provoking-barca-with-lamine-yamal_314930_102.html#breadcrumb\"},\"inLanguage\":\"en-US\",\"potentialAction\":[{\"@type\":\"ReadAction\",\"target\":[\"https:\\\/\\\/www.fcbarcelonanoticias.com\\\/en\\\/fc-barcelona\\\/accuses-the-rfef-of-lying-and-provoking-barca-with-lamine-yamal_314930_102.html\"]}]},{\"@type\":\"ImageObject\",\"inLanguage\":\"en-US\",\"@id\":\"https:\\\/\\\/www.fcbarcelonanoticias.com\\\/en\\\/fc-barcelona\\\/accuses-the-rfef-of-lying-and-provoking-barca-with-lamine-yamal_314930_102.html#primaryimage\",\"url\":\"https:\\\/\\\/www.fcbarcelonanoticias.com\\\/en\\\/wp-content\\\/uploads\\\/sites\\\/2\\\/2025\\\/10\\\/el-director-adjunto-del-as-asegura-que-habi-an-convocado-a-lamine-para-provocar-al-barc-a.webp\",\"contentUrl\":\"https:\\\/\\\/www.fcbarcelonanoticias.com\\\/en\\\/wp-content\\\/uploads\\\/sites\\\/2\\\/2025\\\/10\\\/el-director-adjunto-del-as-asegura-que-habi-an-convocado-a-lamine-para-provocar-al-barc-a.webp\",\"width\":1200,\"height\":675},{\"@type\":\"BreadcrumbList\",\"@id\":\"https:\\\/\\\/www.fcbarcelonanoticias.com\\\/en\\\/fc-barcelona\\\/accuses-the-rfef-of-lying-and-provoking-barca-with-lamine-yamal_314930_102.html#breadcrumb\",\"itemListElement\":[{\"@type\":\"ListItem\",\"position\":1,\"name\":\"Portada\",\"item\":\"https:\\\/\\\/www.fcbarcelonanoticias.com\\\/en\\\/\"},{\"@type\":\"ListItem\",\"position\":2,\"name\":\"Lamine Yamal: AS deputy director accuses the RFEF of lying and provoking Bar\u00e7a\"}]},{\"@type\":\"WebSite\",\"@id\":\"https:\\\/\\\/www.fcbarcelonanoticias.com\\\/en\\\/#website\",\"url\":\"https:\\\/\\\/www.fcbarcelonanoticias.com\\\/en\\\/\",\"name\":\"EN - FC Barcelona Noticias\",\"description\":\"\",\"potentialAction\":[{\"@type\":\"SearchAction\",\"target\":{\"@type\":\"EntryPoint\",\"urlTemplate\":\"https:\\\/\\\/www.fcbarcelonanoticias.com\\\/en\\\/?s={search_term_string}\"},\"query-input\":{\"@type\":\"PropertyValueSpecification\",\"valueRequired\":true,\"valueName\":\"search_term_string\"}}],\"inLanguage\":\"en-US\"},{\"@type\":\"Person\",\"@id\":\"https:\\\/\\\/www.fcbarcelonanoticias.com\\\/en\\\/#\\\/schema\\\/person\\\/0f2810101d27606974cdb8edb54fa54b\",\"name\":\"FC Barcelona Noticias\",\"image\":{\"@type\":\"ImageObject\",\"inLanguage\":\"en-US\",\"@id\":\"https:\\\/\\\/secure.gravatar.com\\\/avatar\\\/?s=96&d=mm&r=g\",\"url\":\"https:\\\/\\\/secure.gravatar.com\\\/avatar\\\/?s=96&d=mm&r=g\",\"contentUrl\":\"https:\\\/\\\/secure.gravatar.com\\\/avatar\\\/?s=96&d=mm&r=g\",\"caption\":\"FC Barcelona Noticias\"},\"url\":\"https:\\\/\\\/www.fcbarcelonanoticias.com\\\/en\\\/fc-barcelona\\\/fcbn-writing-fc-barcelona-news_6_115.html\"}]}<\/script>\n<!-- \/ Yoast SEO plugin. -->","yoast_head_json":{"title":"Accuses the RFEF of lying and provoking Bar\u00e7a with Lamine Yamal","description":"Journalist Joaqu\u00edn Maroto denounces that the RFEF manipulated medical reports and called up Lamine Yamal to provoke Bar\u00e7a. Discover the details here.","robots":{"index":"index","follow":"follow","max-snippet":"max-snippet:-1","max-image-preview":"max-image-preview:large","max-video-preview":"max-video-preview:-1"},"canonical":"https:\/\/www.fcbarcelonanoticias.com\/en\/fc-barcelona\/accuses-the-rfef-of-lying-and-provoking-barca-with-lamine-yamal_314930_102.html","og_locale":"en_US","og_type":"article","og_title":"Accuses the RFEF of lying and provoking Bar\u00e7a with Lamine Yamal","og_description":"Journalist Joaqu\u00edn Maroto denounces that the RFEF manipulated medical reports and called up Lamine Yamal to provoke Bar\u00e7a. Discover the details here.","og_url":"https:\/\/www.fcbarcelonanoticias.com\/en\/fc-barcelona\/accuses-the-rfef-of-lying-and-provoking-barca-with-lamine-yamal_314930_102.html","og_site_name":"EN - FC Barcelona Noticias","article_published_time":"2025-10-03T23:27:00+00:00","og_image":[{"width":1200,"height":675,"url":"https:\/\/www.fcbarcelonanoticias.com\/en\/wp-content\/uploads\/sites\/2\/2025\/10\/el-director-adjunto-del-as-asegura-que-habi-an-convocado-a-lamine-para-provocar-al-barc-a.webp","type":"image\/webp"}],"author":"FC Barcelona Noticias","twitter_card":"summary_large_image","twitter_misc":{"Written by":"FC Barcelona Noticias","Est. reading time":"3 minutes"},"schema":{"@context":"https:\/\/schema.org","@graph":[{"@type":"Article","@id":"https:\/\/www.fcbarcelonanoticias.com\/en\/fc-barcelona\/accuses-the-rfef-of-lying-and-provoking-barca-with-lamine-yamal_314930_102.html#article","isPartOf":{"@id":"https:\/\/www.fcbarcelonanoticias.com\/en\/fc-barcelona\/accuses-the-rfef-of-lying-and-provoking-barca-with-lamine-yamal_314930_102.html"},"author":{"name":"FC Barcelona Noticias","@id":"https:\/\/www.fcbarcelonanoticias.com\/en\/#\/schema\/person\/0f2810101d27606974cdb8edb54fa54b"},"headline":"Lamine Yamal: AS deputy director accuses the RFEF of lying and provoking Bar\u00e7a","datePublished":"2025-10-03T23:27:00+00:00","mainEntityOfPage":{"@id":"https:\/\/www.fcbarcelonanoticias.com\/en\/fc-barcelona\/accuses-the-rfef-of-lying-and-provoking-barca-with-lamine-yamal_314930_102.html"},"wordCount":716,"image":{"@id":"https:\/\/www.fcbarcelonanoticias.com\/en\/fc-barcelona\/accuses-the-rfef-of-lying-and-provoking-barca-with-lamine-yamal_314930_102.html#primaryimage"},"thumbnailUrl":"https:\/\/www.fcbarcelonanoticias.com\/en\/wp-content\/uploads\/sites\/2\/2025\/10\/el-director-adjunto-del-as-asegura-que-habi-an-convocado-a-lamine-para-provocar-al-barc-a.webp","keywords":["injured","Lamine Yamal","Lamine Yamal","National Teams","Viral"],"articleSection":["FC Barcelona"],"inLanguage":"en-US"},{"@type":"WebPage","@id":"https:\/\/www.fcbarcelonanoticias.com\/en\/fc-barcelona\/accuses-the-rfef-of-lying-and-provoking-barca-with-lamine-yamal_314930_102.html","url":"https:\/\/www.fcbarcelonanoticias.com\/en\/fc-barcelona\/accuses-the-rfef-of-lying-and-provoking-barca-with-lamine-yamal_314930_102.html","name":"Accuses the RFEF of lying and provoking Bar\u00e7a with Lamine Yamal","isPartOf":{"@id":"https:\/\/www.fcbarcelonanoticias.com\/en\/#website"},"primaryImageOfPage":{"@id":"https:\/\/www.fcbarcelonanoticias.com\/en\/fc-barcelona\/accuses-the-rfef-of-lying-and-provoking-barca-with-lamine-yamal_314930_102.html#primaryimage"},"image":{"@id":"https:\/\/www.fcbarcelonanoticias.com\/en\/fc-barcelona\/accuses-the-rfef-of-lying-and-provoking-barca-with-lamine-yamal_314930_102.html#primaryimage"},"thumbnailUrl":"https:\/\/www.fcbarcelonanoticias.com\/en\/wp-content\/uploads\/sites\/2\/2025\/10\/el-director-adjunto-del-as-asegura-que-habi-an-convocado-a-lamine-para-provocar-al-barc-a.webp","datePublished":"2025-10-03T23:27:00+00:00","author":{"@id":"https:\/\/www.fcbarcelonanoticias.com\/en\/#\/schema\/person\/0f2810101d27606974cdb8edb54fa54b"},"description":"Journalist Joaqu\u00edn Maroto denounces that the RFEF manipulated medical reports and called up Lamine Yamal to provoke Bar\u00e7a. Discover the details here.","breadcrumb":{"@id":"https:\/\/www.fcbarcelonanoticias.com\/en\/fc-barcelona\/accuses-the-rfef-of-lying-and-provoking-barca-with-lamine-yamal_314930_102.html#breadcrumb"},"inLanguage":"en-US","potentialAction":[{"@type":"ReadAction","target":["https:\/\/www.fcbarcelonanoticias.com\/en\/fc-barcelona\/accuses-the-rfef-of-lying-and-provoking-barca-with-lamine-yamal_314930_102.html"]}]},{"@type":"ImageObject","inLanguage":"en-US","@id":"https:\/\/www.fcbarcelonanoticias.com\/en\/fc-barcelona\/accuses-the-rfef-of-lying-and-provoking-barca-with-lamine-yamal_314930_102.html#primaryimage","url":"https:\/\/www.fcbarcelonanoticias.com\/en\/wp-content\/uploads\/sites\/2\/2025\/10\/el-director-adjunto-del-as-asegura-que-habi-an-convocado-a-lamine-para-provocar-al-barc-a.webp","contentUrl":"https:\/\/www.fcbarcelonanoticias.com\/en\/wp-content\/uploads\/sites\/2\/2025\/10\/el-director-adjunto-del-as-asegura-que-habi-an-convocado-a-lamine-para-provocar-al-barc-a.webp","width":1200,"height":675},{"@type":"BreadcrumbList","@id":"https:\/\/www.fcbarcelonanoticias.com\/en\/fc-barcelona\/accuses-the-rfef-of-lying-and-provoking-barca-with-lamine-yamal_314930_102.html#breadcrumb","itemListElement":[{"@type":"ListItem","position":1,"name":"Portada","item":"https:\/\/www.fcbarcelonanoticias.com\/en\/"},{"@type":"ListItem","position":2,"name":"Lamine Yamal: AS deputy director accuses the RFEF of lying and provoking Bar\u00e7a"}]},{"@type":"WebSite","@id":"https:\/\/www.fcbarcelonanoticias.com\/en\/#website","url":"https:\/\/www.fcbarcelonanoticias.com\/en\/","name":"EN - FC Barcelona Noticias","description":"","potentialAction":[{"@type":"SearchAction","target":{"@type":"EntryPoint","urlTemplate":"https:\/\/www.fcbarcelonanoticias.com\/en\/?s={search_term_string}"},"query-input":{"@type":"PropertyValueSpecification","valueRequired":true,"valueName":"search_term_string"}}],"inLanguage":"en-US"},{"@type":"Person","@id":"https:\/\/www.fcbarcelonanoticias.com\/en\/#\/schema\/person\/0f2810101d27606974cdb8edb54fa54b","name":"FC Barcelona Noticias","image":{"@type":"ImageObject","inLanguage":"en-US","@id":"https:\/\/secure.gravatar.com\/avatar\/?s=96&d=mm&r=g","url":"https:\/\/secure.gravatar.com\/avatar\/?s=96&d=mm&r=g","contentUrl":"https:\/\/secure.gravatar.com\/avatar\/?s=96&d=mm&r=g","caption":"FC Barcelona Noticias"},"url":"https:\/\/www.fcbarcelonanoticias.com\/en\/fc-barcelona\/fcbn-writing-fc-barcelona-news_6_115.html"}]}},"_links":{"self":[{"href":"https:\/\/www.fcbarcelonanoticias.com\/en\/wp-json\/wp\/v2\/posts\/11978","targetHints":{"allow":["GET"]}}],"collection":[{"href":"https:\/\/www.fcbarcelonanoticias.com\/en\/wp-json\/wp\/v2\/posts"}],"about":[{"href":"https:\/\/www.fcbarcelonanoticias.com\/en\/wp-json\/wp\/v2\/types\/post"}],"author":[{"embeddable":true,"href":"https:\/\/www.fcbarcelonanoticias.com\/en\/wp-json\/wp\/v2\/users\/353"}],"replies":[{"embeddable":true,"href":"https:\/\/www.fcbarcelonanoticias.com\/en\/wp-json\/wp\/v2\/comments?post=11978"}],"version-history":[{"count":1,"href":"https:\/\/www.fcbarcelonanoticias.com\/en\/wp-json\/wp\/v2\/posts\/11978\/revisions"}],"predecessor-version":[{"id":11979,"href":"https:\/\/www.fcbarcelonanoticias.com\/en\/wp-json\/wp\/v2\/posts\/11978\/revisions\/11979"}],"wp:featuredmedia":[{"embeddable":true,"href":"https:\/\/www.fcbarcelonanoticias.com\/en\/wp-json\/wp\/v2\/media\/11980"}],"wp:attachment":[{"href":"https:\/\/www.fcbarcelonanoticias.com\/en\/wp-json\/wp\/v2\/media?parent=11978"}],"wp:term":[{"taxonomy":"category","embeddable":true,"href":"https:\/\/www.fcbarcelonanoticias.com\/en\/wp-json\/wp\/v2\/categories?post=11978"},{"taxonomy":"post_tag","embeddable":true,"href":"https:\/\/www.fcbarcelonanoticias.com\/en\/wp-json\/wp\/v2\/tags?post=11978"}],"curies":[{"name":"wp","href":"https:\/\/api.w.org\/{rel}","templated":true}]}}