{"id":119810,"date":"2023-09-24T09:36:00","date_gmt":"2023-09-24T07:36:00","guid":{"rendered":"https:\/\/weisetech.dev\/fc-barcelona-noticias\/en\/rafa-benitez-rindio-xavi-remontada-barca-celta_296441_102\/"},"modified":"2023-09-24T09:36:00","modified_gmt":"2023-09-24T07:36:00","slug":"rafa-benitez-rindio-xavi-remontada-barca-celta_296441_102","status":"publish","type":"post","link":"https:\/\/www.fcbarcelonanoticias.com\/en\/laliga\/rafa-benitez-rindio-xavi-remontada-barca-celta_296441_102.html","title":{"rendered":"Rafa Ben\u00edtez surrendered to Xavi after Bar\u00e7a&#8217;s comeback against Celta"},"content":{"rendered":"<h2 class=\"wp-block-heading\">Rafa Ben\u00edtez had no qualms in praising the work of Xavi Hern\u00e1ndez after FC Barcelona&#8217;s epic comeback against Celta in Montju\u00efc (3-2). For the Madrid coach, the changes from Terrassa were intelligent<\/h2>  \r\n<div class=\"article-addons\">\r\n    <a href=\"https:\/\/www.fcbarcelonanoticias.com\/en\/calendar-fc-barcelona.html\"\r\n       target=\"_self\"\r\n       title=\"Calendar of FC Barcelona\"\r\n       class=\"blue-gredient-btn\">\r\n       \r\n        Calendar of FC Barcelona    <\/a>\r\n<\/div>   <p>The Celtic of Vigo was very near to give the thump the Saturday in Montju\u00efc in front of the FC Barcelona.<strong> During 80 minutes, the Galician group imposed with job to a Bar\u00e7a nublado in attack and very disordered in defence<\/strong> that, of not being by the stops of Marc-Andr\u00e9 ter Stegen, would have arrived to the final stretch of the party falling by goleada. However, the cul\u00e9s reacted to time and <a data-external=\"0\" data-intl-links-en=\"https:\/\/www.fcbarcelonanoticias.com\/en\/laliga\/all-details-incredible-boat-remount-only-nine-minutes_296433_102.html\" data-intl-links-es=\"https:\/\/www.fcbarcelonanoticias.com\/laliga\/todos-detalles-increible-remontada-barca-solo-nueve-minutos_296433_102.html\" href=\"https:\/\/www.fcbarcelonanoticias.com\/en\/laliga\/all-details-incredible-boat-remount-only-nine-minutes_296433_102.html\" rel=\"follow\" target=\"_self\" title=\"Todos los detalles de la incre\u00edble remontada del Bar\u00e7a en solo nueve minutos\">attained an epic traced back in alone nine minutes<\/a>.<\/p>  <p>In this regard, Rafa Ben\u00edtez did not have problem in recognising the merit of the Barcelona reaction and the importance of the variants of Xavi Hern\u00e1ndez in the complement. The one of Terrassa put all the gunpowder in attack to look for the reaction and, although it risked a lot, the bet finish going out well. &#8220;<strong>The replacements that does Xavi are intelligent. It put in the field fast footballers and desequilibrantes because the plan of start did not work him&#8221;<\/strong>, argued the Madrilenian.<\/p>  <h2>Ben\u00edtez Recognised the superiority of the staff cul\u00e9 and praised to his players<\/h2>  <p>In this sense, the technician of the Celtic regretted the defeat and the fault of forcefulness of his players to having sentenced the party when the Bar\u00e7a was on the brink of collapse. <strong>&#8220;If the party had finished 2-4, the people would have seen that it was just. Xavi is intelligent and knows it. He will be loved with his team because they have reacted<\/strong>, but the true is that we go us with the feeling of &#8216;again&#8217;, as it has happened us in some that another party with stray points after doing a big work&#8221;, explained Ben\u00edtez.<\/p>  <p>On the final result, Rafa thinks that the difference finished it marking the quality and the depth of the Barcelona staff, much better armed that the one of the group vigu\u00e9s. <strong>&#8220;I am not a lot of tactical battles. At the end the difference mark it the footballers and you can help or sometimes prejudice to your team&#8221;<\/strong>, sentenced regarding the handle of the variants in the complement.<\/p>  <h2>The self-criticism of Rafa Ben\u00edtez after the defeat<\/h2>  <p>&#8220;I said him to the players when finishing that you have to be angered and annoying because<strong> it has been missing us this job in the final minutes to stop a bit the party and avoid that they generated the so followed occasions<\/strong>, but at the same time have to them congratulate. The work that have done has been sensacional&#8221;, puntualiz\u00f3 the ex trainer of the Real Madrid. For Rafa Benitez was his first defeat like visitor in front of the Bar\u00e7a from 1998, when it directed to the Extremadura, since with Valencia and Liverpool had taken out both triumphs of the Camp Nou.<\/p> ","protected":false},"excerpt":{"rendered":"<p>Rafa Ben\u00edtez had no qualms in praising the work of Xavi Hern\u00e1ndez after FC Barcelona&#8217;s epic comeback against Celta in Montju\u00efc (3-2). For the Madrid coach, the changes from Terrassa were intelligent The Celtic of Vigo was very near to give the thump the Saturday in Montju\u00efc in front of the FC Barcelona. During 80 [&hellip;]<\/p>\n","protected":false},"author":347,"featured_media":119814,"comment_status":"closed","ping_status":"open","sticky":false,"template":"","format":"standard","meta":{"_acf_changed":false,"inline_featured_image":false,"_nextfly_llmd_date_locked":false,"footnotes":""},"categories":[448,114],"tags":[71,258,48],"class_list":["post-119810","post","type-post","status-publish","format-standard","has-post-thumbnail","hentry","category-laliga-2","category-laliga","tag-celtic-of-vigo","tag-rafa-benitez","tag-xavi-hernandez"],"acf":[],"yoast_head":"<!-- This site is optimized with the Yoast SEO plugin v27.3 - https:\/\/yoast.com\/product\/yoast-seo-wordpress\/ -->\n<title>Rafa Ben\u00edtez surrendered to Xavi after Bar\u00e7a&#039;s comeback against Celta<\/title>\n<meta name=\"description\" content=\"Rafa Ben\u00edtez had no qualms in praising the work of Xavi Hern\u00e1ndez after FC Barcelona&#039;s epic comeback against Celta in Montju\u00efc (3-2). For the Madrid coach, the changes from Terrassa were intelligent\" \/>\n<meta name=\"robots\" content=\"index, follow, max-snippet:-1, max-image-preview:large, max-video-preview:-1\" \/>\n<link rel=\"canonical\" href=\"https:\/\/www.fcbarcelonanoticias.com\/en\/laliga\/rafa-benitez-rindio-xavi-remontada-barca-celta_296441_102.html\" \/>\n<meta property=\"og:locale\" content=\"en_US\" \/>\n<meta property=\"og:type\" content=\"article\" \/>\n<meta property=\"og:title\" content=\"Rafa Ben\u00edtez surrendered to Xavi after Bar\u00e7a&#039;s comeback against Celta\" \/>\n<meta property=\"og:description\" content=\"Rafa Ben\u00edtez had no qualms in praising the work of Xavi Hern\u00e1ndez after FC Barcelona&#039;s epic comeback against Celta in Montju\u00efc (3-2). For the Madrid coach, the changes from Terrassa were intelligent\" \/>\n<meta property=\"og:url\" content=\"https:\/\/www.fcbarcelonanoticias.com\/en\/laliga\/rafa-benitez-rindio-xavi-remontada-barca-celta_296441_102.html\" \/>\n<meta property=\"og:site_name\" content=\"EN - FC Barcelona Noticias\" \/>\n<meta property=\"article:published_time\" content=\"2023-09-24T07:36:00+00:00\" \/>\n<meta property=\"og:image\" content=\"https:\/\/www.fcbarcelonanoticias.com\/en\/wp-content\/uploads\/sites\/2\/2023\/09\/rafa-benitez-v-fc-barcelona.jpeg\" \/>\n\t<meta property=\"og:image:width\" content=\"1300\" \/>\n\t<meta property=\"og:image:height\" content=\"732\" \/>\n\t<meta property=\"og:image:type\" content=\"image\/jpeg\" \/>\n<meta name=\"author\" content=\"Andr\u00e9s Quiroz\" \/>\n<meta name=\"twitter:card\" content=\"summary_large_image\" \/>\n<meta name=\"twitter:label1\" content=\"Written by\" \/>\n\t<meta name=\"twitter:data1\" content=\"Andr\u00e9s Quiroz\" \/>\n\t<meta name=\"twitter:label2\" content=\"Est. reading time\" \/>\n\t<meta name=\"twitter:data2\" content=\"3 minutes\" \/>\n<script type=\"application\/ld+json\" class=\"yoast-schema-graph\">{\"@context\":\"https:\\\/\\\/schema.org\",\"@graph\":[{\"@type\":\"Article\",\"@id\":\"https:\\\/\\\/www.fcbarcelonanoticias.com\\\/en\\\/laliga\\\/rafa-benitez-rindio-xavi-remontada-barca-celta_296441_102.html#article\",\"isPartOf\":{\"@id\":\"https:\\\/\\\/www.fcbarcelonanoticias.com\\\/en\\\/laliga\\\/rafa-benitez-rindio-xavi-remontada-barca-celta_296441_102.html\"},\"author\":{\"name\":\"Andr\u00e9s Quiroz\",\"@id\":\"https:\\\/\\\/www.fcbarcelonanoticias.com\\\/en\\\/#\\\/schema\\\/person\\\/c2cd9f6fa1af5c0d0eccd0fefa575c88\"},\"headline\":\"Rafa Ben\u00edtez surrendered to Xavi after Bar\u00e7a&#8217;s comeback against Celta\",\"datePublished\":\"2023-09-24T07:36:00+00:00\",\"mainEntityOfPage\":{\"@id\":\"https:\\\/\\\/www.fcbarcelonanoticias.com\\\/en\\\/laliga\\\/rafa-benitez-rindio-xavi-remontada-barca-celta_296441_102.html\"},\"wordCount\":514,\"image\":{\"@id\":\"https:\\\/\\\/www.fcbarcelonanoticias.com\\\/en\\\/laliga\\\/rafa-benitez-rindio-xavi-remontada-barca-celta_296441_102.html#primaryimage\"},\"thumbnailUrl\":\"https:\\\/\\\/www.fcbarcelonanoticias.com\\\/en\\\/wp-content\\\/uploads\\\/sites\\\/2\\\/2023\\\/09\\\/rafa-benitez-v-fc-barcelona.jpeg\",\"keywords\":[\"Celtic of Vigo\",\"Rafa Ben\u00edtez\",\"Xavi Hern\u00e1ndez\"],\"articleSection\":[\"LaLiga\",\"LaLiga\"],\"inLanguage\":\"en-US\"},{\"@type\":\"WebPage\",\"@id\":\"https:\\\/\\\/www.fcbarcelonanoticias.com\\\/en\\\/laliga\\\/rafa-benitez-rindio-xavi-remontada-barca-celta_296441_102.html\",\"url\":\"https:\\\/\\\/www.fcbarcelonanoticias.com\\\/en\\\/laliga\\\/rafa-benitez-rindio-xavi-remontada-barca-celta_296441_102.html\",\"name\":\"Rafa Ben\u00edtez surrendered to Xavi after Bar\u00e7a's comeback against Celta\",\"isPartOf\":{\"@id\":\"https:\\\/\\\/www.fcbarcelonanoticias.com\\\/en\\\/#website\"},\"primaryImageOfPage\":{\"@id\":\"https:\\\/\\\/www.fcbarcelonanoticias.com\\\/en\\\/laliga\\\/rafa-benitez-rindio-xavi-remontada-barca-celta_296441_102.html#primaryimage\"},\"image\":{\"@id\":\"https:\\\/\\\/www.fcbarcelonanoticias.com\\\/en\\\/laliga\\\/rafa-benitez-rindio-xavi-remontada-barca-celta_296441_102.html#primaryimage\"},\"thumbnailUrl\":\"https:\\\/\\\/www.fcbarcelonanoticias.com\\\/en\\\/wp-content\\\/uploads\\\/sites\\\/2\\\/2023\\\/09\\\/rafa-benitez-v-fc-barcelona.jpeg\",\"datePublished\":\"2023-09-24T07:36:00+00:00\",\"author\":{\"@id\":\"https:\\\/\\\/www.fcbarcelonanoticias.com\\\/en\\\/#\\\/schema\\\/person\\\/c2cd9f6fa1af5c0d0eccd0fefa575c88\"},\"description\":\"Rafa Ben\u00edtez had no qualms in praising the work of Xavi Hern\u00e1ndez after FC Barcelona's epic comeback against Celta in Montju\u00efc (3-2). For the Madrid coach, the changes from Terrassa were intelligent\",\"breadcrumb\":{\"@id\":\"https:\\\/\\\/www.fcbarcelonanoticias.com\\\/en\\\/laliga\\\/rafa-benitez-rindio-xavi-remontada-barca-celta_296441_102.html#breadcrumb\"},\"inLanguage\":\"en-US\",\"potentialAction\":[{\"@type\":\"ReadAction\",\"target\":[\"https:\\\/\\\/www.fcbarcelonanoticias.com\\\/en\\\/laliga\\\/rafa-benitez-rindio-xavi-remontada-barca-celta_296441_102.html\"]}]},{\"@type\":\"ImageObject\",\"inLanguage\":\"en-US\",\"@id\":\"https:\\\/\\\/www.fcbarcelonanoticias.com\\\/en\\\/laliga\\\/rafa-benitez-rindio-xavi-remontada-barca-celta_296441_102.html#primaryimage\",\"url\":\"https:\\\/\\\/www.fcbarcelonanoticias.com\\\/en\\\/wp-content\\\/uploads\\\/sites\\\/2\\\/2023\\\/09\\\/rafa-benitez-v-fc-barcelona.jpeg\",\"contentUrl\":\"https:\\\/\\\/www.fcbarcelonanoticias.com\\\/en\\\/wp-content\\\/uploads\\\/sites\\\/2\\\/2023\\\/09\\\/rafa-benitez-v-fc-barcelona.jpeg\",\"width\":1300,\"height\":732},{\"@type\":\"BreadcrumbList\",\"@id\":\"https:\\\/\\\/www.fcbarcelonanoticias.com\\\/en\\\/laliga\\\/rafa-benitez-rindio-xavi-remontada-barca-celta_296441_102.html#breadcrumb\",\"itemListElement\":[{\"@type\":\"ListItem\",\"position\":1,\"name\":\"Portada\",\"item\":\"https:\\\/\\\/www.fcbarcelonanoticias.com\\\/en\\\/\"},{\"@type\":\"ListItem\",\"position\":2,\"name\":\"Rafa Ben\u00edtez surrendered to Xavi after Bar\u00e7a&#8217;s comeback against Celta\"}]},{\"@type\":\"WebSite\",\"@id\":\"https:\\\/\\\/www.fcbarcelonanoticias.com\\\/en\\\/#website\",\"url\":\"https:\\\/\\\/www.fcbarcelonanoticias.com\\\/en\\\/\",\"name\":\"EN - FC Barcelona Noticias\",\"description\":\"\",\"potentialAction\":[{\"@type\":\"SearchAction\",\"target\":{\"@type\":\"EntryPoint\",\"urlTemplate\":\"https:\\\/\\\/www.fcbarcelonanoticias.com\\\/en\\\/?s={search_term_string}\"},\"query-input\":{\"@type\":\"PropertyValueSpecification\",\"valueRequired\":true,\"valueName\":\"search_term_string\"}}],\"inLanguage\":\"en-US\"},{\"@type\":\"Person\",\"@id\":\"https:\\\/\\\/www.fcbarcelonanoticias.com\\\/en\\\/#\\\/schema\\\/person\\\/c2cd9f6fa1af5c0d0eccd0fefa575c88\",\"name\":\"Andr\u00e9s Quiroz\",\"image\":{\"@type\":\"ImageObject\",\"inLanguage\":\"en-US\",\"@id\":\"https:\\\/\\\/secure.gravatar.com\\\/avatar\\\/?s=96&d=mm&r=g\",\"url\":\"https:\\\/\\\/secure.gravatar.com\\\/avatar\\\/?s=96&d=mm&r=g\",\"contentUrl\":\"https:\\\/\\\/secure.gravatar.com\\\/avatar\\\/?s=96&d=mm&r=g\",\"caption\":\"Andr\u00e9s Quiroz\"},\"description\":\"Licenciado en Periodismo por la Universidad de los Andes. Me encargo de analizar y compartir los contenidos m\u00e1s destacados de la\u00a0actualidad del F\u00fatbol Club Barcelona, Mercado de Fichajes y F\u00fatbol Internacional en FCBN. La informaci\u00f3n es poder, pero tambi\u00e9n conocimiento.\",\"url\":\"https:\\\/\\\/www.fcbarcelonanoticias.com\\\/en\\\/fc-barcelona\\\/andres-quiroz_17_115.html\"}]}<\/script>\n<!-- \/ Yoast SEO plugin. -->","yoast_head_json":{"title":"Rafa Ben\u00edtez surrendered to Xavi after Bar\u00e7a's comeback against Celta","description":"Rafa Ben\u00edtez had no qualms in praising the work of Xavi Hern\u00e1ndez after FC Barcelona's epic comeback against Celta in Montju\u00efc (3-2). For the Madrid coach, the changes from Terrassa were intelligent","robots":{"index":"index","follow":"follow","max-snippet":"max-snippet:-1","max-image-preview":"max-image-preview:large","max-video-preview":"max-video-preview:-1"},"canonical":"https:\/\/www.fcbarcelonanoticias.com\/en\/laliga\/rafa-benitez-rindio-xavi-remontada-barca-celta_296441_102.html","og_locale":"en_US","og_type":"article","og_title":"Rafa Ben\u00edtez surrendered to Xavi after Bar\u00e7a's comeback against Celta","og_description":"Rafa Ben\u00edtez had no qualms in praising the work of Xavi Hern\u00e1ndez after FC Barcelona's epic comeback against Celta in Montju\u00efc (3-2). For the Madrid coach, the changes from Terrassa were intelligent","og_url":"https:\/\/www.fcbarcelonanoticias.com\/en\/laliga\/rafa-benitez-rindio-xavi-remontada-barca-celta_296441_102.html","og_site_name":"EN - FC Barcelona Noticias","article_published_time":"2023-09-24T07:36:00+00:00","og_image":[{"width":1300,"height":732,"url":"https:\/\/www.fcbarcelonanoticias.com\/en\/wp-content\/uploads\/sites\/2\/2023\/09\/rafa-benitez-v-fc-barcelona.jpeg","type":"image\/jpeg"}],"author":"Andr\u00e9s Quiroz","twitter_card":"summary_large_image","twitter_misc":{"Written by":"Andr\u00e9s Quiroz","Est. reading time":"3 minutes"},"schema":{"@context":"https:\/\/schema.org","@graph":[{"@type":"Article","@id":"https:\/\/www.fcbarcelonanoticias.com\/en\/laliga\/rafa-benitez-rindio-xavi-remontada-barca-celta_296441_102.html#article","isPartOf":{"@id":"https:\/\/www.fcbarcelonanoticias.com\/en\/laliga\/rafa-benitez-rindio-xavi-remontada-barca-celta_296441_102.html"},"author":{"name":"Andr\u00e9s Quiroz","@id":"https:\/\/www.fcbarcelonanoticias.com\/en\/#\/schema\/person\/c2cd9f6fa1af5c0d0eccd0fefa575c88"},"headline":"Rafa Ben\u00edtez surrendered to Xavi after Bar\u00e7a&#8217;s comeback against Celta","datePublished":"2023-09-24T07:36:00+00:00","mainEntityOfPage":{"@id":"https:\/\/www.fcbarcelonanoticias.com\/en\/laliga\/rafa-benitez-rindio-xavi-remontada-barca-celta_296441_102.html"},"wordCount":514,"image":{"@id":"https:\/\/www.fcbarcelonanoticias.com\/en\/laliga\/rafa-benitez-rindio-xavi-remontada-barca-celta_296441_102.html#primaryimage"},"thumbnailUrl":"https:\/\/www.fcbarcelonanoticias.com\/en\/wp-content\/uploads\/sites\/2\/2023\/09\/rafa-benitez-v-fc-barcelona.jpeg","keywords":["Celtic of Vigo","Rafa Ben\u00edtez","Xavi Hern\u00e1ndez"],"articleSection":["LaLiga","LaLiga"],"inLanguage":"en-US"},{"@type":"WebPage","@id":"https:\/\/www.fcbarcelonanoticias.com\/en\/laliga\/rafa-benitez-rindio-xavi-remontada-barca-celta_296441_102.html","url":"https:\/\/www.fcbarcelonanoticias.com\/en\/laliga\/rafa-benitez-rindio-xavi-remontada-barca-celta_296441_102.html","name":"Rafa Ben\u00edtez surrendered to Xavi after Bar\u00e7a's comeback against Celta","isPartOf":{"@id":"https:\/\/www.fcbarcelonanoticias.com\/en\/#website"},"primaryImageOfPage":{"@id":"https:\/\/www.fcbarcelonanoticias.com\/en\/laliga\/rafa-benitez-rindio-xavi-remontada-barca-celta_296441_102.html#primaryimage"},"image":{"@id":"https:\/\/www.fcbarcelonanoticias.com\/en\/laliga\/rafa-benitez-rindio-xavi-remontada-barca-celta_296441_102.html#primaryimage"},"thumbnailUrl":"https:\/\/www.fcbarcelonanoticias.com\/en\/wp-content\/uploads\/sites\/2\/2023\/09\/rafa-benitez-v-fc-barcelona.jpeg","datePublished":"2023-09-24T07:36:00+00:00","author":{"@id":"https:\/\/www.fcbarcelonanoticias.com\/en\/#\/schema\/person\/c2cd9f6fa1af5c0d0eccd0fefa575c88"},"description":"Rafa Ben\u00edtez had no qualms in praising the work of Xavi Hern\u00e1ndez after FC Barcelona's epic comeback against Celta in Montju\u00efc (3-2). For the Madrid coach, the changes from Terrassa were intelligent","breadcrumb":{"@id":"https:\/\/www.fcbarcelonanoticias.com\/en\/laliga\/rafa-benitez-rindio-xavi-remontada-barca-celta_296441_102.html#breadcrumb"},"inLanguage":"en-US","potentialAction":[{"@type":"ReadAction","target":["https:\/\/www.fcbarcelonanoticias.com\/en\/laliga\/rafa-benitez-rindio-xavi-remontada-barca-celta_296441_102.html"]}]},{"@type":"ImageObject","inLanguage":"en-US","@id":"https:\/\/www.fcbarcelonanoticias.com\/en\/laliga\/rafa-benitez-rindio-xavi-remontada-barca-celta_296441_102.html#primaryimage","url":"https:\/\/www.fcbarcelonanoticias.com\/en\/wp-content\/uploads\/sites\/2\/2023\/09\/rafa-benitez-v-fc-barcelona.jpeg","contentUrl":"https:\/\/www.fcbarcelonanoticias.com\/en\/wp-content\/uploads\/sites\/2\/2023\/09\/rafa-benitez-v-fc-barcelona.jpeg","width":1300,"height":732},{"@type":"BreadcrumbList","@id":"https:\/\/www.fcbarcelonanoticias.com\/en\/laliga\/rafa-benitez-rindio-xavi-remontada-barca-celta_296441_102.html#breadcrumb","itemListElement":[{"@type":"ListItem","position":1,"name":"Portada","item":"https:\/\/www.fcbarcelonanoticias.com\/en\/"},{"@type":"ListItem","position":2,"name":"Rafa Ben\u00edtez surrendered to Xavi after Bar\u00e7a&#8217;s comeback against Celta"}]},{"@type":"WebSite","@id":"https:\/\/www.fcbarcelonanoticias.com\/en\/#website","url":"https:\/\/www.fcbarcelonanoticias.com\/en\/","name":"EN - FC Barcelona Noticias","description":"","potentialAction":[{"@type":"SearchAction","target":{"@type":"EntryPoint","urlTemplate":"https:\/\/www.fcbarcelonanoticias.com\/en\/?s={search_term_string}"},"query-input":{"@type":"PropertyValueSpecification","valueRequired":true,"valueName":"search_term_string"}}],"inLanguage":"en-US"},{"@type":"Person","@id":"https:\/\/www.fcbarcelonanoticias.com\/en\/#\/schema\/person\/c2cd9f6fa1af5c0d0eccd0fefa575c88","name":"Andr\u00e9s Quiroz","image":{"@type":"ImageObject","inLanguage":"en-US","@id":"https:\/\/secure.gravatar.com\/avatar\/?s=96&d=mm&r=g","url":"https:\/\/secure.gravatar.com\/avatar\/?s=96&d=mm&r=g","contentUrl":"https:\/\/secure.gravatar.com\/avatar\/?s=96&d=mm&r=g","caption":"Andr\u00e9s Quiroz"},"description":"Licenciado en Periodismo por la Universidad de los Andes. Me encargo de analizar y compartir los contenidos m\u00e1s destacados de la\u00a0actualidad del F\u00fatbol Club Barcelona, Mercado de Fichajes y F\u00fatbol Internacional en FCBN. La informaci\u00f3n es poder, pero tambi\u00e9n conocimiento.","url":"https:\/\/www.fcbarcelonanoticias.com\/en\/fc-barcelona\/andres-quiroz_17_115.html"}]}},"_links":{"self":[{"href":"https:\/\/www.fcbarcelonanoticias.com\/en\/wp-json\/wp\/v2\/posts\/119810","targetHints":{"allow":["GET"]}}],"collection":[{"href":"https:\/\/www.fcbarcelonanoticias.com\/en\/wp-json\/wp\/v2\/posts"}],"about":[{"href":"https:\/\/www.fcbarcelonanoticias.com\/en\/wp-json\/wp\/v2\/types\/post"}],"author":[{"embeddable":true,"href":"https:\/\/www.fcbarcelonanoticias.com\/en\/wp-json\/wp\/v2\/users\/347"}],"replies":[{"embeddable":true,"href":"https:\/\/www.fcbarcelonanoticias.com\/en\/wp-json\/wp\/v2\/comments?post=119810"}],"version-history":[{"count":1,"href":"https:\/\/www.fcbarcelonanoticias.com\/en\/wp-json\/wp\/v2\/posts\/119810\/revisions"}],"predecessor-version":[{"id":149939,"href":"https:\/\/www.fcbarcelonanoticias.com\/en\/wp-json\/wp\/v2\/posts\/119810\/revisions\/149939"}],"wp:featuredmedia":[{"embeddable":true,"href":"https:\/\/www.fcbarcelonanoticias.com\/en\/wp-json\/wp\/v2\/media\/119814"}],"wp:attachment":[{"href":"https:\/\/www.fcbarcelonanoticias.com\/en\/wp-json\/wp\/v2\/media?parent=119810"}],"wp:term":[{"taxonomy":"category","embeddable":true,"href":"https:\/\/www.fcbarcelonanoticias.com\/en\/wp-json\/wp\/v2\/categories?post=119810"},{"taxonomy":"post_tag","embeddable":true,"href":"https:\/\/www.fcbarcelonanoticias.com\/en\/wp-json\/wp\/v2\/tags?post=119810"}],"curies":[{"name":"wp","href":"https:\/\/api.w.org\/{rel}","templated":true}]}}