{"id":119835,"date":"2022-04-02T18:27:00","date_gmt":"2022-04-02T16:27:00","guid":{"rendered":"https:\/\/weisetech.dev\/fc-barcelona-noticias\/en\/rakitic-reencontrara-with-the-fans-of-the-camp-nou-in-front-of_279065_102\/"},"modified":"2022-04-02T18:27:00","modified_gmt":"2022-04-02T16:27:00","slug":"rakitic-reencontrara-with-the-fans-of-the-camp-nou-in-front-of_279065_102","status":"publish","type":"post","link":"https:\/\/www.fcbarcelonanoticias.com\/en\/laliga\/rakitic-reencontrara-with-the-fans-of-the-camp-nou-in-front-of_279065_102.html","title":{"rendered":"Rakitic will meet again with the Camp Nou fans against Bar\u00e7a"},"content":{"rendered":"<h2 class=\"wp-block-heading\">Ivan Rakitic will return to the Camp Nou this Sunday with Sevilla to face FC Barcelona, \u200b\u200bin a key duel for the fight for second place in LaLiga. It will be the Croatian&#8217;s first game in front of the Camp Nou crowd since his departure in 2020<\/h2>  \r\n<div class=\"article-addons\">\r\n    <a href=\"https:\/\/www.fcbarcelonanoticias.com\/en\/calendar-fc-barcelona.html\"\r\n       target=\"_self\"\r\n       title=\"Calendar of FC Barcelona\"\r\n       class=\"blue-gredient-btn\">\r\n       \r\n        Calendar of FC Barcelona    <\/a>\r\n<\/div>   <p>The last party of Ivan Rakitic in front of the public of the Camp Nou was on 7 March 2020, when still luc\u00eda the T-shirt blaugrana. This day, <strong>the <a data-external=\"0\" data-intl-links-en=\"https:\/\/www.fcbarcelonanoticias.com\/en\/transfers\/the-players-that-the-barca-offers-in-a-possible-barter-by-raphinha_279064_102.html\" data-intl-links-es=\"https:\/\/www.fcbarcelonanoticias.com\/fichajes\/jugadores-barcelona-ofrece-en-posible-trueque-por-raphinha_279064_102.html\" href=\"https:\/\/www.fcbarcelonanoticias.com\/en\/transfers\/the-players-that-the-barca-offers-in-a-possible-barter-by-raphinha_279064_102.html\" rel=\"follow\" target=\"_self\" title=\"Los jugadores que el Bar\u00e7a ofrece en un posible trueque por Raphinha\">FC Barcelona<\/a> won by the minimum to the Real Sociedad (1-0) with a penal converted by Leo Messi<\/strong> in the minute 81. After this day would decree the world-wide pandemia of the Covid-19 and LaLiga would suspend until the month of June, to enclosed door by the sanitary restrictions.<\/p>  <p>That Saturday, <strong>Rakitic played 74 minutes, being replaced by Arturo Vidal to fault of 15&#8242; for the end<\/strong>. A hand of Him Normand in the area sanctioned after review in the VAR allowed to the Bar\u00e7a resolve the party, three points with which the ones of Quique Seti\u00e9n recovered the leadership lost a week before in Santiago Bernab\u00e9u. In June, the Real Madrid would finish winning laLiga depsu\u00e9s of a series of 10 victories in row.<\/p>  <p>This Sunday, the Croat returns to a Camp Nou that will be to pop product of the big moment of the group directed by <a data-external=\"0\" data-intl-links-en=\"https:\/\/www.fcbarcelonanoticias.com\/en\/laliga\/xavi-gets-wet-on-rudiger-asks-barcelona-to-renovate-gavi-araujo_279056_102.html\" data-intl-links-es=\"https:\/\/www.fcbarcelonanoticias.com\/laliga\/xavi-se-moja-sobre-rudiger-pide-barcelona-renovar-gavi-araujo_279056_102.html\" href=\"https:\/\/www.fcbarcelonanoticias.com\/en\/laliga\/xavi-gets-wet-on-rudiger-asks-barcelona-to-renovate-gavi-araujo_279056_102.html\" rel=\"follow\" target=\"_self\" title=\"Xavi se 'moja' sobre R\u00fcdiger y le pide al Bar\u00e7a renovar a Gavi y Ara\u00fajo\">Xavi Hern\u00e1ndez<\/a>. <strong>If the Bar\u00e7a achieves the three points will go down to the Seville of the second place<\/strong>, with a pending party in front of the Ray. From here the importance of the crash of the Sunday, that besides could represent another opportunity to discount him points to the Madrid, in case that the whites puncture in Bala\u00eddos in front of the Celtic.<\/p>  <p>Rakitic Contested <strong>a total of 310 parties like cul\u00e9, winning it all between 2014 and 202<\/strong>0. The midfield player annotated the first goal blaugrana in the final of the Champions League of 2015 in front of the Juventus (3-1), being the last time that the Catalans attained to remain with the maximum European competition. Besides, &#8216;Racket&#8217; conquered four Leagues (2014-15, 2015-16, 2017-18 and 2018-19); four Glasses of Rey (2014-15, 2015-16, 2016-17 and 2017-18), two Supercopas of Spain (2016 and 2018), a Supercopa European and a World-wide of Clubs in 2015, for <strong>a total of 13 titles with the club<\/strong>.<\/p>  <p><strong>Rakitic Left in 2020 after the bitter 2-8 of Lisbon in front of the Bayern Munich<\/strong>, split in where it did not play by technical decision. The one of M\u00f6hlin was indisputable headline for Luis Enrique (2014-17) and Ernesto Valverde (2017-19), but in his last semester like blaugrana lost integers during the brief step of Quique Seti\u00e9n by the bench of the Camp Nou. Finally, <strong>Ivan returned to the Seville in September of 2020 in return of 3.5 million euros<\/strong>. His traspaso in 2014 closed in 18 &#8216;kilos&#8217;.<\/p>  <h3>Rakitic Visited Catalonia the past season<\/h3>  <p>The Croat visited a pair of times the Camp Nou in the 2020-21, although without public in the grandstands by the pandemia. <strong>His first party in front of his ex mates was on 4 October 2020 in the tie 1-1<\/strong> in front of the ones of Ronald Koeman. The midfield player played 78 minutes in a party in which the goal of the Andalusians was converted by Luuk of Jong, today leading cul\u00e9.<\/p>  <p>Ivan visited for the last time the Catalan temple on 3 March 2021 by the turn of the semifinals of the Glass of Rey. The Bar\u00e7a won 3-0 and accessed to the final in the Cartuja, where golear\u00eda 4-0 to the Athletic Bilbao. This Sunday, the fans blaugrana sure will receive him with an applause, after <strong>six seasons in where it always stood out by his professionalism and delivery<\/strong> in the half of the field, being an ideal partner for Sergio Busquets and Andr\u00e9s Iniesta after the course of Xavi.<\/p> ","protected":false},"excerpt":{"rendered":"<p>Ivan Rakitic will return to the Camp Nou this Sunday with Sevilla to face FC Barcelona, \u200b\u200bin a key duel for the fight for second place in LaLiga. It will be the Croatian&#8217;s first game in front of the Camp Nou crowd since his departure in 2020 The last party of Ivan Rakitic in front [&hellip;]<\/p>\n","protected":false},"author":347,"featured_media":119840,"comment_status":"closed","ping_status":"open","sticky":false,"template":"","format":"standard","meta":{"_acf_changed":false,"inline_featured_image":false,"_nextfly_llmd_date_locked":false,"footnotes":""},"categories":[114,448],"tags":[278,74],"class_list":["post-119835","post","type-post","status-publish","format-standard","has-post-thumbnail","hentry","category-laliga","category-laliga-2","tag-ivan-rakitic","tag-sevilla-fc"],"acf":[],"yoast_head":"<!-- This site is optimized with the Yoast SEO plugin v27.3 - https:\/\/yoast.com\/product\/yoast-seo-wordpress\/ -->\n<title>Rakitic will meet again with the Camp Nou fans against Bar\u00e7a<\/title>\n<meta name=\"description\" content=\"Ivan Rakitic will return to the Camp Nou this Sunday with the Seville to confront to the FC Barcelona, in a key duel by the fight of the second place in LaLiga. S...\" \/>\n<meta name=\"robots\" content=\"index, follow, max-snippet:-1, max-image-preview:large, max-video-preview:-1\" \/>\n<link rel=\"canonical\" href=\"https:\/\/www.fcbarcelonanoticias.com\/en\/laliga\/rakitic-reencontrara-with-the-fans-of-the-camp-nou-in-front-of_279065_102.html\" \/>\n<meta property=\"og:locale\" content=\"en_US\" \/>\n<meta property=\"og:type\" content=\"article\" \/>\n<meta property=\"og:title\" content=\"Rakitic will meet again with the Camp Nou fans against Bar\u00e7a\" \/>\n<meta property=\"og:description\" content=\"Ivan Rakitic will return to the Camp Nou this Sunday with the Seville to confront to the FC Barcelona, in a key duel by the fight of the second place in LaLiga. S...\" \/>\n<meta property=\"og:url\" content=\"https:\/\/www.fcbarcelonanoticias.com\/en\/laliga\/rakitic-reencontrara-with-the-fans-of-the-camp-nou-in-front-of_279065_102.html\" \/>\n<meta property=\"og:site_name\" content=\"EN - FC Barcelona Noticias\" \/>\n<meta property=\"article:published_time\" content=\"2022-04-02T16:27:00+00:00\" \/>\n<meta property=\"og:image\" content=\"https:\/\/www.fcbarcelonanoticias.com\/en\/wp-content\/uploads\/sites\/2\/2022\/04\/ivan-rakitic-sevilla.jpeg\" \/>\n\t<meta property=\"og:image:width\" content=\"1300\" \/>\n\t<meta property=\"og:image:height\" content=\"732\" \/>\n\t<meta property=\"og:image:type\" content=\"image\/jpeg\" \/>\n<meta name=\"author\" content=\"Andr\u00e9s Quiroz\" \/>\n<meta name=\"twitter:card\" content=\"summary_large_image\" \/>\n<meta name=\"twitter:label1\" content=\"Written by\" \/>\n\t<meta name=\"twitter:data1\" content=\"Andr\u00e9s Quiroz\" \/>\n\t<meta name=\"twitter:label2\" content=\"Est. reading time\" \/>\n\t<meta name=\"twitter:data2\" content=\"3 minutes\" \/>\n<script type=\"application\/ld+json\" class=\"yoast-schema-graph\">{\"@context\":\"https:\\\/\\\/schema.org\",\"@graph\":[{\"@type\":\"Article\",\"@id\":\"https:\\\/\\\/www.fcbarcelonanoticias.com\\\/en\\\/laliga\\\/rakitic-reencontrara-with-the-fans-of-the-camp-nou-in-front-of_279065_102.html#article\",\"isPartOf\":{\"@id\":\"https:\\\/\\\/www.fcbarcelonanoticias.com\\\/en\\\/laliga\\\/rakitic-reencontrara-with-the-fans-of-the-camp-nou-in-front-of_279065_102.html\"},\"author\":{\"name\":\"Andr\u00e9s Quiroz\",\"@id\":\"https:\\\/\\\/www.fcbarcelonanoticias.com\\\/en\\\/#\\\/schema\\\/person\\\/c2cd9f6fa1af5c0d0eccd0fefa575c88\"},\"headline\":\"Rakitic will meet again with the Camp Nou fans against Bar\u00e7a\",\"datePublished\":\"2022-04-02T16:27:00+00:00\",\"mainEntityOfPage\":{\"@id\":\"https:\\\/\\\/www.fcbarcelonanoticias.com\\\/en\\\/laliga\\\/rakitic-reencontrara-with-the-fans-of-the-camp-nou-in-front-of_279065_102.html\"},\"wordCount\":646,\"image\":{\"@id\":\"https:\\\/\\\/www.fcbarcelonanoticias.com\\\/en\\\/laliga\\\/rakitic-reencontrara-with-the-fans-of-the-camp-nou-in-front-of_279065_102.html#primaryimage\"},\"thumbnailUrl\":\"https:\\\/\\\/www.fcbarcelonanoticias.com\\\/en\\\/wp-content\\\/uploads\\\/sites\\\/2\\\/2022\\\/04\\\/ivan-rakitic-sevilla.jpeg\",\"keywords\":[\"Ivan Rakitic\",\"Sevilla FC\"],\"articleSection\":[\"LaLiga\",\"LaLiga\"],\"inLanguage\":\"en-US\"},{\"@type\":\"WebPage\",\"@id\":\"https:\\\/\\\/www.fcbarcelonanoticias.com\\\/en\\\/laliga\\\/rakitic-reencontrara-with-the-fans-of-the-camp-nou-in-front-of_279065_102.html\",\"url\":\"https:\\\/\\\/www.fcbarcelonanoticias.com\\\/en\\\/laliga\\\/rakitic-reencontrara-with-the-fans-of-the-camp-nou-in-front-of_279065_102.html\",\"name\":\"Rakitic will meet again with the Camp Nou fans against Bar\u00e7a\",\"isPartOf\":{\"@id\":\"https:\\\/\\\/www.fcbarcelonanoticias.com\\\/en\\\/#website\"},\"primaryImageOfPage\":{\"@id\":\"https:\\\/\\\/www.fcbarcelonanoticias.com\\\/en\\\/laliga\\\/rakitic-reencontrara-with-the-fans-of-the-camp-nou-in-front-of_279065_102.html#primaryimage\"},\"image\":{\"@id\":\"https:\\\/\\\/www.fcbarcelonanoticias.com\\\/en\\\/laliga\\\/rakitic-reencontrara-with-the-fans-of-the-camp-nou-in-front-of_279065_102.html#primaryimage\"},\"thumbnailUrl\":\"https:\\\/\\\/www.fcbarcelonanoticias.com\\\/en\\\/wp-content\\\/uploads\\\/sites\\\/2\\\/2022\\\/04\\\/ivan-rakitic-sevilla.jpeg\",\"datePublished\":\"2022-04-02T16:27:00+00:00\",\"author\":{\"@id\":\"https:\\\/\\\/www.fcbarcelonanoticias.com\\\/en\\\/#\\\/schema\\\/person\\\/c2cd9f6fa1af5c0d0eccd0fefa575c88\"},\"description\":\"Ivan Rakitic will return to the Camp Nou this Sunday with the Seville to confront to the FC Barcelona, in a key duel by the fight of the second place in LaLiga. S...\",\"breadcrumb\":{\"@id\":\"https:\\\/\\\/www.fcbarcelonanoticias.com\\\/en\\\/laliga\\\/rakitic-reencontrara-with-the-fans-of-the-camp-nou-in-front-of_279065_102.html#breadcrumb\"},\"inLanguage\":\"en-US\",\"potentialAction\":[{\"@type\":\"ReadAction\",\"target\":[\"https:\\\/\\\/www.fcbarcelonanoticias.com\\\/en\\\/laliga\\\/rakitic-reencontrara-with-the-fans-of-the-camp-nou-in-front-of_279065_102.html\"]}]},{\"@type\":\"ImageObject\",\"inLanguage\":\"en-US\",\"@id\":\"https:\\\/\\\/www.fcbarcelonanoticias.com\\\/en\\\/laliga\\\/rakitic-reencontrara-with-the-fans-of-the-camp-nou-in-front-of_279065_102.html#primaryimage\",\"url\":\"https:\\\/\\\/www.fcbarcelonanoticias.com\\\/en\\\/wp-content\\\/uploads\\\/sites\\\/2\\\/2022\\\/04\\\/ivan-rakitic-sevilla.jpeg\",\"contentUrl\":\"https:\\\/\\\/www.fcbarcelonanoticias.com\\\/en\\\/wp-content\\\/uploads\\\/sites\\\/2\\\/2022\\\/04\\\/ivan-rakitic-sevilla.jpeg\",\"width\":1300,\"height\":732},{\"@type\":\"BreadcrumbList\",\"@id\":\"https:\\\/\\\/www.fcbarcelonanoticias.com\\\/en\\\/laliga\\\/rakitic-reencontrara-with-the-fans-of-the-camp-nou-in-front-of_279065_102.html#breadcrumb\",\"itemListElement\":[{\"@type\":\"ListItem\",\"position\":1,\"name\":\"Portada\",\"item\":\"https:\\\/\\\/www.fcbarcelonanoticias.com\\\/en\\\/\"},{\"@type\":\"ListItem\",\"position\":2,\"name\":\"Rakitic will meet again with the Camp Nou fans against Bar\u00e7a\"}]},{\"@type\":\"WebSite\",\"@id\":\"https:\\\/\\\/www.fcbarcelonanoticias.com\\\/en\\\/#website\",\"url\":\"https:\\\/\\\/www.fcbarcelonanoticias.com\\\/en\\\/\",\"name\":\"EN - FC Barcelona Noticias\",\"description\":\"\",\"potentialAction\":[{\"@type\":\"SearchAction\",\"target\":{\"@type\":\"EntryPoint\",\"urlTemplate\":\"https:\\\/\\\/www.fcbarcelonanoticias.com\\\/en\\\/?s={search_term_string}\"},\"query-input\":{\"@type\":\"PropertyValueSpecification\",\"valueRequired\":true,\"valueName\":\"search_term_string\"}}],\"inLanguage\":\"en-US\"},{\"@type\":\"Person\",\"@id\":\"https:\\\/\\\/www.fcbarcelonanoticias.com\\\/en\\\/#\\\/schema\\\/person\\\/c2cd9f6fa1af5c0d0eccd0fefa575c88\",\"name\":\"Andr\u00e9s Quiroz\",\"image\":{\"@type\":\"ImageObject\",\"inLanguage\":\"en-US\",\"@id\":\"https:\\\/\\\/secure.gravatar.com\\\/avatar\\\/?s=96&d=mm&r=g\",\"url\":\"https:\\\/\\\/secure.gravatar.com\\\/avatar\\\/?s=96&d=mm&r=g\",\"contentUrl\":\"https:\\\/\\\/secure.gravatar.com\\\/avatar\\\/?s=96&d=mm&r=g\",\"caption\":\"Andr\u00e9s Quiroz\"},\"description\":\"Licenciado en Periodismo por la Universidad de los Andes. Me encargo de analizar y compartir los contenidos m\u00e1s destacados de la\u00a0actualidad del F\u00fatbol Club Barcelona, Mercado de Fichajes y F\u00fatbol Internacional en FCBN. La informaci\u00f3n es poder, pero tambi\u00e9n conocimiento.\",\"url\":\"https:\\\/\\\/www.fcbarcelonanoticias.com\\\/en\\\/fc-barcelona\\\/andres-quiroz_17_115.html\"}]}<\/script>\n<!-- \/ Yoast SEO plugin. -->","yoast_head_json":{"title":"Rakitic will meet again with the Camp Nou fans against Bar\u00e7a","description":"Ivan Rakitic will return to the Camp Nou this Sunday with the Seville to confront to the FC Barcelona, in a key duel by the fight of the second place in LaLiga. S...","robots":{"index":"index","follow":"follow","max-snippet":"max-snippet:-1","max-image-preview":"max-image-preview:large","max-video-preview":"max-video-preview:-1"},"canonical":"https:\/\/www.fcbarcelonanoticias.com\/en\/laliga\/rakitic-reencontrara-with-the-fans-of-the-camp-nou-in-front-of_279065_102.html","og_locale":"en_US","og_type":"article","og_title":"Rakitic will meet again with the Camp Nou fans against Bar\u00e7a","og_description":"Ivan Rakitic will return to the Camp Nou this Sunday with the Seville to confront to the FC Barcelona, in a key duel by the fight of the second place in LaLiga. S...","og_url":"https:\/\/www.fcbarcelonanoticias.com\/en\/laliga\/rakitic-reencontrara-with-the-fans-of-the-camp-nou-in-front-of_279065_102.html","og_site_name":"EN - FC Barcelona Noticias","article_published_time":"2022-04-02T16:27:00+00:00","og_image":[{"width":1300,"height":732,"url":"https:\/\/www.fcbarcelonanoticias.com\/en\/wp-content\/uploads\/sites\/2\/2022\/04\/ivan-rakitic-sevilla.jpeg","type":"image\/jpeg"}],"author":"Andr\u00e9s Quiroz","twitter_card":"summary_large_image","twitter_misc":{"Written by":"Andr\u00e9s Quiroz","Est. reading time":"3 minutes"},"schema":{"@context":"https:\/\/schema.org","@graph":[{"@type":"Article","@id":"https:\/\/www.fcbarcelonanoticias.com\/en\/laliga\/rakitic-reencontrara-with-the-fans-of-the-camp-nou-in-front-of_279065_102.html#article","isPartOf":{"@id":"https:\/\/www.fcbarcelonanoticias.com\/en\/laliga\/rakitic-reencontrara-with-the-fans-of-the-camp-nou-in-front-of_279065_102.html"},"author":{"name":"Andr\u00e9s Quiroz","@id":"https:\/\/www.fcbarcelonanoticias.com\/en\/#\/schema\/person\/c2cd9f6fa1af5c0d0eccd0fefa575c88"},"headline":"Rakitic will meet again with the Camp Nou fans against Bar\u00e7a","datePublished":"2022-04-02T16:27:00+00:00","mainEntityOfPage":{"@id":"https:\/\/www.fcbarcelonanoticias.com\/en\/laliga\/rakitic-reencontrara-with-the-fans-of-the-camp-nou-in-front-of_279065_102.html"},"wordCount":646,"image":{"@id":"https:\/\/www.fcbarcelonanoticias.com\/en\/laliga\/rakitic-reencontrara-with-the-fans-of-the-camp-nou-in-front-of_279065_102.html#primaryimage"},"thumbnailUrl":"https:\/\/www.fcbarcelonanoticias.com\/en\/wp-content\/uploads\/sites\/2\/2022\/04\/ivan-rakitic-sevilla.jpeg","keywords":["Ivan Rakitic","Sevilla FC"],"articleSection":["LaLiga","LaLiga"],"inLanguage":"en-US"},{"@type":"WebPage","@id":"https:\/\/www.fcbarcelonanoticias.com\/en\/laliga\/rakitic-reencontrara-with-the-fans-of-the-camp-nou-in-front-of_279065_102.html","url":"https:\/\/www.fcbarcelonanoticias.com\/en\/laliga\/rakitic-reencontrara-with-the-fans-of-the-camp-nou-in-front-of_279065_102.html","name":"Rakitic will meet again with the Camp Nou fans against Bar\u00e7a","isPartOf":{"@id":"https:\/\/www.fcbarcelonanoticias.com\/en\/#website"},"primaryImageOfPage":{"@id":"https:\/\/www.fcbarcelonanoticias.com\/en\/laliga\/rakitic-reencontrara-with-the-fans-of-the-camp-nou-in-front-of_279065_102.html#primaryimage"},"image":{"@id":"https:\/\/www.fcbarcelonanoticias.com\/en\/laliga\/rakitic-reencontrara-with-the-fans-of-the-camp-nou-in-front-of_279065_102.html#primaryimage"},"thumbnailUrl":"https:\/\/www.fcbarcelonanoticias.com\/en\/wp-content\/uploads\/sites\/2\/2022\/04\/ivan-rakitic-sevilla.jpeg","datePublished":"2022-04-02T16:27:00+00:00","author":{"@id":"https:\/\/www.fcbarcelonanoticias.com\/en\/#\/schema\/person\/c2cd9f6fa1af5c0d0eccd0fefa575c88"},"description":"Ivan Rakitic will return to the Camp Nou this Sunday with the Seville to confront to the FC Barcelona, in a key duel by the fight of the second place in LaLiga. S...","breadcrumb":{"@id":"https:\/\/www.fcbarcelonanoticias.com\/en\/laliga\/rakitic-reencontrara-with-the-fans-of-the-camp-nou-in-front-of_279065_102.html#breadcrumb"},"inLanguage":"en-US","potentialAction":[{"@type":"ReadAction","target":["https:\/\/www.fcbarcelonanoticias.com\/en\/laliga\/rakitic-reencontrara-with-the-fans-of-the-camp-nou-in-front-of_279065_102.html"]}]},{"@type":"ImageObject","inLanguage":"en-US","@id":"https:\/\/www.fcbarcelonanoticias.com\/en\/laliga\/rakitic-reencontrara-with-the-fans-of-the-camp-nou-in-front-of_279065_102.html#primaryimage","url":"https:\/\/www.fcbarcelonanoticias.com\/en\/wp-content\/uploads\/sites\/2\/2022\/04\/ivan-rakitic-sevilla.jpeg","contentUrl":"https:\/\/www.fcbarcelonanoticias.com\/en\/wp-content\/uploads\/sites\/2\/2022\/04\/ivan-rakitic-sevilla.jpeg","width":1300,"height":732},{"@type":"BreadcrumbList","@id":"https:\/\/www.fcbarcelonanoticias.com\/en\/laliga\/rakitic-reencontrara-with-the-fans-of-the-camp-nou-in-front-of_279065_102.html#breadcrumb","itemListElement":[{"@type":"ListItem","position":1,"name":"Portada","item":"https:\/\/www.fcbarcelonanoticias.com\/en\/"},{"@type":"ListItem","position":2,"name":"Rakitic will meet again with the Camp Nou fans against Bar\u00e7a"}]},{"@type":"WebSite","@id":"https:\/\/www.fcbarcelonanoticias.com\/en\/#website","url":"https:\/\/www.fcbarcelonanoticias.com\/en\/","name":"EN - FC Barcelona Noticias","description":"","potentialAction":[{"@type":"SearchAction","target":{"@type":"EntryPoint","urlTemplate":"https:\/\/www.fcbarcelonanoticias.com\/en\/?s={search_term_string}"},"query-input":{"@type":"PropertyValueSpecification","valueRequired":true,"valueName":"search_term_string"}}],"inLanguage":"en-US"},{"@type":"Person","@id":"https:\/\/www.fcbarcelonanoticias.com\/en\/#\/schema\/person\/c2cd9f6fa1af5c0d0eccd0fefa575c88","name":"Andr\u00e9s Quiroz","image":{"@type":"ImageObject","inLanguage":"en-US","@id":"https:\/\/secure.gravatar.com\/avatar\/?s=96&d=mm&r=g","url":"https:\/\/secure.gravatar.com\/avatar\/?s=96&d=mm&r=g","contentUrl":"https:\/\/secure.gravatar.com\/avatar\/?s=96&d=mm&r=g","caption":"Andr\u00e9s Quiroz"},"description":"Licenciado en Periodismo por la Universidad de los Andes. Me encargo de analizar y compartir los contenidos m\u00e1s destacados de la\u00a0actualidad del F\u00fatbol Club Barcelona, Mercado de Fichajes y F\u00fatbol Internacional en FCBN. La informaci\u00f3n es poder, pero tambi\u00e9n conocimiento.","url":"https:\/\/www.fcbarcelonanoticias.com\/en\/fc-barcelona\/andres-quiroz_17_115.html"}]}},"_links":{"self":[{"href":"https:\/\/www.fcbarcelonanoticias.com\/en\/wp-json\/wp\/v2\/posts\/119835","targetHints":{"allow":["GET"]}}],"collection":[{"href":"https:\/\/www.fcbarcelonanoticias.com\/en\/wp-json\/wp\/v2\/posts"}],"about":[{"href":"https:\/\/www.fcbarcelonanoticias.com\/en\/wp-json\/wp\/v2\/types\/post"}],"author":[{"embeddable":true,"href":"https:\/\/www.fcbarcelonanoticias.com\/en\/wp-json\/wp\/v2\/users\/347"}],"replies":[{"embeddable":true,"href":"https:\/\/www.fcbarcelonanoticias.com\/en\/wp-json\/wp\/v2\/comments?post=119835"}],"version-history":[{"count":1,"href":"https:\/\/www.fcbarcelonanoticias.com\/en\/wp-json\/wp\/v2\/posts\/119835\/revisions"}],"predecessor-version":[{"id":149918,"href":"https:\/\/www.fcbarcelonanoticias.com\/en\/wp-json\/wp\/v2\/posts\/119835\/revisions\/149918"}],"wp:featuredmedia":[{"embeddable":true,"href":"https:\/\/www.fcbarcelonanoticias.com\/en\/wp-json\/wp\/v2\/media\/119840"}],"wp:attachment":[{"href":"https:\/\/www.fcbarcelonanoticias.com\/en\/wp-json\/wp\/v2\/media?parent=119835"}],"wp:term":[{"taxonomy":"category","embeddable":true,"href":"https:\/\/www.fcbarcelonanoticias.com\/en\/wp-json\/wp\/v2\/categories?post=119835"},{"taxonomy":"post_tag","embeddable":true,"href":"https:\/\/www.fcbarcelonanoticias.com\/en\/wp-json\/wp\/v2\/tags?post=119835"}],"curies":[{"name":"wp","href":"https:\/\/api.w.org\/{rel}","templated":true}]}}