{"id":119904,"date":"2026-01-25T21:09:00","date_gmt":"2026-01-25T20:09:00","guid":{"rendered":"https:\/\/weisetech.dev\/fc-barcelona-noticias\/en\/raphinha-celebrated-his-twelfth-goal-of-25-26-against-oviedo_315840_102\/"},"modified":"2026-01-25T21:09:00","modified_gmt":"2026-01-25T20:09:00","slug":"raphinha-celebrated-his-twelfth-goal-of-25-26-against-oviedo_315840_102","status":"publish","type":"post","link":"https:\/\/www.fcbarcelonanoticias.com\/en\/laliga\/raphinha-celebrated-his-twelfth-goal-of-25-26-against-oviedo_315840_102.html","title":{"rendered":"Raphinha celebrated his twelfth goal of 25\/26 against Oviedo"},"content":{"rendered":"<h2 class=\"wp-block-heading\">Raphinha celebrated his eighth goal in LaLiga 25\/26 against Oviedo (3-0). The Brazilian caused an error by David Costas that led to Bar\u00e7a&#8217;s second goal, scored by him just before being substituted<\/h2>  \r\n<div class=\"article-addons\">\r\n    <a href=\"https:\/\/www.fcbarcelonanoticias.com\/en\/calendar-fc-barcelona.html\"\r\n       target=\"_self\"\r\n       title=\"Calendar of FC Barcelona\"\r\n       class=\"blue-gredient-btn\">\r\n       \r\n        Calendar of FC Barcelona    <\/a>\r\n<\/div>   <p><strong>Raphinha <\/strong>got his revenge against <strong>Real Oviedo<\/strong> on Sunday at the <strong>Spotify Camp Nou<\/strong> (<a data-external=\"0\" data-intl-links-en=\"https:\/\/www.fcbarcelonanoticias.com\/en\/laliga\/barcelona-3-0-oviedo-laliga-leaders-show-their-striking-power_315835_102.html\" data-intl-links-es=\"https:\/\/www.fcbarcelonanoticias.com\/laliga\/barcelona-3-0-oviedo-lider-laliga-exhibe-pegada-ante-colista_315835_102.html\" href=\"https:\/\/www.fcbarcelonanoticias.com\/en\/laliga\/barcelona-3-0-oviedo-laliga-leaders-show-their-striking-power_315835_102.html\" rel=\"follow\" target=\"_self\" title=\"Barcelona 3-0 Oviedo: el l\u00edder de LaLiga exhibe su pegada ante el colista\">3-0<\/a>). The Brazilian celebrated his twelfth goal of the season for <strong>FC Barcelona<\/strong>, his eighth in LaLiga, against the same opponent against whom he was injured in the first half of the tournament<\/p>  <p>Raphinha suffered a <a data-external=\"0\" data-intl-links-en=\"https:\/\/www.fcbarcelonanoticias.com\/en\/fc-barcelona\/raphinha-out-for-three-weeks-due-to-injury-at-barca_314839_102.html\" data-intl-links-es=\"https:\/\/www.fcbarcelonanoticias.com\/fc-barcelona\/raphinha-lesion-biceps-femoral-baja-barca_314839_102.html\" href=\"https:\/\/www.fcbarcelonanoticias.com\/en\/fc-barcelona\/raphinha-out-for-three-weeks-due-to-injury-at-barca_314839_102.html\" rel=\"follow\" target=\"_self\" title=\"Raphinha estar\u00e1 tres semanas de baja por lesi\u00f3n en el b\u00edceps femoral\">right hamstring injury<\/a> on September 25 at the Carlos Tartiere Stadium, which he relapsed from in October, missing a total of 9 official matches with Bar\u00e7a. However, the 29-year-old forward has recovered his best form in recent weeks, where he has produced 9 goals in 7 games.<\/p>  <p>On Sunday, the Brazilian took advantage of an error by **David Costas** when he tried to pass the ball back to his goalkeeper, **Aar\u00f3n Escandell**, pressured by Raphinha, who finished with a chipped shot past the desperate sortie of the Asturian keeper.<\/p>  <h2>17 goals produced in 21 matches for Raphinha this season<\/h2>  <p>Just after scoring the 2-0 partial, Rapha left the field after the entry of **Ferm\u00edn L\u00f3pez**. Hansi Flick continues to be very careful with the minute management of the &#8217;11&#8217;, who is clearly not yet at his physical peak, but is at a very high level in terms of competitive rhythm.<\/p>  <p>Sunday&#8217;s was Raphinha&#8217;s twelfth goal of the season, and he also has <strong>5 assists in 21 games<\/strong> across all competitions. His records look distant compared to those of the 24\/25 season (34 goals, 23 assists), but this is due to the two months the forward spent in the Bar\u00e7a infirmary.&nbsp;<\/p>  <h2>Raphinha reveals the key to the thrashing against Oviedo<\/h2>  <p>After the match, Raphinha spoke with &#8216;DAZN&#8217; about the thrashing against Oviedo, a result that came from Bar\u00e7a&#8217;s effectiveness in the second half, after a fairly even first 45 minutes. In this regard, the Brazilian highlighted the team&#8217;s reaction in the second half to dismantle a difficult opponent.<\/p>  <p>&#8220;<strong>Press high and try to steal as many balls as possible, like in the second goal<\/strong>. A shame for the center-back, but it&#8217;s what I have to do, press those plays,&#8221; he said about David Costas&#8217;s error that led to Bar\u00e7a&#8217;s 2-0.<\/p>  <p>Likewise, the &#8217;11&#8217; highlighted his improvement in recent matches. &#8220;<strong>Eight goals in 13 games, do you think anything has changed from last season? You are the ones who can watch the games<\/strong>. I think I&#8217;m doing the same as last season,&#8221; the Porto Alegre native pointed out.<\/p>  <p>After a two-month layoff due to a right thigh injury, Raphinha has gradually regained his best form with Bar\u00e7a. This 2026, <strong>the winger has already scored 6 goals in 7 matches<\/strong>, where he also provided a couple of assists.&nbsp;<\/p> ","protected":false},"excerpt":{"rendered":"<p>Raphinha celebrated his eighth goal in LaLiga 25\/26 against Oviedo (3-0). The Brazilian caused an error by David Costas that led to Bar\u00e7a&#8217;s second goal, scored by him just before being substituted Raphinha got his revenge against Real Oviedo on Sunday at the Spotify Camp Nou (3-0). The Brazilian celebrated his twelfth goal of the [&hellip;]<\/p>\n","protected":false},"author":347,"featured_media":119908,"comment_status":"closed","ping_status":"open","sticky":false,"template":"","format":"standard","meta":{"_acf_changed":false,"inline_featured_image":false,"_nextfly_llmd_date_locked":false,"footnotes":""},"categories":[114,448],"tags":[78,463,144,157],"class_list":["post-119904","post","type-post","status-publish","format-standard","has-post-thumbnail","hentry","category-laliga","category-laliga-2","tag-fc-barcelona-vs-oviedo-news-matches-and-results","tag-raphinha-2","tag-raphinha","tag-statistics"],"acf":[],"yoast_head":"<!-- This site is optimized with the Yoast SEO plugin v27.3 - https:\/\/yoast.com\/product\/yoast-seo-wordpress\/ -->\n<title>Raphinha celebrated his twelfth goal of 25\/26 against Oviedo<\/title>\n<meta name=\"description\" content=\"Raphinha celebrated his eighth goal in LaLiga 25\/26 against Oviedo (3-0). The Brazilian caused an error by David Costas that led to the second goal\" \/>\n<meta name=\"robots\" content=\"index, follow, max-snippet:-1, max-image-preview:large, max-video-preview:-1\" \/>\n<link rel=\"canonical\" href=\"https:\/\/www.fcbarcelonanoticias.com\/en\/laliga\/raphinha-celebrated-his-twelfth-goal-of-25-26-against-oviedo_315840_102.html\" \/>\n<meta property=\"og:locale\" content=\"en_US\" \/>\n<meta property=\"og:type\" content=\"article\" \/>\n<meta property=\"og:title\" content=\"Raphinha celebrated his twelfth goal of 25\/26 against Oviedo\" \/>\n<meta property=\"og:description\" content=\"Raphinha celebrated his eighth goal in LaLiga 25\/26 against Oviedo (3-0). The Brazilian caused an error by David Costas that led to the second goal\" \/>\n<meta property=\"og:url\" content=\"https:\/\/www.fcbarcelonanoticias.com\/en\/laliga\/raphinha-celebrated-his-twelfth-goal-of-25-26-against-oviedo_315840_102.html\" \/>\n<meta property=\"og:site_name\" content=\"EN - FC Barcelona Noticias\" \/>\n<meta property=\"article:published_time\" content=\"2026-01-25T20:09:00+00:00\" \/>\n<meta property=\"og:image\" content=\"https:\/\/www.fcbarcelonanoticias.com\/en\/wp-content\/uploads\/sites\/2\/2026\/01\/gol-raphinha-v-oviedo-laliga.jpeg\" \/>\n\t<meta property=\"og:image:width\" content=\"1300\" \/>\n\t<meta property=\"og:image:height\" content=\"732\" \/>\n\t<meta property=\"og:image:type\" content=\"image\/jpeg\" \/>\n<meta name=\"author\" content=\"Andr\u00e9s Quiroz\" \/>\n<meta name=\"twitter:card\" content=\"summary_large_image\" \/>\n<meta name=\"twitter:label1\" content=\"Written by\" \/>\n\t<meta name=\"twitter:data1\" content=\"Andr\u00e9s Quiroz\" \/>\n\t<meta name=\"twitter:label2\" content=\"Est. reading time\" \/>\n\t<meta name=\"twitter:data2\" content=\"2 minutes\" \/>\n<script type=\"application\/ld+json\" class=\"yoast-schema-graph\">{\"@context\":\"https:\\\/\\\/schema.org\",\"@graph\":[{\"@type\":\"Article\",\"@id\":\"https:\\\/\\\/www.fcbarcelonanoticias.com\\\/en\\\/laliga\\\/raphinha-celebrated-his-twelfth-goal-of-25-26-against-oviedo_315840_102.html#article\",\"isPartOf\":{\"@id\":\"https:\\\/\\\/www.fcbarcelonanoticias.com\\\/en\\\/laliga\\\/raphinha-celebrated-his-twelfth-goal-of-25-26-against-oviedo_315840_102.html\"},\"author\":{\"name\":\"Andr\u00e9s Quiroz\",\"@id\":\"https:\\\/\\\/www.fcbarcelonanoticias.com\\\/en\\\/#\\\/schema\\\/person\\\/c2cd9f6fa1af5c0d0eccd0fefa575c88\"},\"headline\":\"Raphinha celebrated his twelfth goal of 25\\\/26 against Oviedo\",\"datePublished\":\"2026-01-25T20:09:00+00:00\",\"mainEntityOfPage\":{\"@id\":\"https:\\\/\\\/www.fcbarcelonanoticias.com\\\/en\\\/laliga\\\/raphinha-celebrated-his-twelfth-goal-of-25-26-against-oviedo_315840_102.html\"},\"wordCount\":476,\"image\":{\"@id\":\"https:\\\/\\\/www.fcbarcelonanoticias.com\\\/en\\\/laliga\\\/raphinha-celebrated-his-twelfth-goal-of-25-26-against-oviedo_315840_102.html#primaryimage\"},\"thumbnailUrl\":\"https:\\\/\\\/www.fcbarcelonanoticias.com\\\/en\\\/wp-content\\\/uploads\\\/sites\\\/2\\\/2026\\\/01\\\/gol-raphinha-v-oviedo-laliga.jpeg\",\"keywords\":[\"FC Barcelona vs Real Oviedo\",\"Raphinha\",\"Raphinha\",\"Statistics\"],\"articleSection\":[\"LaLiga\",\"LaLiga\"],\"inLanguage\":\"en-US\"},{\"@type\":\"WebPage\",\"@id\":\"https:\\\/\\\/www.fcbarcelonanoticias.com\\\/en\\\/laliga\\\/raphinha-celebrated-his-twelfth-goal-of-25-26-against-oviedo_315840_102.html\",\"url\":\"https:\\\/\\\/www.fcbarcelonanoticias.com\\\/en\\\/laliga\\\/raphinha-celebrated-his-twelfth-goal-of-25-26-against-oviedo_315840_102.html\",\"name\":\"Raphinha celebrated his twelfth goal of 25\\\/26 against Oviedo\",\"isPartOf\":{\"@id\":\"https:\\\/\\\/www.fcbarcelonanoticias.com\\\/en\\\/#website\"},\"primaryImageOfPage\":{\"@id\":\"https:\\\/\\\/www.fcbarcelonanoticias.com\\\/en\\\/laliga\\\/raphinha-celebrated-his-twelfth-goal-of-25-26-against-oviedo_315840_102.html#primaryimage\"},\"image\":{\"@id\":\"https:\\\/\\\/www.fcbarcelonanoticias.com\\\/en\\\/laliga\\\/raphinha-celebrated-his-twelfth-goal-of-25-26-against-oviedo_315840_102.html#primaryimage\"},\"thumbnailUrl\":\"https:\\\/\\\/www.fcbarcelonanoticias.com\\\/en\\\/wp-content\\\/uploads\\\/sites\\\/2\\\/2026\\\/01\\\/gol-raphinha-v-oviedo-laliga.jpeg\",\"datePublished\":\"2026-01-25T20:09:00+00:00\",\"author\":{\"@id\":\"https:\\\/\\\/www.fcbarcelonanoticias.com\\\/en\\\/#\\\/schema\\\/person\\\/c2cd9f6fa1af5c0d0eccd0fefa575c88\"},\"description\":\"Raphinha celebrated his eighth goal in LaLiga 25\\\/26 against Oviedo (3-0). The Brazilian caused an error by David Costas that led to the second goal\",\"breadcrumb\":{\"@id\":\"https:\\\/\\\/www.fcbarcelonanoticias.com\\\/en\\\/laliga\\\/raphinha-celebrated-his-twelfth-goal-of-25-26-against-oviedo_315840_102.html#breadcrumb\"},\"inLanguage\":\"en-US\",\"potentialAction\":[{\"@type\":\"ReadAction\",\"target\":[\"https:\\\/\\\/www.fcbarcelonanoticias.com\\\/en\\\/laliga\\\/raphinha-celebrated-his-twelfth-goal-of-25-26-against-oviedo_315840_102.html\"]}]},{\"@type\":\"ImageObject\",\"inLanguage\":\"en-US\",\"@id\":\"https:\\\/\\\/www.fcbarcelonanoticias.com\\\/en\\\/laliga\\\/raphinha-celebrated-his-twelfth-goal-of-25-26-against-oviedo_315840_102.html#primaryimage\",\"url\":\"https:\\\/\\\/www.fcbarcelonanoticias.com\\\/en\\\/wp-content\\\/uploads\\\/sites\\\/2\\\/2026\\\/01\\\/gol-raphinha-v-oviedo-laliga.jpeg\",\"contentUrl\":\"https:\\\/\\\/www.fcbarcelonanoticias.com\\\/en\\\/wp-content\\\/uploads\\\/sites\\\/2\\\/2026\\\/01\\\/gol-raphinha-v-oviedo-laliga.jpeg\",\"width\":1300,\"height\":732},{\"@type\":\"BreadcrumbList\",\"@id\":\"https:\\\/\\\/www.fcbarcelonanoticias.com\\\/en\\\/laliga\\\/raphinha-celebrated-his-twelfth-goal-of-25-26-against-oviedo_315840_102.html#breadcrumb\",\"itemListElement\":[{\"@type\":\"ListItem\",\"position\":1,\"name\":\"Portada\",\"item\":\"https:\\\/\\\/www.fcbarcelonanoticias.com\\\/en\\\/\"},{\"@type\":\"ListItem\",\"position\":2,\"name\":\"Raphinha celebrated his twelfth goal of 25\\\/26 against Oviedo\"}]},{\"@type\":\"WebSite\",\"@id\":\"https:\\\/\\\/www.fcbarcelonanoticias.com\\\/en\\\/#website\",\"url\":\"https:\\\/\\\/www.fcbarcelonanoticias.com\\\/en\\\/\",\"name\":\"EN - FC Barcelona Noticias\",\"description\":\"\",\"potentialAction\":[{\"@type\":\"SearchAction\",\"target\":{\"@type\":\"EntryPoint\",\"urlTemplate\":\"https:\\\/\\\/www.fcbarcelonanoticias.com\\\/en\\\/?s={search_term_string}\"},\"query-input\":{\"@type\":\"PropertyValueSpecification\",\"valueRequired\":true,\"valueName\":\"search_term_string\"}}],\"inLanguage\":\"en-US\"},{\"@type\":\"Person\",\"@id\":\"https:\\\/\\\/www.fcbarcelonanoticias.com\\\/en\\\/#\\\/schema\\\/person\\\/c2cd9f6fa1af5c0d0eccd0fefa575c88\",\"name\":\"Andr\u00e9s Quiroz\",\"image\":{\"@type\":\"ImageObject\",\"inLanguage\":\"en-US\",\"@id\":\"https:\\\/\\\/secure.gravatar.com\\\/avatar\\\/?s=96&d=mm&r=g\",\"url\":\"https:\\\/\\\/secure.gravatar.com\\\/avatar\\\/?s=96&d=mm&r=g\",\"contentUrl\":\"https:\\\/\\\/secure.gravatar.com\\\/avatar\\\/?s=96&d=mm&r=g\",\"caption\":\"Andr\u00e9s Quiroz\"},\"description\":\"Licenciado en Periodismo por la Universidad de los Andes. Me encargo de analizar y compartir los contenidos m\u00e1s destacados de la\u00a0actualidad del F\u00fatbol Club Barcelona, Mercado de Fichajes y F\u00fatbol Internacional en FCBN. La informaci\u00f3n es poder, pero tambi\u00e9n conocimiento.\",\"url\":\"https:\\\/\\\/www.fcbarcelonanoticias.com\\\/en\\\/fc-barcelona\\\/andres-quiroz_17_115.html\"}]}<\/script>\n<!-- \/ Yoast SEO plugin. -->","yoast_head_json":{"title":"Raphinha celebrated his twelfth goal of 25\/26 against Oviedo","description":"Raphinha celebrated his eighth goal in LaLiga 25\/26 against Oviedo (3-0). The Brazilian caused an error by David Costas that led to the second goal","robots":{"index":"index","follow":"follow","max-snippet":"max-snippet:-1","max-image-preview":"max-image-preview:large","max-video-preview":"max-video-preview:-1"},"canonical":"https:\/\/www.fcbarcelonanoticias.com\/en\/laliga\/raphinha-celebrated-his-twelfth-goal-of-25-26-against-oviedo_315840_102.html","og_locale":"en_US","og_type":"article","og_title":"Raphinha celebrated his twelfth goal of 25\/26 against Oviedo","og_description":"Raphinha celebrated his eighth goal in LaLiga 25\/26 against Oviedo (3-0). The Brazilian caused an error by David Costas that led to the second goal","og_url":"https:\/\/www.fcbarcelonanoticias.com\/en\/laliga\/raphinha-celebrated-his-twelfth-goal-of-25-26-against-oviedo_315840_102.html","og_site_name":"EN - FC Barcelona Noticias","article_published_time":"2026-01-25T20:09:00+00:00","og_image":[{"width":1300,"height":732,"url":"https:\/\/www.fcbarcelonanoticias.com\/en\/wp-content\/uploads\/sites\/2\/2026\/01\/gol-raphinha-v-oviedo-laliga.jpeg","type":"image\/jpeg"}],"author":"Andr\u00e9s Quiroz","twitter_card":"summary_large_image","twitter_misc":{"Written by":"Andr\u00e9s Quiroz","Est. reading time":"2 minutes"},"schema":{"@context":"https:\/\/schema.org","@graph":[{"@type":"Article","@id":"https:\/\/www.fcbarcelonanoticias.com\/en\/laliga\/raphinha-celebrated-his-twelfth-goal-of-25-26-against-oviedo_315840_102.html#article","isPartOf":{"@id":"https:\/\/www.fcbarcelonanoticias.com\/en\/laliga\/raphinha-celebrated-his-twelfth-goal-of-25-26-against-oviedo_315840_102.html"},"author":{"name":"Andr\u00e9s Quiroz","@id":"https:\/\/www.fcbarcelonanoticias.com\/en\/#\/schema\/person\/c2cd9f6fa1af5c0d0eccd0fefa575c88"},"headline":"Raphinha celebrated his twelfth goal of 25\/26 against Oviedo","datePublished":"2026-01-25T20:09:00+00:00","mainEntityOfPage":{"@id":"https:\/\/www.fcbarcelonanoticias.com\/en\/laliga\/raphinha-celebrated-his-twelfth-goal-of-25-26-against-oviedo_315840_102.html"},"wordCount":476,"image":{"@id":"https:\/\/www.fcbarcelonanoticias.com\/en\/laliga\/raphinha-celebrated-his-twelfth-goal-of-25-26-against-oviedo_315840_102.html#primaryimage"},"thumbnailUrl":"https:\/\/www.fcbarcelonanoticias.com\/en\/wp-content\/uploads\/sites\/2\/2026\/01\/gol-raphinha-v-oviedo-laliga.jpeg","keywords":["FC Barcelona vs Real Oviedo","Raphinha","Raphinha","Statistics"],"articleSection":["LaLiga","LaLiga"],"inLanguage":"en-US"},{"@type":"WebPage","@id":"https:\/\/www.fcbarcelonanoticias.com\/en\/laliga\/raphinha-celebrated-his-twelfth-goal-of-25-26-against-oviedo_315840_102.html","url":"https:\/\/www.fcbarcelonanoticias.com\/en\/laliga\/raphinha-celebrated-his-twelfth-goal-of-25-26-against-oviedo_315840_102.html","name":"Raphinha celebrated his twelfth goal of 25\/26 against Oviedo","isPartOf":{"@id":"https:\/\/www.fcbarcelonanoticias.com\/en\/#website"},"primaryImageOfPage":{"@id":"https:\/\/www.fcbarcelonanoticias.com\/en\/laliga\/raphinha-celebrated-his-twelfth-goal-of-25-26-against-oviedo_315840_102.html#primaryimage"},"image":{"@id":"https:\/\/www.fcbarcelonanoticias.com\/en\/laliga\/raphinha-celebrated-his-twelfth-goal-of-25-26-against-oviedo_315840_102.html#primaryimage"},"thumbnailUrl":"https:\/\/www.fcbarcelonanoticias.com\/en\/wp-content\/uploads\/sites\/2\/2026\/01\/gol-raphinha-v-oviedo-laliga.jpeg","datePublished":"2026-01-25T20:09:00+00:00","author":{"@id":"https:\/\/www.fcbarcelonanoticias.com\/en\/#\/schema\/person\/c2cd9f6fa1af5c0d0eccd0fefa575c88"},"description":"Raphinha celebrated his eighth goal in LaLiga 25\/26 against Oviedo (3-0). The Brazilian caused an error by David Costas that led to the second goal","breadcrumb":{"@id":"https:\/\/www.fcbarcelonanoticias.com\/en\/laliga\/raphinha-celebrated-his-twelfth-goal-of-25-26-against-oviedo_315840_102.html#breadcrumb"},"inLanguage":"en-US","potentialAction":[{"@type":"ReadAction","target":["https:\/\/www.fcbarcelonanoticias.com\/en\/laliga\/raphinha-celebrated-his-twelfth-goal-of-25-26-against-oviedo_315840_102.html"]}]},{"@type":"ImageObject","inLanguage":"en-US","@id":"https:\/\/www.fcbarcelonanoticias.com\/en\/laliga\/raphinha-celebrated-his-twelfth-goal-of-25-26-against-oviedo_315840_102.html#primaryimage","url":"https:\/\/www.fcbarcelonanoticias.com\/en\/wp-content\/uploads\/sites\/2\/2026\/01\/gol-raphinha-v-oviedo-laliga.jpeg","contentUrl":"https:\/\/www.fcbarcelonanoticias.com\/en\/wp-content\/uploads\/sites\/2\/2026\/01\/gol-raphinha-v-oviedo-laliga.jpeg","width":1300,"height":732},{"@type":"BreadcrumbList","@id":"https:\/\/www.fcbarcelonanoticias.com\/en\/laliga\/raphinha-celebrated-his-twelfth-goal-of-25-26-against-oviedo_315840_102.html#breadcrumb","itemListElement":[{"@type":"ListItem","position":1,"name":"Portada","item":"https:\/\/www.fcbarcelonanoticias.com\/en\/"},{"@type":"ListItem","position":2,"name":"Raphinha celebrated his twelfth goal of 25\/26 against Oviedo"}]},{"@type":"WebSite","@id":"https:\/\/www.fcbarcelonanoticias.com\/en\/#website","url":"https:\/\/www.fcbarcelonanoticias.com\/en\/","name":"EN - FC Barcelona Noticias","description":"","potentialAction":[{"@type":"SearchAction","target":{"@type":"EntryPoint","urlTemplate":"https:\/\/www.fcbarcelonanoticias.com\/en\/?s={search_term_string}"},"query-input":{"@type":"PropertyValueSpecification","valueRequired":true,"valueName":"search_term_string"}}],"inLanguage":"en-US"},{"@type":"Person","@id":"https:\/\/www.fcbarcelonanoticias.com\/en\/#\/schema\/person\/c2cd9f6fa1af5c0d0eccd0fefa575c88","name":"Andr\u00e9s Quiroz","image":{"@type":"ImageObject","inLanguage":"en-US","@id":"https:\/\/secure.gravatar.com\/avatar\/?s=96&d=mm&r=g","url":"https:\/\/secure.gravatar.com\/avatar\/?s=96&d=mm&r=g","contentUrl":"https:\/\/secure.gravatar.com\/avatar\/?s=96&d=mm&r=g","caption":"Andr\u00e9s Quiroz"},"description":"Licenciado en Periodismo por la Universidad de los Andes. Me encargo de analizar y compartir los contenidos m\u00e1s destacados de la\u00a0actualidad del F\u00fatbol Club Barcelona, Mercado de Fichajes y F\u00fatbol Internacional en FCBN. La informaci\u00f3n es poder, pero tambi\u00e9n conocimiento.","url":"https:\/\/www.fcbarcelonanoticias.com\/en\/fc-barcelona\/andres-quiroz_17_115.html"}]}},"_links":{"self":[{"href":"https:\/\/www.fcbarcelonanoticias.com\/en\/wp-json\/wp\/v2\/posts\/119904","targetHints":{"allow":["GET"]}}],"collection":[{"href":"https:\/\/www.fcbarcelonanoticias.com\/en\/wp-json\/wp\/v2\/posts"}],"about":[{"href":"https:\/\/www.fcbarcelonanoticias.com\/en\/wp-json\/wp\/v2\/types\/post"}],"author":[{"embeddable":true,"href":"https:\/\/www.fcbarcelonanoticias.com\/en\/wp-json\/wp\/v2\/users\/347"}],"replies":[{"embeddable":true,"href":"https:\/\/www.fcbarcelonanoticias.com\/en\/wp-json\/wp\/v2\/comments?post=119904"}],"version-history":[{"count":1,"href":"https:\/\/www.fcbarcelonanoticias.com\/en\/wp-json\/wp\/v2\/posts\/119904\/revisions"}],"predecessor-version":[{"id":149903,"href":"https:\/\/www.fcbarcelonanoticias.com\/en\/wp-json\/wp\/v2\/posts\/119904\/revisions\/149903"}],"wp:featuredmedia":[{"embeddable":true,"href":"https:\/\/www.fcbarcelonanoticias.com\/en\/wp-json\/wp\/v2\/media\/119908"}],"wp:attachment":[{"href":"https:\/\/www.fcbarcelonanoticias.com\/en\/wp-json\/wp\/v2\/media?parent=119904"}],"wp:term":[{"taxonomy":"category","embeddable":true,"href":"https:\/\/www.fcbarcelonanoticias.com\/en\/wp-json\/wp\/v2\/categories?post=119904"},{"taxonomy":"post_tag","embeddable":true,"href":"https:\/\/www.fcbarcelonanoticias.com\/en\/wp-json\/wp\/v2\/tags?post=119904"}],"curies":[{"name":"wp","href":"https:\/\/api.w.org\/{rel}","templated":true}]}}