{"id":12001,"date":"2023-02-14T12:34:00","date_gmt":"2023-02-14T11:34:00","guid":{"rendered":"https:\/\/weisetech.dev\/fc-barcelona-noticias\/en\/absences-barca-united-europa-league_289612_102\/"},"modified":"2023-02-14T12:34:00","modified_gmt":"2023-02-14T11:34:00","slug":"absences-barca-united-europa-league_289612_102","status":"publish","type":"post","link":"https:\/\/www.fcbarcelonanoticias.com\/en\/fc-barcelona\/absences-barca-united-europa-league_289612_102.html","title":{"rendered":"The notable absences of Bar\u00e7a-United in the Europa League playoffs"},"content":{"rendered":"<h2 class=\"wp-block-heading\">A total of nine key players will not be present for Bar\u00e7a-United in the first leg of the Europa League playoffs. For Bar\u00e7a, names like Sergio Busquets and Ousmane Demb\u00e9l\u00e9 stand out<\/h2>  \r\n<div class=\"article-addons\">\r\n    <a href=\"https:\/\/www.fcbarcelonanoticias.com\/en\/calendar-fc-barcelona.html\"\r\n       target=\"_self\"\r\n       title=\"Calendar of FC Barcelona\"\r\n       class=\"blue-gredient-btn\">\r\n       \r\n        Calendar of FC Barcelona    <\/a>\r\n<\/div>   <p>The FC Barcelona and the Manchester United will be confronting  in <a data-external=\"0\" data-intl-links-en=\"https:\/\/www.fcbarcelonanoticias.com\/en\/europa-league\/united-will-visit-barcelona-has-never-won-in-camp-nou_289611_102.html\" data-intl-links-es=\"https:\/\/www.fcbarcelonanoticias.com\/europa-league\/united-visitara-barcelona-nunca-ha-ganado-en-camp-nou_289611_102.html\" href=\"https:\/\/www.fcbarcelonanoticias.com\/en\/europa-league\/united-will-visit-barcelona-has-never-won-in-camp-nou_289611_102.html\" rel=\"follow\" target=\"_self\" title=\"El United visitar\u00e1 a un Bar\u00e7a al que nunca le ha ganado en el Camp Nou\">the playoffs of the UEFA Europe League<\/a> in search of his classification to the eighth of final. Of face to the crash of gone, that will have to the Spotify Camp Nou like stage of this duel that in previous years was more typical of a final of the League of Champions,<strong> are varied the names that will be absent, so much by injuries as by sanctions<\/strong>.<\/p> <p>In the case of the Barcelona team only appear two drops, but with an important weight in the group directed by Xavi Hern\u00e1ndez. <strong>One of them is the one of the captain Sergio Busquets, the one who presents a sprain in the external lateral ligament of the right ankle<\/strong>, what will prevent him jump to the field in front of the mancunianos in search of the pass to the round that will contest the 16 better teams of the tournament, waiting for evolution.<\/p> <p>Another big absent by part of the picture cul\u00e9 is <strong>Ousmane Demb\u00e9l\u00e9, the one who faces a hard drop of five weeks caused by an injury in the previous rectum of the left thigh<\/strong> of which was &#8216;victim&#8217; in the split suspender belt in front of the Girona, by what his return could take place already near of the month of March. This has carried to Xavi Hern\u00e1ndez to trust other forwards, as Ferran Torres, Raphinha or Ansu Fati, for suplirle in the field.<\/p> <h4>The drops of the United<\/h4> <p>The English will arrive to the City Condal with several sensitive absences, although <a data-external=\"0\" data-intl-links-en=\"https:\/\/www.fcbarcelonanoticias.com\/en\/international-football\/united-agonizing-triumph-rashford-barca_289560_102.html\" data-intl-links-es=\"https:\/\/www.fcbarcelonanoticias.com\/futbol-internacional\/triunfo-agonico-united-con-rashford-estrella-antes-visitar-barca_289560_102.html\" href=\"https:\/\/www.fcbarcelonanoticias.com\/en\/international-football\/united-agonizing-triumph-rashford-barca_289560_102.html\" rel=\"follow\" target=\"_self\" title=\"Triunfo ag\u00f3nico del United con Rashford de estrella antes de visitar al Bar\u00e7a\">they come to win his last party in the Premier League<\/a>. Regarding the lesionados, <strong>the list presents a total of five names<\/strong>: Christian Eriksen, the one who will be of drop until April by a severe injury in the ankle; Donny go of Beek, drop by what subtracts of season after a split of the ligament crossed previous of the right knee; Anthony Martial, with pains in the hip and descartado for the party; Scott McTominay, the one who follows dragging ailments in the leg from January, to the equal that Antony, the one who neither will travel to Barcelona.<\/p> <p>But <strong>the &#8216;network devils&#8217; also present other absences owing to the sanctions received in previous parties<\/strong> after a suffered classification until these instances of the tournament, by behind the Real Sociedad in his group. One of them is Lisandro Mart\u00ednez; the one who received his third yellow in front of the txuri-urdines, and Marcel Sabitzer, the one who arrived yielded in winter with a sanction that weighs on him from his go through the Bayern, received in the party in front of the Inter in Champions.<\/p> ","protected":false},"excerpt":{"rendered":"<p>A total of nine key players will not be present for Bar\u00e7a-United in the first leg of the Europa League playoffs. For Bar\u00e7a, names like Sergio Busquets and Ousmane Demb\u00e9l\u00e9 stand out The FC Barcelona and the Manchester United will be confronting in the playoffs of the UEFA Europe League in search of his classification [&hellip;]<\/p>\n","protected":false},"author":363,"featured_media":12003,"comment_status":"closed","ping_status":"open","sticky":false,"template":"","format":"standard","meta":{"_acf_changed":false,"inline_featured_image":false,"_nextfly_llmd_date_locked":false,"footnotes":""},"categories":[111],"tags":[197],"class_list":["post-12001","post","type-post","status-publish","format-standard","has-post-thumbnail","hentry","category-fc-barcelona","tag-manchester-united"],"acf":[],"yoast_head":"<!-- This site is optimized with the Yoast SEO plugin v27.3 - https:\/\/yoast.com\/product\/yoast-seo-wordpress\/ -->\n<title>The remarkable absences of the Bar\u00e7a-United in the playoffs of the Europe League<\/title>\n<meta name=\"description\" content=\"A total of nine key players will not be presents in the Bar\u00e7a-United in the gone of the playoffs of the Europe League. By the Bar\u00e7a stand out names like the ones of Sergio Busquets and Ousmane Demb\u00e9l\u00e9\" \/>\n<meta name=\"robots\" content=\"index, follow, max-snippet:-1, max-image-preview:large, max-video-preview:-1\" \/>\n<link rel=\"canonical\" href=\"https:\/\/www.fcbarcelonanoticias.com\/en\/fc-barcelona\/absences-barca-united-europa-league_289612_102.html\" \/>\n<meta property=\"og:locale\" content=\"en_US\" \/>\n<meta property=\"og:type\" content=\"article\" \/>\n<meta property=\"og:title\" content=\"The remarkable absences of the Bar\u00e7a-United in the playoffs of the Europe League\" \/>\n<meta property=\"og:description\" content=\"A total of nine key players will not be presents in the Bar\u00e7a-United in the gone of the playoffs of the Europe League. By the Bar\u00e7a stand out names like the ones of Sergio Busquets and Ousmane Demb\u00e9l\u00e9\" \/>\n<meta property=\"og:url\" content=\"https:\/\/www.fcbarcelonanoticias.com\/en\/fc-barcelona\/absences-barca-united-europa-league_289612_102.html\" \/>\n<meta property=\"og:site_name\" content=\"EN - FC Barcelona Noticias\" \/>\n<meta property=\"article:published_time\" content=\"2023-02-14T11:34:00+00:00\" \/>\n<meta property=\"og:image\" content=\"https:\/\/www.fcbarcelonanoticias.com\/en\/wp-content\/uploads\/sites\/2\/2023\/02\/fbl-esp-liga-barcelona-sevilla-8-1.jpeg\" \/>\n\t<meta property=\"og:image:width\" content=\"1200\" \/>\n\t<meta property=\"og:image:height\" content=\"695\" \/>\n\t<meta property=\"og:image:type\" content=\"image\/jpeg\" \/>\n<meta name=\"author\" content=\"Claudio Betancourt\" \/>\n<meta name=\"twitter:card\" content=\"summary_large_image\" \/>\n<meta name=\"twitter:label1\" content=\"Written by\" \/>\n\t<meta name=\"twitter:data1\" content=\"Claudio Betancourt\" \/>\n\t<meta name=\"twitter:label2\" content=\"Est. reading time\" \/>\n\t<meta name=\"twitter:data2\" content=\"2 minutes\" \/>\n<script type=\"application\/ld+json\" class=\"yoast-schema-graph\">{\"@context\":\"https:\\\/\\\/schema.org\",\"@graph\":[{\"@type\":\"Article\",\"@id\":\"https:\\\/\\\/www.fcbarcelonanoticias.com\\\/en\\\/fc-barcelona\\\/absences-barca-united-europa-league_289612_102.html#article\",\"isPartOf\":{\"@id\":\"https:\\\/\\\/www.fcbarcelonanoticias.com\\\/en\\\/fc-barcelona\\\/absences-barca-united-europa-league_289612_102.html\"},\"author\":{\"name\":\"Claudio Betancourt\",\"@id\":\"https:\\\/\\\/www.fcbarcelonanoticias.com\\\/en\\\/#\\\/schema\\\/person\\\/76c77917e39f918eb1604c571055386e\"},\"headline\":\"The notable absences of Bar\u00e7a-United in the Europa League playoffs\",\"datePublished\":\"2023-02-14T11:34:00+00:00\",\"mainEntityOfPage\":{\"@id\":\"https:\\\/\\\/www.fcbarcelonanoticias.com\\\/en\\\/fc-barcelona\\\/absences-barca-united-europa-league_289612_102.html\"},\"wordCount\":498,\"image\":{\"@id\":\"https:\\\/\\\/www.fcbarcelonanoticias.com\\\/en\\\/fc-barcelona\\\/absences-barca-united-europa-league_289612_102.html#primaryimage\"},\"thumbnailUrl\":\"https:\\\/\\\/www.fcbarcelonanoticias.com\\\/en\\\/wp-content\\\/uploads\\\/sites\\\/2\\\/2023\\\/02\\\/fbl-esp-liga-barcelona-sevilla-8-1.jpeg\",\"keywords\":[\"Manchester United\"],\"articleSection\":[\"FC Barcelona\"],\"inLanguage\":\"en-US\"},{\"@type\":\"WebPage\",\"@id\":\"https:\\\/\\\/www.fcbarcelonanoticias.com\\\/en\\\/fc-barcelona\\\/absences-barca-united-europa-league_289612_102.html\",\"url\":\"https:\\\/\\\/www.fcbarcelonanoticias.com\\\/en\\\/fc-barcelona\\\/absences-barca-united-europa-league_289612_102.html\",\"name\":\"The remarkable absences of the Bar\u00e7a-United in the playoffs of the Europe League\",\"isPartOf\":{\"@id\":\"https:\\\/\\\/www.fcbarcelonanoticias.com\\\/en\\\/#website\"},\"primaryImageOfPage\":{\"@id\":\"https:\\\/\\\/www.fcbarcelonanoticias.com\\\/en\\\/fc-barcelona\\\/absences-barca-united-europa-league_289612_102.html#primaryimage\"},\"image\":{\"@id\":\"https:\\\/\\\/www.fcbarcelonanoticias.com\\\/en\\\/fc-barcelona\\\/absences-barca-united-europa-league_289612_102.html#primaryimage\"},\"thumbnailUrl\":\"https:\\\/\\\/www.fcbarcelonanoticias.com\\\/en\\\/wp-content\\\/uploads\\\/sites\\\/2\\\/2023\\\/02\\\/fbl-esp-liga-barcelona-sevilla-8-1.jpeg\",\"datePublished\":\"2023-02-14T11:34:00+00:00\",\"author\":{\"@id\":\"https:\\\/\\\/www.fcbarcelonanoticias.com\\\/en\\\/#\\\/schema\\\/person\\\/76c77917e39f918eb1604c571055386e\"},\"description\":\"A total of nine key players will not be presents in the Bar\u00e7a-United in the gone of the playoffs of the Europe League. By the Bar\u00e7a stand out names like the ones of Sergio Busquets and Ousmane Demb\u00e9l\u00e9\",\"breadcrumb\":{\"@id\":\"https:\\\/\\\/www.fcbarcelonanoticias.com\\\/en\\\/fc-barcelona\\\/absences-barca-united-europa-league_289612_102.html#breadcrumb\"},\"inLanguage\":\"en-US\",\"potentialAction\":[{\"@type\":\"ReadAction\",\"target\":[\"https:\\\/\\\/www.fcbarcelonanoticias.com\\\/en\\\/fc-barcelona\\\/absences-barca-united-europa-league_289612_102.html\"]}]},{\"@type\":\"ImageObject\",\"inLanguage\":\"en-US\",\"@id\":\"https:\\\/\\\/www.fcbarcelonanoticias.com\\\/en\\\/fc-barcelona\\\/absences-barca-united-europa-league_289612_102.html#primaryimage\",\"url\":\"https:\\\/\\\/www.fcbarcelonanoticias.com\\\/en\\\/wp-content\\\/uploads\\\/sites\\\/2\\\/2023\\\/02\\\/fbl-esp-liga-barcelona-sevilla-8-1.jpeg\",\"contentUrl\":\"https:\\\/\\\/www.fcbarcelonanoticias.com\\\/en\\\/wp-content\\\/uploads\\\/sites\\\/2\\\/2023\\\/02\\\/fbl-esp-liga-barcelona-sevilla-8-1.jpeg\",\"width\":1200,\"height\":695},{\"@type\":\"BreadcrumbList\",\"@id\":\"https:\\\/\\\/www.fcbarcelonanoticias.com\\\/en\\\/fc-barcelona\\\/absences-barca-united-europa-league_289612_102.html#breadcrumb\",\"itemListElement\":[{\"@type\":\"ListItem\",\"position\":1,\"name\":\"Portada\",\"item\":\"https:\\\/\\\/www.fcbarcelonanoticias.com\\\/en\\\/\"},{\"@type\":\"ListItem\",\"position\":2,\"name\":\"The notable absences of Bar\u00e7a-United in the Europa League playoffs\"}]},{\"@type\":\"WebSite\",\"@id\":\"https:\\\/\\\/www.fcbarcelonanoticias.com\\\/en\\\/#website\",\"url\":\"https:\\\/\\\/www.fcbarcelonanoticias.com\\\/en\\\/\",\"name\":\"EN - FC Barcelona Noticias\",\"description\":\"\",\"potentialAction\":[{\"@type\":\"SearchAction\",\"target\":{\"@type\":\"EntryPoint\",\"urlTemplate\":\"https:\\\/\\\/www.fcbarcelonanoticias.com\\\/en\\\/?s={search_term_string}\"},\"query-input\":{\"@type\":\"PropertyValueSpecification\",\"valueRequired\":true,\"valueName\":\"search_term_string\"}}],\"inLanguage\":\"en-US\"},{\"@type\":\"Person\",\"@id\":\"https:\\\/\\\/www.fcbarcelonanoticias.com\\\/en\\\/#\\\/schema\\\/person\\\/76c77917e39f918eb1604c571055386e\",\"name\":\"Claudio Betancourt\",\"image\":{\"@type\":\"ImageObject\",\"inLanguage\":\"en-US\",\"@id\":\"https:\\\/\\\/secure.gravatar.com\\\/avatar\\\/?s=96&d=mm&r=g\",\"url\":\"https:\\\/\\\/secure.gravatar.com\\\/avatar\\\/?s=96&d=mm&r=g\",\"contentUrl\":\"https:\\\/\\\/secure.gravatar.com\\\/avatar\\\/?s=96&d=mm&r=g\",\"caption\":\"Claudio Betancourt\"},\"url\":\"https:\\\/\\\/www.fcbarcelonanoticias.com\\\/en\\\/claudio-betancourt_14_115.html\"}]}<\/script>\n<!-- \/ Yoast SEO plugin. -->","yoast_head_json":{"title":"The remarkable absences of the Bar\u00e7a-United in the playoffs of the Europe League","description":"A total of nine key players will not be presents in the Bar\u00e7a-United in the gone of the playoffs of the Europe League. By the Bar\u00e7a stand out names like the ones of Sergio Busquets and Ousmane Demb\u00e9l\u00e9","robots":{"index":"index","follow":"follow","max-snippet":"max-snippet:-1","max-image-preview":"max-image-preview:large","max-video-preview":"max-video-preview:-1"},"canonical":"https:\/\/www.fcbarcelonanoticias.com\/en\/fc-barcelona\/absences-barca-united-europa-league_289612_102.html","og_locale":"en_US","og_type":"article","og_title":"The remarkable absences of the Bar\u00e7a-United in the playoffs of the Europe League","og_description":"A total of nine key players will not be presents in the Bar\u00e7a-United in the gone of the playoffs of the Europe League. By the Bar\u00e7a stand out names like the ones of Sergio Busquets and Ousmane Demb\u00e9l\u00e9","og_url":"https:\/\/www.fcbarcelonanoticias.com\/en\/fc-barcelona\/absences-barca-united-europa-league_289612_102.html","og_site_name":"EN - FC Barcelona Noticias","article_published_time":"2023-02-14T11:34:00+00:00","og_image":[{"width":1200,"height":695,"url":"https:\/\/www.fcbarcelonanoticias.com\/en\/wp-content\/uploads\/sites\/2\/2023\/02\/fbl-esp-liga-barcelona-sevilla-8-1.jpeg","type":"image\/jpeg"}],"author":"Claudio Betancourt","twitter_card":"summary_large_image","twitter_misc":{"Written by":"Claudio Betancourt","Est. reading time":"2 minutes"},"schema":{"@context":"https:\/\/schema.org","@graph":[{"@type":"Article","@id":"https:\/\/www.fcbarcelonanoticias.com\/en\/fc-barcelona\/absences-barca-united-europa-league_289612_102.html#article","isPartOf":{"@id":"https:\/\/www.fcbarcelonanoticias.com\/en\/fc-barcelona\/absences-barca-united-europa-league_289612_102.html"},"author":{"name":"Claudio Betancourt","@id":"https:\/\/www.fcbarcelonanoticias.com\/en\/#\/schema\/person\/76c77917e39f918eb1604c571055386e"},"headline":"The notable absences of Bar\u00e7a-United in the Europa League playoffs","datePublished":"2023-02-14T11:34:00+00:00","mainEntityOfPage":{"@id":"https:\/\/www.fcbarcelonanoticias.com\/en\/fc-barcelona\/absences-barca-united-europa-league_289612_102.html"},"wordCount":498,"image":{"@id":"https:\/\/www.fcbarcelonanoticias.com\/en\/fc-barcelona\/absences-barca-united-europa-league_289612_102.html#primaryimage"},"thumbnailUrl":"https:\/\/www.fcbarcelonanoticias.com\/en\/wp-content\/uploads\/sites\/2\/2023\/02\/fbl-esp-liga-barcelona-sevilla-8-1.jpeg","keywords":["Manchester United"],"articleSection":["FC Barcelona"],"inLanguage":"en-US"},{"@type":"WebPage","@id":"https:\/\/www.fcbarcelonanoticias.com\/en\/fc-barcelona\/absences-barca-united-europa-league_289612_102.html","url":"https:\/\/www.fcbarcelonanoticias.com\/en\/fc-barcelona\/absences-barca-united-europa-league_289612_102.html","name":"The remarkable absences of the Bar\u00e7a-United in the playoffs of the Europe League","isPartOf":{"@id":"https:\/\/www.fcbarcelonanoticias.com\/en\/#website"},"primaryImageOfPage":{"@id":"https:\/\/www.fcbarcelonanoticias.com\/en\/fc-barcelona\/absences-barca-united-europa-league_289612_102.html#primaryimage"},"image":{"@id":"https:\/\/www.fcbarcelonanoticias.com\/en\/fc-barcelona\/absences-barca-united-europa-league_289612_102.html#primaryimage"},"thumbnailUrl":"https:\/\/www.fcbarcelonanoticias.com\/en\/wp-content\/uploads\/sites\/2\/2023\/02\/fbl-esp-liga-barcelona-sevilla-8-1.jpeg","datePublished":"2023-02-14T11:34:00+00:00","author":{"@id":"https:\/\/www.fcbarcelonanoticias.com\/en\/#\/schema\/person\/76c77917e39f918eb1604c571055386e"},"description":"A total of nine key players will not be presents in the Bar\u00e7a-United in the gone of the playoffs of the Europe League. By the Bar\u00e7a stand out names like the ones of Sergio Busquets and Ousmane Demb\u00e9l\u00e9","breadcrumb":{"@id":"https:\/\/www.fcbarcelonanoticias.com\/en\/fc-barcelona\/absences-barca-united-europa-league_289612_102.html#breadcrumb"},"inLanguage":"en-US","potentialAction":[{"@type":"ReadAction","target":["https:\/\/www.fcbarcelonanoticias.com\/en\/fc-barcelona\/absences-barca-united-europa-league_289612_102.html"]}]},{"@type":"ImageObject","inLanguage":"en-US","@id":"https:\/\/www.fcbarcelonanoticias.com\/en\/fc-barcelona\/absences-barca-united-europa-league_289612_102.html#primaryimage","url":"https:\/\/www.fcbarcelonanoticias.com\/en\/wp-content\/uploads\/sites\/2\/2023\/02\/fbl-esp-liga-barcelona-sevilla-8-1.jpeg","contentUrl":"https:\/\/www.fcbarcelonanoticias.com\/en\/wp-content\/uploads\/sites\/2\/2023\/02\/fbl-esp-liga-barcelona-sevilla-8-1.jpeg","width":1200,"height":695},{"@type":"BreadcrumbList","@id":"https:\/\/www.fcbarcelonanoticias.com\/en\/fc-barcelona\/absences-barca-united-europa-league_289612_102.html#breadcrumb","itemListElement":[{"@type":"ListItem","position":1,"name":"Portada","item":"https:\/\/www.fcbarcelonanoticias.com\/en\/"},{"@type":"ListItem","position":2,"name":"The notable absences of Bar\u00e7a-United in the Europa League playoffs"}]},{"@type":"WebSite","@id":"https:\/\/www.fcbarcelonanoticias.com\/en\/#website","url":"https:\/\/www.fcbarcelonanoticias.com\/en\/","name":"EN - FC Barcelona Noticias","description":"","potentialAction":[{"@type":"SearchAction","target":{"@type":"EntryPoint","urlTemplate":"https:\/\/www.fcbarcelonanoticias.com\/en\/?s={search_term_string}"},"query-input":{"@type":"PropertyValueSpecification","valueRequired":true,"valueName":"search_term_string"}}],"inLanguage":"en-US"},{"@type":"Person","@id":"https:\/\/www.fcbarcelonanoticias.com\/en\/#\/schema\/person\/76c77917e39f918eb1604c571055386e","name":"Claudio Betancourt","image":{"@type":"ImageObject","inLanguage":"en-US","@id":"https:\/\/secure.gravatar.com\/avatar\/?s=96&d=mm&r=g","url":"https:\/\/secure.gravatar.com\/avatar\/?s=96&d=mm&r=g","contentUrl":"https:\/\/secure.gravatar.com\/avatar\/?s=96&d=mm&r=g","caption":"Claudio Betancourt"},"url":"https:\/\/www.fcbarcelonanoticias.com\/en\/claudio-betancourt_14_115.html"}]}},"_links":{"self":[{"href":"https:\/\/www.fcbarcelonanoticias.com\/en\/wp-json\/wp\/v2\/posts\/12001","targetHints":{"allow":["GET"]}}],"collection":[{"href":"https:\/\/www.fcbarcelonanoticias.com\/en\/wp-json\/wp\/v2\/posts"}],"about":[{"href":"https:\/\/www.fcbarcelonanoticias.com\/en\/wp-json\/wp\/v2\/types\/post"}],"author":[{"embeddable":true,"href":"https:\/\/www.fcbarcelonanoticias.com\/en\/wp-json\/wp\/v2\/users\/363"}],"replies":[{"embeddable":true,"href":"https:\/\/www.fcbarcelonanoticias.com\/en\/wp-json\/wp\/v2\/comments?post=12001"}],"version-history":[{"count":1,"href":"https:\/\/www.fcbarcelonanoticias.com\/en\/wp-json\/wp\/v2\/posts\/12001\/revisions"}],"predecessor-version":[{"id":12002,"href":"https:\/\/www.fcbarcelonanoticias.com\/en\/wp-json\/wp\/v2\/posts\/12001\/revisions\/12002"}],"wp:featuredmedia":[{"embeddable":true,"href":"https:\/\/www.fcbarcelonanoticias.com\/en\/wp-json\/wp\/v2\/media\/12003"}],"wp:attachment":[{"href":"https:\/\/www.fcbarcelonanoticias.com\/en\/wp-json\/wp\/v2\/media?parent=12001"}],"wp:term":[{"taxonomy":"category","embeddable":true,"href":"https:\/\/www.fcbarcelonanoticias.com\/en\/wp-json\/wp\/v2\/categories?post=12001"},{"taxonomy":"post_tag","embeddable":true,"href":"https:\/\/www.fcbarcelonanoticias.com\/en\/wp-json\/wp\/v2\/tags?post=12001"}],"curies":[{"name":"wp","href":"https:\/\/api.w.org\/{rel}","templated":true}]}}