{"id":120194,"date":"2025-10-22T18:03:00","date_gmt":"2025-10-22T16:03:00","guid":{"rendered":"https:\/\/weisetech.dev\/fc-barcelona-noticias\/en\/raphinha-and-ferran-return-to-training-and-aim-for-clasico_315093_102\/"},"modified":"2026-03-27T11:35:44","modified_gmt":"2026-03-27T10:35:44","slug":"raphinha-and-ferran-return-to-training-and-aim-for-clasico_315093_102","status":"publish","type":"post","link":"https:\/\/www.fcbarcelonanoticias.com\/en\/laliga\/raphinha-and-ferran-return-to-training-and-aim-for-clasico_315093_102.html","title":{"rendered":"Raphinha and Ferran return to training with Bar\u00e7a and aim for the Cl\u00e1sico"},"content":{"rendered":"<h2 class=\"wp-block-heading\">Bar\u00e7a held the recovery session this Wednesday after the match against Olympiacos with two pieces of good news: Raphinha and Ferran Torres have returned to training as normal<\/h2>  \r\n<div class=\"article-addons\">\r\n    <a href=\"https:\/\/www.fcbarcelonanoticias.com\/en\/calendar-fc-barcelona.html\"\r\n       target=\"_self\"\r\n       title=\"Calendar of FC Barcelona\"\r\n       class=\"blue-gredient-btn\">\r\n       \r\n        Calendar of FC Barcelona    <\/a>\r\n<\/div>   <p><strong>Hansi Flick<\/strong> welcomed <strong>Raphinha<\/strong> back this Wednesday with his sights set on next Sunday&#8217;s <strong>Cl\u00e1sico<\/strong> against <a data-external=\"0\" data-intl-links-en=\"https:\/\/www.fcbarcelonanoticias.com\/en\/calendar\/real-madrid-barcelona-schedule-and-tv-laliga-2025-26-md10_314821_102.html\" data-intl-links-es=\"https:\/\/www.fcbarcelonanoticias.com\/calendario\/horario-tv-real-madrid-barcelona-laliga-2025-26-j10_314821_102.html\" href=\"https:\/\/www.fcbarcelonanoticias.com\/en\/calendar\/real-madrid-barcelona-schedule-and-tv-laliga-2025-26-md10_314821_102.html\" rel=\"follow\" target=\"_self\" title=\"Horario y TV del Real Madrid - Barcelona: LaLiga 2025\/26\">Real Madrid (16:15 CEST)<\/a>. The Brazilian has been away from the <a data-external=\"0\" data-intl-links-en=\"https:\/\/www.fcbarcelonanoticias.com\/en\/fc-barcelona-squad.html\" data-intl-links-es=\"https:\/\/www.fcbarcelonanoticias.com\/jugadores-fcbarcelona.html\" href=\"https:\/\/www.fcbarcelonanoticias.com\/en\/fc-barcelona-squad.html\" rel=\"follow\" target=\"_self\" title=\"Plantilla del FC Barcelona 2025-26\">FC Barcelona squad<\/a> for three and a half weeks due to a right femoral biceps injury suffered against <strong>Oviedo<\/strong> on September 25.<\/p>  <p>Initially, it was expected that the &#8217;11&#8217; would be available against <strong>Girona<\/strong>, but he was ultimately ruled out for both the Catalan derby and the Champions League match against <strong>Olympiacos<\/strong>. In both matches, the Porto Alegre native was in the stands at Montju\u00efc supporting the team along with the rest of the injured Bar\u00e7a players.<\/p>  <h2>Raphinha returns in time against Real Madrid, his favorite victim in 24\/25<\/h2>  <div class=\"media media-image\" data-ck-asset-wrapper=\"\"> <div class=\"media-item\"> <img loading=\"lazy\" decoding=\"async\" alt=\"LaLiga goalscorers' standings: Raphinha puts pressure on Mbapp\u00e9\" data-id=\"1520893\" data-resize=\"9\" height=\"563\" src=\"https:\/\/www.fcbarcelonanoticias.com\/wp-content\/uploads\/sites\/2\/2025\/09\/fcbn-7e99175b5fd2ef63d63c97f087848b7b.webp\" title=\"LaLiga goalscorers' standings: Raphinha puts pressure on Mbapp\u00e9\" width=\"1000\"><div class=\"media-title\">Raphinha celebrating a goal against Valencia<\/div> <\/div> <\/div>  <p>Finally, Raphinha returned to work on the pitch at the Tito Vilanova field this Wednesday, looking to be in top physical condition for the Cl\u00e1sico. In 24\/25, <strong>Rafa was a nightmare for Madrid, scoring 5 goals and 2 assists<\/strong> in 4 matches.<\/p>  <p>This season, before getting injured, he scored 3 goals (<strong>1 against Mallorca, 2 against Valencia<\/strong>) and provided a couple of assists in the League. For Bar\u00e7a, recovering his best form is key, as the 28-year-old winger led the Bar\u00e7a attack with 57 goal involvements (34G\/23A). Not in vain, he was the MVP of LaLiga and the top scorer in the Champions League (13).<\/p>  <p>Understanding that the Brazilian is returning after a month in dry dock, it is very likely that he will be a substitute on Sunday. <strong>Marcus Rashford<\/strong> has taken over for him on the left with high marks. The Englishman already has 5 goals and 5 assists in 12 games, leading the Blaugrana offense with 10 direct goal involvements.<\/p>  <h2>Ferran Torres Set to Return to Lineup on Sunday<\/h2>  <p>One player who does have options to return to the lineup against Real Madrid is <strong>Ferran Torres<\/strong>. The &#8216;Shark&#8217;, although he didn&#8217;t play any minutes, <strong>was on the bench against Olympiacos<\/strong> and didn&#8217;t suffer a specific injury to his left thigh. The &#8216;7&#8217; remained on the sidelines due to an overload from which he has evolved satisfactorily.<\/p>  <p>Ferran was in the starting lineup in 7 of the first 8 La Liga matchdays and is <strong>the team&#8217;s top scorer in the tournament with 5 goals<\/strong>. In addition, he provided 3 assists in the last Cl\u00e1sico against Madrid (<a data-external=\"0\" data-intl-links-en=\"https:\/\/www.fcbarcelonanoticias.com\/en\/laliga\/barcelona-4-3-madrid-comeback-robbery-and-laliga-is-over_312573_102.html\" data-intl-links-es=\"https:\/\/www.fcbarcelonanoticias.com\/laliga\/barcelona-4-3-real-madrid-remontada-robo-historico-y-liga-sentenciada_312573_102.html\" href=\"https:\/\/www.fcbarcelonanoticias.com\/en\/laliga\/barcelona-4-3-madrid-comeback-robbery-and-laliga-is-over_312573_102.html\" rel=\"follow\" target=\"_self\" title=\"Bar\u00e7a 4-3 Real Madrid: remontada, robo hist\u00f3rico \u00a1y Liga sentenciada!\">4-3<\/a>) and, with Robert Lewandowski out, he is emerging as Bar\u00e7a&#8217;s &#8216;9&#8217;.<\/p>  <p><strong>Toni Fern\u00e1ndez<\/strong> and &#8216;<strong>Dro<\/strong>&#8216; completed the offensive trident against Girona and Olympiacos, while Ferm\u00edn L\u00f3pez regained his place as an attacking midfielder against the Greeks. Along with &#8216;Lewy&#8217;, Joan Garc\u00eda and Dani Olmo are ruled out for Sunday, the latter being the closest to returning after being injured with Spain. Gavi and Ter Stegen, however, are long-term absentees.<\/p>  <table align=\"center\" border=\"1\" cellpadding=\"1\" cellspacing=\"1\" style=\"width:100%;\"> <caption>BAR\u00c7A INJURED PLAYERS &#8211; OCTOBER 2025<\/caption> \t<thead><tr> <th scope=\"col\">PLAYER<\/th> \t\t\t<th scope=\"col\">INJURY<\/th> \t\t\t<th scope=\"col\">ESTIMATED RETURN<\/th> \t\t<\/tr><\/thead> <tbody> <tr> <td style=\"text-align: center;\">Ter Stegen<\/td> \t\t\t<td style=\"text-align: center;\">Surgery for lower back problems<\/td> \t\t\t<td style=\"text-align: center;\">January 2026<\/td> \t\t<\/tr> <tr> <td style=\"text-align: center;\">Gavi<\/td> \t\t\t<td style=\"text-align: center;\">Surgery for a right meniscus injury<\/td> \t\t\t<td style=\"text-align: center;\">February 2026<\/td> \t\t<\/tr> <tr> <td style=\"text-align: center;\">Joan Garc\u00eda<\/td> \t\t\t<td style=\"text-align: center;\">Surgery for a left meniscus injury<\/td> \t\t\t<td style=\"text-align: center;\">November 2025<\/td> \t\t<\/tr> <tr> <td style=\"text-align: center;\">Dani Olmo<\/td> \t\t\t<td style=\"text-align: center;\">Injury to the left calf<\/td> \t\t\t<td style=\"text-align: center;\">November 2025<\/td> \t\t<\/tr> <tr> <td style=\"text-align: center;\">Lewandowski<\/td> \t\t\t<td style=\"text-align: center;\">Muscle tear of the left biceps femoris<\/td> \t\t\t<td style=\"text-align: center;\">November 2025<\/td> \t\t<\/tr> <\/tbody> <\/table> <h2>Real Madrid&#8217;s injury situation heading into El Cl\u00e1sico<\/h2>  <p>At Real Madrid, meanwhile, there are four players in the infirmary. <strong>Dean Huijsen<\/strong>, like <a data-external=\"0\" data-intl-links-en=\"https:\/\/www.fcbarcelonanoticias.com\/en\/fc-barcelona\/dani-olmo-will-return-to-barcelona-due-to-calf-injury_314992_102.html\" data-intl-links-es=\"https:\/\/www.fcbarcelonanoticias.com\/fc-barcelona\/dani-olmo-ko-egarense-sufre-lesion-gemelo-izquierdo_314992_102.html\" href=\"https:\/\/www.fcbarcelonanoticias.com\/en\/fc-barcelona\/dani-olmo-will-return-to-barcelona-due-to-calf-injury_314992_102.html\" rel=\"follow\" target=\"_self\" title=\"Dani Olmo KO: el egarense sufre una lesi\u00f3n en el gemelo izquierdo\">Dani Olmo<\/a> with Bar\u00e7a, returned from international duty with Spain injured. The center-back remains sidelined due to an injury to the soleus muscle in his right leg, the same leg that <strong>Dani Carvajal<\/strong> injured in the derby <a data-external=\"0\" data-intl-links-en=\"https:\/\/www.fcbarcelonanoticias.com\/en\/laliga\/atletico-5-2-real-madrid-historic-little-hand-for-rojiblancos_314849_102.html\" data-intl-links-es=\"https:\/\/www.fcbarcelonanoticias.com\/laliga\/atletico-5-2-real-madrid-historica-manita-rojiblanca-liderato-pedir-barcelona_314849_102.html\" href=\"https:\/\/www.fcbarcelonanoticias.com\/en\/laliga\/atletico-5-2-real-madrid-historic-little-hand-for-rojiblancos_314849_102.html\" rel=\"follow\" target=\"_self\" title=\"Atl\u00e9tico 5-2 Real Madrid: hist\u00f3rica 'manita' rojiblanca y liderato a pedir del Bar\u00e7a\">against Atl\u00e9tico (5-2)<\/a>.<\/p>  <p>The full-back, however, will be in the infirmary for about 4 weeks, so it is likely that he will not be available against Bar\u00e7a. Huijsen also hopes to be medically discharged on Sunday, but he is unlikely to be in a position to enter the starting XI. <strong>Both were left out of the squad against Juventus<\/strong> this Wednesday.<\/p>  <p>One player who did return for matchday 3 of the Champions League was <strong>Ferland Mendy<\/strong>. The left-back hasn&#8217;t played since April and, like <strong>David Alaba<\/strong>, has an endless history of injuries. The Austrian, in fact, relapsed on Sunday against Getafe (injury to the right soleus) and will probably miss the Cl\u00e1sico.<\/p>  <p>Antonio R\u00fcdiger&#8217;s absence will be even longer. The German suffers a muscle tear in the rectus anterior of his left leg and will be KO, at least, until early December.<\/p>  <p><strong>Trent Alexander-Arnold<\/strong>, meanwhile, remains sidelined due to a muscular injury in the biceps femoris of his left leg, which requires a recovery time of 6 to 8 weeks. Therefore, he is a confirmed absence for the Cl\u00e1sico and hopes to return after the November break. Thus, Madrid keeps 5 players in &#8216;capilla&#8217;, although 2 of them could return against Bar\u00e7a.<\/p>  <table align=\"center\" border=\"1\" cellpadding=\"1\" cellspacing=\"1\" style=\"width:100%;\"> <caption>REAL MADRID INJURED PLAYERS &#8211; OCTOBER 2025<\/caption> \t<thead><tr> <th scope=\"col\">PLAYER<\/th> \t\t\t<th scope=\"col\">INJURY<\/th> \t\t\t<th scope=\"col\">ESTIMATED RETURN<\/th> \t\t<\/tr><\/thead> <tbody> <tr> <td style=\"text-align: center;\">Dean Huijsen<\/td> \t\t\t<td style=\"text-align: center;\">Injury to the right soleus<\/td> \t\t\t<td style=\"text-align: center;\">October 26<\/td> \t\t<\/tr> <tr> <td style=\"text-align: center;\">Dani Carvajal<\/td> \t\t\t<td style=\"text-align: center;\">Injury to the right soleus<\/td> \t\t\t<td style=\"text-align: center;\">October 26<\/td> \t\t<\/tr> <tr> <td style=\"text-align: center;\">Alexander-Arnold<\/td> \t\t\t<td style=\"text-align: center;\">Injury to the left biceps femoris<\/td> \t\t\t<td style=\"text-align: center;\">November 2025<\/td> \t\t<\/tr> <tr> <td style=\"text-align: center;\">Antonio R\u00fcdiger<\/td> \t\t\t<td style=\"text-align: center;\">Tear of the left rectus anterior<\/td> \t\t\t<td style=\"text-align: center;\">December 2025<\/td> \t\t<\/tr> <tr> <td style=\"text-align: center;\">David Alaba<\/td> \t\t\t<td style=\"text-align: center;\">Injury to the right soleus<\/td> \t\t\t<td style=\"text-align: center;\">November 2025<\/td> \t\t<\/tr> <\/tbody> <\/table> <ul> <li>Follow the complete coverage of <strong><a data-external=\"0\" data-intl-links-en=\"https:\/\/www.fcbarcelonanoticias.com\/en\/laliga.html\" data-intl-links-es=\"https:\/\/www.fcbarcelonanoticias.com\/laliga.html\" href=\"https:\/\/www.fcbarcelonanoticias.com\/en\/laliga.html\" rel=\"follow\" target=\"_self\" title=\"LaLiga\">LaLiga EA Sports 2025-26<\/a><\/strong> in FC Barcelona Noticias<\/li> <\/ul> ","protected":false},"excerpt":{"rendered":"<p>Bar\u00e7a held the recovery session this Wednesday after the match against Olympiacos with two pieces of good news: Raphinha and Ferran Torres have returned to training as normal Hansi Flick welcomed Raphinha back this Wednesday with his sights set on next Sunday&#8217;s Cl\u00e1sico against Real Madrid (16:15 CEST). The Brazilian has been away from the [&hellip;]<\/p>\n","protected":false},"author":347,"featured_media":120205,"comment_status":"closed","ping_status":"open","sticky":false,"template":"","format":"standard","meta":{"_acf_changed":false,"inline_featured_image":false,"_nextfly_llmd_date_locked":false,"footnotes":""},"categories":[114,448],"tags":[53,471,195,136,463,144],"class_list":["post-120194","post","type-post","status-publish","format-standard","has-post-thumbnail","hentry","category-laliga","category-laliga-2","tag-el-clasico","tag-ferran-torres-2","tag-ferran-torres","tag-injured","tag-raphinha-2","tag-raphinha"],"acf":[],"yoast_head":"<!-- This site is optimized with the Yoast SEO plugin v27.3 - https:\/\/yoast.com\/product\/yoast-seo-wordpress\/ -->\n<title>Raphinha and Ferran return to training and aim for the Cl\u00e1sico<\/title>\n<meta name=\"description\" content=\"Raphinha and Ferran Torres have returned to training normally in Barcelona and will be available against Real Madrid\" \/>\n<meta name=\"robots\" content=\"index, follow, max-snippet:-1, max-image-preview:large, max-video-preview:-1\" \/>\n<link rel=\"canonical\" href=\"https:\/\/www.fcbarcelonanoticias.com\/en\/laliga\/raphinha-and-ferran-return-to-training-and-aim-for-clasico_315093_102.html\" \/>\n<meta property=\"og:locale\" content=\"en_US\" \/>\n<meta property=\"og:type\" content=\"article\" \/>\n<meta property=\"og:title\" content=\"Raphinha and Ferran return to training and aim for the Cl\u00e1sico\" \/>\n<meta property=\"og:description\" content=\"Raphinha and Ferran Torres have returned to training normally in Barcelona and will be available against Real Madrid\" \/>\n<meta property=\"og:url\" content=\"https:\/\/www.fcbarcelonanoticias.com\/en\/laliga\/raphinha-and-ferran-return-to-training-and-aim-for-clasico_315093_102.html\" \/>\n<meta property=\"og:site_name\" content=\"EN - FC Barcelona Noticias\" \/>\n<meta property=\"article:published_time\" content=\"2025-10-22T16:03:00+00:00\" \/>\n<meta property=\"article:modified_time\" content=\"2026-03-27T10:35:44+00:00\" \/>\n<meta property=\"og:image\" content=\"https:\/\/www.fcbarcelonanoticias.com\/en\/wp-content\/uploads\/sites\/2\/2025\/10\/raphinha-entrenamiento-ciutat-esportiva.webp\" \/>\n\t<meta property=\"og:image:width\" content=\"1200\" \/>\n\t<meta property=\"og:image:height\" content=\"675\" \/>\n\t<meta property=\"og:image:type\" content=\"image\/webp\" \/>\n<meta name=\"author\" content=\"Andr\u00e9s Quiroz\" \/>\n<meta name=\"twitter:card\" content=\"summary_large_image\" \/>\n<meta name=\"twitter:label1\" content=\"Written by\" \/>\n\t<meta name=\"twitter:data1\" content=\"Andr\u00e9s Quiroz\" \/>\n\t<meta name=\"twitter:label2\" content=\"Est. reading time\" \/>\n\t<meta name=\"twitter:data2\" content=\"4 minutes\" \/>\n<script type=\"application\/ld+json\" class=\"yoast-schema-graph\">{\"@context\":\"https:\\\/\\\/schema.org\",\"@graph\":[{\"@type\":\"Article\",\"@id\":\"https:\\\/\\\/www.fcbarcelonanoticias.com\\\/en\\\/laliga\\\/raphinha-and-ferran-return-to-training-and-aim-for-clasico_315093_102.html#article\",\"isPartOf\":{\"@id\":\"https:\\\/\\\/www.fcbarcelonanoticias.com\\\/en\\\/laliga\\\/raphinha-and-ferran-return-to-training-and-aim-for-clasico_315093_102.html\"},\"author\":{\"name\":\"Andr\u00e9s Quiroz\",\"@id\":\"https:\\\/\\\/www.fcbarcelonanoticias.com\\\/en\\\/#\\\/schema\\\/person\\\/c2cd9f6fa1af5c0d0eccd0fefa575c88\"},\"headline\":\"Raphinha and Ferran return to training with Bar\u00e7a and aim for the Cl\u00e1sico\",\"datePublished\":\"2025-10-22T16:03:00+00:00\",\"dateModified\":\"2026-03-27T10:35:44+00:00\",\"mainEntityOfPage\":{\"@id\":\"https:\\\/\\\/www.fcbarcelonanoticias.com\\\/en\\\/laliga\\\/raphinha-and-ferran-return-to-training-and-aim-for-clasico_315093_102.html\"},\"wordCount\":883,\"image\":{\"@id\":\"https:\\\/\\\/www.fcbarcelonanoticias.com\\\/en\\\/laliga\\\/raphinha-and-ferran-return-to-training-and-aim-for-clasico_315093_102.html#primaryimage\"},\"thumbnailUrl\":\"https:\\\/\\\/www.fcbarcelonanoticias.com\\\/en\\\/wp-content\\\/uploads\\\/sites\\\/2\\\/2025\\\/10\\\/raphinha-entrenamiento-ciutat-esportiva.webp\",\"keywords\":[\"El Cl\u00e1sico\",\"Ferran Torres\",\"Ferran Torres\",\"injured\",\"Raphinha\",\"Raphinha\"],\"articleSection\":[\"LaLiga\",\"LaLiga\"],\"inLanguage\":\"en-US\"},{\"@type\":\"WebPage\",\"@id\":\"https:\\\/\\\/www.fcbarcelonanoticias.com\\\/en\\\/laliga\\\/raphinha-and-ferran-return-to-training-and-aim-for-clasico_315093_102.html\",\"url\":\"https:\\\/\\\/www.fcbarcelonanoticias.com\\\/en\\\/laliga\\\/raphinha-and-ferran-return-to-training-and-aim-for-clasico_315093_102.html\",\"name\":\"Raphinha and Ferran return to training and aim for the Cl\u00e1sico\",\"isPartOf\":{\"@id\":\"https:\\\/\\\/www.fcbarcelonanoticias.com\\\/en\\\/#website\"},\"primaryImageOfPage\":{\"@id\":\"https:\\\/\\\/www.fcbarcelonanoticias.com\\\/en\\\/laliga\\\/raphinha-and-ferran-return-to-training-and-aim-for-clasico_315093_102.html#primaryimage\"},\"image\":{\"@id\":\"https:\\\/\\\/www.fcbarcelonanoticias.com\\\/en\\\/laliga\\\/raphinha-and-ferran-return-to-training-and-aim-for-clasico_315093_102.html#primaryimage\"},\"thumbnailUrl\":\"https:\\\/\\\/www.fcbarcelonanoticias.com\\\/en\\\/wp-content\\\/uploads\\\/sites\\\/2\\\/2025\\\/10\\\/raphinha-entrenamiento-ciutat-esportiva.webp\",\"datePublished\":\"2025-10-22T16:03:00+00:00\",\"dateModified\":\"2026-03-27T10:35:44+00:00\",\"author\":{\"@id\":\"https:\\\/\\\/www.fcbarcelonanoticias.com\\\/en\\\/#\\\/schema\\\/person\\\/c2cd9f6fa1af5c0d0eccd0fefa575c88\"},\"description\":\"Raphinha and Ferran Torres have returned to training normally in Barcelona and will be available against Real Madrid\",\"breadcrumb\":{\"@id\":\"https:\\\/\\\/www.fcbarcelonanoticias.com\\\/en\\\/laliga\\\/raphinha-and-ferran-return-to-training-and-aim-for-clasico_315093_102.html#breadcrumb\"},\"inLanguage\":\"en-US\",\"potentialAction\":[{\"@type\":\"ReadAction\",\"target\":[\"https:\\\/\\\/www.fcbarcelonanoticias.com\\\/en\\\/laliga\\\/raphinha-and-ferran-return-to-training-and-aim-for-clasico_315093_102.html\"]}]},{\"@type\":\"ImageObject\",\"inLanguage\":\"en-US\",\"@id\":\"https:\\\/\\\/www.fcbarcelonanoticias.com\\\/en\\\/laliga\\\/raphinha-and-ferran-return-to-training-and-aim-for-clasico_315093_102.html#primaryimage\",\"url\":\"https:\\\/\\\/www.fcbarcelonanoticias.com\\\/en\\\/wp-content\\\/uploads\\\/sites\\\/2\\\/2025\\\/10\\\/raphinha-entrenamiento-ciutat-esportiva.webp\",\"contentUrl\":\"https:\\\/\\\/www.fcbarcelonanoticias.com\\\/en\\\/wp-content\\\/uploads\\\/sites\\\/2\\\/2025\\\/10\\\/raphinha-entrenamiento-ciutat-esportiva.webp\",\"width\":1200,\"height\":675},{\"@type\":\"BreadcrumbList\",\"@id\":\"https:\\\/\\\/www.fcbarcelonanoticias.com\\\/en\\\/laliga\\\/raphinha-and-ferran-return-to-training-and-aim-for-clasico_315093_102.html#breadcrumb\",\"itemListElement\":[{\"@type\":\"ListItem\",\"position\":1,\"name\":\"Portada\",\"item\":\"https:\\\/\\\/www.fcbarcelonanoticias.com\\\/en\\\/\"},{\"@type\":\"ListItem\",\"position\":2,\"name\":\"Raphinha and Ferran return to training with Bar\u00e7a and aim for the Cl\u00e1sico\"}]},{\"@type\":\"WebSite\",\"@id\":\"https:\\\/\\\/www.fcbarcelonanoticias.com\\\/en\\\/#website\",\"url\":\"https:\\\/\\\/www.fcbarcelonanoticias.com\\\/en\\\/\",\"name\":\"EN - FC Barcelona Noticias\",\"description\":\"\",\"potentialAction\":[{\"@type\":\"SearchAction\",\"target\":{\"@type\":\"EntryPoint\",\"urlTemplate\":\"https:\\\/\\\/www.fcbarcelonanoticias.com\\\/en\\\/?s={search_term_string}\"},\"query-input\":{\"@type\":\"PropertyValueSpecification\",\"valueRequired\":true,\"valueName\":\"search_term_string\"}}],\"inLanguage\":\"en-US\"},{\"@type\":\"Person\",\"@id\":\"https:\\\/\\\/www.fcbarcelonanoticias.com\\\/en\\\/#\\\/schema\\\/person\\\/c2cd9f6fa1af5c0d0eccd0fefa575c88\",\"name\":\"Andr\u00e9s Quiroz\",\"image\":{\"@type\":\"ImageObject\",\"inLanguage\":\"en-US\",\"@id\":\"https:\\\/\\\/secure.gravatar.com\\\/avatar\\\/?s=96&d=mm&r=g\",\"url\":\"https:\\\/\\\/secure.gravatar.com\\\/avatar\\\/?s=96&d=mm&r=g\",\"contentUrl\":\"https:\\\/\\\/secure.gravatar.com\\\/avatar\\\/?s=96&d=mm&r=g\",\"caption\":\"Andr\u00e9s Quiroz\"},\"description\":\"Licenciado en Periodismo por la Universidad de los Andes. Me encargo de analizar y compartir los contenidos m\u00e1s destacados de la\u00a0actualidad del F\u00fatbol Club Barcelona, Mercado de Fichajes y F\u00fatbol Internacional en FCBN. La informaci\u00f3n es poder, pero tambi\u00e9n conocimiento.\",\"url\":\"https:\\\/\\\/www.fcbarcelonanoticias.com\\\/en\\\/fc-barcelona\\\/andres-quiroz_17_115.html\"}]}<\/script>\n<!-- \/ Yoast SEO plugin. -->","yoast_head_json":{"title":"Raphinha and Ferran return to training and aim for the Cl\u00e1sico","description":"Raphinha and Ferran Torres have returned to training normally in Barcelona and will be available against Real Madrid","robots":{"index":"index","follow":"follow","max-snippet":"max-snippet:-1","max-image-preview":"max-image-preview:large","max-video-preview":"max-video-preview:-1"},"canonical":"https:\/\/www.fcbarcelonanoticias.com\/en\/laliga\/raphinha-and-ferran-return-to-training-and-aim-for-clasico_315093_102.html","og_locale":"en_US","og_type":"article","og_title":"Raphinha and Ferran return to training and aim for the Cl\u00e1sico","og_description":"Raphinha and Ferran Torres have returned to training normally in Barcelona and will be available against Real Madrid","og_url":"https:\/\/www.fcbarcelonanoticias.com\/en\/laliga\/raphinha-and-ferran-return-to-training-and-aim-for-clasico_315093_102.html","og_site_name":"EN - FC Barcelona Noticias","article_published_time":"2025-10-22T16:03:00+00:00","article_modified_time":"2026-03-27T10:35:44+00:00","og_image":[{"width":1200,"height":675,"url":"https:\/\/www.fcbarcelonanoticias.com\/en\/wp-content\/uploads\/sites\/2\/2025\/10\/raphinha-entrenamiento-ciutat-esportiva.webp","type":"image\/webp"}],"author":"Andr\u00e9s Quiroz","twitter_card":"summary_large_image","twitter_misc":{"Written by":"Andr\u00e9s Quiroz","Est. reading time":"4 minutes"},"schema":{"@context":"https:\/\/schema.org","@graph":[{"@type":"Article","@id":"https:\/\/www.fcbarcelonanoticias.com\/en\/laliga\/raphinha-and-ferran-return-to-training-and-aim-for-clasico_315093_102.html#article","isPartOf":{"@id":"https:\/\/www.fcbarcelonanoticias.com\/en\/laliga\/raphinha-and-ferran-return-to-training-and-aim-for-clasico_315093_102.html"},"author":{"name":"Andr\u00e9s Quiroz","@id":"https:\/\/www.fcbarcelonanoticias.com\/en\/#\/schema\/person\/c2cd9f6fa1af5c0d0eccd0fefa575c88"},"headline":"Raphinha and Ferran return to training with Bar\u00e7a and aim for the Cl\u00e1sico","datePublished":"2025-10-22T16:03:00+00:00","dateModified":"2026-03-27T10:35:44+00:00","mainEntityOfPage":{"@id":"https:\/\/www.fcbarcelonanoticias.com\/en\/laliga\/raphinha-and-ferran-return-to-training-and-aim-for-clasico_315093_102.html"},"wordCount":883,"image":{"@id":"https:\/\/www.fcbarcelonanoticias.com\/en\/laliga\/raphinha-and-ferran-return-to-training-and-aim-for-clasico_315093_102.html#primaryimage"},"thumbnailUrl":"https:\/\/www.fcbarcelonanoticias.com\/en\/wp-content\/uploads\/sites\/2\/2025\/10\/raphinha-entrenamiento-ciutat-esportiva.webp","keywords":["El Cl\u00e1sico","Ferran Torres","Ferran Torres","injured","Raphinha","Raphinha"],"articleSection":["LaLiga","LaLiga"],"inLanguage":"en-US"},{"@type":"WebPage","@id":"https:\/\/www.fcbarcelonanoticias.com\/en\/laliga\/raphinha-and-ferran-return-to-training-and-aim-for-clasico_315093_102.html","url":"https:\/\/www.fcbarcelonanoticias.com\/en\/laliga\/raphinha-and-ferran-return-to-training-and-aim-for-clasico_315093_102.html","name":"Raphinha and Ferran return to training and aim for the Cl\u00e1sico","isPartOf":{"@id":"https:\/\/www.fcbarcelonanoticias.com\/en\/#website"},"primaryImageOfPage":{"@id":"https:\/\/www.fcbarcelonanoticias.com\/en\/laliga\/raphinha-and-ferran-return-to-training-and-aim-for-clasico_315093_102.html#primaryimage"},"image":{"@id":"https:\/\/www.fcbarcelonanoticias.com\/en\/laliga\/raphinha-and-ferran-return-to-training-and-aim-for-clasico_315093_102.html#primaryimage"},"thumbnailUrl":"https:\/\/www.fcbarcelonanoticias.com\/en\/wp-content\/uploads\/sites\/2\/2025\/10\/raphinha-entrenamiento-ciutat-esportiva.webp","datePublished":"2025-10-22T16:03:00+00:00","dateModified":"2026-03-27T10:35:44+00:00","author":{"@id":"https:\/\/www.fcbarcelonanoticias.com\/en\/#\/schema\/person\/c2cd9f6fa1af5c0d0eccd0fefa575c88"},"description":"Raphinha and Ferran Torres have returned to training normally in Barcelona and will be available against Real Madrid","breadcrumb":{"@id":"https:\/\/www.fcbarcelonanoticias.com\/en\/laliga\/raphinha-and-ferran-return-to-training-and-aim-for-clasico_315093_102.html#breadcrumb"},"inLanguage":"en-US","potentialAction":[{"@type":"ReadAction","target":["https:\/\/www.fcbarcelonanoticias.com\/en\/laliga\/raphinha-and-ferran-return-to-training-and-aim-for-clasico_315093_102.html"]}]},{"@type":"ImageObject","inLanguage":"en-US","@id":"https:\/\/www.fcbarcelonanoticias.com\/en\/laliga\/raphinha-and-ferran-return-to-training-and-aim-for-clasico_315093_102.html#primaryimage","url":"https:\/\/www.fcbarcelonanoticias.com\/en\/wp-content\/uploads\/sites\/2\/2025\/10\/raphinha-entrenamiento-ciutat-esportiva.webp","contentUrl":"https:\/\/www.fcbarcelonanoticias.com\/en\/wp-content\/uploads\/sites\/2\/2025\/10\/raphinha-entrenamiento-ciutat-esportiva.webp","width":1200,"height":675},{"@type":"BreadcrumbList","@id":"https:\/\/www.fcbarcelonanoticias.com\/en\/laliga\/raphinha-and-ferran-return-to-training-and-aim-for-clasico_315093_102.html#breadcrumb","itemListElement":[{"@type":"ListItem","position":1,"name":"Portada","item":"https:\/\/www.fcbarcelonanoticias.com\/en\/"},{"@type":"ListItem","position":2,"name":"Raphinha and Ferran return to training with Bar\u00e7a and aim for the Cl\u00e1sico"}]},{"@type":"WebSite","@id":"https:\/\/www.fcbarcelonanoticias.com\/en\/#website","url":"https:\/\/www.fcbarcelonanoticias.com\/en\/","name":"EN - FC Barcelona Noticias","description":"","potentialAction":[{"@type":"SearchAction","target":{"@type":"EntryPoint","urlTemplate":"https:\/\/www.fcbarcelonanoticias.com\/en\/?s={search_term_string}"},"query-input":{"@type":"PropertyValueSpecification","valueRequired":true,"valueName":"search_term_string"}}],"inLanguage":"en-US"},{"@type":"Person","@id":"https:\/\/www.fcbarcelonanoticias.com\/en\/#\/schema\/person\/c2cd9f6fa1af5c0d0eccd0fefa575c88","name":"Andr\u00e9s Quiroz","image":{"@type":"ImageObject","inLanguage":"en-US","@id":"https:\/\/secure.gravatar.com\/avatar\/?s=96&d=mm&r=g","url":"https:\/\/secure.gravatar.com\/avatar\/?s=96&d=mm&r=g","contentUrl":"https:\/\/secure.gravatar.com\/avatar\/?s=96&d=mm&r=g","caption":"Andr\u00e9s Quiroz"},"description":"Licenciado en Periodismo por la Universidad de los Andes. Me encargo de analizar y compartir los contenidos m\u00e1s destacados de la\u00a0actualidad del F\u00fatbol Club Barcelona, Mercado de Fichajes y F\u00fatbol Internacional en FCBN. La informaci\u00f3n es poder, pero tambi\u00e9n conocimiento.","url":"https:\/\/www.fcbarcelonanoticias.com\/en\/fc-barcelona\/andres-quiroz_17_115.html"}]}},"_links":{"self":[{"href":"https:\/\/www.fcbarcelonanoticias.com\/en\/wp-json\/wp\/v2\/posts\/120194","targetHints":{"allow":["GET"]}}],"collection":[{"href":"https:\/\/www.fcbarcelonanoticias.com\/en\/wp-json\/wp\/v2\/posts"}],"about":[{"href":"https:\/\/www.fcbarcelonanoticias.com\/en\/wp-json\/wp\/v2\/types\/post"}],"author":[{"embeddable":true,"href":"https:\/\/www.fcbarcelonanoticias.com\/en\/wp-json\/wp\/v2\/users\/347"}],"replies":[{"embeddable":true,"href":"https:\/\/www.fcbarcelonanoticias.com\/en\/wp-json\/wp\/v2\/comments?post=120194"}],"version-history":[{"count":2,"href":"https:\/\/www.fcbarcelonanoticias.com\/en\/wp-json\/wp\/v2\/posts\/120194\/revisions"}],"predecessor-version":[{"id":159922,"href":"https:\/\/www.fcbarcelonanoticias.com\/en\/wp-json\/wp\/v2\/posts\/120194\/revisions\/159922"}],"wp:featuredmedia":[{"embeddable":true,"href":"https:\/\/www.fcbarcelonanoticias.com\/en\/wp-json\/wp\/v2\/media\/120205"}],"wp:attachment":[{"href":"https:\/\/www.fcbarcelonanoticias.com\/en\/wp-json\/wp\/v2\/media?parent=120194"}],"wp:term":[{"taxonomy":"category","embeddable":true,"href":"https:\/\/www.fcbarcelonanoticias.com\/en\/wp-json\/wp\/v2\/categories?post=120194"},{"taxonomy":"post_tag","embeddable":true,"href":"https:\/\/www.fcbarcelonanoticias.com\/en\/wp-json\/wp\/v2\/tags?post=120194"}],"curies":[{"name":"wp","href":"https:\/\/api.w.org\/{rel}","templated":true}]}}