{"id":120210,"date":"2025-12-13T20:53:00","date_gmt":"2025-12-13T19:53:00","guid":{"rendered":"https:\/\/weisetech.dev\/fc-barcelona-noticias\/en\/raphinha-brace-brazilian-makes-barcelona-even-more-of-leader_315519_102\/"},"modified":"2025-12-13T20:53:00","modified_gmt":"2025-12-13T19:53:00","slug":"raphinha-brace-brazilian-makes-barcelona-even-more-of-leader_315519_102","status":"publish","type":"post","link":"https:\/\/www.fcbarcelonanoticias.com\/en\/laliga\/raphinha-brace-brazilian-makes-barcelona-even-more-of-leader_315519_102.html","title":{"rendered":"Raphinha&#8217;s brace! The Brazilian makes Bar\u00e7a even stronger leaders in LaLiga"},"content":{"rendered":"<h2 class=\"wp-block-heading\">Raphinha gave Bar\u00e7a victory against Osasuna with his second brace of the 25\/26 season. A pass from Pedri in the 70th minute allowed the Brazilian to break through the Navarrese defense. Later, in the 85th minute, he sealed the match<\/h2>  \r\n<div class=\"article-addons\">\r\n    <a href=\"https:\/\/www.fcbarcelonanoticias.com\/en\/calendar-fc-barcelona.html\"\r\n       target=\"_self\"\r\n       title=\"Calendar of FC Barcelona\"\r\n       class=\"blue-gredient-btn\">\r\n       \r\n        Calendar of FC Barcelona    <\/a>\r\n<\/div>   <p><a data-external=\"0\" data-intl-links-en=\"https:\/\/www.fcbarcelonanoticias.com\/en\/laliga\/barcelona-2-0-osasuna-raphinha-leaves-real-madrid-7-pts-behind_315517_102.html\" data-intl-links-es=\"https:\/\/www.fcbarcelonanoticias.com\/laliga\/barcelona-2-0-osasuna-doblete-raphinha-coloca-equipo-cule-7-del-madrid_315517_102.html\" href=\"https:\/\/www.fcbarcelonanoticias.com\/en\/laliga\/barcelona-2-0-osasuna-raphinha-leaves-real-madrid-7-pts-behind_315517_102.html\" rel=\"follow\" target=\"_self\" title=\"Barcelona 2-0 Osasuna: un doblete de Raphinha coloca al equipo cul\u00e9 \u00a1a&nbsp;+7&nbsp;del&nbsp;Madrid!\">FC Barcelona settled a tough match against Osasuna (2-0)<\/a> thanks to goals from <strong>Raphinha<\/strong>. In the 70th minute, the Brazilian received a pass from <strong>Pedri<\/strong> after an error in the Navarrese team&#8217;s build-up play and struck a left-footed shot that surprised Sergio Herrera after deflecting off one of the rival defenders.<\/p>  <p>Minutes earlier, the &#8217;11&#8217; had tried a long-range shot from midfield that almost surprised the opposing goalkeeper. Later, in the 85th minute, a half-hearted clearance by **Catena**, after a cross from **Kound\u00e9** on the right, allowed the South American winger, now in his usual position on the flank, to finish at ease against Herrera.<\/p>  <p>Rapha started the match as an attacking midfielder and, although he didn&#8217;t have much involvement in the first half, where Lamine Yamal and Marcus Rashford carried the Blaugrana offense, he was the only one capable of breaking the defensive lock that, for 70 minutes, managed to keep Bar\u00e7a scoreless for the first time this season.<\/p>  <h2>Raphinha: captain and scorer for Bar\u00e7a against Osasuna<\/h2>  <p>The Catalans have been scoring at least one goal in 27 consecutive league matches for a year, and in the 70th minute, the first goal finally came from a Catalan team that had been widely superior up to that point. <strong>Raphinha, in 4 league matches, had only scored 1 goal against Osasuna<\/strong>, but he ended up celebrating twice for the first time at the revamped Spotify Camp Nou.<\/p>  <p>Once again with the captain&#8217;s armband, the &#8217;11&#8217; responded to Hansi Flick&#8217;s trust by using his striking ability to resolve a very important match for Bar\u00e7a. <strong>Regardless of what Real Madrid does against Alav\u00e9s<\/strong> and next week against Sevilla, the Catalans will be LaLiga leaders until the end of the year.<\/p>  <p>The victory leaves the Catalan team with a 7-point lead, awaiting what happens in Vitoria between the &#8216;merengues&#8217; and &#8216;babazorros&#8217;. Rapha, for his part, celebrates again <strong>after remaining on the bench against Betis<\/strong> at La Cartuja.<\/p>  <h2>Raphinha&#8217;s second brace in LaLiga 25\/26<\/h2>  <p>Previously, the Brazilian had only scored twice against <strong>Valencia <\/strong>in matchday 4 (6-0), in a game where he was a substitute. His other goals of the season were against <strong>Mallorca <\/strong>(MD1) and <strong>Atl\u00e9tico <\/strong>(MD19, brought forward)<\/p>  <p>The 28-year-old forward was out for two months due to injury and only this Saturday completed 90 minutes for the first time since the comeback against <strong>Levante (2-3)<\/strong>, on the second matchday of the league.<\/p>  <p>Without a doubt, seeing the Brazilian back in his best form is the best news of the year-end for the Spanish First Division&#8217;s super leader. We must not forget that the &#8217;11&#8217; was MVP of the 24\/25 season, where Flick&#8217;s team lifted the title with two matchdays to spare.&nbsp;<\/p>  <ul> <li>\ud83d\udc49 Follow the complete coverage of&nbsp;<a data-external=\"0\" data-intl-links-en=\"https:\/\/www.fcbarcelonanoticias.com\/en\/laliga\" data-intl-links-es=\"https:\/\/www.fcbarcelonanoticias.com\/laliga\" href=\"https:\/\/www.fcbarcelonanoticias.com\/en\/football-soccer\/laliga.html\" rel=\"follow\" target=\"_self\" title=\"LaLiga\">LaLiga EA Sports&nbsp;2025\/26<\/a>&nbsp;on FC Barcelona Noticias<\/li> <\/ul> ","protected":false},"excerpt":{"rendered":"<p>Raphinha gave Bar\u00e7a victory against Osasuna with his second brace of the 25\/26 season. A pass from Pedri in the 70th minute allowed the Brazilian to break through the Navarrese defense. Later, in the 85th minute, he sealed the match FC Barcelona settled a tough match against Osasuna (2-0) thanks to goals from Raphinha. In [&hellip;]<\/p>\n","protected":false},"author":347,"featured_media":120219,"comment_status":"closed","ping_status":"open","sticky":false,"template":"","format":"standard","meta":{"_acf_changed":false,"inline_featured_image":false,"_nextfly_llmd_date_locked":false,"footnotes":""},"categories":[448,114],"tags":[44,144,463,157],"class_list":["post-120210","post","type-post","status-publish","format-standard","has-post-thumbnail","hentry","category-laliga-2","category-laliga","tag-barcelona-vs-osasuna","tag-raphinha","tag-raphinha-2","tag-statistics"],"acf":[],"yoast_head":"<!-- This site is optimized with the Yoast SEO plugin v27.3 - https:\/\/yoast.com\/product\/yoast-seo-wordpress\/ -->\n<title>Raphinha&#039;s brace! The Brazilian makes Bar\u00e7a even more of a leader<\/title>\n<meta name=\"description\" content=\"Raphinha gave Bar\u00e7a victory against Osasuna with his second brace of 25\/26 and now has 6 goals in the tournament\" \/>\n<meta name=\"robots\" content=\"index, follow, max-snippet:-1, max-image-preview:large, max-video-preview:-1\" \/>\n<link rel=\"canonical\" href=\"https:\/\/www.fcbarcelonanoticias.com\/en\/laliga\/raphinha-brace-brazilian-makes-barcelona-even-more-of-leader_315519_102.html\" \/>\n<meta property=\"og:locale\" content=\"en_US\" \/>\n<meta property=\"og:type\" content=\"article\" \/>\n<meta property=\"og:title\" content=\"Raphinha&#039;s brace! The Brazilian makes Bar\u00e7a even more of a leader\" \/>\n<meta property=\"og:description\" content=\"Raphinha gave Bar\u00e7a victory against Osasuna with his second brace of 25\/26 and now has 6 goals in the tournament\" \/>\n<meta property=\"og:url\" content=\"https:\/\/www.fcbarcelonanoticias.com\/en\/laliga\/raphinha-brace-brazilian-makes-barcelona-even-more-of-leader_315519_102.html\" \/>\n<meta property=\"og:site_name\" content=\"EN - FC Barcelona Noticias\" \/>\n<meta property=\"article:published_time\" content=\"2025-12-13T19:53:00+00:00\" \/>\n<meta property=\"og:image\" content=\"https:\/\/www.fcbarcelonanoticias.com\/en\/wp-content\/uploads\/sites\/2\/2025\/12\/raphinha-v-osasuna-laliga-25-26-1.jpeg\" \/>\n\t<meta property=\"og:image:width\" content=\"1200\" \/>\n\t<meta property=\"og:image:height\" content=\"675\" \/>\n\t<meta property=\"og:image:type\" content=\"image\/jpeg\" \/>\n<meta name=\"author\" content=\"Andr\u00e9s Quiroz\" \/>\n<meta name=\"twitter:card\" content=\"summary_large_image\" \/>\n<meta name=\"twitter:label1\" content=\"Written by\" \/>\n\t<meta name=\"twitter:data1\" content=\"Andr\u00e9s Quiroz\" \/>\n\t<meta name=\"twitter:label2\" content=\"Est. reading time\" \/>\n\t<meta name=\"twitter:data2\" content=\"3 minutes\" \/>\n<script type=\"application\/ld+json\" class=\"yoast-schema-graph\">{\"@context\":\"https:\\\/\\\/schema.org\",\"@graph\":[{\"@type\":\"Article\",\"@id\":\"https:\\\/\\\/www.fcbarcelonanoticias.com\\\/en\\\/laliga\\\/raphinha-brace-brazilian-makes-barcelona-even-more-of-leader_315519_102.html#article\",\"isPartOf\":{\"@id\":\"https:\\\/\\\/www.fcbarcelonanoticias.com\\\/en\\\/laliga\\\/raphinha-brace-brazilian-makes-barcelona-even-more-of-leader_315519_102.html\"},\"author\":{\"name\":\"Andr\u00e9s Quiroz\",\"@id\":\"https:\\\/\\\/www.fcbarcelonanoticias.com\\\/en\\\/#\\\/schema\\\/person\\\/c2cd9f6fa1af5c0d0eccd0fefa575c88\"},\"headline\":\"Raphinha&#8217;s brace! The Brazilian makes Bar\u00e7a even stronger leaders in LaLiga\",\"datePublished\":\"2025-12-13T19:53:00+00:00\",\"mainEntityOfPage\":{\"@id\":\"https:\\\/\\\/www.fcbarcelonanoticias.com\\\/en\\\/laliga\\\/raphinha-brace-brazilian-makes-barcelona-even-more-of-leader_315519_102.html\"},\"wordCount\":519,\"image\":{\"@id\":\"https:\\\/\\\/www.fcbarcelonanoticias.com\\\/en\\\/laliga\\\/raphinha-brace-brazilian-makes-barcelona-even-more-of-leader_315519_102.html#primaryimage\"},\"thumbnailUrl\":\"https:\\\/\\\/www.fcbarcelonanoticias.com\\\/en\\\/wp-content\\\/uploads\\\/sites\\\/2\\\/2025\\\/12\\\/raphinha-v-osasuna-laliga-25-26-1.jpeg\",\"keywords\":[\"FC Barcelona vs Osasuna\",\"Raphinha\",\"Raphinha\",\"Statistics\"],\"articleSection\":[\"LaLiga\",\"LaLiga\"],\"inLanguage\":\"en-US\"},{\"@type\":\"WebPage\",\"@id\":\"https:\\\/\\\/www.fcbarcelonanoticias.com\\\/en\\\/laliga\\\/raphinha-brace-brazilian-makes-barcelona-even-more-of-leader_315519_102.html\",\"url\":\"https:\\\/\\\/www.fcbarcelonanoticias.com\\\/en\\\/laliga\\\/raphinha-brace-brazilian-makes-barcelona-even-more-of-leader_315519_102.html\",\"name\":\"Raphinha's brace! The Brazilian makes Bar\u00e7a even more of a leader\",\"isPartOf\":{\"@id\":\"https:\\\/\\\/www.fcbarcelonanoticias.com\\\/en\\\/#website\"},\"primaryImageOfPage\":{\"@id\":\"https:\\\/\\\/www.fcbarcelonanoticias.com\\\/en\\\/laliga\\\/raphinha-brace-brazilian-makes-barcelona-even-more-of-leader_315519_102.html#primaryimage\"},\"image\":{\"@id\":\"https:\\\/\\\/www.fcbarcelonanoticias.com\\\/en\\\/laliga\\\/raphinha-brace-brazilian-makes-barcelona-even-more-of-leader_315519_102.html#primaryimage\"},\"thumbnailUrl\":\"https:\\\/\\\/www.fcbarcelonanoticias.com\\\/en\\\/wp-content\\\/uploads\\\/sites\\\/2\\\/2025\\\/12\\\/raphinha-v-osasuna-laliga-25-26-1.jpeg\",\"datePublished\":\"2025-12-13T19:53:00+00:00\",\"author\":{\"@id\":\"https:\\\/\\\/www.fcbarcelonanoticias.com\\\/en\\\/#\\\/schema\\\/person\\\/c2cd9f6fa1af5c0d0eccd0fefa575c88\"},\"description\":\"Raphinha gave Bar\u00e7a victory against Osasuna with his second brace of 25\\\/26 and now has 6 goals in the tournament\",\"breadcrumb\":{\"@id\":\"https:\\\/\\\/www.fcbarcelonanoticias.com\\\/en\\\/laliga\\\/raphinha-brace-brazilian-makes-barcelona-even-more-of-leader_315519_102.html#breadcrumb\"},\"inLanguage\":\"en-US\",\"potentialAction\":[{\"@type\":\"ReadAction\",\"target\":[\"https:\\\/\\\/www.fcbarcelonanoticias.com\\\/en\\\/laliga\\\/raphinha-brace-brazilian-makes-barcelona-even-more-of-leader_315519_102.html\"]}]},{\"@type\":\"ImageObject\",\"inLanguage\":\"en-US\",\"@id\":\"https:\\\/\\\/www.fcbarcelonanoticias.com\\\/en\\\/laliga\\\/raphinha-brace-brazilian-makes-barcelona-even-more-of-leader_315519_102.html#primaryimage\",\"url\":\"https:\\\/\\\/www.fcbarcelonanoticias.com\\\/en\\\/wp-content\\\/uploads\\\/sites\\\/2\\\/2025\\\/12\\\/raphinha-v-osasuna-laliga-25-26-1.jpeg\",\"contentUrl\":\"https:\\\/\\\/www.fcbarcelonanoticias.com\\\/en\\\/wp-content\\\/uploads\\\/sites\\\/2\\\/2025\\\/12\\\/raphinha-v-osasuna-laliga-25-26-1.jpeg\",\"width\":1200,\"height\":675},{\"@type\":\"BreadcrumbList\",\"@id\":\"https:\\\/\\\/www.fcbarcelonanoticias.com\\\/en\\\/laliga\\\/raphinha-brace-brazilian-makes-barcelona-even-more-of-leader_315519_102.html#breadcrumb\",\"itemListElement\":[{\"@type\":\"ListItem\",\"position\":1,\"name\":\"Portada\",\"item\":\"https:\\\/\\\/www.fcbarcelonanoticias.com\\\/en\\\/\"},{\"@type\":\"ListItem\",\"position\":2,\"name\":\"Raphinha&#8217;s brace! The Brazilian makes Bar\u00e7a even stronger leaders in LaLiga\"}]},{\"@type\":\"WebSite\",\"@id\":\"https:\\\/\\\/www.fcbarcelonanoticias.com\\\/en\\\/#website\",\"url\":\"https:\\\/\\\/www.fcbarcelonanoticias.com\\\/en\\\/\",\"name\":\"EN - FC Barcelona Noticias\",\"description\":\"\",\"potentialAction\":[{\"@type\":\"SearchAction\",\"target\":{\"@type\":\"EntryPoint\",\"urlTemplate\":\"https:\\\/\\\/www.fcbarcelonanoticias.com\\\/en\\\/?s={search_term_string}\"},\"query-input\":{\"@type\":\"PropertyValueSpecification\",\"valueRequired\":true,\"valueName\":\"search_term_string\"}}],\"inLanguage\":\"en-US\"},{\"@type\":\"Person\",\"@id\":\"https:\\\/\\\/www.fcbarcelonanoticias.com\\\/en\\\/#\\\/schema\\\/person\\\/c2cd9f6fa1af5c0d0eccd0fefa575c88\",\"name\":\"Andr\u00e9s Quiroz\",\"image\":{\"@type\":\"ImageObject\",\"inLanguage\":\"en-US\",\"@id\":\"https:\\\/\\\/secure.gravatar.com\\\/avatar\\\/?s=96&d=mm&r=g\",\"url\":\"https:\\\/\\\/secure.gravatar.com\\\/avatar\\\/?s=96&d=mm&r=g\",\"contentUrl\":\"https:\\\/\\\/secure.gravatar.com\\\/avatar\\\/?s=96&d=mm&r=g\",\"caption\":\"Andr\u00e9s Quiroz\"},\"description\":\"Licenciado en Periodismo por la Universidad de los Andes. Me encargo de analizar y compartir los contenidos m\u00e1s destacados de la\u00a0actualidad del F\u00fatbol Club Barcelona, Mercado de Fichajes y F\u00fatbol Internacional en FCBN. La informaci\u00f3n es poder, pero tambi\u00e9n conocimiento.\",\"url\":\"https:\\\/\\\/www.fcbarcelonanoticias.com\\\/en\\\/fc-barcelona\\\/andres-quiroz_17_115.html\"}]}<\/script>\n<!-- \/ Yoast SEO plugin. -->","yoast_head_json":{"title":"Raphinha's brace! The Brazilian makes Bar\u00e7a even more of a leader","description":"Raphinha gave Bar\u00e7a victory against Osasuna with his second brace of 25\/26 and now has 6 goals in the tournament","robots":{"index":"index","follow":"follow","max-snippet":"max-snippet:-1","max-image-preview":"max-image-preview:large","max-video-preview":"max-video-preview:-1"},"canonical":"https:\/\/www.fcbarcelonanoticias.com\/en\/laliga\/raphinha-brace-brazilian-makes-barcelona-even-more-of-leader_315519_102.html","og_locale":"en_US","og_type":"article","og_title":"Raphinha's brace! The Brazilian makes Bar\u00e7a even more of a leader","og_description":"Raphinha gave Bar\u00e7a victory against Osasuna with his second brace of 25\/26 and now has 6 goals in the tournament","og_url":"https:\/\/www.fcbarcelonanoticias.com\/en\/laliga\/raphinha-brace-brazilian-makes-barcelona-even-more-of-leader_315519_102.html","og_site_name":"EN - FC Barcelona Noticias","article_published_time":"2025-12-13T19:53:00+00:00","og_image":[{"width":1200,"height":675,"url":"https:\/\/www.fcbarcelonanoticias.com\/en\/wp-content\/uploads\/sites\/2\/2025\/12\/raphinha-v-osasuna-laliga-25-26-1.jpeg","type":"image\/jpeg"}],"author":"Andr\u00e9s Quiroz","twitter_card":"summary_large_image","twitter_misc":{"Written by":"Andr\u00e9s Quiroz","Est. reading time":"3 minutes"},"schema":{"@context":"https:\/\/schema.org","@graph":[{"@type":"Article","@id":"https:\/\/www.fcbarcelonanoticias.com\/en\/laliga\/raphinha-brace-brazilian-makes-barcelona-even-more-of-leader_315519_102.html#article","isPartOf":{"@id":"https:\/\/www.fcbarcelonanoticias.com\/en\/laliga\/raphinha-brace-brazilian-makes-barcelona-even-more-of-leader_315519_102.html"},"author":{"name":"Andr\u00e9s Quiroz","@id":"https:\/\/www.fcbarcelonanoticias.com\/en\/#\/schema\/person\/c2cd9f6fa1af5c0d0eccd0fefa575c88"},"headline":"Raphinha&#8217;s brace! The Brazilian makes Bar\u00e7a even stronger leaders in LaLiga","datePublished":"2025-12-13T19:53:00+00:00","mainEntityOfPage":{"@id":"https:\/\/www.fcbarcelonanoticias.com\/en\/laliga\/raphinha-brace-brazilian-makes-barcelona-even-more-of-leader_315519_102.html"},"wordCount":519,"image":{"@id":"https:\/\/www.fcbarcelonanoticias.com\/en\/laliga\/raphinha-brace-brazilian-makes-barcelona-even-more-of-leader_315519_102.html#primaryimage"},"thumbnailUrl":"https:\/\/www.fcbarcelonanoticias.com\/en\/wp-content\/uploads\/sites\/2\/2025\/12\/raphinha-v-osasuna-laliga-25-26-1.jpeg","keywords":["FC Barcelona vs Osasuna","Raphinha","Raphinha","Statistics"],"articleSection":["LaLiga","LaLiga"],"inLanguage":"en-US"},{"@type":"WebPage","@id":"https:\/\/www.fcbarcelonanoticias.com\/en\/laliga\/raphinha-brace-brazilian-makes-barcelona-even-more-of-leader_315519_102.html","url":"https:\/\/www.fcbarcelonanoticias.com\/en\/laliga\/raphinha-brace-brazilian-makes-barcelona-even-more-of-leader_315519_102.html","name":"Raphinha's brace! The Brazilian makes Bar\u00e7a even more of a leader","isPartOf":{"@id":"https:\/\/www.fcbarcelonanoticias.com\/en\/#website"},"primaryImageOfPage":{"@id":"https:\/\/www.fcbarcelonanoticias.com\/en\/laliga\/raphinha-brace-brazilian-makes-barcelona-even-more-of-leader_315519_102.html#primaryimage"},"image":{"@id":"https:\/\/www.fcbarcelonanoticias.com\/en\/laliga\/raphinha-brace-brazilian-makes-barcelona-even-more-of-leader_315519_102.html#primaryimage"},"thumbnailUrl":"https:\/\/www.fcbarcelonanoticias.com\/en\/wp-content\/uploads\/sites\/2\/2025\/12\/raphinha-v-osasuna-laliga-25-26-1.jpeg","datePublished":"2025-12-13T19:53:00+00:00","author":{"@id":"https:\/\/www.fcbarcelonanoticias.com\/en\/#\/schema\/person\/c2cd9f6fa1af5c0d0eccd0fefa575c88"},"description":"Raphinha gave Bar\u00e7a victory against Osasuna with his second brace of 25\/26 and now has 6 goals in the tournament","breadcrumb":{"@id":"https:\/\/www.fcbarcelonanoticias.com\/en\/laliga\/raphinha-brace-brazilian-makes-barcelona-even-more-of-leader_315519_102.html#breadcrumb"},"inLanguage":"en-US","potentialAction":[{"@type":"ReadAction","target":["https:\/\/www.fcbarcelonanoticias.com\/en\/laliga\/raphinha-brace-brazilian-makes-barcelona-even-more-of-leader_315519_102.html"]}]},{"@type":"ImageObject","inLanguage":"en-US","@id":"https:\/\/www.fcbarcelonanoticias.com\/en\/laliga\/raphinha-brace-brazilian-makes-barcelona-even-more-of-leader_315519_102.html#primaryimage","url":"https:\/\/www.fcbarcelonanoticias.com\/en\/wp-content\/uploads\/sites\/2\/2025\/12\/raphinha-v-osasuna-laliga-25-26-1.jpeg","contentUrl":"https:\/\/www.fcbarcelonanoticias.com\/en\/wp-content\/uploads\/sites\/2\/2025\/12\/raphinha-v-osasuna-laliga-25-26-1.jpeg","width":1200,"height":675},{"@type":"BreadcrumbList","@id":"https:\/\/www.fcbarcelonanoticias.com\/en\/laliga\/raphinha-brace-brazilian-makes-barcelona-even-more-of-leader_315519_102.html#breadcrumb","itemListElement":[{"@type":"ListItem","position":1,"name":"Portada","item":"https:\/\/www.fcbarcelonanoticias.com\/en\/"},{"@type":"ListItem","position":2,"name":"Raphinha&#8217;s brace! The Brazilian makes Bar\u00e7a even stronger leaders in LaLiga"}]},{"@type":"WebSite","@id":"https:\/\/www.fcbarcelonanoticias.com\/en\/#website","url":"https:\/\/www.fcbarcelonanoticias.com\/en\/","name":"EN - FC Barcelona Noticias","description":"","potentialAction":[{"@type":"SearchAction","target":{"@type":"EntryPoint","urlTemplate":"https:\/\/www.fcbarcelonanoticias.com\/en\/?s={search_term_string}"},"query-input":{"@type":"PropertyValueSpecification","valueRequired":true,"valueName":"search_term_string"}}],"inLanguage":"en-US"},{"@type":"Person","@id":"https:\/\/www.fcbarcelonanoticias.com\/en\/#\/schema\/person\/c2cd9f6fa1af5c0d0eccd0fefa575c88","name":"Andr\u00e9s Quiroz","image":{"@type":"ImageObject","inLanguage":"en-US","@id":"https:\/\/secure.gravatar.com\/avatar\/?s=96&d=mm&r=g","url":"https:\/\/secure.gravatar.com\/avatar\/?s=96&d=mm&r=g","contentUrl":"https:\/\/secure.gravatar.com\/avatar\/?s=96&d=mm&r=g","caption":"Andr\u00e9s Quiroz"},"description":"Licenciado en Periodismo por la Universidad de los Andes. Me encargo de analizar y compartir los contenidos m\u00e1s destacados de la\u00a0actualidad del F\u00fatbol Club Barcelona, Mercado de Fichajes y F\u00fatbol Internacional en FCBN. La informaci\u00f3n es poder, pero tambi\u00e9n conocimiento.","url":"https:\/\/www.fcbarcelonanoticias.com\/en\/fc-barcelona\/andres-quiroz_17_115.html"}]}},"_links":{"self":[{"href":"https:\/\/www.fcbarcelonanoticias.com\/en\/wp-json\/wp\/v2\/posts\/120210","targetHints":{"allow":["GET"]}}],"collection":[{"href":"https:\/\/www.fcbarcelonanoticias.com\/en\/wp-json\/wp\/v2\/posts"}],"about":[{"href":"https:\/\/www.fcbarcelonanoticias.com\/en\/wp-json\/wp\/v2\/types\/post"}],"author":[{"embeddable":true,"href":"https:\/\/www.fcbarcelonanoticias.com\/en\/wp-json\/wp\/v2\/users\/347"}],"replies":[{"embeddable":true,"href":"https:\/\/www.fcbarcelonanoticias.com\/en\/wp-json\/wp\/v2\/comments?post=120210"}],"version-history":[{"count":1,"href":"https:\/\/www.fcbarcelonanoticias.com\/en\/wp-json\/wp\/v2\/posts\/120210\/revisions"}],"predecessor-version":[{"id":149921,"href":"https:\/\/www.fcbarcelonanoticias.com\/en\/wp-json\/wp\/v2\/posts\/120210\/revisions\/149921"}],"wp:featuredmedia":[{"embeddable":true,"href":"https:\/\/www.fcbarcelonanoticias.com\/en\/wp-json\/wp\/v2\/media\/120219"}],"wp:attachment":[{"href":"https:\/\/www.fcbarcelonanoticias.com\/en\/wp-json\/wp\/v2\/media?parent=120210"}],"wp:term":[{"taxonomy":"category","embeddable":true,"href":"https:\/\/www.fcbarcelonanoticias.com\/en\/wp-json\/wp\/v2\/categories?post=120210"},{"taxonomy":"post_tag","embeddable":true,"href":"https:\/\/www.fcbarcelonanoticias.com\/en\/wp-json\/wp\/v2\/tags?post=120210"}],"curies":[{"name":"wp","href":"https:\/\/api.w.org\/{rel}","templated":true}]}}