{"id":120361,"date":"2025-11-29T22:29:00","date_gmt":"2025-11-29T21:29:00","guid":{"rendered":"https:\/\/weisetech.dev\/fc-barcelona-noticias\/en\/raphinha-returns-to-his-prime-brutal-first-half-against-alaves_315376_102\/"},"modified":"2025-11-29T22:30:00","modified_gmt":"2025-11-29T21:30:00","slug":"raphinha-returns-to-his-prime-brutal-first-half-against-alaves_315376_102","status":"publish","type":"post","link":"https:\/\/www.fcbarcelonanoticias.com\/en\/laliga\/raphinha-returns-to-his-prime-brutal-first-half-against-alaves_315376_102.html","title":{"rendered":"Raphinha returns to his PRIME: brutal first half against Alav\u00e9s"},"content":{"rendered":"<h2 class=\"wp-block-heading\">Raphinha returned to Bar\u00e7a&#8217;s XI for the first time since LaLiga matchday 6 and did so with a great performance against Alav\u00e9s (3-1). The Brazilian participated in two of the three Bar\u00e7a goals, adding an assist<\/h2>  \r\n<div class=\"article-addons\">\r\n    <a href=\"https:\/\/www.fcbarcelonanoticias.com\/en\/calendar-fc-barcelona.html\"\r\n       target=\"_self\"\r\n       title=\"Calendar of FC Barcelona\"\r\n       class=\"blue-gredient-btn\">\r\n       \r\n        Calendar of FC Barcelona    <\/a>\r\n<\/div>   <p><strong>FC Barcelona<\/strong> celebrated its 126th birthday with a home victory <a data-external=\"0\" data-intl-links-en=\"https:\/\/www.fcbarcelonanoticias.com\/en\/laliga\/barcelona-3-1-alaves-lamine-olmo-raphinha-laliga-25-26_315372_102.html\" data-intl-links-es=\"https:\/\/www.fcbarcelonanoticias.com\/laliga\/barcelona-3-1-alaves-lamine-olmo-raphinha-remontada-cule_315372_102.html\" href=\"https:\/\/www.fcbarcelonanoticias.com\/en\/laliga\/barcelona-3-1-alaves-lamine-olmo-raphinha-laliga-25-26_315372_102.html\" rel=\"follow\" target=\"_self\" title=\"FC Barcelona 3-1 Alav\u00e9s: Remontada cul\u00e9 y asalto al liderato de LaLiga\">against Alav\u00e9s (3-1)<\/a>. For the first time since matchday 6, against <strong>Oviedo<\/strong> (1-3), <strong>Raphinha<\/strong> was a starter and showed his best version as a left winger. He provided the assist that completed the comeback in the first half, where he also participated in the equalizer.<\/p>  <p>In the 8th minute, taking advantage of a through ball from **Alejandro Balde**, the Brazilian sent a cross into the heart of the box that couldn&#8217;t be finished by **Dani Olmo**, but was by **Lamine Yamal**. The &#8217;10&#8217;, after a deflection from **Robert Lewandowski**, latched onto the loose ball at the far post, blasting it past Sivera with a first-time left-footed shot.<\/p>  <p>Then, in the 26th minute, in a similar play, Olmo managed to finish a pass from Rapha from the side to make the score 2-1. The &#8217;11&#8217; had advanced down his flank, thanks to a long pass from <strong>Gerard Mart\u00edn<\/strong>. The 28-year-old forward was a nightmare for Jonathan Castro throughout the entire first half, where the Bar\u00e7a &#8216;star&#8217; only lacked a goal.<\/p>  <h2>Raphinha only lacked a goal in a notable first half against Alav\u00e9s<\/h2>  <p>In the 40th minute, Raphinha came close to scoring after an interception on Tenaglia, but Sivera came out quickly to prevent the Brazilian&#8217;s shot. In the second half, he tried his luck again with a long-range shot, lacking power and easy for the opposing goalkeeper.<\/p>  <p>According to the plan designed for matchday 14 of the league, <strong>Hansi Flick sent Pedri Gonz\u00e1lez and Ferran Torres onto the field for Raphinha and Lewandowski<\/strong> with half an hour left to play. In the 60 minutes he was on the field, the Porto Alegre native completed 19 out of 25 passes (76%), as well as recovering a couple of balls and creating 3 goal opportunities.<\/p>  <p>The winger had played 9 minutes in his return to action last weekend against Athletic (4-0), in addition to another half hour in the visit to Chelsea. For now, <strong>he has 3 goals and 3 assists in 10 matches in 25\/26<\/strong>, after spending two months in the infirmary due to a right thigh injury from which he relapsed at the end of October.<\/p>  <h2>Raphinha, happy about his return to the starting lineup and Bar\u00e7a&#8217;s victory<\/h2>  <p>After the match, Rapha downplayed the statistical aspect and expressed his satisfaction at returning to the starting lineup to help the team secure 3 points that, for now, return them to the top of LaLiga.&#8221;I&#8217;m trying to find my best physical version. <strong>I&#8217;m not fit to play 90 minutes, but when I do, I try to give my best<\/strong>. In the second half, I felt the fatigue a bit, I&#8217;m working to find the best in myself and I hope to recover my best version as soon as possible,&#8221; the Brazilian commented to &#8216;DAZN&#8217;.<\/p>  <p>He also recalled the importance of high pressure to hurt opponents, stating that it is the best defense for a system with advanced lines. &#8220;<strong>There will be many moments when they think I talk too much, that I&#8217;m thoughtful, that I demand a lot from them, but that&#8217;s just how I am<\/strong>; I demand from people I know can give much more,&#8221; commented the Bar\u00e7a captain.<\/p>  <p>In that regard, he added: &#8220;I take on this responsibility and afterwards in the locker room we hug and celebrate the victory. **We have to improve a lot, I agree with the coach that the team is not yet playing at its best**, but even so, I think the most important thing today was to come away with the win,&#8221; the &#8217;11&#8217; from Bar\u00e7a pointed out.<\/p>  <ul> <li>\ud83d\udc49 Follow the complete coverage of&nbsp;<a data-external=\"0\" data-intl-links-en=\"https:\/\/www.fcbarcelonanoticias.com\/en\/laliga\" data-intl-links-es=\"https:\/\/www.fcbarcelonanoticias.com\/laliga\" href=\"https:\/\/www.fcbarcelonanoticias.com\/en\/football-soccer\/laliga.html\" rel=\"follow\" target=\"_self\" title=\"LaLiga\">LaLiga EA Sports&nbsp;2025\/26<\/a>&nbsp;on FC Barcelona Noticias<\/li> <\/ul> ","protected":false},"excerpt":{"rendered":"<p>Raphinha returned to Bar\u00e7a&#8217;s XI for the first time since LaLiga matchday 6 and did so with a great performance against Alav\u00e9s (3-1). The Brazilian participated in two of the three Bar\u00e7a goals, adding an assist FC Barcelona celebrated its 126th birthday with a home victory against Alav\u00e9s (3-1). For the first time since matchday [&hellip;]<\/p>\n","protected":false},"author":347,"featured_media":120367,"comment_status":"closed","ping_status":"open","sticky":false,"template":"","format":"standard","meta":{"_acf_changed":false,"inline_featured_image":false,"_nextfly_llmd_date_locked":false,"footnotes":""},"categories":[114,448],"tags":[68,463,144,157],"class_list":["post-120361","post","type-post","status-publish","format-standard","has-post-thumbnail","hentry","category-laliga","category-laliga-2","tag-fc-barcelona-vs-deportivo-alaves","tag-raphinha-2","tag-raphinha","tag-statistics"],"acf":[],"yoast_head":"<!-- This site is optimized with the Yoast SEO plugin v27.3 - https:\/\/yoast.com\/product\/yoast-seo-wordpress\/ -->\n<title>Raphinha returns to his PRIME: brutal first half against Alav\u00e9s<\/title>\n<meta name=\"description\" content=\"Raphinha returned to Bar\u00e7a&#039;s XI for the first time since LaLiga matchday 6 and did so with a great performance against Alav\u00e9s, participating in 2 goals\" \/>\n<meta name=\"robots\" content=\"index, follow, max-snippet:-1, max-image-preview:large, max-video-preview:-1\" \/>\n<link rel=\"canonical\" href=\"https:\/\/www.fcbarcelonanoticias.com\/en\/laliga\/raphinha-returns-to-his-prime-brutal-first-half-against-alaves_315376_102.html\" \/>\n<meta property=\"og:locale\" content=\"en_US\" \/>\n<meta property=\"og:type\" content=\"article\" \/>\n<meta property=\"og:title\" content=\"Raphinha returns to his PRIME: brutal first half against Alav\u00e9s\" \/>\n<meta property=\"og:description\" content=\"Raphinha returned to Bar\u00e7a&#039;s XI for the first time since LaLiga matchday 6 and did so with a great performance against Alav\u00e9s, participating in 2 goals\" \/>\n<meta property=\"og:url\" content=\"https:\/\/www.fcbarcelonanoticias.com\/en\/laliga\/raphinha-returns-to-his-prime-brutal-first-half-against-alaves_315376_102.html\" \/>\n<meta property=\"og:site_name\" content=\"EN - FC Barcelona Noticias\" \/>\n<meta property=\"article:published_time\" content=\"2025-11-29T21:29:00+00:00\" \/>\n<meta property=\"article:modified_time\" content=\"2025-11-29T21:30:00+00:00\" \/>\n<meta property=\"og:image\" content=\"https:\/\/www.fcbarcelonanoticias.com\/en\/wp-content\/uploads\/sites\/2\/2025\/11\/raphinha-v-alaves-laliga-25-26.webp\" \/>\n\t<meta property=\"og:image:width\" content=\"1200\" \/>\n\t<meta property=\"og:image:height\" content=\"675\" \/>\n\t<meta property=\"og:image:type\" content=\"image\/webp\" \/>\n<meta name=\"author\" content=\"Andr\u00e9s Quiroz\" \/>\n<meta name=\"twitter:card\" content=\"summary_large_image\" \/>\n<meta name=\"twitter:label1\" content=\"Written by\" \/>\n\t<meta name=\"twitter:data1\" content=\"Andr\u00e9s Quiroz\" \/>\n\t<meta name=\"twitter:label2\" content=\"Est. reading time\" \/>\n\t<meta name=\"twitter:data2\" content=\"3 minutes\" \/>\n<script type=\"application\/ld+json\" class=\"yoast-schema-graph\">{\"@context\":\"https:\\\/\\\/schema.org\",\"@graph\":[{\"@type\":\"Article\",\"@id\":\"https:\\\/\\\/www.fcbarcelonanoticias.com\\\/en\\\/laliga\\\/raphinha-returns-to-his-prime-brutal-first-half-against-alaves_315376_102.html#article\",\"isPartOf\":{\"@id\":\"https:\\\/\\\/www.fcbarcelonanoticias.com\\\/en\\\/laliga\\\/raphinha-returns-to-his-prime-brutal-first-half-against-alaves_315376_102.html\"},\"author\":{\"name\":\"Andr\u00e9s Quiroz\",\"@id\":\"https:\\\/\\\/www.fcbarcelonanoticias.com\\\/en\\\/#\\\/schema\\\/person\\\/c2cd9f6fa1af5c0d0eccd0fefa575c88\"},\"headline\":\"Raphinha returns to his PRIME: brutal first half against Alav\u00e9s\",\"datePublished\":\"2025-11-29T21:29:00+00:00\",\"dateModified\":\"2025-11-29T21:30:00+00:00\",\"mainEntityOfPage\":{\"@id\":\"https:\\\/\\\/www.fcbarcelonanoticias.com\\\/en\\\/laliga\\\/raphinha-returns-to-his-prime-brutal-first-half-against-alaves_315376_102.html\"},\"wordCount\":668,\"image\":{\"@id\":\"https:\\\/\\\/www.fcbarcelonanoticias.com\\\/en\\\/laliga\\\/raphinha-returns-to-his-prime-brutal-first-half-against-alaves_315376_102.html#primaryimage\"},\"thumbnailUrl\":\"https:\\\/\\\/www.fcbarcelonanoticias.com\\\/en\\\/wp-content\\\/uploads\\\/sites\\\/2\\\/2025\\\/11\\\/raphinha-v-alaves-laliga-25-26.webp\",\"keywords\":[\"FC Barcelona vs Deportivo Alav\u00e9s\",\"Raphinha\",\"Raphinha\",\"Statistics\"],\"articleSection\":[\"LaLiga\",\"LaLiga\"],\"inLanguage\":\"en-US\"},{\"@type\":\"WebPage\",\"@id\":\"https:\\\/\\\/www.fcbarcelonanoticias.com\\\/en\\\/laliga\\\/raphinha-returns-to-his-prime-brutal-first-half-against-alaves_315376_102.html\",\"url\":\"https:\\\/\\\/www.fcbarcelonanoticias.com\\\/en\\\/laliga\\\/raphinha-returns-to-his-prime-brutal-first-half-against-alaves_315376_102.html\",\"name\":\"Raphinha returns to his PRIME: brutal first half against Alav\u00e9s\",\"isPartOf\":{\"@id\":\"https:\\\/\\\/www.fcbarcelonanoticias.com\\\/en\\\/#website\"},\"primaryImageOfPage\":{\"@id\":\"https:\\\/\\\/www.fcbarcelonanoticias.com\\\/en\\\/laliga\\\/raphinha-returns-to-his-prime-brutal-first-half-against-alaves_315376_102.html#primaryimage\"},\"image\":{\"@id\":\"https:\\\/\\\/www.fcbarcelonanoticias.com\\\/en\\\/laliga\\\/raphinha-returns-to-his-prime-brutal-first-half-against-alaves_315376_102.html#primaryimage\"},\"thumbnailUrl\":\"https:\\\/\\\/www.fcbarcelonanoticias.com\\\/en\\\/wp-content\\\/uploads\\\/sites\\\/2\\\/2025\\\/11\\\/raphinha-v-alaves-laliga-25-26.webp\",\"datePublished\":\"2025-11-29T21:29:00+00:00\",\"dateModified\":\"2025-11-29T21:30:00+00:00\",\"author\":{\"@id\":\"https:\\\/\\\/www.fcbarcelonanoticias.com\\\/en\\\/#\\\/schema\\\/person\\\/c2cd9f6fa1af5c0d0eccd0fefa575c88\"},\"description\":\"Raphinha returned to Bar\u00e7a's XI for the first time since LaLiga matchday 6 and did so with a great performance against Alav\u00e9s, participating in 2 goals\",\"breadcrumb\":{\"@id\":\"https:\\\/\\\/www.fcbarcelonanoticias.com\\\/en\\\/laliga\\\/raphinha-returns-to-his-prime-brutal-first-half-against-alaves_315376_102.html#breadcrumb\"},\"inLanguage\":\"en-US\",\"potentialAction\":[{\"@type\":\"ReadAction\",\"target\":[\"https:\\\/\\\/www.fcbarcelonanoticias.com\\\/en\\\/laliga\\\/raphinha-returns-to-his-prime-brutal-first-half-against-alaves_315376_102.html\"]}]},{\"@type\":\"ImageObject\",\"inLanguage\":\"en-US\",\"@id\":\"https:\\\/\\\/www.fcbarcelonanoticias.com\\\/en\\\/laliga\\\/raphinha-returns-to-his-prime-brutal-first-half-against-alaves_315376_102.html#primaryimage\",\"url\":\"https:\\\/\\\/www.fcbarcelonanoticias.com\\\/en\\\/wp-content\\\/uploads\\\/sites\\\/2\\\/2025\\\/11\\\/raphinha-v-alaves-laliga-25-26.webp\",\"contentUrl\":\"https:\\\/\\\/www.fcbarcelonanoticias.com\\\/en\\\/wp-content\\\/uploads\\\/sites\\\/2\\\/2025\\\/11\\\/raphinha-v-alaves-laliga-25-26.webp\",\"width\":1200,\"height\":675},{\"@type\":\"BreadcrumbList\",\"@id\":\"https:\\\/\\\/www.fcbarcelonanoticias.com\\\/en\\\/laliga\\\/raphinha-returns-to-his-prime-brutal-first-half-against-alaves_315376_102.html#breadcrumb\",\"itemListElement\":[{\"@type\":\"ListItem\",\"position\":1,\"name\":\"Portada\",\"item\":\"https:\\\/\\\/www.fcbarcelonanoticias.com\\\/en\\\/\"},{\"@type\":\"ListItem\",\"position\":2,\"name\":\"Raphinha returns to his PRIME: brutal first half against Alav\u00e9s\"}]},{\"@type\":\"WebSite\",\"@id\":\"https:\\\/\\\/www.fcbarcelonanoticias.com\\\/en\\\/#website\",\"url\":\"https:\\\/\\\/www.fcbarcelonanoticias.com\\\/en\\\/\",\"name\":\"EN - FC Barcelona Noticias\",\"description\":\"\",\"potentialAction\":[{\"@type\":\"SearchAction\",\"target\":{\"@type\":\"EntryPoint\",\"urlTemplate\":\"https:\\\/\\\/www.fcbarcelonanoticias.com\\\/en\\\/?s={search_term_string}\"},\"query-input\":{\"@type\":\"PropertyValueSpecification\",\"valueRequired\":true,\"valueName\":\"search_term_string\"}}],\"inLanguage\":\"en-US\"},{\"@type\":\"Person\",\"@id\":\"https:\\\/\\\/www.fcbarcelonanoticias.com\\\/en\\\/#\\\/schema\\\/person\\\/c2cd9f6fa1af5c0d0eccd0fefa575c88\",\"name\":\"Andr\u00e9s Quiroz\",\"image\":{\"@type\":\"ImageObject\",\"inLanguage\":\"en-US\",\"@id\":\"https:\\\/\\\/secure.gravatar.com\\\/avatar\\\/?s=96&d=mm&r=g\",\"url\":\"https:\\\/\\\/secure.gravatar.com\\\/avatar\\\/?s=96&d=mm&r=g\",\"contentUrl\":\"https:\\\/\\\/secure.gravatar.com\\\/avatar\\\/?s=96&d=mm&r=g\",\"caption\":\"Andr\u00e9s Quiroz\"},\"description\":\"Licenciado en Periodismo por la Universidad de los Andes. Me encargo de analizar y compartir los contenidos m\u00e1s destacados de la\u00a0actualidad del F\u00fatbol Club Barcelona, Mercado de Fichajes y F\u00fatbol Internacional en FCBN. La informaci\u00f3n es poder, pero tambi\u00e9n conocimiento.\",\"url\":\"https:\\\/\\\/www.fcbarcelonanoticias.com\\\/en\\\/fc-barcelona\\\/andres-quiroz_17_115.html\"}]}<\/script>\n<!-- \/ Yoast SEO plugin. -->","yoast_head_json":{"title":"Raphinha returns to his PRIME: brutal first half against Alav\u00e9s","description":"Raphinha returned to Bar\u00e7a's XI for the first time since LaLiga matchday 6 and did so with a great performance against Alav\u00e9s, participating in 2 goals","robots":{"index":"index","follow":"follow","max-snippet":"max-snippet:-1","max-image-preview":"max-image-preview:large","max-video-preview":"max-video-preview:-1"},"canonical":"https:\/\/www.fcbarcelonanoticias.com\/en\/laliga\/raphinha-returns-to-his-prime-brutal-first-half-against-alaves_315376_102.html","og_locale":"en_US","og_type":"article","og_title":"Raphinha returns to his PRIME: brutal first half against Alav\u00e9s","og_description":"Raphinha returned to Bar\u00e7a's XI for the first time since LaLiga matchday 6 and did so with a great performance against Alav\u00e9s, participating in 2 goals","og_url":"https:\/\/www.fcbarcelonanoticias.com\/en\/laliga\/raphinha-returns-to-his-prime-brutal-first-half-against-alaves_315376_102.html","og_site_name":"EN - FC Barcelona Noticias","article_published_time":"2025-11-29T21:29:00+00:00","article_modified_time":"2025-11-29T21:30:00+00:00","og_image":[{"width":1200,"height":675,"url":"https:\/\/www.fcbarcelonanoticias.com\/en\/wp-content\/uploads\/sites\/2\/2025\/11\/raphinha-v-alaves-laliga-25-26.webp","type":"image\/webp"}],"author":"Andr\u00e9s Quiroz","twitter_card":"summary_large_image","twitter_misc":{"Written by":"Andr\u00e9s Quiroz","Est. reading time":"3 minutes"},"schema":{"@context":"https:\/\/schema.org","@graph":[{"@type":"Article","@id":"https:\/\/www.fcbarcelonanoticias.com\/en\/laliga\/raphinha-returns-to-his-prime-brutal-first-half-against-alaves_315376_102.html#article","isPartOf":{"@id":"https:\/\/www.fcbarcelonanoticias.com\/en\/laliga\/raphinha-returns-to-his-prime-brutal-first-half-against-alaves_315376_102.html"},"author":{"name":"Andr\u00e9s Quiroz","@id":"https:\/\/www.fcbarcelonanoticias.com\/en\/#\/schema\/person\/c2cd9f6fa1af5c0d0eccd0fefa575c88"},"headline":"Raphinha returns to his PRIME: brutal first half against Alav\u00e9s","datePublished":"2025-11-29T21:29:00+00:00","dateModified":"2025-11-29T21:30:00+00:00","mainEntityOfPage":{"@id":"https:\/\/www.fcbarcelonanoticias.com\/en\/laliga\/raphinha-returns-to-his-prime-brutal-first-half-against-alaves_315376_102.html"},"wordCount":668,"image":{"@id":"https:\/\/www.fcbarcelonanoticias.com\/en\/laliga\/raphinha-returns-to-his-prime-brutal-first-half-against-alaves_315376_102.html#primaryimage"},"thumbnailUrl":"https:\/\/www.fcbarcelonanoticias.com\/en\/wp-content\/uploads\/sites\/2\/2025\/11\/raphinha-v-alaves-laliga-25-26.webp","keywords":["FC Barcelona vs Deportivo Alav\u00e9s","Raphinha","Raphinha","Statistics"],"articleSection":["LaLiga","LaLiga"],"inLanguage":"en-US"},{"@type":"WebPage","@id":"https:\/\/www.fcbarcelonanoticias.com\/en\/laliga\/raphinha-returns-to-his-prime-brutal-first-half-against-alaves_315376_102.html","url":"https:\/\/www.fcbarcelonanoticias.com\/en\/laliga\/raphinha-returns-to-his-prime-brutal-first-half-against-alaves_315376_102.html","name":"Raphinha returns to his PRIME: brutal first half against Alav\u00e9s","isPartOf":{"@id":"https:\/\/www.fcbarcelonanoticias.com\/en\/#website"},"primaryImageOfPage":{"@id":"https:\/\/www.fcbarcelonanoticias.com\/en\/laliga\/raphinha-returns-to-his-prime-brutal-first-half-against-alaves_315376_102.html#primaryimage"},"image":{"@id":"https:\/\/www.fcbarcelonanoticias.com\/en\/laliga\/raphinha-returns-to-his-prime-brutal-first-half-against-alaves_315376_102.html#primaryimage"},"thumbnailUrl":"https:\/\/www.fcbarcelonanoticias.com\/en\/wp-content\/uploads\/sites\/2\/2025\/11\/raphinha-v-alaves-laliga-25-26.webp","datePublished":"2025-11-29T21:29:00+00:00","dateModified":"2025-11-29T21:30:00+00:00","author":{"@id":"https:\/\/www.fcbarcelonanoticias.com\/en\/#\/schema\/person\/c2cd9f6fa1af5c0d0eccd0fefa575c88"},"description":"Raphinha returned to Bar\u00e7a's XI for the first time since LaLiga matchday 6 and did so with a great performance against Alav\u00e9s, participating in 2 goals","breadcrumb":{"@id":"https:\/\/www.fcbarcelonanoticias.com\/en\/laliga\/raphinha-returns-to-his-prime-brutal-first-half-against-alaves_315376_102.html#breadcrumb"},"inLanguage":"en-US","potentialAction":[{"@type":"ReadAction","target":["https:\/\/www.fcbarcelonanoticias.com\/en\/laliga\/raphinha-returns-to-his-prime-brutal-first-half-against-alaves_315376_102.html"]}]},{"@type":"ImageObject","inLanguage":"en-US","@id":"https:\/\/www.fcbarcelonanoticias.com\/en\/laliga\/raphinha-returns-to-his-prime-brutal-first-half-against-alaves_315376_102.html#primaryimage","url":"https:\/\/www.fcbarcelonanoticias.com\/en\/wp-content\/uploads\/sites\/2\/2025\/11\/raphinha-v-alaves-laliga-25-26.webp","contentUrl":"https:\/\/www.fcbarcelonanoticias.com\/en\/wp-content\/uploads\/sites\/2\/2025\/11\/raphinha-v-alaves-laliga-25-26.webp","width":1200,"height":675},{"@type":"BreadcrumbList","@id":"https:\/\/www.fcbarcelonanoticias.com\/en\/laliga\/raphinha-returns-to-his-prime-brutal-first-half-against-alaves_315376_102.html#breadcrumb","itemListElement":[{"@type":"ListItem","position":1,"name":"Portada","item":"https:\/\/www.fcbarcelonanoticias.com\/en\/"},{"@type":"ListItem","position":2,"name":"Raphinha returns to his PRIME: brutal first half against Alav\u00e9s"}]},{"@type":"WebSite","@id":"https:\/\/www.fcbarcelonanoticias.com\/en\/#website","url":"https:\/\/www.fcbarcelonanoticias.com\/en\/","name":"EN - FC Barcelona Noticias","description":"","potentialAction":[{"@type":"SearchAction","target":{"@type":"EntryPoint","urlTemplate":"https:\/\/www.fcbarcelonanoticias.com\/en\/?s={search_term_string}"},"query-input":{"@type":"PropertyValueSpecification","valueRequired":true,"valueName":"search_term_string"}}],"inLanguage":"en-US"},{"@type":"Person","@id":"https:\/\/www.fcbarcelonanoticias.com\/en\/#\/schema\/person\/c2cd9f6fa1af5c0d0eccd0fefa575c88","name":"Andr\u00e9s Quiroz","image":{"@type":"ImageObject","inLanguage":"en-US","@id":"https:\/\/secure.gravatar.com\/avatar\/?s=96&d=mm&r=g","url":"https:\/\/secure.gravatar.com\/avatar\/?s=96&d=mm&r=g","contentUrl":"https:\/\/secure.gravatar.com\/avatar\/?s=96&d=mm&r=g","caption":"Andr\u00e9s Quiroz"},"description":"Licenciado en Periodismo por la Universidad de los Andes. Me encargo de analizar y compartir los contenidos m\u00e1s destacados de la\u00a0actualidad del F\u00fatbol Club Barcelona, Mercado de Fichajes y F\u00fatbol Internacional en FCBN. La informaci\u00f3n es poder, pero tambi\u00e9n conocimiento.","url":"https:\/\/www.fcbarcelonanoticias.com\/en\/fc-barcelona\/andres-quiroz_17_115.html"}]}},"_links":{"self":[{"href":"https:\/\/www.fcbarcelonanoticias.com\/en\/wp-json\/wp\/v2\/posts\/120361","targetHints":{"allow":["GET"]}}],"collection":[{"href":"https:\/\/www.fcbarcelonanoticias.com\/en\/wp-json\/wp\/v2\/posts"}],"about":[{"href":"https:\/\/www.fcbarcelonanoticias.com\/en\/wp-json\/wp\/v2\/types\/post"}],"author":[{"embeddable":true,"href":"https:\/\/www.fcbarcelonanoticias.com\/en\/wp-json\/wp\/v2\/users\/347"}],"replies":[{"embeddable":true,"href":"https:\/\/www.fcbarcelonanoticias.com\/en\/wp-json\/wp\/v2\/comments?post=120361"}],"version-history":[{"count":1,"href":"https:\/\/www.fcbarcelonanoticias.com\/en\/wp-json\/wp\/v2\/posts\/120361\/revisions"}],"predecessor-version":[{"id":149980,"href":"https:\/\/www.fcbarcelonanoticias.com\/en\/wp-json\/wp\/v2\/posts\/120361\/revisions\/149980"}],"wp:featuredmedia":[{"embeddable":true,"href":"https:\/\/www.fcbarcelonanoticias.com\/en\/wp-json\/wp\/v2\/media\/120367"}],"wp:attachment":[{"href":"https:\/\/www.fcbarcelonanoticias.com\/en\/wp-json\/wp\/v2\/media?parent=120361"}],"wp:term":[{"taxonomy":"category","embeddable":true,"href":"https:\/\/www.fcbarcelonanoticias.com\/en\/wp-json\/wp\/v2\/categories?post=120361"},{"taxonomy":"post_tag","embeddable":true,"href":"https:\/\/www.fcbarcelonanoticias.com\/en\/wp-json\/wp\/v2\/tags?post=120361"}],"curies":[{"name":"wp","href":"https:\/\/api.w.org\/{rel}","templated":true}]}}