{"id":120489,"date":"2026-01-18T17:34:00","date_gmt":"2026-01-18T16:34:00","guid":{"rendered":"https:\/\/weisetech.dev\/fc-barcelona-noticias\/en\/raphinha-out-for-real-sociedad-barcelona-find-out-why_315780_102\/"},"modified":"2026-01-18T17:34:00","modified_gmt":"2026-01-18T16:34:00","slug":"raphinha-out-for-real-sociedad-barcelona-find-out-why_315780_102","status":"publish","type":"post","link":"https:\/\/www.fcbarcelonanoticias.com\/en\/laliga\/raphinha-out-for-real-sociedad-barcelona-find-out-why_315780_102.html","title":{"rendered":"Raphinha to miss Real Sociedad-Barcelona match: Brazilian out as a precaution"},"content":{"rendered":"<h2 class=\"wp-block-heading\">Raphinha will not be available for Bar\u00e7a&#8217;s visit to Real Sociedad. The Brazilian is suffering from discomfort in his right thigh and Hansi Flick preferred to rule him out for LaLiga Matchday 20<\/h2>  \r\n<div class=\"article-addons\">\r\n    <a href=\"https:\/\/www.fcbarcelonanoticias.com\/en\/calendar-fc-barcelona.html\"\r\n       target=\"_self\"\r\n       title=\"Calendar of FC Barcelona\"\r\n       class=\"blue-gredient-btn\">\r\n       \r\n        Calendar of FC Barcelona    <\/a>\r\n<\/div>   <p><strong>Hansi Flick<\/strong> will not be able to count on <strong>Raphinha <\/strong>for <strong>FC Barcelona<\/strong>&#8216;s visit to <strong>Real Sociedad<\/strong> this Sunday (21:00 h). The German coach left the Brazilian out of the <a data-external=\"0\" data-intl-links-en=\"https:\/\/www.fcbarcelonanoticias.com\/en\/laliga\/hansi-flick-call-up-for-real-sociedad-barcelona_315778_102.html\" data-intl-links-es=\"https:\/\/www.fcbarcelonanoticias.com\/laliga\/lista-convocados-hansi-flick-real-sociedad-barcelona_315778_102.html\" href=\"https:\/\/www.fcbarcelonanoticias.com\/en\/laliga\/hansi-flick-call-up-for-real-sociedad-barcelona_315778_102.html\" rel=\"follow\" target=\"_self\" title=\"Lista de convocados de Hansi Flick para el Real Sociedad - Barcelona\">squad list<\/a> for the <a data-external=\"0\" data-intl-links-en=\"https:\/\/www.fcbarcelonanoticias.com\/en\/laliga\/schedule-and-tv-for-real-sociedad-barcelona-laliga-2025-26-md20_315613_102.html\" data-intl-links-es=\"https:\/\/www.fcbarcelonanoticias.com\/laliga\/horario-tv-real-sociedad-barcelona-laliga-2025-26-j20_315613_102.html\" href=\"https:\/\/www.fcbarcelonanoticias.com\/en\/laliga\/schedule-and-tv-for-real-sociedad-barcelona-laliga-2025-26-md20_315613_102.html\" rel=\"follow\" target=\"_self\" title=\"Horario y TV del Real Sociedad - Barcelona: LaLiga 2025\/26 J20\">20th matchday of LaLiga EA Sports<\/a> due to a knock suffered in the Copa del Rey round of 16 match against <strong>Racing de Santander.<\/strong><\/p>  <p>According to the <a data-external=\"1\" href=\"https:\/\/x.com\/en\/FCBarcelona_es\/status\/2012823981150044412\" rel=\"nofollow\" target=\"_blank\" title=\"Comunicado del Bar\u00e7a: Raphinha baja ante la Real Sociedad\">club&#8217;s medical report<\/a>, Raphinha is not suffering from an injury, but rather discomfort in his right thigh, which will keep him out as a precaution. The &#8217;11&#8217; had already been out for two months with <a data-external=\"0\" data-intl-links-en=\"https:\/\/www.fcbarcelonanoticias.com\/en\/laliga\/clasico-injuries-raphinha-relapses-kounde-is-also-doubtful_315104_102.html\" data-intl-links-es=\"https:\/\/www.fcbarcelonanoticias.com\/laliga\/barca-aprietos-raphinha-recae-lesion-kounde-tambien-duda-clasico_315104_102.html\" href=\"https:\/\/www.fcbarcelonanoticias.com\/en\/laliga\/clasico-injuries-raphinha-relapses-kounde-is-also-doubtful_315104_102.html\" rel=\"follow\" target=\"_self\" title=\"El Bar\u00e7a en aprietos: Raphinha recae de su lesi\u00f3n y se pierde el cl\u00e1sico\">a right femoral biceps injury<\/a> that caused him to miss nine official matches between October and November.<\/p>  <p>In that regard, Flick preferred not to take risks with the 28-year-old winger. The manager had previously stated in <a data-external=\"0\" data-intl-links-en=\"https:\/\/www.fcbarcelonanoticias.com\/en\/fc-barcelona\/flick-laments-dro-departure-and-opens-the-door-to-ter-stegen_315770_102.html\" data-intl-links-es=\"https:\/\/www.fcbarcelonanoticias.com\/fc-barcelona\/flick-se-sincera-sobre-mercado-barca-inminentes-salidas-dro-ter-stegen_315770_102.html\" href=\"https:\/\/www.fcbarcelonanoticias.com\/en\/fc-barcelona\/flick-laments-dro-departure-and-opens-the-door-to-ter-stegen_315770_102.html\" rel=\"follow\" target=\"_self\" title=\"Flick se sincera sobre el mercado del Bar\u00e7a ante las inminentes salidas de Dro y Ter Stegen\">the pre-match press conference<\/a> before the match at Anoeta that Raphinha was a doubt, as the forward was unable to train with the group on Saturday. Ultimately, the club decided to rule him out to avoid a significant injury<\/p>  <h2>When will Raphinha play for Bar\u00e7a again?<\/h2>  <p>Beyond missing the match against Real Sociedad, the Brazilian international should return for Bar\u00e7a&#8217;s next game. The Catalans will travel to the Czech Republic on Tuesday to face <strong>Sparta Prague on Wednesday the 21st (9:00 PM)<\/strong> for matchday 7 of the UEFA Champions League league stage.<\/p>  <p>Rapha could play against the Czechs again, although Flick must assess whether the player from Porto Alegre would be fit to be included in the lineup. The &#8217;11&#8217; was the MVP of the Spanish Super Cup, with braces against Athletic in the semis and against Real Madrid in the final.<\/p>  <p>In total, the 28-year-old player <strong>has scored 11 goals and provided 5 assists in 18 games (1,124 minutes)<\/strong> this season. Despite a two-month absence, the winger returned to his best form in December and was the most decisive player in the Blaugrana attack last month, with 9 goals produced (7G\/2A) in his last 6 matches.<\/p>  <p>Raphinha had also missed the first-round LaLiga match against Real Sociedad (2-1), a game played in Montju\u00efc that the Catalans won with goals from Jules Kound\u00e9 and Robert Lewandowski<\/p>  <h2>More Absences for Barcelona Against Real Sociedad<\/h2>  <p>For the 20th matchday of LaLiga, Hansi Flick will also not be able to count on **Pablo Gavi** and **Andreas Christensen**. Both are continuing their recovery processes from long-term injuries, with the Andalusian being the closest to returning. The &#8216;6&#8217; could reappear at the end of February, while the Dane will likely miss the rest of the season.<\/p>  <p>Academy players <strong>Jofre Torrents<\/strong> and <strong>Tommy M\u00e1rquez<\/strong> will also not be available at Anoeta. Both played with the reserve team on Saturday and, as in the match against Racing, were not included in the Blaugrana squad. <a data-external=\"0\" data-intl-links-en=\"https:\/\/www.fcbarcelonanoticias.com\/en\/transfers\/psg-will-pay-barcelona-6-millions-for-dro-fernandez-clause_315775_102.html\" data-intl-links-es=\"https:\/\/www.fcbarcelonanoticias.com\/fichajes\/acuerdo-cerrado-psg-pagara-barcelona-clausula-dro-fernandez_315775_102.html\" href=\"https:\/\/www.fcbarcelonanoticias.com\/en\/transfers\/psg-will-pay-barcelona-6-millions-for-dro-fernandez-clause_315775_102.html\" rel=\"follow\" target=\"_self\" title=\"Acuerdo cerrado: el PSG pagar\u00e1 al Bar\u00e7a la cl\u00e1usula de 'Dro' Fern\u00e1ndez\">Pedro &#8216;Dro&#8217; Fern\u00e1ndez<\/a>, for his part, was also ruled out due to his imminent transfer to Paris Saint-Germain.<\/p>  <ul> <li>\ud83d\udccc&nbsp;<strong>Follow the match live&nbsp;<a data-external=\"0\" data-intl-links-en=\"https:\/\/www.fcbarcelonanoticias.com\/en\/tags\/fc-barcelona-vs-real-sociedad\" data-intl-links-es=\"https:\/\/www.fcbarcelonanoticias.com\/tags\/fc-barcelona-vs-real-sociedad\" href=\"https:\/\/www.fcbarcelonanoticias.com\/en\/tags\/fc-barcelona-vs-real-sociedad.html\" rel=\"follow\" target=\"_self\" title=\"FC Barcelona vs Real Sociedad\">Real Sociedad&nbsp;vs&nbsp;FC Barcelona<\/a>&nbsp;on FC Barcelona Noticias and find out everything&nbsp;don&#8217;t miss a thing!<\/strong> <\/li> <\/ul> ","protected":false},"excerpt":{"rendered":"<p>Raphinha will not be available for Bar\u00e7a&#8217;s visit to Real Sociedad. The Brazilian is suffering from discomfort in his right thigh and Hansi Flick preferred to rule him out for LaLiga Matchday 20 Hansi Flick will not be able to count on Raphinha for FC Barcelona&#8216;s visit to Real Sociedad this Sunday (21:00 h). The [&hellip;]<\/p>\n","protected":false},"author":353,"featured_media":120497,"comment_status":"closed","ping_status":"open","sticky":false,"template":"","format":"standard","meta":{"_acf_changed":false,"inline_featured_image":false,"_nextfly_llmd_date_locked":false,"footnotes":""},"categories":[114,448],"tags":[83,136,144,463],"class_list":["post-120489","post","type-post","status-publish","format-standard","has-post-thumbnail","hentry","category-laliga","category-laliga-2","tag-fc-barcelona-vs-real-sociedad","tag-injured","tag-raphinha","tag-raphinha-2"],"acf":[],"yoast_head":"<!-- This site is optimized with the Yoast SEO plugin v27.3 - https:\/\/yoast.com\/product\/yoast-seo-wordpress\/ -->\n<title>Raphinha, out for Real Sociedad-Bar\u00e7a: Find out why<\/title>\n<meta name=\"description\" content=\"Raphinha will not be available for Bar\u00e7a&#039;s visit to Real Sociedad. The Brazilian is suffering from discomfort in his right thigh\" \/>\n<meta name=\"robots\" content=\"index, follow, max-snippet:-1, max-image-preview:large, max-video-preview:-1\" \/>\n<link rel=\"canonical\" href=\"https:\/\/www.fcbarcelonanoticias.com\/en\/laliga\/raphinha-out-for-real-sociedad-barcelona-find-out-why_315780_102.html\" \/>\n<meta property=\"og:locale\" content=\"en_US\" \/>\n<meta property=\"og:type\" content=\"article\" \/>\n<meta property=\"og:title\" content=\"Raphinha, out for Real Sociedad-Bar\u00e7a: Find out why\" \/>\n<meta property=\"og:description\" content=\"Raphinha will not be available for Bar\u00e7a&#039;s visit to Real Sociedad. The Brazilian is suffering from discomfort in his right thigh\" \/>\n<meta property=\"og:url\" content=\"https:\/\/www.fcbarcelonanoticias.com\/en\/laliga\/raphinha-out-for-real-sociedad-barcelona-find-out-why_315780_102.html\" \/>\n<meta property=\"og:site_name\" content=\"EN - FC Barcelona Noticias\" \/>\n<meta property=\"article:published_time\" content=\"2026-01-18T16:34:00+00:00\" \/>\n<meta property=\"og:image\" content=\"https:\/\/www.fcbarcelonanoticias.com\/en\/wp-content\/uploads\/sites\/2\/2026\/01\/raphinha-calentamiento-supercopa-espana-2026.jpeg\" \/>\n\t<meta property=\"og:image:width\" content=\"1300\" \/>\n\t<meta property=\"og:image:height\" content=\"732\" \/>\n\t<meta property=\"og:image:type\" content=\"image\/jpeg\" \/>\n<meta name=\"author\" content=\"FC Barcelona Noticias\" \/>\n<meta name=\"twitter:card\" content=\"summary_large_image\" \/>\n<meta name=\"twitter:label1\" content=\"Written by\" \/>\n\t<meta name=\"twitter:data1\" content=\"FC Barcelona Noticias\" \/>\n\t<meta name=\"twitter:label2\" content=\"Est. reading time\" \/>\n\t<meta name=\"twitter:data2\" content=\"3 minutes\" \/>\n<script type=\"application\/ld+json\" class=\"yoast-schema-graph\">{\"@context\":\"https:\\\/\\\/schema.org\",\"@graph\":[{\"@type\":\"Article\",\"@id\":\"https:\\\/\\\/www.fcbarcelonanoticias.com\\\/en\\\/laliga\\\/raphinha-out-for-real-sociedad-barcelona-find-out-why_315780_102.html#article\",\"isPartOf\":{\"@id\":\"https:\\\/\\\/www.fcbarcelonanoticias.com\\\/en\\\/laliga\\\/raphinha-out-for-real-sociedad-barcelona-find-out-why_315780_102.html\"},\"author\":{\"name\":\"FC Barcelona Noticias\",\"@id\":\"https:\\\/\\\/www.fcbarcelonanoticias.com\\\/en\\\/#\\\/schema\\\/person\\\/0f2810101d27606974cdb8edb54fa54b\"},\"headline\":\"Raphinha to miss Real Sociedad-Barcelona match: Brazilian out as a precaution\",\"datePublished\":\"2026-01-18T16:34:00+00:00\",\"mainEntityOfPage\":{\"@id\":\"https:\\\/\\\/www.fcbarcelonanoticias.com\\\/en\\\/laliga\\\/raphinha-out-for-real-sociedad-barcelona-find-out-why_315780_102.html\"},\"wordCount\":546,\"image\":{\"@id\":\"https:\\\/\\\/www.fcbarcelonanoticias.com\\\/en\\\/laliga\\\/raphinha-out-for-real-sociedad-barcelona-find-out-why_315780_102.html#primaryimage\"},\"thumbnailUrl\":\"https:\\\/\\\/www.fcbarcelonanoticias.com\\\/en\\\/wp-content\\\/uploads\\\/sites\\\/2\\\/2026\\\/01\\\/raphinha-calentamiento-supercopa-espana-2026.jpeg\",\"keywords\":[\"FC Barcelona vs Real Sociedad\",\"injured\",\"Raphinha\",\"Raphinha\"],\"articleSection\":[\"LaLiga\",\"LaLiga\"],\"inLanguage\":\"en-US\"},{\"@type\":\"WebPage\",\"@id\":\"https:\\\/\\\/www.fcbarcelonanoticias.com\\\/en\\\/laliga\\\/raphinha-out-for-real-sociedad-barcelona-find-out-why_315780_102.html\",\"url\":\"https:\\\/\\\/www.fcbarcelonanoticias.com\\\/en\\\/laliga\\\/raphinha-out-for-real-sociedad-barcelona-find-out-why_315780_102.html\",\"name\":\"Raphinha, out for Real Sociedad-Bar\u00e7a: Find out why\",\"isPartOf\":{\"@id\":\"https:\\\/\\\/www.fcbarcelonanoticias.com\\\/en\\\/#website\"},\"primaryImageOfPage\":{\"@id\":\"https:\\\/\\\/www.fcbarcelonanoticias.com\\\/en\\\/laliga\\\/raphinha-out-for-real-sociedad-barcelona-find-out-why_315780_102.html#primaryimage\"},\"image\":{\"@id\":\"https:\\\/\\\/www.fcbarcelonanoticias.com\\\/en\\\/laliga\\\/raphinha-out-for-real-sociedad-barcelona-find-out-why_315780_102.html#primaryimage\"},\"thumbnailUrl\":\"https:\\\/\\\/www.fcbarcelonanoticias.com\\\/en\\\/wp-content\\\/uploads\\\/sites\\\/2\\\/2026\\\/01\\\/raphinha-calentamiento-supercopa-espana-2026.jpeg\",\"datePublished\":\"2026-01-18T16:34:00+00:00\",\"author\":{\"@id\":\"https:\\\/\\\/www.fcbarcelonanoticias.com\\\/en\\\/#\\\/schema\\\/person\\\/0f2810101d27606974cdb8edb54fa54b\"},\"description\":\"Raphinha will not be available for Bar\u00e7a's visit to Real Sociedad. The Brazilian is suffering from discomfort in his right thigh\",\"breadcrumb\":{\"@id\":\"https:\\\/\\\/www.fcbarcelonanoticias.com\\\/en\\\/laliga\\\/raphinha-out-for-real-sociedad-barcelona-find-out-why_315780_102.html#breadcrumb\"},\"inLanguage\":\"en-US\",\"potentialAction\":[{\"@type\":\"ReadAction\",\"target\":[\"https:\\\/\\\/www.fcbarcelonanoticias.com\\\/en\\\/laliga\\\/raphinha-out-for-real-sociedad-barcelona-find-out-why_315780_102.html\"]}]},{\"@type\":\"ImageObject\",\"inLanguage\":\"en-US\",\"@id\":\"https:\\\/\\\/www.fcbarcelonanoticias.com\\\/en\\\/laliga\\\/raphinha-out-for-real-sociedad-barcelona-find-out-why_315780_102.html#primaryimage\",\"url\":\"https:\\\/\\\/www.fcbarcelonanoticias.com\\\/en\\\/wp-content\\\/uploads\\\/sites\\\/2\\\/2026\\\/01\\\/raphinha-calentamiento-supercopa-espana-2026.jpeg\",\"contentUrl\":\"https:\\\/\\\/www.fcbarcelonanoticias.com\\\/en\\\/wp-content\\\/uploads\\\/sites\\\/2\\\/2026\\\/01\\\/raphinha-calentamiento-supercopa-espana-2026.jpeg\",\"width\":1300,\"height\":732},{\"@type\":\"BreadcrumbList\",\"@id\":\"https:\\\/\\\/www.fcbarcelonanoticias.com\\\/en\\\/laliga\\\/raphinha-out-for-real-sociedad-barcelona-find-out-why_315780_102.html#breadcrumb\",\"itemListElement\":[{\"@type\":\"ListItem\",\"position\":1,\"name\":\"Portada\",\"item\":\"https:\\\/\\\/www.fcbarcelonanoticias.com\\\/en\\\/\"},{\"@type\":\"ListItem\",\"position\":2,\"name\":\"Raphinha to miss Real Sociedad-Barcelona match: Brazilian out as a precaution\"}]},{\"@type\":\"WebSite\",\"@id\":\"https:\\\/\\\/www.fcbarcelonanoticias.com\\\/en\\\/#website\",\"url\":\"https:\\\/\\\/www.fcbarcelonanoticias.com\\\/en\\\/\",\"name\":\"EN - FC Barcelona Noticias\",\"description\":\"\",\"potentialAction\":[{\"@type\":\"SearchAction\",\"target\":{\"@type\":\"EntryPoint\",\"urlTemplate\":\"https:\\\/\\\/www.fcbarcelonanoticias.com\\\/en\\\/?s={search_term_string}\"},\"query-input\":{\"@type\":\"PropertyValueSpecification\",\"valueRequired\":true,\"valueName\":\"search_term_string\"}}],\"inLanguage\":\"en-US\"},{\"@type\":\"Person\",\"@id\":\"https:\\\/\\\/www.fcbarcelonanoticias.com\\\/en\\\/#\\\/schema\\\/person\\\/0f2810101d27606974cdb8edb54fa54b\",\"name\":\"FC Barcelona Noticias\",\"image\":{\"@type\":\"ImageObject\",\"inLanguage\":\"en-US\",\"@id\":\"https:\\\/\\\/secure.gravatar.com\\\/avatar\\\/?s=96&d=mm&r=g\",\"url\":\"https:\\\/\\\/secure.gravatar.com\\\/avatar\\\/?s=96&d=mm&r=g\",\"contentUrl\":\"https:\\\/\\\/secure.gravatar.com\\\/avatar\\\/?s=96&d=mm&r=g\",\"caption\":\"FC Barcelona Noticias\"},\"url\":\"https:\\\/\\\/www.fcbarcelonanoticias.com\\\/en\\\/fc-barcelona\\\/fcbn-writing-fc-barcelona-news_6_115.html\"}]}<\/script>\n<!-- \/ Yoast SEO plugin. -->","yoast_head_json":{"title":"Raphinha, out for Real Sociedad-Bar\u00e7a: Find out why","description":"Raphinha will not be available for Bar\u00e7a's visit to Real Sociedad. The Brazilian is suffering from discomfort in his right thigh","robots":{"index":"index","follow":"follow","max-snippet":"max-snippet:-1","max-image-preview":"max-image-preview:large","max-video-preview":"max-video-preview:-1"},"canonical":"https:\/\/www.fcbarcelonanoticias.com\/en\/laliga\/raphinha-out-for-real-sociedad-barcelona-find-out-why_315780_102.html","og_locale":"en_US","og_type":"article","og_title":"Raphinha, out for Real Sociedad-Bar\u00e7a: Find out why","og_description":"Raphinha will not be available for Bar\u00e7a's visit to Real Sociedad. The Brazilian is suffering from discomfort in his right thigh","og_url":"https:\/\/www.fcbarcelonanoticias.com\/en\/laliga\/raphinha-out-for-real-sociedad-barcelona-find-out-why_315780_102.html","og_site_name":"EN - FC Barcelona Noticias","article_published_time":"2026-01-18T16:34:00+00:00","og_image":[{"width":1300,"height":732,"url":"https:\/\/www.fcbarcelonanoticias.com\/en\/wp-content\/uploads\/sites\/2\/2026\/01\/raphinha-calentamiento-supercopa-espana-2026.jpeg","type":"image\/jpeg"}],"author":"FC Barcelona Noticias","twitter_card":"summary_large_image","twitter_misc":{"Written by":"FC Barcelona Noticias","Est. reading time":"3 minutes"},"schema":{"@context":"https:\/\/schema.org","@graph":[{"@type":"Article","@id":"https:\/\/www.fcbarcelonanoticias.com\/en\/laliga\/raphinha-out-for-real-sociedad-barcelona-find-out-why_315780_102.html#article","isPartOf":{"@id":"https:\/\/www.fcbarcelonanoticias.com\/en\/laliga\/raphinha-out-for-real-sociedad-barcelona-find-out-why_315780_102.html"},"author":{"name":"FC Barcelona Noticias","@id":"https:\/\/www.fcbarcelonanoticias.com\/en\/#\/schema\/person\/0f2810101d27606974cdb8edb54fa54b"},"headline":"Raphinha to miss Real Sociedad-Barcelona match: Brazilian out as a precaution","datePublished":"2026-01-18T16:34:00+00:00","mainEntityOfPage":{"@id":"https:\/\/www.fcbarcelonanoticias.com\/en\/laliga\/raphinha-out-for-real-sociedad-barcelona-find-out-why_315780_102.html"},"wordCount":546,"image":{"@id":"https:\/\/www.fcbarcelonanoticias.com\/en\/laliga\/raphinha-out-for-real-sociedad-barcelona-find-out-why_315780_102.html#primaryimage"},"thumbnailUrl":"https:\/\/www.fcbarcelonanoticias.com\/en\/wp-content\/uploads\/sites\/2\/2026\/01\/raphinha-calentamiento-supercopa-espana-2026.jpeg","keywords":["FC Barcelona vs Real Sociedad","injured","Raphinha","Raphinha"],"articleSection":["LaLiga","LaLiga"],"inLanguage":"en-US"},{"@type":"WebPage","@id":"https:\/\/www.fcbarcelonanoticias.com\/en\/laliga\/raphinha-out-for-real-sociedad-barcelona-find-out-why_315780_102.html","url":"https:\/\/www.fcbarcelonanoticias.com\/en\/laliga\/raphinha-out-for-real-sociedad-barcelona-find-out-why_315780_102.html","name":"Raphinha, out for Real Sociedad-Bar\u00e7a: Find out why","isPartOf":{"@id":"https:\/\/www.fcbarcelonanoticias.com\/en\/#website"},"primaryImageOfPage":{"@id":"https:\/\/www.fcbarcelonanoticias.com\/en\/laliga\/raphinha-out-for-real-sociedad-barcelona-find-out-why_315780_102.html#primaryimage"},"image":{"@id":"https:\/\/www.fcbarcelonanoticias.com\/en\/laliga\/raphinha-out-for-real-sociedad-barcelona-find-out-why_315780_102.html#primaryimage"},"thumbnailUrl":"https:\/\/www.fcbarcelonanoticias.com\/en\/wp-content\/uploads\/sites\/2\/2026\/01\/raphinha-calentamiento-supercopa-espana-2026.jpeg","datePublished":"2026-01-18T16:34:00+00:00","author":{"@id":"https:\/\/www.fcbarcelonanoticias.com\/en\/#\/schema\/person\/0f2810101d27606974cdb8edb54fa54b"},"description":"Raphinha will not be available for Bar\u00e7a's visit to Real Sociedad. The Brazilian is suffering from discomfort in his right thigh","breadcrumb":{"@id":"https:\/\/www.fcbarcelonanoticias.com\/en\/laliga\/raphinha-out-for-real-sociedad-barcelona-find-out-why_315780_102.html#breadcrumb"},"inLanguage":"en-US","potentialAction":[{"@type":"ReadAction","target":["https:\/\/www.fcbarcelonanoticias.com\/en\/laliga\/raphinha-out-for-real-sociedad-barcelona-find-out-why_315780_102.html"]}]},{"@type":"ImageObject","inLanguage":"en-US","@id":"https:\/\/www.fcbarcelonanoticias.com\/en\/laliga\/raphinha-out-for-real-sociedad-barcelona-find-out-why_315780_102.html#primaryimage","url":"https:\/\/www.fcbarcelonanoticias.com\/en\/wp-content\/uploads\/sites\/2\/2026\/01\/raphinha-calentamiento-supercopa-espana-2026.jpeg","contentUrl":"https:\/\/www.fcbarcelonanoticias.com\/en\/wp-content\/uploads\/sites\/2\/2026\/01\/raphinha-calentamiento-supercopa-espana-2026.jpeg","width":1300,"height":732},{"@type":"BreadcrumbList","@id":"https:\/\/www.fcbarcelonanoticias.com\/en\/laliga\/raphinha-out-for-real-sociedad-barcelona-find-out-why_315780_102.html#breadcrumb","itemListElement":[{"@type":"ListItem","position":1,"name":"Portada","item":"https:\/\/www.fcbarcelonanoticias.com\/en\/"},{"@type":"ListItem","position":2,"name":"Raphinha to miss Real Sociedad-Barcelona match: Brazilian out as a precaution"}]},{"@type":"WebSite","@id":"https:\/\/www.fcbarcelonanoticias.com\/en\/#website","url":"https:\/\/www.fcbarcelonanoticias.com\/en\/","name":"EN - FC Barcelona Noticias","description":"","potentialAction":[{"@type":"SearchAction","target":{"@type":"EntryPoint","urlTemplate":"https:\/\/www.fcbarcelonanoticias.com\/en\/?s={search_term_string}"},"query-input":{"@type":"PropertyValueSpecification","valueRequired":true,"valueName":"search_term_string"}}],"inLanguage":"en-US"},{"@type":"Person","@id":"https:\/\/www.fcbarcelonanoticias.com\/en\/#\/schema\/person\/0f2810101d27606974cdb8edb54fa54b","name":"FC Barcelona Noticias","image":{"@type":"ImageObject","inLanguage":"en-US","@id":"https:\/\/secure.gravatar.com\/avatar\/?s=96&d=mm&r=g","url":"https:\/\/secure.gravatar.com\/avatar\/?s=96&d=mm&r=g","contentUrl":"https:\/\/secure.gravatar.com\/avatar\/?s=96&d=mm&r=g","caption":"FC Barcelona Noticias"},"url":"https:\/\/www.fcbarcelonanoticias.com\/en\/fc-barcelona\/fcbn-writing-fc-barcelona-news_6_115.html"}]}},"_links":{"self":[{"href":"https:\/\/www.fcbarcelonanoticias.com\/en\/wp-json\/wp\/v2\/posts\/120489","targetHints":{"allow":["GET"]}}],"collection":[{"href":"https:\/\/www.fcbarcelonanoticias.com\/en\/wp-json\/wp\/v2\/posts"}],"about":[{"href":"https:\/\/www.fcbarcelonanoticias.com\/en\/wp-json\/wp\/v2\/types\/post"}],"author":[{"embeddable":true,"href":"https:\/\/www.fcbarcelonanoticias.com\/en\/wp-json\/wp\/v2\/users\/353"}],"replies":[{"embeddable":true,"href":"https:\/\/www.fcbarcelonanoticias.com\/en\/wp-json\/wp\/v2\/comments?post=120489"}],"version-history":[{"count":1,"href":"https:\/\/www.fcbarcelonanoticias.com\/en\/wp-json\/wp\/v2\/posts\/120489\/revisions"}],"predecessor-version":[{"id":149976,"href":"https:\/\/www.fcbarcelonanoticias.com\/en\/wp-json\/wp\/v2\/posts\/120489\/revisions\/149976"}],"wp:featuredmedia":[{"embeddable":true,"href":"https:\/\/www.fcbarcelonanoticias.com\/en\/wp-json\/wp\/v2\/media\/120497"}],"wp:attachment":[{"href":"https:\/\/www.fcbarcelonanoticias.com\/en\/wp-json\/wp\/v2\/media?parent=120489"}],"wp:term":[{"taxonomy":"category","embeddable":true,"href":"https:\/\/www.fcbarcelonanoticias.com\/en\/wp-json\/wp\/v2\/categories?post=120489"},{"taxonomy":"post_tag","embeddable":true,"href":"https:\/\/www.fcbarcelonanoticias.com\/en\/wp-json\/wp\/v2\/tags?post=120489"}],"curies":[{"name":"wp","href":"https:\/\/api.w.org\/{rel}","templated":true}]}}