{"id":120772,"date":"2023-09-25T18:33:00","date_gmt":"2023-09-25T16:33:00","guid":{"rendered":"https:\/\/weisetech.dev\/fc-barcelona-noticias\/en\/rcd-mallorca-fcbarcelona-the-possible-alignments-for-the-day-7-of-laliga_296479_102\/"},"modified":"2023-09-27T20:08:00","modified_gmt":"2023-09-27T18:08:00","slug":"rcd-mallorca-fcbarcelona-the-possible-alignments-for-the-day-7-of-laliga_296479_102","status":"publish","type":"post","link":"https:\/\/www.fcbarcelonanoticias.com\/en\/laliga\/rcd-mallorca-fcbarcelona-the-possible-alignments-for-the-day-7-of-laliga_296479_102.html","title":{"rendered":"RCD Mallorca-FC Barcelona: The possible alignments for the 7th day of LaLiga"},"content":{"rendered":"<h2 class=\"wp-block-heading\">The FC Barcelona visits to the RCD Mallorca, this Tuesday from the 21:30 hours, in Palma de Mallorca. In the middle of a calendar tightened, Xavi Hern\u00e1ndez will have to go back to bet for doing rotations<\/h2>  \r\n<div class=\"article-addons\">\r\n    <a href=\"https:\/\/www.fcbarcelonanoticias.com\/en\/calendar-fc-barcelona.html\"\r\n       target=\"_self\"\r\n       title=\"Calendar of FC Barcelona\"\r\n       class=\"blue-gredient-btn\">\r\n       \r\n        Calendar of FC Barcelona    <\/a>\r\n<\/div>   <p><a data-external=\"0\" data-intl-links-en=\"https:\/\/www.fcbarcelonanoticias.com\/en\/laliga\/rcd-mallorca-fc-barcelona-squad-list-matchday-7-laliga_296463_102.html\" data-intl-links-es=\"https:\/\/www.fcbarcelonanoticias.com\/laliga\/rcd-mallorca-fc-barcelona-lista-convocados-jornada-7-laliga_296463_102.html\" href=\"https:\/\/www.fcbarcelonanoticias.com\/en\/laliga\/rcd-mallorca-fc-barcelona-squad-list-matchday-7-laliga_296463_102.html\" rel=\"follow\" target=\"_self\" title=\"RCD Mallorca-FC Barcelona: Lista de convocados para la jornada 7 de LaLiga\">The FC Barcelona<\/a> has to continue on its way in the current season after carrying an unexpected victory the past Saturday in front of the Celtic of Vigo. <strong>And it is that the cul\u00e9s could not lucir his good game during more than 70 minutes and even were underneath in the marker by 0-2, but Robert Lewandowski commissioned to keep to team of Xavi Hern\u00e1ndez in party, <\/strong>so that now they visit to the Mallorca being the leaders of the Spanish championship.<\/p>  <p>With the drop by several weeks of Frenkie of Jong, added to the one of Pedri, expect at least two or three rotations for the party in Sound Moix. The technical body Catalan <a data-external=\"0\" data-intl-links-en=\"https:\/\/www.fcbarcelonanoticias.com\/en\/fc-barcelona\/xavi-clarifies-gundogan-role-without-de-jong-and-announces-more-rotations_296473_102.html\" data-intl-links-es=\"https:\/\/www.fcbarcelonanoticias.com\/fc-barcelona\/xavi-aclara-rol-gundogan-sin-jong-anuncia-mas-rotaciones_296473_102.html\" href=\"https:\/\/www.fcbarcelonanoticias.com\/en\/fc-barcelona\/xavi-clarifies-gundogan-role-without-de-jong-and-announces-more-rotations_296473_102.html\" rel=\"follow\" target=\"_self\" title=\"Xavi aclara el rol de G\u00fcndogan sin De Jong y anuncia m\u00e1s rotaciones\">already has left clear in his press conference of this Monday<\/a> that will bet again by dosificar the staff, <strong>added besides that the alone venues have won a party this season and during his last presentation, were goleados (5-3) by the Girona in a party where evidenciaron a lot of problems<\/strong> that needs to solve Javier Aguirre to fulfil his aspirations this season.<\/p>  <h2>Likely alignments of the Mallorca-Bar\u00e7a<\/h2>  <ul> <li> <strong>FC Barcelona: <\/strong>Ter Stegen; I Cancel, Ara\u00fajo, I\u00f1igo, Balde; Romeu, G\u00fcndogan, Gavi; Lamine Yamal, Lewandowski and Raphinha.<\/li> \t<li> <strong>RCD Mallorca:<\/strong> Rajkovic; Maffeo, Valjent, Nastasic, Go Der Heyden, Coast; Rodr\u00edguez, Morlanes, Coast, Darder; Muriqi.<\/li> <\/ul> <h2>Ter Stegen<\/h2>  <p>Beside Jules Kound\u00e9, <strong>Marc-Andr\u00e9 ter Stegen has been the only player that has contested all the minutes in this start of campaign. <\/strong>It seems simply impossible that Xavi Hern\u00e1ndez go to give him rest and the Teutonic will look for to add his third goal to zero, second in LaLiga, trusting a defence that could have a couple of unpublished head offices.<\/p>  <h2>I cancel-Ara\u00fajo-I\u00f1igo-Balde<\/h2>  <p><strong>It seems the stage and ideal party so that Xavi give rest to Jules Kound\u00e9 and Andreas Christensen<\/strong>, by what the defence could be configured by Joao Cancel in the right side -also candidate to rest pr\u00f3ximamente- accompanied by the couple of head offices of Ronald Ara\u00fajo and I\u00f1igo Mart\u00ednez. Balde Would go back to the titularity to occupy the left band afterwards that Marcos Alonso fulfilled<\/p>  <h2>G\u00fcndogan-Romeu-Gavi<\/h2>  <p>Frenkie Of Jong will be the new big absence in the centre of the field of the Bar\u00e7a. After having player practically everything, the Dutch fell lesionado the past Saturday and now 4-3-3 cul\u00e9 seems more evident that never. <strong>In this sense, in the medullary could appear Oriol Romeu like pivote, accompanied by two interiors: \u00cdlkay G\u00fcndogan and Gavi.<\/strong> The Andalusian already received rest, whereas the German simply can not go out of the team for now without Pedri and Of Jong in the team.<\/p>  <h2>Lamine-Lewandowski-Raphinha<\/h2>  <p>In the line of attack is where more there are doubts, because the competition is maximum. Although it comes to play the last parties, seems difficult that Xavi can seat to Robert Lewandowski. <strong>In the rotations could see benefited Lamine Yamal or Ferran Torres to reinforce the left extreme if Joao F\u00e9lix rests,<\/strong> having to Raphinha like big candidate for the right sector.<\/p> ","protected":false},"excerpt":{"rendered":"<p>The FC Barcelona visits to the RCD Mallorca, this Tuesday from the 21:30 hours, in Palma de Mallorca. In the middle of a calendar tightened, Xavi Hern\u00e1ndez will have to go back to bet for doing rotations The FC Barcelona has to continue on its way in the current season after carrying an unexpected victory [&hellip;]<\/p>\n","protected":false},"author":345,"featured_media":120777,"comment_status":"closed","ping_status":"open","sticky":false,"template":"","format":"standard","meta":{"_acf_changed":false,"inline_featured_image":false,"_nextfly_llmd_date_locked":false,"footnotes":""},"categories":[114,448],"tags":[201,52],"class_list":["post-120772","post","type-post","status-publish","format-standard","has-post-thumbnail","hentry","category-laliga","category-laliga-2","tag-lineups","tag-rcd-mallorca"],"acf":[],"yoast_head":"<!-- This site is optimized with the Yoast SEO plugin v27.3 - https:\/\/yoast.com\/product\/yoast-seo-wordpress\/ -->\n<title>RCD Mallorca-FC Barcelona: The possible alignments for the 7th day of LaLiga<\/title>\n<meta name=\"description\" content=\"The FC Barcelona visits to the RCD Mallorca, this Tuesday from the 21:30 hours, in Palma de Mallorca. In the middle of a calendar tightened, Xavi Hern\u00e1ndez will have to go back to bet for doing rotations\" \/>\n<meta name=\"robots\" content=\"index, follow, max-snippet:-1, max-image-preview:large, max-video-preview:-1\" \/>\n<link rel=\"canonical\" href=\"https:\/\/www.fcbarcelonanoticias.com\/en\/laliga\/rcd-mallorca-fcbarcelona-the-possible-alignments-for-the-day-7-of-laliga_296479_102.html\" \/>\n<meta property=\"og:locale\" content=\"en_US\" \/>\n<meta property=\"og:type\" content=\"article\" \/>\n<meta property=\"og:title\" content=\"RCD Mallorca-FC Barcelona: The possible alignments for the 7th day of LaLiga\" \/>\n<meta property=\"og:description\" content=\"The FC Barcelona visits to the RCD Mallorca, this Tuesday from the 21:30 hours, in Palma de Mallorca. In the middle of a calendar tightened, Xavi Hern\u00e1ndez will have to go back to bet for doing rotations\" \/>\n<meta property=\"og:url\" content=\"https:\/\/www.fcbarcelonanoticias.com\/en\/laliga\/rcd-mallorca-fcbarcelona-the-possible-alignments-for-the-day-7-of-laliga_296479_102.html\" \/>\n<meta property=\"og:site_name\" content=\"EN - FC Barcelona Noticias\" \/>\n<meta property=\"article:published_time\" content=\"2023-09-25T16:33:00+00:00\" \/>\n<meta property=\"article:modified_time\" content=\"2023-09-27T18:08:00+00:00\" \/>\n<meta property=\"og:image\" content=\"https:\/\/www.fcbarcelonanoticias.com\/en\/wp-content\/uploads\/sites\/2\/2023\/09\/posible-mallorca-fcbarcelona.jpeg\" \/>\n\t<meta property=\"og:image:width\" content=\"1300\" \/>\n\t<meta property=\"og:image:height\" content=\"731\" \/>\n\t<meta property=\"og:image:type\" content=\"image\/jpeg\" \/>\n<meta name=\"author\" content=\"Carlos Montenegro\" \/>\n<meta name=\"twitter:card\" content=\"summary_large_image\" \/>\n<meta name=\"twitter:label1\" content=\"Written by\" \/>\n\t<meta name=\"twitter:data1\" content=\"Carlos Montenegro\" \/>\n\t<meta name=\"twitter:label2\" content=\"Est. reading time\" \/>\n\t<meta name=\"twitter:data2\" content=\"3 minutes\" \/>\n<script type=\"application\/ld+json\" class=\"yoast-schema-graph\">{\"@context\":\"https:\\\/\\\/schema.org\",\"@graph\":[{\"@type\":\"Article\",\"@id\":\"https:\\\/\\\/www.fcbarcelonanoticias.com\\\/en\\\/laliga\\\/rcd-mallorca-fcbarcelona-the-possible-alignments-for-the-day-7-of-laliga_296479_102.html#article\",\"isPartOf\":{\"@id\":\"https:\\\/\\\/www.fcbarcelonanoticias.com\\\/en\\\/laliga\\\/rcd-mallorca-fcbarcelona-the-possible-alignments-for-the-day-7-of-laliga_296479_102.html\"},\"author\":{\"name\":\"Carlos Montenegro\",\"@id\":\"https:\\\/\\\/www.fcbarcelonanoticias.com\\\/en\\\/#\\\/schema\\\/person\\\/aa1d038709c262cb247e240f6b39bbf5\"},\"headline\":\"RCD Mallorca-FC Barcelona: The possible alignments for the 7th day of LaLiga\",\"datePublished\":\"2023-09-25T16:33:00+00:00\",\"dateModified\":\"2023-09-27T18:08:00+00:00\",\"mainEntityOfPage\":{\"@id\":\"https:\\\/\\\/www.fcbarcelonanoticias.com\\\/en\\\/laliga\\\/rcd-mallorca-fcbarcelona-the-possible-alignments-for-the-day-7-of-laliga_296479_102.html\"},\"wordCount\":565,\"image\":{\"@id\":\"https:\\\/\\\/www.fcbarcelonanoticias.com\\\/en\\\/laliga\\\/rcd-mallorca-fcbarcelona-the-possible-alignments-for-the-day-7-of-laliga_296479_102.html#primaryimage\"},\"thumbnailUrl\":\"https:\\\/\\\/www.fcbarcelonanoticias.com\\\/en\\\/wp-content\\\/uploads\\\/sites\\\/2\\\/2023\\\/09\\\/posible-mallorca-fcbarcelona.jpeg\",\"keywords\":[\"FC Barcelona Lineups\",\"RCD Mallorca\"],\"articleSection\":[\"LaLiga\",\"LaLiga\"],\"inLanguage\":\"en-US\"},{\"@type\":\"WebPage\",\"@id\":\"https:\\\/\\\/www.fcbarcelonanoticias.com\\\/en\\\/laliga\\\/rcd-mallorca-fcbarcelona-the-possible-alignments-for-the-day-7-of-laliga_296479_102.html\",\"url\":\"https:\\\/\\\/www.fcbarcelonanoticias.com\\\/en\\\/laliga\\\/rcd-mallorca-fcbarcelona-the-possible-alignments-for-the-day-7-of-laliga_296479_102.html\",\"name\":\"RCD Mallorca-FC Barcelona: The possible alignments for the 7th day of LaLiga\",\"isPartOf\":{\"@id\":\"https:\\\/\\\/www.fcbarcelonanoticias.com\\\/en\\\/#website\"},\"primaryImageOfPage\":{\"@id\":\"https:\\\/\\\/www.fcbarcelonanoticias.com\\\/en\\\/laliga\\\/rcd-mallorca-fcbarcelona-the-possible-alignments-for-the-day-7-of-laliga_296479_102.html#primaryimage\"},\"image\":{\"@id\":\"https:\\\/\\\/www.fcbarcelonanoticias.com\\\/en\\\/laliga\\\/rcd-mallorca-fcbarcelona-the-possible-alignments-for-the-day-7-of-laliga_296479_102.html#primaryimage\"},\"thumbnailUrl\":\"https:\\\/\\\/www.fcbarcelonanoticias.com\\\/en\\\/wp-content\\\/uploads\\\/sites\\\/2\\\/2023\\\/09\\\/posible-mallorca-fcbarcelona.jpeg\",\"datePublished\":\"2023-09-25T16:33:00+00:00\",\"dateModified\":\"2023-09-27T18:08:00+00:00\",\"author\":{\"@id\":\"https:\\\/\\\/www.fcbarcelonanoticias.com\\\/en\\\/#\\\/schema\\\/person\\\/aa1d038709c262cb247e240f6b39bbf5\"},\"description\":\"The FC Barcelona visits to the RCD Mallorca, this Tuesday from the 21:30 hours, in Palma de Mallorca. In the middle of a calendar tightened, Xavi Hern\u00e1ndez will have to go back to bet for doing rotations\",\"breadcrumb\":{\"@id\":\"https:\\\/\\\/www.fcbarcelonanoticias.com\\\/en\\\/laliga\\\/rcd-mallorca-fcbarcelona-the-possible-alignments-for-the-day-7-of-laliga_296479_102.html#breadcrumb\"},\"inLanguage\":\"en-US\",\"potentialAction\":[{\"@type\":\"ReadAction\",\"target\":[\"https:\\\/\\\/www.fcbarcelonanoticias.com\\\/en\\\/laliga\\\/rcd-mallorca-fcbarcelona-the-possible-alignments-for-the-day-7-of-laliga_296479_102.html\"]}]},{\"@type\":\"ImageObject\",\"inLanguage\":\"en-US\",\"@id\":\"https:\\\/\\\/www.fcbarcelonanoticias.com\\\/en\\\/laliga\\\/rcd-mallorca-fcbarcelona-the-possible-alignments-for-the-day-7-of-laliga_296479_102.html#primaryimage\",\"url\":\"https:\\\/\\\/www.fcbarcelonanoticias.com\\\/en\\\/wp-content\\\/uploads\\\/sites\\\/2\\\/2023\\\/09\\\/posible-mallorca-fcbarcelona.jpeg\",\"contentUrl\":\"https:\\\/\\\/www.fcbarcelonanoticias.com\\\/en\\\/wp-content\\\/uploads\\\/sites\\\/2\\\/2023\\\/09\\\/posible-mallorca-fcbarcelona.jpeg\",\"width\":1300,\"height\":731},{\"@type\":\"BreadcrumbList\",\"@id\":\"https:\\\/\\\/www.fcbarcelonanoticias.com\\\/en\\\/laliga\\\/rcd-mallorca-fcbarcelona-the-possible-alignments-for-the-day-7-of-laliga_296479_102.html#breadcrumb\",\"itemListElement\":[{\"@type\":\"ListItem\",\"position\":1,\"name\":\"Portada\",\"item\":\"https:\\\/\\\/www.fcbarcelonanoticias.com\\\/en\\\/\"},{\"@type\":\"ListItem\",\"position\":2,\"name\":\"RCD Mallorca-FC Barcelona: The possible alignments for the 7th day of LaLiga\"}]},{\"@type\":\"WebSite\",\"@id\":\"https:\\\/\\\/www.fcbarcelonanoticias.com\\\/en\\\/#website\",\"url\":\"https:\\\/\\\/www.fcbarcelonanoticias.com\\\/en\\\/\",\"name\":\"EN - FC Barcelona Noticias\",\"description\":\"\",\"potentialAction\":[{\"@type\":\"SearchAction\",\"target\":{\"@type\":\"EntryPoint\",\"urlTemplate\":\"https:\\\/\\\/www.fcbarcelonanoticias.com\\\/en\\\/?s={search_term_string}\"},\"query-input\":{\"@type\":\"PropertyValueSpecification\",\"valueRequired\":true,\"valueName\":\"search_term_string\"}}],\"inLanguage\":\"en-US\"},{\"@type\":\"Person\",\"@id\":\"https:\\\/\\\/www.fcbarcelonanoticias.com\\\/en\\\/#\\\/schema\\\/person\\\/aa1d038709c262cb247e240f6b39bbf5\",\"name\":\"Carlos Montenegro\",\"image\":{\"@type\":\"ImageObject\",\"inLanguage\":\"en-US\",\"@id\":\"https:\\\/\\\/secure.gravatar.com\\\/avatar\\\/?s=96&d=mm&r=g\",\"url\":\"https:\\\/\\\/secure.gravatar.com\\\/avatar\\\/?s=96&d=mm&r=g\",\"contentUrl\":\"https:\\\/\\\/secure.gravatar.com\\\/avatar\\\/?s=96&d=mm&r=g\",\"caption\":\"Carlos Montenegro\"},\"url\":\"https:\\\/\\\/www.fcbarcelonanoticias.com\\\/en\\\/carlos-montenegro_20_115.html\"}]}<\/script>\n<!-- \/ Yoast SEO plugin. -->","yoast_head_json":{"title":"RCD Mallorca-FC Barcelona: The possible alignments for the 7th day of LaLiga","description":"The FC Barcelona visits to the RCD Mallorca, this Tuesday from the 21:30 hours, in Palma de Mallorca. In the middle of a calendar tightened, Xavi Hern\u00e1ndez will have to go back to bet for doing rotations","robots":{"index":"index","follow":"follow","max-snippet":"max-snippet:-1","max-image-preview":"max-image-preview:large","max-video-preview":"max-video-preview:-1"},"canonical":"https:\/\/www.fcbarcelonanoticias.com\/en\/laliga\/rcd-mallorca-fcbarcelona-the-possible-alignments-for-the-day-7-of-laliga_296479_102.html","og_locale":"en_US","og_type":"article","og_title":"RCD Mallorca-FC Barcelona: The possible alignments for the 7th day of LaLiga","og_description":"The FC Barcelona visits to the RCD Mallorca, this Tuesday from the 21:30 hours, in Palma de Mallorca. In the middle of a calendar tightened, Xavi Hern\u00e1ndez will have to go back to bet for doing rotations","og_url":"https:\/\/www.fcbarcelonanoticias.com\/en\/laliga\/rcd-mallorca-fcbarcelona-the-possible-alignments-for-the-day-7-of-laliga_296479_102.html","og_site_name":"EN - FC Barcelona Noticias","article_published_time":"2023-09-25T16:33:00+00:00","article_modified_time":"2023-09-27T18:08:00+00:00","og_image":[{"width":1300,"height":731,"url":"https:\/\/www.fcbarcelonanoticias.com\/en\/wp-content\/uploads\/sites\/2\/2023\/09\/posible-mallorca-fcbarcelona.jpeg","type":"image\/jpeg"}],"author":"Carlos Montenegro","twitter_card":"summary_large_image","twitter_misc":{"Written by":"Carlos Montenegro","Est. reading time":"3 minutes"},"schema":{"@context":"https:\/\/schema.org","@graph":[{"@type":"Article","@id":"https:\/\/www.fcbarcelonanoticias.com\/en\/laliga\/rcd-mallorca-fcbarcelona-the-possible-alignments-for-the-day-7-of-laliga_296479_102.html#article","isPartOf":{"@id":"https:\/\/www.fcbarcelonanoticias.com\/en\/laliga\/rcd-mallorca-fcbarcelona-the-possible-alignments-for-the-day-7-of-laliga_296479_102.html"},"author":{"name":"Carlos Montenegro","@id":"https:\/\/www.fcbarcelonanoticias.com\/en\/#\/schema\/person\/aa1d038709c262cb247e240f6b39bbf5"},"headline":"RCD Mallorca-FC Barcelona: The possible alignments for the 7th day of LaLiga","datePublished":"2023-09-25T16:33:00+00:00","dateModified":"2023-09-27T18:08:00+00:00","mainEntityOfPage":{"@id":"https:\/\/www.fcbarcelonanoticias.com\/en\/laliga\/rcd-mallorca-fcbarcelona-the-possible-alignments-for-the-day-7-of-laliga_296479_102.html"},"wordCount":565,"image":{"@id":"https:\/\/www.fcbarcelonanoticias.com\/en\/laliga\/rcd-mallorca-fcbarcelona-the-possible-alignments-for-the-day-7-of-laliga_296479_102.html#primaryimage"},"thumbnailUrl":"https:\/\/www.fcbarcelonanoticias.com\/en\/wp-content\/uploads\/sites\/2\/2023\/09\/posible-mallorca-fcbarcelona.jpeg","keywords":["FC Barcelona Lineups","RCD Mallorca"],"articleSection":["LaLiga","LaLiga"],"inLanguage":"en-US"},{"@type":"WebPage","@id":"https:\/\/www.fcbarcelonanoticias.com\/en\/laliga\/rcd-mallorca-fcbarcelona-the-possible-alignments-for-the-day-7-of-laliga_296479_102.html","url":"https:\/\/www.fcbarcelonanoticias.com\/en\/laliga\/rcd-mallorca-fcbarcelona-the-possible-alignments-for-the-day-7-of-laliga_296479_102.html","name":"RCD Mallorca-FC Barcelona: The possible alignments for the 7th day of LaLiga","isPartOf":{"@id":"https:\/\/www.fcbarcelonanoticias.com\/en\/#website"},"primaryImageOfPage":{"@id":"https:\/\/www.fcbarcelonanoticias.com\/en\/laliga\/rcd-mallorca-fcbarcelona-the-possible-alignments-for-the-day-7-of-laliga_296479_102.html#primaryimage"},"image":{"@id":"https:\/\/www.fcbarcelonanoticias.com\/en\/laliga\/rcd-mallorca-fcbarcelona-the-possible-alignments-for-the-day-7-of-laliga_296479_102.html#primaryimage"},"thumbnailUrl":"https:\/\/www.fcbarcelonanoticias.com\/en\/wp-content\/uploads\/sites\/2\/2023\/09\/posible-mallorca-fcbarcelona.jpeg","datePublished":"2023-09-25T16:33:00+00:00","dateModified":"2023-09-27T18:08:00+00:00","author":{"@id":"https:\/\/www.fcbarcelonanoticias.com\/en\/#\/schema\/person\/aa1d038709c262cb247e240f6b39bbf5"},"description":"The FC Barcelona visits to the RCD Mallorca, this Tuesday from the 21:30 hours, in Palma de Mallorca. In the middle of a calendar tightened, Xavi Hern\u00e1ndez will have to go back to bet for doing rotations","breadcrumb":{"@id":"https:\/\/www.fcbarcelonanoticias.com\/en\/laliga\/rcd-mallorca-fcbarcelona-the-possible-alignments-for-the-day-7-of-laliga_296479_102.html#breadcrumb"},"inLanguage":"en-US","potentialAction":[{"@type":"ReadAction","target":["https:\/\/www.fcbarcelonanoticias.com\/en\/laliga\/rcd-mallorca-fcbarcelona-the-possible-alignments-for-the-day-7-of-laliga_296479_102.html"]}]},{"@type":"ImageObject","inLanguage":"en-US","@id":"https:\/\/www.fcbarcelonanoticias.com\/en\/laliga\/rcd-mallorca-fcbarcelona-the-possible-alignments-for-the-day-7-of-laliga_296479_102.html#primaryimage","url":"https:\/\/www.fcbarcelonanoticias.com\/en\/wp-content\/uploads\/sites\/2\/2023\/09\/posible-mallorca-fcbarcelona.jpeg","contentUrl":"https:\/\/www.fcbarcelonanoticias.com\/en\/wp-content\/uploads\/sites\/2\/2023\/09\/posible-mallorca-fcbarcelona.jpeg","width":1300,"height":731},{"@type":"BreadcrumbList","@id":"https:\/\/www.fcbarcelonanoticias.com\/en\/laliga\/rcd-mallorca-fcbarcelona-the-possible-alignments-for-the-day-7-of-laliga_296479_102.html#breadcrumb","itemListElement":[{"@type":"ListItem","position":1,"name":"Portada","item":"https:\/\/www.fcbarcelonanoticias.com\/en\/"},{"@type":"ListItem","position":2,"name":"RCD Mallorca-FC Barcelona: The possible alignments for the 7th day of LaLiga"}]},{"@type":"WebSite","@id":"https:\/\/www.fcbarcelonanoticias.com\/en\/#website","url":"https:\/\/www.fcbarcelonanoticias.com\/en\/","name":"EN - FC Barcelona Noticias","description":"","potentialAction":[{"@type":"SearchAction","target":{"@type":"EntryPoint","urlTemplate":"https:\/\/www.fcbarcelonanoticias.com\/en\/?s={search_term_string}"},"query-input":{"@type":"PropertyValueSpecification","valueRequired":true,"valueName":"search_term_string"}}],"inLanguage":"en-US"},{"@type":"Person","@id":"https:\/\/www.fcbarcelonanoticias.com\/en\/#\/schema\/person\/aa1d038709c262cb247e240f6b39bbf5","name":"Carlos Montenegro","image":{"@type":"ImageObject","inLanguage":"en-US","@id":"https:\/\/secure.gravatar.com\/avatar\/?s=96&d=mm&r=g","url":"https:\/\/secure.gravatar.com\/avatar\/?s=96&d=mm&r=g","contentUrl":"https:\/\/secure.gravatar.com\/avatar\/?s=96&d=mm&r=g","caption":"Carlos Montenegro"},"url":"https:\/\/www.fcbarcelonanoticias.com\/en\/carlos-montenegro_20_115.html"}]}},"_links":{"self":[{"href":"https:\/\/www.fcbarcelonanoticias.com\/en\/wp-json\/wp\/v2\/posts\/120772","targetHints":{"allow":["GET"]}}],"collection":[{"href":"https:\/\/www.fcbarcelonanoticias.com\/en\/wp-json\/wp\/v2\/posts"}],"about":[{"href":"https:\/\/www.fcbarcelonanoticias.com\/en\/wp-json\/wp\/v2\/types\/post"}],"author":[{"embeddable":true,"href":"https:\/\/www.fcbarcelonanoticias.com\/en\/wp-json\/wp\/v2\/users\/345"}],"replies":[{"embeddable":true,"href":"https:\/\/www.fcbarcelonanoticias.com\/en\/wp-json\/wp\/v2\/comments?post=120772"}],"version-history":[{"count":1,"href":"https:\/\/www.fcbarcelonanoticias.com\/en\/wp-json\/wp\/v2\/posts\/120772\/revisions"}],"predecessor-version":[{"id":150012,"href":"https:\/\/www.fcbarcelonanoticias.com\/en\/wp-json\/wp\/v2\/posts\/120772\/revisions\/150012"}],"wp:featuredmedia":[{"embeddable":true,"href":"https:\/\/www.fcbarcelonanoticias.com\/en\/wp-json\/wp\/v2\/media\/120777"}],"wp:attachment":[{"href":"https:\/\/www.fcbarcelonanoticias.com\/en\/wp-json\/wp\/v2\/media?parent=120772"}],"wp:term":[{"taxonomy":"category","embeddable":true,"href":"https:\/\/www.fcbarcelonanoticias.com\/en\/wp-json\/wp\/v2\/categories?post=120772"},{"taxonomy":"post_tag","embeddable":true,"href":"https:\/\/www.fcbarcelonanoticias.com\/en\/wp-json\/wp\/v2\/tags?post=120772"}],"curies":[{"name":"wp","href":"https:\/\/api.w.org\/{rel}","templated":true}]}}