{"id":120775,"date":"2020-10-05T01:57:00","date_gmt":"2020-10-04T23:57:00","guid":{"rendered":"https:\/\/weisetech.dev\/fc-barcelona-noticias\/en\/koeman-opens-door-dembele-leave-barca-can-happen-things_261109_102\/"},"modified":"2026-04-16T09:57:42","modified_gmt":"2026-04-16T07:57:42","slug":"koeman-opens-door-dembele-leave-barca-can-happen-things_261109_102","status":"publish","type":"post","link":"https:\/\/www.fcbarcelonanoticias.com\/en\/players\/koeman-opens-door-dembele-leave-barca-can-happen-things_261109_102.html","title":{"rendered":"Koeman opens the door so that Demb\u00e9l\u00e9 leave the Bar\u00e7a: &#8220;Can happen things&#8221;"},"content":{"rendered":"<h2 class=\"wp-block-heading\">There is not all safe and everything is possible. That is the conclusion to which arrives on the future of Ousmane Demb\u00e9l\u00e9 after the words of Ronald Koeman in press conference<\/h2>  \r\n<div class=\"article-addons\">\r\n    <a href=\"https:\/\/www.fcbarcelonanoticias.com\/en\/calendar-fc-barcelona.html\"\r\n       target=\"_self\"\r\n       title=\"Calendar of FC Barcelona\"\r\n       class=\"blue-gredient-btn\">\r\n       \r\n        Calendar of FC Barcelona    <\/a>\r\n<\/div>   <p><strong><a data-external=\"0\" data-intl-links-en=\"https:\/\/www.fcbarcelonanoticias.com\/en\/laliga\/chronicle-of-the-fc-barcelona-seville-of-laliga-2020-21_261098_102.html\" data-intl-links-es=\"https:\/\/www.fcbarcelonanoticias.com\/laliga\/fc-barcelona-sevilla-1-1-laliga-2020-21_261098_102.html\" href=\"https:\/\/www.fcbarcelonanoticias.com\/en\/laliga\/chronicle-of-the-fc-barcelona-seville-of-laliga-2020-21_261098_102.html\" rel=\"follow\" target=\"_self\" title=\"El Bar\u00e7a no consigue m\u00e1s que un empate contra un Sevilla muy compacto (1-1)\">Finalised the party between FC Barcelona and Seville (1-1)<\/a><\/strong> this Sunday in the Camp Nou, <strong>Ronald Koeman valued the tie in front of the Andalusian team<\/strong> and went back to be asked after the future of some proper names. One of them was <strong>Ousmane Demb\u00e9l\u00e9<\/strong>, the one who went back to remain without playing neither an alone minute by third consecutive party of <strong><a data-external=\"1\" href=\"https:\/\/www.fcbarcelonanoticias.com\/laliga\/2020-21\/jornada-5_758.html\" rel=\"follow\" target=\"_self\" title=\"LaLiga Santander 2020-21\">LaLiga Santander 2020-21<\/a><\/strong>.<\/p>  <p>The Dutch technician recognised that it does not know still what will happen with the young French talent, when remaining some hours so that it close the market of signings and be objective of clubs like the Manchester United.<strong> &#8220;What there is sure in the world? I do not know it. For the moment it is player of the Barcelona. It remains a day for entrances and exits<\/strong>. Already we will see. I have opted by Trincao, Pedri and Pjanic. We needed more control and therefore I did these changes&#8221;, said Koeman.<\/p>  <blockquote> <p>&#8220;What there is sure in the world? I do not know it. Demb\u00e9l\u00e9 For the moment is player of the Barcelona&#8221;<\/p> <\/blockquote>  <p>The trainer of the FC Barcelona threw balloons was and did not want to go in in controversies, but with his answer left to glimpse that the Barcelona is posing seriously the exit of the player Frenchman to attain like this the signing of aims like <strong>Memphis Depay<\/strong>. Koeman, in any case, spoke also on <strong><a data-external=\"0\" data-intl-links-en=\"https:\/\/www.fcbarcelonanoticias.com\/en\/players\/alarm-jordi-alba-injured-forced-sergino-dest-debut-left-handed-side_261106_102.html\" data-intl-links-es=\"https:\/\/www.fcbarcelonanoticias.com\/jugadores\/alarma-jordi-alba-lesionado-obligo-sergino-dest-debutar-lateral-zurdo_261106_102.html\" href=\"https:\/\/www.fcbarcelonanoticias.com\/en\/players\/alarm-jordi-alba-injured-forced-sergino-dest-debut-left-handed-side_261106_102.html\" rel=\"follow\" target=\"_self\" title=\"ALARMA: Jordi Alba, lesionado, oblig\u00f3 a Sergi\u00f1o Dest a debutar en el lateral zurdo\">the official debut of Sergi\u00f1o Dest<\/a> with the Barcelona T-shirt<\/strong>.<\/p>  <p><strong>&#8220;It is a young player that has a lot of confidence, to weigh that only it has been here three days. It is very positive that it was like this<\/strong>. We are very happy. It can play by the two bands&#8221;, commented the preparador Dutch, also satisfied with the contribution of <strong>Ronald Ara\u00fajo<\/strong> like mate of <strong>Gerard Hammered<\/strong> in the defensive saga. &#8220;It has done very good party. Has confidence and physically is very strong. We are working with him the subject to build from backwards. It has done the party that expected us because, in spite of his youth, has things of big head office. We go him to help to improve&#8221;.<\/p>  <p><strong>Coutinho Is another of the players that is receiving the confidence of Koeman<\/strong> in the last parties, since it gave beginning the course. &#8220;It needs help and confidence of the technician, but he has to surrender. His parties are good. It has showed to be a big player&#8221;.<\/p>  <h3>Koeman Does not want injuries during the stop<\/h3>  <p>And it did not want to go in in detail on the played of the possible penalti to Leo Messi, although it commented that they have said him that yes it was maximum penalty. <strong>&#8220;I have not seen the played on Messi. They have said me that it was penalti<\/strong>. There is VAR, have looked it and have decided no pitar penalti. It is necessary to accept it&#8221;. To the Bar\u00e7a comes him now a stop of selections in the calendar, and Koeman expects that any player return lesionado. <strong>&#8220;Ojal\u00e1 That all return well of the selection<\/strong>. Afterwards it arrives a calendar complicated. Will have few days to prepare the meeting&#8221;.<\/p>  <p>It ensured, finally, that one of the reasons by which saw to a Bar\u00e7a something greyer this Sunday was, possibly, the tiredness accumulated. &#8220;I think that it has been another strong party, a day more. In Vigo, with one less, tire us. <strong>It was missing us freshness, has been missing us spark and depth. It has been an intense week for us<\/strong>. We expect that all the world go back in good conditions of the stop&#8221;, reiterated Koeman.<\/p>  <h3>Demb\u00e9l\u00e9 Wants to continue in the Bar\u00e7a<\/h3>  <div class=\"article-video-wrapper\" data-ck-asset-wrapper=\"\"> <div class=\"article-video\"> <div> <div style=\"position: relative; padding-bottom:56.25%; height: 0; overflow: hidden; \"><\/div> <\/div> <\/div> <\/div>  <p>&nbsp;<\/p> ","protected":false},"excerpt":{"rendered":"<p>There is not all safe and everything is possible. That is the conclusion to which arrives on the future of Ousmane Demb\u00e9l\u00e9 after the words of Ronald Koeman in press conference Finalised the party between FC Barcelona and Seville (1-1) this Sunday in the Camp Nou, Ronald Koeman valued the tie in front of the [&hellip;]<\/p>\n","protected":false},"author":366,"featured_media":120782,"comment_status":"closed","ping_status":"open","sticky":false,"template":"","format":"standard","meta":{"_acf_changed":false,"inline_featured_image":false,"_nextfly_llmd_date_locked":false,"footnotes":""},"categories":[453,107],"tags":[146],"class_list":["post-120775","post","type-post","status-publish","format-standard","has-post-thumbnail","hentry","category-players-2","category-players","tag-dembele"],"acf":[],"yoast_head":"<!-- This site is optimized with the Yoast SEO plugin v27.3 - https:\/\/yoast.com\/product\/yoast-seo-wordpress\/ -->\n<title>Koeman opens the door so that Demb\u00e9l\u00e9 leave the Bar\u00e7a: &quot;Can happen things&quot;<\/title>\n<meta name=\"description\" content=\"There is not all safe and everything is possible. That is the conclusion to which arrives on the future of Ousmane Demb\u00e9l\u00e9 after the words of Ronald Koeman in press conference\" \/>\n<meta name=\"robots\" content=\"index, follow, max-snippet:-1, max-image-preview:large, max-video-preview:-1\" \/>\n<link rel=\"canonical\" href=\"https:\/\/www.fcbarcelonanoticias.com\/en\/players\/koeman-opens-door-dembele-leave-barca-can-happen-things_261109_102.html\" \/>\n<meta property=\"og:locale\" content=\"en_US\" \/>\n<meta property=\"og:type\" content=\"article\" \/>\n<meta property=\"og:title\" content=\"Koeman opens the door so that Demb\u00e9l\u00e9 leave the Bar\u00e7a: &quot;Can happen things&quot;\" \/>\n<meta property=\"og:description\" content=\"There is not all safe and everything is possible. That is the conclusion to which arrives on the future of Ousmane Demb\u00e9l\u00e9 after the words of Ronald Koeman in press conference\" \/>\n<meta property=\"og:url\" content=\"https:\/\/www.fcbarcelonanoticias.com\/en\/players\/koeman-opens-door-dembele-leave-barca-can-happen-things_261109_102.html\" \/>\n<meta property=\"og:site_name\" content=\"EN - FC Barcelona Noticias\" \/>\n<meta property=\"article:published_time\" content=\"2020-10-04T23:57:00+00:00\" \/>\n<meta property=\"article:modified_time\" content=\"2026-04-16T07:57:42+00:00\" \/>\n<meta property=\"og:image\" content=\"https:\/\/www.fcbarcelonanoticias.com\/en\/wp-content\/uploads\/sites\/2\/2020\/10\/koeman-banquillo-1.jpeg\" \/>\n\t<meta property=\"og:image:width\" content=\"1200\" \/>\n\t<meta property=\"og:image:height\" content=\"683\" \/>\n\t<meta property=\"og:image:type\" content=\"image\/jpeg\" \/>\n<meta name=\"author\" content=\"Carlos Dom\u00ednguez\" \/>\n<meta name=\"twitter:card\" content=\"summary_large_image\" \/>\n<meta name=\"twitter:label1\" content=\"Written by\" \/>\n\t<meta name=\"twitter:data1\" content=\"Carlos Dom\u00ednguez\" \/>\n\t<meta name=\"twitter:label2\" content=\"Est. reading time\" \/>\n\t<meta name=\"twitter:data2\" content=\"3 minutes\" \/>\n<script type=\"application\/ld+json\" class=\"yoast-schema-graph\">{\"@context\":\"https:\\\/\\\/schema.org\",\"@graph\":[{\"@type\":\"Article\",\"@id\":\"https:\\\/\\\/www.fcbarcelonanoticias.com\\\/en\\\/players\\\/koeman-opens-door-dembele-leave-barca-can-happen-things_261109_102.html#article\",\"isPartOf\":{\"@id\":\"https:\\\/\\\/www.fcbarcelonanoticias.com\\\/en\\\/players\\\/koeman-opens-door-dembele-leave-barca-can-happen-things_261109_102.html\"},\"author\":{\"name\":\"Carlos Dom\u00ednguez\",\"@id\":\"https:\\\/\\\/www.fcbarcelonanoticias.com\\\/en\\\/#\\\/schema\\\/person\\\/888e29b17b79c70d1c617d8a7bc9b8c6\"},\"headline\":\"Koeman opens the door so that Demb\u00e9l\u00e9 leave the Bar\u00e7a: &#8220;Can happen things&#8221;\",\"datePublished\":\"2020-10-04T23:57:00+00:00\",\"dateModified\":\"2026-04-16T07:57:42+00:00\",\"mainEntityOfPage\":{\"@id\":\"https:\\\/\\\/www.fcbarcelonanoticias.com\\\/en\\\/players\\\/koeman-opens-door-dembele-leave-barca-can-happen-things_261109_102.html\"},\"wordCount\":665,\"image\":{\"@id\":\"https:\\\/\\\/www.fcbarcelonanoticias.com\\\/en\\\/players\\\/koeman-opens-door-dembele-leave-barca-can-happen-things_261109_102.html#primaryimage\"},\"thumbnailUrl\":\"https:\\\/\\\/www.fcbarcelonanoticias.com\\\/en\\\/wp-content\\\/uploads\\\/sites\\\/2\\\/2020\\\/10\\\/koeman-banquillo-1.jpeg\",\"keywords\":[\"Demb\u00e9l\u00e9\"],\"articleSection\":[\"Players\",\"Players\"],\"inLanguage\":\"en-US\"},{\"@type\":\"WebPage\",\"@id\":\"https:\\\/\\\/www.fcbarcelonanoticias.com\\\/en\\\/players\\\/koeman-opens-door-dembele-leave-barca-can-happen-things_261109_102.html\",\"url\":\"https:\\\/\\\/www.fcbarcelonanoticias.com\\\/en\\\/players\\\/koeman-opens-door-dembele-leave-barca-can-happen-things_261109_102.html\",\"name\":\"Koeman opens the door so that Demb\u00e9l\u00e9 leave the Bar\u00e7a: \\\"Can happen things\\\"\",\"isPartOf\":{\"@id\":\"https:\\\/\\\/www.fcbarcelonanoticias.com\\\/en\\\/#website\"},\"primaryImageOfPage\":{\"@id\":\"https:\\\/\\\/www.fcbarcelonanoticias.com\\\/en\\\/players\\\/koeman-opens-door-dembele-leave-barca-can-happen-things_261109_102.html#primaryimage\"},\"image\":{\"@id\":\"https:\\\/\\\/www.fcbarcelonanoticias.com\\\/en\\\/players\\\/koeman-opens-door-dembele-leave-barca-can-happen-things_261109_102.html#primaryimage\"},\"thumbnailUrl\":\"https:\\\/\\\/www.fcbarcelonanoticias.com\\\/en\\\/wp-content\\\/uploads\\\/sites\\\/2\\\/2020\\\/10\\\/koeman-banquillo-1.jpeg\",\"datePublished\":\"2020-10-04T23:57:00+00:00\",\"dateModified\":\"2026-04-16T07:57:42+00:00\",\"author\":{\"@id\":\"https:\\\/\\\/www.fcbarcelonanoticias.com\\\/en\\\/#\\\/schema\\\/person\\\/888e29b17b79c70d1c617d8a7bc9b8c6\"},\"description\":\"There is not all safe and everything is possible. That is the conclusion to which arrives on the future of Ousmane Demb\u00e9l\u00e9 after the words of Ronald Koeman in press conference\",\"breadcrumb\":{\"@id\":\"https:\\\/\\\/www.fcbarcelonanoticias.com\\\/en\\\/players\\\/koeman-opens-door-dembele-leave-barca-can-happen-things_261109_102.html#breadcrumb\"},\"inLanguage\":\"en-US\",\"potentialAction\":[{\"@type\":\"ReadAction\",\"target\":[\"https:\\\/\\\/www.fcbarcelonanoticias.com\\\/en\\\/players\\\/koeman-opens-door-dembele-leave-barca-can-happen-things_261109_102.html\"]}]},{\"@type\":\"ImageObject\",\"inLanguage\":\"en-US\",\"@id\":\"https:\\\/\\\/www.fcbarcelonanoticias.com\\\/en\\\/players\\\/koeman-opens-door-dembele-leave-barca-can-happen-things_261109_102.html#primaryimage\",\"url\":\"https:\\\/\\\/www.fcbarcelonanoticias.com\\\/en\\\/wp-content\\\/uploads\\\/sites\\\/2\\\/2020\\\/10\\\/koeman-banquillo-1.jpeg\",\"contentUrl\":\"https:\\\/\\\/www.fcbarcelonanoticias.com\\\/en\\\/wp-content\\\/uploads\\\/sites\\\/2\\\/2020\\\/10\\\/koeman-banquillo-1.jpeg\",\"width\":1200,\"height\":683},{\"@type\":\"BreadcrumbList\",\"@id\":\"https:\\\/\\\/www.fcbarcelonanoticias.com\\\/en\\\/players\\\/koeman-opens-door-dembele-leave-barca-can-happen-things_261109_102.html#breadcrumb\",\"itemListElement\":[{\"@type\":\"ListItem\",\"position\":1,\"name\":\"Portada\",\"item\":\"https:\\\/\\\/www.fcbarcelonanoticias.com\\\/en\\\/\"},{\"@type\":\"ListItem\",\"position\":2,\"name\":\"Koeman opens the door so that Demb\u00e9l\u00e9 leave the Bar\u00e7a: &#8220;Can happen things&#8221;\"}]},{\"@type\":\"WebSite\",\"@id\":\"https:\\\/\\\/www.fcbarcelonanoticias.com\\\/en\\\/#website\",\"url\":\"https:\\\/\\\/www.fcbarcelonanoticias.com\\\/en\\\/\",\"name\":\"EN - FC Barcelona Noticias\",\"description\":\"\",\"potentialAction\":[{\"@type\":\"SearchAction\",\"target\":{\"@type\":\"EntryPoint\",\"urlTemplate\":\"https:\\\/\\\/www.fcbarcelonanoticias.com\\\/en\\\/?s={search_term_string}\"},\"query-input\":{\"@type\":\"PropertyValueSpecification\",\"valueRequired\":true,\"valueName\":\"search_term_string\"}}],\"inLanguage\":\"en-US\"},{\"@type\":\"Person\",\"@id\":\"https:\\\/\\\/www.fcbarcelonanoticias.com\\\/en\\\/#\\\/schema\\\/person\\\/888e29b17b79c70d1c617d8a7bc9b8c6\",\"name\":\"Carlos Dom\u00ednguez\",\"image\":{\"@type\":\"ImageObject\",\"inLanguage\":\"en-US\",\"@id\":\"https:\\\/\\\/secure.gravatar.com\\\/avatar\\\/?s=96&d=mm&r=g\",\"url\":\"https:\\\/\\\/secure.gravatar.com\\\/avatar\\\/?s=96&d=mm&r=g\",\"contentUrl\":\"https:\\\/\\\/secure.gravatar.com\\\/avatar\\\/?s=96&d=mm&r=g\",\"caption\":\"Carlos Dom\u00ednguez\"},\"url\":\"https:\\\/\\\/www.fcbarcelonanoticias.com\\\/en\\\/carlos-dominguez_2_115.html\"}]}<\/script>\n<!-- \/ Yoast SEO plugin. -->","yoast_head_json":{"title":"Koeman opens the door so that Demb\u00e9l\u00e9 leave the Bar\u00e7a: \"Can happen things\"","description":"There is not all safe and everything is possible. That is the conclusion to which arrives on the future of Ousmane Demb\u00e9l\u00e9 after the words of Ronald Koeman in press conference","robots":{"index":"index","follow":"follow","max-snippet":"max-snippet:-1","max-image-preview":"max-image-preview:large","max-video-preview":"max-video-preview:-1"},"canonical":"https:\/\/www.fcbarcelonanoticias.com\/en\/players\/koeman-opens-door-dembele-leave-barca-can-happen-things_261109_102.html","og_locale":"en_US","og_type":"article","og_title":"Koeman opens the door so that Demb\u00e9l\u00e9 leave the Bar\u00e7a: \"Can happen things\"","og_description":"There is not all safe and everything is possible. That is the conclusion to which arrives on the future of Ousmane Demb\u00e9l\u00e9 after the words of Ronald Koeman in press conference","og_url":"https:\/\/www.fcbarcelonanoticias.com\/en\/players\/koeman-opens-door-dembele-leave-barca-can-happen-things_261109_102.html","og_site_name":"EN - FC Barcelona Noticias","article_published_time":"2020-10-04T23:57:00+00:00","article_modified_time":"2026-04-16T07:57:42+00:00","og_image":[{"width":1200,"height":683,"url":"https:\/\/www.fcbarcelonanoticias.com\/en\/wp-content\/uploads\/sites\/2\/2020\/10\/koeman-banquillo-1.jpeg","type":"image\/jpeg"}],"author":"Carlos Dom\u00ednguez","twitter_card":"summary_large_image","twitter_misc":{"Written by":"Carlos Dom\u00ednguez","Est. reading time":"3 minutes"},"schema":{"@context":"https:\/\/schema.org","@graph":[{"@type":"Article","@id":"https:\/\/www.fcbarcelonanoticias.com\/en\/players\/koeman-opens-door-dembele-leave-barca-can-happen-things_261109_102.html#article","isPartOf":{"@id":"https:\/\/www.fcbarcelonanoticias.com\/en\/players\/koeman-opens-door-dembele-leave-barca-can-happen-things_261109_102.html"},"author":{"name":"Carlos Dom\u00ednguez","@id":"https:\/\/www.fcbarcelonanoticias.com\/en\/#\/schema\/person\/888e29b17b79c70d1c617d8a7bc9b8c6"},"headline":"Koeman opens the door so that Demb\u00e9l\u00e9 leave the Bar\u00e7a: &#8220;Can happen things&#8221;","datePublished":"2020-10-04T23:57:00+00:00","dateModified":"2026-04-16T07:57:42+00:00","mainEntityOfPage":{"@id":"https:\/\/www.fcbarcelonanoticias.com\/en\/players\/koeman-opens-door-dembele-leave-barca-can-happen-things_261109_102.html"},"wordCount":665,"image":{"@id":"https:\/\/www.fcbarcelonanoticias.com\/en\/players\/koeman-opens-door-dembele-leave-barca-can-happen-things_261109_102.html#primaryimage"},"thumbnailUrl":"https:\/\/www.fcbarcelonanoticias.com\/en\/wp-content\/uploads\/sites\/2\/2020\/10\/koeman-banquillo-1.jpeg","keywords":["Demb\u00e9l\u00e9"],"articleSection":["Players","Players"],"inLanguage":"en-US"},{"@type":"WebPage","@id":"https:\/\/www.fcbarcelonanoticias.com\/en\/players\/koeman-opens-door-dembele-leave-barca-can-happen-things_261109_102.html","url":"https:\/\/www.fcbarcelonanoticias.com\/en\/players\/koeman-opens-door-dembele-leave-barca-can-happen-things_261109_102.html","name":"Koeman opens the door so that Demb\u00e9l\u00e9 leave the Bar\u00e7a: \"Can happen things\"","isPartOf":{"@id":"https:\/\/www.fcbarcelonanoticias.com\/en\/#website"},"primaryImageOfPage":{"@id":"https:\/\/www.fcbarcelonanoticias.com\/en\/players\/koeman-opens-door-dembele-leave-barca-can-happen-things_261109_102.html#primaryimage"},"image":{"@id":"https:\/\/www.fcbarcelonanoticias.com\/en\/players\/koeman-opens-door-dembele-leave-barca-can-happen-things_261109_102.html#primaryimage"},"thumbnailUrl":"https:\/\/www.fcbarcelonanoticias.com\/en\/wp-content\/uploads\/sites\/2\/2020\/10\/koeman-banquillo-1.jpeg","datePublished":"2020-10-04T23:57:00+00:00","dateModified":"2026-04-16T07:57:42+00:00","author":{"@id":"https:\/\/www.fcbarcelonanoticias.com\/en\/#\/schema\/person\/888e29b17b79c70d1c617d8a7bc9b8c6"},"description":"There is not all safe and everything is possible. That is the conclusion to which arrives on the future of Ousmane Demb\u00e9l\u00e9 after the words of Ronald Koeman in press conference","breadcrumb":{"@id":"https:\/\/www.fcbarcelonanoticias.com\/en\/players\/koeman-opens-door-dembele-leave-barca-can-happen-things_261109_102.html#breadcrumb"},"inLanguage":"en-US","potentialAction":[{"@type":"ReadAction","target":["https:\/\/www.fcbarcelonanoticias.com\/en\/players\/koeman-opens-door-dembele-leave-barca-can-happen-things_261109_102.html"]}]},{"@type":"ImageObject","inLanguage":"en-US","@id":"https:\/\/www.fcbarcelonanoticias.com\/en\/players\/koeman-opens-door-dembele-leave-barca-can-happen-things_261109_102.html#primaryimage","url":"https:\/\/www.fcbarcelonanoticias.com\/en\/wp-content\/uploads\/sites\/2\/2020\/10\/koeman-banquillo-1.jpeg","contentUrl":"https:\/\/www.fcbarcelonanoticias.com\/en\/wp-content\/uploads\/sites\/2\/2020\/10\/koeman-banquillo-1.jpeg","width":1200,"height":683},{"@type":"BreadcrumbList","@id":"https:\/\/www.fcbarcelonanoticias.com\/en\/players\/koeman-opens-door-dembele-leave-barca-can-happen-things_261109_102.html#breadcrumb","itemListElement":[{"@type":"ListItem","position":1,"name":"Portada","item":"https:\/\/www.fcbarcelonanoticias.com\/en\/"},{"@type":"ListItem","position":2,"name":"Koeman opens the door so that Demb\u00e9l\u00e9 leave the Bar\u00e7a: &#8220;Can happen things&#8221;"}]},{"@type":"WebSite","@id":"https:\/\/www.fcbarcelonanoticias.com\/en\/#website","url":"https:\/\/www.fcbarcelonanoticias.com\/en\/","name":"EN - FC Barcelona Noticias","description":"","potentialAction":[{"@type":"SearchAction","target":{"@type":"EntryPoint","urlTemplate":"https:\/\/www.fcbarcelonanoticias.com\/en\/?s={search_term_string}"},"query-input":{"@type":"PropertyValueSpecification","valueRequired":true,"valueName":"search_term_string"}}],"inLanguage":"en-US"},{"@type":"Person","@id":"https:\/\/www.fcbarcelonanoticias.com\/en\/#\/schema\/person\/888e29b17b79c70d1c617d8a7bc9b8c6","name":"Carlos Dom\u00ednguez","image":{"@type":"ImageObject","inLanguage":"en-US","@id":"https:\/\/secure.gravatar.com\/avatar\/?s=96&d=mm&r=g","url":"https:\/\/secure.gravatar.com\/avatar\/?s=96&d=mm&r=g","contentUrl":"https:\/\/secure.gravatar.com\/avatar\/?s=96&d=mm&r=g","caption":"Carlos Dom\u00ednguez"},"url":"https:\/\/www.fcbarcelonanoticias.com\/en\/carlos-dominguez_2_115.html"}]}},"_links":{"self":[{"href":"https:\/\/www.fcbarcelonanoticias.com\/en\/wp-json\/wp\/v2\/posts\/120775","targetHints":{"allow":["GET"]}}],"collection":[{"href":"https:\/\/www.fcbarcelonanoticias.com\/en\/wp-json\/wp\/v2\/posts"}],"about":[{"href":"https:\/\/www.fcbarcelonanoticias.com\/en\/wp-json\/wp\/v2\/types\/post"}],"author":[{"embeddable":true,"href":"https:\/\/www.fcbarcelonanoticias.com\/en\/wp-json\/wp\/v2\/users\/366"}],"replies":[{"embeddable":true,"href":"https:\/\/www.fcbarcelonanoticias.com\/en\/wp-json\/wp\/v2\/comments?post=120775"}],"version-history":[{"count":2,"href":"https:\/\/www.fcbarcelonanoticias.com\/en\/wp-json\/wp\/v2\/posts\/120775\/revisions"}],"predecessor-version":[{"id":182889,"href":"https:\/\/www.fcbarcelonanoticias.com\/en\/wp-json\/wp\/v2\/posts\/120775\/revisions\/182889"}],"wp:featuredmedia":[{"embeddable":true,"href":"https:\/\/www.fcbarcelonanoticias.com\/en\/wp-json\/wp\/v2\/media\/120782"}],"wp:attachment":[{"href":"https:\/\/www.fcbarcelonanoticias.com\/en\/wp-json\/wp\/v2\/media?parent=120775"}],"wp:term":[{"taxonomy":"category","embeddable":true,"href":"https:\/\/www.fcbarcelonanoticias.com\/en\/wp-json\/wp\/v2\/categories?post=120775"},{"taxonomy":"post_tag","embeddable":true,"href":"https:\/\/www.fcbarcelonanoticias.com\/en\/wp-json\/wp\/v2\/tags?post=120775"}],"curies":[{"name":"wp","href":"https:\/\/api.w.org\/{rel}","templated":true}]}}