{"id":120795,"date":"2025-12-06T17:31:00","date_gmt":"2025-12-06T16:31:00","guid":{"rendered":"https:\/\/weisetech.dev\/fc-barcelona-noticias\/en\/real-betis-vs-fc-barcelona-confirmed-lineups-laliga-2025-26_315437_102\/"},"modified":"2025-12-06T17:35:00","modified_gmt":"2025-12-06T16:35:00","slug":"real-betis-vs-fc-barcelona-confirmed-lineups-laliga-2025-26_315437_102","status":"publish","type":"post","link":"https:\/\/www.fcbarcelonanoticias.com\/en\/laliga\/real-betis-vs-fc-barcelona-confirmed-lineups-laliga-2025-26_315437_102.html","title":{"rendered":"Real Betis vs FC Barcelona: confirmed lineups &#8211; LaLiga 2025\/26"},"content":{"rendered":"<h2 class=\"wp-block-heading\">CONFIRMED LINEUPS! These are the starting elevens for FC Barcelona and Real Betis for the match of matchday 15 of LaLiga EA Sports 2025\/26<\/h2>  \r\n<div class=\"article-addons\">\r\n    <a href=\"https:\/\/www.fcbarcelonanoticias.com\/en\/calendar-fc-barcelona.html\"\r\n       target=\"_self\"\r\n       title=\"Calendar of FC Barcelona\"\r\n       class=\"blue-gredient-btn\">\r\n       \r\n        Calendar of FC Barcelona    <\/a>\r\n<\/div>   <p>The <strong>starting lineups for Hansi Flick&#8217;s Bar\u00e7a and Manuel Pellegrini&#8217;s Real Betis<\/strong> for today&#8217;s match, <strong>Saturday, December 6, 2025, at 6:30 PM<\/strong>, have now been confirmed<\/p>  <p>Below, we review the starting elevens, the benches with the substitutes, and the injured and suspended players for FC Barcelona and Real Betis for the match on matchday 15 of LaLiga EA Sports 2025-2026.<\/p>  <h2>FC Barcelona Starting Lineup<\/h2>  <p>Hansi Flick makes three changes from the XI against Atl\u00e9tico. The most notable are the inclusions of Marcus Rashford and Roony Bardghji in attack, alongside Lamine Yamal. Ferran Torres plays as &#8216;9&#8217; instead of Robert Lewandowski. Raphinha and Frenkie de Jong will also be substitutes at La Cartuja<\/p>  <p>At the back, the central pairing of Pau Cubars\u00ed and Gerard Martt\u00edn is maintained. Eric Garc\u00eda also repeats as a pivot, accompanying Pedri in midfield. Balde and Kound\u00e9 are again the full-backs, while Joan Garc\u00eda remains in goal.<\/p>  <ol> <li>(#13, P) Joan Garc\u00eda<\/li> \t<li>(#23) Jules Kound\u00e9<\/li> \t<li>(#05) Pau Cubars\u00ed<\/li> \t<li>(#18) Gerard Mart\u00edn<\/li> \t<li>(#03) Alejandro Balde<\/li> \t<li>(#24) Eric Garc\u00eda<\/li> \t<li>(#08) Pedri<\/li> \t<li>(#14) Marcus Rashford<\/li> \t<li>(#10) Lamine Yamal<\/li> \t<li>(#28) Roony Bardghji<\/li> \t<li>(#07) Ferran Torres<\/li> <\/ol> <h2>FC Barcelona Bench (substitute players)<\/h2>  <ol> <li>(#25, G) Szczesny<\/li> \t<li>(#33, G) Eder Aller<\/li> \t<li>(#09) Robert Lewandowski<\/li> \t<li>(#11) Raphinha<\/li> \t<li>(#15) Christensen<\/li> \t<li>(#16) Ferm\u00edn L\u00f3pez<\/li> \t<li>(#17) Marc Casad\u00f3<\/li> \t<li>(#21) Frenkie de Jong<\/li> \t<li>(#22) Marc Bernal<\/li> \t<li>(#26) Jofre Torrents<\/li> \t<li>(#27) Dro Fern\u00e1ndez<\/li> \t<li>(#43) Tommy Marqu\u00e9s<\/li> <\/ol> <h2>FC Barcelona Injured Players (Absences)<\/h2>  <ol> <li>(#01, P) Marc-Andr\u00e9 ter Stegen<\/li> \t<li>(#04) Ronald Araujo<\/li> \t<li>(#06) Gavi<\/li> \t<li>(#20) Dani Olmo<\/li> <\/ol> <h2>FC Barcelona Players Sanctioned<\/h2>  <ol> <li>None<\/li> <\/ol> <h2>Real Betis vs. FC Barcelona Starting Lineup<\/h2>  <ul> <li> <strong>Betis XI<\/strong>: Vall\u00e9s; Ruibal, Bartra, Natan, Valent\u00edn G\u00f3mez; Altimira, Marc Roca, Fornals; Antony, Abde, and Cucho Hern\u00e1ndez.<\/li> \t<li> <strong>Betis Bench<\/strong>: Adri\u00e1n (GK), Rodr\u00edguez, Llorente, Ortiz, Firpo, Deossa, Lo Celso, L\u00f3pez, Riquelme, Garc\u00eda, Bakambu, \u00c1vila.<\/li> \t<li> <strong>Injured<\/strong>: Isco Alarc\u00f3n, Sofian Amrabat, and H\u00e9ctor Beller\u00edn.<\/li> \t<li> <strong>Suspended<\/strong>: None.<\/li> <\/ul> <p>Betis, for their part, arrive at matchday 15 of LaLiga in good form, with only one loss in the last 10 matchdays (0-2 against Atl\u00e9tico) and most of their starting players available, with the exception of <strong>Isco Alarc\u00f3n and Sofian Amrabat<\/strong>. Both were injured in an unusual clash during a Europa League match and have not managed to recover in time to host Bar\u00e7a.<\/p>  <p>**The former Bar\u00e7a player H\u00e9ctor Beller\u00edn** will also not be available. Manuel Pellegrini keeps Vall\u00e9s in goal, while Bartra and Natan will be the center-backs. Ruibal and Valent\u00edn G\u00f3mez will play on the wings, along with Altimira and Marc Roca in the double pivotFurther ahead, Pablo Fornals repeats, while the Brazilian Antony and the also ex-Bar\u00e7a Ez Abde will be the wingers. Up front will be Cucho Hern\u00e1ndez as the &#8216;9&#8217;. In their last two league matches against Bar\u00e7a, Betis managed two draws.<\/p>  <ul> <li>\ud83d\udccc&nbsp;<strong>Follow the match live <a data-external=\"0\" data-intl-links-en=\"https:\/\/www.fcbarcelonanoticias.com\/en\/tags\/fc-barcelona-vs-betis\" data-intl-links-es=\"https:\/\/www.fcbarcelonanoticias.com\/tags\/fc-barcelona-vs-betis\" href=\"https:\/\/www.fcbarcelonanoticias.com\/en\/tags\/fc-barcelona-vs-betis.html\" rel=\"follow\" target=\"_self\" title=\"FC Barcelona vs Betis\">FC Barcelona vs Real Betis<\/a><\/strong> on FC Barcelona Noticias and find out everything, don&#8217;t miss a thing<\/li> <\/ul> ","protected":false},"excerpt":{"rendered":"<p>CONFIRMED LINEUPS! These are the starting elevens for FC Barcelona and Real Betis for the match of matchday 15 of LaLiga EA Sports 2025\/26 The starting lineups for Hansi Flick&#8217;s Bar\u00e7a and Manuel Pellegrini&#8217;s Real Betis for today&#8217;s match, Saturday, December 6, 2025, at 6:30 PM, have now been confirmed Below, we review the starting [&hellip;]<\/p>\n","protected":false},"author":347,"featured_media":120802,"comment_status":"closed","ping_status":"open","sticky":false,"template":"","format":"standard","meta":{"_acf_changed":false,"inline_featured_image":false,"_nextfly_llmd_date_locked":false,"footnotes":""},"categories":[448,114],"tags":[201,47,87],"class_list":["post-120795","post","type-post","status-publish","format-standard","has-post-thumbnail","hentry","category-laliga-2","category-laliga","tag-lineups","tag-fc-barcelona-vs-betis","tag-hansi-flick"],"acf":[],"yoast_head":"<!-- This site is optimized with the Yoast SEO plugin v27.3 - https:\/\/yoast.com\/product\/yoast-seo-wordpress\/ -->\n<title>Real Betis vs FC Barcelona: confirmed lineups - LaLiga 2025\/26<\/title>\n<meta name=\"description\" content=\"CONFIRMED LINEUPS! These are the starting elevens for FC Barcelona and Real Betis for the match on matchday 15 of LaLiga EA Sports 2025\/26\" \/>\n<meta name=\"robots\" content=\"index, follow, max-snippet:-1, max-image-preview:large, max-video-preview:-1\" \/>\n<link rel=\"canonical\" href=\"https:\/\/www.fcbarcelonanoticias.com\/en\/laliga\/real-betis-vs-fc-barcelona-confirmed-lineups-laliga-2025-26_315437_102.html\" \/>\n<meta property=\"og:locale\" content=\"en_US\" \/>\n<meta property=\"og:type\" content=\"article\" \/>\n<meta property=\"og:title\" content=\"Real Betis vs FC Barcelona: confirmed lineups - LaLiga 2025\/26\" \/>\n<meta property=\"og:description\" content=\"CONFIRMED LINEUPS! These are the starting elevens for FC Barcelona and Real Betis for the match on matchday 15 of LaLiga EA Sports 2025\/26\" \/>\n<meta property=\"og:url\" content=\"https:\/\/www.fcbarcelonanoticias.com\/en\/laliga\/real-betis-vs-fc-barcelona-confirmed-lineups-laliga-2025-26_315437_102.html\" \/>\n<meta property=\"og:site_name\" content=\"EN - FC Barcelona Noticias\" \/>\n<meta property=\"article:published_time\" content=\"2025-12-06T16:31:00+00:00\" \/>\n<meta property=\"article:modified_time\" content=\"2025-12-06T16:35:00+00:00\" \/>\n<meta property=\"og:image\" content=\"https:\/\/www.fcbarcelonanoticias.com\/en\/wp-content\/uploads\/sites\/2\/2025\/12\/alineacion-fc-barcelona-v-sevilla-laliga-25-26.jpeg\" \/>\n\t<meta property=\"og:image:width\" content=\"1200\" \/>\n\t<meta property=\"og:image:height\" content=\"675\" \/>\n\t<meta property=\"og:image:type\" content=\"image\/jpeg\" \/>\n<meta name=\"author\" content=\"Andr\u00e9s Quiroz\" \/>\n<meta name=\"twitter:card\" content=\"summary_large_image\" \/>\n<meta name=\"twitter:label1\" content=\"Written by\" \/>\n\t<meta name=\"twitter:data1\" content=\"Andr\u00e9s Quiroz\" \/>\n\t<meta name=\"twitter:label2\" content=\"Est. reading time\" \/>\n\t<meta name=\"twitter:data2\" content=\"2 minutes\" \/>\n<script type=\"application\/ld+json\" class=\"yoast-schema-graph\">{\"@context\":\"https:\\\/\\\/schema.org\",\"@graph\":[{\"@type\":\"Article\",\"@id\":\"https:\\\/\\\/www.fcbarcelonanoticias.com\\\/en\\\/laliga\\\/real-betis-vs-fc-barcelona-confirmed-lineups-laliga-2025-26_315437_102.html#article\",\"isPartOf\":{\"@id\":\"https:\\\/\\\/www.fcbarcelonanoticias.com\\\/en\\\/laliga\\\/real-betis-vs-fc-barcelona-confirmed-lineups-laliga-2025-26_315437_102.html\"},\"author\":{\"name\":\"Andr\u00e9s Quiroz\",\"@id\":\"https:\\\/\\\/www.fcbarcelonanoticias.com\\\/en\\\/#\\\/schema\\\/person\\\/c2cd9f6fa1af5c0d0eccd0fefa575c88\"},\"headline\":\"Real Betis vs FC Barcelona: confirmed lineups &#8211; LaLiga 2025\\\/26\",\"datePublished\":\"2025-12-06T16:31:00+00:00\",\"dateModified\":\"2025-12-06T16:35:00+00:00\",\"mainEntityOfPage\":{\"@id\":\"https:\\\/\\\/www.fcbarcelonanoticias.com\\\/en\\\/laliga\\\/real-betis-vs-fc-barcelona-confirmed-lineups-laliga-2025-26_315437_102.html\"},\"wordCount\":501,\"image\":{\"@id\":\"https:\\\/\\\/www.fcbarcelonanoticias.com\\\/en\\\/laliga\\\/real-betis-vs-fc-barcelona-confirmed-lineups-laliga-2025-26_315437_102.html#primaryimage\"},\"thumbnailUrl\":\"https:\\\/\\\/www.fcbarcelonanoticias.com\\\/en\\\/wp-content\\\/uploads\\\/sites\\\/2\\\/2025\\\/12\\\/alineacion-fc-barcelona-v-sevilla-laliga-25-26.jpeg\",\"keywords\":[\"FC Barcelona Lineups\",\"FC Barcelona vs Betis\",\"Hansi Flick\"],\"articleSection\":[\"LaLiga\",\"LaLiga\"],\"inLanguage\":\"en-US\"},{\"@type\":\"WebPage\",\"@id\":\"https:\\\/\\\/www.fcbarcelonanoticias.com\\\/en\\\/laliga\\\/real-betis-vs-fc-barcelona-confirmed-lineups-laliga-2025-26_315437_102.html\",\"url\":\"https:\\\/\\\/www.fcbarcelonanoticias.com\\\/en\\\/laliga\\\/real-betis-vs-fc-barcelona-confirmed-lineups-laliga-2025-26_315437_102.html\",\"name\":\"Real Betis vs FC Barcelona: confirmed lineups - LaLiga 2025\\\/26\",\"isPartOf\":{\"@id\":\"https:\\\/\\\/www.fcbarcelonanoticias.com\\\/en\\\/#website\"},\"primaryImageOfPage\":{\"@id\":\"https:\\\/\\\/www.fcbarcelonanoticias.com\\\/en\\\/laliga\\\/real-betis-vs-fc-barcelona-confirmed-lineups-laliga-2025-26_315437_102.html#primaryimage\"},\"image\":{\"@id\":\"https:\\\/\\\/www.fcbarcelonanoticias.com\\\/en\\\/laliga\\\/real-betis-vs-fc-barcelona-confirmed-lineups-laliga-2025-26_315437_102.html#primaryimage\"},\"thumbnailUrl\":\"https:\\\/\\\/www.fcbarcelonanoticias.com\\\/en\\\/wp-content\\\/uploads\\\/sites\\\/2\\\/2025\\\/12\\\/alineacion-fc-barcelona-v-sevilla-laliga-25-26.jpeg\",\"datePublished\":\"2025-12-06T16:31:00+00:00\",\"dateModified\":\"2025-12-06T16:35:00+00:00\",\"author\":{\"@id\":\"https:\\\/\\\/www.fcbarcelonanoticias.com\\\/en\\\/#\\\/schema\\\/person\\\/c2cd9f6fa1af5c0d0eccd0fefa575c88\"},\"description\":\"CONFIRMED LINEUPS! These are the starting elevens for FC Barcelona and Real Betis for the match on matchday 15 of LaLiga EA Sports 2025\\\/26\",\"breadcrumb\":{\"@id\":\"https:\\\/\\\/www.fcbarcelonanoticias.com\\\/en\\\/laliga\\\/real-betis-vs-fc-barcelona-confirmed-lineups-laliga-2025-26_315437_102.html#breadcrumb\"},\"inLanguage\":\"en-US\",\"potentialAction\":[{\"@type\":\"ReadAction\",\"target\":[\"https:\\\/\\\/www.fcbarcelonanoticias.com\\\/en\\\/laliga\\\/real-betis-vs-fc-barcelona-confirmed-lineups-laliga-2025-26_315437_102.html\"]}]},{\"@type\":\"ImageObject\",\"inLanguage\":\"en-US\",\"@id\":\"https:\\\/\\\/www.fcbarcelonanoticias.com\\\/en\\\/laliga\\\/real-betis-vs-fc-barcelona-confirmed-lineups-laliga-2025-26_315437_102.html#primaryimage\",\"url\":\"https:\\\/\\\/www.fcbarcelonanoticias.com\\\/en\\\/wp-content\\\/uploads\\\/sites\\\/2\\\/2025\\\/12\\\/alineacion-fc-barcelona-v-sevilla-laliga-25-26.jpeg\",\"contentUrl\":\"https:\\\/\\\/www.fcbarcelonanoticias.com\\\/en\\\/wp-content\\\/uploads\\\/sites\\\/2\\\/2025\\\/12\\\/alineacion-fc-barcelona-v-sevilla-laliga-25-26.jpeg\",\"width\":1200,\"height\":675},{\"@type\":\"BreadcrumbList\",\"@id\":\"https:\\\/\\\/www.fcbarcelonanoticias.com\\\/en\\\/laliga\\\/real-betis-vs-fc-barcelona-confirmed-lineups-laliga-2025-26_315437_102.html#breadcrumb\",\"itemListElement\":[{\"@type\":\"ListItem\",\"position\":1,\"name\":\"Portada\",\"item\":\"https:\\\/\\\/www.fcbarcelonanoticias.com\\\/en\\\/\"},{\"@type\":\"ListItem\",\"position\":2,\"name\":\"Real Betis vs FC Barcelona: confirmed lineups &#8211; LaLiga 2025\\\/26\"}]},{\"@type\":\"WebSite\",\"@id\":\"https:\\\/\\\/www.fcbarcelonanoticias.com\\\/en\\\/#website\",\"url\":\"https:\\\/\\\/www.fcbarcelonanoticias.com\\\/en\\\/\",\"name\":\"EN - FC Barcelona Noticias\",\"description\":\"\",\"potentialAction\":[{\"@type\":\"SearchAction\",\"target\":{\"@type\":\"EntryPoint\",\"urlTemplate\":\"https:\\\/\\\/www.fcbarcelonanoticias.com\\\/en\\\/?s={search_term_string}\"},\"query-input\":{\"@type\":\"PropertyValueSpecification\",\"valueRequired\":true,\"valueName\":\"search_term_string\"}}],\"inLanguage\":\"en-US\"},{\"@type\":\"Person\",\"@id\":\"https:\\\/\\\/www.fcbarcelonanoticias.com\\\/en\\\/#\\\/schema\\\/person\\\/c2cd9f6fa1af5c0d0eccd0fefa575c88\",\"name\":\"Andr\u00e9s Quiroz\",\"image\":{\"@type\":\"ImageObject\",\"inLanguage\":\"en-US\",\"@id\":\"https:\\\/\\\/secure.gravatar.com\\\/avatar\\\/?s=96&d=mm&r=g\",\"url\":\"https:\\\/\\\/secure.gravatar.com\\\/avatar\\\/?s=96&d=mm&r=g\",\"contentUrl\":\"https:\\\/\\\/secure.gravatar.com\\\/avatar\\\/?s=96&d=mm&r=g\",\"caption\":\"Andr\u00e9s Quiroz\"},\"description\":\"Licenciado en Periodismo por la Universidad de los Andes. Me encargo de analizar y compartir los contenidos m\u00e1s destacados de la\u00a0actualidad del F\u00fatbol Club Barcelona, Mercado de Fichajes y F\u00fatbol Internacional en FCBN. La informaci\u00f3n es poder, pero tambi\u00e9n conocimiento.\",\"url\":\"https:\\\/\\\/www.fcbarcelonanoticias.com\\\/en\\\/fc-barcelona\\\/andres-quiroz_17_115.html\"}]}<\/script>\n<!-- \/ Yoast SEO plugin. -->","yoast_head_json":{"title":"Real Betis vs FC Barcelona: confirmed lineups - LaLiga 2025\/26","description":"CONFIRMED LINEUPS! These are the starting elevens for FC Barcelona and Real Betis for the match on matchday 15 of LaLiga EA Sports 2025\/26","robots":{"index":"index","follow":"follow","max-snippet":"max-snippet:-1","max-image-preview":"max-image-preview:large","max-video-preview":"max-video-preview:-1"},"canonical":"https:\/\/www.fcbarcelonanoticias.com\/en\/laliga\/real-betis-vs-fc-barcelona-confirmed-lineups-laliga-2025-26_315437_102.html","og_locale":"en_US","og_type":"article","og_title":"Real Betis vs FC Barcelona: confirmed lineups - LaLiga 2025\/26","og_description":"CONFIRMED LINEUPS! These are the starting elevens for FC Barcelona and Real Betis for the match on matchday 15 of LaLiga EA Sports 2025\/26","og_url":"https:\/\/www.fcbarcelonanoticias.com\/en\/laliga\/real-betis-vs-fc-barcelona-confirmed-lineups-laliga-2025-26_315437_102.html","og_site_name":"EN - FC Barcelona Noticias","article_published_time":"2025-12-06T16:31:00+00:00","article_modified_time":"2025-12-06T16:35:00+00:00","og_image":[{"width":1200,"height":675,"url":"https:\/\/www.fcbarcelonanoticias.com\/en\/wp-content\/uploads\/sites\/2\/2025\/12\/alineacion-fc-barcelona-v-sevilla-laliga-25-26.jpeg","type":"image\/jpeg"}],"author":"Andr\u00e9s Quiroz","twitter_card":"summary_large_image","twitter_misc":{"Written by":"Andr\u00e9s Quiroz","Est. reading time":"2 minutes"},"schema":{"@context":"https:\/\/schema.org","@graph":[{"@type":"Article","@id":"https:\/\/www.fcbarcelonanoticias.com\/en\/laliga\/real-betis-vs-fc-barcelona-confirmed-lineups-laliga-2025-26_315437_102.html#article","isPartOf":{"@id":"https:\/\/www.fcbarcelonanoticias.com\/en\/laliga\/real-betis-vs-fc-barcelona-confirmed-lineups-laliga-2025-26_315437_102.html"},"author":{"name":"Andr\u00e9s Quiroz","@id":"https:\/\/www.fcbarcelonanoticias.com\/en\/#\/schema\/person\/c2cd9f6fa1af5c0d0eccd0fefa575c88"},"headline":"Real Betis vs FC Barcelona: confirmed lineups &#8211; LaLiga 2025\/26","datePublished":"2025-12-06T16:31:00+00:00","dateModified":"2025-12-06T16:35:00+00:00","mainEntityOfPage":{"@id":"https:\/\/www.fcbarcelonanoticias.com\/en\/laliga\/real-betis-vs-fc-barcelona-confirmed-lineups-laliga-2025-26_315437_102.html"},"wordCount":501,"image":{"@id":"https:\/\/www.fcbarcelonanoticias.com\/en\/laliga\/real-betis-vs-fc-barcelona-confirmed-lineups-laliga-2025-26_315437_102.html#primaryimage"},"thumbnailUrl":"https:\/\/www.fcbarcelonanoticias.com\/en\/wp-content\/uploads\/sites\/2\/2025\/12\/alineacion-fc-barcelona-v-sevilla-laliga-25-26.jpeg","keywords":["FC Barcelona Lineups","FC Barcelona vs Betis","Hansi Flick"],"articleSection":["LaLiga","LaLiga"],"inLanguage":"en-US"},{"@type":"WebPage","@id":"https:\/\/www.fcbarcelonanoticias.com\/en\/laliga\/real-betis-vs-fc-barcelona-confirmed-lineups-laliga-2025-26_315437_102.html","url":"https:\/\/www.fcbarcelonanoticias.com\/en\/laliga\/real-betis-vs-fc-barcelona-confirmed-lineups-laliga-2025-26_315437_102.html","name":"Real Betis vs FC Barcelona: confirmed lineups - LaLiga 2025\/26","isPartOf":{"@id":"https:\/\/www.fcbarcelonanoticias.com\/en\/#website"},"primaryImageOfPage":{"@id":"https:\/\/www.fcbarcelonanoticias.com\/en\/laliga\/real-betis-vs-fc-barcelona-confirmed-lineups-laliga-2025-26_315437_102.html#primaryimage"},"image":{"@id":"https:\/\/www.fcbarcelonanoticias.com\/en\/laliga\/real-betis-vs-fc-barcelona-confirmed-lineups-laliga-2025-26_315437_102.html#primaryimage"},"thumbnailUrl":"https:\/\/www.fcbarcelonanoticias.com\/en\/wp-content\/uploads\/sites\/2\/2025\/12\/alineacion-fc-barcelona-v-sevilla-laliga-25-26.jpeg","datePublished":"2025-12-06T16:31:00+00:00","dateModified":"2025-12-06T16:35:00+00:00","author":{"@id":"https:\/\/www.fcbarcelonanoticias.com\/en\/#\/schema\/person\/c2cd9f6fa1af5c0d0eccd0fefa575c88"},"description":"CONFIRMED LINEUPS! These are the starting elevens for FC Barcelona and Real Betis for the match on matchday 15 of LaLiga EA Sports 2025\/26","breadcrumb":{"@id":"https:\/\/www.fcbarcelonanoticias.com\/en\/laliga\/real-betis-vs-fc-barcelona-confirmed-lineups-laliga-2025-26_315437_102.html#breadcrumb"},"inLanguage":"en-US","potentialAction":[{"@type":"ReadAction","target":["https:\/\/www.fcbarcelonanoticias.com\/en\/laliga\/real-betis-vs-fc-barcelona-confirmed-lineups-laliga-2025-26_315437_102.html"]}]},{"@type":"ImageObject","inLanguage":"en-US","@id":"https:\/\/www.fcbarcelonanoticias.com\/en\/laliga\/real-betis-vs-fc-barcelona-confirmed-lineups-laliga-2025-26_315437_102.html#primaryimage","url":"https:\/\/www.fcbarcelonanoticias.com\/en\/wp-content\/uploads\/sites\/2\/2025\/12\/alineacion-fc-barcelona-v-sevilla-laliga-25-26.jpeg","contentUrl":"https:\/\/www.fcbarcelonanoticias.com\/en\/wp-content\/uploads\/sites\/2\/2025\/12\/alineacion-fc-barcelona-v-sevilla-laliga-25-26.jpeg","width":1200,"height":675},{"@type":"BreadcrumbList","@id":"https:\/\/www.fcbarcelonanoticias.com\/en\/laliga\/real-betis-vs-fc-barcelona-confirmed-lineups-laliga-2025-26_315437_102.html#breadcrumb","itemListElement":[{"@type":"ListItem","position":1,"name":"Portada","item":"https:\/\/www.fcbarcelonanoticias.com\/en\/"},{"@type":"ListItem","position":2,"name":"Real Betis vs FC Barcelona: confirmed lineups &#8211; LaLiga 2025\/26"}]},{"@type":"WebSite","@id":"https:\/\/www.fcbarcelonanoticias.com\/en\/#website","url":"https:\/\/www.fcbarcelonanoticias.com\/en\/","name":"EN - FC Barcelona Noticias","description":"","potentialAction":[{"@type":"SearchAction","target":{"@type":"EntryPoint","urlTemplate":"https:\/\/www.fcbarcelonanoticias.com\/en\/?s={search_term_string}"},"query-input":{"@type":"PropertyValueSpecification","valueRequired":true,"valueName":"search_term_string"}}],"inLanguage":"en-US"},{"@type":"Person","@id":"https:\/\/www.fcbarcelonanoticias.com\/en\/#\/schema\/person\/c2cd9f6fa1af5c0d0eccd0fefa575c88","name":"Andr\u00e9s Quiroz","image":{"@type":"ImageObject","inLanguage":"en-US","@id":"https:\/\/secure.gravatar.com\/avatar\/?s=96&d=mm&r=g","url":"https:\/\/secure.gravatar.com\/avatar\/?s=96&d=mm&r=g","contentUrl":"https:\/\/secure.gravatar.com\/avatar\/?s=96&d=mm&r=g","caption":"Andr\u00e9s Quiroz"},"description":"Licenciado en Periodismo por la Universidad de los Andes. Me encargo de analizar y compartir los contenidos m\u00e1s destacados de la\u00a0actualidad del F\u00fatbol Club Barcelona, Mercado de Fichajes y F\u00fatbol Internacional en FCBN. La informaci\u00f3n es poder, pero tambi\u00e9n conocimiento.","url":"https:\/\/www.fcbarcelonanoticias.com\/en\/fc-barcelona\/andres-quiroz_17_115.html"}]}},"_links":{"self":[{"href":"https:\/\/www.fcbarcelonanoticias.com\/en\/wp-json\/wp\/v2\/posts\/120795","targetHints":{"allow":["GET"]}}],"collection":[{"href":"https:\/\/www.fcbarcelonanoticias.com\/en\/wp-json\/wp\/v2\/posts"}],"about":[{"href":"https:\/\/www.fcbarcelonanoticias.com\/en\/wp-json\/wp\/v2\/types\/post"}],"author":[{"embeddable":true,"href":"https:\/\/www.fcbarcelonanoticias.com\/en\/wp-json\/wp\/v2\/users\/347"}],"replies":[{"embeddable":true,"href":"https:\/\/www.fcbarcelonanoticias.com\/en\/wp-json\/wp\/v2\/comments?post=120795"}],"version-history":[{"count":1,"href":"https:\/\/www.fcbarcelonanoticias.com\/en\/wp-json\/wp\/v2\/posts\/120795\/revisions"}],"predecessor-version":[{"id":150002,"href":"https:\/\/www.fcbarcelonanoticias.com\/en\/wp-json\/wp\/v2\/posts\/120795\/revisions\/150002"}],"wp:featuredmedia":[{"embeddable":true,"href":"https:\/\/www.fcbarcelonanoticias.com\/en\/wp-json\/wp\/v2\/media\/120802"}],"wp:attachment":[{"href":"https:\/\/www.fcbarcelonanoticias.com\/en\/wp-json\/wp\/v2\/media?parent=120795"}],"wp:term":[{"taxonomy":"category","embeddable":true,"href":"https:\/\/www.fcbarcelonanoticias.com\/en\/wp-json\/wp\/v2\/categories?post=120795"},{"taxonomy":"post_tag","embeddable":true,"href":"https:\/\/www.fcbarcelonanoticias.com\/en\/wp-json\/wp\/v2\/tags?post=120795"}],"curies":[{"name":"wp","href":"https:\/\/api.w.org\/{rel}","templated":true}]}}