{"id":120912,"date":"2023-09-25T12:54:00","date_gmt":"2023-09-25T10:54:00","guid":{"rendered":"https:\/\/weisetech.dev\/fc-barcelona-noticias\/en\/rcd-mallorca-fc-barcelona-squad-list-matchday-7-laliga_296463_102\/"},"modified":"2023-09-25T14:35:00","modified_gmt":"2023-09-25T12:35:00","slug":"rcd-mallorca-fc-barcelona-squad-list-matchday-7-laliga_296463_102","status":"publish","type":"post","link":"https:\/\/www.fcbarcelonanoticias.com\/en\/laliga\/rcd-mallorca-fc-barcelona-squad-list-matchday-7-laliga_296463_102.html","title":{"rendered":"RCD Mallorca-FC Barcelona: Squad list for matchday 7 of LaLiga"},"content":{"rendered":"<h2 class=\"wp-block-heading\">FC Barcelona has announced the squad for the match against RCD Mallorca, this Tuesday starting at 9:30 p.m. This is the list corresponding to the seventh day match of LaLiga EA Sports 2023-2024<\/h2>  \r\n<div class=\"article-addons\">\r\n    <a href=\"https:\/\/www.fcbarcelonanoticias.com\/en\/calendar-fc-barcelona.html\"\r\n       target=\"_self\"\r\n       title=\"Calendar of FC Barcelona\"\r\n       class=\"blue-gredient-btn\">\r\n       \r\n        Calendar of FC Barcelona    <\/a>\r\n<\/div>   <p>With hardly time to recover after the demanding traced back in front of the RC Celtic in Montju\u00efc, <strong>the FC Barcelona takes action in LaLiga EA SPORTS 2023\/202<\/strong>4 to try <a data-external=\"0\" data-intl-links-en=\"https:\/\/www.fcbarcelonanoticias.com\/en\/laliga\/this-classification-barcelona-new-leader-laliga_296456_102.html\" data-intl-links-es=\"https:\/\/www.fcbarcelonanoticias.com\/laliga\/esta-clasificacion-el-barcelona-nuevo-lider-laliga_296456_102.html\" href=\"https:\/\/www.fcbarcelonanoticias.com\/en\/laliga\/this-classification-barcelona-new-leader-laliga_296456_102.html\" rel=\"follow\" target=\"_self\" title=\"As\u00ed est\u00e1 la clasificaci\u00f3n: \u00a1El Bar\u00e7a, nuevo l\u00edder de LaLiga!\">keep in the highest of the classification of the tournament<\/a>, benefiting of the defeat of the Real Madrid in the derbi that has left him in the first square, with the same 16 points of the Girona of M\u00edchel. The cul\u00e9s will look for his sixth triumph been still in the domestic championship.<\/p>  <p>The ones of Xavi Hern\u00e1ndez, after three parties been still in house, in front of Betis, Royal Amberes and Celtic, will visit to the Mallorca in Sound Moix for <a data-external=\"0\" data-intl-links-en=\"https:\/\/www.fcbarcelonanoticias.com\/en\/timetables-and-tv-fc-barcelona.html\" data-intl-links-es=\"https:\/\/www.fcbarcelonanoticias.com\/horarios-y-tv-fcbarcelona.html\" href=\"https:\/\/www.fcbarcelonanoticias.com\/en\/timetables-and-tv-fc-barcelona.html\" rel=\"follow\" target=\"_self\" title=\"Horarios y TV FC Barcelona\">the dispute of the sixth day of the domestic championship, this Tuesday from the 21:30 hours (9:30 PM CEST).<\/a> It results a party in which the blaugrana will have to do rotations for &#8216;hold&#8217; a calendar of parties that, as little, is demanding.<\/p>  <h2>Announcement of the Bar\u00e7a in front of the RCD Mallorca<\/h2>  <ul> <li>Ter Stegen<\/li> \t<li>I cancel<\/li> \t<li>Balde<\/li> \t<li>Ronald Ara\u00fajo<\/li> \t<li>I\u00f1igo Mart\u00ednez<\/li> \t<li>Gavi<\/li> \t<li>Ferran<\/li> \t<li>Lewandowski<\/li> \t<li>I\u00f1aki Crag<\/li> \t<li>Joao F\u00e9lix<\/li> \t<li>Andreas Christensen<\/li> \t<li>Marcos Alonso<\/li> \t<li>Oriol Romeu<\/li> \t<li>Sergi Roberto<\/li> \t<li>\u00cdlkay G\u00fcndogan<\/li> \t<li>Jules Kound\u00e9<\/li> \t<li>Astralaga<\/li> \t<li>Lamine Yamal<\/li> \t<li>Ferm\u00edn L\u00f3pez<\/li> \t<li>Casad\u00f3<\/li> <\/ul> <p>Xavi Hern\u00e1ndez will be able to have the majority of his staff, to exception of<strong> Pedri Gonz\u00e1lez and Frenkie of Jong. <\/strong>The Tenerifean Is recovering of the one injury in the previous rectum of the right thigh, whereas the Dutch suffered in the duel against the Galicians a sindesmosis tibioperoneal distal of the right ankle. Both will be drop by, at least, five weeks more. The most positive prognoses is that they would be of return for the Classical of 28 October.<\/p> <h2>It follows the actuality of the Bar\u00e7a in FCBN<\/h2>  <p>It remembers that <strong>in FCBN will be able to be still in direct the party of the FC Barcelona in front of the RCD Mallorca,<\/strong> <strong>as well as also the rest of commitments that expect to the staff in the season 2023\/24<\/strong>. You will be able to be to the day of the novelties of the changing room, the signings, the calendar of parties and all the relative to the actuality blaugrana through FCBN and his applications of iOS and Android, <a href=\"https:\/\/www.fcbarcelonanoticias.com\/en\/es\/categoria.php%3FIDC=498.html\" title=\"a trav\u00e9s de este enlace\">through this link<\/a>.<\/p> ","protected":false},"excerpt":{"rendered":"<p>FC Barcelona has announced the squad for the match against RCD Mallorca, this Tuesday starting at 9:30 p.m. This is the list corresponding to the seventh day match of LaLiga EA Sports 2023-2024 With hardly time to recover after the demanding traced back in front of the RC Celtic in Montju\u00efc, the FC Barcelona takes [&hellip;]<\/p>\n","protected":false},"author":0,"featured_media":120918,"comment_status":"closed","ping_status":"open","sticky":false,"template":"","format":"standard","meta":{"_acf_changed":false,"inline_featured_image":false,"_nextfly_llmd_date_locked":false,"footnotes":""},"categories":[448,114],"tags":[184,52],"class_list":["post-120912","post","type-post","status-publish","format-standard","has-post-thumbnail","hentry","category-laliga-2","category-laliga","tag-fc-barcelona-squad-lists","tag-rcd-mallorca"],"acf":[],"yoast_head":"<!-- This site is optimized with the Yoast SEO plugin v27.3 - https:\/\/yoast.com\/product\/yoast-seo-wordpress\/ -->\n<title>RCD Mallorca-FC Barcelona: List of summoned for the day 7 of LaLiga<\/title>\n<meta name=\"description\" content=\"The FC Barcelona has given to know the announcement of face to the party against the RCD Mallorca, this Tuesday from the 21:30 hours. This is the corresponding list to the dispute of seventh day of LaLiga EA Sports 2023-2024\" \/>\n<meta name=\"robots\" content=\"index, follow, max-snippet:-1, max-image-preview:large, max-video-preview:-1\" \/>\n<link rel=\"canonical\" href=\"https:\/\/www.fcbarcelonanoticias.com\/en\/laliga\/rcd-mallorca-fc-barcelona-squad-list-matchday-7-laliga_296463_102.html\" \/>\n<meta property=\"og:locale\" content=\"en_US\" \/>\n<meta property=\"og:type\" content=\"article\" \/>\n<meta property=\"og:title\" content=\"RCD Mallorca-FC Barcelona: List of summoned for the day 7 of LaLiga\" \/>\n<meta property=\"og:description\" content=\"The FC Barcelona has given to know the announcement of face to the party against the RCD Mallorca, this Tuesday from the 21:30 hours. This is the corresponding list to the dispute of seventh day of LaLiga EA Sports 2023-2024\" \/>\n<meta property=\"og:url\" content=\"https:\/\/www.fcbarcelonanoticias.com\/en\/laliga\/rcd-mallorca-fc-barcelona-squad-list-matchday-7-laliga_296463_102.html\" \/>\n<meta property=\"og:site_name\" content=\"EN - FC Barcelona Noticias\" \/>\n<meta property=\"article:published_time\" content=\"2023-09-25T10:54:00+00:00\" \/>\n<meta property=\"article:modified_time\" content=\"2023-09-25T12:35:00+00:00\" \/>\n<meta property=\"og:image\" content=\"https:\/\/www.fcbarcelonanoticias.com\/en\/wp-content\/uploads\/sites\/2\/2023\/09\/el-fc-barcelona-durante-un-entrenamiento.jpeg\" \/>\n\t<meta property=\"og:image:width\" content=\"1200\" \/>\n\t<meta property=\"og:image:height\" content=\"675\" \/>\n\t<meta property=\"og:image:type\" content=\"image\/jpeg\" \/>\n<meta name=\"twitter:card\" content=\"summary_large_image\" \/>\n<meta name=\"twitter:label1\" content=\"Est. reading time\" \/>\n\t<meta name=\"twitter:data1\" content=\"2 minutes\" \/>\n<script type=\"application\/ld+json\" class=\"yoast-schema-graph\">{\"@context\":\"https:\\\/\\\/schema.org\",\"@graph\":[{\"@type\":\"Article\",\"@id\":\"https:\\\/\\\/www.fcbarcelonanoticias.com\\\/en\\\/laliga\\\/rcd-mallorca-fc-barcelona-squad-list-matchday-7-laliga_296463_102.html#article\",\"isPartOf\":{\"@id\":\"https:\\\/\\\/www.fcbarcelonanoticias.com\\\/en\\\/laliga\\\/rcd-mallorca-fc-barcelona-squad-list-matchday-7-laliga_296463_102.html\"},\"author\":{\"name\":\"\",\"@id\":\"\"},\"headline\":\"RCD Mallorca-FC Barcelona: Squad list for matchday 7 of LaLiga\",\"datePublished\":\"2023-09-25T10:54:00+00:00\",\"dateModified\":\"2023-09-25T12:35:00+00:00\",\"mainEntityOfPage\":{\"@id\":\"https:\\\/\\\/www.fcbarcelonanoticias.com\\\/en\\\/laliga\\\/rcd-mallorca-fc-barcelona-squad-list-matchday-7-laliga_296463_102.html\"},\"wordCount\":426,\"image\":{\"@id\":\"https:\\\/\\\/www.fcbarcelonanoticias.com\\\/en\\\/laliga\\\/rcd-mallorca-fc-barcelona-squad-list-matchday-7-laliga_296463_102.html#primaryimage\"},\"thumbnailUrl\":\"https:\\\/\\\/www.fcbarcelonanoticias.com\\\/en\\\/wp-content\\\/uploads\\\/sites\\\/2\\\/2023\\\/09\\\/el-fc-barcelona-durante-un-entrenamiento.jpeg\",\"keywords\":[\"FC Barcelona Squad Lists\",\"RCD Mallorca\"],\"articleSection\":[\"LaLiga\",\"LaLiga\"],\"inLanguage\":\"en-US\"},{\"@type\":\"WebPage\",\"@id\":\"https:\\\/\\\/www.fcbarcelonanoticias.com\\\/en\\\/laliga\\\/rcd-mallorca-fc-barcelona-squad-list-matchday-7-laliga_296463_102.html\",\"url\":\"https:\\\/\\\/www.fcbarcelonanoticias.com\\\/en\\\/laliga\\\/rcd-mallorca-fc-barcelona-squad-list-matchday-7-laliga_296463_102.html\",\"name\":\"RCD Mallorca-FC Barcelona: List of summoned for the day 7 of LaLiga\",\"isPartOf\":{\"@id\":\"https:\\\/\\\/www.fcbarcelonanoticias.com\\\/en\\\/#website\"},\"primaryImageOfPage\":{\"@id\":\"https:\\\/\\\/www.fcbarcelonanoticias.com\\\/en\\\/laliga\\\/rcd-mallorca-fc-barcelona-squad-list-matchday-7-laliga_296463_102.html#primaryimage\"},\"image\":{\"@id\":\"https:\\\/\\\/www.fcbarcelonanoticias.com\\\/en\\\/laliga\\\/rcd-mallorca-fc-barcelona-squad-list-matchday-7-laliga_296463_102.html#primaryimage\"},\"thumbnailUrl\":\"https:\\\/\\\/www.fcbarcelonanoticias.com\\\/en\\\/wp-content\\\/uploads\\\/sites\\\/2\\\/2023\\\/09\\\/el-fc-barcelona-durante-un-entrenamiento.jpeg\",\"datePublished\":\"2023-09-25T10:54:00+00:00\",\"dateModified\":\"2023-09-25T12:35:00+00:00\",\"author\":{\"@id\":\"\"},\"description\":\"The FC Barcelona has given to know the announcement of face to the party against the RCD Mallorca, this Tuesday from the 21:30 hours. This is the corresponding list to the dispute of seventh day of LaLiga EA Sports 2023-2024\",\"breadcrumb\":{\"@id\":\"https:\\\/\\\/www.fcbarcelonanoticias.com\\\/en\\\/laliga\\\/rcd-mallorca-fc-barcelona-squad-list-matchday-7-laliga_296463_102.html#breadcrumb\"},\"inLanguage\":\"en-US\",\"potentialAction\":[{\"@type\":\"ReadAction\",\"target\":[\"https:\\\/\\\/www.fcbarcelonanoticias.com\\\/en\\\/laliga\\\/rcd-mallorca-fc-barcelona-squad-list-matchday-7-laliga_296463_102.html\"]}]},{\"@type\":\"ImageObject\",\"inLanguage\":\"en-US\",\"@id\":\"https:\\\/\\\/www.fcbarcelonanoticias.com\\\/en\\\/laliga\\\/rcd-mallorca-fc-barcelona-squad-list-matchday-7-laliga_296463_102.html#primaryimage\",\"url\":\"https:\\\/\\\/www.fcbarcelonanoticias.com\\\/en\\\/wp-content\\\/uploads\\\/sites\\\/2\\\/2023\\\/09\\\/el-fc-barcelona-durante-un-entrenamiento.jpeg\",\"contentUrl\":\"https:\\\/\\\/www.fcbarcelonanoticias.com\\\/en\\\/wp-content\\\/uploads\\\/sites\\\/2\\\/2023\\\/09\\\/el-fc-barcelona-durante-un-entrenamiento.jpeg\",\"width\":1200,\"height\":675},{\"@type\":\"BreadcrumbList\",\"@id\":\"https:\\\/\\\/www.fcbarcelonanoticias.com\\\/en\\\/laliga\\\/rcd-mallorca-fc-barcelona-squad-list-matchday-7-laliga_296463_102.html#breadcrumb\",\"itemListElement\":[{\"@type\":\"ListItem\",\"position\":1,\"name\":\"Portada\",\"item\":\"https:\\\/\\\/www.fcbarcelonanoticias.com\\\/en\\\/\"},{\"@type\":\"ListItem\",\"position\":2,\"name\":\"RCD Mallorca-FC Barcelona: Squad list for matchday 7 of LaLiga\"}]},{\"@type\":\"WebSite\",\"@id\":\"https:\\\/\\\/www.fcbarcelonanoticias.com\\\/en\\\/#website\",\"url\":\"https:\\\/\\\/www.fcbarcelonanoticias.com\\\/en\\\/\",\"name\":\"EN - FC Barcelona Noticias\",\"description\":\"\",\"potentialAction\":[{\"@type\":\"SearchAction\",\"target\":{\"@type\":\"EntryPoint\",\"urlTemplate\":\"https:\\\/\\\/www.fcbarcelonanoticias.com\\\/en\\\/?s={search_term_string}\"},\"query-input\":{\"@type\":\"PropertyValueSpecification\",\"valueRequired\":true,\"valueName\":\"search_term_string\"}}],\"inLanguage\":\"en-US\"}]}<\/script>\n<!-- \/ Yoast SEO plugin. -->","yoast_head_json":{"title":"RCD Mallorca-FC Barcelona: List of summoned for the day 7 of LaLiga","description":"The FC Barcelona has given to know the announcement of face to the party against the RCD Mallorca, this Tuesday from the 21:30 hours. This is the corresponding list to the dispute of seventh day of LaLiga EA Sports 2023-2024","robots":{"index":"index","follow":"follow","max-snippet":"max-snippet:-1","max-image-preview":"max-image-preview:large","max-video-preview":"max-video-preview:-1"},"canonical":"https:\/\/www.fcbarcelonanoticias.com\/en\/laliga\/rcd-mallorca-fc-barcelona-squad-list-matchday-7-laliga_296463_102.html","og_locale":"en_US","og_type":"article","og_title":"RCD Mallorca-FC Barcelona: List of summoned for the day 7 of LaLiga","og_description":"The FC Barcelona has given to know the announcement of face to the party against the RCD Mallorca, this Tuesday from the 21:30 hours. This is the corresponding list to the dispute of seventh day of LaLiga EA Sports 2023-2024","og_url":"https:\/\/www.fcbarcelonanoticias.com\/en\/laliga\/rcd-mallorca-fc-barcelona-squad-list-matchday-7-laliga_296463_102.html","og_site_name":"EN - FC Barcelona Noticias","article_published_time":"2023-09-25T10:54:00+00:00","article_modified_time":"2023-09-25T12:35:00+00:00","og_image":[{"width":1200,"height":675,"url":"https:\/\/www.fcbarcelonanoticias.com\/en\/wp-content\/uploads\/sites\/2\/2023\/09\/el-fc-barcelona-durante-un-entrenamiento.jpeg","type":"image\/jpeg"}],"twitter_card":"summary_large_image","twitter_misc":{"Est. reading time":"2 minutes"},"schema":{"@context":"https:\/\/schema.org","@graph":[{"@type":"Article","@id":"https:\/\/www.fcbarcelonanoticias.com\/en\/laliga\/rcd-mallorca-fc-barcelona-squad-list-matchday-7-laliga_296463_102.html#article","isPartOf":{"@id":"https:\/\/www.fcbarcelonanoticias.com\/en\/laliga\/rcd-mallorca-fc-barcelona-squad-list-matchday-7-laliga_296463_102.html"},"author":{"name":"","@id":""},"headline":"RCD Mallorca-FC Barcelona: Squad list for matchday 7 of LaLiga","datePublished":"2023-09-25T10:54:00+00:00","dateModified":"2023-09-25T12:35:00+00:00","mainEntityOfPage":{"@id":"https:\/\/www.fcbarcelonanoticias.com\/en\/laliga\/rcd-mallorca-fc-barcelona-squad-list-matchday-7-laliga_296463_102.html"},"wordCount":426,"image":{"@id":"https:\/\/www.fcbarcelonanoticias.com\/en\/laliga\/rcd-mallorca-fc-barcelona-squad-list-matchday-7-laliga_296463_102.html#primaryimage"},"thumbnailUrl":"https:\/\/www.fcbarcelonanoticias.com\/en\/wp-content\/uploads\/sites\/2\/2023\/09\/el-fc-barcelona-durante-un-entrenamiento.jpeg","keywords":["FC Barcelona Squad Lists","RCD Mallorca"],"articleSection":["LaLiga","LaLiga"],"inLanguage":"en-US"},{"@type":"WebPage","@id":"https:\/\/www.fcbarcelonanoticias.com\/en\/laliga\/rcd-mallorca-fc-barcelona-squad-list-matchday-7-laliga_296463_102.html","url":"https:\/\/www.fcbarcelonanoticias.com\/en\/laliga\/rcd-mallorca-fc-barcelona-squad-list-matchday-7-laliga_296463_102.html","name":"RCD Mallorca-FC Barcelona: List of summoned for the day 7 of LaLiga","isPartOf":{"@id":"https:\/\/www.fcbarcelonanoticias.com\/en\/#website"},"primaryImageOfPage":{"@id":"https:\/\/www.fcbarcelonanoticias.com\/en\/laliga\/rcd-mallorca-fc-barcelona-squad-list-matchday-7-laliga_296463_102.html#primaryimage"},"image":{"@id":"https:\/\/www.fcbarcelonanoticias.com\/en\/laliga\/rcd-mallorca-fc-barcelona-squad-list-matchday-7-laliga_296463_102.html#primaryimage"},"thumbnailUrl":"https:\/\/www.fcbarcelonanoticias.com\/en\/wp-content\/uploads\/sites\/2\/2023\/09\/el-fc-barcelona-durante-un-entrenamiento.jpeg","datePublished":"2023-09-25T10:54:00+00:00","dateModified":"2023-09-25T12:35:00+00:00","author":{"@id":""},"description":"The FC Barcelona has given to know the announcement of face to the party against the RCD Mallorca, this Tuesday from the 21:30 hours. This is the corresponding list to the dispute of seventh day of LaLiga EA Sports 2023-2024","breadcrumb":{"@id":"https:\/\/www.fcbarcelonanoticias.com\/en\/laliga\/rcd-mallorca-fc-barcelona-squad-list-matchday-7-laliga_296463_102.html#breadcrumb"},"inLanguage":"en-US","potentialAction":[{"@type":"ReadAction","target":["https:\/\/www.fcbarcelonanoticias.com\/en\/laliga\/rcd-mallorca-fc-barcelona-squad-list-matchday-7-laliga_296463_102.html"]}]},{"@type":"ImageObject","inLanguage":"en-US","@id":"https:\/\/www.fcbarcelonanoticias.com\/en\/laliga\/rcd-mallorca-fc-barcelona-squad-list-matchday-7-laliga_296463_102.html#primaryimage","url":"https:\/\/www.fcbarcelonanoticias.com\/en\/wp-content\/uploads\/sites\/2\/2023\/09\/el-fc-barcelona-durante-un-entrenamiento.jpeg","contentUrl":"https:\/\/www.fcbarcelonanoticias.com\/en\/wp-content\/uploads\/sites\/2\/2023\/09\/el-fc-barcelona-durante-un-entrenamiento.jpeg","width":1200,"height":675},{"@type":"BreadcrumbList","@id":"https:\/\/www.fcbarcelonanoticias.com\/en\/laliga\/rcd-mallorca-fc-barcelona-squad-list-matchday-7-laliga_296463_102.html#breadcrumb","itemListElement":[{"@type":"ListItem","position":1,"name":"Portada","item":"https:\/\/www.fcbarcelonanoticias.com\/en\/"},{"@type":"ListItem","position":2,"name":"RCD Mallorca-FC Barcelona: Squad list for matchday 7 of LaLiga"}]},{"@type":"WebSite","@id":"https:\/\/www.fcbarcelonanoticias.com\/en\/#website","url":"https:\/\/www.fcbarcelonanoticias.com\/en\/","name":"EN - FC Barcelona Noticias","description":"","potentialAction":[{"@type":"SearchAction","target":{"@type":"EntryPoint","urlTemplate":"https:\/\/www.fcbarcelonanoticias.com\/en\/?s={search_term_string}"},"query-input":{"@type":"PropertyValueSpecification","valueRequired":true,"valueName":"search_term_string"}}],"inLanguage":"en-US"}]}},"_links":{"self":[{"href":"https:\/\/www.fcbarcelonanoticias.com\/en\/wp-json\/wp\/v2\/posts\/120912","targetHints":{"allow":["GET"]}}],"collection":[{"href":"https:\/\/www.fcbarcelonanoticias.com\/en\/wp-json\/wp\/v2\/posts"}],"about":[{"href":"https:\/\/www.fcbarcelonanoticias.com\/en\/wp-json\/wp\/v2\/types\/post"}],"replies":[{"embeddable":true,"href":"https:\/\/www.fcbarcelonanoticias.com\/en\/wp-json\/wp\/v2\/comments?post=120912"}],"version-history":[{"count":1,"href":"https:\/\/www.fcbarcelonanoticias.com\/en\/wp-json\/wp\/v2\/posts\/120912\/revisions"}],"predecessor-version":[{"id":150007,"href":"https:\/\/www.fcbarcelonanoticias.com\/en\/wp-json\/wp\/v2\/posts\/120912\/revisions\/150007"}],"wp:featuredmedia":[{"embeddable":true,"href":"https:\/\/www.fcbarcelonanoticias.com\/en\/wp-json\/wp\/v2\/media\/120918"}],"wp:attachment":[{"href":"https:\/\/www.fcbarcelonanoticias.com\/en\/wp-json\/wp\/v2\/media?parent=120912"}],"wp:term":[{"taxonomy":"category","embeddable":true,"href":"https:\/\/www.fcbarcelonanoticias.com\/en\/wp-json\/wp\/v2\/categories?post=120912"},{"taxonomy":"post_tag","embeddable":true,"href":"https:\/\/www.fcbarcelonanoticias.com\/en\/wp-json\/wp\/v2\/tags?post=120912"}],"curies":[{"name":"wp","href":"https:\/\/api.w.org\/{rel}","templated":true}]}}