{"id":120953,"date":"2025-11-09T18:21:00","date_gmt":"2025-11-09T17:21:00","guid":{"rendered":"https:\/\/weisetech.dev\/fc-barcelona-noticias\/en\/real-madrid-falters-against-rayo-and-opens-door-for-barca_315225_102\/"},"modified":"2026-03-27T11:35:51","modified_gmt":"2026-03-27T10:35:51","slug":"real-madrid-falters-against-rayo-and-opens-door-for-barca_315225_102","status":"publish","type":"post","link":"https:\/\/www.fcbarcelonanoticias.com\/en\/laliga\/real-madrid-falters-against-rayo-and-opens-door-for-barca_315225_102.html","title":{"rendered":"Rayo 0-0 Real Madrid: the &#8216;merengues&#8217; deflate without penalties in Vallecas"},"content":{"rendered":"<h2 class=\"wp-block-heading\">Real Madrid could not win on their visit to Rayo (0-0). On a gray afternoon for Vinicius and Mbapp\u00e9, Xabi Alonso&#8217;s team barely salvaged 1 point in Vallecas<\/h2>  \r\n<div class=\"article-addons\">\r\n    <a href=\"https:\/\/www.fcbarcelonanoticias.com\/en\/calendar-fc-barcelona.html\"\r\n       target=\"_self\"\r\n       title=\"Calendar of FC Barcelona\"\r\n       class=\"blue-gredient-btn\">\r\n       \r\n        Calendar of FC Barcelona    <\/a>\r\n<\/div>   <p><strong>Rayo Vallecano<\/strong> and <strong>Real Madrid<\/strong> drew goalless in matchday 12 of <strong>LaLiga EA Sports 2025\/26<\/strong>. The &#8216;merengue&#8217; side couldn&#8217;t break down the defensive wall of the Madrid team and a very secure Augusto Batalla between the posts. For Xabi Alonso&#8217;s team, it&#8217;s their first draw of the season. Without penalties in their favor, Madrid drew a blank against their neighbors.<\/p>  <p><strong>Xabi Alonso<\/strong> opted for <strong>Camavinga <\/strong>as the &#8216;5&#8217; due to Tchouam\u00e9ni&#8217;s absence (injury), while <strong>Brahim D\u00edaz<\/strong> also took advantage of Franco Mastantuono&#8217;s absence due to muscular problems to return to the starting XI. The other novelty was the presence of<strong> Ra\u00fal Asencio<\/strong> instead of <strong>\u00c9der Militao<\/strong>, accompanying <strong>Dean Huijsen<\/strong> in the center of defense.<\/p>  <p>After a rather poor first half from the &#8216;merengues&#8217;, brought about by the physical play that Rayo usually imposes on their home turf, the second half was a bit more open, but with little clarity in the penalty areas. <strong>The goalless draw, in the end, was fair<\/strong> given what both teams showed in Vallecas.<\/p>  <h2>Vinicius and Mbapp\u00e9, missing in the first half in Vallecas<\/h2>  <p>Madrid barely threatened the opponent&#8217;s area a couple of times in the first 45 minutes. <strong>Vinicius and Kylian Mbapp\u00e9<\/strong> participated very little in the game, well controlled by the defense of a very compact Rayo between the lines.<\/p>  <p>The presence of <strong>Arda G\u00fcler <\/strong>further back to help Camavinga with recovery and build-up reduced the attacking threat of a &#8216;Merengue&#8217; team that once again lacked ideas in attack. The first clear chance of the match fell to the home side in the 20th minute, with a good cross-shot from <strong>Andrei Ratiu<\/strong> that required <strong>Courtois<\/strong>&#8216;s intervention.&nbsp;<\/p>  <p>Just after that came Madrid&#8217;s best collective action before halftime. Mbapp\u00e9 brought down a long ball for <strong>Jude Bellingham<\/strong> and the Englishman passed it inside the box to Vini. With the entire goal at his disposal, the Brazilian shot somewhat centrally, giving the goalkeeper <strong>Batalla<\/strong> a chance to make a providential save to clear the shot for a corner<\/p>  <p>I\u00f1igo P\u00e9rez was forced to make a change in the 27th minute due to Pedro D\u00edaz&#8217;s injury. &#8216;Pacha&#8217; Espino came on for the &#8216;4&#8217; to avoid losing marking and width on the right. From then until halftime, the match was very scrappy, with up to 5 yellow cards (3 for Rayo) shown by referee <strong>Juan Mart\u00ednez Munuera<\/strong>.<\/p>  <h2>Second half with more chances in Vallecas<\/h2>  <div class=\"media media-image\" data-ck-asset-wrapper=\"\"> <div class=\"media-item\"> <img loading=\"lazy\" decoding=\"async\" alt=\"Jude Bellingham, during Rayo-Real Madrid\" data-id=\"1530131\" data-resize=\"9\" height=\"563\" src=\"https:\/\/www.fcbarcelonanoticias.com\/wp-content\/uploads\/sites\/2\/2025\/11\/fcbn-119bcb1c827327b2814b1a6b43072f10.webp\" title=\"Jude Bellingham, during Rayo-Real Madrid\" width=\"1000\"><div class=\"media-title\">Jude Bellingham, during Rayo-Real Madrid<\/div> <\/div> <\/div>  <p>After the break, <strong>Xabi Alonso brought on Militao for a booked Huijsen<\/strong>, who was once again looking uncertain at the back. Rayo threatened in the 50th minute with a run by Espino that ended with De Frutos shooting into the side netting. G\u00fcler responded for Madrid with a shot from the edge of the box that went slightly wide.<\/p>  <p>The match gained intensity as the minutes passed, with Rayo now more determined to attack. **Bellingham again tested Batalla in the 55th minute**, in a very dangerous play neutralized by the quick exit of the Argentine goalkeeper. Mbapp\u00e9 moved to the right wing to have more involvement, but the Frenchman was erratic in his finishing<\/p>  <p><strong>\u00c1lvaro Garc\u00eda narrowly scored in the 65&#8242;<\/strong>, but the forward shot high over the bar a good pass from Ratiu from the wing. Valverde did the same with one of his usual shots from outside the box in the 69&#8242;, testing Batalla&#8217;s reflexes. The Uruguayan, after the shot, seemed to injure his right hamstring.<\/p>  <h2>Madrid loses 2 points in Vallecas<\/h2>  <p>After the 70th minute, both coaches turned to their benches. I\u00f1igo P\u00e9rez brought on <strong>\u00d3scar Valent\u00edn and Fran P\u00e9rez<\/strong> for De Frutos and Izi, while Xabi Alonso substituted <strong>Brahim for Dani Ceballos<\/strong> to push G\u00fcler forward. Later, <strong>Rodrygo <\/strong>also came on for Camavinga.<\/p>  <p>Madrid sought more attacking depth with the &#8217;11&#8217; on the right, where Valverde finally came on for Alexander-Arnold in the 83rd minute. In that same window, Gumbau and Alemao also entered for the home team, who retreated into their own half again in the final quarter of an hour to preserve the zero in their goal.In the end, there was no way to break the tie and Real Madrid dropped 2 valuable points in Vallecas. For the second consecutive match, the team failed to score. And if FC Barcelona defeats Celta at Bala\u00eddos, Hansi Flick&#8217;s team will be just 3 points behind the leaders. Villarreal and Atl\u00e9tico also took advantage of matchday 12 to get within 5 and 6 points, respectively<\/p>  <h2>Match Report: Rayo Vallecano 0-0 Real Madrid<\/h2>  <ul> <li> <strong>Rayo Vallecano, 0<\/strong>:&nbsp;Batalla; Ratiu, Lejeune, Mendy, Chavarria; Ciss, Unai L\u00f3pez (Gumbau, min. 83); Isi Palaz\u00f3n (Fran P\u00e9rez, min. 70), Pedro D\u00edaz (Espino, min. 27), \u00c1lvaro Garc\u00eda (Alemao, min. 83); De Frutos (Valent\u00edn, min. 70).<\/li> \t<li> <strong>Real Madrid, 0<\/strong>:&nbsp;Courtois; Valverde (Trent, min. 83), Asencio, Huijsen (Militao, min. 46), Carreras;&nbsp;Camavinga (Rodrygo, min. 79), G\u00fcler; Brahim (Ceballos, min. 72), Bellingham, Vini Jr; Mbapp\u00e9.<\/li> \t<li> <strong>Goals<\/strong>: None.<\/li> \t<li> <strong>Referee<\/strong>: Juan Mart\u00ednez Munuera. Booked Andrei Ratiu, Jorge de Frutos, \u00c1lvaro Garc\u00eda for Rayo. For Real Madrid, booked Brahim D\u00edaz, Dean Huijsen.<\/li> \t<li> <strong>Stadium<\/strong>: Vallecas (Madrid).<\/li> \t<li> <strong>Incidents<\/strong>: match corresponding to matchday 12 of <a data-external=\"0\" data-intl-links-en=\"https:\/\/www.fcbarcelonanoticias.com\/en\/laliga\" data-intl-links-es=\"https:\/\/www.fcbarcelonanoticias.com\/laliga\" href=\"https:\/\/www.fcbarcelonanoticias.com\/en\/football-soccer\/laliga.html\" rel=\"follow\" target=\"_self\" title=\"LaLiga\">LaLiga EA Sports 2025-26<\/a>.<\/li> <\/ul> ","protected":false},"excerpt":{"rendered":"<p>Real Madrid could not win on their visit to Rayo (0-0). On a gray afternoon for Vinicius and Mbapp\u00e9, Xabi Alonso&#8217;s team barely salvaged 1 point in Vallecas Rayo Vallecano and Real Madrid drew goalless in matchday 12 of LaLiga EA Sports 2025\/26. The &#8216;merengue&#8217; side couldn&#8217;t break down the defensive wall of the Madrid [&hellip;]<\/p>\n","protected":false},"author":347,"featured_media":120959,"comment_status":"closed","ping_status":"open","sticky":false,"template":"","format":"standard","meta":{"_acf_changed":false,"inline_featured_image":false,"_nextfly_llmd_date_locked":false,"footnotes":""},"categories":[448,114],"tags":[180,84],"class_list":["post-120953","post","type-post","status-publish","format-standard","has-post-thumbnail","hentry","category-laliga-2","category-laliga","tag-fc-barcelona-results","tag-rayo-vallecano"],"acf":[],"yoast_head":"<!-- This site is optimized with the Yoast SEO plugin v27.3 - https:\/\/yoast.com\/product\/yoast-seo-wordpress\/ -->\n<title>Real Madrid falters against Rayo and opens the door for Bar\u00e7a<\/title>\n<meta name=\"description\" content=\"Real Madrid could not win against Rayo (0-0). On a gray afternoon for Vinicius and Mbapp\u00e9, Xabi Alonso&#039;s team barely salvaged 1 point in Vallecas\" \/>\n<meta name=\"robots\" content=\"index, follow, max-snippet:-1, max-image-preview:large, max-video-preview:-1\" \/>\n<link rel=\"canonical\" href=\"https:\/\/www.fcbarcelonanoticias.com\/en\/laliga\/real-madrid-falters-against-rayo-and-opens-door-for-barca_315225_102.html\" \/>\n<meta property=\"og:locale\" content=\"en_US\" \/>\n<meta property=\"og:type\" content=\"article\" \/>\n<meta property=\"og:title\" content=\"Real Madrid falters against Rayo and opens the door for Bar\u00e7a\" \/>\n<meta property=\"og:description\" content=\"Real Madrid could not win against Rayo (0-0). On a gray afternoon for Vinicius and Mbapp\u00e9, Xabi Alonso&#039;s team barely salvaged 1 point in Vallecas\" \/>\n<meta property=\"og:url\" content=\"https:\/\/www.fcbarcelonanoticias.com\/en\/laliga\/real-madrid-falters-against-rayo-and-opens-door-for-barca_315225_102.html\" \/>\n<meta property=\"og:site_name\" content=\"EN - FC Barcelona Noticias\" \/>\n<meta property=\"article:published_time\" content=\"2025-11-09T17:21:00+00:00\" \/>\n<meta property=\"article:modified_time\" content=\"2026-03-27T10:35:51+00:00\" \/>\n<meta property=\"og:image\" content=\"https:\/\/www.fcbarcelonanoticias.com\/en\/wp-content\/uploads\/sites\/2\/2025\/11\/vinicius-v-rayo-laliga-25-26.webp\" \/>\n\t<meta property=\"og:image:width\" content=\"1200\" \/>\n\t<meta property=\"og:image:height\" content=\"675\" \/>\n\t<meta property=\"og:image:type\" content=\"image\/webp\" \/>\n<meta name=\"author\" content=\"Andr\u00e9s Quiroz\" \/>\n<meta name=\"twitter:card\" content=\"summary_large_image\" \/>\n<meta name=\"twitter:label1\" content=\"Written by\" \/>\n\t<meta name=\"twitter:data1\" content=\"Andr\u00e9s Quiroz\" \/>\n\t<meta name=\"twitter:label2\" content=\"Est. reading time\" \/>\n\t<meta name=\"twitter:data2\" content=\"4 minutes\" \/>\n<script type=\"application\/ld+json\" class=\"yoast-schema-graph\">{\"@context\":\"https:\\\/\\\/schema.org\",\"@graph\":[{\"@type\":\"Article\",\"@id\":\"https:\\\/\\\/www.fcbarcelonanoticias.com\\\/en\\\/laliga\\\/real-madrid-falters-against-rayo-and-opens-door-for-barca_315225_102.html#article\",\"isPartOf\":{\"@id\":\"https:\\\/\\\/www.fcbarcelonanoticias.com\\\/en\\\/laliga\\\/real-madrid-falters-against-rayo-and-opens-door-for-barca_315225_102.html\"},\"author\":{\"name\":\"Andr\u00e9s Quiroz\",\"@id\":\"https:\\\/\\\/www.fcbarcelonanoticias.com\\\/en\\\/#\\\/schema\\\/person\\\/c2cd9f6fa1af5c0d0eccd0fefa575c88\"},\"headline\":\"Rayo 0-0 Real Madrid: the &#8216;merengues&#8217; deflate without penalties in Vallecas\",\"datePublished\":\"2025-11-09T17:21:00+00:00\",\"dateModified\":\"2026-03-27T10:35:51+00:00\",\"mainEntityOfPage\":{\"@id\":\"https:\\\/\\\/www.fcbarcelonanoticias.com\\\/en\\\/laliga\\\/real-madrid-falters-against-rayo-and-opens-door-for-barca_315225_102.html\"},\"wordCount\":899,\"image\":{\"@id\":\"https:\\\/\\\/www.fcbarcelonanoticias.com\\\/en\\\/laliga\\\/real-madrid-falters-against-rayo-and-opens-door-for-barca_315225_102.html#primaryimage\"},\"thumbnailUrl\":\"https:\\\/\\\/www.fcbarcelonanoticias.com\\\/en\\\/wp-content\\\/uploads\\\/sites\\\/2\\\/2025\\\/11\\\/vinicius-v-rayo-laliga-25-26.webp\",\"keywords\":[\"FC Barcelona Results\",\"Rayo Vallecano\"],\"articleSection\":[\"LaLiga\",\"LaLiga\"],\"inLanguage\":\"en-US\"},{\"@type\":\"WebPage\",\"@id\":\"https:\\\/\\\/www.fcbarcelonanoticias.com\\\/en\\\/laliga\\\/real-madrid-falters-against-rayo-and-opens-door-for-barca_315225_102.html\",\"url\":\"https:\\\/\\\/www.fcbarcelonanoticias.com\\\/en\\\/laliga\\\/real-madrid-falters-against-rayo-and-opens-door-for-barca_315225_102.html\",\"name\":\"Real Madrid falters against Rayo and opens the door for Bar\u00e7a\",\"isPartOf\":{\"@id\":\"https:\\\/\\\/www.fcbarcelonanoticias.com\\\/en\\\/#website\"},\"primaryImageOfPage\":{\"@id\":\"https:\\\/\\\/www.fcbarcelonanoticias.com\\\/en\\\/laliga\\\/real-madrid-falters-against-rayo-and-opens-door-for-barca_315225_102.html#primaryimage\"},\"image\":{\"@id\":\"https:\\\/\\\/www.fcbarcelonanoticias.com\\\/en\\\/laliga\\\/real-madrid-falters-against-rayo-and-opens-door-for-barca_315225_102.html#primaryimage\"},\"thumbnailUrl\":\"https:\\\/\\\/www.fcbarcelonanoticias.com\\\/en\\\/wp-content\\\/uploads\\\/sites\\\/2\\\/2025\\\/11\\\/vinicius-v-rayo-laliga-25-26.webp\",\"datePublished\":\"2025-11-09T17:21:00+00:00\",\"dateModified\":\"2026-03-27T10:35:51+00:00\",\"author\":{\"@id\":\"https:\\\/\\\/www.fcbarcelonanoticias.com\\\/en\\\/#\\\/schema\\\/person\\\/c2cd9f6fa1af5c0d0eccd0fefa575c88\"},\"description\":\"Real Madrid could not win against Rayo (0-0). On a gray afternoon for Vinicius and Mbapp\u00e9, Xabi Alonso's team barely salvaged 1 point in Vallecas\",\"breadcrumb\":{\"@id\":\"https:\\\/\\\/www.fcbarcelonanoticias.com\\\/en\\\/laliga\\\/real-madrid-falters-against-rayo-and-opens-door-for-barca_315225_102.html#breadcrumb\"},\"inLanguage\":\"en-US\",\"potentialAction\":[{\"@type\":\"ReadAction\",\"target\":[\"https:\\\/\\\/www.fcbarcelonanoticias.com\\\/en\\\/laliga\\\/real-madrid-falters-against-rayo-and-opens-door-for-barca_315225_102.html\"]}]},{\"@type\":\"ImageObject\",\"inLanguage\":\"en-US\",\"@id\":\"https:\\\/\\\/www.fcbarcelonanoticias.com\\\/en\\\/laliga\\\/real-madrid-falters-against-rayo-and-opens-door-for-barca_315225_102.html#primaryimage\",\"url\":\"https:\\\/\\\/www.fcbarcelonanoticias.com\\\/en\\\/wp-content\\\/uploads\\\/sites\\\/2\\\/2025\\\/11\\\/vinicius-v-rayo-laliga-25-26.webp\",\"contentUrl\":\"https:\\\/\\\/www.fcbarcelonanoticias.com\\\/en\\\/wp-content\\\/uploads\\\/sites\\\/2\\\/2025\\\/11\\\/vinicius-v-rayo-laliga-25-26.webp\",\"width\":1200,\"height\":675},{\"@type\":\"BreadcrumbList\",\"@id\":\"https:\\\/\\\/www.fcbarcelonanoticias.com\\\/en\\\/laliga\\\/real-madrid-falters-against-rayo-and-opens-door-for-barca_315225_102.html#breadcrumb\",\"itemListElement\":[{\"@type\":\"ListItem\",\"position\":1,\"name\":\"Portada\",\"item\":\"https:\\\/\\\/www.fcbarcelonanoticias.com\\\/en\\\/\"},{\"@type\":\"ListItem\",\"position\":2,\"name\":\"Rayo 0-0 Real Madrid: the &#8216;merengues&#8217; deflate without penalties in Vallecas\"}]},{\"@type\":\"WebSite\",\"@id\":\"https:\\\/\\\/www.fcbarcelonanoticias.com\\\/en\\\/#website\",\"url\":\"https:\\\/\\\/www.fcbarcelonanoticias.com\\\/en\\\/\",\"name\":\"EN - FC Barcelona Noticias\",\"description\":\"\",\"potentialAction\":[{\"@type\":\"SearchAction\",\"target\":{\"@type\":\"EntryPoint\",\"urlTemplate\":\"https:\\\/\\\/www.fcbarcelonanoticias.com\\\/en\\\/?s={search_term_string}\"},\"query-input\":{\"@type\":\"PropertyValueSpecification\",\"valueRequired\":true,\"valueName\":\"search_term_string\"}}],\"inLanguage\":\"en-US\"},{\"@type\":\"Person\",\"@id\":\"https:\\\/\\\/www.fcbarcelonanoticias.com\\\/en\\\/#\\\/schema\\\/person\\\/c2cd9f6fa1af5c0d0eccd0fefa575c88\",\"name\":\"Andr\u00e9s Quiroz\",\"image\":{\"@type\":\"ImageObject\",\"inLanguage\":\"en-US\",\"@id\":\"https:\\\/\\\/secure.gravatar.com\\\/avatar\\\/?s=96&d=mm&r=g\",\"url\":\"https:\\\/\\\/secure.gravatar.com\\\/avatar\\\/?s=96&d=mm&r=g\",\"contentUrl\":\"https:\\\/\\\/secure.gravatar.com\\\/avatar\\\/?s=96&d=mm&r=g\",\"caption\":\"Andr\u00e9s Quiroz\"},\"description\":\"Licenciado en Periodismo por la Universidad de los Andes. Me encargo de analizar y compartir los contenidos m\u00e1s destacados de la\u00a0actualidad del F\u00fatbol Club Barcelona, Mercado de Fichajes y F\u00fatbol Internacional en FCBN. La informaci\u00f3n es poder, pero tambi\u00e9n conocimiento.\",\"url\":\"https:\\\/\\\/www.fcbarcelonanoticias.com\\\/en\\\/fc-barcelona\\\/andres-quiroz_17_115.html\"}]}<\/script>\n<!-- \/ Yoast SEO plugin. -->","yoast_head_json":{"title":"Real Madrid falters against Rayo and opens the door for Bar\u00e7a","description":"Real Madrid could not win against Rayo (0-0). On a gray afternoon for Vinicius and Mbapp\u00e9, Xabi Alonso's team barely salvaged 1 point in Vallecas","robots":{"index":"index","follow":"follow","max-snippet":"max-snippet:-1","max-image-preview":"max-image-preview:large","max-video-preview":"max-video-preview:-1"},"canonical":"https:\/\/www.fcbarcelonanoticias.com\/en\/laliga\/real-madrid-falters-against-rayo-and-opens-door-for-barca_315225_102.html","og_locale":"en_US","og_type":"article","og_title":"Real Madrid falters against Rayo and opens the door for Bar\u00e7a","og_description":"Real Madrid could not win against Rayo (0-0). On a gray afternoon for Vinicius and Mbapp\u00e9, Xabi Alonso's team barely salvaged 1 point in Vallecas","og_url":"https:\/\/www.fcbarcelonanoticias.com\/en\/laliga\/real-madrid-falters-against-rayo-and-opens-door-for-barca_315225_102.html","og_site_name":"EN - FC Barcelona Noticias","article_published_time":"2025-11-09T17:21:00+00:00","article_modified_time":"2026-03-27T10:35:51+00:00","og_image":[{"width":1200,"height":675,"url":"https:\/\/www.fcbarcelonanoticias.com\/en\/wp-content\/uploads\/sites\/2\/2025\/11\/vinicius-v-rayo-laliga-25-26.webp","type":"image\/webp"}],"author":"Andr\u00e9s Quiroz","twitter_card":"summary_large_image","twitter_misc":{"Written by":"Andr\u00e9s Quiroz","Est. reading time":"4 minutes"},"schema":{"@context":"https:\/\/schema.org","@graph":[{"@type":"Article","@id":"https:\/\/www.fcbarcelonanoticias.com\/en\/laliga\/real-madrid-falters-against-rayo-and-opens-door-for-barca_315225_102.html#article","isPartOf":{"@id":"https:\/\/www.fcbarcelonanoticias.com\/en\/laliga\/real-madrid-falters-against-rayo-and-opens-door-for-barca_315225_102.html"},"author":{"name":"Andr\u00e9s Quiroz","@id":"https:\/\/www.fcbarcelonanoticias.com\/en\/#\/schema\/person\/c2cd9f6fa1af5c0d0eccd0fefa575c88"},"headline":"Rayo 0-0 Real Madrid: the &#8216;merengues&#8217; deflate without penalties in Vallecas","datePublished":"2025-11-09T17:21:00+00:00","dateModified":"2026-03-27T10:35:51+00:00","mainEntityOfPage":{"@id":"https:\/\/www.fcbarcelonanoticias.com\/en\/laliga\/real-madrid-falters-against-rayo-and-opens-door-for-barca_315225_102.html"},"wordCount":899,"image":{"@id":"https:\/\/www.fcbarcelonanoticias.com\/en\/laliga\/real-madrid-falters-against-rayo-and-opens-door-for-barca_315225_102.html#primaryimage"},"thumbnailUrl":"https:\/\/www.fcbarcelonanoticias.com\/en\/wp-content\/uploads\/sites\/2\/2025\/11\/vinicius-v-rayo-laliga-25-26.webp","keywords":["FC Barcelona Results","Rayo Vallecano"],"articleSection":["LaLiga","LaLiga"],"inLanguage":"en-US"},{"@type":"WebPage","@id":"https:\/\/www.fcbarcelonanoticias.com\/en\/laliga\/real-madrid-falters-against-rayo-and-opens-door-for-barca_315225_102.html","url":"https:\/\/www.fcbarcelonanoticias.com\/en\/laliga\/real-madrid-falters-against-rayo-and-opens-door-for-barca_315225_102.html","name":"Real Madrid falters against Rayo and opens the door for Bar\u00e7a","isPartOf":{"@id":"https:\/\/www.fcbarcelonanoticias.com\/en\/#website"},"primaryImageOfPage":{"@id":"https:\/\/www.fcbarcelonanoticias.com\/en\/laliga\/real-madrid-falters-against-rayo-and-opens-door-for-barca_315225_102.html#primaryimage"},"image":{"@id":"https:\/\/www.fcbarcelonanoticias.com\/en\/laliga\/real-madrid-falters-against-rayo-and-opens-door-for-barca_315225_102.html#primaryimage"},"thumbnailUrl":"https:\/\/www.fcbarcelonanoticias.com\/en\/wp-content\/uploads\/sites\/2\/2025\/11\/vinicius-v-rayo-laliga-25-26.webp","datePublished":"2025-11-09T17:21:00+00:00","dateModified":"2026-03-27T10:35:51+00:00","author":{"@id":"https:\/\/www.fcbarcelonanoticias.com\/en\/#\/schema\/person\/c2cd9f6fa1af5c0d0eccd0fefa575c88"},"description":"Real Madrid could not win against Rayo (0-0). On a gray afternoon for Vinicius and Mbapp\u00e9, Xabi Alonso's team barely salvaged 1 point in Vallecas","breadcrumb":{"@id":"https:\/\/www.fcbarcelonanoticias.com\/en\/laliga\/real-madrid-falters-against-rayo-and-opens-door-for-barca_315225_102.html#breadcrumb"},"inLanguage":"en-US","potentialAction":[{"@type":"ReadAction","target":["https:\/\/www.fcbarcelonanoticias.com\/en\/laliga\/real-madrid-falters-against-rayo-and-opens-door-for-barca_315225_102.html"]}]},{"@type":"ImageObject","inLanguage":"en-US","@id":"https:\/\/www.fcbarcelonanoticias.com\/en\/laliga\/real-madrid-falters-against-rayo-and-opens-door-for-barca_315225_102.html#primaryimage","url":"https:\/\/www.fcbarcelonanoticias.com\/en\/wp-content\/uploads\/sites\/2\/2025\/11\/vinicius-v-rayo-laliga-25-26.webp","contentUrl":"https:\/\/www.fcbarcelonanoticias.com\/en\/wp-content\/uploads\/sites\/2\/2025\/11\/vinicius-v-rayo-laliga-25-26.webp","width":1200,"height":675},{"@type":"BreadcrumbList","@id":"https:\/\/www.fcbarcelonanoticias.com\/en\/laliga\/real-madrid-falters-against-rayo-and-opens-door-for-barca_315225_102.html#breadcrumb","itemListElement":[{"@type":"ListItem","position":1,"name":"Portada","item":"https:\/\/www.fcbarcelonanoticias.com\/en\/"},{"@type":"ListItem","position":2,"name":"Rayo 0-0 Real Madrid: the &#8216;merengues&#8217; deflate without penalties in Vallecas"}]},{"@type":"WebSite","@id":"https:\/\/www.fcbarcelonanoticias.com\/en\/#website","url":"https:\/\/www.fcbarcelonanoticias.com\/en\/","name":"EN - FC Barcelona Noticias","description":"","potentialAction":[{"@type":"SearchAction","target":{"@type":"EntryPoint","urlTemplate":"https:\/\/www.fcbarcelonanoticias.com\/en\/?s={search_term_string}"},"query-input":{"@type":"PropertyValueSpecification","valueRequired":true,"valueName":"search_term_string"}}],"inLanguage":"en-US"},{"@type":"Person","@id":"https:\/\/www.fcbarcelonanoticias.com\/en\/#\/schema\/person\/c2cd9f6fa1af5c0d0eccd0fefa575c88","name":"Andr\u00e9s Quiroz","image":{"@type":"ImageObject","inLanguage":"en-US","@id":"https:\/\/secure.gravatar.com\/avatar\/?s=96&d=mm&r=g","url":"https:\/\/secure.gravatar.com\/avatar\/?s=96&d=mm&r=g","contentUrl":"https:\/\/secure.gravatar.com\/avatar\/?s=96&d=mm&r=g","caption":"Andr\u00e9s Quiroz"},"description":"Licenciado en Periodismo por la Universidad de los Andes. Me encargo de analizar y compartir los contenidos m\u00e1s destacados de la\u00a0actualidad del F\u00fatbol Club Barcelona, Mercado de Fichajes y F\u00fatbol Internacional en FCBN. La informaci\u00f3n es poder, pero tambi\u00e9n conocimiento.","url":"https:\/\/www.fcbarcelonanoticias.com\/en\/fc-barcelona\/andres-quiroz_17_115.html"}]}},"_links":{"self":[{"href":"https:\/\/www.fcbarcelonanoticias.com\/en\/wp-json\/wp\/v2\/posts\/120953","targetHints":{"allow":["GET"]}}],"collection":[{"href":"https:\/\/www.fcbarcelonanoticias.com\/en\/wp-json\/wp\/v2\/posts"}],"about":[{"href":"https:\/\/www.fcbarcelonanoticias.com\/en\/wp-json\/wp\/v2\/types\/post"}],"author":[{"embeddable":true,"href":"https:\/\/www.fcbarcelonanoticias.com\/en\/wp-json\/wp\/v2\/users\/347"}],"replies":[{"embeddable":true,"href":"https:\/\/www.fcbarcelonanoticias.com\/en\/wp-json\/wp\/v2\/comments?post=120953"}],"version-history":[{"count":2,"href":"https:\/\/www.fcbarcelonanoticias.com\/en\/wp-json\/wp\/v2\/posts\/120953\/revisions"}],"predecessor-version":[{"id":159952,"href":"https:\/\/www.fcbarcelonanoticias.com\/en\/wp-json\/wp\/v2\/posts\/120953\/revisions\/159952"}],"wp:featuredmedia":[{"embeddable":true,"href":"https:\/\/www.fcbarcelonanoticias.com\/en\/wp-json\/wp\/v2\/media\/120959"}],"wp:attachment":[{"href":"https:\/\/www.fcbarcelonanoticias.com\/en\/wp-json\/wp\/v2\/media?parent=120953"}],"wp:term":[{"taxonomy":"category","embeddable":true,"href":"https:\/\/www.fcbarcelonanoticias.com\/en\/wp-json\/wp\/v2\/categories?post=120953"},{"taxonomy":"post_tag","embeddable":true,"href":"https:\/\/www.fcbarcelonanoticias.com\/en\/wp-json\/wp\/v2\/tags?post=120953"}],"curies":[{"name":"wp","href":"https:\/\/api.w.org\/{rel}","templated":true}]}}