{"id":121164,"date":"2022-11-09T00:33:00","date_gmt":"2022-11-08T23:33:00","guid":{"rendered":"https:\/\/weisetech.dev\/fc-barcelona-noticias\/en\/1x1-barcelona-in-heroica-victoria-osasuna_286365_102\/"},"modified":"2026-04-16T09:23:07","modified_gmt":"2026-04-16T07:23:07","slug":"1x1-barcelona-in-heroica-victoria-osasuna_286365_102","status":"publish","type":"post","link":"https:\/\/www.fcbarcelonanoticias.com\/en\/players\/1x1-barcelona-in-heroica-victoria-osasuna_286365_102.html","title":{"rendered":"Bar\u00e7a&#8217;s 1&#215;1 in the heroic victory against Osasuna"},"content":{"rendered":"<h2 class=\"wp-block-heading\">Bar\u00e7a got three extremely valuable points at Sadar. The players had a great second half and achieved the epic comeback, so now the club will lead the World Cup break<\/h2>  \r\n<div class=\"article-addons\">\r\n    <a href=\"https:\/\/www.fcbarcelonanoticias.com\/en\/calendar-fc-barcelona.html\"\r\n       target=\"_self\"\r\n       title=\"Calendar of FC Barcelona\"\r\n       class=\"blue-gredient-btn\">\r\n       \r\n        Calendar of FC Barcelona    <\/a>\r\n<\/div>   <p>The <a data-external=\"0\" data-intl-links-en=\"https:\/\/www.fcbarcelonanoticias.com\/en\/fc-barcelona\" data-intl-links-es=\"https:\/\/www.fcbarcelonanoticias.com\/fc-barcelona\" href=\"https:\/\/www.fcbarcelonanoticias.com\/en\/football-soccer\/fc-barcelona.html\" rel=\"follow\" target=\"_self\" title=\"FC Barcelona\">FC Barcelona<\/a> achieved a triumph \u00e9pico in his visit to the <a data-external=\"0\" data-intl-links-es=\"https:\/\/www.fcbarcelonanoticias.com\/tags\/osasuna\" href=\"https:\/\/www.fcbarcelonanoticias.com\/tags\/osasuna.html\" rel=\"follow\" target=\"_self\" title=\"Osasuna\">Osasuna<\/a> in the Sadar. The corresponding party to the fourteenth day of LaLiga Santander was of vital importance for the square directed of Xavi Hern\u00e1ndez, those who needed the victory to go leaders to the stop mundialista. The players knew sobreponerse to the adversities <strong>and achieved the three points of way epic. Now, in &#8216;FCBN&#8217; analyse his performances one to one<\/strong>:<\/p>  <h4>Ter Stegen: Victim<\/h4>  <p><b>The guardameta germano went back to fit by third time in the present edition of LaLiga<\/b>. Nevertheless, little it could do in front of the head butt of David Garc\u00eda, that finished to pleasure when having the way cleared by the fault committed to Marcos Alonso. It was attentive during the rest of the party, clearing with solvency the centres &#8216;poisoned&#8217; of the &#8216;rojillos&#8217;.<\/p>  <h4>Alejandro Balde: Consolidated<\/h4>  <p>The youngster &#8216;crack&#8217; blaugrana went back to leave clear that it has to be headline &#8216;indisputable&#8217; for Xavi.<strong> In spite of not playing in his natural position, the footballer has fixed them to him to fulfil by the right band<\/strong>, showing solid in defence and deep in attack, daring even to shoot to the arch. Luis Enrique will have to have it very in account for the World-wide.<\/p>  <h4>Christensen: Disciplined<\/h4>  <p>The Danish went back to the titularity after recovering of his injury and showed a ran level in the previous of the World-wide of Qatar. <strong>Firm by the airs, commissioned to clear all the rival centres<\/strong>, in addition to helping to the construction of the game from the bottom with cleaning. It kept the position and was serious in front of the rushed forward &#8216;rojillas&#8217;.<\/p>  <h4>Alonso: Tacleado<\/h4>  <p>The Madrilenian did gala of his polivalencia when splitting again like head office and, although it cost him at the beginning, went settling with the happen of the minutes and was solvent in the centre of the saga. In spite of this, his greater incidence in the meeting was the fault received in the first goal of the Osasuna, <strong>when Unai Garc\u00eda ran over him in front of the look of Gil Manzano that did not consider the action like fault<\/strong>.<\/p>  <h4>Jordi Alba: Offensive<\/h4>  <p>The left side went back to be headline in the sinister lane of the team of Xavi Hern\u00e1ndez and had a very remarkable performance. In spite of not explaining in demas\u00eda for his trainer during the principle of this season, the veteran cul\u00e9 showed the why deserves a place in the team. <strong>Insistent in attack, supported constantly to his mates in the band and looked for to centre in several occasions<\/strong>, although with little tarpaulin.<\/p>  <h4>Busquets: Stray<\/h4>  <p>The one of Bad\u00eda made a first-half of terror. <strong>His four losses of balloon in the edge of the area by little cost him a pair of goals against to his team<\/strong>. Surpassed in front of the pressure of the Osasuna, achieved to accommodate in the second part when the cul\u00e9s had to look for the tie under any price.<\/p>  <h4>Frenkie Of Jong: Titular\u00edsimo<\/h4>  <p>The Dutch can not be acting in the team of Xavi Hern\u00e1ndez. In the first time, supported constantly to the central in the exit of the balloon and looked for to balance the medullary in front of a Busquets extremely uncomfortable. Already with 10 on the field, the egarense relocated him like head office and, in addition to being firm in defence, <strong>gave him a glorious assistance to Raphinha to annotate the goal of the victory<\/strong>.<\/p>  <h4>Pedri: Goleador<\/h4>  <p><strong>Party little brilliant of the Canarian that, in spite of not having a night stood out, follows marking differences<\/strong>. His first time was for the forget, being very imprecise in the last pass and without finding to his mates with clarity. In spite of this, knew resarcirse in the second half when annotating the goal of the tie with a good finish to the first stick.<\/p>  <h4>Demb\u00e9l\u00e9: Desequilibrante<\/h4>  <p>The international with the French selection played a very characteristic party of him. With spaces, went an authentic &#8216;headache&#8217; for the rivals, that little could do in front of his powerful rushed forward. However, <strong>had little punter\u00eda of face to the arch, but did not leave to generate danger with his verticality and desborde<\/strong>.<\/p>  <h4>Ferran Torres: Sacrificed<\/h4>  <p>With the expulsion of Robert Lewandowski, <strong>the ex footballer of the Manchester City was the attendant to occupy the centre of the attack<\/strong>. Careful, cost him surpass to the contrary in the 1 vs 1 and did not know to be differential. It could add to the list of goleadores, but his taconazo was cancelled when being offside.<\/p>  <h4>Lewandowski: Expelled<\/h4>  <p>The Pole was protagonist of the controversial elder of the night. <strong>Gil Manzano showed him the second yellow card after propiciar a codazo to David Garc\u00eda <\/strong>when jumping of imprudent way in the research of the balloon. Nevertheless, his first caution is very doubtful, since the agarr\u00f3n to Nacho Vidal is a natural action of the game.<\/p>  <h4>Gavi: Revulsivo<\/h4>  <p>It went in by Christensen for &#8216;shake&#8217; to the team and look for the traced back.<strong> Faithful to his style, was all character and &#8216;heart&#8217;, struggling each ball to the end<\/strong>. Without fear to the brush with his rivals, filled of impetus to the half of the field blaugrana, showing that it is a very valuable piece inside the Catalan staff.<\/p>  <h4>Raphinha: Hero<\/h4>  <p>The Brazilian achieved his second so much of the season, and go goal that was. A big desmarque his was detected to time by Frenkie of Jong, <strong>whose pass was connected by the head of the &#8217;22&#8217;, the one who attained to surpass to an advanced Aitor to give him the three points to the Bar\u00e7a<\/strong>. In a party very slope up for the blaugranas, the disequilibrium of the carioca was key to achieve the triumph.<\/p>  <h4>Ansu Fati: Fighter<\/h4>  <p>It went in in the second half to add cool legs to a group very fatigado. It was insistent in attack and very collaborator in defence. However, <strong>it could not achieve repeat the attained recently more than 3 years, when it celebrated his first goal like cul\u00e9 in the Sadar<\/strong>.<\/p>  <h4>Riad: Debutante<\/h4>  <p><strong>Xavi gave him step in the last minutes to add a &#8216;brick&#8217; more to the &#8216;wall&#8217; Catalan<\/strong>. In his premi\u00e8re like footballer of the first team, helped to avoid fell it of the door of Ter Stegen.<\/p> ","protected":false},"excerpt":{"rendered":"<p>Bar\u00e7a got three extremely valuable points at Sadar. The players had a great second half and achieved the epic comeback, so now the club will lead the World Cup break The FC Barcelona achieved a triumph \u00e9pico in his visit to the Osasuna in the Sadar. The corresponding party to the fourteenth day of LaLiga [&hellip;]<\/p>\n","protected":false},"author":358,"featured_media":121167,"comment_status":"closed","ping_status":"open","sticky":false,"template":"","format":"standard","meta":{"_acf_changed":false,"inline_featured_image":false,"_nextfly_llmd_date_locked":false,"footnotes":""},"categories":[453,107],"tags":[146,280,256,166],"class_list":["post-121164","post","type-post","status-publish","format-standard","has-post-thumbnail","hentry","category-players-2","category-players","tag-dembele","tag-jordi-alba","tag-marcos-alonso","tag-sergio-busquets"],"acf":[],"yoast_head":"<!-- This site is optimized with the Yoast SEO plugin v27.3 - https:\/\/yoast.com\/product\/yoast-seo-wordpress\/ -->\n<title>The 1x1 of the Bar\u00e7a in the hero\u00edca victory in front of the Osasuna<\/title>\n<meta name=\"description\" content=\"The Bar\u00e7a achieved three extremely valuable points in the Sadar. The players did a big second part and attained the traced back epic, by what now...\" \/>\n<meta name=\"robots\" content=\"index, follow, max-snippet:-1, max-image-preview:large, max-video-preview:-1\" \/>\n<link rel=\"canonical\" href=\"https:\/\/www.fcbarcelonanoticias.com\/en\/players\/1x1-barcelona-in-heroica-victoria-osasuna_286365_102.html\" \/>\n<meta property=\"og:locale\" content=\"en_US\" \/>\n<meta property=\"og:type\" content=\"article\" \/>\n<meta property=\"og:title\" content=\"The 1x1 of the Bar\u00e7a in the hero\u00edca victory in front of the Osasuna\" \/>\n<meta property=\"og:description\" content=\"The Bar\u00e7a achieved three extremely valuable points in the Sadar. The players did a big second part and attained the traced back epic, by what now...\" \/>\n<meta property=\"og:url\" content=\"https:\/\/www.fcbarcelonanoticias.com\/en\/players\/1x1-barcelona-in-heroica-victoria-osasuna_286365_102.html\" \/>\n<meta property=\"og:site_name\" content=\"EN - FC Barcelona Noticias\" \/>\n<meta property=\"article:published_time\" content=\"2022-11-08T23:33:00+00:00\" \/>\n<meta property=\"article:modified_time\" content=\"2026-04-16T07:23:07+00:00\" \/>\n<meta property=\"og:image\" content=\"https:\/\/www.fcbarcelonanoticias.com\/en\/wp-content\/uploads\/sites\/2\/2022\/11\/los-jugadores-del-barca-abrazados-1.jpeg\" \/>\n\t<meta property=\"og:image:width\" content=\"1300\" \/>\n\t<meta property=\"og:image:height\" content=\"733\" \/>\n\t<meta property=\"og:image:type\" content=\"image\/jpeg\" \/>\n<meta name=\"author\" content=\"Juan Pablo Berdugo\" \/>\n<meta name=\"twitter:card\" content=\"summary_large_image\" \/>\n<meta name=\"twitter:label1\" content=\"Written by\" \/>\n\t<meta name=\"twitter:data1\" content=\"Juan Pablo Berdugo\" \/>\n\t<meta name=\"twitter:label2\" content=\"Est. reading time\" \/>\n\t<meta name=\"twitter:data2\" content=\"6 minutes\" \/>\n<script type=\"application\/ld+json\" class=\"yoast-schema-graph\">{\"@context\":\"https:\\\/\\\/schema.org\",\"@graph\":[{\"@type\":\"Article\",\"@id\":\"https:\\\/\\\/www.fcbarcelonanoticias.com\\\/en\\\/players\\\/1x1-barcelona-in-heroica-victoria-osasuna_286365_102.html#article\",\"isPartOf\":{\"@id\":\"https:\\\/\\\/www.fcbarcelonanoticias.com\\\/en\\\/players\\\/1x1-barcelona-in-heroica-victoria-osasuna_286365_102.html\"},\"author\":{\"name\":\"Juan Pablo Berdugo\",\"@id\":\"https:\\\/\\\/www.fcbarcelonanoticias.com\\\/en\\\/#\\\/schema\\\/person\\\/88d756918a0a1ae9fa593b5edddd1815\"},\"headline\":\"Bar\u00e7a&#8217;s 1&#215;1 in the heroic victory against Osasuna\",\"datePublished\":\"2022-11-08T23:33:00+00:00\",\"dateModified\":\"2026-04-16T07:23:07+00:00\",\"mainEntityOfPage\":{\"@id\":\"https:\\\/\\\/www.fcbarcelonanoticias.com\\\/en\\\/players\\\/1x1-barcelona-in-heroica-victoria-osasuna_286365_102.html\"},\"wordCount\":1109,\"image\":{\"@id\":\"https:\\\/\\\/www.fcbarcelonanoticias.com\\\/en\\\/players\\\/1x1-barcelona-in-heroica-victoria-osasuna_286365_102.html#primaryimage\"},\"thumbnailUrl\":\"https:\\\/\\\/www.fcbarcelonanoticias.com\\\/en\\\/wp-content\\\/uploads\\\/sites\\\/2\\\/2022\\\/11\\\/los-jugadores-del-barca-abrazados-1.jpeg\",\"keywords\":[\"Demb\u00e9l\u00e9\",\"Jordi Alba\",\"Marcos Alonso\",\"Sergio Busquets\"],\"articleSection\":[\"Players\",\"Players\"],\"inLanguage\":\"en-US\"},{\"@type\":\"WebPage\",\"@id\":\"https:\\\/\\\/www.fcbarcelonanoticias.com\\\/en\\\/players\\\/1x1-barcelona-in-heroica-victoria-osasuna_286365_102.html\",\"url\":\"https:\\\/\\\/www.fcbarcelonanoticias.com\\\/en\\\/players\\\/1x1-barcelona-in-heroica-victoria-osasuna_286365_102.html\",\"name\":\"The 1x1 of the Bar\u00e7a in the hero\u00edca victory in front of the Osasuna\",\"isPartOf\":{\"@id\":\"https:\\\/\\\/www.fcbarcelonanoticias.com\\\/en\\\/#website\"},\"primaryImageOfPage\":{\"@id\":\"https:\\\/\\\/www.fcbarcelonanoticias.com\\\/en\\\/players\\\/1x1-barcelona-in-heroica-victoria-osasuna_286365_102.html#primaryimage\"},\"image\":{\"@id\":\"https:\\\/\\\/www.fcbarcelonanoticias.com\\\/en\\\/players\\\/1x1-barcelona-in-heroica-victoria-osasuna_286365_102.html#primaryimage\"},\"thumbnailUrl\":\"https:\\\/\\\/www.fcbarcelonanoticias.com\\\/en\\\/wp-content\\\/uploads\\\/sites\\\/2\\\/2022\\\/11\\\/los-jugadores-del-barca-abrazados-1.jpeg\",\"datePublished\":\"2022-11-08T23:33:00+00:00\",\"dateModified\":\"2026-04-16T07:23:07+00:00\",\"author\":{\"@id\":\"https:\\\/\\\/www.fcbarcelonanoticias.com\\\/en\\\/#\\\/schema\\\/person\\\/88d756918a0a1ae9fa593b5edddd1815\"},\"description\":\"The Bar\u00e7a achieved three extremely valuable points in the Sadar. The players did a big second part and attained the traced back epic, by what now...\",\"breadcrumb\":{\"@id\":\"https:\\\/\\\/www.fcbarcelonanoticias.com\\\/en\\\/players\\\/1x1-barcelona-in-heroica-victoria-osasuna_286365_102.html#breadcrumb\"},\"inLanguage\":\"en-US\",\"potentialAction\":[{\"@type\":\"ReadAction\",\"target\":[\"https:\\\/\\\/www.fcbarcelonanoticias.com\\\/en\\\/players\\\/1x1-barcelona-in-heroica-victoria-osasuna_286365_102.html\"]}]},{\"@type\":\"ImageObject\",\"inLanguage\":\"en-US\",\"@id\":\"https:\\\/\\\/www.fcbarcelonanoticias.com\\\/en\\\/players\\\/1x1-barcelona-in-heroica-victoria-osasuna_286365_102.html#primaryimage\",\"url\":\"https:\\\/\\\/www.fcbarcelonanoticias.com\\\/en\\\/wp-content\\\/uploads\\\/sites\\\/2\\\/2022\\\/11\\\/los-jugadores-del-barca-abrazados-1.jpeg\",\"contentUrl\":\"https:\\\/\\\/www.fcbarcelonanoticias.com\\\/en\\\/wp-content\\\/uploads\\\/sites\\\/2\\\/2022\\\/11\\\/los-jugadores-del-barca-abrazados-1.jpeg\",\"width\":1300,\"height\":733},{\"@type\":\"BreadcrumbList\",\"@id\":\"https:\\\/\\\/www.fcbarcelonanoticias.com\\\/en\\\/players\\\/1x1-barcelona-in-heroica-victoria-osasuna_286365_102.html#breadcrumb\",\"itemListElement\":[{\"@type\":\"ListItem\",\"position\":1,\"name\":\"Portada\",\"item\":\"https:\\\/\\\/www.fcbarcelonanoticias.com\\\/en\\\/\"},{\"@type\":\"ListItem\",\"position\":2,\"name\":\"Bar\u00e7a&#8217;s 1&#215;1 in the heroic victory against Osasuna\"}]},{\"@type\":\"WebSite\",\"@id\":\"https:\\\/\\\/www.fcbarcelonanoticias.com\\\/en\\\/#website\",\"url\":\"https:\\\/\\\/www.fcbarcelonanoticias.com\\\/en\\\/\",\"name\":\"EN - FC Barcelona Noticias\",\"description\":\"\",\"potentialAction\":[{\"@type\":\"SearchAction\",\"target\":{\"@type\":\"EntryPoint\",\"urlTemplate\":\"https:\\\/\\\/www.fcbarcelonanoticias.com\\\/en\\\/?s={search_term_string}\"},\"query-input\":{\"@type\":\"PropertyValueSpecification\",\"valueRequired\":true,\"valueName\":\"search_term_string\"}}],\"inLanguage\":\"en-US\"},{\"@type\":\"Person\",\"@id\":\"https:\\\/\\\/www.fcbarcelonanoticias.com\\\/en\\\/#\\\/schema\\\/person\\\/88d756918a0a1ae9fa593b5edddd1815\",\"name\":\"Juan Pablo Berdugo\",\"image\":{\"@type\":\"ImageObject\",\"inLanguage\":\"en-US\",\"@id\":\"https:\\\/\\\/secure.gravatar.com\\\/avatar\\\/?s=96&d=mm&r=g\",\"url\":\"https:\\\/\\\/secure.gravatar.com\\\/avatar\\\/?s=96&d=mm&r=g\",\"contentUrl\":\"https:\\\/\\\/secure.gravatar.com\\\/avatar\\\/?s=96&d=mm&r=g\",\"caption\":\"Juan Pablo Berdugo\"},\"description\":\"Juan Pablo Berdugo es graduado en Periodismo. Colabora con FCBN como especialista en informaci\u00f3n del primer equipo del FC Barcelona, f\u00fatbol internacional y mercado de fichajes. Destaca por su enfoque anal\u00edtico, su rigor informativo y su capacidad para detectar tendencias emergentes en el f\u00fatbol global.\",\"url\":\"https:\\\/\\\/www.fcbarcelonanoticias.com\\\/en\\\/fc-barcelona\\\/juan-pablo-berdugo_18_115.html\"}]}<\/script>\n<!-- \/ Yoast SEO plugin. -->","yoast_head_json":{"title":"The 1x1 of the Bar\u00e7a in the hero\u00edca victory in front of the Osasuna","description":"The Bar\u00e7a achieved three extremely valuable points in the Sadar. The players did a big second part and attained the traced back epic, by what now...","robots":{"index":"index","follow":"follow","max-snippet":"max-snippet:-1","max-image-preview":"max-image-preview:large","max-video-preview":"max-video-preview:-1"},"canonical":"https:\/\/www.fcbarcelonanoticias.com\/en\/players\/1x1-barcelona-in-heroica-victoria-osasuna_286365_102.html","og_locale":"en_US","og_type":"article","og_title":"The 1x1 of the Bar\u00e7a in the hero\u00edca victory in front of the Osasuna","og_description":"The Bar\u00e7a achieved three extremely valuable points in the Sadar. The players did a big second part and attained the traced back epic, by what now...","og_url":"https:\/\/www.fcbarcelonanoticias.com\/en\/players\/1x1-barcelona-in-heroica-victoria-osasuna_286365_102.html","og_site_name":"EN - FC Barcelona Noticias","article_published_time":"2022-11-08T23:33:00+00:00","article_modified_time":"2026-04-16T07:23:07+00:00","og_image":[{"width":1300,"height":733,"url":"https:\/\/www.fcbarcelonanoticias.com\/en\/wp-content\/uploads\/sites\/2\/2022\/11\/los-jugadores-del-barca-abrazados-1.jpeg","type":"image\/jpeg"}],"author":"Juan Pablo Berdugo","twitter_card":"summary_large_image","twitter_misc":{"Written by":"Juan Pablo Berdugo","Est. reading time":"6 minutes"},"schema":{"@context":"https:\/\/schema.org","@graph":[{"@type":"Article","@id":"https:\/\/www.fcbarcelonanoticias.com\/en\/players\/1x1-barcelona-in-heroica-victoria-osasuna_286365_102.html#article","isPartOf":{"@id":"https:\/\/www.fcbarcelonanoticias.com\/en\/players\/1x1-barcelona-in-heroica-victoria-osasuna_286365_102.html"},"author":{"name":"Juan Pablo Berdugo","@id":"https:\/\/www.fcbarcelonanoticias.com\/en\/#\/schema\/person\/88d756918a0a1ae9fa593b5edddd1815"},"headline":"Bar\u00e7a&#8217;s 1&#215;1 in the heroic victory against Osasuna","datePublished":"2022-11-08T23:33:00+00:00","dateModified":"2026-04-16T07:23:07+00:00","mainEntityOfPage":{"@id":"https:\/\/www.fcbarcelonanoticias.com\/en\/players\/1x1-barcelona-in-heroica-victoria-osasuna_286365_102.html"},"wordCount":1109,"image":{"@id":"https:\/\/www.fcbarcelonanoticias.com\/en\/players\/1x1-barcelona-in-heroica-victoria-osasuna_286365_102.html#primaryimage"},"thumbnailUrl":"https:\/\/www.fcbarcelonanoticias.com\/en\/wp-content\/uploads\/sites\/2\/2022\/11\/los-jugadores-del-barca-abrazados-1.jpeg","keywords":["Demb\u00e9l\u00e9","Jordi Alba","Marcos Alonso","Sergio Busquets"],"articleSection":["Players","Players"],"inLanguage":"en-US"},{"@type":"WebPage","@id":"https:\/\/www.fcbarcelonanoticias.com\/en\/players\/1x1-barcelona-in-heroica-victoria-osasuna_286365_102.html","url":"https:\/\/www.fcbarcelonanoticias.com\/en\/players\/1x1-barcelona-in-heroica-victoria-osasuna_286365_102.html","name":"The 1x1 of the Bar\u00e7a in the hero\u00edca victory in front of the Osasuna","isPartOf":{"@id":"https:\/\/www.fcbarcelonanoticias.com\/en\/#website"},"primaryImageOfPage":{"@id":"https:\/\/www.fcbarcelonanoticias.com\/en\/players\/1x1-barcelona-in-heroica-victoria-osasuna_286365_102.html#primaryimage"},"image":{"@id":"https:\/\/www.fcbarcelonanoticias.com\/en\/players\/1x1-barcelona-in-heroica-victoria-osasuna_286365_102.html#primaryimage"},"thumbnailUrl":"https:\/\/www.fcbarcelonanoticias.com\/en\/wp-content\/uploads\/sites\/2\/2022\/11\/los-jugadores-del-barca-abrazados-1.jpeg","datePublished":"2022-11-08T23:33:00+00:00","dateModified":"2026-04-16T07:23:07+00:00","author":{"@id":"https:\/\/www.fcbarcelonanoticias.com\/en\/#\/schema\/person\/88d756918a0a1ae9fa593b5edddd1815"},"description":"The Bar\u00e7a achieved three extremely valuable points in the Sadar. The players did a big second part and attained the traced back epic, by what now...","breadcrumb":{"@id":"https:\/\/www.fcbarcelonanoticias.com\/en\/players\/1x1-barcelona-in-heroica-victoria-osasuna_286365_102.html#breadcrumb"},"inLanguage":"en-US","potentialAction":[{"@type":"ReadAction","target":["https:\/\/www.fcbarcelonanoticias.com\/en\/players\/1x1-barcelona-in-heroica-victoria-osasuna_286365_102.html"]}]},{"@type":"ImageObject","inLanguage":"en-US","@id":"https:\/\/www.fcbarcelonanoticias.com\/en\/players\/1x1-barcelona-in-heroica-victoria-osasuna_286365_102.html#primaryimage","url":"https:\/\/www.fcbarcelonanoticias.com\/en\/wp-content\/uploads\/sites\/2\/2022\/11\/los-jugadores-del-barca-abrazados-1.jpeg","contentUrl":"https:\/\/www.fcbarcelonanoticias.com\/en\/wp-content\/uploads\/sites\/2\/2022\/11\/los-jugadores-del-barca-abrazados-1.jpeg","width":1300,"height":733},{"@type":"BreadcrumbList","@id":"https:\/\/www.fcbarcelonanoticias.com\/en\/players\/1x1-barcelona-in-heroica-victoria-osasuna_286365_102.html#breadcrumb","itemListElement":[{"@type":"ListItem","position":1,"name":"Portada","item":"https:\/\/www.fcbarcelonanoticias.com\/en\/"},{"@type":"ListItem","position":2,"name":"Bar\u00e7a&#8217;s 1&#215;1 in the heroic victory against Osasuna"}]},{"@type":"WebSite","@id":"https:\/\/www.fcbarcelonanoticias.com\/en\/#website","url":"https:\/\/www.fcbarcelonanoticias.com\/en\/","name":"EN - FC Barcelona Noticias","description":"","potentialAction":[{"@type":"SearchAction","target":{"@type":"EntryPoint","urlTemplate":"https:\/\/www.fcbarcelonanoticias.com\/en\/?s={search_term_string}"},"query-input":{"@type":"PropertyValueSpecification","valueRequired":true,"valueName":"search_term_string"}}],"inLanguage":"en-US"},{"@type":"Person","@id":"https:\/\/www.fcbarcelonanoticias.com\/en\/#\/schema\/person\/88d756918a0a1ae9fa593b5edddd1815","name":"Juan Pablo Berdugo","image":{"@type":"ImageObject","inLanguage":"en-US","@id":"https:\/\/secure.gravatar.com\/avatar\/?s=96&d=mm&r=g","url":"https:\/\/secure.gravatar.com\/avatar\/?s=96&d=mm&r=g","contentUrl":"https:\/\/secure.gravatar.com\/avatar\/?s=96&d=mm&r=g","caption":"Juan Pablo Berdugo"},"description":"Juan Pablo Berdugo es graduado en Periodismo. Colabora con FCBN como especialista en informaci\u00f3n del primer equipo del FC Barcelona, f\u00fatbol internacional y mercado de fichajes. Destaca por su enfoque anal\u00edtico, su rigor informativo y su capacidad para detectar tendencias emergentes en el f\u00fatbol global.","url":"https:\/\/www.fcbarcelonanoticias.com\/en\/fc-barcelona\/juan-pablo-berdugo_18_115.html"}]}},"_links":{"self":[{"href":"https:\/\/www.fcbarcelonanoticias.com\/en\/wp-json\/wp\/v2\/posts\/121164","targetHints":{"allow":["GET"]}}],"collection":[{"href":"https:\/\/www.fcbarcelonanoticias.com\/en\/wp-json\/wp\/v2\/posts"}],"about":[{"href":"https:\/\/www.fcbarcelonanoticias.com\/en\/wp-json\/wp\/v2\/types\/post"}],"author":[{"embeddable":true,"href":"https:\/\/www.fcbarcelonanoticias.com\/en\/wp-json\/wp\/v2\/users\/358"}],"replies":[{"embeddable":true,"href":"https:\/\/www.fcbarcelonanoticias.com\/en\/wp-json\/wp\/v2\/comments?post=121164"}],"version-history":[{"count":2,"href":"https:\/\/www.fcbarcelonanoticias.com\/en\/wp-json\/wp\/v2\/posts\/121164\/revisions"}],"predecessor-version":[{"id":173319,"href":"https:\/\/www.fcbarcelonanoticias.com\/en\/wp-json\/wp\/v2\/posts\/121164\/revisions\/173319"}],"wp:featuredmedia":[{"embeddable":true,"href":"https:\/\/www.fcbarcelonanoticias.com\/en\/wp-json\/wp\/v2\/media\/121167"}],"wp:attachment":[{"href":"https:\/\/www.fcbarcelonanoticias.com\/en\/wp-json\/wp\/v2\/media?parent=121164"}],"wp:term":[{"taxonomy":"category","embeddable":true,"href":"https:\/\/www.fcbarcelonanoticias.com\/en\/wp-json\/wp\/v2\/categories?post=121164"},{"taxonomy":"post_tag","embeddable":true,"href":"https:\/\/www.fcbarcelonanoticias.com\/en\/wp-json\/wp\/v2\/tags?post=121164"}],"curies":[{"name":"wp","href":"https:\/\/api.w.org\/{rel}","templated":true}]}}