{"id":121347,"date":"2019-12-26T19:55:00","date_gmt":"2019-12-26T18:55:00","guid":{"rendered":"https:\/\/weisetech.dev\/fc-barcelona-noticias\/en\/agreement-cession-carles-alena-real-betis_254194_102\/"},"modified":"2019-12-28T13:19:00","modified_gmt":"2019-12-28T12:19:00","slug":"agreement-cession-carles-alena-real-betis_254194_102","status":"publish","type":"post","link":"https:\/\/www.fcbarcelonanoticias.com\/en\/players\/agreement-cession-carles-alena-real-betis_254194_102.html","title":{"rendered":"Agreement for the cession of Carles Ale\u00f1\u00e1 to the Real Betis, without option of purchase"},"content":{"rendered":"<h2 class=\"wp-block-heading\">FC Barcelona and Real Betis have arrived to an agreement so that Carles Ale\u00f1\u00e1 will play yielded until the final of the season, without any type of option of purchase<\/h2>  \r\n<div class=\"article-addons\">\r\n    <a href=\"https:\/\/www.fcbarcelonanoticias.com\/en\/calendar-fc-barcelona.html\"\r\n       target=\"_self\"\r\n       title=\"Calendar of FC Barcelona\"\r\n       class=\"blue-gredient-btn\">\r\n       \r\n        Calendar of FC Barcelona    <\/a>\r\n<\/div>   <p><strong>Carles Ale\u00f1\u00e1 will play in the Real Betis to the end of the present season 2019-20<\/strong>. Already it is official, after the FC Barcelona have issued a communiqu\u00e9 and sources of the Andalusian group have confirmed the<strong> agreement with the FC Barcelona and with the player<\/strong>, that has accepted to abandon the team to half of course for like this have of more minutes of game and progress in the elite of the Spanish football.<\/p>  <p><strong>The agreement is without option of purchase<\/strong>, by what the one of Matar\u00f3 will return to the discipline cul\u00e9, in principle, when it finish the campaign 2019-20. The young midfield player, that is about to to fulfil 22 years, <strong>will put to the orders of Rubi in the plantel b\u00e9tico from the next week<\/strong>, with the aim that it can play on 5 January the first party of the year in Mendizorroza in front of the Sportive Alav\u00e9s.<\/p>  <p>Along this month of December, from &#8216;FCBN&#8217; already advance that <strong><a data-external=\"0\" data-intl-links-en=\"https:\/\/www.fcbarcelonanoticias.com\/en\/transfers\/betis-works-sign-alena-before-end-year_254164_102.html\" data-intl-links-es=\"https:\/\/www.fcbarcelonanoticias.com\/fichajes\/betis-trabaja-contrarreloj-fichar-alena-antes-fin-ano_254164_102.html\" href=\"https:\/\/www.fcbarcelonanoticias.com\/en\/transfers\/betis-works-sign-alena-before-end-year_254164_102.html\" rel=\"follow\" target=\"_self\" title=\"El Betis trabaja a contrarreloj para fichar a Ale\u00f1\u00e1 antes de fin de a\u00f1o\">the Real Betis was the team that more options had<\/a><\/strong> to do with the cession of Carles Ale\u00f1\u00e1 during the market of winter, although the Getafe also split with possibilities had to, partly, to the presence in the team <strong>of a fellow intimate of Ale\u00f1\u00e1 as it is Marc Cucurella<\/strong>.<\/p>  <p><strong>Also there was interest of clubs like Inter and AC Milan<\/strong>, but Ale\u00f1\u00e1 has finish accepting the proposal of the Betis. To the Catalan player attracts him the style of cheerful and offensive game of the Andalusian group and, although the theory says that it will dress the elastic verdiblanca only six months, <strong>his continuity in the team trained by Rubi <\/strong>could renegotiate to the term of the course.<\/p>  <h3>If it goes Carles Ale\u00f1\u00e1&#8230; What happens with Arturo Vidal?<\/h3>  <p>The exit of Carles Ale\u00f1\u00e1 would have to cancel <strong><a data-external=\"0\" data-intl-links-en=\"https:\/\/www.fcbarcelonanoticias.com\/en\/transfers\/agreement-barcelona-inter-vidal-closer-ever_254185_102.html\" data-intl-links-es=\"https:\/\/www.fcbarcelonanoticias.com\/fichajes\/acuerdo-barcelona-inter-vidal-mas-cerca_254185_102.html\" href=\"https:\/\/www.fcbarcelonanoticias.com\/en\/transfers\/agreement-barcelona-inter-vidal-closer-ever_254185_102.html\" rel=\"follow\" target=\"_self\" title=\"Gazzetta: El acuerdo Bar\u00e7a-Inter por Arturo Vidal podr\u00eda estar m\u00e1s cerca\">the possible traspaso of Arturo Vidal to the Inter of Milan<\/a>, that still is in the air<\/strong>. Ernesto Valverde, that did not want to dispense of the Chilean midfield player, has of an argument more so that it remain in the staff like minimum until final of season. To leave Arturo, the Bar\u00e7a would remain with so only <strong>four midfield players in the first team <\/strong>(Busquets, Rakitic, Arthur and Of Jong), without explaining to Sergi Roberto.<\/p>  <p>New stage therefore for Carles Ale\u00f1\u00e1, that <strong>will test luck far of the Barcelona <\/strong>and, if it achieves to develop his potential and cuajar good performances, will have <strong>possibilities to return to the Camp Nou to win a place in the staff<\/strong> of face to the next season. In this stage of his sportive career, what more needs is to play with regularity. And the Betis will give him this option.<\/p> ","protected":false},"excerpt":{"rendered":"<p>FC Barcelona and Real Betis have arrived to an agreement so that Carles Ale\u00f1\u00e1 will play yielded until the final of the season, without any type of option of purchase Carles Ale\u00f1\u00e1 will play in the Real Betis to the end of the present season 2019-20. Already it is official, after the FC Barcelona have [&hellip;]<\/p>\n","protected":false},"author":392,"featured_media":121350,"comment_status":"closed","ping_status":"open","sticky":false,"template":"","format":"standard","meta":{"_acf_changed":false,"inline_featured_image":false,"_nextfly_llmd_date_locked":false,"footnotes":""},"categories":[107,453],"tags":[296,63],"class_list":["post-121347","post","type-post","status-publish","format-standard","has-post-thumbnail","hentry","category-players","category-players-2","tag-alena","tag-real-betis"],"acf":[],"yoast_head":"<!-- This site is optimized with the Yoast SEO plugin v27.3 - https:\/\/yoast.com\/product\/yoast-seo-wordpress\/ -->\n<title>Agreement for the cession of Carles Ale\u00f1\u00e1 to the Real Betis, without option of purchase<\/title>\n<meta name=\"description\" content=\"FC Barcelona and Real Betis have arrived to an agreement so that Carles Ale\u00f1\u00e1 will play yielded until the final of the season, without any type of option of purchase\" \/>\n<meta name=\"robots\" content=\"index, follow, max-snippet:-1, max-image-preview:large, max-video-preview:-1\" \/>\n<link rel=\"canonical\" href=\"https:\/\/www.fcbarcelonanoticias.com\/en\/players\/agreement-cession-carles-alena-real-betis_254194_102.html\" \/>\n<meta property=\"og:locale\" content=\"en_US\" \/>\n<meta property=\"og:type\" content=\"article\" \/>\n<meta property=\"og:title\" content=\"Agreement for the cession of Carles Ale\u00f1\u00e1 to the Real Betis, without option of purchase\" \/>\n<meta property=\"og:description\" content=\"FC Barcelona and Real Betis have arrived to an agreement so that Carles Ale\u00f1\u00e1 will play yielded until the final of the season, without any type of option of purchase\" \/>\n<meta property=\"og:url\" content=\"https:\/\/www.fcbarcelonanoticias.com\/en\/players\/agreement-cession-carles-alena-real-betis_254194_102.html\" \/>\n<meta property=\"og:site_name\" content=\"EN - FC Barcelona Noticias\" \/>\n<meta property=\"article:published_time\" content=\"2019-12-26T18:55:00+00:00\" \/>\n<meta property=\"article:modified_time\" content=\"2019-12-28T12:19:00+00:00\" \/>\n<meta property=\"og:image\" content=\"https:\/\/www.fcbarcelonanoticias.com\/en\/wp-content\/uploads\/sites\/2\/2019\/12\/carles-alena-banquillo.jpeg\" \/>\n\t<meta property=\"og:image:width\" content=\"1200\" \/>\n\t<meta property=\"og:image:height\" content=\"716\" \/>\n\t<meta property=\"og:image:type\" content=\"image\/jpeg\" \/>\n<meta name=\"author\" content=\"user_4048\" \/>\n<meta name=\"twitter:card\" content=\"summary_large_image\" \/>\n<meta name=\"twitter:label1\" content=\"Written by\" \/>\n\t<meta name=\"twitter:data1\" content=\"user_4048\" \/>\n\t<meta name=\"twitter:label2\" content=\"Est. reading time\" \/>\n\t<meta name=\"twitter:data2\" content=\"2 minutes\" \/>\n<script type=\"application\/ld+json\" class=\"yoast-schema-graph\">{\"@context\":\"https:\\\/\\\/schema.org\",\"@graph\":[{\"@type\":\"Article\",\"@id\":\"https:\\\/\\\/www.fcbarcelonanoticias.com\\\/en\\\/players\\\/agreement-cession-carles-alena-real-betis_254194_102.html#article\",\"isPartOf\":{\"@id\":\"https:\\\/\\\/www.fcbarcelonanoticias.com\\\/en\\\/players\\\/agreement-cession-carles-alena-real-betis_254194_102.html\"},\"author\":{\"name\":\"user_4048\",\"@id\":\"https:\\\/\\\/www.fcbarcelonanoticias.com\\\/en\\\/#\\\/schema\\\/person\\\/fcdad55cab72b8d0e106d75506783b6d\"},\"headline\":\"Agreement for the cession of Carles Ale\u00f1\u00e1 to the Real Betis, without option of purchase\",\"datePublished\":\"2019-12-26T18:55:00+00:00\",\"dateModified\":\"2019-12-28T12:19:00+00:00\",\"mainEntityOfPage\":{\"@id\":\"https:\\\/\\\/www.fcbarcelonanoticias.com\\\/en\\\/players\\\/agreement-cession-carles-alena-real-betis_254194_102.html\"},\"wordCount\":494,\"image\":{\"@id\":\"https:\\\/\\\/www.fcbarcelonanoticias.com\\\/en\\\/players\\\/agreement-cession-carles-alena-real-betis_254194_102.html#primaryimage\"},\"thumbnailUrl\":\"https:\\\/\\\/www.fcbarcelonanoticias.com\\\/en\\\/wp-content\\\/uploads\\\/sites\\\/2\\\/2019\\\/12\\\/carles-alena-banquillo.jpeg\",\"keywords\":[\"Ale\u00f1\u00e1\",\"Real Betis\"],\"articleSection\":[\"Players\",\"Players\"],\"inLanguage\":\"en-US\"},{\"@type\":\"WebPage\",\"@id\":\"https:\\\/\\\/www.fcbarcelonanoticias.com\\\/en\\\/players\\\/agreement-cession-carles-alena-real-betis_254194_102.html\",\"url\":\"https:\\\/\\\/www.fcbarcelonanoticias.com\\\/en\\\/players\\\/agreement-cession-carles-alena-real-betis_254194_102.html\",\"name\":\"Agreement for the cession of Carles Ale\u00f1\u00e1 to the Real Betis, without option of purchase\",\"isPartOf\":{\"@id\":\"https:\\\/\\\/www.fcbarcelonanoticias.com\\\/en\\\/#website\"},\"primaryImageOfPage\":{\"@id\":\"https:\\\/\\\/www.fcbarcelonanoticias.com\\\/en\\\/players\\\/agreement-cession-carles-alena-real-betis_254194_102.html#primaryimage\"},\"image\":{\"@id\":\"https:\\\/\\\/www.fcbarcelonanoticias.com\\\/en\\\/players\\\/agreement-cession-carles-alena-real-betis_254194_102.html#primaryimage\"},\"thumbnailUrl\":\"https:\\\/\\\/www.fcbarcelonanoticias.com\\\/en\\\/wp-content\\\/uploads\\\/sites\\\/2\\\/2019\\\/12\\\/carles-alena-banquillo.jpeg\",\"datePublished\":\"2019-12-26T18:55:00+00:00\",\"dateModified\":\"2019-12-28T12:19:00+00:00\",\"author\":{\"@id\":\"https:\\\/\\\/www.fcbarcelonanoticias.com\\\/en\\\/#\\\/schema\\\/person\\\/fcdad55cab72b8d0e106d75506783b6d\"},\"description\":\"FC Barcelona and Real Betis have arrived to an agreement so that Carles Ale\u00f1\u00e1 will play yielded until the final of the season, without any type of option of purchase\",\"breadcrumb\":{\"@id\":\"https:\\\/\\\/www.fcbarcelonanoticias.com\\\/en\\\/players\\\/agreement-cession-carles-alena-real-betis_254194_102.html#breadcrumb\"},\"inLanguage\":\"en-US\",\"potentialAction\":[{\"@type\":\"ReadAction\",\"target\":[\"https:\\\/\\\/www.fcbarcelonanoticias.com\\\/en\\\/players\\\/agreement-cession-carles-alena-real-betis_254194_102.html\"]}]},{\"@type\":\"ImageObject\",\"inLanguage\":\"en-US\",\"@id\":\"https:\\\/\\\/www.fcbarcelonanoticias.com\\\/en\\\/players\\\/agreement-cession-carles-alena-real-betis_254194_102.html#primaryimage\",\"url\":\"https:\\\/\\\/www.fcbarcelonanoticias.com\\\/en\\\/wp-content\\\/uploads\\\/sites\\\/2\\\/2019\\\/12\\\/carles-alena-banquillo.jpeg\",\"contentUrl\":\"https:\\\/\\\/www.fcbarcelonanoticias.com\\\/en\\\/wp-content\\\/uploads\\\/sites\\\/2\\\/2019\\\/12\\\/carles-alena-banquillo.jpeg\",\"width\":1200,\"height\":716},{\"@type\":\"BreadcrumbList\",\"@id\":\"https:\\\/\\\/www.fcbarcelonanoticias.com\\\/en\\\/players\\\/agreement-cession-carles-alena-real-betis_254194_102.html#breadcrumb\",\"itemListElement\":[{\"@type\":\"ListItem\",\"position\":1,\"name\":\"Portada\",\"item\":\"https:\\\/\\\/www.fcbarcelonanoticias.com\\\/en\\\/\"},{\"@type\":\"ListItem\",\"position\":2,\"name\":\"Agreement for the cession of Carles Ale\u00f1\u00e1 to the Real Betis, without option of purchase\"}]},{\"@type\":\"WebSite\",\"@id\":\"https:\\\/\\\/www.fcbarcelonanoticias.com\\\/en\\\/#website\",\"url\":\"https:\\\/\\\/www.fcbarcelonanoticias.com\\\/en\\\/\",\"name\":\"EN - FC Barcelona Noticias\",\"description\":\"\",\"potentialAction\":[{\"@type\":\"SearchAction\",\"target\":{\"@type\":\"EntryPoint\",\"urlTemplate\":\"https:\\\/\\\/www.fcbarcelonanoticias.com\\\/en\\\/?s={search_term_string}\"},\"query-input\":{\"@type\":\"PropertyValueSpecification\",\"valueRequired\":true,\"valueName\":\"search_term_string\"}}],\"inLanguage\":\"en-US\"},{\"@type\":\"Person\",\"@id\":\"https:\\\/\\\/www.fcbarcelonanoticias.com\\\/en\\\/#\\\/schema\\\/person\\\/fcdad55cab72b8d0e106d75506783b6d\",\"name\":\"user_4048\",\"image\":{\"@type\":\"ImageObject\",\"inLanguage\":\"en-US\",\"@id\":\"https:\\\/\\\/secure.gravatar.com\\\/avatar\\\/?s=96&d=mm&r=g\",\"url\":\"https:\\\/\\\/secure.gravatar.com\\\/avatar\\\/?s=96&d=mm&r=g\",\"contentUrl\":\"https:\\\/\\\/secure.gravatar.com\\\/avatar\\\/?s=96&d=mm&r=g\",\"caption\":\"user_4048\"},\"url\":\"https:\\\/\\\/www.fcbarcelonanoticias.com\\\/en\\\/user_4048.html\"}]}<\/script>\n<!-- \/ Yoast SEO plugin. -->","yoast_head_json":{"title":"Agreement for the cession of Carles Ale\u00f1\u00e1 to the Real Betis, without option of purchase","description":"FC Barcelona and Real Betis have arrived to an agreement so that Carles Ale\u00f1\u00e1 will play yielded until the final of the season, without any type of option of purchase","robots":{"index":"index","follow":"follow","max-snippet":"max-snippet:-1","max-image-preview":"max-image-preview:large","max-video-preview":"max-video-preview:-1"},"canonical":"https:\/\/www.fcbarcelonanoticias.com\/en\/players\/agreement-cession-carles-alena-real-betis_254194_102.html","og_locale":"en_US","og_type":"article","og_title":"Agreement for the cession of Carles Ale\u00f1\u00e1 to the Real Betis, without option of purchase","og_description":"FC Barcelona and Real Betis have arrived to an agreement so that Carles Ale\u00f1\u00e1 will play yielded until the final of the season, without any type of option of purchase","og_url":"https:\/\/www.fcbarcelonanoticias.com\/en\/players\/agreement-cession-carles-alena-real-betis_254194_102.html","og_site_name":"EN - FC Barcelona Noticias","article_published_time":"2019-12-26T18:55:00+00:00","article_modified_time":"2019-12-28T12:19:00+00:00","og_image":[{"width":1200,"height":716,"url":"https:\/\/www.fcbarcelonanoticias.com\/en\/wp-content\/uploads\/sites\/2\/2019\/12\/carles-alena-banquillo.jpeg","type":"image\/jpeg"}],"author":"user_4048","twitter_card":"summary_large_image","twitter_misc":{"Written by":"user_4048","Est. reading time":"2 minutes"},"schema":{"@context":"https:\/\/schema.org","@graph":[{"@type":"Article","@id":"https:\/\/www.fcbarcelonanoticias.com\/en\/players\/agreement-cession-carles-alena-real-betis_254194_102.html#article","isPartOf":{"@id":"https:\/\/www.fcbarcelonanoticias.com\/en\/players\/agreement-cession-carles-alena-real-betis_254194_102.html"},"author":{"name":"user_4048","@id":"https:\/\/www.fcbarcelonanoticias.com\/en\/#\/schema\/person\/fcdad55cab72b8d0e106d75506783b6d"},"headline":"Agreement for the cession of Carles Ale\u00f1\u00e1 to the Real Betis, without option of purchase","datePublished":"2019-12-26T18:55:00+00:00","dateModified":"2019-12-28T12:19:00+00:00","mainEntityOfPage":{"@id":"https:\/\/www.fcbarcelonanoticias.com\/en\/players\/agreement-cession-carles-alena-real-betis_254194_102.html"},"wordCount":494,"image":{"@id":"https:\/\/www.fcbarcelonanoticias.com\/en\/players\/agreement-cession-carles-alena-real-betis_254194_102.html#primaryimage"},"thumbnailUrl":"https:\/\/www.fcbarcelonanoticias.com\/en\/wp-content\/uploads\/sites\/2\/2019\/12\/carles-alena-banquillo.jpeg","keywords":["Ale\u00f1\u00e1","Real Betis"],"articleSection":["Players","Players"],"inLanguage":"en-US"},{"@type":"WebPage","@id":"https:\/\/www.fcbarcelonanoticias.com\/en\/players\/agreement-cession-carles-alena-real-betis_254194_102.html","url":"https:\/\/www.fcbarcelonanoticias.com\/en\/players\/agreement-cession-carles-alena-real-betis_254194_102.html","name":"Agreement for the cession of Carles Ale\u00f1\u00e1 to the Real Betis, without option of purchase","isPartOf":{"@id":"https:\/\/www.fcbarcelonanoticias.com\/en\/#website"},"primaryImageOfPage":{"@id":"https:\/\/www.fcbarcelonanoticias.com\/en\/players\/agreement-cession-carles-alena-real-betis_254194_102.html#primaryimage"},"image":{"@id":"https:\/\/www.fcbarcelonanoticias.com\/en\/players\/agreement-cession-carles-alena-real-betis_254194_102.html#primaryimage"},"thumbnailUrl":"https:\/\/www.fcbarcelonanoticias.com\/en\/wp-content\/uploads\/sites\/2\/2019\/12\/carles-alena-banquillo.jpeg","datePublished":"2019-12-26T18:55:00+00:00","dateModified":"2019-12-28T12:19:00+00:00","author":{"@id":"https:\/\/www.fcbarcelonanoticias.com\/en\/#\/schema\/person\/fcdad55cab72b8d0e106d75506783b6d"},"description":"FC Barcelona and Real Betis have arrived to an agreement so that Carles Ale\u00f1\u00e1 will play yielded until the final of the season, without any type of option of purchase","breadcrumb":{"@id":"https:\/\/www.fcbarcelonanoticias.com\/en\/players\/agreement-cession-carles-alena-real-betis_254194_102.html#breadcrumb"},"inLanguage":"en-US","potentialAction":[{"@type":"ReadAction","target":["https:\/\/www.fcbarcelonanoticias.com\/en\/players\/agreement-cession-carles-alena-real-betis_254194_102.html"]}]},{"@type":"ImageObject","inLanguage":"en-US","@id":"https:\/\/www.fcbarcelonanoticias.com\/en\/players\/agreement-cession-carles-alena-real-betis_254194_102.html#primaryimage","url":"https:\/\/www.fcbarcelonanoticias.com\/en\/wp-content\/uploads\/sites\/2\/2019\/12\/carles-alena-banquillo.jpeg","contentUrl":"https:\/\/www.fcbarcelonanoticias.com\/en\/wp-content\/uploads\/sites\/2\/2019\/12\/carles-alena-banquillo.jpeg","width":1200,"height":716},{"@type":"BreadcrumbList","@id":"https:\/\/www.fcbarcelonanoticias.com\/en\/players\/agreement-cession-carles-alena-real-betis_254194_102.html#breadcrumb","itemListElement":[{"@type":"ListItem","position":1,"name":"Portada","item":"https:\/\/www.fcbarcelonanoticias.com\/en\/"},{"@type":"ListItem","position":2,"name":"Agreement for the cession of Carles Ale\u00f1\u00e1 to the Real Betis, without option of purchase"}]},{"@type":"WebSite","@id":"https:\/\/www.fcbarcelonanoticias.com\/en\/#website","url":"https:\/\/www.fcbarcelonanoticias.com\/en\/","name":"EN - FC Barcelona Noticias","description":"","potentialAction":[{"@type":"SearchAction","target":{"@type":"EntryPoint","urlTemplate":"https:\/\/www.fcbarcelonanoticias.com\/en\/?s={search_term_string}"},"query-input":{"@type":"PropertyValueSpecification","valueRequired":true,"valueName":"search_term_string"}}],"inLanguage":"en-US"},{"@type":"Person","@id":"https:\/\/www.fcbarcelonanoticias.com\/en\/#\/schema\/person\/fcdad55cab72b8d0e106d75506783b6d","name":"user_4048","image":{"@type":"ImageObject","inLanguage":"en-US","@id":"https:\/\/secure.gravatar.com\/avatar\/?s=96&d=mm&r=g","url":"https:\/\/secure.gravatar.com\/avatar\/?s=96&d=mm&r=g","contentUrl":"https:\/\/secure.gravatar.com\/avatar\/?s=96&d=mm&r=g","caption":"user_4048"},"url":"https:\/\/www.fcbarcelonanoticias.com\/en\/user_4048.html"}]}},"_links":{"self":[{"href":"https:\/\/www.fcbarcelonanoticias.com\/en\/wp-json\/wp\/v2\/posts\/121347","targetHints":{"allow":["GET"]}}],"collection":[{"href":"https:\/\/www.fcbarcelonanoticias.com\/en\/wp-json\/wp\/v2\/posts"}],"about":[{"href":"https:\/\/www.fcbarcelonanoticias.com\/en\/wp-json\/wp\/v2\/types\/post"}],"author":[{"embeddable":true,"href":"https:\/\/www.fcbarcelonanoticias.com\/en\/wp-json\/wp\/v2\/users\/392"}],"replies":[{"embeddable":true,"href":"https:\/\/www.fcbarcelonanoticias.com\/en\/wp-json\/wp\/v2\/comments?post=121347"}],"version-history":[{"count":1,"href":"https:\/\/www.fcbarcelonanoticias.com\/en\/wp-json\/wp\/v2\/posts\/121347\/revisions"}],"predecessor-version":[{"id":150406,"href":"https:\/\/www.fcbarcelonanoticias.com\/en\/wp-json\/wp\/v2\/posts\/121347\/revisions\/150406"}],"wp:featuredmedia":[{"embeddable":true,"href":"https:\/\/www.fcbarcelonanoticias.com\/en\/wp-json\/wp\/v2\/media\/121350"}],"wp:attachment":[{"href":"https:\/\/www.fcbarcelonanoticias.com\/en\/wp-json\/wp\/v2\/media?parent=121347"}],"wp:term":[{"taxonomy":"category","embeddable":true,"href":"https:\/\/www.fcbarcelonanoticias.com\/en\/wp-json\/wp\/v2\/categories?post=121347"},{"taxonomy":"post_tag","embeddable":true,"href":"https:\/\/www.fcbarcelonanoticias.com\/en\/wp-json\/wp\/v2\/tags?post=121347"}],"curies":[{"name":"wp","href":"https:\/\/api.w.org\/{rel}","templated":true}]}}