{"id":121420,"date":"2023-01-07T17:50:00","date_gmt":"2023-01-07T16:50:00","guid":{"rendered":"https:\/\/weisetech.dev\/fc-barcelona-noticias\/en\/dutch-legend-load-against-memphis-by-his-actit_288400_102\/"},"modified":"2023-01-07T17:50:00","modified_gmt":"2023-01-07T16:50:00","slug":"dutch-legend-load-against-memphis-by-his-actit_288400_102","status":"publish","type":"post","link":"https:\/\/www.fcbarcelonanoticias.com\/en\/players\/dutch-legend-load-against-memphis-by-his-actit_288400_102.html","title":{"rendered":"A Dutch legend charges against Memphis for his attitude at Bar\u00e7a"},"content":{"rendered":"<h2 class=\"wp-block-heading\">Memphis Depay still hasn&#8217;t resolved his future with FC Barcelona and the last to criticize his poor performance was Ruud Gullit. The Dutch legend, European champion with the &#8216;Orange&#8217; in 1988, believes that the striker must &#8220;reinvent himself&#8221;<\/h2>  \r\n<div class=\"article-addons\">\r\n    <a href=\"https:\/\/www.fcbarcelonanoticias.com\/en\/calendar-fc-barcelona.html\"\r\n       target=\"_self\"\r\n       title=\"Calendar of FC Barcelona\"\r\n       class=\"blue-gredient-btn\">\r\n       \r\n        Calendar of FC Barcelona    <\/a>\r\n<\/div>   <p>The suffered victory of the FC Barcelona in front of the Intercity by <a data-external=\"0\" data-intl-links-en=\"https:\/\/www.fcbarcelonanoticias.com\/en\/copa-del-rey\/like-this-they-have-remained-defined-the-crosses-of-eighth-of-final_288392_102.html\" data-intl-links-es=\"https:\/\/www.fcbarcelonanoticias.com\/copa-del-rey\/han-quedado-definidos-cruces-octavos-final-copa-rey_288392_102.html\" href=\"https:\/\/www.fcbarcelonanoticias.com\/en\/copa-del-rey\/like-this-they-have-remained-defined-the-crosses-of-eighth-of-final_288392_102.html\" rel=\"follow\" target=\"_self\" title=\"As\u00ed han quedado definidos los cruces de octavos de final de la Copa del Rey\">Glass of Rey<\/a> (3-4) represented a new stray opportunity for Memphis Depay. <strong>The forward played 75 minutes in which it contributed really little in Alicante and, in full wintry market, his future is still in the &#8216;air&#8217;<\/strong> and harvesting multiple critical. The last in loading against the one of Moordrecht was his compatriot Ruud Gullit, legend of the Dutch selection and the AC Milan.<\/p>  <p>For the ex player tulip, the main problem of Memphis in the Bar\u00e7a has been his inability to &#8220;reinvent &#8221; and look for accommodate elsewhere of the attack, mainly after the arrival of Robert Lewandowski in summer. &#8220;<strong>To play in this Bar\u00e7a has to reinvent in another offensive position because, of the contrary, will have it very complicated with Lewandowski forward&#8221;<\/strong>, explained Gullit.<\/p>  <p>With his apparition the Wednesday, <strong>Depay great 206 minutes of action in the 2022\/23 with the ones of <a data-external=\"0\" data-intl-links-en=\"https:\/\/www.fcbarcelonanoticias.com\/en\/laliga\/xavi-gets-wet-over-rival-in-cup-throws-clear-dart-madridismo_288391_102.html\" data-intl-links-es=\"https:\/\/www.fcbarcelonanoticias.com\/laliga\/xavi-se-moja-sobre-rival-copa-lanza-claro-dardo-madridismo_288391_102.html\" href=\"https:\/\/www.fcbarcelonanoticias.com\/en\/laliga\/xavi-gets-wet-over-rival-in-cup-throws-clear-dart-madridismo_288391_102.html\" rel=\"follow\" target=\"_self\" title=\"Xavi se 'moja' sobre el rival de Copa y lanza un claro 'dardo' al madridismo\">Xavi Hern\u00e1ndez<\/a>. A goal in League has been his only contribution<\/strong> in a season in which it was a pair of months went by an injury in the biceps femoral of the left thigh that almost leaves him out of the World-wide. In Qatar converted a goal in five parties, showing an irregular level in the pair of orange attack beside Cody Gakpo.<\/p>  <p>In this sense, Ruud was very hard against his compatriot. <strong>&#8220;It is Memphis a player of world-wide size? It can be it. In the Lyon showed that yes that it can be it, but also is necessary to remember that in the United fracas\u00f3 and that now is him sucediendo this in the Bar\u00e7a. I think that he same thinks that it is a player of world-wide size, but this also is necessary to show it in the field&#8221;<\/strong>, sentenced the ex player of the Milan.<\/p>  <h3>Gullit tamibi\u00e9n Criticised to Xavi by the &#8216;case Depay&#8217;<\/h3>  <p>On the other hand, Gullit also criticised the fault of minutes for his compatriot, the one who was acting in the previous day of League in front of the Espanyol (1-1). <strong>&#8220;Have to <a data-external=\"0\" data-intl-links-en=\"https:\/\/www.fcbarcelonanoticias.com\/en\/laliga\/the-barca-to-the-war-without-robert-lewandowski_288367_102.html\" data-intl-links-es=\"https:\/\/www.fcbarcelonanoticias.com\/laliga\/barcelona-guerra-sin-robert-lewandowski_288367_102.html\" href=\"https:\/\/www.fcbarcelonanoticias.com\/en\/laliga\/the-barca-to-the-war-without-robert-lewandowski_288367_102.html\" rel=\"follow\" target=\"_self\" title=\"El Bar\u00e7a, a la guerra sin Robert Lewandowski\">Lewandowski<\/a> sanctioned and put to Ferran Torres or to other players in the position of forward and to Memphis no. I can not it understand&#8221;<\/strong>, commented Ruud. From January of 2022, to Depay have reduced him the minutes product of the reinforcements fichados by the Bar\u00e7a and his attitude displicente in front of the possibility to look for an exit via traspaso.<\/p> ","protected":false},"excerpt":{"rendered":"<p>Memphis Depay still hasn&#8217;t resolved his future with FC Barcelona and the last to criticize his poor performance was Ruud Gullit. The Dutch legend, European champion with the &#8216;Orange&#8217; in 1988, believes that the striker must &#8220;reinvent himself&#8221; The suffered victory of the FC Barcelona in front of the Intercity by Glass of Rey (3-4) [&hellip;]<\/p>\n","protected":false},"author":347,"featured_media":121424,"comment_status":"closed","ping_status":"open","sticky":false,"template":"","format":"standard","meta":{"_acf_changed":false,"inline_featured_image":false,"_nextfly_llmd_date_locked":false,"footnotes":""},"categories":[453,107],"tags":[142],"class_list":["post-121420","post","type-post","status-publish","format-standard","has-post-thumbnail","hentry","category-players-2","category-players","tag-memphis-depay"],"acf":[],"yoast_head":"<!-- This site is optimized with the Yoast SEO plugin v27.3 - https:\/\/yoast.com\/product\/yoast-seo-wordpress\/ -->\n<title>A Dutch legend charges against Memphis for his attitude at Bar\u00e7a<\/title>\n<meta name=\"description\" content=\"Memphis Depay Follows without resolving his future with the FC Barcelona and the last in criticising his lojo performance was Ruud Gullit. The Dutch legend, champion d...\" \/>\n<meta name=\"robots\" content=\"index, follow, max-snippet:-1, max-image-preview:large, max-video-preview:-1\" \/>\n<link rel=\"canonical\" href=\"https:\/\/www.fcbarcelonanoticias.com\/en\/players\/dutch-legend-load-against-memphis-by-his-actit_288400_102.html\" \/>\n<meta property=\"og:locale\" content=\"en_US\" \/>\n<meta property=\"og:type\" content=\"article\" \/>\n<meta property=\"og:title\" content=\"A Dutch legend charges against Memphis for his attitude at Bar\u00e7a\" \/>\n<meta property=\"og:description\" content=\"Memphis Depay Follows without resolving his future with the FC Barcelona and the last in criticising his lojo performance was Ruud Gullit. The Dutch legend, champion d...\" \/>\n<meta property=\"og:url\" content=\"https:\/\/www.fcbarcelonanoticias.com\/en\/players\/dutch-legend-load-against-memphis-by-his-actit_288400_102.html\" \/>\n<meta property=\"og:site_name\" content=\"EN - FC Barcelona Noticias\" \/>\n<meta property=\"article:published_time\" content=\"2023-01-07T16:50:00+00:00\" \/>\n<meta property=\"og:image\" content=\"https:\/\/www.fcbarcelonanoticias.com\/en\/wp-content\/uploads\/sites\/2\/2023\/01\/memphis-depay-v-intercity-2.jpeg\" \/>\n\t<meta property=\"og:image:width\" content=\"1300\" \/>\n\t<meta property=\"og:image:height\" content=\"732\" \/>\n\t<meta property=\"og:image:type\" content=\"image\/jpeg\" \/>\n<meta name=\"author\" content=\"Andr\u00e9s Quiroz\" \/>\n<meta name=\"twitter:card\" content=\"summary_large_image\" \/>\n<meta name=\"twitter:label1\" content=\"Written by\" \/>\n\t<meta name=\"twitter:data1\" content=\"Andr\u00e9s Quiroz\" \/>\n\t<meta name=\"twitter:label2\" content=\"Est. reading time\" \/>\n\t<meta name=\"twitter:data2\" content=\"2 minutes\" \/>\n<script type=\"application\/ld+json\" class=\"yoast-schema-graph\">{\"@context\":\"https:\\\/\\\/schema.org\",\"@graph\":[{\"@type\":\"Article\",\"@id\":\"https:\\\/\\\/www.fcbarcelonanoticias.com\\\/en\\\/players\\\/dutch-legend-load-against-memphis-by-his-actit_288400_102.html#article\",\"isPartOf\":{\"@id\":\"https:\\\/\\\/www.fcbarcelonanoticias.com\\\/en\\\/players\\\/dutch-legend-load-against-memphis-by-his-actit_288400_102.html\"},\"author\":{\"name\":\"Andr\u00e9s Quiroz\",\"@id\":\"https:\\\/\\\/www.fcbarcelonanoticias.com\\\/en\\\/#\\\/schema\\\/person\\\/c2cd9f6fa1af5c0d0eccd0fefa575c88\"},\"headline\":\"A Dutch legend charges against Memphis for his attitude at Bar\u00e7a\",\"datePublished\":\"2023-01-07T16:50:00+00:00\",\"mainEntityOfPage\":{\"@id\":\"https:\\\/\\\/www.fcbarcelonanoticias.com\\\/en\\\/players\\\/dutch-legend-load-against-memphis-by-his-actit_288400_102.html\"},\"wordCount\":462,\"image\":{\"@id\":\"https:\\\/\\\/www.fcbarcelonanoticias.com\\\/en\\\/players\\\/dutch-legend-load-against-memphis-by-his-actit_288400_102.html#primaryimage\"},\"thumbnailUrl\":\"https:\\\/\\\/www.fcbarcelonanoticias.com\\\/en\\\/wp-content\\\/uploads\\\/sites\\\/2\\\/2023\\\/01\\\/memphis-depay-v-intercity-2.jpeg\",\"keywords\":[\"Memphis Depay\"],\"articleSection\":[\"Players\",\"Players\"],\"inLanguage\":\"en-US\"},{\"@type\":\"WebPage\",\"@id\":\"https:\\\/\\\/www.fcbarcelonanoticias.com\\\/en\\\/players\\\/dutch-legend-load-against-memphis-by-his-actit_288400_102.html\",\"url\":\"https:\\\/\\\/www.fcbarcelonanoticias.com\\\/en\\\/players\\\/dutch-legend-load-against-memphis-by-his-actit_288400_102.html\",\"name\":\"A Dutch legend charges against Memphis for his attitude at Bar\u00e7a\",\"isPartOf\":{\"@id\":\"https:\\\/\\\/www.fcbarcelonanoticias.com\\\/en\\\/#website\"},\"primaryImageOfPage\":{\"@id\":\"https:\\\/\\\/www.fcbarcelonanoticias.com\\\/en\\\/players\\\/dutch-legend-load-against-memphis-by-his-actit_288400_102.html#primaryimage\"},\"image\":{\"@id\":\"https:\\\/\\\/www.fcbarcelonanoticias.com\\\/en\\\/players\\\/dutch-legend-load-against-memphis-by-his-actit_288400_102.html#primaryimage\"},\"thumbnailUrl\":\"https:\\\/\\\/www.fcbarcelonanoticias.com\\\/en\\\/wp-content\\\/uploads\\\/sites\\\/2\\\/2023\\\/01\\\/memphis-depay-v-intercity-2.jpeg\",\"datePublished\":\"2023-01-07T16:50:00+00:00\",\"author\":{\"@id\":\"https:\\\/\\\/www.fcbarcelonanoticias.com\\\/en\\\/#\\\/schema\\\/person\\\/c2cd9f6fa1af5c0d0eccd0fefa575c88\"},\"description\":\"Memphis Depay Follows without resolving his future with the FC Barcelona and the last in criticising his lojo performance was Ruud Gullit. The Dutch legend, champion d...\",\"breadcrumb\":{\"@id\":\"https:\\\/\\\/www.fcbarcelonanoticias.com\\\/en\\\/players\\\/dutch-legend-load-against-memphis-by-his-actit_288400_102.html#breadcrumb\"},\"inLanguage\":\"en-US\",\"potentialAction\":[{\"@type\":\"ReadAction\",\"target\":[\"https:\\\/\\\/www.fcbarcelonanoticias.com\\\/en\\\/players\\\/dutch-legend-load-against-memphis-by-his-actit_288400_102.html\"]}]},{\"@type\":\"ImageObject\",\"inLanguage\":\"en-US\",\"@id\":\"https:\\\/\\\/www.fcbarcelonanoticias.com\\\/en\\\/players\\\/dutch-legend-load-against-memphis-by-his-actit_288400_102.html#primaryimage\",\"url\":\"https:\\\/\\\/www.fcbarcelonanoticias.com\\\/en\\\/wp-content\\\/uploads\\\/sites\\\/2\\\/2023\\\/01\\\/memphis-depay-v-intercity-2.jpeg\",\"contentUrl\":\"https:\\\/\\\/www.fcbarcelonanoticias.com\\\/en\\\/wp-content\\\/uploads\\\/sites\\\/2\\\/2023\\\/01\\\/memphis-depay-v-intercity-2.jpeg\",\"width\":1300,\"height\":732},{\"@type\":\"BreadcrumbList\",\"@id\":\"https:\\\/\\\/www.fcbarcelonanoticias.com\\\/en\\\/players\\\/dutch-legend-load-against-memphis-by-his-actit_288400_102.html#breadcrumb\",\"itemListElement\":[{\"@type\":\"ListItem\",\"position\":1,\"name\":\"Portada\",\"item\":\"https:\\\/\\\/www.fcbarcelonanoticias.com\\\/en\\\/\"},{\"@type\":\"ListItem\",\"position\":2,\"name\":\"A Dutch legend charges against Memphis for his attitude at Bar\u00e7a\"}]},{\"@type\":\"WebSite\",\"@id\":\"https:\\\/\\\/www.fcbarcelonanoticias.com\\\/en\\\/#website\",\"url\":\"https:\\\/\\\/www.fcbarcelonanoticias.com\\\/en\\\/\",\"name\":\"EN - FC Barcelona Noticias\",\"description\":\"\",\"potentialAction\":[{\"@type\":\"SearchAction\",\"target\":{\"@type\":\"EntryPoint\",\"urlTemplate\":\"https:\\\/\\\/www.fcbarcelonanoticias.com\\\/en\\\/?s={search_term_string}\"},\"query-input\":{\"@type\":\"PropertyValueSpecification\",\"valueRequired\":true,\"valueName\":\"search_term_string\"}}],\"inLanguage\":\"en-US\"},{\"@type\":\"Person\",\"@id\":\"https:\\\/\\\/www.fcbarcelonanoticias.com\\\/en\\\/#\\\/schema\\\/person\\\/c2cd9f6fa1af5c0d0eccd0fefa575c88\",\"name\":\"Andr\u00e9s Quiroz\",\"image\":{\"@type\":\"ImageObject\",\"inLanguage\":\"en-US\",\"@id\":\"https:\\\/\\\/secure.gravatar.com\\\/avatar\\\/?s=96&d=mm&r=g\",\"url\":\"https:\\\/\\\/secure.gravatar.com\\\/avatar\\\/?s=96&d=mm&r=g\",\"contentUrl\":\"https:\\\/\\\/secure.gravatar.com\\\/avatar\\\/?s=96&d=mm&r=g\",\"caption\":\"Andr\u00e9s Quiroz\"},\"description\":\"Licenciado en Periodismo por la Universidad de los Andes. Me encargo de analizar y compartir los contenidos m\u00e1s destacados de la\u00a0actualidad del F\u00fatbol Club Barcelona, Mercado de Fichajes y F\u00fatbol Internacional en FCBN. La informaci\u00f3n es poder, pero tambi\u00e9n conocimiento.\",\"url\":\"https:\\\/\\\/www.fcbarcelonanoticias.com\\\/en\\\/fc-barcelona\\\/andres-quiroz_17_115.html\"}]}<\/script>\n<!-- \/ Yoast SEO plugin. -->","yoast_head_json":{"title":"A Dutch legend charges against Memphis for his attitude at Bar\u00e7a","description":"Memphis Depay Follows without resolving his future with the FC Barcelona and the last in criticising his lojo performance was Ruud Gullit. The Dutch legend, champion d...","robots":{"index":"index","follow":"follow","max-snippet":"max-snippet:-1","max-image-preview":"max-image-preview:large","max-video-preview":"max-video-preview:-1"},"canonical":"https:\/\/www.fcbarcelonanoticias.com\/en\/players\/dutch-legend-load-against-memphis-by-his-actit_288400_102.html","og_locale":"en_US","og_type":"article","og_title":"A Dutch legend charges against Memphis for his attitude at Bar\u00e7a","og_description":"Memphis Depay Follows without resolving his future with the FC Barcelona and the last in criticising his lojo performance was Ruud Gullit. The Dutch legend, champion d...","og_url":"https:\/\/www.fcbarcelonanoticias.com\/en\/players\/dutch-legend-load-against-memphis-by-his-actit_288400_102.html","og_site_name":"EN - FC Barcelona Noticias","article_published_time":"2023-01-07T16:50:00+00:00","og_image":[{"width":1300,"height":732,"url":"https:\/\/www.fcbarcelonanoticias.com\/en\/wp-content\/uploads\/sites\/2\/2023\/01\/memphis-depay-v-intercity-2.jpeg","type":"image\/jpeg"}],"author":"Andr\u00e9s Quiroz","twitter_card":"summary_large_image","twitter_misc":{"Written by":"Andr\u00e9s Quiroz","Est. reading time":"2 minutes"},"schema":{"@context":"https:\/\/schema.org","@graph":[{"@type":"Article","@id":"https:\/\/www.fcbarcelonanoticias.com\/en\/players\/dutch-legend-load-against-memphis-by-his-actit_288400_102.html#article","isPartOf":{"@id":"https:\/\/www.fcbarcelonanoticias.com\/en\/players\/dutch-legend-load-against-memphis-by-his-actit_288400_102.html"},"author":{"name":"Andr\u00e9s Quiroz","@id":"https:\/\/www.fcbarcelonanoticias.com\/en\/#\/schema\/person\/c2cd9f6fa1af5c0d0eccd0fefa575c88"},"headline":"A Dutch legend charges against Memphis for his attitude at Bar\u00e7a","datePublished":"2023-01-07T16:50:00+00:00","mainEntityOfPage":{"@id":"https:\/\/www.fcbarcelonanoticias.com\/en\/players\/dutch-legend-load-against-memphis-by-his-actit_288400_102.html"},"wordCount":462,"image":{"@id":"https:\/\/www.fcbarcelonanoticias.com\/en\/players\/dutch-legend-load-against-memphis-by-his-actit_288400_102.html#primaryimage"},"thumbnailUrl":"https:\/\/www.fcbarcelonanoticias.com\/en\/wp-content\/uploads\/sites\/2\/2023\/01\/memphis-depay-v-intercity-2.jpeg","keywords":["Memphis Depay"],"articleSection":["Players","Players"],"inLanguage":"en-US"},{"@type":"WebPage","@id":"https:\/\/www.fcbarcelonanoticias.com\/en\/players\/dutch-legend-load-against-memphis-by-his-actit_288400_102.html","url":"https:\/\/www.fcbarcelonanoticias.com\/en\/players\/dutch-legend-load-against-memphis-by-his-actit_288400_102.html","name":"A Dutch legend charges against Memphis for his attitude at Bar\u00e7a","isPartOf":{"@id":"https:\/\/www.fcbarcelonanoticias.com\/en\/#website"},"primaryImageOfPage":{"@id":"https:\/\/www.fcbarcelonanoticias.com\/en\/players\/dutch-legend-load-against-memphis-by-his-actit_288400_102.html#primaryimage"},"image":{"@id":"https:\/\/www.fcbarcelonanoticias.com\/en\/players\/dutch-legend-load-against-memphis-by-his-actit_288400_102.html#primaryimage"},"thumbnailUrl":"https:\/\/www.fcbarcelonanoticias.com\/en\/wp-content\/uploads\/sites\/2\/2023\/01\/memphis-depay-v-intercity-2.jpeg","datePublished":"2023-01-07T16:50:00+00:00","author":{"@id":"https:\/\/www.fcbarcelonanoticias.com\/en\/#\/schema\/person\/c2cd9f6fa1af5c0d0eccd0fefa575c88"},"description":"Memphis Depay Follows without resolving his future with the FC Barcelona and the last in criticising his lojo performance was Ruud Gullit. The Dutch legend, champion d...","breadcrumb":{"@id":"https:\/\/www.fcbarcelonanoticias.com\/en\/players\/dutch-legend-load-against-memphis-by-his-actit_288400_102.html#breadcrumb"},"inLanguage":"en-US","potentialAction":[{"@type":"ReadAction","target":["https:\/\/www.fcbarcelonanoticias.com\/en\/players\/dutch-legend-load-against-memphis-by-his-actit_288400_102.html"]}]},{"@type":"ImageObject","inLanguage":"en-US","@id":"https:\/\/www.fcbarcelonanoticias.com\/en\/players\/dutch-legend-load-against-memphis-by-his-actit_288400_102.html#primaryimage","url":"https:\/\/www.fcbarcelonanoticias.com\/en\/wp-content\/uploads\/sites\/2\/2023\/01\/memphis-depay-v-intercity-2.jpeg","contentUrl":"https:\/\/www.fcbarcelonanoticias.com\/en\/wp-content\/uploads\/sites\/2\/2023\/01\/memphis-depay-v-intercity-2.jpeg","width":1300,"height":732},{"@type":"BreadcrumbList","@id":"https:\/\/www.fcbarcelonanoticias.com\/en\/players\/dutch-legend-load-against-memphis-by-his-actit_288400_102.html#breadcrumb","itemListElement":[{"@type":"ListItem","position":1,"name":"Portada","item":"https:\/\/www.fcbarcelonanoticias.com\/en\/"},{"@type":"ListItem","position":2,"name":"A Dutch legend charges against Memphis for his attitude at Bar\u00e7a"}]},{"@type":"WebSite","@id":"https:\/\/www.fcbarcelonanoticias.com\/en\/#website","url":"https:\/\/www.fcbarcelonanoticias.com\/en\/","name":"EN - FC Barcelona Noticias","description":"","potentialAction":[{"@type":"SearchAction","target":{"@type":"EntryPoint","urlTemplate":"https:\/\/www.fcbarcelonanoticias.com\/en\/?s={search_term_string}"},"query-input":{"@type":"PropertyValueSpecification","valueRequired":true,"valueName":"search_term_string"}}],"inLanguage":"en-US"},{"@type":"Person","@id":"https:\/\/www.fcbarcelonanoticias.com\/en\/#\/schema\/person\/c2cd9f6fa1af5c0d0eccd0fefa575c88","name":"Andr\u00e9s Quiroz","image":{"@type":"ImageObject","inLanguage":"en-US","@id":"https:\/\/secure.gravatar.com\/avatar\/?s=96&d=mm&r=g","url":"https:\/\/secure.gravatar.com\/avatar\/?s=96&d=mm&r=g","contentUrl":"https:\/\/secure.gravatar.com\/avatar\/?s=96&d=mm&r=g","caption":"Andr\u00e9s Quiroz"},"description":"Licenciado en Periodismo por la Universidad de los Andes. Me encargo de analizar y compartir los contenidos m\u00e1s destacados de la\u00a0actualidad del F\u00fatbol Club Barcelona, Mercado de Fichajes y F\u00fatbol Internacional en FCBN. La informaci\u00f3n es poder, pero tambi\u00e9n conocimiento.","url":"https:\/\/www.fcbarcelonanoticias.com\/en\/fc-barcelona\/andres-quiroz_17_115.html"}]}},"_links":{"self":[{"href":"https:\/\/www.fcbarcelonanoticias.com\/en\/wp-json\/wp\/v2\/posts\/121420","targetHints":{"allow":["GET"]}}],"collection":[{"href":"https:\/\/www.fcbarcelonanoticias.com\/en\/wp-json\/wp\/v2\/posts"}],"about":[{"href":"https:\/\/www.fcbarcelonanoticias.com\/en\/wp-json\/wp\/v2\/types\/post"}],"author":[{"embeddable":true,"href":"https:\/\/www.fcbarcelonanoticias.com\/en\/wp-json\/wp\/v2\/users\/347"}],"replies":[{"embeddable":true,"href":"https:\/\/www.fcbarcelonanoticias.com\/en\/wp-json\/wp\/v2\/comments?post=121420"}],"version-history":[{"count":1,"href":"https:\/\/www.fcbarcelonanoticias.com\/en\/wp-json\/wp\/v2\/posts\/121420\/revisions"}],"predecessor-version":[{"id":150615,"href":"https:\/\/www.fcbarcelonanoticias.com\/en\/wp-json\/wp\/v2\/posts\/121420\/revisions\/150615"}],"wp:featuredmedia":[{"embeddable":true,"href":"https:\/\/www.fcbarcelonanoticias.com\/en\/wp-json\/wp\/v2\/media\/121424"}],"wp:attachment":[{"href":"https:\/\/www.fcbarcelonanoticias.com\/en\/wp-json\/wp\/v2\/media?parent=121420"}],"wp:term":[{"taxonomy":"category","embeddable":true,"href":"https:\/\/www.fcbarcelonanoticias.com\/en\/wp-json\/wp\/v2\/categories?post=121420"},{"taxonomy":"post_tag","embeddable":true,"href":"https:\/\/www.fcbarcelonanoticias.com\/en\/wp-json\/wp\/v2\/tags?post=121420"}],"curies":[{"name":"wp","href":"https:\/\/api.w.org\/{rel}","templated":true}]}}