{"id":122861,"date":"2020-05-15T16:49:00","date_gmt":"2020-05-15T14:49:00","guid":{"rendered":"https:\/\/weisetech.dev\/fc-barcelona-noticias\/en\/luis-suarez-miramontes-criticises-arthur-to-defend-la-masia_257722_102\/"},"modified":"2020-05-15T16:50:00","modified_gmt":"2020-05-15T14:50:00","slug":"luis-suarez-miramontes-criticises-arthur-to-defend-la-masia_257722_102","status":"publish","type":"post","link":"https:\/\/www.fcbarcelonanoticias.com\/en\/players\/luis-suarez-miramontes-criticises-arthur-to-defend-la-masia_257722_102.html","title":{"rendered":"Luis Su\u00e1rez Miramontes criticises Arthur to defend la Masia"},"content":{"rendered":"<h2 class=\"wp-block-heading\">The debate about Arthur&#8217;s future is still open, and there are people who do not see his continuity at Bar\u00e7a clearly. Luis Su\u00e1rez Miramontes has harshly criticized the brazilian to defend the Masia, using Carles Ale\u00f1\u00e1 as an example<\/h2>  \r\n<div class=\"article-addons\">\r\n    <a href=\"https:\/\/www.fcbarcelonanoticias.com\/en\/calendar-fc-barcelona.html\"\r\n       target=\"_self\"\r\n       title=\"Calendar of FC Barcelona\"\r\n       class=\"blue-gredient-btn\">\r\n       \r\n        Calendar of FC Barcelona    <\/a>\r\n<\/div>   <p><strong>Everything aimed to that would live a calm summer, but Arthur has turned into protagonist of the market <a data-external=\"0\" data-intl-links-en=\"https:\/\/www.fcbarcelonanoticias.com\/en\/transfers\" data-intl-links-es=\"https:\/\/www.fcbarcelonanoticias.com\/fichajes\" href=\"https:\/\/www.fcbarcelonanoticias.com\/en\/fc-barcelona\/transfers.html\" rel=\"follow\" target=\"_self\" title=\"Fichajes\">of signings<\/a> of the FC Barcelona<\/strong>. In spite of that the youngster has recalcado by active and by passive that does not have thought to change of airs, the club has not pronounced with the same rotundity, because Juventus and Inter of Milan want him and have made generous offers of exchange in which they pretend to include him.<\/p>  <p>On the debate that has opened with regard to his continuity has &#8216;wetted&#8217; <strong>Luis Su\u00e1rez Miramontes<\/strong>, ex of the Barcelona groups and &#8216;nerazzurri&#8217;, that has answered to those that understand that it has to be key piece of the project. The Galician considers that for this, has to show much more: &#8220;<strong>Arthur up to now has not done at all. It could not have done <a data-external=\"0\" data-intl-links-en=\"https:\/\/www.fcbarcelonanoticias.com\/en\/tags\/alena\" data-intl-links-es=\"https:\/\/www.fcbarcelonanoticias.com\/tags\/alena\" href=\"https:\/\/www.fcbarcelonanoticias.com\/en\/tags\/alena.html\" rel=\"follow\" target=\"_self\" title=\"Ale\u00f1\u00e1\">Ale\u00f1\u00e1<\/a> the same? If a player comes of out, has to play to a high level<\/strong>&#8220;.<\/p>  <p>&#8220;<strong>When they speak here in Italy of Arthur, seems that they are selling to Peeled. They do not have to have it seen<\/strong>&#8220;, has added in an intervention in the program &#8216;Qu\u00e8 T&#8217;hi Jugues&#8217; of the &#8216;Chain BE&#8217;. The ex player defends to the Masia and ensures that it does not comprise to which back to the of Goiania neither neither the interest of piamonteses and lombardos, that pretend that it go in in operations like the one of Miralem Pjanic or Lautaro Mart\u00ednez.<\/p>  <p>&#8220;When it has put a goal has celebrated it so much that seems that it has put 18. <strong>Sometimes fichan players by the fact to be Brazilian and for being Brazilian do not play well<\/strong>&#8220;, has insisted, warning that it does not have at all against of the ex of the Guild of Carry Cheerful and that asks him pardon by his reflection. The true is that it does not have escatimado in criticisms, although it has underlined that it would not have problem if it had to to withdraw them all.<\/p>  <p><strong>The one who went Balloon of Gold has showed his disposal to back if the midfield player explodes deportivamente and does him change of opinion<\/strong>, something that would be loved to accept. &#8220;As I will say that Arthur is not Arthur of before&#8221;, has manifested when it has been questioned in this regard, keeping a warning that will remain for the rest of the season. The youngster already knows that in the City Condal no only has supports.<\/p>  <h3>The Bar\u00e7a expects more than Arthur<\/h3>  <p><strong>Although his style is ideal for the team and his youth gives him some margin of reaction, the Bar\u00e7a expects that <a data-external=\"0\" data-intl-links-en=\"https:\/\/www.fcbarcelonanoticias.com\/en\/tags\/arthur\" data-intl-links-es=\"https:\/\/www.fcbarcelonanoticias.com\/tags\/arthur\" href=\"https:\/\/www.fcbarcelonanoticias.com\/en\/tags\/arthur.html\" rel=\"follow\" target=\"_self\" title=\"Arthur\">Arthur<\/a> step advance<\/strong>. By qualities and potential, has all the necessary to triumph as Barcelona like specific successor of Xavi Hern\u00e1ndez, but will have to follow hammering to improve to physical level and add a regularity that has been missing him since it arrived. In the meantime, it will have to accustom to coexist with the praises of those that think that this is his place and the criticisms of which, as Luis Su\u00e1rez, demand him more.<\/p> ","protected":false},"excerpt":{"rendered":"<p>The debate about Arthur&#8217;s future is still open, and there are people who do not see his continuity at Bar\u00e7a clearly. Luis Su\u00e1rez Miramontes has harshly criticized the brazilian to defend the Masia, using Carles Ale\u00f1\u00e1 as an example Everything aimed to that would live a calm summer, but Arthur has turned into protagonist of [&hellip;]<\/p>\n","protected":false},"author":392,"featured_media":122863,"comment_status":"closed","ping_status":"open","sticky":false,"template":"","format":"standard","meta":{"_acf_changed":false,"inline_featured_image":false,"_nextfly_llmd_date_locked":false,"footnotes":""},"categories":[453,107],"tags":[296,192],"class_list":["post-122861","post","type-post","status-publish","format-standard","has-post-thumbnail","hentry","category-players-2","category-players","tag-alena","tag-arthur"],"acf":[],"yoast_head":"<!-- This site is optimized with the Yoast SEO plugin v27.3 - https:\/\/yoast.com\/product\/yoast-seo-wordpress\/ -->\n<title>Luis Su\u00e1rez Miramontes criticises Arthur to defend la Masia<\/title>\n<meta name=\"description\" content=\"The debate on the future of Arthur follows open, and there is the one who does not see clear his continuity in the Bar\u00e7a. Luis Su\u00e1rez Miramontes has criticised duramente to the brasi...\" \/>\n<meta name=\"robots\" content=\"index, follow, max-snippet:-1, max-image-preview:large, max-video-preview:-1\" \/>\n<link rel=\"canonical\" href=\"https:\/\/www.fcbarcelonanoticias.com\/en\/players\/luis-suarez-miramontes-criticises-arthur-to-defend-la-masia_257722_102.html\" \/>\n<meta property=\"og:locale\" content=\"en_US\" \/>\n<meta property=\"og:type\" content=\"article\" \/>\n<meta property=\"og:title\" content=\"Luis Su\u00e1rez Miramontes criticises Arthur to defend la Masia\" \/>\n<meta property=\"og:description\" content=\"The debate on the future of Arthur follows open, and there is the one who does not see clear his continuity in the Bar\u00e7a. Luis Su\u00e1rez Miramontes has criticised duramente to the brasi...\" \/>\n<meta property=\"og:url\" content=\"https:\/\/www.fcbarcelonanoticias.com\/en\/players\/luis-suarez-miramontes-criticises-arthur-to-defend-la-masia_257722_102.html\" \/>\n<meta property=\"og:site_name\" content=\"EN - FC Barcelona Noticias\" \/>\n<meta property=\"article:published_time\" content=\"2020-05-15T14:49:00+00:00\" \/>\n<meta property=\"article:modified_time\" content=\"2020-05-15T14:50:00+00:00\" \/>\n<meta property=\"og:image\" content=\"https:\/\/www.fcbarcelonanoticias.com\/en\/wp-content\/uploads\/sites\/2\/2020\/05\/arthur-entrenamiento7-1.jpeg\" \/>\n\t<meta property=\"og:image:width\" content=\"1200\" \/>\n\t<meta property=\"og:image:height\" content=\"675\" \/>\n\t<meta property=\"og:image:type\" content=\"image\/jpeg\" \/>\n<meta name=\"author\" content=\"user_4048\" \/>\n<meta name=\"twitter:card\" content=\"summary_large_image\" \/>\n<meta name=\"twitter:label1\" content=\"Written by\" \/>\n\t<meta name=\"twitter:data1\" content=\"user_4048\" \/>\n\t<meta name=\"twitter:label2\" content=\"Est. reading time\" \/>\n\t<meta name=\"twitter:data2\" content=\"3 minutes\" \/>\n<script type=\"application\/ld+json\" class=\"yoast-schema-graph\">{\"@context\":\"https:\\\/\\\/schema.org\",\"@graph\":[{\"@type\":\"Article\",\"@id\":\"https:\\\/\\\/www.fcbarcelonanoticias.com\\\/en\\\/players\\\/luis-suarez-miramontes-criticises-arthur-to-defend-la-masia_257722_102.html#article\",\"isPartOf\":{\"@id\":\"https:\\\/\\\/www.fcbarcelonanoticias.com\\\/en\\\/players\\\/luis-suarez-miramontes-criticises-arthur-to-defend-la-masia_257722_102.html\"},\"author\":{\"name\":\"user_4048\",\"@id\":\"https:\\\/\\\/www.fcbarcelonanoticias.com\\\/en\\\/#\\\/schema\\\/person\\\/fcdad55cab72b8d0e106d75506783b6d\"},\"headline\":\"Luis Su\u00e1rez Miramontes criticises Arthur to defend la Masia\",\"datePublished\":\"2020-05-15T14:49:00+00:00\",\"dateModified\":\"2020-05-15T14:50:00+00:00\",\"mainEntityOfPage\":{\"@id\":\"https:\\\/\\\/www.fcbarcelonanoticias.com\\\/en\\\/players\\\/luis-suarez-miramontes-criticises-arthur-to-defend-la-masia_257722_102.html\"},\"wordCount\":574,\"image\":{\"@id\":\"https:\\\/\\\/www.fcbarcelonanoticias.com\\\/en\\\/players\\\/luis-suarez-miramontes-criticises-arthur-to-defend-la-masia_257722_102.html#primaryimage\"},\"thumbnailUrl\":\"https:\\\/\\\/www.fcbarcelonanoticias.com\\\/en\\\/wp-content\\\/uploads\\\/sites\\\/2\\\/2020\\\/05\\\/arthur-entrenamiento7-1.jpeg\",\"keywords\":[\"Ale\u00f1\u00e1\",\"Arthur\"],\"articleSection\":[\"Players\",\"Players\"],\"inLanguage\":\"en-US\"},{\"@type\":\"WebPage\",\"@id\":\"https:\\\/\\\/www.fcbarcelonanoticias.com\\\/en\\\/players\\\/luis-suarez-miramontes-criticises-arthur-to-defend-la-masia_257722_102.html\",\"url\":\"https:\\\/\\\/www.fcbarcelonanoticias.com\\\/en\\\/players\\\/luis-suarez-miramontes-criticises-arthur-to-defend-la-masia_257722_102.html\",\"name\":\"Luis Su\u00e1rez Miramontes criticises Arthur to defend la Masia\",\"isPartOf\":{\"@id\":\"https:\\\/\\\/www.fcbarcelonanoticias.com\\\/en\\\/#website\"},\"primaryImageOfPage\":{\"@id\":\"https:\\\/\\\/www.fcbarcelonanoticias.com\\\/en\\\/players\\\/luis-suarez-miramontes-criticises-arthur-to-defend-la-masia_257722_102.html#primaryimage\"},\"image\":{\"@id\":\"https:\\\/\\\/www.fcbarcelonanoticias.com\\\/en\\\/players\\\/luis-suarez-miramontes-criticises-arthur-to-defend-la-masia_257722_102.html#primaryimage\"},\"thumbnailUrl\":\"https:\\\/\\\/www.fcbarcelonanoticias.com\\\/en\\\/wp-content\\\/uploads\\\/sites\\\/2\\\/2020\\\/05\\\/arthur-entrenamiento7-1.jpeg\",\"datePublished\":\"2020-05-15T14:49:00+00:00\",\"dateModified\":\"2020-05-15T14:50:00+00:00\",\"author\":{\"@id\":\"https:\\\/\\\/www.fcbarcelonanoticias.com\\\/en\\\/#\\\/schema\\\/person\\\/fcdad55cab72b8d0e106d75506783b6d\"},\"description\":\"The debate on the future of Arthur follows open, and there is the one who does not see clear his continuity in the Bar\u00e7a. Luis Su\u00e1rez Miramontes has criticised duramente to the brasi...\",\"breadcrumb\":{\"@id\":\"https:\\\/\\\/www.fcbarcelonanoticias.com\\\/en\\\/players\\\/luis-suarez-miramontes-criticises-arthur-to-defend-la-masia_257722_102.html#breadcrumb\"},\"inLanguage\":\"en-US\",\"potentialAction\":[{\"@type\":\"ReadAction\",\"target\":[\"https:\\\/\\\/www.fcbarcelonanoticias.com\\\/en\\\/players\\\/luis-suarez-miramontes-criticises-arthur-to-defend-la-masia_257722_102.html\"]}]},{\"@type\":\"ImageObject\",\"inLanguage\":\"en-US\",\"@id\":\"https:\\\/\\\/www.fcbarcelonanoticias.com\\\/en\\\/players\\\/luis-suarez-miramontes-criticises-arthur-to-defend-la-masia_257722_102.html#primaryimage\",\"url\":\"https:\\\/\\\/www.fcbarcelonanoticias.com\\\/en\\\/wp-content\\\/uploads\\\/sites\\\/2\\\/2020\\\/05\\\/arthur-entrenamiento7-1.jpeg\",\"contentUrl\":\"https:\\\/\\\/www.fcbarcelonanoticias.com\\\/en\\\/wp-content\\\/uploads\\\/sites\\\/2\\\/2020\\\/05\\\/arthur-entrenamiento7-1.jpeg\",\"width\":1200,\"height\":675},{\"@type\":\"BreadcrumbList\",\"@id\":\"https:\\\/\\\/www.fcbarcelonanoticias.com\\\/en\\\/players\\\/luis-suarez-miramontes-criticises-arthur-to-defend-la-masia_257722_102.html#breadcrumb\",\"itemListElement\":[{\"@type\":\"ListItem\",\"position\":1,\"name\":\"Portada\",\"item\":\"https:\\\/\\\/www.fcbarcelonanoticias.com\\\/en\\\/\"},{\"@type\":\"ListItem\",\"position\":2,\"name\":\"Luis Su\u00e1rez Miramontes criticises Arthur to defend la Masia\"}]},{\"@type\":\"WebSite\",\"@id\":\"https:\\\/\\\/www.fcbarcelonanoticias.com\\\/en\\\/#website\",\"url\":\"https:\\\/\\\/www.fcbarcelonanoticias.com\\\/en\\\/\",\"name\":\"EN - FC Barcelona Noticias\",\"description\":\"\",\"potentialAction\":[{\"@type\":\"SearchAction\",\"target\":{\"@type\":\"EntryPoint\",\"urlTemplate\":\"https:\\\/\\\/www.fcbarcelonanoticias.com\\\/en\\\/?s={search_term_string}\"},\"query-input\":{\"@type\":\"PropertyValueSpecification\",\"valueRequired\":true,\"valueName\":\"search_term_string\"}}],\"inLanguage\":\"en-US\"},{\"@type\":\"Person\",\"@id\":\"https:\\\/\\\/www.fcbarcelonanoticias.com\\\/en\\\/#\\\/schema\\\/person\\\/fcdad55cab72b8d0e106d75506783b6d\",\"name\":\"user_4048\",\"image\":{\"@type\":\"ImageObject\",\"inLanguage\":\"en-US\",\"@id\":\"https:\\\/\\\/secure.gravatar.com\\\/avatar\\\/?s=96&d=mm&r=g\",\"url\":\"https:\\\/\\\/secure.gravatar.com\\\/avatar\\\/?s=96&d=mm&r=g\",\"contentUrl\":\"https:\\\/\\\/secure.gravatar.com\\\/avatar\\\/?s=96&d=mm&r=g\",\"caption\":\"user_4048\"},\"url\":\"https:\\\/\\\/www.fcbarcelonanoticias.com\\\/en\\\/user_4048.html\"}]}<\/script>\n<!-- \/ Yoast SEO plugin. -->","yoast_head_json":{"title":"Luis Su\u00e1rez Miramontes criticises Arthur to defend la Masia","description":"The debate on the future of Arthur follows open, and there is the one who does not see clear his continuity in the Bar\u00e7a. Luis Su\u00e1rez Miramontes has criticised duramente to the brasi...","robots":{"index":"index","follow":"follow","max-snippet":"max-snippet:-1","max-image-preview":"max-image-preview:large","max-video-preview":"max-video-preview:-1"},"canonical":"https:\/\/www.fcbarcelonanoticias.com\/en\/players\/luis-suarez-miramontes-criticises-arthur-to-defend-la-masia_257722_102.html","og_locale":"en_US","og_type":"article","og_title":"Luis Su\u00e1rez Miramontes criticises Arthur to defend la Masia","og_description":"The debate on the future of Arthur follows open, and there is the one who does not see clear his continuity in the Bar\u00e7a. Luis Su\u00e1rez Miramontes has criticised duramente to the brasi...","og_url":"https:\/\/www.fcbarcelonanoticias.com\/en\/players\/luis-suarez-miramontes-criticises-arthur-to-defend-la-masia_257722_102.html","og_site_name":"EN - FC Barcelona Noticias","article_published_time":"2020-05-15T14:49:00+00:00","article_modified_time":"2020-05-15T14:50:00+00:00","og_image":[{"width":1200,"height":675,"url":"https:\/\/www.fcbarcelonanoticias.com\/en\/wp-content\/uploads\/sites\/2\/2020\/05\/arthur-entrenamiento7-1.jpeg","type":"image\/jpeg"}],"author":"user_4048","twitter_card":"summary_large_image","twitter_misc":{"Written by":"user_4048","Est. reading time":"3 minutes"},"schema":{"@context":"https:\/\/schema.org","@graph":[{"@type":"Article","@id":"https:\/\/www.fcbarcelonanoticias.com\/en\/players\/luis-suarez-miramontes-criticises-arthur-to-defend-la-masia_257722_102.html#article","isPartOf":{"@id":"https:\/\/www.fcbarcelonanoticias.com\/en\/players\/luis-suarez-miramontes-criticises-arthur-to-defend-la-masia_257722_102.html"},"author":{"name":"user_4048","@id":"https:\/\/www.fcbarcelonanoticias.com\/en\/#\/schema\/person\/fcdad55cab72b8d0e106d75506783b6d"},"headline":"Luis Su\u00e1rez Miramontes criticises Arthur to defend la Masia","datePublished":"2020-05-15T14:49:00+00:00","dateModified":"2020-05-15T14:50:00+00:00","mainEntityOfPage":{"@id":"https:\/\/www.fcbarcelonanoticias.com\/en\/players\/luis-suarez-miramontes-criticises-arthur-to-defend-la-masia_257722_102.html"},"wordCount":574,"image":{"@id":"https:\/\/www.fcbarcelonanoticias.com\/en\/players\/luis-suarez-miramontes-criticises-arthur-to-defend-la-masia_257722_102.html#primaryimage"},"thumbnailUrl":"https:\/\/www.fcbarcelonanoticias.com\/en\/wp-content\/uploads\/sites\/2\/2020\/05\/arthur-entrenamiento7-1.jpeg","keywords":["Ale\u00f1\u00e1","Arthur"],"articleSection":["Players","Players"],"inLanguage":"en-US"},{"@type":"WebPage","@id":"https:\/\/www.fcbarcelonanoticias.com\/en\/players\/luis-suarez-miramontes-criticises-arthur-to-defend-la-masia_257722_102.html","url":"https:\/\/www.fcbarcelonanoticias.com\/en\/players\/luis-suarez-miramontes-criticises-arthur-to-defend-la-masia_257722_102.html","name":"Luis Su\u00e1rez Miramontes criticises Arthur to defend la Masia","isPartOf":{"@id":"https:\/\/www.fcbarcelonanoticias.com\/en\/#website"},"primaryImageOfPage":{"@id":"https:\/\/www.fcbarcelonanoticias.com\/en\/players\/luis-suarez-miramontes-criticises-arthur-to-defend-la-masia_257722_102.html#primaryimage"},"image":{"@id":"https:\/\/www.fcbarcelonanoticias.com\/en\/players\/luis-suarez-miramontes-criticises-arthur-to-defend-la-masia_257722_102.html#primaryimage"},"thumbnailUrl":"https:\/\/www.fcbarcelonanoticias.com\/en\/wp-content\/uploads\/sites\/2\/2020\/05\/arthur-entrenamiento7-1.jpeg","datePublished":"2020-05-15T14:49:00+00:00","dateModified":"2020-05-15T14:50:00+00:00","author":{"@id":"https:\/\/www.fcbarcelonanoticias.com\/en\/#\/schema\/person\/fcdad55cab72b8d0e106d75506783b6d"},"description":"The debate on the future of Arthur follows open, and there is the one who does not see clear his continuity in the Bar\u00e7a. Luis Su\u00e1rez Miramontes has criticised duramente to the brasi...","breadcrumb":{"@id":"https:\/\/www.fcbarcelonanoticias.com\/en\/players\/luis-suarez-miramontes-criticises-arthur-to-defend-la-masia_257722_102.html#breadcrumb"},"inLanguage":"en-US","potentialAction":[{"@type":"ReadAction","target":["https:\/\/www.fcbarcelonanoticias.com\/en\/players\/luis-suarez-miramontes-criticises-arthur-to-defend-la-masia_257722_102.html"]}]},{"@type":"ImageObject","inLanguage":"en-US","@id":"https:\/\/www.fcbarcelonanoticias.com\/en\/players\/luis-suarez-miramontes-criticises-arthur-to-defend-la-masia_257722_102.html#primaryimage","url":"https:\/\/www.fcbarcelonanoticias.com\/en\/wp-content\/uploads\/sites\/2\/2020\/05\/arthur-entrenamiento7-1.jpeg","contentUrl":"https:\/\/www.fcbarcelonanoticias.com\/en\/wp-content\/uploads\/sites\/2\/2020\/05\/arthur-entrenamiento7-1.jpeg","width":1200,"height":675},{"@type":"BreadcrumbList","@id":"https:\/\/www.fcbarcelonanoticias.com\/en\/players\/luis-suarez-miramontes-criticises-arthur-to-defend-la-masia_257722_102.html#breadcrumb","itemListElement":[{"@type":"ListItem","position":1,"name":"Portada","item":"https:\/\/www.fcbarcelonanoticias.com\/en\/"},{"@type":"ListItem","position":2,"name":"Luis Su\u00e1rez Miramontes criticises Arthur to defend la Masia"}]},{"@type":"WebSite","@id":"https:\/\/www.fcbarcelonanoticias.com\/en\/#website","url":"https:\/\/www.fcbarcelonanoticias.com\/en\/","name":"EN - FC Barcelona Noticias","description":"","potentialAction":[{"@type":"SearchAction","target":{"@type":"EntryPoint","urlTemplate":"https:\/\/www.fcbarcelonanoticias.com\/en\/?s={search_term_string}"},"query-input":{"@type":"PropertyValueSpecification","valueRequired":true,"valueName":"search_term_string"}}],"inLanguage":"en-US"},{"@type":"Person","@id":"https:\/\/www.fcbarcelonanoticias.com\/en\/#\/schema\/person\/fcdad55cab72b8d0e106d75506783b6d","name":"user_4048","image":{"@type":"ImageObject","inLanguage":"en-US","@id":"https:\/\/secure.gravatar.com\/avatar\/?s=96&d=mm&r=g","url":"https:\/\/secure.gravatar.com\/avatar\/?s=96&d=mm&r=g","contentUrl":"https:\/\/secure.gravatar.com\/avatar\/?s=96&d=mm&r=g","caption":"user_4048"},"url":"https:\/\/www.fcbarcelonanoticias.com\/en\/user_4048.html"}]}},"_links":{"self":[{"href":"https:\/\/www.fcbarcelonanoticias.com\/en\/wp-json\/wp\/v2\/posts\/122861","targetHints":{"allow":["GET"]}}],"collection":[{"href":"https:\/\/www.fcbarcelonanoticias.com\/en\/wp-json\/wp\/v2\/posts"}],"about":[{"href":"https:\/\/www.fcbarcelonanoticias.com\/en\/wp-json\/wp\/v2\/types\/post"}],"author":[{"embeddable":true,"href":"https:\/\/www.fcbarcelonanoticias.com\/en\/wp-json\/wp\/v2\/users\/392"}],"replies":[{"embeddable":true,"href":"https:\/\/www.fcbarcelonanoticias.com\/en\/wp-json\/wp\/v2\/comments?post=122861"}],"version-history":[{"count":1,"href":"https:\/\/www.fcbarcelonanoticias.com\/en\/wp-json\/wp\/v2\/posts\/122861\/revisions"}],"predecessor-version":[{"id":150606,"href":"https:\/\/www.fcbarcelonanoticias.com\/en\/wp-json\/wp\/v2\/posts\/122861\/revisions\/150606"}],"wp:featuredmedia":[{"embeddable":true,"href":"https:\/\/www.fcbarcelonanoticias.com\/en\/wp-json\/wp\/v2\/media\/122863"}],"wp:attachment":[{"href":"https:\/\/www.fcbarcelonanoticias.com\/en\/wp-json\/wp\/v2\/media?parent=122861"}],"wp:term":[{"taxonomy":"category","embeddable":true,"href":"https:\/\/www.fcbarcelonanoticias.com\/en\/wp-json\/wp\/v2\/categories?post=122861"},{"taxonomy":"post_tag","embeddable":true,"href":"https:\/\/www.fcbarcelonanoticias.com\/en\/wp-json\/wp\/v2\/tags?post=122861"}],"curies":[{"name":"wp","href":"https:\/\/api.w.org\/{rel}","templated":true}]}}