{"id":123162,"date":"2023-11-19T22:47:00","date_gmt":"2023-11-19T21:47:00","guid":{"rendered":"https:\/\/weisetech.dev\/fc-barcelona-noticias\/en\/mbappe-does-not-get-wet-with-real-madrid-and-leaves-his-future-up-in-the-air_298249_102\/"},"modified":"2023-11-19T22:47:00","modified_gmt":"2023-11-19T21:47:00","slug":"mbappe-does-not-get-wet-with-real-madrid-and-leaves-his-future-up-in-the-air_298249_102","status":"publish","type":"post","link":"https:\/\/www.fcbarcelonanoticias.com\/en\/real-madrid\/mbappe-does-not-get-wet-with-real-madrid-and-leaves-his-future-up-in-the-air_298249_102.html","title":{"rendered":"Mbapp\u00e9 does not get &#8216;wet&#8217; with Real Madrid and leaves his future up in the air"},"content":{"rendered":"<h2 class=\"wp-block-heading\">The destination of Kylian Mbapp\u00e9 remains in inc\u00f3gnita, to so alone 44 days to be able to initiate the negotiations for his possible exit. Although the Real Madrid keeps a strong interest in the &#8216;7&#8217; of the PSG, the attacker still has not revealed any track, and the uncertainty persists<\/h2>  \r\n<div class=\"article-addons\">\r\n    <a href=\"https:\/\/www.fcbarcelonanoticias.com\/en\/calendar-fc-barcelona.html\"\r\n       target=\"_self\"\r\n       title=\"Calendar of FC Barcelona\"\r\n       class=\"blue-gredient-btn\">\r\n       \r\n        Calendar of FC Barcelona    <\/a>\r\n<\/div>   <p><strong>Kylian Mbapp\u00e9 Follows without revealing details on his future, and finds to alone 44 days to be able to negotiate freely his next destination.<\/strong><a data-external=\"0\" data-intl-links-en=\"https:\/\/www.fcbarcelonanoticias.com\/en\/international-football\/kylian-mbappe-elusive-speak-of-his-future-in-the-psg_298189_102.html\" data-intl-links-es=\"https:\/\/www.fcbarcelonanoticias.com\/futbol-internacional\/kylian-mbappe-esquiva-hablar-su-futuro-en-psg_298189_102.html\" href=\"https:\/\/www.fcbarcelonanoticias.com\/en\/international-football\/kylian-mbappe-elusive-speak-of-his-future-in-the-psg_298189_102.html\" rel=\"follow\" target=\"_self\" title=\"Kylian Mbapp\u00e9 'esquiva' hablar de su futuro en el PSG\"> In spite of the more than three years of interest of the Real Madrid in the French star<\/a>, the uncertainty persists summer after summer, without that the Frenchman arrive to the Spanish capital. The past year, was about to to join to the club merengue, but a financial requirement desorbitada by part of the PSG frustrated his arrival to The League. Now, with the possibility to remain in freedom, many take for granted that it will finish in the Bernab\u00e9u.<\/p>  <p>However, the international French has not given any clear signal in this regard. After the historical goleada of France to Gibraltar (14-0), Mbapp\u00e9 spoke with T\u00e9l\u00e9foot on this record and other subjects, but avoided to tackle his future of explicit way. After announcing in June his decision of not executing the optional year with the PSG,<strong> the &#8216;7&#8217; of the PSG prefers not reviving the subject and expect to negotiate freely his future.<\/strong><\/p>  <p><strong>&#8220;It is something of what do not want to speak, especially because already I did it in June and occupied big part of the selection&#8221;<\/strong>, signalled the French forward, the one who prefers to centre in the selection in place to interfere in the team. &#8220;I want that we speak more than the selection, in place that I speak of something that will resolve some day; there will be time to speak of this&#8221;. It did not do any reference to the Real Madrid.<\/p>  <h2>Mbapp\u00e9 Does not wet neither with the Madrid neither with Luis Enrique<\/h2>  <p>The attacker also evaded to comment on the recent criticisms of his trainer, Luis Enrique, the one who urged him to improve:<strong> &#8220;Have mates and trainers that always demand me more. I am very happy that there is a so high level to my around. I want to follow progressing and help to my team the best that can. Until the biggest had to change things. I have played with Leo Messi and he changed his game. It was not the same when it was in the Barcelona that in Paris, and this is what allowed him follow winning&#8221;.<\/strong><\/p>  <p>Regarding the Real Madrid, through an official communiqu\u00e9, left clear that until the moment were not negotiating with the player. However, everything indicates that from 1 January,<a data-external=\"0\" data-intl-links-en=\"https:\/\/www.fcbarcelonanoticias.com\/en\/transfers\/kylian-mbappe-will-have-to-call-to-the-real-madrid-if-it-decides-to-go_298080_102.html\" data-intl-links-es=\"https:\/\/www.fcbarcelonanoticias.com\/fichajes\/real-madrid-no-se-arrastrara-mas-deja-en-manos-mbappe-su-fichaje_298080_102.html\" href=\"https:\/\/www.fcbarcelonanoticias.com\/en\/transfers\/kylian-mbappe-will-have-to-call-to-the-real-madrid-if-it-decides-to-go_298080_102.html\" rel=\"follow\" target=\"_self\" title=\"El Real Madrid no se 'arrastrar\u00e1' m\u00e1s y deja en manos de Mbapp\u00e9 su fichaje\"> the white club will ship in the task of fichar to his future star<\/a>. <strong>Although the ones of the capital are had to go by the player, considering the previous situations, is uncertain if Kylian will finish finally in Spain.<\/strong><\/p> ","protected":false},"excerpt":{"rendered":"<p>The destination of Kylian Mbapp\u00e9 remains in inc\u00f3gnita, to so alone 44 days to be able to initiate the negotiations for his possible exit. Although the Real Madrid keeps a strong interest in the &#8216;7&#8217; of the PSG, the attacker still has not revealed any track, and the uncertainty persists Kylian Mbapp\u00e9 Follows without revealing [&hellip;]<\/p>\n","protected":false},"author":344,"featured_media":123167,"comment_status":"closed","ping_status":"open","sticky":false,"template":"","format":"standard","meta":{"_acf_changed":false,"inline_featured_image":false,"_nextfly_llmd_date_locked":false,"footnotes":""},"categories":[119,450],"tags":[171],"class_list":["post-123162","post","type-post","status-publish","format-standard","has-post-thumbnail","hentry","category-real-madrid","category-real-madrid-2","tag-mbappe"],"acf":[],"yoast_head":"<!-- This site is optimized with the Yoast SEO plugin v27.3 - https:\/\/yoast.com\/product\/yoast-seo-wordpress\/ -->\n<title>Mbapp\u00e9 does not get &#039;wet&#039; with Real Madrid and leaves his future up in the air<\/title>\n<meta name=\"description\" content=\"The fate of Kylian Mbapp\u00e9 remains unknown, just 44 days before negotiations for his possible departure can begin. Although Real Madrid maintains a strong interest in PSG&#039;s &#039;7&#039;, the attacker has not yet revealed any clues, and uncertainty persists\" \/>\n<meta name=\"robots\" content=\"index, follow, max-snippet:-1, max-image-preview:large, max-video-preview:-1\" \/>\n<link rel=\"canonical\" href=\"https:\/\/www.fcbarcelonanoticias.com\/en\/real-madrid\/mbappe-does-not-get-wet-with-real-madrid-and-leaves-his-future-up-in-the-air_298249_102.html\" \/>\n<meta property=\"og:locale\" content=\"en_US\" \/>\n<meta property=\"og:type\" content=\"article\" \/>\n<meta property=\"og:title\" content=\"Mbapp\u00e9 does not get &#039;wet&#039; with Real Madrid and leaves his future up in the air\" \/>\n<meta property=\"og:description\" content=\"The fate of Kylian Mbapp\u00e9 remains unknown, just 44 days before negotiations for his possible departure can begin. Although Real Madrid maintains a strong interest in PSG&#039;s &#039;7&#039;, the attacker has not yet revealed any clues, and uncertainty persists\" \/>\n<meta property=\"og:url\" content=\"https:\/\/www.fcbarcelonanoticias.com\/en\/real-madrid\/mbappe-does-not-get-wet-with-real-madrid-and-leaves-his-future-up-in-the-air_298249_102.html\" \/>\n<meta property=\"og:site_name\" content=\"EN - FC Barcelona Noticias\" \/>\n<meta property=\"article:published_time\" content=\"2023-11-19T21:47:00+00:00\" \/>\n<meta property=\"og:image\" content=\"https:\/\/www.fcbarcelonanoticias.com\/en\/wp-content\/uploads\/sites\/2\/2023\/11\/topshot-fbl-euro-2024-qualifier-fra-gib-2.jpeg\" \/>\n\t<meta property=\"og:image:width\" content=\"1300\" \/>\n\t<meta property=\"og:image:height\" content=\"732\" \/>\n\t<meta property=\"og:image:type\" content=\"image\/jpeg\" \/>\n<meta name=\"author\" content=\"Ariel Molina\" \/>\n<meta name=\"twitter:card\" content=\"summary_large_image\" \/>\n<meta name=\"twitter:label1\" content=\"Written by\" \/>\n\t<meta name=\"twitter:data1\" content=\"Ariel Molina\" \/>\n\t<meta name=\"twitter:label2\" content=\"Est. reading time\" \/>\n\t<meta name=\"twitter:data2\" content=\"2 minutes\" \/>\n<script type=\"application\/ld+json\" class=\"yoast-schema-graph\">{\"@context\":\"https:\\\/\\\/schema.org\",\"@graph\":[{\"@type\":\"Article\",\"@id\":\"https:\\\/\\\/www.fcbarcelonanoticias.com\\\/en\\\/real-madrid\\\/mbappe-does-not-get-wet-with-real-madrid-and-leaves-his-future-up-in-the-air_298249_102.html#article\",\"isPartOf\":{\"@id\":\"https:\\\/\\\/www.fcbarcelonanoticias.com\\\/en\\\/real-madrid\\\/mbappe-does-not-get-wet-with-real-madrid-and-leaves-his-future-up-in-the-air_298249_102.html\"},\"author\":{\"name\":\"Ariel Molina\",\"@id\":\"https:\\\/\\\/www.fcbarcelonanoticias.com\\\/en\\\/#\\\/schema\\\/person\\\/e9820ca62b3ab5d344366c282da4bce7\"},\"headline\":\"Mbapp\u00e9 does not get &#8216;wet&#8217; with Real Madrid and leaves his future up in the air\",\"datePublished\":\"2023-11-19T21:47:00+00:00\",\"mainEntityOfPage\":{\"@id\":\"https:\\\/\\\/www.fcbarcelonanoticias.com\\\/en\\\/real-madrid\\\/mbappe-does-not-get-wet-with-real-madrid-and-leaves-his-future-up-in-the-air_298249_102.html\"},\"wordCount\":504,\"image\":{\"@id\":\"https:\\\/\\\/www.fcbarcelonanoticias.com\\\/en\\\/real-madrid\\\/mbappe-does-not-get-wet-with-real-madrid-and-leaves-his-future-up-in-the-air_298249_102.html#primaryimage\"},\"thumbnailUrl\":\"https:\\\/\\\/www.fcbarcelonanoticias.com\\\/en\\\/wp-content\\\/uploads\\\/sites\\\/2\\\/2023\\\/11\\\/topshot-fbl-euro-2024-qualifier-fra-gib-2.jpeg\",\"keywords\":[\"Mbapp\u00e9\"],\"articleSection\":[\"Real Madrid\",\"Real Madrid\"],\"inLanguage\":\"en-US\"},{\"@type\":\"WebPage\",\"@id\":\"https:\\\/\\\/www.fcbarcelonanoticias.com\\\/en\\\/real-madrid\\\/mbappe-does-not-get-wet-with-real-madrid-and-leaves-his-future-up-in-the-air_298249_102.html\",\"url\":\"https:\\\/\\\/www.fcbarcelonanoticias.com\\\/en\\\/real-madrid\\\/mbappe-does-not-get-wet-with-real-madrid-and-leaves-his-future-up-in-the-air_298249_102.html\",\"name\":\"Mbapp\u00e9 does not get 'wet' with Real Madrid and leaves his future up in the air\",\"isPartOf\":{\"@id\":\"https:\\\/\\\/www.fcbarcelonanoticias.com\\\/en\\\/#website\"},\"primaryImageOfPage\":{\"@id\":\"https:\\\/\\\/www.fcbarcelonanoticias.com\\\/en\\\/real-madrid\\\/mbappe-does-not-get-wet-with-real-madrid-and-leaves-his-future-up-in-the-air_298249_102.html#primaryimage\"},\"image\":{\"@id\":\"https:\\\/\\\/www.fcbarcelonanoticias.com\\\/en\\\/real-madrid\\\/mbappe-does-not-get-wet-with-real-madrid-and-leaves-his-future-up-in-the-air_298249_102.html#primaryimage\"},\"thumbnailUrl\":\"https:\\\/\\\/www.fcbarcelonanoticias.com\\\/en\\\/wp-content\\\/uploads\\\/sites\\\/2\\\/2023\\\/11\\\/topshot-fbl-euro-2024-qualifier-fra-gib-2.jpeg\",\"datePublished\":\"2023-11-19T21:47:00+00:00\",\"author\":{\"@id\":\"https:\\\/\\\/www.fcbarcelonanoticias.com\\\/en\\\/#\\\/schema\\\/person\\\/e9820ca62b3ab5d344366c282da4bce7\"},\"description\":\"The fate of Kylian Mbapp\u00e9 remains unknown, just 44 days before negotiations for his possible departure can begin. Although Real Madrid maintains a strong interest in PSG's '7', the attacker has not yet revealed any clues, and uncertainty persists\",\"breadcrumb\":{\"@id\":\"https:\\\/\\\/www.fcbarcelonanoticias.com\\\/en\\\/real-madrid\\\/mbappe-does-not-get-wet-with-real-madrid-and-leaves-his-future-up-in-the-air_298249_102.html#breadcrumb\"},\"inLanguage\":\"en-US\",\"potentialAction\":[{\"@type\":\"ReadAction\",\"target\":[\"https:\\\/\\\/www.fcbarcelonanoticias.com\\\/en\\\/real-madrid\\\/mbappe-does-not-get-wet-with-real-madrid-and-leaves-his-future-up-in-the-air_298249_102.html\"]}]},{\"@type\":\"ImageObject\",\"inLanguage\":\"en-US\",\"@id\":\"https:\\\/\\\/www.fcbarcelonanoticias.com\\\/en\\\/real-madrid\\\/mbappe-does-not-get-wet-with-real-madrid-and-leaves-his-future-up-in-the-air_298249_102.html#primaryimage\",\"url\":\"https:\\\/\\\/www.fcbarcelonanoticias.com\\\/en\\\/wp-content\\\/uploads\\\/sites\\\/2\\\/2023\\\/11\\\/topshot-fbl-euro-2024-qualifier-fra-gib-2.jpeg\",\"contentUrl\":\"https:\\\/\\\/www.fcbarcelonanoticias.com\\\/en\\\/wp-content\\\/uploads\\\/sites\\\/2\\\/2023\\\/11\\\/topshot-fbl-euro-2024-qualifier-fra-gib-2.jpeg\",\"width\":1300,\"height\":732},{\"@type\":\"BreadcrumbList\",\"@id\":\"https:\\\/\\\/www.fcbarcelonanoticias.com\\\/en\\\/real-madrid\\\/mbappe-does-not-get-wet-with-real-madrid-and-leaves-his-future-up-in-the-air_298249_102.html#breadcrumb\",\"itemListElement\":[{\"@type\":\"ListItem\",\"position\":1,\"name\":\"Portada\",\"item\":\"https:\\\/\\\/www.fcbarcelonanoticias.com\\\/en\\\/\"},{\"@type\":\"ListItem\",\"position\":2,\"name\":\"Mbapp\u00e9 does not get &#8216;wet&#8217; with Real Madrid and leaves his future up in the air\"}]},{\"@type\":\"WebSite\",\"@id\":\"https:\\\/\\\/www.fcbarcelonanoticias.com\\\/en\\\/#website\",\"url\":\"https:\\\/\\\/www.fcbarcelonanoticias.com\\\/en\\\/\",\"name\":\"EN - FC Barcelona Noticias\",\"description\":\"\",\"potentialAction\":[{\"@type\":\"SearchAction\",\"target\":{\"@type\":\"EntryPoint\",\"urlTemplate\":\"https:\\\/\\\/www.fcbarcelonanoticias.com\\\/en\\\/?s={search_term_string}\"},\"query-input\":{\"@type\":\"PropertyValueSpecification\",\"valueRequired\":true,\"valueName\":\"search_term_string\"}}],\"inLanguage\":\"en-US\"},{\"@type\":\"Person\",\"@id\":\"https:\\\/\\\/www.fcbarcelonanoticias.com\\\/en\\\/#\\\/schema\\\/person\\\/e9820ca62b3ab5d344366c282da4bce7\",\"name\":\"Ariel Molina\",\"image\":{\"@type\":\"ImageObject\",\"inLanguage\":\"en-US\",\"@id\":\"https:\\\/\\\/secure.gravatar.com\\\/avatar\\\/?s=96&d=mm&r=g\",\"url\":\"https:\\\/\\\/secure.gravatar.com\\\/avatar\\\/?s=96&d=mm&r=g\",\"contentUrl\":\"https:\\\/\\\/secure.gravatar.com\\\/avatar\\\/?s=96&d=mm&r=g\",\"caption\":\"Ariel Molina\"},\"url\":\"https:\\\/\\\/www.fcbarcelonanoticias.com\\\/en\\\/fc-barcelona\\\/ariel-molina_24_115.html\"}]}<\/script>\n<!-- \/ Yoast SEO plugin. -->","yoast_head_json":{"title":"Mbapp\u00e9 does not get 'wet' with Real Madrid and leaves his future up in the air","description":"The fate of Kylian Mbapp\u00e9 remains unknown, just 44 days before negotiations for his possible departure can begin. Although Real Madrid maintains a strong interest in PSG's '7', the attacker has not yet revealed any clues, and uncertainty persists","robots":{"index":"index","follow":"follow","max-snippet":"max-snippet:-1","max-image-preview":"max-image-preview:large","max-video-preview":"max-video-preview:-1"},"canonical":"https:\/\/www.fcbarcelonanoticias.com\/en\/real-madrid\/mbappe-does-not-get-wet-with-real-madrid-and-leaves-his-future-up-in-the-air_298249_102.html","og_locale":"en_US","og_type":"article","og_title":"Mbapp\u00e9 does not get 'wet' with Real Madrid and leaves his future up in the air","og_description":"The fate of Kylian Mbapp\u00e9 remains unknown, just 44 days before negotiations for his possible departure can begin. Although Real Madrid maintains a strong interest in PSG's '7', the attacker has not yet revealed any clues, and uncertainty persists","og_url":"https:\/\/www.fcbarcelonanoticias.com\/en\/real-madrid\/mbappe-does-not-get-wet-with-real-madrid-and-leaves-his-future-up-in-the-air_298249_102.html","og_site_name":"EN - FC Barcelona Noticias","article_published_time":"2023-11-19T21:47:00+00:00","og_image":[{"width":1300,"height":732,"url":"https:\/\/www.fcbarcelonanoticias.com\/en\/wp-content\/uploads\/sites\/2\/2023\/11\/topshot-fbl-euro-2024-qualifier-fra-gib-2.jpeg","type":"image\/jpeg"}],"author":"Ariel Molina","twitter_card":"summary_large_image","twitter_misc":{"Written by":"Ariel Molina","Est. reading time":"2 minutes"},"schema":{"@context":"https:\/\/schema.org","@graph":[{"@type":"Article","@id":"https:\/\/www.fcbarcelonanoticias.com\/en\/real-madrid\/mbappe-does-not-get-wet-with-real-madrid-and-leaves-his-future-up-in-the-air_298249_102.html#article","isPartOf":{"@id":"https:\/\/www.fcbarcelonanoticias.com\/en\/real-madrid\/mbappe-does-not-get-wet-with-real-madrid-and-leaves-his-future-up-in-the-air_298249_102.html"},"author":{"name":"Ariel Molina","@id":"https:\/\/www.fcbarcelonanoticias.com\/en\/#\/schema\/person\/e9820ca62b3ab5d344366c282da4bce7"},"headline":"Mbapp\u00e9 does not get &#8216;wet&#8217; with Real Madrid and leaves his future up in the air","datePublished":"2023-11-19T21:47:00+00:00","mainEntityOfPage":{"@id":"https:\/\/www.fcbarcelonanoticias.com\/en\/real-madrid\/mbappe-does-not-get-wet-with-real-madrid-and-leaves-his-future-up-in-the-air_298249_102.html"},"wordCount":504,"image":{"@id":"https:\/\/www.fcbarcelonanoticias.com\/en\/real-madrid\/mbappe-does-not-get-wet-with-real-madrid-and-leaves-his-future-up-in-the-air_298249_102.html#primaryimage"},"thumbnailUrl":"https:\/\/www.fcbarcelonanoticias.com\/en\/wp-content\/uploads\/sites\/2\/2023\/11\/topshot-fbl-euro-2024-qualifier-fra-gib-2.jpeg","keywords":["Mbapp\u00e9"],"articleSection":["Real Madrid","Real Madrid"],"inLanguage":"en-US"},{"@type":"WebPage","@id":"https:\/\/www.fcbarcelonanoticias.com\/en\/real-madrid\/mbappe-does-not-get-wet-with-real-madrid-and-leaves-his-future-up-in-the-air_298249_102.html","url":"https:\/\/www.fcbarcelonanoticias.com\/en\/real-madrid\/mbappe-does-not-get-wet-with-real-madrid-and-leaves-his-future-up-in-the-air_298249_102.html","name":"Mbapp\u00e9 does not get 'wet' with Real Madrid and leaves his future up in the air","isPartOf":{"@id":"https:\/\/www.fcbarcelonanoticias.com\/en\/#website"},"primaryImageOfPage":{"@id":"https:\/\/www.fcbarcelonanoticias.com\/en\/real-madrid\/mbappe-does-not-get-wet-with-real-madrid-and-leaves-his-future-up-in-the-air_298249_102.html#primaryimage"},"image":{"@id":"https:\/\/www.fcbarcelonanoticias.com\/en\/real-madrid\/mbappe-does-not-get-wet-with-real-madrid-and-leaves-his-future-up-in-the-air_298249_102.html#primaryimage"},"thumbnailUrl":"https:\/\/www.fcbarcelonanoticias.com\/en\/wp-content\/uploads\/sites\/2\/2023\/11\/topshot-fbl-euro-2024-qualifier-fra-gib-2.jpeg","datePublished":"2023-11-19T21:47:00+00:00","author":{"@id":"https:\/\/www.fcbarcelonanoticias.com\/en\/#\/schema\/person\/e9820ca62b3ab5d344366c282da4bce7"},"description":"The fate of Kylian Mbapp\u00e9 remains unknown, just 44 days before negotiations for his possible departure can begin. Although Real Madrid maintains a strong interest in PSG's '7', the attacker has not yet revealed any clues, and uncertainty persists","breadcrumb":{"@id":"https:\/\/www.fcbarcelonanoticias.com\/en\/real-madrid\/mbappe-does-not-get-wet-with-real-madrid-and-leaves-his-future-up-in-the-air_298249_102.html#breadcrumb"},"inLanguage":"en-US","potentialAction":[{"@type":"ReadAction","target":["https:\/\/www.fcbarcelonanoticias.com\/en\/real-madrid\/mbappe-does-not-get-wet-with-real-madrid-and-leaves-his-future-up-in-the-air_298249_102.html"]}]},{"@type":"ImageObject","inLanguage":"en-US","@id":"https:\/\/www.fcbarcelonanoticias.com\/en\/real-madrid\/mbappe-does-not-get-wet-with-real-madrid-and-leaves-his-future-up-in-the-air_298249_102.html#primaryimage","url":"https:\/\/www.fcbarcelonanoticias.com\/en\/wp-content\/uploads\/sites\/2\/2023\/11\/topshot-fbl-euro-2024-qualifier-fra-gib-2.jpeg","contentUrl":"https:\/\/www.fcbarcelonanoticias.com\/en\/wp-content\/uploads\/sites\/2\/2023\/11\/topshot-fbl-euro-2024-qualifier-fra-gib-2.jpeg","width":1300,"height":732},{"@type":"BreadcrumbList","@id":"https:\/\/www.fcbarcelonanoticias.com\/en\/real-madrid\/mbappe-does-not-get-wet-with-real-madrid-and-leaves-his-future-up-in-the-air_298249_102.html#breadcrumb","itemListElement":[{"@type":"ListItem","position":1,"name":"Portada","item":"https:\/\/www.fcbarcelonanoticias.com\/en\/"},{"@type":"ListItem","position":2,"name":"Mbapp\u00e9 does not get &#8216;wet&#8217; with Real Madrid and leaves his future up in the air"}]},{"@type":"WebSite","@id":"https:\/\/www.fcbarcelonanoticias.com\/en\/#website","url":"https:\/\/www.fcbarcelonanoticias.com\/en\/","name":"EN - FC Barcelona Noticias","description":"","potentialAction":[{"@type":"SearchAction","target":{"@type":"EntryPoint","urlTemplate":"https:\/\/www.fcbarcelonanoticias.com\/en\/?s={search_term_string}"},"query-input":{"@type":"PropertyValueSpecification","valueRequired":true,"valueName":"search_term_string"}}],"inLanguage":"en-US"},{"@type":"Person","@id":"https:\/\/www.fcbarcelonanoticias.com\/en\/#\/schema\/person\/e9820ca62b3ab5d344366c282da4bce7","name":"Ariel Molina","image":{"@type":"ImageObject","inLanguage":"en-US","@id":"https:\/\/secure.gravatar.com\/avatar\/?s=96&d=mm&r=g","url":"https:\/\/secure.gravatar.com\/avatar\/?s=96&d=mm&r=g","contentUrl":"https:\/\/secure.gravatar.com\/avatar\/?s=96&d=mm&r=g","caption":"Ariel Molina"},"url":"https:\/\/www.fcbarcelonanoticias.com\/en\/fc-barcelona\/ariel-molina_24_115.html"}]}},"_links":{"self":[{"href":"https:\/\/www.fcbarcelonanoticias.com\/en\/wp-json\/wp\/v2\/posts\/123162","targetHints":{"allow":["GET"]}}],"collection":[{"href":"https:\/\/www.fcbarcelonanoticias.com\/en\/wp-json\/wp\/v2\/posts"}],"about":[{"href":"https:\/\/www.fcbarcelonanoticias.com\/en\/wp-json\/wp\/v2\/types\/post"}],"author":[{"embeddable":true,"href":"https:\/\/www.fcbarcelonanoticias.com\/en\/wp-json\/wp\/v2\/users\/344"}],"replies":[{"embeddable":true,"href":"https:\/\/www.fcbarcelonanoticias.com\/en\/wp-json\/wp\/v2\/comments?post=123162"}],"version-history":[{"count":1,"href":"https:\/\/www.fcbarcelonanoticias.com\/en\/wp-json\/wp\/v2\/posts\/123162\/revisions"}],"predecessor-version":[{"id":150916,"href":"https:\/\/www.fcbarcelonanoticias.com\/en\/wp-json\/wp\/v2\/posts\/123162\/revisions\/150916"}],"wp:featuredmedia":[{"embeddable":true,"href":"https:\/\/www.fcbarcelonanoticias.com\/en\/wp-json\/wp\/v2\/media\/123167"}],"wp:attachment":[{"href":"https:\/\/www.fcbarcelonanoticias.com\/en\/wp-json\/wp\/v2\/media?parent=123162"}],"wp:term":[{"taxonomy":"category","embeddable":true,"href":"https:\/\/www.fcbarcelonanoticias.com\/en\/wp-json\/wp\/v2\/categories?post=123162"},{"taxonomy":"post_tag","embeddable":true,"href":"https:\/\/www.fcbarcelonanoticias.com\/en\/wp-json\/wp\/v2\/tags?post=123162"}],"curies":[{"name":"wp","href":"https:\/\/api.w.org\/{rel}","templated":true}]}}