{"id":12334,"date":"2018-02-02T10:10:00","date_gmt":"2018-02-02T09:10:00","guid":{"rendered":"https:\/\/weisetech.dev\/fc-barcelona-noticias\/en\/alignments-of-the-j22-of-laliga-espanyol-fc-barcelona_209440_102\/"},"modified":"2026-04-16T09:29:31","modified_gmt":"2026-04-16T07:29:31","slug":"alignments-of-the-j22-of-laliga-espanyol-fc-barcelona_209440_102","status":"publish","type":"post","link":"https:\/\/www.fcbarcelonanoticias.com\/en\/fc-barcelona\/alignments-of-the-j22-of-laliga-espanyol-fc-barcelona_209440_102.html","title":{"rendered":"Alignments of the J22 of LaLiga: Espanyol-FC Barcelona"},"content":{"rendered":"<h2 class=\"wp-block-heading\">The revancha of the derbi of Glass of the King between the Espanyol and the Bar\u00e7a arrives in a crucial week for the Barcelona, that play  the Thursday his presence in the final copera. However, the League awaits in Cornell\u00e0.\u00a0These are the eleven headlines<\/h2>  \r\n<div class=\"article-addons\">\r\n    <a href=\"https:\/\/www.fcbarcelonanoticias.com\/en\/calendar-fc-barcelona.html\"\r\n       target=\"_self\"\r\n       title=\"Calendar of FC Barcelona\"\r\n       class=\"blue-gredient-btn\">\r\n       \r\n        Calendar of FC Barcelona    <\/a>\r\n<\/div>   <p>The <a href=\"https:\/\/www.fcbarcelonanoticias.com\/calendario-fcbarcelona.html\"><strong>FC Barcelona<\/strong><\/a> and the <strong>RCD Espanyol<\/strong> will have to see  the faces again a week and average after the Barcelona deleted to the blanquiazules in <strong><a href=\"https:\/\/www.fcbarcelonanoticias.com\/fc-barcelona\/suarez-y-messi-si-meten-al-barca-en-semis-de-copa-del-rey_209087_102.html\">the quarter-finals of the Glass of Rey<\/a>.<\/strong>&nbsp;The party will take place today, in the stadium of Cornell\u00e0-The Prat, from the 16:15 hours. The espanyolistas will look for the revancha of the derbi copero whereas the cul\u00e9s will treat to keep the distances in the leadership.&nbsp;<\/p> <p>Although it already remains little to start with to recover effective, <strong>the infirmary still defines the list of drops for the meeting<\/strong>. To the physical problems of <a href=\"https:\/\/www.fcbarcelonanoticias.com\/fc-barcelona\/dembele-ya-se-entrena-con-sus-companeros-en-el-barcelona_209405_102.html\"><strong>Ousmane<\/strong> <\/a><strong><a href=\"https:\/\/www.fcbarcelonanoticias.com\/fc-barcelona\/dembele-ya-se-entrena-con-sus-companeros-en-el-barcelona_209405_102.html\">Demb\u00e9l\u00e9 -that already trains with the rest of the team-<\/a>&nbsp;and Thomas Vermaelen<\/strong>, has joined  the drop <strong>of Andr\u00e9 Gomes<\/strong>, that although it already has the high doctor has not arrived to time to prepare  against the Espanyol.<\/p> <h2><strong><span style=\"font-size: 1.5em;\">This is the XI of the Bar\u00e7a in front of the RCD Espanyol<\/span><\/strong><\/h2> <p><strong>XI of the Espanyol:&nbsp;<\/strong>Diego L\u00f3pez; Marc Navarro, David L\u00f3pez, Naldo, Aar\u00f3n; Granary, V\u00edctor S\u00e1nchez, Darder; Baptistao, Gerard, Jury.<\/p> <p><strong>XI of the FC Barcelona<\/strong>:&nbsp;Ter Stegen; Semedo, Hammered, Umtiti, Digne; Busquets, Iniesta, Paulinho, Coutinho; Su\u00e1rez and Alc\u00e1cer.<\/p> <p><strong>Bench of the Bar\u00e7a:<\/strong>&nbsp;Cillessen, Alba, Mina, Denis, Sergi Roberto, Rakitic, Messi.<\/p> <p>From &#8216;FCBN&#8217; informed during the week on the plans <strong>of Ernesto Valverde<\/strong> regarding the rotations. Finally the technician extreme\u00f1o has surprised with two &#8216;bombs&#8217;,<strong> leaving to Jordi Alba and Leo Messi in the bench of start. Paco Alc\u00e1cer and Digne will be his substitutes.<\/strong><\/p> <p><strong>The Espanyol will try to go back to repeat the gesta of the party of gone of the quarter-finals of the Glass of Rey, <\/strong>where achieved to manacle to the FC Barcelona and carry the victory by the minimum with a goal of<strong> Melendo. The counterattack will be the most powerful weapon of the team of Quique S\u00e1nchez Flores.<\/strong><\/p> ","protected":false},"excerpt":{"rendered":"<p>The revancha of the derbi of Glass of the King between the Espanyol and the Bar\u00e7a arrives in a crucial week for the Barcelona, that play the Thursday his presence in the final copera. However, the League awaits in Cornell\u00e0.\u00a0These are the eleven headlines The FC Barcelona and the RCD Espanyol will have to see [&hellip;]<\/p>\n","protected":false},"author":364,"featured_media":12335,"comment_status":"closed","ping_status":"open","sticky":false,"template":"","format":"standard","meta":{"_acf_changed":false,"inline_featured_image":false,"_nextfly_llmd_date_locked":false,"footnotes":""},"categories":[111],"tags":[201,79],"class_list":["post-12334","post","type-post","status-publish","format-standard","has-post-thumbnail","hentry","category-fc-barcelona","tag-lineups","tag-rcd-espanyol"],"acf":[],"yoast_head":"<!-- This site is optimized with the Yoast SEO plugin v27.3 - https:\/\/yoast.com\/product\/yoast-seo-wordpress\/ -->\n<title>Alignments of the J22 of LaLiga: Espanyol-FC Barcelona<\/title>\n<meta name=\"description\" content=\"The revancha of the derbi of Glass of the King between the Espanyol and the Bar\u00e7a arrives in a crucial week for the Barcelona, that play the Thursday his...\" \/>\n<meta name=\"robots\" content=\"index, follow, max-snippet:-1, max-image-preview:large, max-video-preview:-1\" \/>\n<link rel=\"canonical\" href=\"https:\/\/www.fcbarcelonanoticias.com\/en\/fc-barcelona\/alignments-of-the-j22-of-laliga-espanyol-fc-barcelona_209440_102.html\" \/>\n<meta property=\"og:locale\" content=\"en_US\" \/>\n<meta property=\"og:type\" content=\"article\" \/>\n<meta property=\"og:title\" content=\"Alignments of the J22 of LaLiga: Espanyol-FC Barcelona\" \/>\n<meta property=\"og:description\" content=\"The revancha of the derbi of Glass of the King between the Espanyol and the Bar\u00e7a arrives in a crucial week for the Barcelona, that play the Thursday his...\" \/>\n<meta property=\"og:url\" content=\"https:\/\/www.fcbarcelonanoticias.com\/en\/fc-barcelona\/alignments-of-the-j22-of-laliga-espanyol-fc-barcelona_209440_102.html\" \/>\n<meta property=\"og:site_name\" content=\"EN - FC Barcelona Noticias\" \/>\n<meta property=\"article:published_time\" content=\"2018-02-02T09:10:00+00:00\" \/>\n<meta property=\"article:modified_time\" content=\"2026-04-16T07:29:31+00:00\" \/>\n<meta property=\"og:image\" content=\"https:\/\/www.fcbarcelonanoticias.com\/en\/wp-content\/uploads\/sites\/2\/2018\/02\/alineacion-espanyol-barcelona-243430.jpeg\" \/>\n\t<meta property=\"og:image:width\" content=\"760\" \/>\n\t<meta property=\"og:image:height\" content=\"428\" \/>\n\t<meta property=\"og:image:type\" content=\"image\/jpeg\" \/>\n<meta name=\"author\" content=\"Albert Ram\u00edrez\" \/>\n<meta name=\"twitter:card\" content=\"summary_large_image\" \/>\n<meta name=\"twitter:label1\" content=\"Written by\" \/>\n\t<meta name=\"twitter:data1\" content=\"Albert Ram\u00edrez\" \/>\n\t<meta name=\"twitter:label2\" content=\"Est. reading time\" \/>\n\t<meta name=\"twitter:data2\" content=\"2 minutes\" \/>\n<script type=\"application\/ld+json\" class=\"yoast-schema-graph\">{\"@context\":\"https:\\\/\\\/schema.org\",\"@graph\":[{\"@type\":\"Article\",\"@id\":\"https:\\\/\\\/www.fcbarcelonanoticias.com\\\/en\\\/fc-barcelona\\\/alignments-of-the-j22-of-laliga-espanyol-fc-barcelona_209440_102.html#article\",\"isPartOf\":{\"@id\":\"https:\\\/\\\/www.fcbarcelonanoticias.com\\\/en\\\/fc-barcelona\\\/alignments-of-the-j22-of-laliga-espanyol-fc-barcelona_209440_102.html\"},\"author\":{\"name\":\"Albert Ram\u00edrez\",\"@id\":\"https:\\\/\\\/www.fcbarcelonanoticias.com\\\/en\\\/#\\\/schema\\\/person\\\/1d0eb8457abc625a793c7a9f8f67612d\"},\"headline\":\"Alignments of the J22 of LaLiga: Espanyol-FC Barcelona\",\"datePublished\":\"2018-02-02T09:10:00+00:00\",\"dateModified\":\"2026-04-16T07:29:31+00:00\",\"mainEntityOfPage\":{\"@id\":\"https:\\\/\\\/www.fcbarcelonanoticias.com\\\/en\\\/fc-barcelona\\\/alignments-of-the-j22-of-laliga-espanyol-fc-barcelona_209440_102.html\"},\"wordCount\":377,\"image\":{\"@id\":\"https:\\\/\\\/www.fcbarcelonanoticias.com\\\/en\\\/fc-barcelona\\\/alignments-of-the-j22-of-laliga-espanyol-fc-barcelona_209440_102.html#primaryimage\"},\"thumbnailUrl\":\"https:\\\/\\\/www.fcbarcelonanoticias.com\\\/en\\\/wp-content\\\/uploads\\\/sites\\\/2\\\/2018\\\/02\\\/alineacion-espanyol-barcelona-243430.jpeg\",\"keywords\":[\"FC Barcelona Lineups\",\"RCD Espanyol\"],\"articleSection\":[\"FC Barcelona\"],\"inLanguage\":\"en-US\"},{\"@type\":\"WebPage\",\"@id\":\"https:\\\/\\\/www.fcbarcelonanoticias.com\\\/en\\\/fc-barcelona\\\/alignments-of-the-j22-of-laliga-espanyol-fc-barcelona_209440_102.html\",\"url\":\"https:\\\/\\\/www.fcbarcelonanoticias.com\\\/en\\\/fc-barcelona\\\/alignments-of-the-j22-of-laliga-espanyol-fc-barcelona_209440_102.html\",\"name\":\"Alignments of the J22 of LaLiga: Espanyol-FC Barcelona\",\"isPartOf\":{\"@id\":\"https:\\\/\\\/www.fcbarcelonanoticias.com\\\/en\\\/#website\"},\"primaryImageOfPage\":{\"@id\":\"https:\\\/\\\/www.fcbarcelonanoticias.com\\\/en\\\/fc-barcelona\\\/alignments-of-the-j22-of-laliga-espanyol-fc-barcelona_209440_102.html#primaryimage\"},\"image\":{\"@id\":\"https:\\\/\\\/www.fcbarcelonanoticias.com\\\/en\\\/fc-barcelona\\\/alignments-of-the-j22-of-laliga-espanyol-fc-barcelona_209440_102.html#primaryimage\"},\"thumbnailUrl\":\"https:\\\/\\\/www.fcbarcelonanoticias.com\\\/en\\\/wp-content\\\/uploads\\\/sites\\\/2\\\/2018\\\/02\\\/alineacion-espanyol-barcelona-243430.jpeg\",\"datePublished\":\"2018-02-02T09:10:00+00:00\",\"dateModified\":\"2026-04-16T07:29:31+00:00\",\"author\":{\"@id\":\"https:\\\/\\\/www.fcbarcelonanoticias.com\\\/en\\\/#\\\/schema\\\/person\\\/1d0eb8457abc625a793c7a9f8f67612d\"},\"description\":\"The revancha of the derbi of Glass of the King between the Espanyol and the Bar\u00e7a arrives in a crucial week for the Barcelona, that play the Thursday his...\",\"breadcrumb\":{\"@id\":\"https:\\\/\\\/www.fcbarcelonanoticias.com\\\/en\\\/fc-barcelona\\\/alignments-of-the-j22-of-laliga-espanyol-fc-barcelona_209440_102.html#breadcrumb\"},\"inLanguage\":\"en-US\",\"potentialAction\":[{\"@type\":\"ReadAction\",\"target\":[\"https:\\\/\\\/www.fcbarcelonanoticias.com\\\/en\\\/fc-barcelona\\\/alignments-of-the-j22-of-laliga-espanyol-fc-barcelona_209440_102.html\"]}]},{\"@type\":\"ImageObject\",\"inLanguage\":\"en-US\",\"@id\":\"https:\\\/\\\/www.fcbarcelonanoticias.com\\\/en\\\/fc-barcelona\\\/alignments-of-the-j22-of-laliga-espanyol-fc-barcelona_209440_102.html#primaryimage\",\"url\":\"https:\\\/\\\/www.fcbarcelonanoticias.com\\\/en\\\/wp-content\\\/uploads\\\/sites\\\/2\\\/2018\\\/02\\\/alineacion-espanyol-barcelona-243430.jpeg\",\"contentUrl\":\"https:\\\/\\\/www.fcbarcelonanoticias.com\\\/en\\\/wp-content\\\/uploads\\\/sites\\\/2\\\/2018\\\/02\\\/alineacion-espanyol-barcelona-243430.jpeg\",\"width\":760,\"height\":428},{\"@type\":\"BreadcrumbList\",\"@id\":\"https:\\\/\\\/www.fcbarcelonanoticias.com\\\/en\\\/fc-barcelona\\\/alignments-of-the-j22-of-laliga-espanyol-fc-barcelona_209440_102.html#breadcrumb\",\"itemListElement\":[{\"@type\":\"ListItem\",\"position\":1,\"name\":\"Portada\",\"item\":\"https:\\\/\\\/www.fcbarcelonanoticias.com\\\/en\\\/\"},{\"@type\":\"ListItem\",\"position\":2,\"name\":\"Alignments of the J22 of LaLiga: Espanyol-FC Barcelona\"}]},{\"@type\":\"WebSite\",\"@id\":\"https:\\\/\\\/www.fcbarcelonanoticias.com\\\/en\\\/#website\",\"url\":\"https:\\\/\\\/www.fcbarcelonanoticias.com\\\/en\\\/\",\"name\":\"EN - FC Barcelona Noticias\",\"description\":\"\",\"potentialAction\":[{\"@type\":\"SearchAction\",\"target\":{\"@type\":\"EntryPoint\",\"urlTemplate\":\"https:\\\/\\\/www.fcbarcelonanoticias.com\\\/en\\\/?s={search_term_string}\"},\"query-input\":{\"@type\":\"PropertyValueSpecification\",\"valueRequired\":true,\"valueName\":\"search_term_string\"}}],\"inLanguage\":\"en-US\"},{\"@type\":\"Person\",\"@id\":\"https:\\\/\\\/www.fcbarcelonanoticias.com\\\/en\\\/#\\\/schema\\\/person\\\/1d0eb8457abc625a793c7a9f8f67612d\",\"name\":\"Albert Ram\u00edrez\",\"image\":{\"@type\":\"ImageObject\",\"inLanguage\":\"en-US\",\"@id\":\"https:\\\/\\\/secure.gravatar.com\\\/avatar\\\/?s=96&d=mm&r=g\",\"url\":\"https:\\\/\\\/secure.gravatar.com\\\/avatar\\\/?s=96&d=mm&r=g\",\"contentUrl\":\"https:\\\/\\\/secure.gravatar.com\\\/avatar\\\/?s=96&d=mm&r=g\",\"caption\":\"Albert Ram\u00edrez\"},\"url\":\"https:\\\/\\\/www.fcbarcelonanoticias.com\\\/en\\\/albert-ramirez_5_115.html\"}]}<\/script>\n<!-- \/ Yoast SEO plugin. -->","yoast_head_json":{"title":"Alignments of the J22 of LaLiga: Espanyol-FC Barcelona","description":"The revancha of the derbi of Glass of the King between the Espanyol and the Bar\u00e7a arrives in a crucial week for the Barcelona, that play the Thursday his...","robots":{"index":"index","follow":"follow","max-snippet":"max-snippet:-1","max-image-preview":"max-image-preview:large","max-video-preview":"max-video-preview:-1"},"canonical":"https:\/\/www.fcbarcelonanoticias.com\/en\/fc-barcelona\/alignments-of-the-j22-of-laliga-espanyol-fc-barcelona_209440_102.html","og_locale":"en_US","og_type":"article","og_title":"Alignments of the J22 of LaLiga: Espanyol-FC Barcelona","og_description":"The revancha of the derbi of Glass of the King between the Espanyol and the Bar\u00e7a arrives in a crucial week for the Barcelona, that play the Thursday his...","og_url":"https:\/\/www.fcbarcelonanoticias.com\/en\/fc-barcelona\/alignments-of-the-j22-of-laliga-espanyol-fc-barcelona_209440_102.html","og_site_name":"EN - FC Barcelona Noticias","article_published_time":"2018-02-02T09:10:00+00:00","article_modified_time":"2026-04-16T07:29:31+00:00","og_image":[{"width":760,"height":428,"url":"https:\/\/www.fcbarcelonanoticias.com\/en\/wp-content\/uploads\/sites\/2\/2018\/02\/alineacion-espanyol-barcelona-243430.jpeg","type":"image\/jpeg"}],"author":"Albert Ram\u00edrez","twitter_card":"summary_large_image","twitter_misc":{"Written by":"Albert Ram\u00edrez","Est. reading time":"2 minutes"},"schema":{"@context":"https:\/\/schema.org","@graph":[{"@type":"Article","@id":"https:\/\/www.fcbarcelonanoticias.com\/en\/fc-barcelona\/alignments-of-the-j22-of-laliga-espanyol-fc-barcelona_209440_102.html#article","isPartOf":{"@id":"https:\/\/www.fcbarcelonanoticias.com\/en\/fc-barcelona\/alignments-of-the-j22-of-laliga-espanyol-fc-barcelona_209440_102.html"},"author":{"name":"Albert Ram\u00edrez","@id":"https:\/\/www.fcbarcelonanoticias.com\/en\/#\/schema\/person\/1d0eb8457abc625a793c7a9f8f67612d"},"headline":"Alignments of the J22 of LaLiga: Espanyol-FC Barcelona","datePublished":"2018-02-02T09:10:00+00:00","dateModified":"2026-04-16T07:29:31+00:00","mainEntityOfPage":{"@id":"https:\/\/www.fcbarcelonanoticias.com\/en\/fc-barcelona\/alignments-of-the-j22-of-laliga-espanyol-fc-barcelona_209440_102.html"},"wordCount":377,"image":{"@id":"https:\/\/www.fcbarcelonanoticias.com\/en\/fc-barcelona\/alignments-of-the-j22-of-laliga-espanyol-fc-barcelona_209440_102.html#primaryimage"},"thumbnailUrl":"https:\/\/www.fcbarcelonanoticias.com\/en\/wp-content\/uploads\/sites\/2\/2018\/02\/alineacion-espanyol-barcelona-243430.jpeg","keywords":["FC Barcelona Lineups","RCD Espanyol"],"articleSection":["FC Barcelona"],"inLanguage":"en-US"},{"@type":"WebPage","@id":"https:\/\/www.fcbarcelonanoticias.com\/en\/fc-barcelona\/alignments-of-the-j22-of-laliga-espanyol-fc-barcelona_209440_102.html","url":"https:\/\/www.fcbarcelonanoticias.com\/en\/fc-barcelona\/alignments-of-the-j22-of-laliga-espanyol-fc-barcelona_209440_102.html","name":"Alignments of the J22 of LaLiga: Espanyol-FC Barcelona","isPartOf":{"@id":"https:\/\/www.fcbarcelonanoticias.com\/en\/#website"},"primaryImageOfPage":{"@id":"https:\/\/www.fcbarcelonanoticias.com\/en\/fc-barcelona\/alignments-of-the-j22-of-laliga-espanyol-fc-barcelona_209440_102.html#primaryimage"},"image":{"@id":"https:\/\/www.fcbarcelonanoticias.com\/en\/fc-barcelona\/alignments-of-the-j22-of-laliga-espanyol-fc-barcelona_209440_102.html#primaryimage"},"thumbnailUrl":"https:\/\/www.fcbarcelonanoticias.com\/en\/wp-content\/uploads\/sites\/2\/2018\/02\/alineacion-espanyol-barcelona-243430.jpeg","datePublished":"2018-02-02T09:10:00+00:00","dateModified":"2026-04-16T07:29:31+00:00","author":{"@id":"https:\/\/www.fcbarcelonanoticias.com\/en\/#\/schema\/person\/1d0eb8457abc625a793c7a9f8f67612d"},"description":"The revancha of the derbi of Glass of the King between the Espanyol and the Bar\u00e7a arrives in a crucial week for the Barcelona, that play the Thursday his...","breadcrumb":{"@id":"https:\/\/www.fcbarcelonanoticias.com\/en\/fc-barcelona\/alignments-of-the-j22-of-laliga-espanyol-fc-barcelona_209440_102.html#breadcrumb"},"inLanguage":"en-US","potentialAction":[{"@type":"ReadAction","target":["https:\/\/www.fcbarcelonanoticias.com\/en\/fc-barcelona\/alignments-of-the-j22-of-laliga-espanyol-fc-barcelona_209440_102.html"]}]},{"@type":"ImageObject","inLanguage":"en-US","@id":"https:\/\/www.fcbarcelonanoticias.com\/en\/fc-barcelona\/alignments-of-the-j22-of-laliga-espanyol-fc-barcelona_209440_102.html#primaryimage","url":"https:\/\/www.fcbarcelonanoticias.com\/en\/wp-content\/uploads\/sites\/2\/2018\/02\/alineacion-espanyol-barcelona-243430.jpeg","contentUrl":"https:\/\/www.fcbarcelonanoticias.com\/en\/wp-content\/uploads\/sites\/2\/2018\/02\/alineacion-espanyol-barcelona-243430.jpeg","width":760,"height":428},{"@type":"BreadcrumbList","@id":"https:\/\/www.fcbarcelonanoticias.com\/en\/fc-barcelona\/alignments-of-the-j22-of-laliga-espanyol-fc-barcelona_209440_102.html#breadcrumb","itemListElement":[{"@type":"ListItem","position":1,"name":"Portada","item":"https:\/\/www.fcbarcelonanoticias.com\/en\/"},{"@type":"ListItem","position":2,"name":"Alignments of the J22 of LaLiga: Espanyol-FC Barcelona"}]},{"@type":"WebSite","@id":"https:\/\/www.fcbarcelonanoticias.com\/en\/#website","url":"https:\/\/www.fcbarcelonanoticias.com\/en\/","name":"EN - FC Barcelona Noticias","description":"","potentialAction":[{"@type":"SearchAction","target":{"@type":"EntryPoint","urlTemplate":"https:\/\/www.fcbarcelonanoticias.com\/en\/?s={search_term_string}"},"query-input":{"@type":"PropertyValueSpecification","valueRequired":true,"valueName":"search_term_string"}}],"inLanguage":"en-US"},{"@type":"Person","@id":"https:\/\/www.fcbarcelonanoticias.com\/en\/#\/schema\/person\/1d0eb8457abc625a793c7a9f8f67612d","name":"Albert Ram\u00edrez","image":{"@type":"ImageObject","inLanguage":"en-US","@id":"https:\/\/secure.gravatar.com\/avatar\/?s=96&d=mm&r=g","url":"https:\/\/secure.gravatar.com\/avatar\/?s=96&d=mm&r=g","contentUrl":"https:\/\/secure.gravatar.com\/avatar\/?s=96&d=mm&r=g","caption":"Albert Ram\u00edrez"},"url":"https:\/\/www.fcbarcelonanoticias.com\/en\/albert-ramirez_5_115.html"}]}},"_links":{"self":[{"href":"https:\/\/www.fcbarcelonanoticias.com\/en\/wp-json\/wp\/v2\/posts\/12334","targetHints":{"allow":["GET"]}}],"collection":[{"href":"https:\/\/www.fcbarcelonanoticias.com\/en\/wp-json\/wp\/v2\/posts"}],"about":[{"href":"https:\/\/www.fcbarcelonanoticias.com\/en\/wp-json\/wp\/v2\/types\/post"}],"author":[{"embeddable":true,"href":"https:\/\/www.fcbarcelonanoticias.com\/en\/wp-json\/wp\/v2\/users\/364"}],"replies":[{"embeddable":true,"href":"https:\/\/www.fcbarcelonanoticias.com\/en\/wp-json\/wp\/v2\/comments?post=12334"}],"version-history":[{"count":4,"href":"https:\/\/www.fcbarcelonanoticias.com\/en\/wp-json\/wp\/v2\/posts\/12334\/revisions"}],"predecessor-version":[{"id":175288,"href":"https:\/\/www.fcbarcelonanoticias.com\/en\/wp-json\/wp\/v2\/posts\/12334\/revisions\/175288"}],"wp:featuredmedia":[{"embeddable":true,"href":"https:\/\/www.fcbarcelonanoticias.com\/en\/wp-json\/wp\/v2\/media\/12335"}],"wp:attachment":[{"href":"https:\/\/www.fcbarcelonanoticias.com\/en\/wp-json\/wp\/v2\/media?parent=12334"}],"wp:term":[{"taxonomy":"category","embeddable":true,"href":"https:\/\/www.fcbarcelonanoticias.com\/en\/wp-json\/wp\/v2\/categories?post=12334"},{"taxonomy":"post_tag","embeddable":true,"href":"https:\/\/www.fcbarcelonanoticias.com\/en\/wp-json\/wp\/v2\/tags?post=12334"}],"curies":[{"name":"wp","href":"https:\/\/api.w.org\/{rel}","templated":true}]}}