{"id":12336,"date":"2017-03-31T19:39:00","date_gmt":"2017-03-31T17:39:00","guid":{"rendered":"https:\/\/weisetech.dev\/fc-barcelona-noticias\/en\/alignments-of-the-granada-barcelona-laliga-j29_198492_102\/"},"modified":"2026-04-16T09:59:50","modified_gmt":"2026-04-16T07:59:50","slug":"alignments-of-the-granada-barcelona-laliga-j29_198492_102","status":"publish","type":"post","link":"https:\/\/www.fcbarcelonanoticias.com\/en\/fc-barcelona\/alignments-of-the-granada-barcelona-laliga-j29_198492_102.html","title":{"rendered":"Alignments of the Granada-Barcelona (LaLiga J29)"},"content":{"rendered":"<h2 class=\"wp-block-heading\">The FC Barcelona will face a split &#8220;cheat&#8221; against one of the last qualifiers of LaLiga 2016-17, the Granada CF, that will try to add some point against a Bar\u00e7a that arrives with some important drops in the alignment of Luis Enrique<\/h2>  \r\n<div class=\"article-addons\">\r\n    <a href=\"https:\/\/www.fcbarcelonanoticias.com\/en\/calendar-fc-barcelona.html\"\r\n       target=\"_self\"\r\n       title=\"Calendar of FC Barcelona\"\r\n       class=\"blue-gredient-btn\">\r\n       \r\n        Calendar of FC Barcelona    <\/a>\r\n<\/div>   <p><a href=\"https:\/\/www.fcbarcelonanoticias.com\/fc-barcelona\/asi-ha-respondido-el-barca-al-virus-fifa-esta-temporada_198488_102.html\"><strong>Finished the stop of selections<\/strong><\/a>, the FC Barcelona faces now a duel &#8220;cheat&#8221; in&nbsp;<a href=\"https:\/\/www.fcbarcelonanoticias.com\/laliga-clasificacion.html\"><strong>LaLiga 2016-2017<\/strong><\/a>&nbsp;against the Granada CF in The C\u00e1rmenes, where the nazar\u00edes will try to put in difficulties to the ones of Luis Enrique and ara\u00f1ar some point that allow them see the exit of the zone of descent.<\/p> <p>And it is that <strong>the FC Barcelona will have some important drops in the alignment<\/strong> that present in Andalucia, beginning by the one of Leo Messi that is sanctioned by accumulation of yellow cards, and will leave a difficult gap to fill in the flank of attack.<\/p> <h2><strong><span style=\"font-size: 1.5em;\">This is the XI of the Barcelona in front of the Granada<\/span><\/strong><\/h2> <p><strong>XI of the Granada:<\/strong>&nbsp;Ochoa; Foulquier, Saunier, Lomb\u00e1n, G. Silva; H\u00e9ctor, Angban, Agbo; Wakaso, Pereira and Kravets.<\/p> <p><strong>XI of the FC Barcelona:&nbsp;<\/strong>Ter Stegen; S. Roberto, Mascherano, Mathieu, Jordi Alba; Busquets, Rakitic, To. Gomes; Neymar, Rafinha and Su\u00e1rez.<\/p> <p><strong>Bench:<\/strong>&nbsp;Cillessen, Digne, Umtiti, Andr\u00e9s Iniesta, Denis, Ale\u00f1\u00e1 and Alc\u00e1cer.<\/p> <p>To face the meeting, <strong>Luis Enrique has decided to keep <\/strong>in the centre of the field to Busquets, Iniesta and Rakitic, whereas in attack Rafinha Alc\u00e1ntara will be the big novelty when acting like right-handed extreme, in the position of Leo Messi.<\/p> <p>In defence, the drop of Gerard Hammered leaves the titularity to<strong> the couple Mascherano-Mathieu in the saga of head offices<\/strong>, whereas in the sides Sergi Roberto will go back to be a fixed in the right band, with Jordi Alba in the left. Luis Enrique will be able to give rest to Samuel Umtiti of face to the party against the Seville around the middle of the next week.<\/p> <p>The eleven, as we come saying, arrives preceded of <strong><a href=\"https:\/\/www.fcbarcelonanoticias.com\/fc-barcelona\/lista-de-convocados-del-fc-barcelona-contra-el-granada_198473_102.html\">a list of summoned<\/a><\/strong>&nbsp;in which finally Carles Ale\u00f1\u00e1. <strong>Jordi Masip<\/strong> has been the player descartado, whereas<strong> Leo Messi is sanctioned, Burn Turan lesionado<\/strong> and with <strong>Gerard Hammered<\/strong> has looked for  give him rest when dragging the Catalan defender some annoyances in the ankle.<\/p> ","protected":false},"excerpt":{"rendered":"<p>The FC Barcelona will face a split &#8220;cheat&#8221; against one of the last qualifiers of LaLiga 2016-17, the Granada CF, that will try to add some point against a Bar\u00e7a that arrives with some important drops in the alignment of Luis Enrique Finished the stop of selections, the FC Barcelona faces now a duel &#8220;cheat&#8221; [&hellip;]<\/p>\n","protected":false},"author":366,"featured_media":12337,"comment_status":"closed","ping_status":"open","sticky":false,"template":"","format":"standard","meta":{"_acf_changed":false,"inline_featured_image":false,"_nextfly_llmd_date_locked":false,"footnotes":""},"categories":[111],"tags":[201,73],"class_list":["post-12336","post","type-post","status-publish","format-standard","has-post-thumbnail","hentry","category-fc-barcelona","tag-lineups","tag-granada-cf"],"acf":[],"yoast_head":"<!-- This site is optimized with the Yoast SEO plugin v27.3 - https:\/\/yoast.com\/product\/yoast-seo-wordpress\/ -->\n<title>Alignments of the Granada-Barcelona (LaLiga J29)<\/title>\n<meta name=\"description\" content=\"The FC Barcelona will face a split &quot;cheat&quot; against one of the last qualifiers of LaLiga 2016-17, the Granada CF, that will try to add some...\" \/>\n<meta name=\"robots\" content=\"index, follow, max-snippet:-1, max-image-preview:large, max-video-preview:-1\" \/>\n<link rel=\"canonical\" href=\"https:\/\/www.fcbarcelonanoticias.com\/en\/fc-barcelona\/alignments-of-the-granada-barcelona-laliga-j29_198492_102.html\" \/>\n<meta property=\"og:locale\" content=\"en_US\" \/>\n<meta property=\"og:type\" content=\"article\" \/>\n<meta property=\"og:title\" content=\"Alignments of the Granada-Barcelona (LaLiga J29)\" \/>\n<meta property=\"og:description\" content=\"The FC Barcelona will face a split &quot;cheat&quot; against one of the last qualifiers of LaLiga 2016-17, the Granada CF, that will try to add some...\" \/>\n<meta property=\"og:url\" content=\"https:\/\/www.fcbarcelonanoticias.com\/en\/fc-barcelona\/alignments-of-the-granada-barcelona-laliga-j29_198492_102.html\" \/>\n<meta property=\"og:site_name\" content=\"EN - FC Barcelona Noticias\" \/>\n<meta property=\"article:published_time\" content=\"2017-03-31T17:39:00+00:00\" \/>\n<meta property=\"article:modified_time\" content=\"2026-04-16T07:59:50+00:00\" \/>\n<meta property=\"og:image\" content=\"https:\/\/www.fcbarcelonanoticias.com\/en\/wp-content\/uploads\/sites\/2\/2017\/03\/alineacion-granada-barcelona-214322.jpeg\" \/>\n\t<meta property=\"og:image:width\" content=\"761\" \/>\n\t<meta property=\"og:image:height\" content=\"428\" \/>\n\t<meta property=\"og:image:type\" content=\"image\/jpeg\" \/>\n<meta name=\"author\" content=\"Carlos Dom\u00ednguez\" \/>\n<meta name=\"twitter:card\" content=\"summary_large_image\" \/>\n<meta name=\"twitter:label1\" content=\"Written by\" \/>\n\t<meta name=\"twitter:data1\" content=\"Carlos Dom\u00ednguez\" \/>\n\t<meta name=\"twitter:label2\" content=\"Est. reading time\" \/>\n\t<meta name=\"twitter:data2\" content=\"2 minutes\" \/>\n<script type=\"application\/ld+json\" class=\"yoast-schema-graph\">{\"@context\":\"https:\\\/\\\/schema.org\",\"@graph\":[{\"@type\":\"Article\",\"@id\":\"https:\\\/\\\/www.fcbarcelonanoticias.com\\\/en\\\/fc-barcelona\\\/alignments-of-the-granada-barcelona-laliga-j29_198492_102.html#article\",\"isPartOf\":{\"@id\":\"https:\\\/\\\/www.fcbarcelonanoticias.com\\\/en\\\/fc-barcelona\\\/alignments-of-the-granada-barcelona-laliga-j29_198492_102.html\"},\"author\":{\"name\":\"Carlos Dom\u00ednguez\",\"@id\":\"https:\\\/\\\/www.fcbarcelonanoticias.com\\\/en\\\/#\\\/schema\\\/person\\\/888e29b17b79c70d1c617d8a7bc9b8c6\"},\"headline\":\"Alignments of the Granada-Barcelona (LaLiga J29)\",\"datePublished\":\"2017-03-31T17:39:00+00:00\",\"dateModified\":\"2026-04-16T07:59:50+00:00\",\"mainEntityOfPage\":{\"@id\":\"https:\\\/\\\/www.fcbarcelonanoticias.com\\\/en\\\/fc-barcelona\\\/alignments-of-the-granada-barcelona-laliga-j29_198492_102.html\"},\"wordCount\":388,\"image\":{\"@id\":\"https:\\\/\\\/www.fcbarcelonanoticias.com\\\/en\\\/fc-barcelona\\\/alignments-of-the-granada-barcelona-laliga-j29_198492_102.html#primaryimage\"},\"thumbnailUrl\":\"https:\\\/\\\/www.fcbarcelonanoticias.com\\\/en\\\/wp-content\\\/uploads\\\/sites\\\/2\\\/2017\\\/03\\\/alineacion-granada-barcelona-214322.jpeg\",\"keywords\":[\"FC Barcelona Lineups\",\"Granada CF\"],\"articleSection\":[\"FC Barcelona\"],\"inLanguage\":\"en-US\"},{\"@type\":\"WebPage\",\"@id\":\"https:\\\/\\\/www.fcbarcelonanoticias.com\\\/en\\\/fc-barcelona\\\/alignments-of-the-granada-barcelona-laliga-j29_198492_102.html\",\"url\":\"https:\\\/\\\/www.fcbarcelonanoticias.com\\\/en\\\/fc-barcelona\\\/alignments-of-the-granada-barcelona-laliga-j29_198492_102.html\",\"name\":\"Alignments of the Granada-Barcelona (LaLiga J29)\",\"isPartOf\":{\"@id\":\"https:\\\/\\\/www.fcbarcelonanoticias.com\\\/en\\\/#website\"},\"primaryImageOfPage\":{\"@id\":\"https:\\\/\\\/www.fcbarcelonanoticias.com\\\/en\\\/fc-barcelona\\\/alignments-of-the-granada-barcelona-laliga-j29_198492_102.html#primaryimage\"},\"image\":{\"@id\":\"https:\\\/\\\/www.fcbarcelonanoticias.com\\\/en\\\/fc-barcelona\\\/alignments-of-the-granada-barcelona-laliga-j29_198492_102.html#primaryimage\"},\"thumbnailUrl\":\"https:\\\/\\\/www.fcbarcelonanoticias.com\\\/en\\\/wp-content\\\/uploads\\\/sites\\\/2\\\/2017\\\/03\\\/alineacion-granada-barcelona-214322.jpeg\",\"datePublished\":\"2017-03-31T17:39:00+00:00\",\"dateModified\":\"2026-04-16T07:59:50+00:00\",\"author\":{\"@id\":\"https:\\\/\\\/www.fcbarcelonanoticias.com\\\/en\\\/#\\\/schema\\\/person\\\/888e29b17b79c70d1c617d8a7bc9b8c6\"},\"description\":\"The FC Barcelona will face a split \\\"cheat\\\" against one of the last qualifiers of LaLiga 2016-17, the Granada CF, that will try to add some...\",\"breadcrumb\":{\"@id\":\"https:\\\/\\\/www.fcbarcelonanoticias.com\\\/en\\\/fc-barcelona\\\/alignments-of-the-granada-barcelona-laliga-j29_198492_102.html#breadcrumb\"},\"inLanguage\":\"en-US\",\"potentialAction\":[{\"@type\":\"ReadAction\",\"target\":[\"https:\\\/\\\/www.fcbarcelonanoticias.com\\\/en\\\/fc-barcelona\\\/alignments-of-the-granada-barcelona-laliga-j29_198492_102.html\"]}]},{\"@type\":\"ImageObject\",\"inLanguage\":\"en-US\",\"@id\":\"https:\\\/\\\/www.fcbarcelonanoticias.com\\\/en\\\/fc-barcelona\\\/alignments-of-the-granada-barcelona-laliga-j29_198492_102.html#primaryimage\",\"url\":\"https:\\\/\\\/www.fcbarcelonanoticias.com\\\/en\\\/wp-content\\\/uploads\\\/sites\\\/2\\\/2017\\\/03\\\/alineacion-granada-barcelona-214322.jpeg\",\"contentUrl\":\"https:\\\/\\\/www.fcbarcelonanoticias.com\\\/en\\\/wp-content\\\/uploads\\\/sites\\\/2\\\/2017\\\/03\\\/alineacion-granada-barcelona-214322.jpeg\",\"width\":761,\"height\":428},{\"@type\":\"BreadcrumbList\",\"@id\":\"https:\\\/\\\/www.fcbarcelonanoticias.com\\\/en\\\/fc-barcelona\\\/alignments-of-the-granada-barcelona-laliga-j29_198492_102.html#breadcrumb\",\"itemListElement\":[{\"@type\":\"ListItem\",\"position\":1,\"name\":\"Portada\",\"item\":\"https:\\\/\\\/www.fcbarcelonanoticias.com\\\/en\\\/\"},{\"@type\":\"ListItem\",\"position\":2,\"name\":\"Alignments of the Granada-Barcelona (LaLiga J29)\"}]},{\"@type\":\"WebSite\",\"@id\":\"https:\\\/\\\/www.fcbarcelonanoticias.com\\\/en\\\/#website\",\"url\":\"https:\\\/\\\/www.fcbarcelonanoticias.com\\\/en\\\/\",\"name\":\"EN - FC Barcelona Noticias\",\"description\":\"\",\"potentialAction\":[{\"@type\":\"SearchAction\",\"target\":{\"@type\":\"EntryPoint\",\"urlTemplate\":\"https:\\\/\\\/www.fcbarcelonanoticias.com\\\/en\\\/?s={search_term_string}\"},\"query-input\":{\"@type\":\"PropertyValueSpecification\",\"valueRequired\":true,\"valueName\":\"search_term_string\"}}],\"inLanguage\":\"en-US\"},{\"@type\":\"Person\",\"@id\":\"https:\\\/\\\/www.fcbarcelonanoticias.com\\\/en\\\/#\\\/schema\\\/person\\\/888e29b17b79c70d1c617d8a7bc9b8c6\",\"name\":\"Carlos Dom\u00ednguez\",\"image\":{\"@type\":\"ImageObject\",\"inLanguage\":\"en-US\",\"@id\":\"https:\\\/\\\/secure.gravatar.com\\\/avatar\\\/?s=96&d=mm&r=g\",\"url\":\"https:\\\/\\\/secure.gravatar.com\\\/avatar\\\/?s=96&d=mm&r=g\",\"contentUrl\":\"https:\\\/\\\/secure.gravatar.com\\\/avatar\\\/?s=96&d=mm&r=g\",\"caption\":\"Carlos Dom\u00ednguez\"},\"url\":\"https:\\\/\\\/www.fcbarcelonanoticias.com\\\/en\\\/carlos-dominguez_2_115.html\"}]}<\/script>\n<!-- \/ Yoast SEO plugin. -->","yoast_head_json":{"title":"Alignments of the Granada-Barcelona (LaLiga J29)","description":"The FC Barcelona will face a split \"cheat\" against one of the last qualifiers of LaLiga 2016-17, the Granada CF, that will try to add some...","robots":{"index":"index","follow":"follow","max-snippet":"max-snippet:-1","max-image-preview":"max-image-preview:large","max-video-preview":"max-video-preview:-1"},"canonical":"https:\/\/www.fcbarcelonanoticias.com\/en\/fc-barcelona\/alignments-of-the-granada-barcelona-laliga-j29_198492_102.html","og_locale":"en_US","og_type":"article","og_title":"Alignments of the Granada-Barcelona (LaLiga J29)","og_description":"The FC Barcelona will face a split \"cheat\" against one of the last qualifiers of LaLiga 2016-17, the Granada CF, that will try to add some...","og_url":"https:\/\/www.fcbarcelonanoticias.com\/en\/fc-barcelona\/alignments-of-the-granada-barcelona-laliga-j29_198492_102.html","og_site_name":"EN - FC Barcelona Noticias","article_published_time":"2017-03-31T17:39:00+00:00","article_modified_time":"2026-04-16T07:59:50+00:00","og_image":[{"width":761,"height":428,"url":"https:\/\/www.fcbarcelonanoticias.com\/en\/wp-content\/uploads\/sites\/2\/2017\/03\/alineacion-granada-barcelona-214322.jpeg","type":"image\/jpeg"}],"author":"Carlos Dom\u00ednguez","twitter_card":"summary_large_image","twitter_misc":{"Written by":"Carlos Dom\u00ednguez","Est. reading time":"2 minutes"},"schema":{"@context":"https:\/\/schema.org","@graph":[{"@type":"Article","@id":"https:\/\/www.fcbarcelonanoticias.com\/en\/fc-barcelona\/alignments-of-the-granada-barcelona-laliga-j29_198492_102.html#article","isPartOf":{"@id":"https:\/\/www.fcbarcelonanoticias.com\/en\/fc-barcelona\/alignments-of-the-granada-barcelona-laliga-j29_198492_102.html"},"author":{"name":"Carlos Dom\u00ednguez","@id":"https:\/\/www.fcbarcelonanoticias.com\/en\/#\/schema\/person\/888e29b17b79c70d1c617d8a7bc9b8c6"},"headline":"Alignments of the Granada-Barcelona (LaLiga J29)","datePublished":"2017-03-31T17:39:00+00:00","dateModified":"2026-04-16T07:59:50+00:00","mainEntityOfPage":{"@id":"https:\/\/www.fcbarcelonanoticias.com\/en\/fc-barcelona\/alignments-of-the-granada-barcelona-laliga-j29_198492_102.html"},"wordCount":388,"image":{"@id":"https:\/\/www.fcbarcelonanoticias.com\/en\/fc-barcelona\/alignments-of-the-granada-barcelona-laliga-j29_198492_102.html#primaryimage"},"thumbnailUrl":"https:\/\/www.fcbarcelonanoticias.com\/en\/wp-content\/uploads\/sites\/2\/2017\/03\/alineacion-granada-barcelona-214322.jpeg","keywords":["FC Barcelona Lineups","Granada CF"],"articleSection":["FC Barcelona"],"inLanguage":"en-US"},{"@type":"WebPage","@id":"https:\/\/www.fcbarcelonanoticias.com\/en\/fc-barcelona\/alignments-of-the-granada-barcelona-laliga-j29_198492_102.html","url":"https:\/\/www.fcbarcelonanoticias.com\/en\/fc-barcelona\/alignments-of-the-granada-barcelona-laliga-j29_198492_102.html","name":"Alignments of the Granada-Barcelona (LaLiga J29)","isPartOf":{"@id":"https:\/\/www.fcbarcelonanoticias.com\/en\/#website"},"primaryImageOfPage":{"@id":"https:\/\/www.fcbarcelonanoticias.com\/en\/fc-barcelona\/alignments-of-the-granada-barcelona-laliga-j29_198492_102.html#primaryimage"},"image":{"@id":"https:\/\/www.fcbarcelonanoticias.com\/en\/fc-barcelona\/alignments-of-the-granada-barcelona-laliga-j29_198492_102.html#primaryimage"},"thumbnailUrl":"https:\/\/www.fcbarcelonanoticias.com\/en\/wp-content\/uploads\/sites\/2\/2017\/03\/alineacion-granada-barcelona-214322.jpeg","datePublished":"2017-03-31T17:39:00+00:00","dateModified":"2026-04-16T07:59:50+00:00","author":{"@id":"https:\/\/www.fcbarcelonanoticias.com\/en\/#\/schema\/person\/888e29b17b79c70d1c617d8a7bc9b8c6"},"description":"The FC Barcelona will face a split \"cheat\" against one of the last qualifiers of LaLiga 2016-17, the Granada CF, that will try to add some...","breadcrumb":{"@id":"https:\/\/www.fcbarcelonanoticias.com\/en\/fc-barcelona\/alignments-of-the-granada-barcelona-laliga-j29_198492_102.html#breadcrumb"},"inLanguage":"en-US","potentialAction":[{"@type":"ReadAction","target":["https:\/\/www.fcbarcelonanoticias.com\/en\/fc-barcelona\/alignments-of-the-granada-barcelona-laliga-j29_198492_102.html"]}]},{"@type":"ImageObject","inLanguage":"en-US","@id":"https:\/\/www.fcbarcelonanoticias.com\/en\/fc-barcelona\/alignments-of-the-granada-barcelona-laliga-j29_198492_102.html#primaryimage","url":"https:\/\/www.fcbarcelonanoticias.com\/en\/wp-content\/uploads\/sites\/2\/2017\/03\/alineacion-granada-barcelona-214322.jpeg","contentUrl":"https:\/\/www.fcbarcelonanoticias.com\/en\/wp-content\/uploads\/sites\/2\/2017\/03\/alineacion-granada-barcelona-214322.jpeg","width":761,"height":428},{"@type":"BreadcrumbList","@id":"https:\/\/www.fcbarcelonanoticias.com\/en\/fc-barcelona\/alignments-of-the-granada-barcelona-laliga-j29_198492_102.html#breadcrumb","itemListElement":[{"@type":"ListItem","position":1,"name":"Portada","item":"https:\/\/www.fcbarcelonanoticias.com\/en\/"},{"@type":"ListItem","position":2,"name":"Alignments of the Granada-Barcelona (LaLiga J29)"}]},{"@type":"WebSite","@id":"https:\/\/www.fcbarcelonanoticias.com\/en\/#website","url":"https:\/\/www.fcbarcelonanoticias.com\/en\/","name":"EN - FC Barcelona Noticias","description":"","potentialAction":[{"@type":"SearchAction","target":{"@type":"EntryPoint","urlTemplate":"https:\/\/www.fcbarcelonanoticias.com\/en\/?s={search_term_string}"},"query-input":{"@type":"PropertyValueSpecification","valueRequired":true,"valueName":"search_term_string"}}],"inLanguage":"en-US"},{"@type":"Person","@id":"https:\/\/www.fcbarcelonanoticias.com\/en\/#\/schema\/person\/888e29b17b79c70d1c617d8a7bc9b8c6","name":"Carlos Dom\u00ednguez","image":{"@type":"ImageObject","inLanguage":"en-US","@id":"https:\/\/secure.gravatar.com\/avatar\/?s=96&d=mm&r=g","url":"https:\/\/secure.gravatar.com\/avatar\/?s=96&d=mm&r=g","contentUrl":"https:\/\/secure.gravatar.com\/avatar\/?s=96&d=mm&r=g","caption":"Carlos Dom\u00ednguez"},"url":"https:\/\/www.fcbarcelonanoticias.com\/en\/carlos-dominguez_2_115.html"}]}},"_links":{"self":[{"href":"https:\/\/www.fcbarcelonanoticias.com\/en\/wp-json\/wp\/v2\/posts\/12336","targetHints":{"allow":["GET"]}}],"collection":[{"href":"https:\/\/www.fcbarcelonanoticias.com\/en\/wp-json\/wp\/v2\/posts"}],"about":[{"href":"https:\/\/www.fcbarcelonanoticias.com\/en\/wp-json\/wp\/v2\/types\/post"}],"author":[{"embeddable":true,"href":"https:\/\/www.fcbarcelonanoticias.com\/en\/wp-json\/wp\/v2\/users\/366"}],"replies":[{"embeddable":true,"href":"https:\/\/www.fcbarcelonanoticias.com\/en\/wp-json\/wp\/v2\/comments?post=12336"}],"version-history":[{"count":4,"href":"https:\/\/www.fcbarcelonanoticias.com\/en\/wp-json\/wp\/v2\/posts\/12336\/revisions"}],"predecessor-version":[{"id":183422,"href":"https:\/\/www.fcbarcelonanoticias.com\/en\/wp-json\/wp\/v2\/posts\/12336\/revisions\/183422"}],"wp:featuredmedia":[{"embeddable":true,"href":"https:\/\/www.fcbarcelonanoticias.com\/en\/wp-json\/wp\/v2\/media\/12337"}],"wp:attachment":[{"href":"https:\/\/www.fcbarcelonanoticias.com\/en\/wp-json\/wp\/v2\/media?parent=12336"}],"wp:term":[{"taxonomy":"category","embeddable":true,"href":"https:\/\/www.fcbarcelonanoticias.com\/en\/wp-json\/wp\/v2\/categories?post=12336"},{"taxonomy":"post_tag","embeddable":true,"href":"https:\/\/www.fcbarcelonanoticias.com\/en\/wp-json\/wp\/v2\/tags?post=12336"}],"curies":[{"name":"wp","href":"https:\/\/api.w.org\/{rel}","templated":true}]}}