{"id":12340,"date":"2017-12-15T08:15:00","date_gmt":"2017-12-15T07:15:00","guid":{"rendered":"https:\/\/weisetech.dev\/fc-barcelona-noticias\/en\/alignments-of-the-j16-of-laliga-fc-barcelona-sportive_207723_102\/"},"modified":"2026-04-16T09:58:31","modified_gmt":"2026-04-16T07:58:31","slug":"alignments-of-the-j16-of-laliga-fc-barcelona-sportive_207723_102","status":"publish","type":"post","link":"https:\/\/www.fcbarcelonanoticias.com\/en\/fc-barcelona\/alignments-of-the-j16-of-laliga-fc-barcelona-sportive_207723_102.html","title":{"rendered":"Alignments of the J16 of LaLiga: FC Barcelona-Sportive"},"content":{"rendered":"<h2 class=\"wp-block-heading\">The FC Barcelona has an opportunity of gold to reinforce his leadership before the Classical and the Sportive will try to repeat surprise in the Camp Nou, but in spite of the rotations, the Barcelona have to certify his favouritism on the lawn. These are the elected<\/h2>  \r\n<div class=\"article-addons\">\r\n    <a href=\"https:\/\/www.fcbarcelonanoticias.com\/en\/calendar-fc-barcelona.html\"\r\n       target=\"_self\"\r\n       title=\"Calendar of FC Barcelona\"\r\n       class=\"blue-gredient-btn\">\r\n       \r\n        Calendar of FC Barcelona    <\/a>\r\n<\/div>   <p>Although the <strong>Classical <strong><\/strong> already heats engines, the&nbsp;<strong><a href=\"https:\/\/www.fcbarcelonanoticias.com\/calendario-fcbarcelona.html\">FC Barcelona<\/a><\/strong>&nbsp;has to fulfil his obligations in <strong>LaLiga<\/strong>&nbsp;and confirm his superiority in front of the <strong>Sportive <strong> of the Coru\u00f1a<\/strong> with a victory. Ernesto Valverde signalled that these three points cost the same that the ones of any week, but carry an extra prize by <a href=\"https:\/\/www.fcbarcelonanoticias.com\/fc-barcelona\/el-valencia-se-desinfla-y-se-deja-la-segunda-plaza-en-ipurua_207706_102.html\"><strong>the defeat of Valencia in Ipurua<\/strong><\/a>. The blanquiazules do not go to give eases, but the <strong>Camp Nou<\/strong> has to impose.<\/strong><\/strong><\/p> <p><strong>For the duel, the Catalans arrive with the drops<\/strong>&nbsp;<strong>of<\/strong>&nbsp;<strong>Ousmane Demb\u00e9l\u00e9,&nbsp;<\/strong><strong>Rafinha Alc\u00e1ntara and Samuel Umtiti<\/strong>&nbsp;by injuries of diverse consideration. The one who also fell  of the list was <a href=\"https:\/\/www.fcbarcelonanoticias.com\/fichajes\/el-besiktas-turco-nueva-via-de-escape-para-arda-turan_207692_102.html\"><strong>Burn Turan<\/strong><\/a>, that follows without explaining and has to solve in some weeks the doubts on his future. Although Javier Mascherano and <strong>Andr\u00e9s Iniesta<\/strong> already have the high medical, only the manchego will begin between the headlines.<\/p> <h2><strong><span style=\"font-size: 1.5em;\">This is the XI of the Bar\u00e7a in front of the Sportive<\/span><\/strong><\/h2> <p><strong>XI of the FC Barcelona:<\/strong>&nbsp;Ter Stegen; Sergi Roberto, Hammered, Vermaelen, Alba; Paulinho, Rakitic, Iniesta; Alc\u00e1cer, Su\u00e1rez and Leo Messi.&nbsp;<\/p> <p><strong>XI of the Sportive<\/strong>: Rub\u00e9n Mart\u00ednez; Juanfran, Sidnei, Sch\u00e4r, Navarro; Borges, Guilherme; Carles Gil, Adri\u00e1n, \u00c7olak; and Lucas P\u00e9rez.<\/p> <p><strong>Bench of the Bar\u00e7a:<\/strong>&nbsp;Cillessen, Busquets, Denis, Mascherano, Digne, Andr\u00e9 Gomes, Aleix Vidal.<\/p> <p><strong>Ernesto Valverde could go back to the 4-3-3 home, with the intention to risk a bit more and impose his offensive quality<\/strong>. With Iniesta of start, in the centre of the field will accompany him Paulinho and Ivan Rakitic, since <strong>to Sergio Busquets has touched him not risking with a sanction.<\/strong>&nbsp;In the forward there are fewer novelties, with Luis Su\u00e1rez and Paco Alc\u00e1cer accompanying to a hambriento&nbsp;<a href=\"https:\/\/www.fcbarcelonanoticias.com\/en\/jugadores\/lionel-messi.html\"><strong>Leo Messi<\/strong><\/a>. <strong>Sergi Roberto will start like right side and Semedo is the descartado between the acting<\/strong>.<\/p> <p><strong>The Sportive, by his part, arrives with the same intentions that in his previous visits, <a href=\"https:\/\/www.fcbarcelonanoticias.com\/fc-barcelona\/el-deportivo-un-rival-al-que-el-barca-debe-convertir-en-sencillo_207699_102.html\">give some surprise<\/a>.<\/strong>&nbsp;In the last years the Galicians have appeared like victims and have carried  important points. Keep the together lines and be effective for rentabilizar the options in front of Ter Stegen will be the keys to surpass the Barcelona rotations.<\/p> ","protected":false},"excerpt":{"rendered":"<p>The FC Barcelona has an opportunity of gold to reinforce his leadership before the Classical and the Sportive will try to repeat surprise in the Camp Nou, but in spite of the rotations, the Barcelona have to certify his favouritism on the lawn. These are the elected Although the Classical already heats engines, the&nbsp;FC Barcelona&nbsp;has [&hellip;]<\/p>\n","protected":false},"author":376,"featured_media":12341,"comment_status":"closed","ping_status":"open","sticky":false,"template":"","format":"standard","meta":{"_acf_changed":false,"inline_featured_image":false,"_nextfly_llmd_date_locked":false,"footnotes":""},"categories":[111],"tags":[75,201],"class_list":["post-12340","post","type-post","status-publish","format-standard","has-post-thumbnail","hentry","category-fc-barcelona","tag-deportivo-de-la-coruna","tag-lineups"],"acf":[],"yoast_head":"<!-- This site is optimized with the Yoast SEO plugin v27.3 - https:\/\/yoast.com\/product\/yoast-seo-wordpress\/ -->\n<title>Alignments of the J16 of LaLiga: FC Barcelona-Sportive<\/title>\n<meta name=\"description\" content=\"The FC Barcelona has an opportunity of gold to reinforce his leadership before the Classical and the Sportive will try to repeat surprise in the Camp Nou...\" \/>\n<meta name=\"robots\" content=\"index, follow, max-snippet:-1, max-image-preview:large, max-video-preview:-1\" \/>\n<link rel=\"canonical\" href=\"https:\/\/www.fcbarcelonanoticias.com\/en\/fc-barcelona\/alignments-of-the-j16-of-laliga-fc-barcelona-sportive_207723_102.html\" \/>\n<meta property=\"og:locale\" content=\"en_US\" \/>\n<meta property=\"og:type\" content=\"article\" \/>\n<meta property=\"og:title\" content=\"Alignments of the J16 of LaLiga: FC Barcelona-Sportive\" \/>\n<meta property=\"og:description\" content=\"The FC Barcelona has an opportunity of gold to reinforce his leadership before the Classical and the Sportive will try to repeat surprise in the Camp Nou...\" \/>\n<meta property=\"og:url\" content=\"https:\/\/www.fcbarcelonanoticias.com\/en\/fc-barcelona\/alignments-of-the-j16-of-laliga-fc-barcelona-sportive_207723_102.html\" \/>\n<meta property=\"og:site_name\" content=\"EN - FC Barcelona Noticias\" \/>\n<meta property=\"article:published_time\" content=\"2017-12-15T07:15:00+00:00\" \/>\n<meta property=\"article:modified_time\" content=\"2026-04-16T07:58:31+00:00\" \/>\n<meta property=\"og:image\" content=\"https:\/\/www.fcbarcelonanoticias.com\/en\/wp-content\/uploads\/sites\/2\/2017\/12\/alineacion-barcelona-deportivo-237852.jpeg\" \/>\n\t<meta property=\"og:image:width\" content=\"761\" \/>\n\t<meta property=\"og:image:height\" content=\"428\" \/>\n\t<meta property=\"og:image:type\" content=\"image\/jpeg\" \/>\n<meta name=\"author\" content=\"user_4032\" \/>\n<meta name=\"twitter:card\" content=\"summary_large_image\" \/>\n<meta name=\"twitter:label1\" content=\"Written by\" \/>\n\t<meta name=\"twitter:data1\" content=\"user_4032\" \/>\n\t<meta name=\"twitter:label2\" content=\"Est. reading time\" \/>\n\t<meta name=\"twitter:data2\" content=\"2 minutes\" \/>\n<script type=\"application\/ld+json\" class=\"yoast-schema-graph\">{\"@context\":\"https:\\\/\\\/schema.org\",\"@graph\":[{\"@type\":\"Article\",\"@id\":\"https:\\\/\\\/www.fcbarcelonanoticias.com\\\/en\\\/fc-barcelona\\\/alignments-of-the-j16-of-laliga-fc-barcelona-sportive_207723_102.html#article\",\"isPartOf\":{\"@id\":\"https:\\\/\\\/www.fcbarcelonanoticias.com\\\/en\\\/fc-barcelona\\\/alignments-of-the-j16-of-laliga-fc-barcelona-sportive_207723_102.html\"},\"author\":{\"name\":\"user_4032\",\"@id\":\"https:\\\/\\\/www.fcbarcelonanoticias.com\\\/en\\\/#\\\/schema\\\/person\\\/87b10dbddf72505d2eeba8aaa6c9ba14\"},\"headline\":\"Alignments of the J16 of LaLiga: FC Barcelona-Sportive\",\"datePublished\":\"2017-12-15T07:15:00+00:00\",\"dateModified\":\"2026-04-16T07:58:31+00:00\",\"mainEntityOfPage\":{\"@id\":\"https:\\\/\\\/www.fcbarcelonanoticias.com\\\/en\\\/fc-barcelona\\\/alignments-of-the-j16-of-laliga-fc-barcelona-sportive_207723_102.html\"},\"wordCount\":433,\"image\":{\"@id\":\"https:\\\/\\\/www.fcbarcelonanoticias.com\\\/en\\\/fc-barcelona\\\/alignments-of-the-j16-of-laliga-fc-barcelona-sportive_207723_102.html#primaryimage\"},\"thumbnailUrl\":\"https:\\\/\\\/www.fcbarcelonanoticias.com\\\/en\\\/wp-content\\\/uploads\\\/sites\\\/2\\\/2017\\\/12\\\/alineacion-barcelona-deportivo-237852.jpeg\",\"keywords\":[\"Deportivo de La Coru\u00f1a\",\"FC Barcelona Lineups\"],\"articleSection\":[\"FC Barcelona\"],\"inLanguage\":\"en-US\"},{\"@type\":\"WebPage\",\"@id\":\"https:\\\/\\\/www.fcbarcelonanoticias.com\\\/en\\\/fc-barcelona\\\/alignments-of-the-j16-of-laliga-fc-barcelona-sportive_207723_102.html\",\"url\":\"https:\\\/\\\/www.fcbarcelonanoticias.com\\\/en\\\/fc-barcelona\\\/alignments-of-the-j16-of-laliga-fc-barcelona-sportive_207723_102.html\",\"name\":\"Alignments of the J16 of LaLiga: FC Barcelona-Sportive\",\"isPartOf\":{\"@id\":\"https:\\\/\\\/www.fcbarcelonanoticias.com\\\/en\\\/#website\"},\"primaryImageOfPage\":{\"@id\":\"https:\\\/\\\/www.fcbarcelonanoticias.com\\\/en\\\/fc-barcelona\\\/alignments-of-the-j16-of-laliga-fc-barcelona-sportive_207723_102.html#primaryimage\"},\"image\":{\"@id\":\"https:\\\/\\\/www.fcbarcelonanoticias.com\\\/en\\\/fc-barcelona\\\/alignments-of-the-j16-of-laliga-fc-barcelona-sportive_207723_102.html#primaryimage\"},\"thumbnailUrl\":\"https:\\\/\\\/www.fcbarcelonanoticias.com\\\/en\\\/wp-content\\\/uploads\\\/sites\\\/2\\\/2017\\\/12\\\/alineacion-barcelona-deportivo-237852.jpeg\",\"datePublished\":\"2017-12-15T07:15:00+00:00\",\"dateModified\":\"2026-04-16T07:58:31+00:00\",\"author\":{\"@id\":\"https:\\\/\\\/www.fcbarcelonanoticias.com\\\/en\\\/#\\\/schema\\\/person\\\/87b10dbddf72505d2eeba8aaa6c9ba14\"},\"description\":\"The FC Barcelona has an opportunity of gold to reinforce his leadership before the Classical and the Sportive will try to repeat surprise in the Camp Nou...\",\"breadcrumb\":{\"@id\":\"https:\\\/\\\/www.fcbarcelonanoticias.com\\\/en\\\/fc-barcelona\\\/alignments-of-the-j16-of-laliga-fc-barcelona-sportive_207723_102.html#breadcrumb\"},\"inLanguage\":\"en-US\",\"potentialAction\":[{\"@type\":\"ReadAction\",\"target\":[\"https:\\\/\\\/www.fcbarcelonanoticias.com\\\/en\\\/fc-barcelona\\\/alignments-of-the-j16-of-laliga-fc-barcelona-sportive_207723_102.html\"]}]},{\"@type\":\"ImageObject\",\"inLanguage\":\"en-US\",\"@id\":\"https:\\\/\\\/www.fcbarcelonanoticias.com\\\/en\\\/fc-barcelona\\\/alignments-of-the-j16-of-laliga-fc-barcelona-sportive_207723_102.html#primaryimage\",\"url\":\"https:\\\/\\\/www.fcbarcelonanoticias.com\\\/en\\\/wp-content\\\/uploads\\\/sites\\\/2\\\/2017\\\/12\\\/alineacion-barcelona-deportivo-237852.jpeg\",\"contentUrl\":\"https:\\\/\\\/www.fcbarcelonanoticias.com\\\/en\\\/wp-content\\\/uploads\\\/sites\\\/2\\\/2017\\\/12\\\/alineacion-barcelona-deportivo-237852.jpeg\",\"width\":761,\"height\":428},{\"@type\":\"BreadcrumbList\",\"@id\":\"https:\\\/\\\/www.fcbarcelonanoticias.com\\\/en\\\/fc-barcelona\\\/alignments-of-the-j16-of-laliga-fc-barcelona-sportive_207723_102.html#breadcrumb\",\"itemListElement\":[{\"@type\":\"ListItem\",\"position\":1,\"name\":\"Portada\",\"item\":\"https:\\\/\\\/www.fcbarcelonanoticias.com\\\/en\\\/\"},{\"@type\":\"ListItem\",\"position\":2,\"name\":\"Alignments of the J16 of LaLiga: FC Barcelona-Sportive\"}]},{\"@type\":\"WebSite\",\"@id\":\"https:\\\/\\\/www.fcbarcelonanoticias.com\\\/en\\\/#website\",\"url\":\"https:\\\/\\\/www.fcbarcelonanoticias.com\\\/en\\\/\",\"name\":\"EN - FC Barcelona Noticias\",\"description\":\"\",\"potentialAction\":[{\"@type\":\"SearchAction\",\"target\":{\"@type\":\"EntryPoint\",\"urlTemplate\":\"https:\\\/\\\/www.fcbarcelonanoticias.com\\\/en\\\/?s={search_term_string}\"},\"query-input\":{\"@type\":\"PropertyValueSpecification\",\"valueRequired\":true,\"valueName\":\"search_term_string\"}}],\"inLanguage\":\"en-US\"},{\"@type\":\"Person\",\"@id\":\"https:\\\/\\\/www.fcbarcelonanoticias.com\\\/en\\\/#\\\/schema\\\/person\\\/87b10dbddf72505d2eeba8aaa6c9ba14\",\"name\":\"user_4032\",\"image\":{\"@type\":\"ImageObject\",\"inLanguage\":\"en-US\",\"@id\":\"https:\\\/\\\/secure.gravatar.com\\\/avatar\\\/?s=96&d=mm&r=g\",\"url\":\"https:\\\/\\\/secure.gravatar.com\\\/avatar\\\/?s=96&d=mm&r=g\",\"contentUrl\":\"https:\\\/\\\/secure.gravatar.com\\\/avatar\\\/?s=96&d=mm&r=g\",\"caption\":\"user_4032\"},\"url\":\"https:\\\/\\\/www.fcbarcelonanoticias.com\\\/en\\\/user_4032.html\"}]}<\/script>\n<!-- \/ Yoast SEO plugin. -->","yoast_head_json":{"title":"Alignments of the J16 of LaLiga: FC Barcelona-Sportive","description":"The FC Barcelona has an opportunity of gold to reinforce his leadership before the Classical and the Sportive will try to repeat surprise in the Camp Nou...","robots":{"index":"index","follow":"follow","max-snippet":"max-snippet:-1","max-image-preview":"max-image-preview:large","max-video-preview":"max-video-preview:-1"},"canonical":"https:\/\/www.fcbarcelonanoticias.com\/en\/fc-barcelona\/alignments-of-the-j16-of-laliga-fc-barcelona-sportive_207723_102.html","og_locale":"en_US","og_type":"article","og_title":"Alignments of the J16 of LaLiga: FC Barcelona-Sportive","og_description":"The FC Barcelona has an opportunity of gold to reinforce his leadership before the Classical and the Sportive will try to repeat surprise in the Camp Nou...","og_url":"https:\/\/www.fcbarcelonanoticias.com\/en\/fc-barcelona\/alignments-of-the-j16-of-laliga-fc-barcelona-sportive_207723_102.html","og_site_name":"EN - FC Barcelona Noticias","article_published_time":"2017-12-15T07:15:00+00:00","article_modified_time":"2026-04-16T07:58:31+00:00","og_image":[{"width":761,"height":428,"url":"https:\/\/www.fcbarcelonanoticias.com\/en\/wp-content\/uploads\/sites\/2\/2017\/12\/alineacion-barcelona-deportivo-237852.jpeg","type":"image\/jpeg"}],"author":"user_4032","twitter_card":"summary_large_image","twitter_misc":{"Written by":"user_4032","Est. reading time":"2 minutes"},"schema":{"@context":"https:\/\/schema.org","@graph":[{"@type":"Article","@id":"https:\/\/www.fcbarcelonanoticias.com\/en\/fc-barcelona\/alignments-of-the-j16-of-laliga-fc-barcelona-sportive_207723_102.html#article","isPartOf":{"@id":"https:\/\/www.fcbarcelonanoticias.com\/en\/fc-barcelona\/alignments-of-the-j16-of-laliga-fc-barcelona-sportive_207723_102.html"},"author":{"name":"user_4032","@id":"https:\/\/www.fcbarcelonanoticias.com\/en\/#\/schema\/person\/87b10dbddf72505d2eeba8aaa6c9ba14"},"headline":"Alignments of the J16 of LaLiga: FC Barcelona-Sportive","datePublished":"2017-12-15T07:15:00+00:00","dateModified":"2026-04-16T07:58:31+00:00","mainEntityOfPage":{"@id":"https:\/\/www.fcbarcelonanoticias.com\/en\/fc-barcelona\/alignments-of-the-j16-of-laliga-fc-barcelona-sportive_207723_102.html"},"wordCount":433,"image":{"@id":"https:\/\/www.fcbarcelonanoticias.com\/en\/fc-barcelona\/alignments-of-the-j16-of-laliga-fc-barcelona-sportive_207723_102.html#primaryimage"},"thumbnailUrl":"https:\/\/www.fcbarcelonanoticias.com\/en\/wp-content\/uploads\/sites\/2\/2017\/12\/alineacion-barcelona-deportivo-237852.jpeg","keywords":["Deportivo de La Coru\u00f1a","FC Barcelona Lineups"],"articleSection":["FC Barcelona"],"inLanguage":"en-US"},{"@type":"WebPage","@id":"https:\/\/www.fcbarcelonanoticias.com\/en\/fc-barcelona\/alignments-of-the-j16-of-laliga-fc-barcelona-sportive_207723_102.html","url":"https:\/\/www.fcbarcelonanoticias.com\/en\/fc-barcelona\/alignments-of-the-j16-of-laliga-fc-barcelona-sportive_207723_102.html","name":"Alignments of the J16 of LaLiga: FC Barcelona-Sportive","isPartOf":{"@id":"https:\/\/www.fcbarcelonanoticias.com\/en\/#website"},"primaryImageOfPage":{"@id":"https:\/\/www.fcbarcelonanoticias.com\/en\/fc-barcelona\/alignments-of-the-j16-of-laliga-fc-barcelona-sportive_207723_102.html#primaryimage"},"image":{"@id":"https:\/\/www.fcbarcelonanoticias.com\/en\/fc-barcelona\/alignments-of-the-j16-of-laliga-fc-barcelona-sportive_207723_102.html#primaryimage"},"thumbnailUrl":"https:\/\/www.fcbarcelonanoticias.com\/en\/wp-content\/uploads\/sites\/2\/2017\/12\/alineacion-barcelona-deportivo-237852.jpeg","datePublished":"2017-12-15T07:15:00+00:00","dateModified":"2026-04-16T07:58:31+00:00","author":{"@id":"https:\/\/www.fcbarcelonanoticias.com\/en\/#\/schema\/person\/87b10dbddf72505d2eeba8aaa6c9ba14"},"description":"The FC Barcelona has an opportunity of gold to reinforce his leadership before the Classical and the Sportive will try to repeat surprise in the Camp Nou...","breadcrumb":{"@id":"https:\/\/www.fcbarcelonanoticias.com\/en\/fc-barcelona\/alignments-of-the-j16-of-laliga-fc-barcelona-sportive_207723_102.html#breadcrumb"},"inLanguage":"en-US","potentialAction":[{"@type":"ReadAction","target":["https:\/\/www.fcbarcelonanoticias.com\/en\/fc-barcelona\/alignments-of-the-j16-of-laliga-fc-barcelona-sportive_207723_102.html"]}]},{"@type":"ImageObject","inLanguage":"en-US","@id":"https:\/\/www.fcbarcelonanoticias.com\/en\/fc-barcelona\/alignments-of-the-j16-of-laliga-fc-barcelona-sportive_207723_102.html#primaryimage","url":"https:\/\/www.fcbarcelonanoticias.com\/en\/wp-content\/uploads\/sites\/2\/2017\/12\/alineacion-barcelona-deportivo-237852.jpeg","contentUrl":"https:\/\/www.fcbarcelonanoticias.com\/en\/wp-content\/uploads\/sites\/2\/2017\/12\/alineacion-barcelona-deportivo-237852.jpeg","width":761,"height":428},{"@type":"BreadcrumbList","@id":"https:\/\/www.fcbarcelonanoticias.com\/en\/fc-barcelona\/alignments-of-the-j16-of-laliga-fc-barcelona-sportive_207723_102.html#breadcrumb","itemListElement":[{"@type":"ListItem","position":1,"name":"Portada","item":"https:\/\/www.fcbarcelonanoticias.com\/en\/"},{"@type":"ListItem","position":2,"name":"Alignments of the J16 of LaLiga: FC Barcelona-Sportive"}]},{"@type":"WebSite","@id":"https:\/\/www.fcbarcelonanoticias.com\/en\/#website","url":"https:\/\/www.fcbarcelonanoticias.com\/en\/","name":"EN - FC Barcelona Noticias","description":"","potentialAction":[{"@type":"SearchAction","target":{"@type":"EntryPoint","urlTemplate":"https:\/\/www.fcbarcelonanoticias.com\/en\/?s={search_term_string}"},"query-input":{"@type":"PropertyValueSpecification","valueRequired":true,"valueName":"search_term_string"}}],"inLanguage":"en-US"},{"@type":"Person","@id":"https:\/\/www.fcbarcelonanoticias.com\/en\/#\/schema\/person\/87b10dbddf72505d2eeba8aaa6c9ba14","name":"user_4032","image":{"@type":"ImageObject","inLanguage":"en-US","@id":"https:\/\/secure.gravatar.com\/avatar\/?s=96&d=mm&r=g","url":"https:\/\/secure.gravatar.com\/avatar\/?s=96&d=mm&r=g","contentUrl":"https:\/\/secure.gravatar.com\/avatar\/?s=96&d=mm&r=g","caption":"user_4032"},"url":"https:\/\/www.fcbarcelonanoticias.com\/en\/user_4032.html"}]}},"_links":{"self":[{"href":"https:\/\/www.fcbarcelonanoticias.com\/en\/wp-json\/wp\/v2\/posts\/12340","targetHints":{"allow":["GET"]}}],"collection":[{"href":"https:\/\/www.fcbarcelonanoticias.com\/en\/wp-json\/wp\/v2\/posts"}],"about":[{"href":"https:\/\/www.fcbarcelonanoticias.com\/en\/wp-json\/wp\/v2\/types\/post"}],"author":[{"embeddable":true,"href":"https:\/\/www.fcbarcelonanoticias.com\/en\/wp-json\/wp\/v2\/users\/376"}],"replies":[{"embeddable":true,"href":"https:\/\/www.fcbarcelonanoticias.com\/en\/wp-json\/wp\/v2\/comments?post=12340"}],"version-history":[{"count":5,"href":"https:\/\/www.fcbarcelonanoticias.com\/en\/wp-json\/wp\/v2\/posts\/12340\/revisions"}],"predecessor-version":[{"id":183097,"href":"https:\/\/www.fcbarcelonanoticias.com\/en\/wp-json\/wp\/v2\/posts\/12340\/revisions\/183097"}],"wp:featuredmedia":[{"embeddable":true,"href":"https:\/\/www.fcbarcelonanoticias.com\/en\/wp-json\/wp\/v2\/media\/12341"}],"wp:attachment":[{"href":"https:\/\/www.fcbarcelonanoticias.com\/en\/wp-json\/wp\/v2\/media?parent=12340"}],"wp:term":[{"taxonomy":"category","embeddable":true,"href":"https:\/\/www.fcbarcelonanoticias.com\/en\/wp-json\/wp\/v2\/categories?post=12340"},{"taxonomy":"post_tag","embeddable":true,"href":"https:\/\/www.fcbarcelonanoticias.com\/en\/wp-json\/wp\/v2\/tags?post=12340"}],"curies":[{"name":"wp","href":"https:\/\/api.w.org\/{rel}","templated":true}]}}