{"id":12356,"date":"2016-07-27T19:01:00","date_gmt":"2016-07-27T17:01:00","guid":{"rendered":"https:\/\/weisetech.dev\/fc-barcelona-noticias\/en\/alignments-of-the-fc-barcelona-vs-leicester-city-pre-season_186758_102\/"},"modified":"2026-04-16T09:23:25","modified_gmt":"2026-04-16T07:23:25","slug":"alignments-of-the-fc-barcelona-vs-leicester-city-pre-season_186758_102","status":"publish","type":"post","link":"https:\/\/www.fcbarcelonanoticias.com\/en\/fc-barcelona\/alignments-of-the-fc-barcelona-vs-leicester-city-pre-season_186758_102.html","title":{"rendered":"Alignments of the FC Barcelona vs Leicester City (Pre-season)"},"content":{"rendered":"<h2 class=\"wp-block-heading\">The FC Barcelona confronts  this Wednesday in the Friends Sand of Stockholm (20.00 hours) to the Leicester City, in the second party of the pre-season 2016-17. Luis Enrique will give minutes to all loshombres to his disposal<\/h2>  \r\n<div class=\"article-addons\">\r\n    <a href=\"https:\/\/www.fcbarcelonanoticias.com\/en\/calendar-fc-barcelona.html\"\r\n       target=\"_self\"\r\n       title=\"Calendar of FC Barcelona\"\r\n       class=\"blue-gredient-btn\">\r\n       \r\n        Calendar of FC Barcelona    <\/a>\r\n<\/div>   <p>The Bar\u00e7a of <strong>Luis Enrique<\/strong> contests his friendly second this Wednesday from the 20.00 hours in the Friends Sand of Stockholm&nbsp;<strong>against the Leicester City<\/strong>, that will try to recover the good feelings in this pre-season 2016-2017 to days to begin his official season. The English will contest in some days <strong>the Supercopa English in front of the Manchester United<\/strong>, by what is possible that his &#8220;usual headlines&#8221; do not play too many minutes along the meeting.<\/p> <h2>This is the XI of the Barcelona in front of the Leicester City<\/h2> <p><strong>XI of the Bar\u00e7a:<\/strong>&nbsp;Masip; Aleix Vidal, Mathieu, Marlon, Camera; Sergi Roberto, Burn, Denis; Munir, Messi and Luis Su\u00e1rez.<\/p> <p><strong>Bench:<\/strong>&nbsp;Jos\u00e9 Aurelio Su\u00e1rez, Mascherano, Mart\u00ednez, Samper, Carbonell, Sergio Busquets, Ale\u00f1\u00e1, Nili, Alfaro and M\u00fajica.<\/p> <p><strong>Leicester City:&nbsp;<\/strong>Zieler, Simpson, Huth, Morgan, Chilwell, Albrighton, Drinkwater, King, Gray, Mahrez, Vardy.<\/p> <p>The cul\u00e9s come to<a href=\"https:\/\/www.fcbarcelonanoticias.com\/pretemporada\/reencuentros-y-bromas-en-la-vuelta-de-los-internacionales_182671_102.html\"><strong> train to good rhythm after the turn of the international<\/strong>,<\/a> just after&nbsp;<strong>the week of trainings in Saint George&#8217;s Park<\/strong>, the sportive installations of the English Federation, in a phase of the pre-season that already repeated does two summers, months before the FC Barcelona conquered the triplete. Now, the 21 effective that has &#8220;Struggle&#8221; to his disposal, as&nbsp;we will see again in action to nine players of the filial and of the juvenile Barcelona as well as to Mascherano and Busquets, will serve him to the Asturian to follow with the proofs.<\/p> <p>The Bar\u00e7a wants to follow to good rhythm and keep the good feelings left in the first meeting of pre-season in front of the Celtic of Glasgow. The proofs and the improvements will serve to the cul\u00e9s to prepare  the best possible, of this way, for the two official parties of <a href=\"https:\/\/www.fcbarcelonanoticias.com\/calendario\/calendario-supercopa-de-espana-2016_181640_102.html\"><strong>Supercopa of Spain against the Seville<\/strong><\/a>, that will not put it at all easy in the state tournament. <strong>Luis Su\u00e1rez and Leo Messi will be the two main attractions<\/strong> in Dublin, although it is foreseen that they do not play the complete party taking into account that Luis Enrique will deliver minutes between all the effective on the terrain of game.<\/p> <p>The Asturian technician ranges an eleven more than competitive. <strong>The Bar\u00e7a looks for with this follow filming to a high level from the beginning of the meeting <\/strong>to continue with&nbsp;his positive dynamics.&nbsp;<\/p> ","protected":false},"excerpt":{"rendered":"<p>The FC Barcelona confronts this Wednesday in the Friends Sand of Stockholm (20.00 hours) to the Leicester City, in the second party of the pre-season 2016-17. Luis Enrique will give minutes to all loshombres to his disposal The Bar\u00e7a of Luis Enrique contests his friendly second this Wednesday from the 20.00 hours in the Friends [&hellip;]<\/p>\n","protected":false},"author":392,"featured_media":12357,"comment_status":"closed","ping_status":"open","sticky":false,"template":"","format":"standard","meta":{"_acf_changed":false,"inline_featured_image":false,"_nextfly_llmd_date_locked":false,"footnotes":""},"categories":[111],"tags":[201,148],"class_list":["post-12356","post","type-post","status-publish","format-standard","has-post-thumbnail","hentry","category-fc-barcelona","tag-lineups","tag-luis-enrique"],"acf":[],"yoast_head":"<!-- This site is optimized with the Yoast SEO plugin v27.3 - https:\/\/yoast.com\/product\/yoast-seo-wordpress\/ -->\n<title>Alignments of the FC Barcelona vs Leicester City (Pre-season)<\/title>\n<meta name=\"description\" content=\"The FC Barcelona confronts this Wednesday in the Friends Sand of Stockholm (20.00 hours) to the Leicester City, in the second party of the...\" \/>\n<meta name=\"robots\" content=\"index, follow, max-snippet:-1, max-image-preview:large, max-video-preview:-1\" \/>\n<link rel=\"canonical\" href=\"https:\/\/www.fcbarcelonanoticias.com\/en\/fc-barcelona\/alignments-of-the-fc-barcelona-vs-leicester-city-pre-season_186758_102.html\" \/>\n<meta property=\"og:locale\" content=\"en_US\" \/>\n<meta property=\"og:type\" content=\"article\" \/>\n<meta property=\"og:title\" content=\"Alignments of the FC Barcelona vs Leicester City (Pre-season)\" \/>\n<meta property=\"og:description\" content=\"The FC Barcelona confronts this Wednesday in the Friends Sand of Stockholm (20.00 hours) to the Leicester City, in the second party of the...\" \/>\n<meta property=\"og:url\" content=\"https:\/\/www.fcbarcelonanoticias.com\/en\/fc-barcelona\/alignments-of-the-fc-barcelona-vs-leicester-city-pre-season_186758_102.html\" \/>\n<meta property=\"og:site_name\" content=\"EN - FC Barcelona Noticias\" \/>\n<meta property=\"article:published_time\" content=\"2016-07-27T17:01:00+00:00\" \/>\n<meta property=\"article:modified_time\" content=\"2026-04-16T07:23:25+00:00\" \/>\n<meta property=\"og:image\" content=\"https:\/\/www.fcbarcelonanoticias.com\/en\/wp-content\/uploads\/sites\/2\/2016\/07\/calentamiento-190527.png\" \/>\n\t<meta property=\"og:image:width\" content=\"1196\" \/>\n\t<meta property=\"og:image:height\" content=\"673\" \/>\n\t<meta property=\"og:image:type\" content=\"image\/png\" \/>\n<meta name=\"author\" content=\"user_4048\" \/>\n<meta name=\"twitter:card\" content=\"summary_large_image\" \/>\n<meta name=\"twitter:label1\" content=\"Written by\" \/>\n\t<meta name=\"twitter:data1\" content=\"user_4048\" \/>\n\t<meta name=\"twitter:label2\" content=\"Est. reading time\" \/>\n\t<meta name=\"twitter:data2\" content=\"2 minutes\" \/>\n<script type=\"application\/ld+json\" class=\"yoast-schema-graph\">{\"@context\":\"https:\\\/\\\/schema.org\",\"@graph\":[{\"@type\":\"Article\",\"@id\":\"https:\\\/\\\/www.fcbarcelonanoticias.com\\\/en\\\/fc-barcelona\\\/alignments-of-the-fc-barcelona-vs-leicester-city-pre-season_186758_102.html#article\",\"isPartOf\":{\"@id\":\"https:\\\/\\\/www.fcbarcelonanoticias.com\\\/en\\\/fc-barcelona\\\/alignments-of-the-fc-barcelona-vs-leicester-city-pre-season_186758_102.html\"},\"author\":{\"name\":\"user_4048\",\"@id\":\"https:\\\/\\\/www.fcbarcelonanoticias.com\\\/en\\\/#\\\/schema\\\/person\\\/fcdad55cab72b8d0e106d75506783b6d\"},\"headline\":\"Alignments of the FC Barcelona vs Leicester City (Pre-season)\",\"datePublished\":\"2016-07-27T17:01:00+00:00\",\"dateModified\":\"2026-04-16T07:23:25+00:00\",\"mainEntityOfPage\":{\"@id\":\"https:\\\/\\\/www.fcbarcelonanoticias.com\\\/en\\\/fc-barcelona\\\/alignments-of-the-fc-barcelona-vs-leicester-city-pre-season_186758_102.html\"},\"wordCount\":442,\"image\":{\"@id\":\"https:\\\/\\\/www.fcbarcelonanoticias.com\\\/en\\\/fc-barcelona\\\/alignments-of-the-fc-barcelona-vs-leicester-city-pre-season_186758_102.html#primaryimage\"},\"thumbnailUrl\":\"https:\\\/\\\/www.fcbarcelonanoticias.com\\\/en\\\/wp-content\\\/uploads\\\/sites\\\/2\\\/2016\\\/07\\\/calentamiento-190527.png\",\"keywords\":[\"FC Barcelona Lineups\",\"Luis Enrique\"],\"articleSection\":[\"FC Barcelona\"],\"inLanguage\":\"en-US\"},{\"@type\":\"WebPage\",\"@id\":\"https:\\\/\\\/www.fcbarcelonanoticias.com\\\/en\\\/fc-barcelona\\\/alignments-of-the-fc-barcelona-vs-leicester-city-pre-season_186758_102.html\",\"url\":\"https:\\\/\\\/www.fcbarcelonanoticias.com\\\/en\\\/fc-barcelona\\\/alignments-of-the-fc-barcelona-vs-leicester-city-pre-season_186758_102.html\",\"name\":\"Alignments of the FC Barcelona vs Leicester City (Pre-season)\",\"isPartOf\":{\"@id\":\"https:\\\/\\\/www.fcbarcelonanoticias.com\\\/en\\\/#website\"},\"primaryImageOfPage\":{\"@id\":\"https:\\\/\\\/www.fcbarcelonanoticias.com\\\/en\\\/fc-barcelona\\\/alignments-of-the-fc-barcelona-vs-leicester-city-pre-season_186758_102.html#primaryimage\"},\"image\":{\"@id\":\"https:\\\/\\\/www.fcbarcelonanoticias.com\\\/en\\\/fc-barcelona\\\/alignments-of-the-fc-barcelona-vs-leicester-city-pre-season_186758_102.html#primaryimage\"},\"thumbnailUrl\":\"https:\\\/\\\/www.fcbarcelonanoticias.com\\\/en\\\/wp-content\\\/uploads\\\/sites\\\/2\\\/2016\\\/07\\\/calentamiento-190527.png\",\"datePublished\":\"2016-07-27T17:01:00+00:00\",\"dateModified\":\"2026-04-16T07:23:25+00:00\",\"author\":{\"@id\":\"https:\\\/\\\/www.fcbarcelonanoticias.com\\\/en\\\/#\\\/schema\\\/person\\\/fcdad55cab72b8d0e106d75506783b6d\"},\"description\":\"The FC Barcelona confronts this Wednesday in the Friends Sand of Stockholm (20.00 hours) to the Leicester City, in the second party of the...\",\"breadcrumb\":{\"@id\":\"https:\\\/\\\/www.fcbarcelonanoticias.com\\\/en\\\/fc-barcelona\\\/alignments-of-the-fc-barcelona-vs-leicester-city-pre-season_186758_102.html#breadcrumb\"},\"inLanguage\":\"en-US\",\"potentialAction\":[{\"@type\":\"ReadAction\",\"target\":[\"https:\\\/\\\/www.fcbarcelonanoticias.com\\\/en\\\/fc-barcelona\\\/alignments-of-the-fc-barcelona-vs-leicester-city-pre-season_186758_102.html\"]}]},{\"@type\":\"ImageObject\",\"inLanguage\":\"en-US\",\"@id\":\"https:\\\/\\\/www.fcbarcelonanoticias.com\\\/en\\\/fc-barcelona\\\/alignments-of-the-fc-barcelona-vs-leicester-city-pre-season_186758_102.html#primaryimage\",\"url\":\"https:\\\/\\\/www.fcbarcelonanoticias.com\\\/en\\\/wp-content\\\/uploads\\\/sites\\\/2\\\/2016\\\/07\\\/calentamiento-190527.png\",\"contentUrl\":\"https:\\\/\\\/www.fcbarcelonanoticias.com\\\/en\\\/wp-content\\\/uploads\\\/sites\\\/2\\\/2016\\\/07\\\/calentamiento-190527.png\",\"width\":1196,\"height\":673},{\"@type\":\"BreadcrumbList\",\"@id\":\"https:\\\/\\\/www.fcbarcelonanoticias.com\\\/en\\\/fc-barcelona\\\/alignments-of-the-fc-barcelona-vs-leicester-city-pre-season_186758_102.html#breadcrumb\",\"itemListElement\":[{\"@type\":\"ListItem\",\"position\":1,\"name\":\"Portada\",\"item\":\"https:\\\/\\\/www.fcbarcelonanoticias.com\\\/en\\\/\"},{\"@type\":\"ListItem\",\"position\":2,\"name\":\"Alignments of the FC Barcelona vs Leicester City (Pre-season)\"}]},{\"@type\":\"WebSite\",\"@id\":\"https:\\\/\\\/www.fcbarcelonanoticias.com\\\/en\\\/#website\",\"url\":\"https:\\\/\\\/www.fcbarcelonanoticias.com\\\/en\\\/\",\"name\":\"EN - FC Barcelona Noticias\",\"description\":\"\",\"potentialAction\":[{\"@type\":\"SearchAction\",\"target\":{\"@type\":\"EntryPoint\",\"urlTemplate\":\"https:\\\/\\\/www.fcbarcelonanoticias.com\\\/en\\\/?s={search_term_string}\"},\"query-input\":{\"@type\":\"PropertyValueSpecification\",\"valueRequired\":true,\"valueName\":\"search_term_string\"}}],\"inLanguage\":\"en-US\"},{\"@type\":\"Person\",\"@id\":\"https:\\\/\\\/www.fcbarcelonanoticias.com\\\/en\\\/#\\\/schema\\\/person\\\/fcdad55cab72b8d0e106d75506783b6d\",\"name\":\"user_4048\",\"image\":{\"@type\":\"ImageObject\",\"inLanguage\":\"en-US\",\"@id\":\"https:\\\/\\\/secure.gravatar.com\\\/avatar\\\/?s=96&d=mm&r=g\",\"url\":\"https:\\\/\\\/secure.gravatar.com\\\/avatar\\\/?s=96&d=mm&r=g\",\"contentUrl\":\"https:\\\/\\\/secure.gravatar.com\\\/avatar\\\/?s=96&d=mm&r=g\",\"caption\":\"user_4048\"},\"url\":\"https:\\\/\\\/www.fcbarcelonanoticias.com\\\/en\\\/user_4048.html\"}]}<\/script>\n<!-- \/ Yoast SEO plugin. -->","yoast_head_json":{"title":"Alignments of the FC Barcelona vs Leicester City (Pre-season)","description":"The FC Barcelona confronts this Wednesday in the Friends Sand of Stockholm (20.00 hours) to the Leicester City, in the second party of the...","robots":{"index":"index","follow":"follow","max-snippet":"max-snippet:-1","max-image-preview":"max-image-preview:large","max-video-preview":"max-video-preview:-1"},"canonical":"https:\/\/www.fcbarcelonanoticias.com\/en\/fc-barcelona\/alignments-of-the-fc-barcelona-vs-leicester-city-pre-season_186758_102.html","og_locale":"en_US","og_type":"article","og_title":"Alignments of the FC Barcelona vs Leicester City (Pre-season)","og_description":"The FC Barcelona confronts this Wednesday in the Friends Sand of Stockholm (20.00 hours) to the Leicester City, in the second party of the...","og_url":"https:\/\/www.fcbarcelonanoticias.com\/en\/fc-barcelona\/alignments-of-the-fc-barcelona-vs-leicester-city-pre-season_186758_102.html","og_site_name":"EN - FC Barcelona Noticias","article_published_time":"2016-07-27T17:01:00+00:00","article_modified_time":"2026-04-16T07:23:25+00:00","og_image":[{"width":1196,"height":673,"url":"https:\/\/www.fcbarcelonanoticias.com\/en\/wp-content\/uploads\/sites\/2\/2016\/07\/calentamiento-190527.png","type":"image\/png"}],"author":"user_4048","twitter_card":"summary_large_image","twitter_misc":{"Written by":"user_4048","Est. reading time":"2 minutes"},"schema":{"@context":"https:\/\/schema.org","@graph":[{"@type":"Article","@id":"https:\/\/www.fcbarcelonanoticias.com\/en\/fc-barcelona\/alignments-of-the-fc-barcelona-vs-leicester-city-pre-season_186758_102.html#article","isPartOf":{"@id":"https:\/\/www.fcbarcelonanoticias.com\/en\/fc-barcelona\/alignments-of-the-fc-barcelona-vs-leicester-city-pre-season_186758_102.html"},"author":{"name":"user_4048","@id":"https:\/\/www.fcbarcelonanoticias.com\/en\/#\/schema\/person\/fcdad55cab72b8d0e106d75506783b6d"},"headline":"Alignments of the FC Barcelona vs Leicester City (Pre-season)","datePublished":"2016-07-27T17:01:00+00:00","dateModified":"2026-04-16T07:23:25+00:00","mainEntityOfPage":{"@id":"https:\/\/www.fcbarcelonanoticias.com\/en\/fc-barcelona\/alignments-of-the-fc-barcelona-vs-leicester-city-pre-season_186758_102.html"},"wordCount":442,"image":{"@id":"https:\/\/www.fcbarcelonanoticias.com\/en\/fc-barcelona\/alignments-of-the-fc-barcelona-vs-leicester-city-pre-season_186758_102.html#primaryimage"},"thumbnailUrl":"https:\/\/www.fcbarcelonanoticias.com\/en\/wp-content\/uploads\/sites\/2\/2016\/07\/calentamiento-190527.png","keywords":["FC Barcelona Lineups","Luis Enrique"],"articleSection":["FC Barcelona"],"inLanguage":"en-US"},{"@type":"WebPage","@id":"https:\/\/www.fcbarcelonanoticias.com\/en\/fc-barcelona\/alignments-of-the-fc-barcelona-vs-leicester-city-pre-season_186758_102.html","url":"https:\/\/www.fcbarcelonanoticias.com\/en\/fc-barcelona\/alignments-of-the-fc-barcelona-vs-leicester-city-pre-season_186758_102.html","name":"Alignments of the FC Barcelona vs Leicester City (Pre-season)","isPartOf":{"@id":"https:\/\/www.fcbarcelonanoticias.com\/en\/#website"},"primaryImageOfPage":{"@id":"https:\/\/www.fcbarcelonanoticias.com\/en\/fc-barcelona\/alignments-of-the-fc-barcelona-vs-leicester-city-pre-season_186758_102.html#primaryimage"},"image":{"@id":"https:\/\/www.fcbarcelonanoticias.com\/en\/fc-barcelona\/alignments-of-the-fc-barcelona-vs-leicester-city-pre-season_186758_102.html#primaryimage"},"thumbnailUrl":"https:\/\/www.fcbarcelonanoticias.com\/en\/wp-content\/uploads\/sites\/2\/2016\/07\/calentamiento-190527.png","datePublished":"2016-07-27T17:01:00+00:00","dateModified":"2026-04-16T07:23:25+00:00","author":{"@id":"https:\/\/www.fcbarcelonanoticias.com\/en\/#\/schema\/person\/fcdad55cab72b8d0e106d75506783b6d"},"description":"The FC Barcelona confronts this Wednesday in the Friends Sand of Stockholm (20.00 hours) to the Leicester City, in the second party of the...","breadcrumb":{"@id":"https:\/\/www.fcbarcelonanoticias.com\/en\/fc-barcelona\/alignments-of-the-fc-barcelona-vs-leicester-city-pre-season_186758_102.html#breadcrumb"},"inLanguage":"en-US","potentialAction":[{"@type":"ReadAction","target":["https:\/\/www.fcbarcelonanoticias.com\/en\/fc-barcelona\/alignments-of-the-fc-barcelona-vs-leicester-city-pre-season_186758_102.html"]}]},{"@type":"ImageObject","inLanguage":"en-US","@id":"https:\/\/www.fcbarcelonanoticias.com\/en\/fc-barcelona\/alignments-of-the-fc-barcelona-vs-leicester-city-pre-season_186758_102.html#primaryimage","url":"https:\/\/www.fcbarcelonanoticias.com\/en\/wp-content\/uploads\/sites\/2\/2016\/07\/calentamiento-190527.png","contentUrl":"https:\/\/www.fcbarcelonanoticias.com\/en\/wp-content\/uploads\/sites\/2\/2016\/07\/calentamiento-190527.png","width":1196,"height":673},{"@type":"BreadcrumbList","@id":"https:\/\/www.fcbarcelonanoticias.com\/en\/fc-barcelona\/alignments-of-the-fc-barcelona-vs-leicester-city-pre-season_186758_102.html#breadcrumb","itemListElement":[{"@type":"ListItem","position":1,"name":"Portada","item":"https:\/\/www.fcbarcelonanoticias.com\/en\/"},{"@type":"ListItem","position":2,"name":"Alignments of the FC Barcelona vs Leicester City (Pre-season)"}]},{"@type":"WebSite","@id":"https:\/\/www.fcbarcelonanoticias.com\/en\/#website","url":"https:\/\/www.fcbarcelonanoticias.com\/en\/","name":"EN - FC Barcelona Noticias","description":"","potentialAction":[{"@type":"SearchAction","target":{"@type":"EntryPoint","urlTemplate":"https:\/\/www.fcbarcelonanoticias.com\/en\/?s={search_term_string}"},"query-input":{"@type":"PropertyValueSpecification","valueRequired":true,"valueName":"search_term_string"}}],"inLanguage":"en-US"},{"@type":"Person","@id":"https:\/\/www.fcbarcelonanoticias.com\/en\/#\/schema\/person\/fcdad55cab72b8d0e106d75506783b6d","name":"user_4048","image":{"@type":"ImageObject","inLanguage":"en-US","@id":"https:\/\/secure.gravatar.com\/avatar\/?s=96&d=mm&r=g","url":"https:\/\/secure.gravatar.com\/avatar\/?s=96&d=mm&r=g","contentUrl":"https:\/\/secure.gravatar.com\/avatar\/?s=96&d=mm&r=g","caption":"user_4048"},"url":"https:\/\/www.fcbarcelonanoticias.com\/en\/user_4048.html"}]}},"_links":{"self":[{"href":"https:\/\/www.fcbarcelonanoticias.com\/en\/wp-json\/wp\/v2\/posts\/12356","targetHints":{"allow":["GET"]}}],"collection":[{"href":"https:\/\/www.fcbarcelonanoticias.com\/en\/wp-json\/wp\/v2\/posts"}],"about":[{"href":"https:\/\/www.fcbarcelonanoticias.com\/en\/wp-json\/wp\/v2\/types\/post"}],"author":[{"embeddable":true,"href":"https:\/\/www.fcbarcelonanoticias.com\/en\/wp-json\/wp\/v2\/users\/392"}],"replies":[{"embeddable":true,"href":"https:\/\/www.fcbarcelonanoticias.com\/en\/wp-json\/wp\/v2\/comments?post=12356"}],"version-history":[{"count":3,"href":"https:\/\/www.fcbarcelonanoticias.com\/en\/wp-json\/wp\/v2\/posts\/12356\/revisions"}],"predecessor-version":[{"id":173423,"href":"https:\/\/www.fcbarcelonanoticias.com\/en\/wp-json\/wp\/v2\/posts\/12356\/revisions\/173423"}],"wp:featuredmedia":[{"embeddable":true,"href":"https:\/\/www.fcbarcelonanoticias.com\/en\/wp-json\/wp\/v2\/media\/12357"}],"wp:attachment":[{"href":"https:\/\/www.fcbarcelonanoticias.com\/en\/wp-json\/wp\/v2\/media?parent=12356"}],"wp:term":[{"taxonomy":"category","embeddable":true,"href":"https:\/\/www.fcbarcelonanoticias.com\/en\/wp-json\/wp\/v2\/categories?post=12356"},{"taxonomy":"post_tag","embeddable":true,"href":"https:\/\/www.fcbarcelonanoticias.com\/en\/wp-json\/wp\/v2\/tags?post=12356"}],"curies":[{"name":"wp","href":"https:\/\/api.w.org\/{rel}","templated":true}]}}