{"id":12382,"date":"2017-04-13T19:44:00","date_gmt":"2017-04-13T17:44:00","guid":{"rendered":"https:\/\/weisetech.dev\/fc-barcelona-noticias\/en\/alignments-of-the-fc-barcelona-real-sociedad-league-j32_198941_102\/"},"modified":"2017-04-15T22:39:00","modified_gmt":"2017-04-15T20:39:00","slug":"alignments-of-the-fc-barcelona-real-sociedad-league-j32_198941_102","status":"publish","type":"post","link":"https:\/\/www.fcbarcelonanoticias.com\/en\/fc-barcelona\/alignments-of-the-fc-barcelona-real-sociedad-league-j32_198941_102.html","title":{"rendered":"Alignments of the FC Barcelona-Real Sociedad (League J32)"},"content":{"rendered":"<h2 class=\"wp-block-heading\">Luis Enrique will have the important drop of Neymar against the Real Sociedad, and besides will make some rotations to receive to the Real Sociedad. Messi and Luis Su\u00e1rez will command in attack, whereas Andr\u00e9 Gomes goes back to the half field<\/h2>  \r\n<div class=\"article-addons\">\r\n    <a href=\"https:\/\/www.fcbarcelonanoticias.com\/en\/calendar-fc-barcelona.html\"\r\n       target=\"_self\"\r\n       title=\"Calendar of FC Barcelona\"\r\n       class=\"blue-gredient-btn\">\r\n       \r\n        Calendar of FC Barcelona    <\/a>\r\n<\/div>   <p>The <strong>FC Barcelona<\/strong> goes back it to him to play in League Santander 2016-17 after knowing<a href=\"https:\/\/www.fcbarcelonanoticias.com\/en\/isco-salva-triunfo-real-madrid-ultimo-minuto-198942-2017-04.php.html\"><strong> the triumph of the Real Madrid against the Sporting of Gij\u00f3n (2-3)<\/strong><\/a> in The Molin\u00f3n. The ones of Luis Enrique go back to have an opportunity of gold that will not be able to desaprovechar in the case that they want to follow the trail of the Real Madrid at the head of the competition and trap him what before, struggling to the end by the title.<\/p> <p><a href=\"https:\/\/www.fcbarcelonanoticias.com\/en\/la-liga\/tanto-el-barca-como-la-real-llegan-tocados-por-las-bajas_198931_102.html\"><strong>And for the duel the FC Barcelona arrives with some notable drops<\/strong><\/a> like <strong>Rafinha Alc\u00e1ntara, Aleix Vidal, Mascherano or Burn Turan<\/strong> by injury, and of <strong>Neymar Jr<\/strong> by sanction. In front of this does not touch another that rotar in the eleven and go out with a distinct team to the that fell defeated against the Juventus of Tur\u00edn in the gone of quarter-finals of <a href=\"https:\/\/www.fcbarcelonanoticias.com\/champions-league-calendario-y-resultados.html\"><strong>Champions League<\/strong><\/a>.<\/p> <h2><strong><span style=\"font-size: 1.5em;\">This is the XI of the Bar\u00e7a in front of the Real Sociedad<\/span><\/strong><\/h2> <p><strong>XI of the FC Barcelona: <\/strong>Ter Stegen; S. Roberto, Hammered, Umtiti, J. Alba; Busquets, Rakitic, To. Gomes; Alc\u00e1cer, Messi and Luis Su\u00e1rez.<\/p> <p><strong>XI of the Real Sociedad:<\/strong>&nbsp;Rulli; Zaldua, I\u00f1igo, Navas, Yuri; Illarramendi, Prieto, Zurutuza, Oyarzabal; Willian Jos\u00e9 and Sail.<\/p> <p><strong>Bench of the Bar\u00e7a:<\/strong>&nbsp;Cillessen, Digne, Cardona, Iniesta, Ale\u00f1\u00e1, Denis and Mathieu.<\/p> <p>To face the meeting, <strong>Luis Enrique has decided to bet for changing&nbsp;<\/strong>in the centre of the field with Sergio&nbsp;Busquets, rested after not playing in Champions.<strong> Iniesta has remained was, perhaps thinking in the Juve<\/strong>, while they will be Rakitic and Andr\u00e9 Gomes the elected for the average. In attack repeat Leo Messi and Luis Su\u00e1rez beside Paco Alc\u00e1cer like companion.<\/p> <p>In defence,<strong> Gerard Hammered will form couple with Samuel<\/strong> <strong>Umtiti<\/strong>.<strong>&nbsp;<\/strong>It stands out the turn of<strong>&nbsp;Jordi Alba<\/strong>&nbsp;to the Bar\u00e7a, whereas Sergi Roberto will occupy as it is usual the right lane of the defence, although the tactical drawing can change along the party.<\/p> <p>The eleven, as we come saying, arrives preceded of <strong><a href=\"https:\/\/www.fcbarcelonanoticias.com\/en\/barcelona-real-sociedad-lista-convocados-liga-198932-2017-04.php.html\">a list of summoned<\/a><\/strong>&nbsp;in which finally it has gone back to go in <strong>Carles Ale\u00f1\u00e1, with the sorrpesa of Marc Cardona<\/strong>. <strong>Jordi Masip was<\/strong>&nbsp;the player descartado, whereas<strong> it Burn Turan, Mascherano, Rafinha and Aleix Vidal are lesionados<\/strong>, with a Neymar Jr that it will have to face three parties of sanction.<\/p> ","protected":false},"excerpt":{"rendered":"<p>Luis Enrique will have the important drop of Neymar against the Real Sociedad, and besides will make some rotations to receive to the Real Sociedad. Messi and Luis Su\u00e1rez will command in attack, whereas Andr\u00e9 Gomes goes back to the half field The FC Barcelona goes back it to him to play in League Santander [&hellip;]<\/p>\n","protected":false},"author":366,"featured_media":12383,"comment_status":"closed","ping_status":"open","sticky":false,"template":"","format":"standard","meta":{"_acf_changed":false,"inline_featured_image":false,"_nextfly_llmd_date_locked":false,"footnotes":""},"categories":[111],"tags":[201,72],"class_list":["post-12382","post","type-post","status-publish","format-standard","has-post-thumbnail","hentry","category-fc-barcelona","tag-lineups","tag-real-sociedad"],"acf":[],"yoast_head":"<!-- This site is optimized with the Yoast SEO plugin v27.3 - https:\/\/yoast.com\/product\/yoast-seo-wordpress\/ -->\n<title>Alignments of the FC Barcelona-Real Sociedad (League J32)<\/title>\n<meta name=\"description\" content=\"Luis Enrique will have the important drop of Neymar against the Real Sociedad, and besides will make some rotations to receive to the Real Sociedad...\" \/>\n<meta name=\"robots\" content=\"index, follow, max-snippet:-1, max-image-preview:large, max-video-preview:-1\" \/>\n<link rel=\"canonical\" href=\"https:\/\/www.fcbarcelonanoticias.com\/en\/fc-barcelona\/alignments-of-the-fc-barcelona-real-sociedad-league-j32_198941_102.html\" \/>\n<meta property=\"og:locale\" content=\"en_US\" \/>\n<meta property=\"og:type\" content=\"article\" \/>\n<meta property=\"og:title\" content=\"Alignments of the FC Barcelona-Real Sociedad (League J32)\" \/>\n<meta property=\"og:description\" content=\"Luis Enrique will have the important drop of Neymar against the Real Sociedad, and besides will make some rotations to receive to the Real Sociedad...\" \/>\n<meta property=\"og:url\" content=\"https:\/\/www.fcbarcelonanoticias.com\/en\/fc-barcelona\/alignments-of-the-fc-barcelona-real-sociedad-league-j32_198941_102.html\" \/>\n<meta property=\"og:site_name\" content=\"EN - FC Barcelona Noticias\" \/>\n<meta property=\"article:published_time\" content=\"2017-04-13T17:44:00+00:00\" \/>\n<meta property=\"article:modified_time\" content=\"2017-04-15T20:39:00+00:00\" \/>\n<meta property=\"og:image\" content=\"https:\/\/www.fcbarcelonanoticias.com\/en\/wp-content\/uploads\/sites\/2\/2017\/04\/alineacion-barcelona-real-sociedad-215523.jpeg\" \/>\n\t<meta property=\"og:image:width\" content=\"761\" \/>\n\t<meta property=\"og:image:height\" content=\"428\" \/>\n\t<meta property=\"og:image:type\" content=\"image\/jpeg\" \/>\n<meta name=\"author\" content=\"Carlos Dom\u00ednguez\" \/>\n<meta name=\"twitter:card\" content=\"summary_large_image\" \/>\n<meta name=\"twitter:label1\" content=\"Written by\" \/>\n\t<meta name=\"twitter:data1\" content=\"Carlos Dom\u00ednguez\" \/>\n\t<meta name=\"twitter:label2\" content=\"Est. reading time\" \/>\n\t<meta name=\"twitter:data2\" content=\"2 minutes\" \/>\n<script type=\"application\/ld+json\" class=\"yoast-schema-graph\">{\"@context\":\"https:\\\/\\\/schema.org\",\"@graph\":[{\"@type\":\"Article\",\"@id\":\"https:\\\/\\\/www.fcbarcelonanoticias.com\\\/en\\\/fc-barcelona\\\/alignments-of-the-fc-barcelona-real-sociedad-league-j32_198941_102.html#article\",\"isPartOf\":{\"@id\":\"https:\\\/\\\/www.fcbarcelonanoticias.com\\\/en\\\/fc-barcelona\\\/alignments-of-the-fc-barcelona-real-sociedad-league-j32_198941_102.html\"},\"author\":{\"name\":\"Carlos Dom\u00ednguez\",\"@id\":\"https:\\\/\\\/www.fcbarcelonanoticias.com\\\/en\\\/#\\\/schema\\\/person\\\/888e29b17b79c70d1c617d8a7bc9b8c6\"},\"headline\":\"Alignments of the FC Barcelona-Real Sociedad (League J32)\",\"datePublished\":\"2017-04-13T17:44:00+00:00\",\"dateModified\":\"2017-04-15T20:39:00+00:00\",\"mainEntityOfPage\":{\"@id\":\"https:\\\/\\\/www.fcbarcelonanoticias.com\\\/en\\\/fc-barcelona\\\/alignments-of-the-fc-barcelona-real-sociedad-league-j32_198941_102.html\"},\"wordCount\":456,\"image\":{\"@id\":\"https:\\\/\\\/www.fcbarcelonanoticias.com\\\/en\\\/fc-barcelona\\\/alignments-of-the-fc-barcelona-real-sociedad-league-j32_198941_102.html#primaryimage\"},\"thumbnailUrl\":\"https:\\\/\\\/www.fcbarcelonanoticias.com\\\/en\\\/wp-content\\\/uploads\\\/sites\\\/2\\\/2017\\\/04\\\/alineacion-barcelona-real-sociedad-215523.jpeg\",\"keywords\":[\"FC Barcelona Lineups\",\"Real Sociedad\"],\"articleSection\":[\"FC Barcelona\"],\"inLanguage\":\"en-US\"},{\"@type\":\"WebPage\",\"@id\":\"https:\\\/\\\/www.fcbarcelonanoticias.com\\\/en\\\/fc-barcelona\\\/alignments-of-the-fc-barcelona-real-sociedad-league-j32_198941_102.html\",\"url\":\"https:\\\/\\\/www.fcbarcelonanoticias.com\\\/en\\\/fc-barcelona\\\/alignments-of-the-fc-barcelona-real-sociedad-league-j32_198941_102.html\",\"name\":\"Alignments of the FC Barcelona-Real Sociedad (League J32)\",\"isPartOf\":{\"@id\":\"https:\\\/\\\/www.fcbarcelonanoticias.com\\\/en\\\/#website\"},\"primaryImageOfPage\":{\"@id\":\"https:\\\/\\\/www.fcbarcelonanoticias.com\\\/en\\\/fc-barcelona\\\/alignments-of-the-fc-barcelona-real-sociedad-league-j32_198941_102.html#primaryimage\"},\"image\":{\"@id\":\"https:\\\/\\\/www.fcbarcelonanoticias.com\\\/en\\\/fc-barcelona\\\/alignments-of-the-fc-barcelona-real-sociedad-league-j32_198941_102.html#primaryimage\"},\"thumbnailUrl\":\"https:\\\/\\\/www.fcbarcelonanoticias.com\\\/en\\\/wp-content\\\/uploads\\\/sites\\\/2\\\/2017\\\/04\\\/alineacion-barcelona-real-sociedad-215523.jpeg\",\"datePublished\":\"2017-04-13T17:44:00+00:00\",\"dateModified\":\"2017-04-15T20:39:00+00:00\",\"author\":{\"@id\":\"https:\\\/\\\/www.fcbarcelonanoticias.com\\\/en\\\/#\\\/schema\\\/person\\\/888e29b17b79c70d1c617d8a7bc9b8c6\"},\"description\":\"Luis Enrique will have the important drop of Neymar against the Real Sociedad, and besides will make some rotations to receive to the Real Sociedad...\",\"breadcrumb\":{\"@id\":\"https:\\\/\\\/www.fcbarcelonanoticias.com\\\/en\\\/fc-barcelona\\\/alignments-of-the-fc-barcelona-real-sociedad-league-j32_198941_102.html#breadcrumb\"},\"inLanguage\":\"en-US\",\"potentialAction\":[{\"@type\":\"ReadAction\",\"target\":[\"https:\\\/\\\/www.fcbarcelonanoticias.com\\\/en\\\/fc-barcelona\\\/alignments-of-the-fc-barcelona-real-sociedad-league-j32_198941_102.html\"]}]},{\"@type\":\"ImageObject\",\"inLanguage\":\"en-US\",\"@id\":\"https:\\\/\\\/www.fcbarcelonanoticias.com\\\/en\\\/fc-barcelona\\\/alignments-of-the-fc-barcelona-real-sociedad-league-j32_198941_102.html#primaryimage\",\"url\":\"https:\\\/\\\/www.fcbarcelonanoticias.com\\\/en\\\/wp-content\\\/uploads\\\/sites\\\/2\\\/2017\\\/04\\\/alineacion-barcelona-real-sociedad-215523.jpeg\",\"contentUrl\":\"https:\\\/\\\/www.fcbarcelonanoticias.com\\\/en\\\/wp-content\\\/uploads\\\/sites\\\/2\\\/2017\\\/04\\\/alineacion-barcelona-real-sociedad-215523.jpeg\",\"width\":761,\"height\":428},{\"@type\":\"BreadcrumbList\",\"@id\":\"https:\\\/\\\/www.fcbarcelonanoticias.com\\\/en\\\/fc-barcelona\\\/alignments-of-the-fc-barcelona-real-sociedad-league-j32_198941_102.html#breadcrumb\",\"itemListElement\":[{\"@type\":\"ListItem\",\"position\":1,\"name\":\"Portada\",\"item\":\"https:\\\/\\\/www.fcbarcelonanoticias.com\\\/en\\\/\"},{\"@type\":\"ListItem\",\"position\":2,\"name\":\"Alignments of the FC Barcelona-Real Sociedad (League J32)\"}]},{\"@type\":\"WebSite\",\"@id\":\"https:\\\/\\\/www.fcbarcelonanoticias.com\\\/en\\\/#website\",\"url\":\"https:\\\/\\\/www.fcbarcelonanoticias.com\\\/en\\\/\",\"name\":\"EN - FC Barcelona Noticias\",\"description\":\"\",\"potentialAction\":[{\"@type\":\"SearchAction\",\"target\":{\"@type\":\"EntryPoint\",\"urlTemplate\":\"https:\\\/\\\/www.fcbarcelonanoticias.com\\\/en\\\/?s={search_term_string}\"},\"query-input\":{\"@type\":\"PropertyValueSpecification\",\"valueRequired\":true,\"valueName\":\"search_term_string\"}}],\"inLanguage\":\"en-US\"},{\"@type\":\"Person\",\"@id\":\"https:\\\/\\\/www.fcbarcelonanoticias.com\\\/en\\\/#\\\/schema\\\/person\\\/888e29b17b79c70d1c617d8a7bc9b8c6\",\"name\":\"Carlos Dom\u00ednguez\",\"image\":{\"@type\":\"ImageObject\",\"inLanguage\":\"en-US\",\"@id\":\"https:\\\/\\\/secure.gravatar.com\\\/avatar\\\/?s=96&d=mm&r=g\",\"url\":\"https:\\\/\\\/secure.gravatar.com\\\/avatar\\\/?s=96&d=mm&r=g\",\"contentUrl\":\"https:\\\/\\\/secure.gravatar.com\\\/avatar\\\/?s=96&d=mm&r=g\",\"caption\":\"Carlos Dom\u00ednguez\"},\"url\":\"https:\\\/\\\/www.fcbarcelonanoticias.com\\\/en\\\/carlos-dominguez_2_115.html\"}]}<\/script>\n<!-- \/ Yoast SEO plugin. -->","yoast_head_json":{"title":"Alignments of the FC Barcelona-Real Sociedad (League J32)","description":"Luis Enrique will have the important drop of Neymar against the Real Sociedad, and besides will make some rotations to receive to the Real Sociedad...","robots":{"index":"index","follow":"follow","max-snippet":"max-snippet:-1","max-image-preview":"max-image-preview:large","max-video-preview":"max-video-preview:-1"},"canonical":"https:\/\/www.fcbarcelonanoticias.com\/en\/fc-barcelona\/alignments-of-the-fc-barcelona-real-sociedad-league-j32_198941_102.html","og_locale":"en_US","og_type":"article","og_title":"Alignments of the FC Barcelona-Real Sociedad (League J32)","og_description":"Luis Enrique will have the important drop of Neymar against the Real Sociedad, and besides will make some rotations to receive to the Real Sociedad...","og_url":"https:\/\/www.fcbarcelonanoticias.com\/en\/fc-barcelona\/alignments-of-the-fc-barcelona-real-sociedad-league-j32_198941_102.html","og_site_name":"EN - FC Barcelona Noticias","article_published_time":"2017-04-13T17:44:00+00:00","article_modified_time":"2017-04-15T20:39:00+00:00","og_image":[{"width":761,"height":428,"url":"https:\/\/www.fcbarcelonanoticias.com\/en\/wp-content\/uploads\/sites\/2\/2017\/04\/alineacion-barcelona-real-sociedad-215523.jpeg","type":"image\/jpeg"}],"author":"Carlos Dom\u00ednguez","twitter_card":"summary_large_image","twitter_misc":{"Written by":"Carlos Dom\u00ednguez","Est. reading time":"2 minutes"},"schema":{"@context":"https:\/\/schema.org","@graph":[{"@type":"Article","@id":"https:\/\/www.fcbarcelonanoticias.com\/en\/fc-barcelona\/alignments-of-the-fc-barcelona-real-sociedad-league-j32_198941_102.html#article","isPartOf":{"@id":"https:\/\/www.fcbarcelonanoticias.com\/en\/fc-barcelona\/alignments-of-the-fc-barcelona-real-sociedad-league-j32_198941_102.html"},"author":{"name":"Carlos Dom\u00ednguez","@id":"https:\/\/www.fcbarcelonanoticias.com\/en\/#\/schema\/person\/888e29b17b79c70d1c617d8a7bc9b8c6"},"headline":"Alignments of the FC Barcelona-Real Sociedad (League J32)","datePublished":"2017-04-13T17:44:00+00:00","dateModified":"2017-04-15T20:39:00+00:00","mainEntityOfPage":{"@id":"https:\/\/www.fcbarcelonanoticias.com\/en\/fc-barcelona\/alignments-of-the-fc-barcelona-real-sociedad-league-j32_198941_102.html"},"wordCount":456,"image":{"@id":"https:\/\/www.fcbarcelonanoticias.com\/en\/fc-barcelona\/alignments-of-the-fc-barcelona-real-sociedad-league-j32_198941_102.html#primaryimage"},"thumbnailUrl":"https:\/\/www.fcbarcelonanoticias.com\/en\/wp-content\/uploads\/sites\/2\/2017\/04\/alineacion-barcelona-real-sociedad-215523.jpeg","keywords":["FC Barcelona Lineups","Real Sociedad"],"articleSection":["FC Barcelona"],"inLanguage":"en-US"},{"@type":"WebPage","@id":"https:\/\/www.fcbarcelonanoticias.com\/en\/fc-barcelona\/alignments-of-the-fc-barcelona-real-sociedad-league-j32_198941_102.html","url":"https:\/\/www.fcbarcelonanoticias.com\/en\/fc-barcelona\/alignments-of-the-fc-barcelona-real-sociedad-league-j32_198941_102.html","name":"Alignments of the FC Barcelona-Real Sociedad (League J32)","isPartOf":{"@id":"https:\/\/www.fcbarcelonanoticias.com\/en\/#website"},"primaryImageOfPage":{"@id":"https:\/\/www.fcbarcelonanoticias.com\/en\/fc-barcelona\/alignments-of-the-fc-barcelona-real-sociedad-league-j32_198941_102.html#primaryimage"},"image":{"@id":"https:\/\/www.fcbarcelonanoticias.com\/en\/fc-barcelona\/alignments-of-the-fc-barcelona-real-sociedad-league-j32_198941_102.html#primaryimage"},"thumbnailUrl":"https:\/\/www.fcbarcelonanoticias.com\/en\/wp-content\/uploads\/sites\/2\/2017\/04\/alineacion-barcelona-real-sociedad-215523.jpeg","datePublished":"2017-04-13T17:44:00+00:00","dateModified":"2017-04-15T20:39:00+00:00","author":{"@id":"https:\/\/www.fcbarcelonanoticias.com\/en\/#\/schema\/person\/888e29b17b79c70d1c617d8a7bc9b8c6"},"description":"Luis Enrique will have the important drop of Neymar against the Real Sociedad, and besides will make some rotations to receive to the Real Sociedad...","breadcrumb":{"@id":"https:\/\/www.fcbarcelonanoticias.com\/en\/fc-barcelona\/alignments-of-the-fc-barcelona-real-sociedad-league-j32_198941_102.html#breadcrumb"},"inLanguage":"en-US","potentialAction":[{"@type":"ReadAction","target":["https:\/\/www.fcbarcelonanoticias.com\/en\/fc-barcelona\/alignments-of-the-fc-barcelona-real-sociedad-league-j32_198941_102.html"]}]},{"@type":"ImageObject","inLanguage":"en-US","@id":"https:\/\/www.fcbarcelonanoticias.com\/en\/fc-barcelona\/alignments-of-the-fc-barcelona-real-sociedad-league-j32_198941_102.html#primaryimage","url":"https:\/\/www.fcbarcelonanoticias.com\/en\/wp-content\/uploads\/sites\/2\/2017\/04\/alineacion-barcelona-real-sociedad-215523.jpeg","contentUrl":"https:\/\/www.fcbarcelonanoticias.com\/en\/wp-content\/uploads\/sites\/2\/2017\/04\/alineacion-barcelona-real-sociedad-215523.jpeg","width":761,"height":428},{"@type":"BreadcrumbList","@id":"https:\/\/www.fcbarcelonanoticias.com\/en\/fc-barcelona\/alignments-of-the-fc-barcelona-real-sociedad-league-j32_198941_102.html#breadcrumb","itemListElement":[{"@type":"ListItem","position":1,"name":"Portada","item":"https:\/\/www.fcbarcelonanoticias.com\/en\/"},{"@type":"ListItem","position":2,"name":"Alignments of the FC Barcelona-Real Sociedad (League J32)"}]},{"@type":"WebSite","@id":"https:\/\/www.fcbarcelonanoticias.com\/en\/#website","url":"https:\/\/www.fcbarcelonanoticias.com\/en\/","name":"EN - FC Barcelona Noticias","description":"","potentialAction":[{"@type":"SearchAction","target":{"@type":"EntryPoint","urlTemplate":"https:\/\/www.fcbarcelonanoticias.com\/en\/?s={search_term_string}"},"query-input":{"@type":"PropertyValueSpecification","valueRequired":true,"valueName":"search_term_string"}}],"inLanguage":"en-US"},{"@type":"Person","@id":"https:\/\/www.fcbarcelonanoticias.com\/en\/#\/schema\/person\/888e29b17b79c70d1c617d8a7bc9b8c6","name":"Carlos Dom\u00ednguez","image":{"@type":"ImageObject","inLanguage":"en-US","@id":"https:\/\/secure.gravatar.com\/avatar\/?s=96&d=mm&r=g","url":"https:\/\/secure.gravatar.com\/avatar\/?s=96&d=mm&r=g","contentUrl":"https:\/\/secure.gravatar.com\/avatar\/?s=96&d=mm&r=g","caption":"Carlos Dom\u00ednguez"},"url":"https:\/\/www.fcbarcelonanoticias.com\/en\/carlos-dominguez_2_115.html"}]}},"_links":{"self":[{"href":"https:\/\/www.fcbarcelonanoticias.com\/en\/wp-json\/wp\/v2\/posts\/12382","targetHints":{"allow":["GET"]}}],"collection":[{"href":"https:\/\/www.fcbarcelonanoticias.com\/en\/wp-json\/wp\/v2\/posts"}],"about":[{"href":"https:\/\/www.fcbarcelonanoticias.com\/en\/wp-json\/wp\/v2\/types\/post"}],"author":[{"embeddable":true,"href":"https:\/\/www.fcbarcelonanoticias.com\/en\/wp-json\/wp\/v2\/users\/366"}],"replies":[{"embeddable":true,"href":"https:\/\/www.fcbarcelonanoticias.com\/en\/wp-json\/wp\/v2\/comments?post=12382"}],"version-history":[{"count":1,"href":"https:\/\/www.fcbarcelonanoticias.com\/en\/wp-json\/wp\/v2\/posts\/12382\/revisions"}],"predecessor-version":[{"id":13641,"href":"https:\/\/www.fcbarcelonanoticias.com\/en\/wp-json\/wp\/v2\/posts\/12382\/revisions\/13641"}],"wp:featuredmedia":[{"embeddable":true,"href":"https:\/\/www.fcbarcelonanoticias.com\/en\/wp-json\/wp\/v2\/media\/12383"}],"wp:attachment":[{"href":"https:\/\/www.fcbarcelonanoticias.com\/en\/wp-json\/wp\/v2\/media?parent=12382"}],"wp:term":[{"taxonomy":"category","embeddable":true,"href":"https:\/\/www.fcbarcelonanoticias.com\/en\/wp-json\/wp\/v2\/categories?post=12382"},{"taxonomy":"post_tag","embeddable":true,"href":"https:\/\/www.fcbarcelonanoticias.com\/en\/wp-json\/wp\/v2\/tags?post=12382"}],"curies":[{"name":"wp","href":"https:\/\/api.w.org\/{rel}","templated":true}]}}