{"id":12392,"date":"2017-04-03T18:29:00","date_gmt":"2017-04-03T16:29:00","guid":{"rendered":"https:\/\/weisetech.dev\/fc-barcelona-noticias\/en\/alignments-of-the-barcelona-seville-laliga-j30_198606_102\/"},"modified":"2026-04-16T10:06:43","modified_gmt":"2026-04-16T08:06:43","slug":"alignments-of-the-barcelona-seville-laliga-j30_198606_102","status":"publish","type":"post","link":"https:\/\/www.fcbarcelonanoticias.com\/en\/fc-barcelona\/alignments-of-the-barcelona-seville-laliga-j30_198606_102.html","title":{"rendered":"Alignments of the Barcelona-Seville (LaLiga J30)"},"content":{"rendered":"<h2 class=\"wp-block-heading\">Leo Messi, Andr\u00e9s Iniesta, Samuel Umtiti and Gerard Hammered return to the eleven headline of the FC Barcelona to confront  to the Seville FC in the Camp Nou, conscious Luis Enrique of the importance of the party. The Asturian technician decides to go back to the 3-4-3<\/h2>  \r\n<div class=\"article-addons\">\r\n    <a href=\"https:\/\/www.fcbarcelonanoticias.com\/en\/calendar-fc-barcelona.html\"\r\n       target=\"_self\"\r\n       title=\"Calendar of FC Barcelona\"\r\n       class=\"blue-gredient-btn\">\r\n       \r\n        Calendar of FC Barcelona    <\/a>\r\n<\/div>   <p>After having harvested&nbsp;<a href=\"https:\/\/www.fcbarcelonanoticias.com\/fc-barcelona\/el-barca-hace-los-deberes-y-golea-al-granada-tras-el-paron_198489_102.html\"><strong>a meritoria victory in front of the Granada in The C\u00e1rmenes (1-4)<\/strong><\/a>, the FC Barcelona faces now a duel &#8220;cheat&#8221; in&nbsp;<a href=\"https:\/\/www.fcbarcelonanoticias.com\/laliga-clasificacion.html\"><strong>LaLiga 2016-2017<\/strong><\/a>&nbsp;against the Seville in the Camp Nou, a stadium that no gives him  at all well to the sevillistas, but without that the FC Barcelona have to trust given the big potential of the ones of Jorge Sampaoli.<\/p> <p><a href=\"https:\/\/www.fcbarcelonanoticias.com\/laliga\/la-defensa-del-sevilla-muy-mermada-ante-el-fc-barcelona_198588_102.html\"><strong>The FC Barcelona will have some notable drops<\/strong><\/a> like Rafinha Alc\u00e1ntara and Burn Turan, although it will recover for the meeting to Leo Messi and Gerard Hammered, that did not play in front of the Granada, whereas <strong>Samuel Umtiti and Andr\u00e9s Iniesta<\/strong> will go in also in the eleven of Luis Enrique.<\/p> <h2><strong><span style=\"font-size: 1.5em;\">This is the XI of the Barcelona in front of the Seville<\/span><\/strong><\/h2> <p><strong>XI of the FC Barcelona:<\/strong>&nbsp;Ter Stegen; S. Roberto, Hammered, Mascherano, Umtiti; Busquets, Iniesta, Rakitic; Neymar, Messi and Luis Su\u00e1rez.<\/p> <p><strong>XI of the Seville:&nbsp;<\/strong>Sergio Rico; Mariano, Market, Lenglet, Nico Couple; N&#8217;Zonzi, Escudero, Nasri; Iborra, Vitolo and Correa.<\/p> <p><strong>Bench of the Bar\u00e7a:<\/strong>&nbsp;Cillessen, Digne, Jordi Alba, To. Gomes, Denis, Ale\u00f1\u00e1 and Alc\u00e1cer.<\/p> <p>To face the meeting, <strong>Luis Enrique has decided to keep <\/strong>in the centre of the field to<strong> Busquets, Iniesta and Rakitic<\/strong>, whereas in attack Leo Messi will return to form beside Neymar Jr and Luis Su\u00e1rez the most lethal trident of the world.<\/p> <p>In defence,<strong> Gerard Hammered and Samuel Umtiti will go back to the titularity in defence<\/strong>, whereas Mascherano will keep  fixed and Sergi Roberto will occupy the right band, returning the FC Barcelona to the 3-4-3 with Jordi Alba in the bench.<\/p> <p>The eleven, as we come saying, arrives preceded of <strong><a href=\"https:\/\/www.fcbarcelonanoticias.com\/fc-barcelona\/lista-de-convocados-del-fc-barcelona-contra-el-sevilla-liga_198602_102.html\">a list of summoned<\/a><\/strong>&nbsp;in which finally it has gone back to go in <strong>Carles Ale\u00f1\u00e1<\/strong>. <strong>Jordi Masip and Mathieu<\/strong> have been the players descartados, whereas<strong> it Burn Turan, Rafinha and Aleix Vidal follow lesionados<\/strong>.<\/p> ","protected":false},"excerpt":{"rendered":"<p>Leo Messi, Andr\u00e9s Iniesta, Samuel Umtiti and Gerard Hammered return to the eleven headline of the FC Barcelona to confront to the Seville FC in the Camp Nou, conscious Luis Enrique of the importance of the party. The Asturian technician decides to go back to the 3-4-3 After having harvested&nbsp;a meritoria victory in front of [&hellip;]<\/p>\n","protected":false},"author":366,"featured_media":12393,"comment_status":"closed","ping_status":"open","sticky":false,"template":"","format":"standard","meta":{"_acf_changed":false,"inline_featured_image":false,"_nextfly_llmd_date_locked":false,"footnotes":""},"categories":[111],"tags":[201,74],"class_list":["post-12392","post","type-post","status-publish","format-standard","has-post-thumbnail","hentry","category-fc-barcelona","tag-lineups","tag-sevilla-fc"],"acf":[],"yoast_head":"<!-- This site is optimized with the Yoast SEO plugin v27.3 - https:\/\/yoast.com\/product\/yoast-seo-wordpress\/ -->\n<title>Alignments of the Barcelona-Seville (LaLiga J30)<\/title>\n<meta name=\"description\" content=\"Leo Messi, Andr\u00e9s Iniesta, Samuel Umtiti and Gerard Hammered returned to the eleven headline of the FC Barcelona to confront to the Seville FC in the Camp Nou...\" \/>\n<meta name=\"robots\" content=\"index, follow, max-snippet:-1, max-image-preview:large, max-video-preview:-1\" \/>\n<link rel=\"canonical\" href=\"https:\/\/www.fcbarcelonanoticias.com\/en\/fc-barcelona\/alignments-of-the-barcelona-seville-laliga-j30_198606_102.html\" \/>\n<meta property=\"og:locale\" content=\"en_US\" \/>\n<meta property=\"og:type\" content=\"article\" \/>\n<meta property=\"og:title\" content=\"Alignments of the Barcelona-Seville (LaLiga J30)\" \/>\n<meta property=\"og:description\" content=\"Leo Messi, Andr\u00e9s Iniesta, Samuel Umtiti and Gerard Hammered returned to the eleven headline of the FC Barcelona to confront to the Seville FC in the Camp Nou...\" \/>\n<meta property=\"og:url\" content=\"https:\/\/www.fcbarcelonanoticias.com\/en\/fc-barcelona\/alignments-of-the-barcelona-seville-laliga-j30_198606_102.html\" \/>\n<meta property=\"og:site_name\" content=\"EN - FC Barcelona Noticias\" \/>\n<meta property=\"article:published_time\" content=\"2017-04-03T16:29:00+00:00\" \/>\n<meta property=\"article:modified_time\" content=\"2026-04-16T08:06:43+00:00\" \/>\n<meta property=\"og:image\" content=\"https:\/\/www.fcbarcelonanoticias.com\/en\/wp-content\/uploads\/sites\/2\/2017\/04\/alineacion-barcelona-sevilla-214606.jpeg\" \/>\n\t<meta property=\"og:image:width\" content=\"761\" \/>\n\t<meta property=\"og:image:height\" content=\"428\" \/>\n\t<meta property=\"og:image:type\" content=\"image\/jpeg\" \/>\n<meta name=\"author\" content=\"Carlos Dom\u00ednguez\" \/>\n<meta name=\"twitter:card\" content=\"summary_large_image\" \/>\n<meta name=\"twitter:label1\" content=\"Written by\" \/>\n\t<meta name=\"twitter:data1\" content=\"Carlos Dom\u00ednguez\" \/>\n\t<meta name=\"twitter:label2\" content=\"Est. reading time\" \/>\n\t<meta name=\"twitter:data2\" content=\"2 minutes\" \/>\n<script type=\"application\/ld+json\" class=\"yoast-schema-graph\">{\"@context\":\"https:\\\/\\\/schema.org\",\"@graph\":[{\"@type\":\"Article\",\"@id\":\"https:\\\/\\\/www.fcbarcelonanoticias.com\\\/en\\\/fc-barcelona\\\/alignments-of-the-barcelona-seville-laliga-j30_198606_102.html#article\",\"isPartOf\":{\"@id\":\"https:\\\/\\\/www.fcbarcelonanoticias.com\\\/en\\\/fc-barcelona\\\/alignments-of-the-barcelona-seville-laliga-j30_198606_102.html\"},\"author\":{\"name\":\"Carlos Dom\u00ednguez\",\"@id\":\"https:\\\/\\\/www.fcbarcelonanoticias.com\\\/en\\\/#\\\/schema\\\/person\\\/888e29b17b79c70d1c617d8a7bc9b8c6\"},\"headline\":\"Alignments of the Barcelona-Seville (LaLiga J30)\",\"datePublished\":\"2017-04-03T16:29:00+00:00\",\"dateModified\":\"2026-04-16T08:06:43+00:00\",\"mainEntityOfPage\":{\"@id\":\"https:\\\/\\\/www.fcbarcelonanoticias.com\\\/en\\\/fc-barcelona\\\/alignments-of-the-barcelona-seville-laliga-j30_198606_102.html\"},\"wordCount\":379,\"image\":{\"@id\":\"https:\\\/\\\/www.fcbarcelonanoticias.com\\\/en\\\/fc-barcelona\\\/alignments-of-the-barcelona-seville-laliga-j30_198606_102.html#primaryimage\"},\"thumbnailUrl\":\"https:\\\/\\\/www.fcbarcelonanoticias.com\\\/en\\\/wp-content\\\/uploads\\\/sites\\\/2\\\/2017\\\/04\\\/alineacion-barcelona-sevilla-214606.jpeg\",\"keywords\":[\"FC Barcelona Lineups\",\"Sevilla FC\"],\"articleSection\":[\"FC Barcelona\"],\"inLanguage\":\"en-US\"},{\"@type\":\"WebPage\",\"@id\":\"https:\\\/\\\/www.fcbarcelonanoticias.com\\\/en\\\/fc-barcelona\\\/alignments-of-the-barcelona-seville-laliga-j30_198606_102.html\",\"url\":\"https:\\\/\\\/www.fcbarcelonanoticias.com\\\/en\\\/fc-barcelona\\\/alignments-of-the-barcelona-seville-laliga-j30_198606_102.html\",\"name\":\"Alignments of the Barcelona-Seville (LaLiga J30)\",\"isPartOf\":{\"@id\":\"https:\\\/\\\/www.fcbarcelonanoticias.com\\\/en\\\/#website\"},\"primaryImageOfPage\":{\"@id\":\"https:\\\/\\\/www.fcbarcelonanoticias.com\\\/en\\\/fc-barcelona\\\/alignments-of-the-barcelona-seville-laliga-j30_198606_102.html#primaryimage\"},\"image\":{\"@id\":\"https:\\\/\\\/www.fcbarcelonanoticias.com\\\/en\\\/fc-barcelona\\\/alignments-of-the-barcelona-seville-laliga-j30_198606_102.html#primaryimage\"},\"thumbnailUrl\":\"https:\\\/\\\/www.fcbarcelonanoticias.com\\\/en\\\/wp-content\\\/uploads\\\/sites\\\/2\\\/2017\\\/04\\\/alineacion-barcelona-sevilla-214606.jpeg\",\"datePublished\":\"2017-04-03T16:29:00+00:00\",\"dateModified\":\"2026-04-16T08:06:43+00:00\",\"author\":{\"@id\":\"https:\\\/\\\/www.fcbarcelonanoticias.com\\\/en\\\/#\\\/schema\\\/person\\\/888e29b17b79c70d1c617d8a7bc9b8c6\"},\"description\":\"Leo Messi, Andr\u00e9s Iniesta, Samuel Umtiti and Gerard Hammered returned to the eleven headline of the FC Barcelona to confront to the Seville FC in the Camp Nou...\",\"breadcrumb\":{\"@id\":\"https:\\\/\\\/www.fcbarcelonanoticias.com\\\/en\\\/fc-barcelona\\\/alignments-of-the-barcelona-seville-laliga-j30_198606_102.html#breadcrumb\"},\"inLanguage\":\"en-US\",\"potentialAction\":[{\"@type\":\"ReadAction\",\"target\":[\"https:\\\/\\\/www.fcbarcelonanoticias.com\\\/en\\\/fc-barcelona\\\/alignments-of-the-barcelona-seville-laliga-j30_198606_102.html\"]}]},{\"@type\":\"ImageObject\",\"inLanguage\":\"en-US\",\"@id\":\"https:\\\/\\\/www.fcbarcelonanoticias.com\\\/en\\\/fc-barcelona\\\/alignments-of-the-barcelona-seville-laliga-j30_198606_102.html#primaryimage\",\"url\":\"https:\\\/\\\/www.fcbarcelonanoticias.com\\\/en\\\/wp-content\\\/uploads\\\/sites\\\/2\\\/2017\\\/04\\\/alineacion-barcelona-sevilla-214606.jpeg\",\"contentUrl\":\"https:\\\/\\\/www.fcbarcelonanoticias.com\\\/en\\\/wp-content\\\/uploads\\\/sites\\\/2\\\/2017\\\/04\\\/alineacion-barcelona-sevilla-214606.jpeg\",\"width\":761,\"height\":428},{\"@type\":\"BreadcrumbList\",\"@id\":\"https:\\\/\\\/www.fcbarcelonanoticias.com\\\/en\\\/fc-barcelona\\\/alignments-of-the-barcelona-seville-laliga-j30_198606_102.html#breadcrumb\",\"itemListElement\":[{\"@type\":\"ListItem\",\"position\":1,\"name\":\"Portada\",\"item\":\"https:\\\/\\\/www.fcbarcelonanoticias.com\\\/en\\\/\"},{\"@type\":\"ListItem\",\"position\":2,\"name\":\"Alignments of the Barcelona-Seville (LaLiga J30)\"}]},{\"@type\":\"WebSite\",\"@id\":\"https:\\\/\\\/www.fcbarcelonanoticias.com\\\/en\\\/#website\",\"url\":\"https:\\\/\\\/www.fcbarcelonanoticias.com\\\/en\\\/\",\"name\":\"EN - FC Barcelona Noticias\",\"description\":\"\",\"potentialAction\":[{\"@type\":\"SearchAction\",\"target\":{\"@type\":\"EntryPoint\",\"urlTemplate\":\"https:\\\/\\\/www.fcbarcelonanoticias.com\\\/en\\\/?s={search_term_string}\"},\"query-input\":{\"@type\":\"PropertyValueSpecification\",\"valueRequired\":true,\"valueName\":\"search_term_string\"}}],\"inLanguage\":\"en-US\"},{\"@type\":\"Person\",\"@id\":\"https:\\\/\\\/www.fcbarcelonanoticias.com\\\/en\\\/#\\\/schema\\\/person\\\/888e29b17b79c70d1c617d8a7bc9b8c6\",\"name\":\"Carlos Dom\u00ednguez\",\"image\":{\"@type\":\"ImageObject\",\"inLanguage\":\"en-US\",\"@id\":\"https:\\\/\\\/secure.gravatar.com\\\/avatar\\\/?s=96&d=mm&r=g\",\"url\":\"https:\\\/\\\/secure.gravatar.com\\\/avatar\\\/?s=96&d=mm&r=g\",\"contentUrl\":\"https:\\\/\\\/secure.gravatar.com\\\/avatar\\\/?s=96&d=mm&r=g\",\"caption\":\"Carlos Dom\u00ednguez\"},\"url\":\"https:\\\/\\\/www.fcbarcelonanoticias.com\\\/en\\\/carlos-dominguez_2_115.html\"}]}<\/script>\n<!-- \/ Yoast SEO plugin. -->","yoast_head_json":{"title":"Alignments of the Barcelona-Seville (LaLiga J30)","description":"Leo Messi, Andr\u00e9s Iniesta, Samuel Umtiti and Gerard Hammered returned to the eleven headline of the FC Barcelona to confront to the Seville FC in the Camp Nou...","robots":{"index":"index","follow":"follow","max-snippet":"max-snippet:-1","max-image-preview":"max-image-preview:large","max-video-preview":"max-video-preview:-1"},"canonical":"https:\/\/www.fcbarcelonanoticias.com\/en\/fc-barcelona\/alignments-of-the-barcelona-seville-laliga-j30_198606_102.html","og_locale":"en_US","og_type":"article","og_title":"Alignments of the Barcelona-Seville (LaLiga J30)","og_description":"Leo Messi, Andr\u00e9s Iniesta, Samuel Umtiti and Gerard Hammered returned to the eleven headline of the FC Barcelona to confront to the Seville FC in the Camp Nou...","og_url":"https:\/\/www.fcbarcelonanoticias.com\/en\/fc-barcelona\/alignments-of-the-barcelona-seville-laliga-j30_198606_102.html","og_site_name":"EN - FC Barcelona Noticias","article_published_time":"2017-04-03T16:29:00+00:00","article_modified_time":"2026-04-16T08:06:43+00:00","og_image":[{"width":761,"height":428,"url":"https:\/\/www.fcbarcelonanoticias.com\/en\/wp-content\/uploads\/sites\/2\/2017\/04\/alineacion-barcelona-sevilla-214606.jpeg","type":"image\/jpeg"}],"author":"Carlos Dom\u00ednguez","twitter_card":"summary_large_image","twitter_misc":{"Written by":"Carlos Dom\u00ednguez","Est. reading time":"2 minutes"},"schema":{"@context":"https:\/\/schema.org","@graph":[{"@type":"Article","@id":"https:\/\/www.fcbarcelonanoticias.com\/en\/fc-barcelona\/alignments-of-the-barcelona-seville-laliga-j30_198606_102.html#article","isPartOf":{"@id":"https:\/\/www.fcbarcelonanoticias.com\/en\/fc-barcelona\/alignments-of-the-barcelona-seville-laliga-j30_198606_102.html"},"author":{"name":"Carlos Dom\u00ednguez","@id":"https:\/\/www.fcbarcelonanoticias.com\/en\/#\/schema\/person\/888e29b17b79c70d1c617d8a7bc9b8c6"},"headline":"Alignments of the Barcelona-Seville (LaLiga J30)","datePublished":"2017-04-03T16:29:00+00:00","dateModified":"2026-04-16T08:06:43+00:00","mainEntityOfPage":{"@id":"https:\/\/www.fcbarcelonanoticias.com\/en\/fc-barcelona\/alignments-of-the-barcelona-seville-laliga-j30_198606_102.html"},"wordCount":379,"image":{"@id":"https:\/\/www.fcbarcelonanoticias.com\/en\/fc-barcelona\/alignments-of-the-barcelona-seville-laliga-j30_198606_102.html#primaryimage"},"thumbnailUrl":"https:\/\/www.fcbarcelonanoticias.com\/en\/wp-content\/uploads\/sites\/2\/2017\/04\/alineacion-barcelona-sevilla-214606.jpeg","keywords":["FC Barcelona Lineups","Sevilla FC"],"articleSection":["FC Barcelona"],"inLanguage":"en-US"},{"@type":"WebPage","@id":"https:\/\/www.fcbarcelonanoticias.com\/en\/fc-barcelona\/alignments-of-the-barcelona-seville-laliga-j30_198606_102.html","url":"https:\/\/www.fcbarcelonanoticias.com\/en\/fc-barcelona\/alignments-of-the-barcelona-seville-laliga-j30_198606_102.html","name":"Alignments of the Barcelona-Seville (LaLiga J30)","isPartOf":{"@id":"https:\/\/www.fcbarcelonanoticias.com\/en\/#website"},"primaryImageOfPage":{"@id":"https:\/\/www.fcbarcelonanoticias.com\/en\/fc-barcelona\/alignments-of-the-barcelona-seville-laliga-j30_198606_102.html#primaryimage"},"image":{"@id":"https:\/\/www.fcbarcelonanoticias.com\/en\/fc-barcelona\/alignments-of-the-barcelona-seville-laliga-j30_198606_102.html#primaryimage"},"thumbnailUrl":"https:\/\/www.fcbarcelonanoticias.com\/en\/wp-content\/uploads\/sites\/2\/2017\/04\/alineacion-barcelona-sevilla-214606.jpeg","datePublished":"2017-04-03T16:29:00+00:00","dateModified":"2026-04-16T08:06:43+00:00","author":{"@id":"https:\/\/www.fcbarcelonanoticias.com\/en\/#\/schema\/person\/888e29b17b79c70d1c617d8a7bc9b8c6"},"description":"Leo Messi, Andr\u00e9s Iniesta, Samuel Umtiti and Gerard Hammered returned to the eleven headline of the FC Barcelona to confront to the Seville FC in the Camp Nou...","breadcrumb":{"@id":"https:\/\/www.fcbarcelonanoticias.com\/en\/fc-barcelona\/alignments-of-the-barcelona-seville-laliga-j30_198606_102.html#breadcrumb"},"inLanguage":"en-US","potentialAction":[{"@type":"ReadAction","target":["https:\/\/www.fcbarcelonanoticias.com\/en\/fc-barcelona\/alignments-of-the-barcelona-seville-laliga-j30_198606_102.html"]}]},{"@type":"ImageObject","inLanguage":"en-US","@id":"https:\/\/www.fcbarcelonanoticias.com\/en\/fc-barcelona\/alignments-of-the-barcelona-seville-laliga-j30_198606_102.html#primaryimage","url":"https:\/\/www.fcbarcelonanoticias.com\/en\/wp-content\/uploads\/sites\/2\/2017\/04\/alineacion-barcelona-sevilla-214606.jpeg","contentUrl":"https:\/\/www.fcbarcelonanoticias.com\/en\/wp-content\/uploads\/sites\/2\/2017\/04\/alineacion-barcelona-sevilla-214606.jpeg","width":761,"height":428},{"@type":"BreadcrumbList","@id":"https:\/\/www.fcbarcelonanoticias.com\/en\/fc-barcelona\/alignments-of-the-barcelona-seville-laliga-j30_198606_102.html#breadcrumb","itemListElement":[{"@type":"ListItem","position":1,"name":"Portada","item":"https:\/\/www.fcbarcelonanoticias.com\/en\/"},{"@type":"ListItem","position":2,"name":"Alignments of the Barcelona-Seville (LaLiga J30)"}]},{"@type":"WebSite","@id":"https:\/\/www.fcbarcelonanoticias.com\/en\/#website","url":"https:\/\/www.fcbarcelonanoticias.com\/en\/","name":"EN - FC Barcelona Noticias","description":"","potentialAction":[{"@type":"SearchAction","target":{"@type":"EntryPoint","urlTemplate":"https:\/\/www.fcbarcelonanoticias.com\/en\/?s={search_term_string}"},"query-input":{"@type":"PropertyValueSpecification","valueRequired":true,"valueName":"search_term_string"}}],"inLanguage":"en-US"},{"@type":"Person","@id":"https:\/\/www.fcbarcelonanoticias.com\/en\/#\/schema\/person\/888e29b17b79c70d1c617d8a7bc9b8c6","name":"Carlos Dom\u00ednguez","image":{"@type":"ImageObject","inLanguage":"en-US","@id":"https:\/\/secure.gravatar.com\/avatar\/?s=96&d=mm&r=g","url":"https:\/\/secure.gravatar.com\/avatar\/?s=96&d=mm&r=g","contentUrl":"https:\/\/secure.gravatar.com\/avatar\/?s=96&d=mm&r=g","caption":"Carlos Dom\u00ednguez"},"url":"https:\/\/www.fcbarcelonanoticias.com\/en\/carlos-dominguez_2_115.html"}]}},"_links":{"self":[{"href":"https:\/\/www.fcbarcelonanoticias.com\/en\/wp-json\/wp\/v2\/posts\/12392","targetHints":{"allow":["GET"]}}],"collection":[{"href":"https:\/\/www.fcbarcelonanoticias.com\/en\/wp-json\/wp\/v2\/posts"}],"about":[{"href":"https:\/\/www.fcbarcelonanoticias.com\/en\/wp-json\/wp\/v2\/types\/post"}],"author":[{"embeddable":true,"href":"https:\/\/www.fcbarcelonanoticias.com\/en\/wp-json\/wp\/v2\/users\/366"}],"replies":[{"embeddable":true,"href":"https:\/\/www.fcbarcelonanoticias.com\/en\/wp-json\/wp\/v2\/comments?post=12392"}],"version-history":[{"count":5,"href":"https:\/\/www.fcbarcelonanoticias.com\/en\/wp-json\/wp\/v2\/posts\/12392\/revisions"}],"predecessor-version":[{"id":185072,"href":"https:\/\/www.fcbarcelonanoticias.com\/en\/wp-json\/wp\/v2\/posts\/12392\/revisions\/185072"}],"wp:featuredmedia":[{"embeddable":true,"href":"https:\/\/www.fcbarcelonanoticias.com\/en\/wp-json\/wp\/v2\/media\/12393"}],"wp:attachment":[{"href":"https:\/\/www.fcbarcelonanoticias.com\/en\/wp-json\/wp\/v2\/media?parent=12392"}],"wp:term":[{"taxonomy":"category","embeddable":true,"href":"https:\/\/www.fcbarcelonanoticias.com\/en\/wp-json\/wp\/v2\/categories?post=12392"},{"taxonomy":"post_tag","embeddable":true,"href":"https:\/\/www.fcbarcelonanoticias.com\/en\/wp-json\/wp\/v2\/tags?post=12392"}],"curies":[{"name":"wp","href":"https:\/\/api.w.org\/{rel}","templated":true}]}}