{"id":124449,"date":"2020-03-15T09:34:00","date_gmt":"2020-03-15T08:34:00","guid":{"rendered":"https:\/\/weisetech.dev\/fc-barcelona-noticias\/en\/the-inter-of-milan-and-the-juventus-will-go-to-by-arturo-vidal-and_256189_102\/"},"modified":"2020-03-15T13:51:00","modified_gmt":"2020-03-15T12:51:00","slug":"the-inter-of-milan-and-the-juventus-will-go-to-by-arturo-vidal-and_256189_102","status":"publish","type":"post","link":"https:\/\/www.fcbarcelonanoticias.com\/en\/players\/the-inter-of-milan-and-the-juventus-will-go-to-by-arturo-vidal-and_256189_102.html","title":{"rendered":"Inter Milan and Juventus will go for Arturo Vidal in summer"},"content":{"rendered":"<h2 class=\"wp-block-heading\">In spite of having a paper stood out in the FC Barcelona, the continuity of Arturo Vidal in the Camp Nou is not ensured. Inter Of Milan and Juventus iran to by him<\/h2>  \r\n<div class=\"article-addons\">\r\n    <a href=\"https:\/\/www.fcbarcelonanoticias.com\/en\/calendar-fc-barcelona.html\"\r\n       target=\"_self\"\r\n       title=\"Calendar of FC Barcelona\"\r\n       class=\"blue-gredient-btn\">\r\n       \r\n        Calendar of FC Barcelona    <\/a>\r\n<\/div>   <p><strong>Arturo Vidal <\/strong>is of these footballers that, during all his career and in each team of the that has formed part, has been accustomed to have a main role. So much in the selection of <strong>Chile<\/strong>, where has been a key footballer during the last decade, as in teams like the <strong>Bayer Leverkusen, Juventus of Tur\u00edn<\/strong> or <strong>Bayern of Munich,<\/strong> his titularity has given always of usual form.<\/p>  <p>In <strong>the FC Barcelona,<\/strong> team in which it plays from does a season and average, this role has varied. The alternating Chilean split to title with others in which it touches him be revulsivo from the bench, something that does not convince him and of what <a data-external=\"0\" data-intl-links-en=\"https:\/\/www.fcbarcelonanoticias.com\/en\/players\/arturo-vidal-angry-again-replaced-braithwaite_255890_102.html\" data-intl-links-es=\"https:\/\/www.fcbarcelonanoticias.com\/jugadores\/arturo-vidal-volvio-enfadarse-fue-sustituido_255890_102.html\" href=\"https:\/\/www.fcbarcelonanoticias.com\/en\/players\/arturo-vidal-angry-again-replaced-braithwaite_255890_102.html\" rel=\"follow\" target=\"_self\" title=\"Arturo Vidal casi la l\u00eda: El chileno volvi\u00f3 a enfadarse cuando fue sustituido\">has complained in more than an occasion<\/a> leaving even his future in the air when they have asked after him his unrest.<\/p>  <p>In spite of that it is a player of differential characteristics that is being important for the Bar\u00e7a, so much with <strong>Ernesto Valverde<\/strong> as with <strong>Quique Seti\u00e9n,<\/strong> his course in summer is a possibility very to take into account. The next month of May fulfils 33 years and knows that in <strong>the Series To<\/strong> there are several teams that will offer him what possibly was his last big agreement to recover this role of intocable that had in the past.<\/p>  <p>According to the informations published by the Italian press and, more specifically, by CalcioMercato, so much the<strong> Juventus of Tur\u00edn<\/strong> like the <strong>Inter of Milan<\/strong> would be had to bid to do with the services of Arturo Vidal. In the FC Barcelona would not put too many fetters to leave him leave if it arrives an interesting offer, since from the club cul\u00e9 needs sell to jugadorss to be able to square the balances of the current economic exercise.<\/p>  <h3>Arturo Vidal would prefer to the Inter<\/h3>  <p>Arturo Vidal lived the one who possibly went his stage of greater performance in the Juventus of Tur\u00edn, where turned into an authentic mainstay for the centre of the field &#8216;bianconero&#8217;. If it left to the team piamont\u00e9s, would recover this status of important player, in addition to being able to aspire to win the <strong>Scudetto <\/strong>and the <a data-external=\"0\" data-intl-links-en=\"https:\/\/www.fcbarcelonanoticias.com\/en\/champions-league\" data-intl-links-es=\"https:\/\/www.fcbarcelonanoticias.com\/champions-league\" href=\"https:\/\/www.fcbarcelonanoticias.com\/en\/football\/champions-league.html\" rel=\"follow\" target=\"_self\" title=\"Champions League\">Champions League<\/a>\u200b forming part of a staff of big level, with players like<strong> Cristiano Ronaldo<\/strong> or <strong>Paulo Dybala<\/strong> like mates.<\/p>  <p>Nevertheless, in this stage like juventino, the one who achieved to take out all his potential was <strong>Antonio Conte,<\/strong> that now directs to the Inter of Milan. The Italian technician already wanted to carry to the Chilean in winter, but the Bar\u00e7a descart\u00f3 his exit and the emplaz\u00f3 in summer. According to the informations published by CalcioMercato, <strong>to Arturo Vidal seduces him especially the idea to play in Giuseppe Meazza.<\/strong><\/p> ","protected":false},"excerpt":{"rendered":"<p>In spite of having a paper stood out in the FC Barcelona, the continuity of Arturo Vidal in the Camp Nou is not ensured. Inter Of Milan and Juventus iran to by him Arturo Vidal is of these footballers that, during all his career and in each team of the that has formed part, has [&hellip;]<\/p>\n","protected":false},"author":392,"featured_media":124454,"comment_status":"closed","ping_status":"open","sticky":false,"template":"","format":"standard","meta":{"_acf_changed":false,"inline_featured_image":false,"_nextfly_llmd_date_locked":false,"footnotes":""},"categories":[107,453],"tags":[159,100,105],"class_list":["post-124449","post","type-post","status-publish","format-standard","has-post-thumbnail","hentry","category-players","category-players-2","tag-arturo-vidal","tag-inter-milan","tag-juventus"],"acf":[],"yoast_head":"<!-- This site is optimized with the Yoast SEO plugin v27.3 - https:\/\/yoast.com\/product\/yoast-seo-wordpress\/ -->\n<title>Inter Milan and Juventus will go for Arturo Vidal in summer<\/title>\n<meta name=\"description\" content=\"In spite of having a paper stood out in the FC Barcelona, the continuity of Arturo Vidal in the Camp Nou is not ensured. Inter Of Milan and Juventus iran to by him\" \/>\n<meta name=\"robots\" content=\"index, follow, max-snippet:-1, max-image-preview:large, max-video-preview:-1\" \/>\n<link rel=\"canonical\" href=\"https:\/\/www.fcbarcelonanoticias.com\/en\/players\/the-inter-of-milan-and-the-juventus-will-go-to-by-arturo-vidal-and_256189_102.html\" \/>\n<meta property=\"og:locale\" content=\"en_US\" \/>\n<meta property=\"og:type\" content=\"article\" \/>\n<meta property=\"og:title\" content=\"Inter Milan and Juventus will go for Arturo Vidal in summer\" \/>\n<meta property=\"og:description\" content=\"In spite of having a paper stood out in the FC Barcelona, the continuity of Arturo Vidal in the Camp Nou is not ensured. Inter Of Milan and Juventus iran to by him\" \/>\n<meta property=\"og:url\" content=\"https:\/\/www.fcbarcelonanoticias.com\/en\/players\/the-inter-of-milan-and-the-juventus-will-go-to-by-arturo-vidal-and_256189_102.html\" \/>\n<meta property=\"og:site_name\" content=\"EN - FC Barcelona Noticias\" \/>\n<meta property=\"article:published_time\" content=\"2020-03-15T08:34:00+00:00\" \/>\n<meta property=\"article:modified_time\" content=\"2020-03-15T12:51:00+00:00\" \/>\n<meta property=\"og:image\" content=\"https:\/\/www.fcbarcelonanoticias.com\/en\/wp-content\/uploads\/sites\/2\/2020\/03\/vidal-arturo-molesto-1.jpeg\" \/>\n\t<meta property=\"og:image:width\" content=\"1300\" \/>\n\t<meta property=\"og:image:height\" content=\"749\" \/>\n\t<meta property=\"og:image:type\" content=\"image\/jpeg\" \/>\n<meta name=\"author\" content=\"user_4048\" \/>\n<meta name=\"twitter:card\" content=\"summary_large_image\" \/>\n<meta name=\"twitter:label1\" content=\"Written by\" \/>\n\t<meta name=\"twitter:data1\" content=\"user_4048\" \/>\n\t<meta name=\"twitter:label2\" content=\"Est. reading time\" \/>\n\t<meta name=\"twitter:data2\" content=\"2 minutes\" \/>\n<script type=\"application\/ld+json\" class=\"yoast-schema-graph\">{\"@context\":\"https:\\\/\\\/schema.org\",\"@graph\":[{\"@type\":\"Article\",\"@id\":\"https:\\\/\\\/www.fcbarcelonanoticias.com\\\/en\\\/players\\\/the-inter-of-milan-and-the-juventus-will-go-to-by-arturo-vidal-and_256189_102.html#article\",\"isPartOf\":{\"@id\":\"https:\\\/\\\/www.fcbarcelonanoticias.com\\\/en\\\/players\\\/the-inter-of-milan-and-the-juventus-will-go-to-by-arturo-vidal-and_256189_102.html\"},\"author\":{\"name\":\"user_4048\",\"@id\":\"https:\\\/\\\/www.fcbarcelonanoticias.com\\\/en\\\/#\\\/schema\\\/person\\\/fcdad55cab72b8d0e106d75506783b6d\"},\"headline\":\"Inter Milan and Juventus will go for Arturo Vidal in summer\",\"datePublished\":\"2020-03-15T08:34:00+00:00\",\"dateModified\":\"2020-03-15T12:51:00+00:00\",\"mainEntityOfPage\":{\"@id\":\"https:\\\/\\\/www.fcbarcelonanoticias.com\\\/en\\\/players\\\/the-inter-of-milan-and-the-juventus-will-go-to-by-arturo-vidal-and_256189_102.html\"},\"wordCount\":500,\"image\":{\"@id\":\"https:\\\/\\\/www.fcbarcelonanoticias.com\\\/en\\\/players\\\/the-inter-of-milan-and-the-juventus-will-go-to-by-arturo-vidal-and_256189_102.html#primaryimage\"},\"thumbnailUrl\":\"https:\\\/\\\/www.fcbarcelonanoticias.com\\\/en\\\/wp-content\\\/uploads\\\/sites\\\/2\\\/2020\\\/03\\\/vidal-arturo-molesto-1.jpeg\",\"keywords\":[\"Arturo Vidal\",\"Inter Milan\",\"Juventus\"],\"articleSection\":[\"Players\",\"Players\"],\"inLanguage\":\"en-US\"},{\"@type\":\"WebPage\",\"@id\":\"https:\\\/\\\/www.fcbarcelonanoticias.com\\\/en\\\/players\\\/the-inter-of-milan-and-the-juventus-will-go-to-by-arturo-vidal-and_256189_102.html\",\"url\":\"https:\\\/\\\/www.fcbarcelonanoticias.com\\\/en\\\/players\\\/the-inter-of-milan-and-the-juventus-will-go-to-by-arturo-vidal-and_256189_102.html\",\"name\":\"Inter Milan and Juventus will go for Arturo Vidal in summer\",\"isPartOf\":{\"@id\":\"https:\\\/\\\/www.fcbarcelonanoticias.com\\\/en\\\/#website\"},\"primaryImageOfPage\":{\"@id\":\"https:\\\/\\\/www.fcbarcelonanoticias.com\\\/en\\\/players\\\/the-inter-of-milan-and-the-juventus-will-go-to-by-arturo-vidal-and_256189_102.html#primaryimage\"},\"image\":{\"@id\":\"https:\\\/\\\/www.fcbarcelonanoticias.com\\\/en\\\/players\\\/the-inter-of-milan-and-the-juventus-will-go-to-by-arturo-vidal-and_256189_102.html#primaryimage\"},\"thumbnailUrl\":\"https:\\\/\\\/www.fcbarcelonanoticias.com\\\/en\\\/wp-content\\\/uploads\\\/sites\\\/2\\\/2020\\\/03\\\/vidal-arturo-molesto-1.jpeg\",\"datePublished\":\"2020-03-15T08:34:00+00:00\",\"dateModified\":\"2020-03-15T12:51:00+00:00\",\"author\":{\"@id\":\"https:\\\/\\\/www.fcbarcelonanoticias.com\\\/en\\\/#\\\/schema\\\/person\\\/fcdad55cab72b8d0e106d75506783b6d\"},\"description\":\"In spite of having a paper stood out in the FC Barcelona, the continuity of Arturo Vidal in the Camp Nou is not ensured. Inter Of Milan and Juventus iran to by him\",\"breadcrumb\":{\"@id\":\"https:\\\/\\\/www.fcbarcelonanoticias.com\\\/en\\\/players\\\/the-inter-of-milan-and-the-juventus-will-go-to-by-arturo-vidal-and_256189_102.html#breadcrumb\"},\"inLanguage\":\"en-US\",\"potentialAction\":[{\"@type\":\"ReadAction\",\"target\":[\"https:\\\/\\\/www.fcbarcelonanoticias.com\\\/en\\\/players\\\/the-inter-of-milan-and-the-juventus-will-go-to-by-arturo-vidal-and_256189_102.html\"]}]},{\"@type\":\"ImageObject\",\"inLanguage\":\"en-US\",\"@id\":\"https:\\\/\\\/www.fcbarcelonanoticias.com\\\/en\\\/players\\\/the-inter-of-milan-and-the-juventus-will-go-to-by-arturo-vidal-and_256189_102.html#primaryimage\",\"url\":\"https:\\\/\\\/www.fcbarcelonanoticias.com\\\/en\\\/wp-content\\\/uploads\\\/sites\\\/2\\\/2020\\\/03\\\/vidal-arturo-molesto-1.jpeg\",\"contentUrl\":\"https:\\\/\\\/www.fcbarcelonanoticias.com\\\/en\\\/wp-content\\\/uploads\\\/sites\\\/2\\\/2020\\\/03\\\/vidal-arturo-molesto-1.jpeg\",\"width\":1300,\"height\":749},{\"@type\":\"BreadcrumbList\",\"@id\":\"https:\\\/\\\/www.fcbarcelonanoticias.com\\\/en\\\/players\\\/the-inter-of-milan-and-the-juventus-will-go-to-by-arturo-vidal-and_256189_102.html#breadcrumb\",\"itemListElement\":[{\"@type\":\"ListItem\",\"position\":1,\"name\":\"Portada\",\"item\":\"https:\\\/\\\/www.fcbarcelonanoticias.com\\\/en\\\/\"},{\"@type\":\"ListItem\",\"position\":2,\"name\":\"Inter Milan and Juventus will go for Arturo Vidal in summer\"}]},{\"@type\":\"WebSite\",\"@id\":\"https:\\\/\\\/www.fcbarcelonanoticias.com\\\/en\\\/#website\",\"url\":\"https:\\\/\\\/www.fcbarcelonanoticias.com\\\/en\\\/\",\"name\":\"EN - FC Barcelona Noticias\",\"description\":\"\",\"potentialAction\":[{\"@type\":\"SearchAction\",\"target\":{\"@type\":\"EntryPoint\",\"urlTemplate\":\"https:\\\/\\\/www.fcbarcelonanoticias.com\\\/en\\\/?s={search_term_string}\"},\"query-input\":{\"@type\":\"PropertyValueSpecification\",\"valueRequired\":true,\"valueName\":\"search_term_string\"}}],\"inLanguage\":\"en-US\"},{\"@type\":\"Person\",\"@id\":\"https:\\\/\\\/www.fcbarcelonanoticias.com\\\/en\\\/#\\\/schema\\\/person\\\/fcdad55cab72b8d0e106d75506783b6d\",\"name\":\"user_4048\",\"image\":{\"@type\":\"ImageObject\",\"inLanguage\":\"en-US\",\"@id\":\"https:\\\/\\\/secure.gravatar.com\\\/avatar\\\/?s=96&d=mm&r=g\",\"url\":\"https:\\\/\\\/secure.gravatar.com\\\/avatar\\\/?s=96&d=mm&r=g\",\"contentUrl\":\"https:\\\/\\\/secure.gravatar.com\\\/avatar\\\/?s=96&d=mm&r=g\",\"caption\":\"user_4048\"},\"url\":\"https:\\\/\\\/www.fcbarcelonanoticias.com\\\/en\\\/user_4048.html\"}]}<\/script>\n<!-- \/ Yoast SEO plugin. -->","yoast_head_json":{"title":"Inter Milan and Juventus will go for Arturo Vidal in summer","description":"In spite of having a paper stood out in the FC Barcelona, the continuity of Arturo Vidal in the Camp Nou is not ensured. Inter Of Milan and Juventus iran to by him","robots":{"index":"index","follow":"follow","max-snippet":"max-snippet:-1","max-image-preview":"max-image-preview:large","max-video-preview":"max-video-preview:-1"},"canonical":"https:\/\/www.fcbarcelonanoticias.com\/en\/players\/the-inter-of-milan-and-the-juventus-will-go-to-by-arturo-vidal-and_256189_102.html","og_locale":"en_US","og_type":"article","og_title":"Inter Milan and Juventus will go for Arturo Vidal in summer","og_description":"In spite of having a paper stood out in the FC Barcelona, the continuity of Arturo Vidal in the Camp Nou is not ensured. Inter Of Milan and Juventus iran to by him","og_url":"https:\/\/www.fcbarcelonanoticias.com\/en\/players\/the-inter-of-milan-and-the-juventus-will-go-to-by-arturo-vidal-and_256189_102.html","og_site_name":"EN - FC Barcelona Noticias","article_published_time":"2020-03-15T08:34:00+00:00","article_modified_time":"2020-03-15T12:51:00+00:00","og_image":[{"width":1300,"height":749,"url":"https:\/\/www.fcbarcelonanoticias.com\/en\/wp-content\/uploads\/sites\/2\/2020\/03\/vidal-arturo-molesto-1.jpeg","type":"image\/jpeg"}],"author":"user_4048","twitter_card":"summary_large_image","twitter_misc":{"Written by":"user_4048","Est. reading time":"2 minutes"},"schema":{"@context":"https:\/\/schema.org","@graph":[{"@type":"Article","@id":"https:\/\/www.fcbarcelonanoticias.com\/en\/players\/the-inter-of-milan-and-the-juventus-will-go-to-by-arturo-vidal-and_256189_102.html#article","isPartOf":{"@id":"https:\/\/www.fcbarcelonanoticias.com\/en\/players\/the-inter-of-milan-and-the-juventus-will-go-to-by-arturo-vidal-and_256189_102.html"},"author":{"name":"user_4048","@id":"https:\/\/www.fcbarcelonanoticias.com\/en\/#\/schema\/person\/fcdad55cab72b8d0e106d75506783b6d"},"headline":"Inter Milan and Juventus will go for Arturo Vidal in summer","datePublished":"2020-03-15T08:34:00+00:00","dateModified":"2020-03-15T12:51:00+00:00","mainEntityOfPage":{"@id":"https:\/\/www.fcbarcelonanoticias.com\/en\/players\/the-inter-of-milan-and-the-juventus-will-go-to-by-arturo-vidal-and_256189_102.html"},"wordCount":500,"image":{"@id":"https:\/\/www.fcbarcelonanoticias.com\/en\/players\/the-inter-of-milan-and-the-juventus-will-go-to-by-arturo-vidal-and_256189_102.html#primaryimage"},"thumbnailUrl":"https:\/\/www.fcbarcelonanoticias.com\/en\/wp-content\/uploads\/sites\/2\/2020\/03\/vidal-arturo-molesto-1.jpeg","keywords":["Arturo Vidal","Inter Milan","Juventus"],"articleSection":["Players","Players"],"inLanguage":"en-US"},{"@type":"WebPage","@id":"https:\/\/www.fcbarcelonanoticias.com\/en\/players\/the-inter-of-milan-and-the-juventus-will-go-to-by-arturo-vidal-and_256189_102.html","url":"https:\/\/www.fcbarcelonanoticias.com\/en\/players\/the-inter-of-milan-and-the-juventus-will-go-to-by-arturo-vidal-and_256189_102.html","name":"Inter Milan and Juventus will go for Arturo Vidal in summer","isPartOf":{"@id":"https:\/\/www.fcbarcelonanoticias.com\/en\/#website"},"primaryImageOfPage":{"@id":"https:\/\/www.fcbarcelonanoticias.com\/en\/players\/the-inter-of-milan-and-the-juventus-will-go-to-by-arturo-vidal-and_256189_102.html#primaryimage"},"image":{"@id":"https:\/\/www.fcbarcelonanoticias.com\/en\/players\/the-inter-of-milan-and-the-juventus-will-go-to-by-arturo-vidal-and_256189_102.html#primaryimage"},"thumbnailUrl":"https:\/\/www.fcbarcelonanoticias.com\/en\/wp-content\/uploads\/sites\/2\/2020\/03\/vidal-arturo-molesto-1.jpeg","datePublished":"2020-03-15T08:34:00+00:00","dateModified":"2020-03-15T12:51:00+00:00","author":{"@id":"https:\/\/www.fcbarcelonanoticias.com\/en\/#\/schema\/person\/fcdad55cab72b8d0e106d75506783b6d"},"description":"In spite of having a paper stood out in the FC Barcelona, the continuity of Arturo Vidal in the Camp Nou is not ensured. Inter Of Milan and Juventus iran to by him","breadcrumb":{"@id":"https:\/\/www.fcbarcelonanoticias.com\/en\/players\/the-inter-of-milan-and-the-juventus-will-go-to-by-arturo-vidal-and_256189_102.html#breadcrumb"},"inLanguage":"en-US","potentialAction":[{"@type":"ReadAction","target":["https:\/\/www.fcbarcelonanoticias.com\/en\/players\/the-inter-of-milan-and-the-juventus-will-go-to-by-arturo-vidal-and_256189_102.html"]}]},{"@type":"ImageObject","inLanguage":"en-US","@id":"https:\/\/www.fcbarcelonanoticias.com\/en\/players\/the-inter-of-milan-and-the-juventus-will-go-to-by-arturo-vidal-and_256189_102.html#primaryimage","url":"https:\/\/www.fcbarcelonanoticias.com\/en\/wp-content\/uploads\/sites\/2\/2020\/03\/vidal-arturo-molesto-1.jpeg","contentUrl":"https:\/\/www.fcbarcelonanoticias.com\/en\/wp-content\/uploads\/sites\/2\/2020\/03\/vidal-arturo-molesto-1.jpeg","width":1300,"height":749},{"@type":"BreadcrumbList","@id":"https:\/\/www.fcbarcelonanoticias.com\/en\/players\/the-inter-of-milan-and-the-juventus-will-go-to-by-arturo-vidal-and_256189_102.html#breadcrumb","itemListElement":[{"@type":"ListItem","position":1,"name":"Portada","item":"https:\/\/www.fcbarcelonanoticias.com\/en\/"},{"@type":"ListItem","position":2,"name":"Inter Milan and Juventus will go for Arturo Vidal in summer"}]},{"@type":"WebSite","@id":"https:\/\/www.fcbarcelonanoticias.com\/en\/#website","url":"https:\/\/www.fcbarcelonanoticias.com\/en\/","name":"EN - FC Barcelona Noticias","description":"","potentialAction":[{"@type":"SearchAction","target":{"@type":"EntryPoint","urlTemplate":"https:\/\/www.fcbarcelonanoticias.com\/en\/?s={search_term_string}"},"query-input":{"@type":"PropertyValueSpecification","valueRequired":true,"valueName":"search_term_string"}}],"inLanguage":"en-US"},{"@type":"Person","@id":"https:\/\/www.fcbarcelonanoticias.com\/en\/#\/schema\/person\/fcdad55cab72b8d0e106d75506783b6d","name":"user_4048","image":{"@type":"ImageObject","inLanguage":"en-US","@id":"https:\/\/secure.gravatar.com\/avatar\/?s=96&d=mm&r=g","url":"https:\/\/secure.gravatar.com\/avatar\/?s=96&d=mm&r=g","contentUrl":"https:\/\/secure.gravatar.com\/avatar\/?s=96&d=mm&r=g","caption":"user_4048"},"url":"https:\/\/www.fcbarcelonanoticias.com\/en\/user_4048.html"}]}},"_links":{"self":[{"href":"https:\/\/www.fcbarcelonanoticias.com\/en\/wp-json\/wp\/v2\/posts\/124449","targetHints":{"allow":["GET"]}}],"collection":[{"href":"https:\/\/www.fcbarcelonanoticias.com\/en\/wp-json\/wp\/v2\/posts"}],"about":[{"href":"https:\/\/www.fcbarcelonanoticias.com\/en\/wp-json\/wp\/v2\/types\/post"}],"author":[{"embeddable":true,"href":"https:\/\/www.fcbarcelonanoticias.com\/en\/wp-json\/wp\/v2\/users\/392"}],"replies":[{"embeddable":true,"href":"https:\/\/www.fcbarcelonanoticias.com\/en\/wp-json\/wp\/v2\/comments?post=124449"}],"version-history":[{"count":1,"href":"https:\/\/www.fcbarcelonanoticias.com\/en\/wp-json\/wp\/v2\/posts\/124449\/revisions"}],"predecessor-version":[{"id":150726,"href":"https:\/\/www.fcbarcelonanoticias.com\/en\/wp-json\/wp\/v2\/posts\/124449\/revisions\/150726"}],"wp:featuredmedia":[{"embeddable":true,"href":"https:\/\/www.fcbarcelonanoticias.com\/en\/wp-json\/wp\/v2\/media\/124454"}],"wp:attachment":[{"href":"https:\/\/www.fcbarcelonanoticias.com\/en\/wp-json\/wp\/v2\/media?parent=124449"}],"wp:term":[{"taxonomy":"category","embeddable":true,"href":"https:\/\/www.fcbarcelonanoticias.com\/en\/wp-json\/wp\/v2\/categories?post=124449"},{"taxonomy":"post_tag","embeddable":true,"href":"https:\/\/www.fcbarcelonanoticias.com\/en\/wp-json\/wp\/v2\/tags?post=124449"}],"curies":[{"name":"wp","href":"https:\/\/api.w.org\/{rel}","templated":true}]}}