{"id":12492,"date":"2018-02-11T00:16:00","date_gmt":"2018-02-10T23:16:00","guid":{"rendered":"https:\/\/weisetech.dev\/fc-barcelona-noticias\/en\/already-it-is-back-the-big-ambition-of-ousmane-dembele_209693_102\/"},"modified":"2026-04-16T09:29:10","modified_gmt":"2026-04-16T07:29:10","slug":"already-it-is-back-the-big-ambition-of-ousmane-dembele_209693_102","status":"publish","type":"post","link":"https:\/\/www.fcbarcelonanoticias.com\/en\/fc-barcelona\/already-it-is-back-the-big-ambition-of-ousmane-dembele_209693_102.html","title":{"rendered":"Already it is back: the big ambition of Ousmane Demb\u00e9l\u00e9"},"content":{"rendered":"<h2 class=\"wp-block-heading\">Demb\u00e9l\u00e9 Arrived like the big signing of the summer. To the few weeks to land in the Camp Nou,  lesion\u00f3 of gravity. Few days after his recovery, went back to fall lesionado. In front of the Getafe will be able to have his second return<\/h2>  \r\n<div class=\"article-addons\">\r\n    <a href=\"https:\/\/www.fcbarcelonanoticias.com\/en\/calendar-fc-barcelona.html\"\r\n       target=\"_self\"\r\n       title=\"Calendar of FC Barcelona\"\r\n       class=\"blue-gredient-btn\">\r\n       \r\n        Calendar of FC Barcelona    <\/a>\r\n<\/div>   <p>After recaer of his grave injury, <strong>Ousmane Demb\u00e9l\u00e9<\/strong> goes back to be back. <a href=\"https:\/\/www.fcbarcelonanoticias.com\/fc-barcelona\/lista-de-convocados-de-valverde-para-el-fc-barcelona-getafe_209666_102.html\"><strong>Ernesto Valverde included him in the list of summoned<\/strong><\/a> to play against the <strong>Getafe<\/strong> in the party <strong>of LaLiga Santander<\/strong> and is very likely that the French forward have minutes to begin to recover the rhythm, who know if beside <strong>Leo Messi<\/strong>, <strong>Luis Su\u00e1rez<\/strong> and the recently incorporated <strong>Philippe Coutinho<\/strong>.<\/p> <p>Now Ousmane Demb\u00e9l\u00e9 has <strong>two big aims in the short term. The first is to go back to recover the physical tone<\/strong> to be to the one hundred by one hundred what before. With the Glass of the King cleared waiting for the final, during the next weeks goes back the <a href=\"https:\/\/www.fcbarcelonanoticias.com\/champions-league-calendario-y-resultados.html\"><strong>Champions League<\/strong><\/a>, and the extreme youngster wants to be in conditions to play the two parties in front of Chelsea and help to the team to happen to quarter-finals.&nbsp;<\/p> <p>The another big challenge of Ousmane Demb\u00e9l\u00e9 is <strong>to join up in what before to the team.<\/strong> It is necessary to take into account that the French did not do pre-season to the orders of Ernesto Valverde and that <strong>the injuries have limited his process of adaptation to the game of the team.<\/strong> Now the French has to readaptarse and join up to a team that has Philippe Coutinho, with the one who still has not coincided in the terrain of game.<\/p> <h2>The impact of Demb\u00e9l\u00e9<\/h2> <p><a href=\"https:\/\/www.fcbarcelonanoticias.com\/en\/tags\/dembele-567\"><strong>Ousmane Demb\u00e9l\u00e9<\/strong><\/a> Will be a very important player for the Bar\u00e7a. <strong>It treats  of a very fast player and tremendously skillful for the desborde, something that the FC Barcelona is missing in the present season, from the drop of Neymar.<\/strong>&nbsp;Beside Philippe Coutinho, the Frenchman is the big hope and one of the big &#8216;signings&#8217; of winter.<\/p> <p>It trusted him  the mission to be the third sword of the trident, but very prompt frustrated  his wishes and the ones of the FC Barcelona. <strong>Ousmane Demb\u00e9l\u00e9 Received a very hard hit to the few weeks to confirm his arrival to the Camp Nou with an injury of long length.<\/strong>&nbsp;After his first recovery, recay\u00f3; but now, at last, it will go back to remain .<\/p> ","protected":false},"excerpt":{"rendered":"<p>Demb\u00e9l\u00e9 Arrived like the big signing of the summer. To the few weeks to land in the Camp Nou, lesion\u00f3 of gravity. Few days after his recovery, went back to fall lesionado. In front of the Getafe will be able to have his second return After recaer of his grave injury, Ousmane Demb\u00e9l\u00e9 goes back [&hellip;]<\/p>\n","protected":false},"author":364,"featured_media":12493,"comment_status":"closed","ping_status":"open","sticky":false,"template":"","format":"standard","meta":{"_acf_changed":false,"inline_featured_image":false,"_nextfly_llmd_date_locked":false,"footnotes":""},"categories":[111],"tags":[161,146,96,136],"class_list":["post-12492","post","type-post","status-publish","format-standard","has-post-thumbnail","hentry","category-fc-barcelona","tag-chelsea","tag-dembele","tag-getafe-cf","tag-injured"],"acf":[],"yoast_head":"<!-- This site is optimized with the Yoast SEO plugin v27.3 - https:\/\/yoast.com\/product\/yoast-seo-wordpress\/ -->\n<title>Already it is back: the big ambition of Ousmane Demb\u00e9l\u00e9<\/title>\n<meta name=\"description\" content=\"Demb\u00e9l\u00e9 Arrived like the big signing of the summer. To the few weeks to land in the Camp Nou, lesion\u00f3 of gravity. Few days after...\" \/>\n<meta name=\"robots\" content=\"index, follow, max-snippet:-1, max-image-preview:large, max-video-preview:-1\" \/>\n<link rel=\"canonical\" href=\"https:\/\/www.fcbarcelonanoticias.com\/en\/fc-barcelona\/already-it-is-back-the-big-ambition-of-ousmane-dembele_209693_102.html\" \/>\n<meta property=\"og:locale\" content=\"en_US\" \/>\n<meta property=\"og:type\" content=\"article\" \/>\n<meta property=\"og:title\" content=\"Already it is back: the big ambition of Ousmane Demb\u00e9l\u00e9\" \/>\n<meta property=\"og:description\" content=\"Demb\u00e9l\u00e9 Arrived like the big signing of the summer. To the few weeks to land in the Camp Nou, lesion\u00f3 of gravity. Few days after...\" \/>\n<meta property=\"og:url\" content=\"https:\/\/www.fcbarcelonanoticias.com\/en\/fc-barcelona\/already-it-is-back-the-big-ambition-of-ousmane-dembele_209693_102.html\" \/>\n<meta property=\"og:site_name\" content=\"EN - FC Barcelona Noticias\" \/>\n<meta property=\"article:published_time\" content=\"2018-02-10T23:16:00+00:00\" \/>\n<meta property=\"article:modified_time\" content=\"2026-04-16T07:29:10+00:00\" \/>\n<meta property=\"og:image\" content=\"https:\/\/www.fcbarcelonanoticias.com\/en\/wp-content\/uploads\/sites\/2\/2018\/02\/dembelecelta-244214.jpeg\" \/>\n\t<meta property=\"og:image:width\" content=\"760\" \/>\n\t<meta property=\"og:image:height\" content=\"428\" \/>\n\t<meta property=\"og:image:type\" content=\"image\/jpeg\" \/>\n<meta name=\"author\" content=\"Albert Ram\u00edrez\" \/>\n<meta name=\"twitter:card\" content=\"summary_large_image\" \/>\n<meta name=\"twitter:label1\" content=\"Written by\" \/>\n\t<meta name=\"twitter:data1\" content=\"Albert Ram\u00edrez\" \/>\n\t<meta name=\"twitter:label2\" content=\"Est. reading time\" \/>\n\t<meta name=\"twitter:data2\" content=\"2 minutes\" \/>\n<script type=\"application\/ld+json\" class=\"yoast-schema-graph\">{\"@context\":\"https:\\\/\\\/schema.org\",\"@graph\":[{\"@type\":\"Article\",\"@id\":\"https:\\\/\\\/www.fcbarcelonanoticias.com\\\/en\\\/fc-barcelona\\\/already-it-is-back-the-big-ambition-of-ousmane-dembele_209693_102.html#article\",\"isPartOf\":{\"@id\":\"https:\\\/\\\/www.fcbarcelonanoticias.com\\\/en\\\/fc-barcelona\\\/already-it-is-back-the-big-ambition-of-ousmane-dembele_209693_102.html\"},\"author\":{\"name\":\"Albert Ram\u00edrez\",\"@id\":\"https:\\\/\\\/www.fcbarcelonanoticias.com\\\/en\\\/#\\\/schema\\\/person\\\/1d0eb8457abc625a793c7a9f8f67612d\"},\"headline\":\"Already it is back: the big ambition of Ousmane Demb\u00e9l\u00e9\",\"datePublished\":\"2018-02-10T23:16:00+00:00\",\"dateModified\":\"2026-04-16T07:29:10+00:00\",\"mainEntityOfPage\":{\"@id\":\"https:\\\/\\\/www.fcbarcelonanoticias.com\\\/en\\\/fc-barcelona\\\/already-it-is-back-the-big-ambition-of-ousmane-dembele_209693_102.html\"},\"wordCount\":420,\"image\":{\"@id\":\"https:\\\/\\\/www.fcbarcelonanoticias.com\\\/en\\\/fc-barcelona\\\/already-it-is-back-the-big-ambition-of-ousmane-dembele_209693_102.html#primaryimage\"},\"thumbnailUrl\":\"https:\\\/\\\/www.fcbarcelonanoticias.com\\\/en\\\/wp-content\\\/uploads\\\/sites\\\/2\\\/2018\\\/02\\\/dembelecelta-244214.jpeg\",\"keywords\":[\"Chelsea\",\"Demb\u00e9l\u00e9\",\"Getafe CF\",\"injured\"],\"articleSection\":[\"FC Barcelona\"],\"inLanguage\":\"en-US\"},{\"@type\":\"WebPage\",\"@id\":\"https:\\\/\\\/www.fcbarcelonanoticias.com\\\/en\\\/fc-barcelona\\\/already-it-is-back-the-big-ambition-of-ousmane-dembele_209693_102.html\",\"url\":\"https:\\\/\\\/www.fcbarcelonanoticias.com\\\/en\\\/fc-barcelona\\\/already-it-is-back-the-big-ambition-of-ousmane-dembele_209693_102.html\",\"name\":\"Already it is back: the big ambition of Ousmane Demb\u00e9l\u00e9\",\"isPartOf\":{\"@id\":\"https:\\\/\\\/www.fcbarcelonanoticias.com\\\/en\\\/#website\"},\"primaryImageOfPage\":{\"@id\":\"https:\\\/\\\/www.fcbarcelonanoticias.com\\\/en\\\/fc-barcelona\\\/already-it-is-back-the-big-ambition-of-ousmane-dembele_209693_102.html#primaryimage\"},\"image\":{\"@id\":\"https:\\\/\\\/www.fcbarcelonanoticias.com\\\/en\\\/fc-barcelona\\\/already-it-is-back-the-big-ambition-of-ousmane-dembele_209693_102.html#primaryimage\"},\"thumbnailUrl\":\"https:\\\/\\\/www.fcbarcelonanoticias.com\\\/en\\\/wp-content\\\/uploads\\\/sites\\\/2\\\/2018\\\/02\\\/dembelecelta-244214.jpeg\",\"datePublished\":\"2018-02-10T23:16:00+00:00\",\"dateModified\":\"2026-04-16T07:29:10+00:00\",\"author\":{\"@id\":\"https:\\\/\\\/www.fcbarcelonanoticias.com\\\/en\\\/#\\\/schema\\\/person\\\/1d0eb8457abc625a793c7a9f8f67612d\"},\"description\":\"Demb\u00e9l\u00e9 Arrived like the big signing of the summer. To the few weeks to land in the Camp Nou, lesion\u00f3 of gravity. Few days after...\",\"breadcrumb\":{\"@id\":\"https:\\\/\\\/www.fcbarcelonanoticias.com\\\/en\\\/fc-barcelona\\\/already-it-is-back-the-big-ambition-of-ousmane-dembele_209693_102.html#breadcrumb\"},\"inLanguage\":\"en-US\",\"potentialAction\":[{\"@type\":\"ReadAction\",\"target\":[\"https:\\\/\\\/www.fcbarcelonanoticias.com\\\/en\\\/fc-barcelona\\\/already-it-is-back-the-big-ambition-of-ousmane-dembele_209693_102.html\"]}]},{\"@type\":\"ImageObject\",\"inLanguage\":\"en-US\",\"@id\":\"https:\\\/\\\/www.fcbarcelonanoticias.com\\\/en\\\/fc-barcelona\\\/already-it-is-back-the-big-ambition-of-ousmane-dembele_209693_102.html#primaryimage\",\"url\":\"https:\\\/\\\/www.fcbarcelonanoticias.com\\\/en\\\/wp-content\\\/uploads\\\/sites\\\/2\\\/2018\\\/02\\\/dembelecelta-244214.jpeg\",\"contentUrl\":\"https:\\\/\\\/www.fcbarcelonanoticias.com\\\/en\\\/wp-content\\\/uploads\\\/sites\\\/2\\\/2018\\\/02\\\/dembelecelta-244214.jpeg\",\"width\":760,\"height\":428},{\"@type\":\"BreadcrumbList\",\"@id\":\"https:\\\/\\\/www.fcbarcelonanoticias.com\\\/en\\\/fc-barcelona\\\/already-it-is-back-the-big-ambition-of-ousmane-dembele_209693_102.html#breadcrumb\",\"itemListElement\":[{\"@type\":\"ListItem\",\"position\":1,\"name\":\"Portada\",\"item\":\"https:\\\/\\\/www.fcbarcelonanoticias.com\\\/en\\\/\"},{\"@type\":\"ListItem\",\"position\":2,\"name\":\"Already it is back: the big ambition of Ousmane Demb\u00e9l\u00e9\"}]},{\"@type\":\"WebSite\",\"@id\":\"https:\\\/\\\/www.fcbarcelonanoticias.com\\\/en\\\/#website\",\"url\":\"https:\\\/\\\/www.fcbarcelonanoticias.com\\\/en\\\/\",\"name\":\"EN - FC Barcelona Noticias\",\"description\":\"\",\"potentialAction\":[{\"@type\":\"SearchAction\",\"target\":{\"@type\":\"EntryPoint\",\"urlTemplate\":\"https:\\\/\\\/www.fcbarcelonanoticias.com\\\/en\\\/?s={search_term_string}\"},\"query-input\":{\"@type\":\"PropertyValueSpecification\",\"valueRequired\":true,\"valueName\":\"search_term_string\"}}],\"inLanguage\":\"en-US\"},{\"@type\":\"Person\",\"@id\":\"https:\\\/\\\/www.fcbarcelonanoticias.com\\\/en\\\/#\\\/schema\\\/person\\\/1d0eb8457abc625a793c7a9f8f67612d\",\"name\":\"Albert Ram\u00edrez\",\"image\":{\"@type\":\"ImageObject\",\"inLanguage\":\"en-US\",\"@id\":\"https:\\\/\\\/secure.gravatar.com\\\/avatar\\\/?s=96&d=mm&r=g\",\"url\":\"https:\\\/\\\/secure.gravatar.com\\\/avatar\\\/?s=96&d=mm&r=g\",\"contentUrl\":\"https:\\\/\\\/secure.gravatar.com\\\/avatar\\\/?s=96&d=mm&r=g\",\"caption\":\"Albert Ram\u00edrez\"},\"url\":\"https:\\\/\\\/www.fcbarcelonanoticias.com\\\/en\\\/albert-ramirez_5_115.html\"}]}<\/script>\n<!-- \/ Yoast SEO plugin. -->","yoast_head_json":{"title":"Already it is back: the big ambition of Ousmane Demb\u00e9l\u00e9","description":"Demb\u00e9l\u00e9 Arrived like the big signing of the summer. To the few weeks to land in the Camp Nou, lesion\u00f3 of gravity. Few days after...","robots":{"index":"index","follow":"follow","max-snippet":"max-snippet:-1","max-image-preview":"max-image-preview:large","max-video-preview":"max-video-preview:-1"},"canonical":"https:\/\/www.fcbarcelonanoticias.com\/en\/fc-barcelona\/already-it-is-back-the-big-ambition-of-ousmane-dembele_209693_102.html","og_locale":"en_US","og_type":"article","og_title":"Already it is back: the big ambition of Ousmane Demb\u00e9l\u00e9","og_description":"Demb\u00e9l\u00e9 Arrived like the big signing of the summer. To the few weeks to land in the Camp Nou, lesion\u00f3 of gravity. Few days after...","og_url":"https:\/\/www.fcbarcelonanoticias.com\/en\/fc-barcelona\/already-it-is-back-the-big-ambition-of-ousmane-dembele_209693_102.html","og_site_name":"EN - FC Barcelona Noticias","article_published_time":"2018-02-10T23:16:00+00:00","article_modified_time":"2026-04-16T07:29:10+00:00","og_image":[{"width":760,"height":428,"url":"https:\/\/www.fcbarcelonanoticias.com\/en\/wp-content\/uploads\/sites\/2\/2018\/02\/dembelecelta-244214.jpeg","type":"image\/jpeg"}],"author":"Albert Ram\u00edrez","twitter_card":"summary_large_image","twitter_misc":{"Written by":"Albert Ram\u00edrez","Est. reading time":"2 minutes"},"schema":{"@context":"https:\/\/schema.org","@graph":[{"@type":"Article","@id":"https:\/\/www.fcbarcelonanoticias.com\/en\/fc-barcelona\/already-it-is-back-the-big-ambition-of-ousmane-dembele_209693_102.html#article","isPartOf":{"@id":"https:\/\/www.fcbarcelonanoticias.com\/en\/fc-barcelona\/already-it-is-back-the-big-ambition-of-ousmane-dembele_209693_102.html"},"author":{"name":"Albert Ram\u00edrez","@id":"https:\/\/www.fcbarcelonanoticias.com\/en\/#\/schema\/person\/1d0eb8457abc625a793c7a9f8f67612d"},"headline":"Already it is back: the big ambition of Ousmane Demb\u00e9l\u00e9","datePublished":"2018-02-10T23:16:00+00:00","dateModified":"2026-04-16T07:29:10+00:00","mainEntityOfPage":{"@id":"https:\/\/www.fcbarcelonanoticias.com\/en\/fc-barcelona\/already-it-is-back-the-big-ambition-of-ousmane-dembele_209693_102.html"},"wordCount":420,"image":{"@id":"https:\/\/www.fcbarcelonanoticias.com\/en\/fc-barcelona\/already-it-is-back-the-big-ambition-of-ousmane-dembele_209693_102.html#primaryimage"},"thumbnailUrl":"https:\/\/www.fcbarcelonanoticias.com\/en\/wp-content\/uploads\/sites\/2\/2018\/02\/dembelecelta-244214.jpeg","keywords":["Chelsea","Demb\u00e9l\u00e9","Getafe CF","injured"],"articleSection":["FC Barcelona"],"inLanguage":"en-US"},{"@type":"WebPage","@id":"https:\/\/www.fcbarcelonanoticias.com\/en\/fc-barcelona\/already-it-is-back-the-big-ambition-of-ousmane-dembele_209693_102.html","url":"https:\/\/www.fcbarcelonanoticias.com\/en\/fc-barcelona\/already-it-is-back-the-big-ambition-of-ousmane-dembele_209693_102.html","name":"Already it is back: the big ambition of Ousmane Demb\u00e9l\u00e9","isPartOf":{"@id":"https:\/\/www.fcbarcelonanoticias.com\/en\/#website"},"primaryImageOfPage":{"@id":"https:\/\/www.fcbarcelonanoticias.com\/en\/fc-barcelona\/already-it-is-back-the-big-ambition-of-ousmane-dembele_209693_102.html#primaryimage"},"image":{"@id":"https:\/\/www.fcbarcelonanoticias.com\/en\/fc-barcelona\/already-it-is-back-the-big-ambition-of-ousmane-dembele_209693_102.html#primaryimage"},"thumbnailUrl":"https:\/\/www.fcbarcelonanoticias.com\/en\/wp-content\/uploads\/sites\/2\/2018\/02\/dembelecelta-244214.jpeg","datePublished":"2018-02-10T23:16:00+00:00","dateModified":"2026-04-16T07:29:10+00:00","author":{"@id":"https:\/\/www.fcbarcelonanoticias.com\/en\/#\/schema\/person\/1d0eb8457abc625a793c7a9f8f67612d"},"description":"Demb\u00e9l\u00e9 Arrived like the big signing of the summer. To the few weeks to land in the Camp Nou, lesion\u00f3 of gravity. Few days after...","breadcrumb":{"@id":"https:\/\/www.fcbarcelonanoticias.com\/en\/fc-barcelona\/already-it-is-back-the-big-ambition-of-ousmane-dembele_209693_102.html#breadcrumb"},"inLanguage":"en-US","potentialAction":[{"@type":"ReadAction","target":["https:\/\/www.fcbarcelonanoticias.com\/en\/fc-barcelona\/already-it-is-back-the-big-ambition-of-ousmane-dembele_209693_102.html"]}]},{"@type":"ImageObject","inLanguage":"en-US","@id":"https:\/\/www.fcbarcelonanoticias.com\/en\/fc-barcelona\/already-it-is-back-the-big-ambition-of-ousmane-dembele_209693_102.html#primaryimage","url":"https:\/\/www.fcbarcelonanoticias.com\/en\/wp-content\/uploads\/sites\/2\/2018\/02\/dembelecelta-244214.jpeg","contentUrl":"https:\/\/www.fcbarcelonanoticias.com\/en\/wp-content\/uploads\/sites\/2\/2018\/02\/dembelecelta-244214.jpeg","width":760,"height":428},{"@type":"BreadcrumbList","@id":"https:\/\/www.fcbarcelonanoticias.com\/en\/fc-barcelona\/already-it-is-back-the-big-ambition-of-ousmane-dembele_209693_102.html#breadcrumb","itemListElement":[{"@type":"ListItem","position":1,"name":"Portada","item":"https:\/\/www.fcbarcelonanoticias.com\/en\/"},{"@type":"ListItem","position":2,"name":"Already it is back: the big ambition of Ousmane Demb\u00e9l\u00e9"}]},{"@type":"WebSite","@id":"https:\/\/www.fcbarcelonanoticias.com\/en\/#website","url":"https:\/\/www.fcbarcelonanoticias.com\/en\/","name":"EN - FC Barcelona Noticias","description":"","potentialAction":[{"@type":"SearchAction","target":{"@type":"EntryPoint","urlTemplate":"https:\/\/www.fcbarcelonanoticias.com\/en\/?s={search_term_string}"},"query-input":{"@type":"PropertyValueSpecification","valueRequired":true,"valueName":"search_term_string"}}],"inLanguage":"en-US"},{"@type":"Person","@id":"https:\/\/www.fcbarcelonanoticias.com\/en\/#\/schema\/person\/1d0eb8457abc625a793c7a9f8f67612d","name":"Albert Ram\u00edrez","image":{"@type":"ImageObject","inLanguage":"en-US","@id":"https:\/\/secure.gravatar.com\/avatar\/?s=96&d=mm&r=g","url":"https:\/\/secure.gravatar.com\/avatar\/?s=96&d=mm&r=g","contentUrl":"https:\/\/secure.gravatar.com\/avatar\/?s=96&d=mm&r=g","caption":"Albert Ram\u00edrez"},"url":"https:\/\/www.fcbarcelonanoticias.com\/en\/albert-ramirez_5_115.html"}]}},"_links":{"self":[{"href":"https:\/\/www.fcbarcelonanoticias.com\/en\/wp-json\/wp\/v2\/posts\/12492","targetHints":{"allow":["GET"]}}],"collection":[{"href":"https:\/\/www.fcbarcelonanoticias.com\/en\/wp-json\/wp\/v2\/posts"}],"about":[{"href":"https:\/\/www.fcbarcelonanoticias.com\/en\/wp-json\/wp\/v2\/types\/post"}],"author":[{"embeddable":true,"href":"https:\/\/www.fcbarcelonanoticias.com\/en\/wp-json\/wp\/v2\/users\/364"}],"replies":[{"embeddable":true,"href":"https:\/\/www.fcbarcelonanoticias.com\/en\/wp-json\/wp\/v2\/comments?post=12492"}],"version-history":[{"count":3,"href":"https:\/\/www.fcbarcelonanoticias.com\/en\/wp-json\/wp\/v2\/posts\/12492\/revisions"}],"predecessor-version":[{"id":175169,"href":"https:\/\/www.fcbarcelonanoticias.com\/en\/wp-json\/wp\/v2\/posts\/12492\/revisions\/175169"}],"wp:featuredmedia":[{"embeddable":true,"href":"https:\/\/www.fcbarcelonanoticias.com\/en\/wp-json\/wp\/v2\/media\/12493"}],"wp:attachment":[{"href":"https:\/\/www.fcbarcelonanoticias.com\/en\/wp-json\/wp\/v2\/media?parent=12492"}],"wp:term":[{"taxonomy":"category","embeddable":true,"href":"https:\/\/www.fcbarcelonanoticias.com\/en\/wp-json\/wp\/v2\/categories?post=12492"},{"taxonomy":"post_tag","embeddable":true,"href":"https:\/\/www.fcbarcelonanoticias.com\/en\/wp-json\/wp\/v2\/tags?post=12492"}],"curies":[{"name":"wp","href":"https:\/\/api.w.org\/{rel}","templated":true}]}}