{"id":124992,"date":"2015-12-26T10:44:00","date_gmt":"2015-12-26T09:44:00","guid":{"rendered":"https:\/\/weisetech.dev\/fc-barcelona-noticias\/en\/they-do-not-sack-to-benitez-because-they-do-not-find-relief_35984_102\/"},"modified":"2015-12-26T10:44:00","modified_gmt":"2015-12-26T09:44:00","slug":"they-do-not-sack-to-benitez-because-they-do-not-find-relief_35984_102","status":"publish","type":"post","link":"https:\/\/www.fcbarcelonanoticias.com\/en\/real-madrid\/they-do-not-sack-to-benitez-because-they-do-not-find-relief_35984_102.html","title":{"rendered":"They do not sack to Ben\u00edtez because they do not find relief"},"content":{"rendered":"\r\n<div class=\"article-addons\">\r\n    <a href=\"https:\/\/www.fcbarcelonanoticias.com\/en\/calendar-fc-barcelona.html\"\r\n       target=\"_self\"\r\n       title=\"Calendar of FC Barcelona\"\r\n       class=\"blue-gredient-btn\">\r\n       \r\n        Calendar of FC Barcelona    <\/a>\r\n<\/div>   <div class=\"separator\" style=\"clear: both; text-align: center;\"><a href=\"https:\/\/1.bp.blogspot.com\/en\/-9ikCdPhJLtI\/Vn43lO0CY8I\/AAAAAAAAFnM\/HxLMO6RAYqw\/s1600\/real-madrid-no-sustituye-benitez-no-encuentra-sustituto.jpg\" imageanchor=\"1\" style=\"margin-left: 1em; margin-right: 1em;\"><\/a><\/div> <br><b>Although it seems that the future of Rafa Ben\u00edtez is increasingly far of Santiago Bernab\u00e9u because of all the conflicts with the changing room, the not to find him a relief of guarantees is giving him more time to follow at the head of the team. Florentino does not decide  by any option<\/b><br><br><span style=\"font-size: large;\"><b><span style=\"color: #990000;\">Ticket<\/span><\/b> &#8211; <b><u><a href=\"http:\/\/www.viagogo.es\/en\/Entradas-Deportes\/Futbol\/La-Liga-Primera-Division\/FC-Barcelona-Entradas\/E-1073690?AffiliateID=1558&amp;PCID=AFFESIAFF1558A548FCBFC6-05\" rel=\"nofollow\" target=\"_blank\">Gone in FC Barcelona vs Betis &#8211; League J17<\/a><\/u><\/b><\/span><br><span style=\"font-size: large;\"><b><span style=\"color: #990000;\">The Classical<\/span><\/b> &#8211; <b><u><a href=\"http:\/\/www.viagogo.es\/en\/Entradas-Deportes\/Futbol\/La-Liga-Primera-Division\/FC-Barcelona-Entradas\/E-1073691?AffiliateID=1558&amp;PCID=AFFESIAFF1558A548FCBFC6-05\" rel=\"nofollow\" target=\"_blank\">Gone in \/ Ticket FC Barcelona vs Real Madrid<\/a><\/u><\/b><\/span><br><span style=\"font-size: large;\"><b><span style=\"color: #990000;\">Ticket<\/span><\/b> &#8211; <b><u><a href=\"http:\/\/www.viagogo.es\/en\/Entradas-Deportes\/Futbol\/La-Liga-Primera-Division\/FC-Barcelona-Entradas?AffiliateID=1558&amp;PCID=AFFESIAFF1558A548FCBFC6-05\" rel=\"nofollow\" target=\"_blank\">Gone in for all the parties of the FC Barcelona<\/a><\/u><\/b><\/span> <br><br>The trainer of the<b> Real Madrid, Rafael Ben\u00edtez, has more than foot and half out of the white group<\/b>. But if it still has not been fulminado of his place is because the president of the white group has not found a candidate to substitute him. Names there is, but <b>Florentino P\u00e9rez does not finish to decide <\/b> by one or by another, this yes, what has clear is that the Madrilenian technician has to abandon the ship madridista because of all the problems insalvables that has inside the changing room.<br><br>The names that have sounded to date have been <b>Jos\u00e9 Mourinho, Zinedine Zidane, Fabio Capello and V\u00edctor Fern\u00e1ndez.<\/b> The not to have decided by any of these four has done that Ben\u00edtez direct to the team in front of the <b>Real Sociedad<\/b> next Wednesday, when it expected  that it no longer was in the entity merengue. His future is very uncertain but follows preparing the meeting as if at all.<br><br>And it is that the first option of Florentino would be the one of the Portuguese trainer Jos\u00e9 Mourinho, without any doubt. It knows that so much the own trainer like <b>his representative Jorge Mendes <\/b>want to go back to Conchaspina, but there are two variables that differ in this. On the one hand, it is the family of the technician, that does not want to have to go back to Madrid, as it aims the newspaper &#8220;Sport&#8221;, whereas the another would be the one of the changing room and some part of the fans that does not want to neither in painting to his ex t\u00e9nico. The problems with the heavy weights like <b>Cristiano Ronaldo, Pepe or Sergio Bouquets<\/b> could have done that Florentino backed in his idea.<br><br>The others names are more than walking by house. First it would be a Zidane<b> to the that the first staff would be tratanto to convince<\/b> of private form, although he prefer to take to the team to the start of the following campaign. According to desvel\u00f3 the &#8220;Chain Cope&#8221; the others two names that stirs Floren are the one of the ex trainer <b>Fabio Capello<\/b> and the one of his technical secretary <b>V\u00edctor Fern\u00e1ndez<\/b>. Capello parace That neither is the favourite candidate of the fans, that agrees  of his football rampl\u00f3n whereas the Aragonese does not raise a lot of charms inside the own changing room.<br><br> ","protected":false},"excerpt":{"rendered":"<p>Although it seems that the future of Rafa Ben\u00edtez is increasingly far of Santiago Bernab\u00e9u because of all the conflicts with the changing room, the not to find him a relief of guarantees is giving him more time to follow at the head of the team. Florentino does not decide by any option Ticket &#8211; [&hellip;]<\/p>\n","protected":false},"author":477,"featured_media":125000,"comment_status":"closed","ping_status":"open","sticky":false,"template":"","format":"standard","meta":{"_acf_changed":false,"inline_featured_image":false,"_nextfly_llmd_date_locked":false,"footnotes":""},"categories":[119,450],"tags":[177,176,258,306],"class_list":["post-124992","post","type-post","status-publish","format-standard","has-post-thumbnail","hentry","category-real-madrid","category-real-madrid-2","tag-florentino-perez","tag-jose-mourinho","tag-rafa-benitez","tag-zinedine-zidane"],"acf":[],"yoast_head":"<!-- This site is optimized with the Yoast SEO plugin v27.3 - https:\/\/yoast.com\/product\/yoast-seo-wordpress\/ -->\n<title>They do not sack to Ben\u00edtez because they do not find relief<\/title>\n<meta name=\"description\" content=\"FCBarcelonaNoticias.com\" \/>\n<meta name=\"robots\" content=\"index, follow, max-snippet:-1, max-image-preview:large, max-video-preview:-1\" \/>\n<link rel=\"canonical\" href=\"https:\/\/www.fcbarcelonanoticias.com\/en\/real-madrid\/they-do-not-sack-to-benitez-because-they-do-not-find-relief_35984_102.html\" \/>\n<meta property=\"og:locale\" content=\"en_US\" \/>\n<meta property=\"og:type\" content=\"article\" \/>\n<meta property=\"og:title\" content=\"They do not sack to Ben\u00edtez because they do not find relief\" \/>\n<meta property=\"og:description\" content=\"FCBarcelonaNoticias.com\" \/>\n<meta property=\"og:url\" content=\"https:\/\/www.fcbarcelonanoticias.com\/en\/real-madrid\/they-do-not-sack-to-benitez-because-they-do-not-find-relief_35984_102.html\" \/>\n<meta property=\"og:site_name\" content=\"EN - FC Barcelona Noticias\" \/>\n<meta property=\"article:published_time\" content=\"2015-12-26T09:44:00+00:00\" \/>\n<meta property=\"og:image\" content=\"https:\/\/www.fcbarcelonanoticias.com\/en\/wp-content\/uploads\/sites\/2\/2015\/12\/real-madrid-no-sustituye-benitez-no-encuentra-sustituto-35996-1.jpeg\" \/>\n\t<meta property=\"og:image:width\" content=\"610\" \/>\n\t<meta property=\"og:image:height\" content=\"343\" \/>\n\t<meta property=\"og:image:type\" content=\"image\/jpeg\" \/>\n<meta name=\"author\" content=\"user_4133\" \/>\n<meta name=\"twitter:card\" content=\"summary_large_image\" \/>\n<meta name=\"twitter:label1\" content=\"Written by\" \/>\n\t<meta name=\"twitter:data1\" content=\"user_4133\" \/>\n\t<meta name=\"twitter:label2\" content=\"Est. reading time\" \/>\n\t<meta name=\"twitter:data2\" content=\"2 minutes\" \/>\n<script type=\"application\/ld+json\" class=\"yoast-schema-graph\">{\"@context\":\"https:\\\/\\\/schema.org\",\"@graph\":[{\"@type\":\"Article\",\"@id\":\"https:\\\/\\\/www.fcbarcelonanoticias.com\\\/en\\\/real-madrid\\\/they-do-not-sack-to-benitez-because-they-do-not-find-relief_35984_102.html#article\",\"isPartOf\":{\"@id\":\"https:\\\/\\\/www.fcbarcelonanoticias.com\\\/en\\\/real-madrid\\\/they-do-not-sack-to-benitez-because-they-do-not-find-relief_35984_102.html\"},\"author\":{\"name\":\"user_4133\",\"@id\":\"https:\\\/\\\/www.fcbarcelonanoticias.com\\\/en\\\/#\\\/schema\\\/person\\\/ed5bb7a7aee68f98a042a7ff1a74c6dd\"},\"headline\":\"They do not sack to Ben\u00edtez because they do not find relief\",\"datePublished\":\"2015-12-26T09:44:00+00:00\",\"mainEntityOfPage\":{\"@id\":\"https:\\\/\\\/www.fcbarcelonanoticias.com\\\/en\\\/real-madrid\\\/they-do-not-sack-to-benitez-because-they-do-not-find-relief_35984_102.html\"},\"wordCount\":507,\"image\":{\"@id\":\"https:\\\/\\\/www.fcbarcelonanoticias.com\\\/en\\\/real-madrid\\\/they-do-not-sack-to-benitez-because-they-do-not-find-relief_35984_102.html#primaryimage\"},\"thumbnailUrl\":\"https:\\\/\\\/www.fcbarcelonanoticias.com\\\/en\\\/wp-content\\\/uploads\\\/sites\\\/2\\\/2015\\\/12\\\/real-madrid-no-sustituye-benitez-no-encuentra-sustituto-35996-1.jpeg\",\"keywords\":[\"Florentino P\u00e9rez\",\"Jos\u00e9 Mourinho\",\"Rafa Ben\u00edtez\",\"Zinedine Zidane\"],\"articleSection\":[\"Real Madrid\",\"Real Madrid\"],\"inLanguage\":\"en-US\"},{\"@type\":\"WebPage\",\"@id\":\"https:\\\/\\\/www.fcbarcelonanoticias.com\\\/en\\\/real-madrid\\\/they-do-not-sack-to-benitez-because-they-do-not-find-relief_35984_102.html\",\"url\":\"https:\\\/\\\/www.fcbarcelonanoticias.com\\\/en\\\/real-madrid\\\/they-do-not-sack-to-benitez-because-they-do-not-find-relief_35984_102.html\",\"name\":\"They do not sack to Ben\u00edtez because they do not find relief\",\"isPartOf\":{\"@id\":\"https:\\\/\\\/www.fcbarcelonanoticias.com\\\/en\\\/#website\"},\"primaryImageOfPage\":{\"@id\":\"https:\\\/\\\/www.fcbarcelonanoticias.com\\\/en\\\/real-madrid\\\/they-do-not-sack-to-benitez-because-they-do-not-find-relief_35984_102.html#primaryimage\"},\"image\":{\"@id\":\"https:\\\/\\\/www.fcbarcelonanoticias.com\\\/en\\\/real-madrid\\\/they-do-not-sack-to-benitez-because-they-do-not-find-relief_35984_102.html#primaryimage\"},\"thumbnailUrl\":\"https:\\\/\\\/www.fcbarcelonanoticias.com\\\/en\\\/wp-content\\\/uploads\\\/sites\\\/2\\\/2015\\\/12\\\/real-madrid-no-sustituye-benitez-no-encuentra-sustituto-35996-1.jpeg\",\"datePublished\":\"2015-12-26T09:44:00+00:00\",\"author\":{\"@id\":\"https:\\\/\\\/www.fcbarcelonanoticias.com\\\/en\\\/#\\\/schema\\\/person\\\/ed5bb7a7aee68f98a042a7ff1a74c6dd\"},\"description\":\"FCBarcelonaNoticias.com\",\"breadcrumb\":{\"@id\":\"https:\\\/\\\/www.fcbarcelonanoticias.com\\\/en\\\/real-madrid\\\/they-do-not-sack-to-benitez-because-they-do-not-find-relief_35984_102.html#breadcrumb\"},\"inLanguage\":\"en-US\",\"potentialAction\":[{\"@type\":\"ReadAction\",\"target\":[\"https:\\\/\\\/www.fcbarcelonanoticias.com\\\/en\\\/real-madrid\\\/they-do-not-sack-to-benitez-because-they-do-not-find-relief_35984_102.html\"]}]},{\"@type\":\"ImageObject\",\"inLanguage\":\"en-US\",\"@id\":\"https:\\\/\\\/www.fcbarcelonanoticias.com\\\/en\\\/real-madrid\\\/they-do-not-sack-to-benitez-because-they-do-not-find-relief_35984_102.html#primaryimage\",\"url\":\"https:\\\/\\\/www.fcbarcelonanoticias.com\\\/en\\\/wp-content\\\/uploads\\\/sites\\\/2\\\/2015\\\/12\\\/real-madrid-no-sustituye-benitez-no-encuentra-sustituto-35996-1.jpeg\",\"contentUrl\":\"https:\\\/\\\/www.fcbarcelonanoticias.com\\\/en\\\/wp-content\\\/uploads\\\/sites\\\/2\\\/2015\\\/12\\\/real-madrid-no-sustituye-benitez-no-encuentra-sustituto-35996-1.jpeg\",\"width\":610,\"height\":343},{\"@type\":\"BreadcrumbList\",\"@id\":\"https:\\\/\\\/www.fcbarcelonanoticias.com\\\/en\\\/real-madrid\\\/they-do-not-sack-to-benitez-because-they-do-not-find-relief_35984_102.html#breadcrumb\",\"itemListElement\":[{\"@type\":\"ListItem\",\"position\":1,\"name\":\"Portada\",\"item\":\"https:\\\/\\\/www.fcbarcelonanoticias.com\\\/en\\\/\"},{\"@type\":\"ListItem\",\"position\":2,\"name\":\"They do not sack to Ben\u00edtez because they do not find relief\"}]},{\"@type\":\"WebSite\",\"@id\":\"https:\\\/\\\/www.fcbarcelonanoticias.com\\\/en\\\/#website\",\"url\":\"https:\\\/\\\/www.fcbarcelonanoticias.com\\\/en\\\/\",\"name\":\"EN - FC Barcelona Noticias\",\"description\":\"\",\"potentialAction\":[{\"@type\":\"SearchAction\",\"target\":{\"@type\":\"EntryPoint\",\"urlTemplate\":\"https:\\\/\\\/www.fcbarcelonanoticias.com\\\/en\\\/?s={search_term_string}\"},\"query-input\":{\"@type\":\"PropertyValueSpecification\",\"valueRequired\":true,\"valueName\":\"search_term_string\"}}],\"inLanguage\":\"en-US\"},{\"@type\":\"Person\",\"@id\":\"https:\\\/\\\/www.fcbarcelonanoticias.com\\\/en\\\/#\\\/schema\\\/person\\\/ed5bb7a7aee68f98a042a7ff1a74c6dd\",\"name\":\"user_4133\",\"image\":{\"@type\":\"ImageObject\",\"inLanguage\":\"en-US\",\"@id\":\"https:\\\/\\\/secure.gravatar.com\\\/avatar\\\/?s=96&d=mm&r=g\",\"url\":\"https:\\\/\\\/secure.gravatar.com\\\/avatar\\\/?s=96&d=mm&r=g\",\"contentUrl\":\"https:\\\/\\\/secure.gravatar.com\\\/avatar\\\/?s=96&d=mm&r=g\",\"caption\":\"user_4133\"},\"url\":\"https:\\\/\\\/www.fcbarcelonanoticias.com\\\/en\\\/user_4133.html\"}]}<\/script>\n<!-- \/ Yoast SEO plugin. -->","yoast_head_json":{"title":"They do not sack to Ben\u00edtez because they do not find relief","description":"FCBarcelonaNoticias.com","robots":{"index":"index","follow":"follow","max-snippet":"max-snippet:-1","max-image-preview":"max-image-preview:large","max-video-preview":"max-video-preview:-1"},"canonical":"https:\/\/www.fcbarcelonanoticias.com\/en\/real-madrid\/they-do-not-sack-to-benitez-because-they-do-not-find-relief_35984_102.html","og_locale":"en_US","og_type":"article","og_title":"They do not sack to Ben\u00edtez because they do not find relief","og_description":"FCBarcelonaNoticias.com","og_url":"https:\/\/www.fcbarcelonanoticias.com\/en\/real-madrid\/they-do-not-sack-to-benitez-because-they-do-not-find-relief_35984_102.html","og_site_name":"EN - FC Barcelona Noticias","article_published_time":"2015-12-26T09:44:00+00:00","og_image":[{"width":610,"height":343,"url":"https:\/\/www.fcbarcelonanoticias.com\/en\/wp-content\/uploads\/sites\/2\/2015\/12\/real-madrid-no-sustituye-benitez-no-encuentra-sustituto-35996-1.jpeg","type":"image\/jpeg"}],"author":"user_4133","twitter_card":"summary_large_image","twitter_misc":{"Written by":"user_4133","Est. reading time":"2 minutes"},"schema":{"@context":"https:\/\/schema.org","@graph":[{"@type":"Article","@id":"https:\/\/www.fcbarcelonanoticias.com\/en\/real-madrid\/they-do-not-sack-to-benitez-because-they-do-not-find-relief_35984_102.html#article","isPartOf":{"@id":"https:\/\/www.fcbarcelonanoticias.com\/en\/real-madrid\/they-do-not-sack-to-benitez-because-they-do-not-find-relief_35984_102.html"},"author":{"name":"user_4133","@id":"https:\/\/www.fcbarcelonanoticias.com\/en\/#\/schema\/person\/ed5bb7a7aee68f98a042a7ff1a74c6dd"},"headline":"They do not sack to Ben\u00edtez because they do not find relief","datePublished":"2015-12-26T09:44:00+00:00","mainEntityOfPage":{"@id":"https:\/\/www.fcbarcelonanoticias.com\/en\/real-madrid\/they-do-not-sack-to-benitez-because-they-do-not-find-relief_35984_102.html"},"wordCount":507,"image":{"@id":"https:\/\/www.fcbarcelonanoticias.com\/en\/real-madrid\/they-do-not-sack-to-benitez-because-they-do-not-find-relief_35984_102.html#primaryimage"},"thumbnailUrl":"https:\/\/www.fcbarcelonanoticias.com\/en\/wp-content\/uploads\/sites\/2\/2015\/12\/real-madrid-no-sustituye-benitez-no-encuentra-sustituto-35996-1.jpeg","keywords":["Florentino P\u00e9rez","Jos\u00e9 Mourinho","Rafa Ben\u00edtez","Zinedine Zidane"],"articleSection":["Real Madrid","Real Madrid"],"inLanguage":"en-US"},{"@type":"WebPage","@id":"https:\/\/www.fcbarcelonanoticias.com\/en\/real-madrid\/they-do-not-sack-to-benitez-because-they-do-not-find-relief_35984_102.html","url":"https:\/\/www.fcbarcelonanoticias.com\/en\/real-madrid\/they-do-not-sack-to-benitez-because-they-do-not-find-relief_35984_102.html","name":"They do not sack to Ben\u00edtez because they do not find relief","isPartOf":{"@id":"https:\/\/www.fcbarcelonanoticias.com\/en\/#website"},"primaryImageOfPage":{"@id":"https:\/\/www.fcbarcelonanoticias.com\/en\/real-madrid\/they-do-not-sack-to-benitez-because-they-do-not-find-relief_35984_102.html#primaryimage"},"image":{"@id":"https:\/\/www.fcbarcelonanoticias.com\/en\/real-madrid\/they-do-not-sack-to-benitez-because-they-do-not-find-relief_35984_102.html#primaryimage"},"thumbnailUrl":"https:\/\/www.fcbarcelonanoticias.com\/en\/wp-content\/uploads\/sites\/2\/2015\/12\/real-madrid-no-sustituye-benitez-no-encuentra-sustituto-35996-1.jpeg","datePublished":"2015-12-26T09:44:00+00:00","author":{"@id":"https:\/\/www.fcbarcelonanoticias.com\/en\/#\/schema\/person\/ed5bb7a7aee68f98a042a7ff1a74c6dd"},"description":"FCBarcelonaNoticias.com","breadcrumb":{"@id":"https:\/\/www.fcbarcelonanoticias.com\/en\/real-madrid\/they-do-not-sack-to-benitez-because-they-do-not-find-relief_35984_102.html#breadcrumb"},"inLanguage":"en-US","potentialAction":[{"@type":"ReadAction","target":["https:\/\/www.fcbarcelonanoticias.com\/en\/real-madrid\/they-do-not-sack-to-benitez-because-they-do-not-find-relief_35984_102.html"]}]},{"@type":"ImageObject","inLanguage":"en-US","@id":"https:\/\/www.fcbarcelonanoticias.com\/en\/real-madrid\/they-do-not-sack-to-benitez-because-they-do-not-find-relief_35984_102.html#primaryimage","url":"https:\/\/www.fcbarcelonanoticias.com\/en\/wp-content\/uploads\/sites\/2\/2015\/12\/real-madrid-no-sustituye-benitez-no-encuentra-sustituto-35996-1.jpeg","contentUrl":"https:\/\/www.fcbarcelonanoticias.com\/en\/wp-content\/uploads\/sites\/2\/2015\/12\/real-madrid-no-sustituye-benitez-no-encuentra-sustituto-35996-1.jpeg","width":610,"height":343},{"@type":"BreadcrumbList","@id":"https:\/\/www.fcbarcelonanoticias.com\/en\/real-madrid\/they-do-not-sack-to-benitez-because-they-do-not-find-relief_35984_102.html#breadcrumb","itemListElement":[{"@type":"ListItem","position":1,"name":"Portada","item":"https:\/\/www.fcbarcelonanoticias.com\/en\/"},{"@type":"ListItem","position":2,"name":"They do not sack to Ben\u00edtez because they do not find relief"}]},{"@type":"WebSite","@id":"https:\/\/www.fcbarcelonanoticias.com\/en\/#website","url":"https:\/\/www.fcbarcelonanoticias.com\/en\/","name":"EN - FC Barcelona Noticias","description":"","potentialAction":[{"@type":"SearchAction","target":{"@type":"EntryPoint","urlTemplate":"https:\/\/www.fcbarcelonanoticias.com\/en\/?s={search_term_string}"},"query-input":{"@type":"PropertyValueSpecification","valueRequired":true,"valueName":"search_term_string"}}],"inLanguage":"en-US"},{"@type":"Person","@id":"https:\/\/www.fcbarcelonanoticias.com\/en\/#\/schema\/person\/ed5bb7a7aee68f98a042a7ff1a74c6dd","name":"user_4133","image":{"@type":"ImageObject","inLanguage":"en-US","@id":"https:\/\/secure.gravatar.com\/avatar\/?s=96&d=mm&r=g","url":"https:\/\/secure.gravatar.com\/avatar\/?s=96&d=mm&r=g","contentUrl":"https:\/\/secure.gravatar.com\/avatar\/?s=96&d=mm&r=g","caption":"user_4133"},"url":"https:\/\/www.fcbarcelonanoticias.com\/en\/user_4133.html"}]}},"_links":{"self":[{"href":"https:\/\/www.fcbarcelonanoticias.com\/en\/wp-json\/wp\/v2\/posts\/124992","targetHints":{"allow":["GET"]}}],"collection":[{"href":"https:\/\/www.fcbarcelonanoticias.com\/en\/wp-json\/wp\/v2\/posts"}],"about":[{"href":"https:\/\/www.fcbarcelonanoticias.com\/en\/wp-json\/wp\/v2\/types\/post"}],"author":[{"embeddable":true,"href":"https:\/\/www.fcbarcelonanoticias.com\/en\/wp-json\/wp\/v2\/users\/477"}],"replies":[{"embeddable":true,"href":"https:\/\/www.fcbarcelonanoticias.com\/en\/wp-json\/wp\/v2\/comments?post=124992"}],"version-history":[{"count":1,"href":"https:\/\/www.fcbarcelonanoticias.com\/en\/wp-json\/wp\/v2\/posts\/124992\/revisions"}],"predecessor-version":[{"id":151003,"href":"https:\/\/www.fcbarcelonanoticias.com\/en\/wp-json\/wp\/v2\/posts\/124992\/revisions\/151003"}],"wp:featuredmedia":[{"embeddable":true,"href":"https:\/\/www.fcbarcelonanoticias.com\/en\/wp-json\/wp\/v2\/media\/125000"}],"wp:attachment":[{"href":"https:\/\/www.fcbarcelonanoticias.com\/en\/wp-json\/wp\/v2\/media?parent=124992"}],"wp:term":[{"taxonomy":"category","embeddable":true,"href":"https:\/\/www.fcbarcelonanoticias.com\/en\/wp-json\/wp\/v2\/categories?post=124992"},{"taxonomy":"post_tag","embeddable":true,"href":"https:\/\/www.fcbarcelonanoticias.com\/en\/wp-json\/wp\/v2\/tags?post=124992"}],"curies":[{"name":"wp","href":"https:\/\/api.w.org\/{rel}","templated":true}]}}