{"id":125104,"date":"2025-03-09T22:41:00","date_gmt":"2025-03-09T21:41:00","guid":{"rendered":"https:\/\/weisetech.dev\/fc-barcelona-noticias\/en\/total-failure-arda-guler-aims-germany-to-save-career_311374_102\/"},"modified":"2025-03-09T22:41:00","modified_gmt":"2025-03-09T21:41:00","slug":"total-failure-arda-guler-aims-germany-to-save-career_311374_102","status":"publish","type":"post","link":"https:\/\/www.fcbarcelonanoticias.com\/en\/real-madrid\/total-failure-arda-guler-aims-germany-to-save-career_311374_102.html","title":{"rendered":"Total failure: Arda G\u00fcler aims for Germany to save his career"},"content":{"rendered":"<h2 class=\"wp-block-heading\">Arda G\u00fcler seems doomed by Real Madrid, and in Germany, RB Leipzig wants to negotiate his loan<\/h2>  \r\n<div class=\"article-addons\">\r\n    <a href=\"https:\/\/www.fcbarcelonanoticias.com\/en\/calendar-fc-barcelona.html\"\r\n       target=\"_self\"\r\n       title=\"Calendar of FC Barcelona\"\r\n       class=\"blue-gredient-btn\">\r\n       \r\n        Calendar of FC Barcelona    <\/a>\r\n<\/div>   <p>Real Madrid seems resigned to finding a team for Arda G\u00fcler. The Turkish midfielder has played a minimal role in Carlo Ancelotti&#8217;s plans during his second season in Spain and could continue his career in the Bundesliga. <a data-external=\"0\" data-intl-links-en=\"https:\/\/www.fcbarcelonanoticias.com\/en\/transfers\" data-intl-links-es=\"https:\/\/www.fcbarcelonanoticias.com\/fichajes\" href=\"https:\/\/www.fcbarcelonanoticias.com\/en\/fc-barcelona\/transfers.html\" rel=\"follow\" target=\"_self\" title=\"Transfers\">The latest rumors point to RB Leipzig<\/a> as the main interested party in signing him for the 2024\/25 season.<\/p>  <p><strong>Marco Rose&#8217;s team is sixth in their league, just three points behind the fourth place<\/strong> currently held by Eintracht Frankfurt (42). Leipzig had a forgettable league phase this season (winning only one of their seven matches) and hopes to strengthen all their lines next summer to compete alongside the European giants again.<\/p>  <p>In this sense, G\u00fcler would be one of the star signings requested by Rose, understanding that Madrid will not count on the Turkish winger next season, regardless of <a data-external=\"0\" data-intl-links-en=\"https:\/\/www.fcbarcelonanoticias.com\/en\/transfers\/ancelotti-roma-everything-you-need-to-know-about-this-possible-bombshell_311319_102.html\" data-intl-links-es=\"https:\/\/www.fcbarcelonanoticias.com\/fichajes\/ancelotti-roma-todo-necesitas-saber-sobre-esta-posible-bomba_311319_102.html\" href=\"https:\/\/www.fcbarcelonanoticias.com\/en\/transfers\/ancelotti-roma-everything-you-need-to-know-about-this-possible-bombshell_311319_102.html\" rel=\"follow\" target=\"_self\" title=\"Ancelotti at Roma? Everything you need to know about this possible 'bombshell'\">whether Ancelotti stays or not at the helm of the team<\/a>. Arda has barely had minutes in three of the nine league matches played by &#8216;La Casa Blanca&#8217; this year. In the Champions League, he has also not had much prominence (he was only a starter in the loss against Liverpool, 2-0).<\/p>  <h2>Arda G\u00fcler, condemned to ostracism at Real Madrid<\/h2>  <p>The Copa del Rey has been, so far, the only tournament in which he has had regularity. However, <strong>his attitude in the first semifinal against Real Sociedad (0-1)<\/strong>, where he had little participation in the &#8216;merengue&#8217; attack, seems to have sealed his exit this year. Madrid paid 20 million euros net to Fenerbahce plus another 10 &#8216;kilos&#8217; in variables to &#8216;steal&#8217; the Turkish midfielder from FC Barcelona.<\/p>  <p>However, <strong>Arda&#8217;s time at Santiago Bernab\u00e9u has been a total failure<\/strong>. After a first season marked by injuries, in his second year the player has been completely frustrated due to the few minutes that &#8216;Carletto&#8217; grants him. Still, his stats are not entirely bad (9 goals and 5 assists in 42 matches). Will the Bundesliga be his salvation? We will have to wait until July and August to see if the whites accept to loan him or not.<\/p> ","protected":false},"excerpt":{"rendered":"<p>Arda G\u00fcler seems doomed by Real Madrid, and in Germany, RB Leipzig wants to negotiate his loan Real Madrid seems resigned to finding a team for Arda G\u00fcler. The Turkish midfielder has played a minimal role in Carlo Ancelotti&#8217;s plans during his second season in Spain and could continue his career in the Bundesliga. The [&hellip;]<\/p>\n","protected":false},"author":347,"featured_media":125108,"comment_status":"closed","ping_status":"open","sticky":false,"template":"","format":"standard","meta":{"_acf_changed":false,"inline_featured_image":false,"_nextfly_llmd_date_locked":false,"footnotes":""},"categories":[119,450],"tags":[],"class_list":["post-125104","post","type-post","status-publish","format-standard","has-post-thumbnail","hentry","category-real-madrid","category-real-madrid-2"],"acf":[],"yoast_head":"<!-- This site is optimized with the Yoast SEO plugin v27.3 - https:\/\/yoast.com\/product\/yoast-seo-wordpress\/ -->\n<title>Total failure: Arda G\u00fcler aims for Germany to save his car...<\/title>\n<meta name=\"description\" content=\"Arda G\u00fcler seems doomed by Real Madrid, and in Germany, RB Leipzig wants to negotiate his loan\" \/>\n<meta name=\"robots\" content=\"index, follow, max-snippet:-1, max-image-preview:large, max-video-preview:-1\" \/>\n<link rel=\"canonical\" href=\"https:\/\/www.fcbarcelonanoticias.com\/en\/real-madrid\/total-failure-arda-guler-aims-germany-to-save-career_311374_102.html\" \/>\n<meta property=\"og:locale\" content=\"en_US\" \/>\n<meta property=\"og:type\" content=\"article\" \/>\n<meta property=\"og:title\" content=\"Total failure: Arda G\u00fcler aims for Germany to save his car...\" \/>\n<meta property=\"og:description\" content=\"Arda G\u00fcler seems doomed by Real Madrid, and in Germany, RB Leipzig wants to negotiate his loan\" \/>\n<meta property=\"og:url\" content=\"https:\/\/www.fcbarcelonanoticias.com\/en\/real-madrid\/total-failure-arda-guler-aims-germany-to-save-career_311374_102.html\" \/>\n<meta property=\"og:site_name\" content=\"EN - FC Barcelona Noticias\" \/>\n<meta property=\"article:published_time\" content=\"2025-03-09T21:41:00+00:00\" \/>\n<meta property=\"og:image\" content=\"https:\/\/www.fcbarcelonanoticias.com\/en\/wp-content\/uploads\/sites\/2\/2025\/03\/arda-guler-real-madrid-2.jpeg\" \/>\n\t<meta property=\"og:image:width\" content=\"1200\" \/>\n\t<meta property=\"og:image:height\" content=\"675\" \/>\n\t<meta property=\"og:image:type\" content=\"image\/jpeg\" \/>\n<meta name=\"author\" content=\"Andr\u00e9s Quiroz\" \/>\n<meta name=\"twitter:card\" content=\"summary_large_image\" \/>\n<meta name=\"twitter:label1\" content=\"Written by\" \/>\n\t<meta name=\"twitter:data1\" content=\"Andr\u00e9s Quiroz\" \/>\n\t<meta name=\"twitter:label2\" content=\"Est. reading time\" \/>\n\t<meta name=\"twitter:data2\" content=\"2 minutes\" \/>\n<script type=\"application\/ld+json\" class=\"yoast-schema-graph\">{\"@context\":\"https:\\\/\\\/schema.org\",\"@graph\":[{\"@type\":\"Article\",\"@id\":\"https:\\\/\\\/www.fcbarcelonanoticias.com\\\/en\\\/real-madrid\\\/total-failure-arda-guler-aims-germany-to-save-career_311374_102.html#article\",\"isPartOf\":{\"@id\":\"https:\\\/\\\/www.fcbarcelonanoticias.com\\\/en\\\/real-madrid\\\/total-failure-arda-guler-aims-germany-to-save-career_311374_102.html\"},\"author\":{\"name\":\"Andr\u00e9s Quiroz\",\"@id\":\"https:\\\/\\\/www.fcbarcelonanoticias.com\\\/en\\\/#\\\/schema\\\/person\\\/c2cd9f6fa1af5c0d0eccd0fefa575c88\"},\"headline\":\"Total failure: Arda G\u00fcler aims for Germany to save his career\",\"datePublished\":\"2025-03-09T21:41:00+00:00\",\"mainEntityOfPage\":{\"@id\":\"https:\\\/\\\/www.fcbarcelonanoticias.com\\\/en\\\/real-madrid\\\/total-failure-arda-guler-aims-germany-to-save-career_311374_102.html\"},\"wordCount\":371,\"image\":{\"@id\":\"https:\\\/\\\/www.fcbarcelonanoticias.com\\\/en\\\/real-madrid\\\/total-failure-arda-guler-aims-germany-to-save-career_311374_102.html#primaryimage\"},\"thumbnailUrl\":\"https:\\\/\\\/www.fcbarcelonanoticias.com\\\/en\\\/wp-content\\\/uploads\\\/sites\\\/2\\\/2025\\\/03\\\/arda-guler-real-madrid-2.jpeg\",\"articleSection\":[\"Real Madrid\",\"Real Madrid\"],\"inLanguage\":\"en-US\"},{\"@type\":\"WebPage\",\"@id\":\"https:\\\/\\\/www.fcbarcelonanoticias.com\\\/en\\\/real-madrid\\\/total-failure-arda-guler-aims-germany-to-save-career_311374_102.html\",\"url\":\"https:\\\/\\\/www.fcbarcelonanoticias.com\\\/en\\\/real-madrid\\\/total-failure-arda-guler-aims-germany-to-save-career_311374_102.html\",\"name\":\"Total failure: Arda G\u00fcler aims for Germany to save his car...\",\"isPartOf\":{\"@id\":\"https:\\\/\\\/www.fcbarcelonanoticias.com\\\/en\\\/#website\"},\"primaryImageOfPage\":{\"@id\":\"https:\\\/\\\/www.fcbarcelonanoticias.com\\\/en\\\/real-madrid\\\/total-failure-arda-guler-aims-germany-to-save-career_311374_102.html#primaryimage\"},\"image\":{\"@id\":\"https:\\\/\\\/www.fcbarcelonanoticias.com\\\/en\\\/real-madrid\\\/total-failure-arda-guler-aims-germany-to-save-career_311374_102.html#primaryimage\"},\"thumbnailUrl\":\"https:\\\/\\\/www.fcbarcelonanoticias.com\\\/en\\\/wp-content\\\/uploads\\\/sites\\\/2\\\/2025\\\/03\\\/arda-guler-real-madrid-2.jpeg\",\"datePublished\":\"2025-03-09T21:41:00+00:00\",\"author\":{\"@id\":\"https:\\\/\\\/www.fcbarcelonanoticias.com\\\/en\\\/#\\\/schema\\\/person\\\/c2cd9f6fa1af5c0d0eccd0fefa575c88\"},\"description\":\"Arda G\u00fcler seems doomed by Real Madrid, and in Germany, RB Leipzig wants to negotiate his loan\",\"breadcrumb\":{\"@id\":\"https:\\\/\\\/www.fcbarcelonanoticias.com\\\/en\\\/real-madrid\\\/total-failure-arda-guler-aims-germany-to-save-career_311374_102.html#breadcrumb\"},\"inLanguage\":\"en-US\",\"potentialAction\":[{\"@type\":\"ReadAction\",\"target\":[\"https:\\\/\\\/www.fcbarcelonanoticias.com\\\/en\\\/real-madrid\\\/total-failure-arda-guler-aims-germany-to-save-career_311374_102.html\"]}]},{\"@type\":\"ImageObject\",\"inLanguage\":\"en-US\",\"@id\":\"https:\\\/\\\/www.fcbarcelonanoticias.com\\\/en\\\/real-madrid\\\/total-failure-arda-guler-aims-germany-to-save-career_311374_102.html#primaryimage\",\"url\":\"https:\\\/\\\/www.fcbarcelonanoticias.com\\\/en\\\/wp-content\\\/uploads\\\/sites\\\/2\\\/2025\\\/03\\\/arda-guler-real-madrid-2.jpeg\",\"contentUrl\":\"https:\\\/\\\/www.fcbarcelonanoticias.com\\\/en\\\/wp-content\\\/uploads\\\/sites\\\/2\\\/2025\\\/03\\\/arda-guler-real-madrid-2.jpeg\",\"width\":1200,\"height\":675},{\"@type\":\"BreadcrumbList\",\"@id\":\"https:\\\/\\\/www.fcbarcelonanoticias.com\\\/en\\\/real-madrid\\\/total-failure-arda-guler-aims-germany-to-save-career_311374_102.html#breadcrumb\",\"itemListElement\":[{\"@type\":\"ListItem\",\"position\":1,\"name\":\"Portada\",\"item\":\"https:\\\/\\\/www.fcbarcelonanoticias.com\\\/en\\\/\"},{\"@type\":\"ListItem\",\"position\":2,\"name\":\"Total failure: Arda G\u00fcler aims for Germany to save his career\"}]},{\"@type\":\"WebSite\",\"@id\":\"https:\\\/\\\/www.fcbarcelonanoticias.com\\\/en\\\/#website\",\"url\":\"https:\\\/\\\/www.fcbarcelonanoticias.com\\\/en\\\/\",\"name\":\"EN - FC Barcelona Noticias\",\"description\":\"\",\"potentialAction\":[{\"@type\":\"SearchAction\",\"target\":{\"@type\":\"EntryPoint\",\"urlTemplate\":\"https:\\\/\\\/www.fcbarcelonanoticias.com\\\/en\\\/?s={search_term_string}\"},\"query-input\":{\"@type\":\"PropertyValueSpecification\",\"valueRequired\":true,\"valueName\":\"search_term_string\"}}],\"inLanguage\":\"en-US\"},{\"@type\":\"Person\",\"@id\":\"https:\\\/\\\/www.fcbarcelonanoticias.com\\\/en\\\/#\\\/schema\\\/person\\\/c2cd9f6fa1af5c0d0eccd0fefa575c88\",\"name\":\"Andr\u00e9s Quiroz\",\"image\":{\"@type\":\"ImageObject\",\"inLanguage\":\"en-US\",\"@id\":\"https:\\\/\\\/secure.gravatar.com\\\/avatar\\\/?s=96&d=mm&r=g\",\"url\":\"https:\\\/\\\/secure.gravatar.com\\\/avatar\\\/?s=96&d=mm&r=g\",\"contentUrl\":\"https:\\\/\\\/secure.gravatar.com\\\/avatar\\\/?s=96&d=mm&r=g\",\"caption\":\"Andr\u00e9s Quiroz\"},\"description\":\"Licenciado en Periodismo por la Universidad de los Andes. Me encargo de analizar y compartir los contenidos m\u00e1s destacados de la\u00a0actualidad del F\u00fatbol Club Barcelona, Mercado de Fichajes y F\u00fatbol Internacional en FCBN. La informaci\u00f3n es poder, pero tambi\u00e9n conocimiento.\",\"url\":\"https:\\\/\\\/www.fcbarcelonanoticias.com\\\/en\\\/fc-barcelona\\\/andres-quiroz_17_115.html\"}]}<\/script>\n<!-- \/ Yoast SEO plugin. -->","yoast_head_json":{"title":"Total failure: Arda G\u00fcler aims for Germany to save his car...","description":"Arda G\u00fcler seems doomed by Real Madrid, and in Germany, RB Leipzig wants to negotiate his loan","robots":{"index":"index","follow":"follow","max-snippet":"max-snippet:-1","max-image-preview":"max-image-preview:large","max-video-preview":"max-video-preview:-1"},"canonical":"https:\/\/www.fcbarcelonanoticias.com\/en\/real-madrid\/total-failure-arda-guler-aims-germany-to-save-career_311374_102.html","og_locale":"en_US","og_type":"article","og_title":"Total failure: Arda G\u00fcler aims for Germany to save his car...","og_description":"Arda G\u00fcler seems doomed by Real Madrid, and in Germany, RB Leipzig wants to negotiate his loan","og_url":"https:\/\/www.fcbarcelonanoticias.com\/en\/real-madrid\/total-failure-arda-guler-aims-germany-to-save-career_311374_102.html","og_site_name":"EN - FC Barcelona Noticias","article_published_time":"2025-03-09T21:41:00+00:00","og_image":[{"width":1200,"height":675,"url":"https:\/\/www.fcbarcelonanoticias.com\/en\/wp-content\/uploads\/sites\/2\/2025\/03\/arda-guler-real-madrid-2.jpeg","type":"image\/jpeg"}],"author":"Andr\u00e9s Quiroz","twitter_card":"summary_large_image","twitter_misc":{"Written by":"Andr\u00e9s Quiroz","Est. reading time":"2 minutes"},"schema":{"@context":"https:\/\/schema.org","@graph":[{"@type":"Article","@id":"https:\/\/www.fcbarcelonanoticias.com\/en\/real-madrid\/total-failure-arda-guler-aims-germany-to-save-career_311374_102.html#article","isPartOf":{"@id":"https:\/\/www.fcbarcelonanoticias.com\/en\/real-madrid\/total-failure-arda-guler-aims-germany-to-save-career_311374_102.html"},"author":{"name":"Andr\u00e9s Quiroz","@id":"https:\/\/www.fcbarcelonanoticias.com\/en\/#\/schema\/person\/c2cd9f6fa1af5c0d0eccd0fefa575c88"},"headline":"Total failure: Arda G\u00fcler aims for Germany to save his career","datePublished":"2025-03-09T21:41:00+00:00","mainEntityOfPage":{"@id":"https:\/\/www.fcbarcelonanoticias.com\/en\/real-madrid\/total-failure-arda-guler-aims-germany-to-save-career_311374_102.html"},"wordCount":371,"image":{"@id":"https:\/\/www.fcbarcelonanoticias.com\/en\/real-madrid\/total-failure-arda-guler-aims-germany-to-save-career_311374_102.html#primaryimage"},"thumbnailUrl":"https:\/\/www.fcbarcelonanoticias.com\/en\/wp-content\/uploads\/sites\/2\/2025\/03\/arda-guler-real-madrid-2.jpeg","articleSection":["Real Madrid","Real Madrid"],"inLanguage":"en-US"},{"@type":"WebPage","@id":"https:\/\/www.fcbarcelonanoticias.com\/en\/real-madrid\/total-failure-arda-guler-aims-germany-to-save-career_311374_102.html","url":"https:\/\/www.fcbarcelonanoticias.com\/en\/real-madrid\/total-failure-arda-guler-aims-germany-to-save-career_311374_102.html","name":"Total failure: Arda G\u00fcler aims for Germany to save his car...","isPartOf":{"@id":"https:\/\/www.fcbarcelonanoticias.com\/en\/#website"},"primaryImageOfPage":{"@id":"https:\/\/www.fcbarcelonanoticias.com\/en\/real-madrid\/total-failure-arda-guler-aims-germany-to-save-career_311374_102.html#primaryimage"},"image":{"@id":"https:\/\/www.fcbarcelonanoticias.com\/en\/real-madrid\/total-failure-arda-guler-aims-germany-to-save-career_311374_102.html#primaryimage"},"thumbnailUrl":"https:\/\/www.fcbarcelonanoticias.com\/en\/wp-content\/uploads\/sites\/2\/2025\/03\/arda-guler-real-madrid-2.jpeg","datePublished":"2025-03-09T21:41:00+00:00","author":{"@id":"https:\/\/www.fcbarcelonanoticias.com\/en\/#\/schema\/person\/c2cd9f6fa1af5c0d0eccd0fefa575c88"},"description":"Arda G\u00fcler seems doomed by Real Madrid, and in Germany, RB Leipzig wants to negotiate his loan","breadcrumb":{"@id":"https:\/\/www.fcbarcelonanoticias.com\/en\/real-madrid\/total-failure-arda-guler-aims-germany-to-save-career_311374_102.html#breadcrumb"},"inLanguage":"en-US","potentialAction":[{"@type":"ReadAction","target":["https:\/\/www.fcbarcelonanoticias.com\/en\/real-madrid\/total-failure-arda-guler-aims-germany-to-save-career_311374_102.html"]}]},{"@type":"ImageObject","inLanguage":"en-US","@id":"https:\/\/www.fcbarcelonanoticias.com\/en\/real-madrid\/total-failure-arda-guler-aims-germany-to-save-career_311374_102.html#primaryimage","url":"https:\/\/www.fcbarcelonanoticias.com\/en\/wp-content\/uploads\/sites\/2\/2025\/03\/arda-guler-real-madrid-2.jpeg","contentUrl":"https:\/\/www.fcbarcelonanoticias.com\/en\/wp-content\/uploads\/sites\/2\/2025\/03\/arda-guler-real-madrid-2.jpeg","width":1200,"height":675},{"@type":"BreadcrumbList","@id":"https:\/\/www.fcbarcelonanoticias.com\/en\/real-madrid\/total-failure-arda-guler-aims-germany-to-save-career_311374_102.html#breadcrumb","itemListElement":[{"@type":"ListItem","position":1,"name":"Portada","item":"https:\/\/www.fcbarcelonanoticias.com\/en\/"},{"@type":"ListItem","position":2,"name":"Total failure: Arda G\u00fcler aims for Germany to save his career"}]},{"@type":"WebSite","@id":"https:\/\/www.fcbarcelonanoticias.com\/en\/#website","url":"https:\/\/www.fcbarcelonanoticias.com\/en\/","name":"EN - FC Barcelona Noticias","description":"","potentialAction":[{"@type":"SearchAction","target":{"@type":"EntryPoint","urlTemplate":"https:\/\/www.fcbarcelonanoticias.com\/en\/?s={search_term_string}"},"query-input":{"@type":"PropertyValueSpecification","valueRequired":true,"valueName":"search_term_string"}}],"inLanguage":"en-US"},{"@type":"Person","@id":"https:\/\/www.fcbarcelonanoticias.com\/en\/#\/schema\/person\/c2cd9f6fa1af5c0d0eccd0fefa575c88","name":"Andr\u00e9s Quiroz","image":{"@type":"ImageObject","inLanguage":"en-US","@id":"https:\/\/secure.gravatar.com\/avatar\/?s=96&d=mm&r=g","url":"https:\/\/secure.gravatar.com\/avatar\/?s=96&d=mm&r=g","contentUrl":"https:\/\/secure.gravatar.com\/avatar\/?s=96&d=mm&r=g","caption":"Andr\u00e9s Quiroz"},"description":"Licenciado en Periodismo por la Universidad de los Andes. Me encargo de analizar y compartir los contenidos m\u00e1s destacados de la\u00a0actualidad del F\u00fatbol Club Barcelona, Mercado de Fichajes y F\u00fatbol Internacional en FCBN. La informaci\u00f3n es poder, pero tambi\u00e9n conocimiento.","url":"https:\/\/www.fcbarcelonanoticias.com\/en\/fc-barcelona\/andres-quiroz_17_115.html"}]}},"_links":{"self":[{"href":"https:\/\/www.fcbarcelonanoticias.com\/en\/wp-json\/wp\/v2\/posts\/125104","targetHints":{"allow":["GET"]}}],"collection":[{"href":"https:\/\/www.fcbarcelonanoticias.com\/en\/wp-json\/wp\/v2\/posts"}],"about":[{"href":"https:\/\/www.fcbarcelonanoticias.com\/en\/wp-json\/wp\/v2\/types\/post"}],"author":[{"embeddable":true,"href":"https:\/\/www.fcbarcelonanoticias.com\/en\/wp-json\/wp\/v2\/users\/347"}],"replies":[{"embeddable":true,"href":"https:\/\/www.fcbarcelonanoticias.com\/en\/wp-json\/wp\/v2\/comments?post=125104"}],"version-history":[{"count":1,"href":"https:\/\/www.fcbarcelonanoticias.com\/en\/wp-json\/wp\/v2\/posts\/125104\/revisions"}],"predecessor-version":[{"id":151004,"href":"https:\/\/www.fcbarcelonanoticias.com\/en\/wp-json\/wp\/v2\/posts\/125104\/revisions\/151004"}],"wp:featuredmedia":[{"embeddable":true,"href":"https:\/\/www.fcbarcelonanoticias.com\/en\/wp-json\/wp\/v2\/media\/125108"}],"wp:attachment":[{"href":"https:\/\/www.fcbarcelonanoticias.com\/en\/wp-json\/wp\/v2\/media?parent=125104"}],"wp:term":[{"taxonomy":"category","embeddable":true,"href":"https:\/\/www.fcbarcelonanoticias.com\/en\/wp-json\/wp\/v2\/categories?post=125104"},{"taxonomy":"post_tag","embeddable":true,"href":"https:\/\/www.fcbarcelonanoticias.com\/en\/wp-json\/wp\/v2\/tags?post=125104"}],"curies":[{"name":"wp","href":"https:\/\/api.w.org\/{rel}","templated":true}]}}