{"id":125853,"date":"2023-07-24T12:57:00","date_gmt":"2023-07-24T10:57:00","guid":{"rendered":"https:\/\/weisetech.dev\/fc-barcelona-noticias\/en\/bombazo-in-france-confirm-meeting-barca-psg-by-kylian-mbappe_294409_102\/"},"modified":"2023-07-24T15:57:00","modified_gmt":"2023-07-24T13:57:00","slug":"bombazo-in-france-confirm-meeting-barca-psg-by-kylian-mbappe_294409_102","status":"publish","type":"post","link":"https:\/\/www.fcbarcelonanoticias.com\/en\/transfers\/bombazo-in-france-confirm-meeting-barca-psg-by-kylian-mbappe_294409_102.html","title":{"rendered":"Bombshell! In France, a Bar\u00e7a\/PSG meeting is confirmed for Kylian Mbapp\u00e9"},"content":{"rendered":"<h2 class=\"wp-block-heading\">The FC Barcelona has decided to add to the bidding by Kylian Mbapp\u00e9. Like this at least they ensure it from France, where detail cual would be the strategy of the cul\u00e9s to face the operation<\/h2>  \r\n<div class=\"article-addons\">\r\n    <a href=\"https:\/\/www.fcbarcelonanoticias.com\/en\/calendar-fc-barcelona.html\"\r\n       target=\"_self\"\r\n       title=\"Calendar of FC Barcelona\"\r\n       class=\"blue-gredient-btn\">\r\n       \r\n        Calendar of FC Barcelona    <\/a>\r\n<\/div>   <p><a data-external=\"0\" data-intl-links-en=\"https:\/\/www.fcbarcelonanoticias.com\/en\/transfers\/the-psg-forceful-with-mbappe-renewal-stands-or-sale_294375_102.html\" data-intl-links-es=\"https:\/\/www.fcbarcelonanoticias.com\/fichajes\/psg-contundente-con-mbappe-renovacion-grada-venta_294375_102.html\" href=\"https:\/\/www.fcbarcelonanoticias.com\/en\/transfers\/the-psg-forceful-with-mbappe-renewal-stands-or-sale_294375_102.html\" rel=\"follow\" target=\"_self\" title=\"El PSG, contundente con Mbapp\u00e9: renovaci\u00f3n, grada o venta\">Paris Saint-Germain<\/a> has changed radically his attitude with regard to Kylian Mbapp\u00e9 and after leaving to the player out of his turns of pre-season left clear that the forward finds on sale and with this stage, are opened to any possibility. <strong>It is thus that this includes <a data-external=\"0\" data-intl-links-en=\"https:\/\/www.fcbarcelonanoticias.com\/en\/transfers\/mbappe-refuses-the-million-arabia-and-only-will-pose-leave-paris-by-the-madrid_294403_102.html\" data-intl-links-es=\"https:\/\/www.fcbarcelonanoticias.com\/fichajes\/mbappe-rechaza-millones-arabia-solo-se-planteara-dejar-paris-por-madrid_294403_102.html\" href=\"https:\/\/www.fcbarcelonanoticias.com\/en\/transfers\/mbappe-refuses-the-million-arabia-and-only-will-pose-leave-paris-by-the-madrid_294403_102.html\" rel=\"follow\" target=\"_self\" title=\"Mbapp\u00e9 rechaza los millones de Arabia y solo se plantear\u00e1 dejar Par\u00eds por el Madrid\">the 300 millions offered by the footballer from Saudi Arabia<\/a> or now a telephone meeting with the FC Barcelona.<\/strong><\/p>  <p>Like this it has detailed it the journalist of L&#8217;\u00c9quipe, Lo\u00efc Tanzi, the one who has informed that the Frenchmen have programmed for this Monday a &#8216;summit&#8217; with the Bar\u00e7a to argue the interest of the cul\u00e9s in the French forward. <strong>The information signals that the Barcelona entity thinks in offering to several players to be able to carry out an operation of this type, having also that negotiate later the wage with the own Mbapp\u00e9, an even more complicated part.<\/strong><\/p>  <h2>The Bar\u00e7a ingresa to a &#8216;career&#8217; full of interested millionaires<\/h2>  <p>For now the Bar\u00e7a would add to a long list of teams interested in Kylian, in which they find also Chelsea, Manchester United, Inter of Milan and Tottenham, further of course of the known interest of the Real Madrid that keeps on being the big favourite in this career by the leading Frenchman. <strong>Besides, they are the 300 &#8216;kilos&#8217; that offers the To the-Hilal by the &#8216;7&#8217; of the PSG, which plans to accept the French club, although without too many consequences if the goleador does not decide to change of airs to the Asian country. <\/strong><\/p>  <p><strong>(Developing news)&#8230;<\/strong><\/p> ","protected":false},"excerpt":{"rendered":"<p>The FC Barcelona has decided to add to the bidding by Kylian Mbapp\u00e9. Like this at least they ensure it from France, where detail cual would be the strategy of the cul\u00e9s to face the operation Paris Saint-Germain has changed radically his attitude with regard to Kylian Mbapp\u00e9 and after leaving to the player out [&hellip;]<\/p>\n","protected":false},"author":345,"featured_media":125854,"comment_status":"closed","ping_status":"open","sticky":false,"template":"","format":"standard","meta":{"_acf_changed":false,"inline_featured_image":false,"_nextfly_llmd_date_locked":false,"footnotes":""},"categories":[449,106],"tags":[158,329,171,88],"class_list":["post-125853","post","type-post","status-publish","format-standard","has-post-thumbnail","hentry","category-transfers-2","category-transfers","tag-joan-laporta","tag-mateu-alemany","tag-mbappe","tag-paris-saint-germain"],"acf":[],"yoast_head":"<!-- This site is optimized with the Yoast SEO plugin v27.3 - https:\/\/yoast.com\/product\/yoast-seo-wordpress\/ -->\n<title>Bombshell! In France, a Bar\u00e7a\/PSG meeting is confirmed for Kylian Mbapp\u00e9<\/title>\n<meta name=\"description\" content=\"The FC Barcelona has decided to add to the bidding by Kylian Mbapp\u00e9. Like this at least they ensure it from France, where detail cual would be the strategy of the cul\u00e9s to face the operation\" \/>\n<meta name=\"robots\" content=\"index, follow, max-snippet:-1, max-image-preview:large, max-video-preview:-1\" \/>\n<link rel=\"canonical\" href=\"https:\/\/www.fcbarcelonanoticias.com\/en\/transfers\/bombazo-in-france-confirm-meeting-barca-psg-by-kylian-mbappe_294409_102.html\" \/>\n<meta property=\"og:locale\" content=\"en_US\" \/>\n<meta property=\"og:type\" content=\"article\" \/>\n<meta property=\"og:title\" content=\"Bombshell! In France, a Bar\u00e7a\/PSG meeting is confirmed for Kylian Mbapp\u00e9\" \/>\n<meta property=\"og:description\" content=\"The FC Barcelona has decided to add to the bidding by Kylian Mbapp\u00e9. Like this at least they ensure it from France, where detail cual would be the strategy of the cul\u00e9s to face the operation\" \/>\n<meta property=\"og:url\" content=\"https:\/\/www.fcbarcelonanoticias.com\/en\/transfers\/bombazo-in-france-confirm-meeting-barca-psg-by-kylian-mbappe_294409_102.html\" \/>\n<meta property=\"og:site_name\" content=\"EN - FC Barcelona Noticias\" \/>\n<meta property=\"article:published_time\" content=\"2023-07-24T10:57:00+00:00\" \/>\n<meta property=\"article:modified_time\" content=\"2023-07-24T13:57:00+00:00\" \/>\n<meta property=\"og:image\" content=\"https:\/\/www.fcbarcelonanoticias.com\/en\/wp-content\/uploads\/sites\/2\/2023\/07\/kylian-mbappe-paris-saint-germain.jpeg\" \/>\n\t<meta property=\"og:image:width\" content=\"1300\" \/>\n\t<meta property=\"og:image:height\" content=\"732\" \/>\n\t<meta property=\"og:image:type\" content=\"image\/jpeg\" \/>\n<meta name=\"author\" content=\"Carlos Montenegro\" \/>\n<meta name=\"twitter:card\" content=\"summary_large_image\" \/>\n<meta name=\"twitter:label1\" content=\"Written by\" \/>\n\t<meta name=\"twitter:data1\" content=\"Carlos Montenegro\" \/>\n\t<meta name=\"twitter:label2\" content=\"Est. reading time\" \/>\n\t<meta name=\"twitter:data2\" content=\"1 minute\" \/>\n<script type=\"application\/ld+json\" class=\"yoast-schema-graph\">{\"@context\":\"https:\\\/\\\/schema.org\",\"@graph\":[{\"@type\":\"Article\",\"@id\":\"https:\\\/\\\/www.fcbarcelonanoticias.com\\\/en\\\/transfers\\\/bombazo-in-france-confirm-meeting-barca-psg-by-kylian-mbappe_294409_102.html#article\",\"isPartOf\":{\"@id\":\"https:\\\/\\\/www.fcbarcelonanoticias.com\\\/en\\\/transfers\\\/bombazo-in-france-confirm-meeting-barca-psg-by-kylian-mbappe_294409_102.html\"},\"author\":{\"name\":\"Carlos Montenegro\",\"@id\":\"https:\\\/\\\/www.fcbarcelonanoticias.com\\\/en\\\/#\\\/schema\\\/person\\\/aa1d038709c262cb247e240f6b39bbf5\"},\"headline\":\"Bombshell! In France, a Bar\u00e7a\\\/PSG meeting is confirmed for Kylian Mbapp\u00e9\",\"datePublished\":\"2023-07-24T10:57:00+00:00\",\"dateModified\":\"2023-07-24T13:57:00+00:00\",\"mainEntityOfPage\":{\"@id\":\"https:\\\/\\\/www.fcbarcelonanoticias.com\\\/en\\\/transfers\\\/bombazo-in-france-confirm-meeting-barca-psg-by-kylian-mbappe_294409_102.html\"},\"wordCount\":308,\"image\":{\"@id\":\"https:\\\/\\\/www.fcbarcelonanoticias.com\\\/en\\\/transfers\\\/bombazo-in-france-confirm-meeting-barca-psg-by-kylian-mbappe_294409_102.html#primaryimage\"},\"thumbnailUrl\":\"https:\\\/\\\/www.fcbarcelonanoticias.com\\\/en\\\/wp-content\\\/uploads\\\/sites\\\/2\\\/2023\\\/07\\\/kylian-mbappe-paris-saint-germain.jpeg\",\"keywords\":[\"Joan Laporta\",\"Mateu Alemany\",\"Mbapp\u00e9\",\"Paris Saint-Germain\"],\"articleSection\":[\"Transfers\",\"Transfers\"],\"inLanguage\":\"en-US\"},{\"@type\":\"WebPage\",\"@id\":\"https:\\\/\\\/www.fcbarcelonanoticias.com\\\/en\\\/transfers\\\/bombazo-in-france-confirm-meeting-barca-psg-by-kylian-mbappe_294409_102.html\",\"url\":\"https:\\\/\\\/www.fcbarcelonanoticias.com\\\/en\\\/transfers\\\/bombazo-in-france-confirm-meeting-barca-psg-by-kylian-mbappe_294409_102.html\",\"name\":\"Bombshell! In France, a Bar\u00e7a\\\/PSG meeting is confirmed for Kylian Mbapp\u00e9\",\"isPartOf\":{\"@id\":\"https:\\\/\\\/www.fcbarcelonanoticias.com\\\/en\\\/#website\"},\"primaryImageOfPage\":{\"@id\":\"https:\\\/\\\/www.fcbarcelonanoticias.com\\\/en\\\/transfers\\\/bombazo-in-france-confirm-meeting-barca-psg-by-kylian-mbappe_294409_102.html#primaryimage\"},\"image\":{\"@id\":\"https:\\\/\\\/www.fcbarcelonanoticias.com\\\/en\\\/transfers\\\/bombazo-in-france-confirm-meeting-barca-psg-by-kylian-mbappe_294409_102.html#primaryimage\"},\"thumbnailUrl\":\"https:\\\/\\\/www.fcbarcelonanoticias.com\\\/en\\\/wp-content\\\/uploads\\\/sites\\\/2\\\/2023\\\/07\\\/kylian-mbappe-paris-saint-germain.jpeg\",\"datePublished\":\"2023-07-24T10:57:00+00:00\",\"dateModified\":\"2023-07-24T13:57:00+00:00\",\"author\":{\"@id\":\"https:\\\/\\\/www.fcbarcelonanoticias.com\\\/en\\\/#\\\/schema\\\/person\\\/aa1d038709c262cb247e240f6b39bbf5\"},\"description\":\"The FC Barcelona has decided to add to the bidding by Kylian Mbapp\u00e9. Like this at least they ensure it from France, where detail cual would be the strategy of the cul\u00e9s to face the operation\",\"breadcrumb\":{\"@id\":\"https:\\\/\\\/www.fcbarcelonanoticias.com\\\/en\\\/transfers\\\/bombazo-in-france-confirm-meeting-barca-psg-by-kylian-mbappe_294409_102.html#breadcrumb\"},\"inLanguage\":\"en-US\",\"potentialAction\":[{\"@type\":\"ReadAction\",\"target\":[\"https:\\\/\\\/www.fcbarcelonanoticias.com\\\/en\\\/transfers\\\/bombazo-in-france-confirm-meeting-barca-psg-by-kylian-mbappe_294409_102.html\"]}]},{\"@type\":\"ImageObject\",\"inLanguage\":\"en-US\",\"@id\":\"https:\\\/\\\/www.fcbarcelonanoticias.com\\\/en\\\/transfers\\\/bombazo-in-france-confirm-meeting-barca-psg-by-kylian-mbappe_294409_102.html#primaryimage\",\"url\":\"https:\\\/\\\/www.fcbarcelonanoticias.com\\\/en\\\/wp-content\\\/uploads\\\/sites\\\/2\\\/2023\\\/07\\\/kylian-mbappe-paris-saint-germain.jpeg\",\"contentUrl\":\"https:\\\/\\\/www.fcbarcelonanoticias.com\\\/en\\\/wp-content\\\/uploads\\\/sites\\\/2\\\/2023\\\/07\\\/kylian-mbappe-paris-saint-germain.jpeg\",\"width\":1300,\"height\":732},{\"@type\":\"BreadcrumbList\",\"@id\":\"https:\\\/\\\/www.fcbarcelonanoticias.com\\\/en\\\/transfers\\\/bombazo-in-france-confirm-meeting-barca-psg-by-kylian-mbappe_294409_102.html#breadcrumb\",\"itemListElement\":[{\"@type\":\"ListItem\",\"position\":1,\"name\":\"Portada\",\"item\":\"https:\\\/\\\/www.fcbarcelonanoticias.com\\\/en\\\/\"},{\"@type\":\"ListItem\",\"position\":2,\"name\":\"Bombshell! In France, a Bar\u00e7a\\\/PSG meeting is confirmed for Kylian Mbapp\u00e9\"}]},{\"@type\":\"WebSite\",\"@id\":\"https:\\\/\\\/www.fcbarcelonanoticias.com\\\/en\\\/#website\",\"url\":\"https:\\\/\\\/www.fcbarcelonanoticias.com\\\/en\\\/\",\"name\":\"EN - FC Barcelona Noticias\",\"description\":\"\",\"potentialAction\":[{\"@type\":\"SearchAction\",\"target\":{\"@type\":\"EntryPoint\",\"urlTemplate\":\"https:\\\/\\\/www.fcbarcelonanoticias.com\\\/en\\\/?s={search_term_string}\"},\"query-input\":{\"@type\":\"PropertyValueSpecification\",\"valueRequired\":true,\"valueName\":\"search_term_string\"}}],\"inLanguage\":\"en-US\"},{\"@type\":\"Person\",\"@id\":\"https:\\\/\\\/www.fcbarcelonanoticias.com\\\/en\\\/#\\\/schema\\\/person\\\/aa1d038709c262cb247e240f6b39bbf5\",\"name\":\"Carlos Montenegro\",\"image\":{\"@type\":\"ImageObject\",\"inLanguage\":\"en-US\",\"@id\":\"https:\\\/\\\/secure.gravatar.com\\\/avatar\\\/?s=96&d=mm&r=g\",\"url\":\"https:\\\/\\\/secure.gravatar.com\\\/avatar\\\/?s=96&d=mm&r=g\",\"contentUrl\":\"https:\\\/\\\/secure.gravatar.com\\\/avatar\\\/?s=96&d=mm&r=g\",\"caption\":\"Carlos Montenegro\"},\"url\":\"https:\\\/\\\/www.fcbarcelonanoticias.com\\\/en\\\/carlos-montenegro_20_115.html\"}]}<\/script>\n<!-- \/ Yoast SEO plugin. -->","yoast_head_json":{"title":"Bombshell! In France, a Bar\u00e7a\/PSG meeting is confirmed for Kylian Mbapp\u00e9","description":"The FC Barcelona has decided to add to the bidding by Kylian Mbapp\u00e9. Like this at least they ensure it from France, where detail cual would be the strategy of the cul\u00e9s to face the operation","robots":{"index":"index","follow":"follow","max-snippet":"max-snippet:-1","max-image-preview":"max-image-preview:large","max-video-preview":"max-video-preview:-1"},"canonical":"https:\/\/www.fcbarcelonanoticias.com\/en\/transfers\/bombazo-in-france-confirm-meeting-barca-psg-by-kylian-mbappe_294409_102.html","og_locale":"en_US","og_type":"article","og_title":"Bombshell! In France, a Bar\u00e7a\/PSG meeting is confirmed for Kylian Mbapp\u00e9","og_description":"The FC Barcelona has decided to add to the bidding by Kylian Mbapp\u00e9. Like this at least they ensure it from France, where detail cual would be the strategy of the cul\u00e9s to face the operation","og_url":"https:\/\/www.fcbarcelonanoticias.com\/en\/transfers\/bombazo-in-france-confirm-meeting-barca-psg-by-kylian-mbappe_294409_102.html","og_site_name":"EN - FC Barcelona Noticias","article_published_time":"2023-07-24T10:57:00+00:00","article_modified_time":"2023-07-24T13:57:00+00:00","og_image":[{"width":1300,"height":732,"url":"https:\/\/www.fcbarcelonanoticias.com\/en\/wp-content\/uploads\/sites\/2\/2023\/07\/kylian-mbappe-paris-saint-germain.jpeg","type":"image\/jpeg"}],"author":"Carlos Montenegro","twitter_card":"summary_large_image","twitter_misc":{"Written by":"Carlos Montenegro","Est. reading time":"1 minute"},"schema":{"@context":"https:\/\/schema.org","@graph":[{"@type":"Article","@id":"https:\/\/www.fcbarcelonanoticias.com\/en\/transfers\/bombazo-in-france-confirm-meeting-barca-psg-by-kylian-mbappe_294409_102.html#article","isPartOf":{"@id":"https:\/\/www.fcbarcelonanoticias.com\/en\/transfers\/bombazo-in-france-confirm-meeting-barca-psg-by-kylian-mbappe_294409_102.html"},"author":{"name":"Carlos Montenegro","@id":"https:\/\/www.fcbarcelonanoticias.com\/en\/#\/schema\/person\/aa1d038709c262cb247e240f6b39bbf5"},"headline":"Bombshell! In France, a Bar\u00e7a\/PSG meeting is confirmed for Kylian Mbapp\u00e9","datePublished":"2023-07-24T10:57:00+00:00","dateModified":"2023-07-24T13:57:00+00:00","mainEntityOfPage":{"@id":"https:\/\/www.fcbarcelonanoticias.com\/en\/transfers\/bombazo-in-france-confirm-meeting-barca-psg-by-kylian-mbappe_294409_102.html"},"wordCount":308,"image":{"@id":"https:\/\/www.fcbarcelonanoticias.com\/en\/transfers\/bombazo-in-france-confirm-meeting-barca-psg-by-kylian-mbappe_294409_102.html#primaryimage"},"thumbnailUrl":"https:\/\/www.fcbarcelonanoticias.com\/en\/wp-content\/uploads\/sites\/2\/2023\/07\/kylian-mbappe-paris-saint-germain.jpeg","keywords":["Joan Laporta","Mateu Alemany","Mbapp\u00e9","Paris Saint-Germain"],"articleSection":["Transfers","Transfers"],"inLanguage":"en-US"},{"@type":"WebPage","@id":"https:\/\/www.fcbarcelonanoticias.com\/en\/transfers\/bombazo-in-france-confirm-meeting-barca-psg-by-kylian-mbappe_294409_102.html","url":"https:\/\/www.fcbarcelonanoticias.com\/en\/transfers\/bombazo-in-france-confirm-meeting-barca-psg-by-kylian-mbappe_294409_102.html","name":"Bombshell! In France, a Bar\u00e7a\/PSG meeting is confirmed for Kylian Mbapp\u00e9","isPartOf":{"@id":"https:\/\/www.fcbarcelonanoticias.com\/en\/#website"},"primaryImageOfPage":{"@id":"https:\/\/www.fcbarcelonanoticias.com\/en\/transfers\/bombazo-in-france-confirm-meeting-barca-psg-by-kylian-mbappe_294409_102.html#primaryimage"},"image":{"@id":"https:\/\/www.fcbarcelonanoticias.com\/en\/transfers\/bombazo-in-france-confirm-meeting-barca-psg-by-kylian-mbappe_294409_102.html#primaryimage"},"thumbnailUrl":"https:\/\/www.fcbarcelonanoticias.com\/en\/wp-content\/uploads\/sites\/2\/2023\/07\/kylian-mbappe-paris-saint-germain.jpeg","datePublished":"2023-07-24T10:57:00+00:00","dateModified":"2023-07-24T13:57:00+00:00","author":{"@id":"https:\/\/www.fcbarcelonanoticias.com\/en\/#\/schema\/person\/aa1d038709c262cb247e240f6b39bbf5"},"description":"The FC Barcelona has decided to add to the bidding by Kylian Mbapp\u00e9. Like this at least they ensure it from France, where detail cual would be the strategy of the cul\u00e9s to face the operation","breadcrumb":{"@id":"https:\/\/www.fcbarcelonanoticias.com\/en\/transfers\/bombazo-in-france-confirm-meeting-barca-psg-by-kylian-mbappe_294409_102.html#breadcrumb"},"inLanguage":"en-US","potentialAction":[{"@type":"ReadAction","target":["https:\/\/www.fcbarcelonanoticias.com\/en\/transfers\/bombazo-in-france-confirm-meeting-barca-psg-by-kylian-mbappe_294409_102.html"]}]},{"@type":"ImageObject","inLanguage":"en-US","@id":"https:\/\/www.fcbarcelonanoticias.com\/en\/transfers\/bombazo-in-france-confirm-meeting-barca-psg-by-kylian-mbappe_294409_102.html#primaryimage","url":"https:\/\/www.fcbarcelonanoticias.com\/en\/wp-content\/uploads\/sites\/2\/2023\/07\/kylian-mbappe-paris-saint-germain.jpeg","contentUrl":"https:\/\/www.fcbarcelonanoticias.com\/en\/wp-content\/uploads\/sites\/2\/2023\/07\/kylian-mbappe-paris-saint-germain.jpeg","width":1300,"height":732},{"@type":"BreadcrumbList","@id":"https:\/\/www.fcbarcelonanoticias.com\/en\/transfers\/bombazo-in-france-confirm-meeting-barca-psg-by-kylian-mbappe_294409_102.html#breadcrumb","itemListElement":[{"@type":"ListItem","position":1,"name":"Portada","item":"https:\/\/www.fcbarcelonanoticias.com\/en\/"},{"@type":"ListItem","position":2,"name":"Bombshell! In France, a Bar\u00e7a\/PSG meeting is confirmed for Kylian Mbapp\u00e9"}]},{"@type":"WebSite","@id":"https:\/\/www.fcbarcelonanoticias.com\/en\/#website","url":"https:\/\/www.fcbarcelonanoticias.com\/en\/","name":"EN - FC Barcelona Noticias","description":"","potentialAction":[{"@type":"SearchAction","target":{"@type":"EntryPoint","urlTemplate":"https:\/\/www.fcbarcelonanoticias.com\/en\/?s={search_term_string}"},"query-input":{"@type":"PropertyValueSpecification","valueRequired":true,"valueName":"search_term_string"}}],"inLanguage":"en-US"},{"@type":"Person","@id":"https:\/\/www.fcbarcelonanoticias.com\/en\/#\/schema\/person\/aa1d038709c262cb247e240f6b39bbf5","name":"Carlos Montenegro","image":{"@type":"ImageObject","inLanguage":"en-US","@id":"https:\/\/secure.gravatar.com\/avatar\/?s=96&d=mm&r=g","url":"https:\/\/secure.gravatar.com\/avatar\/?s=96&d=mm&r=g","contentUrl":"https:\/\/secure.gravatar.com\/avatar\/?s=96&d=mm&r=g","caption":"Carlos Montenegro"},"url":"https:\/\/www.fcbarcelonanoticias.com\/en\/carlos-montenegro_20_115.html"}]}},"_links":{"self":[{"href":"https:\/\/www.fcbarcelonanoticias.com\/en\/wp-json\/wp\/v2\/posts\/125853","targetHints":{"allow":["GET"]}}],"collection":[{"href":"https:\/\/www.fcbarcelonanoticias.com\/en\/wp-json\/wp\/v2\/posts"}],"about":[{"href":"https:\/\/www.fcbarcelonanoticias.com\/en\/wp-json\/wp\/v2\/types\/post"}],"author":[{"embeddable":true,"href":"https:\/\/www.fcbarcelonanoticias.com\/en\/wp-json\/wp\/v2\/users\/345"}],"replies":[{"embeddable":true,"href":"https:\/\/www.fcbarcelonanoticias.com\/en\/wp-json\/wp\/v2\/comments?post=125853"}],"version-history":[{"count":1,"href":"https:\/\/www.fcbarcelonanoticias.com\/en\/wp-json\/wp\/v2\/posts\/125853\/revisions"}],"predecessor-version":[{"id":151088,"href":"https:\/\/www.fcbarcelonanoticias.com\/en\/wp-json\/wp\/v2\/posts\/125853\/revisions\/151088"}],"wp:featuredmedia":[{"embeddable":true,"href":"https:\/\/www.fcbarcelonanoticias.com\/en\/wp-json\/wp\/v2\/media\/125854"}],"wp:attachment":[{"href":"https:\/\/www.fcbarcelonanoticias.com\/en\/wp-json\/wp\/v2\/media?parent=125853"}],"wp:term":[{"taxonomy":"category","embeddable":true,"href":"https:\/\/www.fcbarcelonanoticias.com\/en\/wp-json\/wp\/v2\/categories?post=125853"},{"taxonomy":"post_tag","embeddable":true,"href":"https:\/\/www.fcbarcelonanoticias.com\/en\/wp-json\/wp\/v2\/tags?post=125853"}],"curies":[{"name":"wp","href":"https:\/\/api.w.org\/{rel}","templated":true}]}}