{"id":126714,"date":"2023-03-03T22:16:00","date_gmt":"2023-03-03T21:16:00","guid":{"rendered":"https:\/\/weisetech.dev\/fc-barcelona-noticias\/en\/calhanoglu-invites-kessie-to-sign-for-inter-milan_290180_102\/"},"modified":"2023-03-03T22:17:00","modified_gmt":"2023-03-03T21:17:00","slug":"calhanoglu-invites-kessie-to-sign-for-inter-milan_290180_102","status":"publish","type":"post","link":"https:\/\/www.fcbarcelonanoticias.com\/en\/transfers\/calhanoglu-invites-kessie-to-sign-for-inter-milan_290180_102.html","title":{"rendered":"\u00c7alhanoglu invites Kessi\u00e9 to sign for Inter Milan"},"content":{"rendered":"<h2 class=\"wp-block-heading\">Despite the fact that FC Barcelona would have decided to block the departure of Franck Kessi\u00e9 in the summer, the midfielder continues to receive &#8216;proposals&#8217; for the 2022-2023 season<\/h2>  \r\n<div class=\"article-addons\">\r\n    <a href=\"https:\/\/www.fcbarcelonanoticias.com\/en\/calendar-fc-barcelona.html\"\r\n       target=\"_self\"\r\n       title=\"Calendar of FC Barcelona\"\r\n       class=\"blue-gredient-btn\">\r\n       \r\n        Calendar of FC Barcelona    <\/a>\r\n<\/div>   <p>As it has informed in the last hours, <a data-external=\"0\" data-intl-links-en=\"https:\/\/www.fcbarcelonanoticias.com\/en\/transfers\/does-not-move-barcelona-makes-definitive-decision-about-future-kessie_290174_102.html\" data-intl-links-es=\"https:\/\/www.fcbarcelonanoticias.com\/fichajes\/no-se-mueve-barca-toma-decision-definitiva-sobre-futuro-kessie_290174_102.html\" href=\"https:\/\/www.fcbarcelonanoticias.com\/en\/transfers\/does-not-move-barcelona-makes-definitive-decision-about-future-kessie_290174_102.html\" rel=\"follow\" target=\"_self\" title=\"\u00a1No se mueve! El Bar\u00e7a toma la decisi\u00f3n definitiva sobre el futuro de Kessi\u00e9\">the FC Barcelona has declared to Franck Kessi\u00e9 like an untransferable player of face to the season 2023-2024.<\/a> They are very happy with his performance in the last weeks and Xavi Hern\u00e1ndez is convinced that it can be important part of his project to short and average term,<strong> reason by which will block his exit in the market of signings estival. <\/strong><\/p>  <p>And it is that they are varied the clubs that already have asked after Kessi\u00e9 to the course that comes, especially from the Series To and Premier League, where more has &#8216;woken up&#8217; the interest. The <strong>Inter of Milan is one of the teams that more has &#8216;insisted&#8217; and, included, during the window of wintry transfers already would have put the option of a barter on the table of the Bar\u00e7a.<\/strong> The Barcelona decided to ignore it, because they had the player of 26 years.<\/p>  <p>Now, his excompa\u00f1ero in the AC Milan and current player of the team &#8216;nerazurri&#8217;, Hakan \u00c7alhanoglu, has spoken on the possible interest of the club, opening him the doors of face to a possible incorporation for the season that comes: <strong>&#8220;it Is a big player and a fellow, here the champions are always very received. We speak a lot, it is truth. It knows that it plays in a big team but knows that the Inter also is it&#8221;<\/strong>, said during an interview to the &#8216;Gazzetta dello Sport&#8217;.<\/p>  <p>Kessi\u00e9 And \u00c7alhanoglu coincided during the stage of both in the AC Milan and, from etonces, developed a big friendship although they finished playing in clubs &#8216;enemies&#8217; of the city of Milan. Now, <strong>the born midfield player in Mannheim wants to &#8216;reencontrarse&#8217; with his excompa\u00f1ero in the Inter of Simone Inzaghi<\/strong>. The Bar\u00e7a, to day of today, does not contemplate this possibility.<\/p>  <p>Although in his first months like cul\u00e9 grieve explained in the plans of Xavi Hern\u00e1ndez, <strong>in these last weeks has gone won a place in the XI Barcelona, <\/strong>taking advantage of of the numerous drops that has suffered the team in these months. It has showed to be a very engaged footballer with the team and, besides, has surrendered of wonder when more demanded was.<\/p>  <h3>Kessi\u00e9 Is untransferable<\/h3>  <p>As it informed the newspaper &#8216;SPORT&#8217; this Friday, the Bar\u00e7a does not pose the exit of the midfield player costamarfile\u00f1o in this summer. <strong>It has showed that it can be a big alternative for the centre of the field, although it remains for seeing how administers his minutes Xavi Hern\u00e1ndez when it was of return Pedri Gonz\u00e1lez.<\/strong> For the moment, the club and staff technician are loved with his performance and do not have doubts on his continuity in the next months.<\/p> ","protected":false},"excerpt":{"rendered":"<p>Despite the fact that FC Barcelona would have decided to block the departure of Franck Kessi\u00e9 in the summer, the midfielder continues to receive &#8216;proposals&#8217; for the 2022-2023 season As it has informed in the last hours, the FC Barcelona has declared to Franck Kessi\u00e9 like an untransferable player of face to the season 2023-2024. [&hellip;]<\/p>\n","protected":false},"author":353,"featured_media":126722,"comment_status":"closed","ping_status":"open","sticky":false,"template":"","format":"standard","meta":{"_acf_changed":false,"inline_featured_image":false,"_nextfly_llmd_date_locked":false,"footnotes":""},"categories":[106,449],"tags":[305,100],"class_list":["post-126714","post","type-post","status-publish","format-standard","has-post-thumbnail","hentry","category-transfers","category-transfers-2","tag-frank-kessie","tag-inter-milan"],"acf":[],"yoast_head":"<!-- This site is optimized with the Yoast SEO plugin v27.3 - https:\/\/yoast.com\/product\/yoast-seo-wordpress\/ -->\n<title>\u00c7alhanoglu invites Kessi\u00e9 to sign for Inter Milan<\/title>\n<meta name=\"description\" content=\"Although from the FC Barcelona would have decided to block the exit of Franck Kessi\u00e9 in the summer, the midfield player continues receiving &#039;proposed&#039; of face to the season 2022-2023\" \/>\n<meta name=\"robots\" content=\"index, follow, max-snippet:-1, max-image-preview:large, max-video-preview:-1\" \/>\n<link rel=\"canonical\" href=\"https:\/\/www.fcbarcelonanoticias.com\/en\/transfers\/calhanoglu-invites-kessie-to-sign-for-inter-milan_290180_102.html\" \/>\n<meta property=\"og:locale\" content=\"en_US\" \/>\n<meta property=\"og:type\" content=\"article\" \/>\n<meta property=\"og:title\" content=\"\u00c7alhanoglu invites Kessi\u00e9 to sign for Inter Milan\" \/>\n<meta property=\"og:description\" content=\"Although from the FC Barcelona would have decided to block the exit of Franck Kessi\u00e9 in the summer, the midfield player continues receiving &#039;proposed&#039; of face to the season 2022-2023\" \/>\n<meta property=\"og:url\" content=\"https:\/\/www.fcbarcelonanoticias.com\/en\/transfers\/calhanoglu-invites-kessie-to-sign-for-inter-milan_290180_102.html\" \/>\n<meta property=\"og:site_name\" content=\"EN - FC Barcelona Noticias\" \/>\n<meta property=\"article:published_time\" content=\"2023-03-03T21:16:00+00:00\" \/>\n<meta property=\"article:modified_time\" content=\"2023-03-03T21:17:00+00:00\" \/>\n<meta property=\"og:image\" content=\"https:\/\/www.fcbarcelonanoticias.com\/en\/wp-content\/uploads\/sites\/2\/2023\/03\/fc-barcelona-v-real-sociedad-copa-del-rey-quarter-final-4-1.jpeg\" \/>\n\t<meta property=\"og:image:width\" content=\"1200\" \/>\n\t<meta property=\"og:image:height\" content=\"701\" \/>\n\t<meta property=\"og:image:type\" content=\"image\/jpeg\" \/>\n<meta name=\"author\" content=\"FC Barcelona Noticias\" \/>\n<meta name=\"twitter:card\" content=\"summary_large_image\" \/>\n<meta name=\"twitter:label1\" content=\"Written by\" \/>\n\t<meta name=\"twitter:data1\" content=\"FC Barcelona Noticias\" \/>\n\t<meta name=\"twitter:label2\" content=\"Est. reading time\" \/>\n\t<meta name=\"twitter:data2\" content=\"2 minutes\" \/>\n<script type=\"application\/ld+json\" class=\"yoast-schema-graph\">{\"@context\":\"https:\\\/\\\/schema.org\",\"@graph\":[{\"@type\":\"Article\",\"@id\":\"https:\\\/\\\/www.fcbarcelonanoticias.com\\\/en\\\/transfers\\\/calhanoglu-invites-kessie-to-sign-for-inter-milan_290180_102.html#article\",\"isPartOf\":{\"@id\":\"https:\\\/\\\/www.fcbarcelonanoticias.com\\\/en\\\/transfers\\\/calhanoglu-invites-kessie-to-sign-for-inter-milan_290180_102.html\"},\"author\":{\"name\":\"FC Barcelona Noticias\",\"@id\":\"https:\\\/\\\/www.fcbarcelonanoticias.com\\\/en\\\/#\\\/schema\\\/person\\\/0f2810101d27606974cdb8edb54fa54b\"},\"headline\":\"\u00c7alhanoglu invites Kessi\u00e9 to sign for Inter Milan\",\"datePublished\":\"2023-03-03T21:16:00+00:00\",\"dateModified\":\"2023-03-03T21:17:00+00:00\",\"mainEntityOfPage\":{\"@id\":\"https:\\\/\\\/www.fcbarcelonanoticias.com\\\/en\\\/transfers\\\/calhanoglu-invites-kessie-to-sign-for-inter-milan_290180_102.html\"},\"wordCount\":500,\"image\":{\"@id\":\"https:\\\/\\\/www.fcbarcelonanoticias.com\\\/en\\\/transfers\\\/calhanoglu-invites-kessie-to-sign-for-inter-milan_290180_102.html#primaryimage\"},\"thumbnailUrl\":\"https:\\\/\\\/www.fcbarcelonanoticias.com\\\/en\\\/wp-content\\\/uploads\\\/sites\\\/2\\\/2023\\\/03\\\/fc-barcelona-v-real-sociedad-copa-del-rey-quarter-final-4-1.jpeg\",\"keywords\":[\"Frank Kessi\u00e9\",\"Inter Milan\"],\"articleSection\":[\"Transfers\",\"Transfers\"],\"inLanguage\":\"en-US\"},{\"@type\":\"WebPage\",\"@id\":\"https:\\\/\\\/www.fcbarcelonanoticias.com\\\/en\\\/transfers\\\/calhanoglu-invites-kessie-to-sign-for-inter-milan_290180_102.html\",\"url\":\"https:\\\/\\\/www.fcbarcelonanoticias.com\\\/en\\\/transfers\\\/calhanoglu-invites-kessie-to-sign-for-inter-milan_290180_102.html\",\"name\":\"\u00c7alhanoglu invites Kessi\u00e9 to sign for Inter Milan\",\"isPartOf\":{\"@id\":\"https:\\\/\\\/www.fcbarcelonanoticias.com\\\/en\\\/#website\"},\"primaryImageOfPage\":{\"@id\":\"https:\\\/\\\/www.fcbarcelonanoticias.com\\\/en\\\/transfers\\\/calhanoglu-invites-kessie-to-sign-for-inter-milan_290180_102.html#primaryimage\"},\"image\":{\"@id\":\"https:\\\/\\\/www.fcbarcelonanoticias.com\\\/en\\\/transfers\\\/calhanoglu-invites-kessie-to-sign-for-inter-milan_290180_102.html#primaryimage\"},\"thumbnailUrl\":\"https:\\\/\\\/www.fcbarcelonanoticias.com\\\/en\\\/wp-content\\\/uploads\\\/sites\\\/2\\\/2023\\\/03\\\/fc-barcelona-v-real-sociedad-copa-del-rey-quarter-final-4-1.jpeg\",\"datePublished\":\"2023-03-03T21:16:00+00:00\",\"dateModified\":\"2023-03-03T21:17:00+00:00\",\"author\":{\"@id\":\"https:\\\/\\\/www.fcbarcelonanoticias.com\\\/en\\\/#\\\/schema\\\/person\\\/0f2810101d27606974cdb8edb54fa54b\"},\"description\":\"Although from the FC Barcelona would have decided to block the exit of Franck Kessi\u00e9 in the summer, the midfield player continues receiving 'proposed' of face to the season 2022-2023\",\"breadcrumb\":{\"@id\":\"https:\\\/\\\/www.fcbarcelonanoticias.com\\\/en\\\/transfers\\\/calhanoglu-invites-kessie-to-sign-for-inter-milan_290180_102.html#breadcrumb\"},\"inLanguage\":\"en-US\",\"potentialAction\":[{\"@type\":\"ReadAction\",\"target\":[\"https:\\\/\\\/www.fcbarcelonanoticias.com\\\/en\\\/transfers\\\/calhanoglu-invites-kessie-to-sign-for-inter-milan_290180_102.html\"]}]},{\"@type\":\"ImageObject\",\"inLanguage\":\"en-US\",\"@id\":\"https:\\\/\\\/www.fcbarcelonanoticias.com\\\/en\\\/transfers\\\/calhanoglu-invites-kessie-to-sign-for-inter-milan_290180_102.html#primaryimage\",\"url\":\"https:\\\/\\\/www.fcbarcelonanoticias.com\\\/en\\\/wp-content\\\/uploads\\\/sites\\\/2\\\/2023\\\/03\\\/fc-barcelona-v-real-sociedad-copa-del-rey-quarter-final-4-1.jpeg\",\"contentUrl\":\"https:\\\/\\\/www.fcbarcelonanoticias.com\\\/en\\\/wp-content\\\/uploads\\\/sites\\\/2\\\/2023\\\/03\\\/fc-barcelona-v-real-sociedad-copa-del-rey-quarter-final-4-1.jpeg\",\"width\":1200,\"height\":701},{\"@type\":\"BreadcrumbList\",\"@id\":\"https:\\\/\\\/www.fcbarcelonanoticias.com\\\/en\\\/transfers\\\/calhanoglu-invites-kessie-to-sign-for-inter-milan_290180_102.html#breadcrumb\",\"itemListElement\":[{\"@type\":\"ListItem\",\"position\":1,\"name\":\"Portada\",\"item\":\"https:\\\/\\\/www.fcbarcelonanoticias.com\\\/en\\\/\"},{\"@type\":\"ListItem\",\"position\":2,\"name\":\"\u00c7alhanoglu invites Kessi\u00e9 to sign for Inter Milan\"}]},{\"@type\":\"WebSite\",\"@id\":\"https:\\\/\\\/www.fcbarcelonanoticias.com\\\/en\\\/#website\",\"url\":\"https:\\\/\\\/www.fcbarcelonanoticias.com\\\/en\\\/\",\"name\":\"EN - FC Barcelona Noticias\",\"description\":\"\",\"potentialAction\":[{\"@type\":\"SearchAction\",\"target\":{\"@type\":\"EntryPoint\",\"urlTemplate\":\"https:\\\/\\\/www.fcbarcelonanoticias.com\\\/en\\\/?s={search_term_string}\"},\"query-input\":{\"@type\":\"PropertyValueSpecification\",\"valueRequired\":true,\"valueName\":\"search_term_string\"}}],\"inLanguage\":\"en-US\"},{\"@type\":\"Person\",\"@id\":\"https:\\\/\\\/www.fcbarcelonanoticias.com\\\/en\\\/#\\\/schema\\\/person\\\/0f2810101d27606974cdb8edb54fa54b\",\"name\":\"FC Barcelona Noticias\",\"image\":{\"@type\":\"ImageObject\",\"inLanguage\":\"en-US\",\"@id\":\"https:\\\/\\\/secure.gravatar.com\\\/avatar\\\/?s=96&d=mm&r=g\",\"url\":\"https:\\\/\\\/secure.gravatar.com\\\/avatar\\\/?s=96&d=mm&r=g\",\"contentUrl\":\"https:\\\/\\\/secure.gravatar.com\\\/avatar\\\/?s=96&d=mm&r=g\",\"caption\":\"FC Barcelona Noticias\"},\"url\":\"https:\\\/\\\/www.fcbarcelonanoticias.com\\\/en\\\/fc-barcelona\\\/fcbn-writing-fc-barcelona-news_6_115.html\"}]}<\/script>\n<!-- \/ Yoast SEO plugin. -->","yoast_head_json":{"title":"\u00c7alhanoglu invites Kessi\u00e9 to sign for Inter Milan","description":"Although from the FC Barcelona would have decided to block the exit of Franck Kessi\u00e9 in the summer, the midfield player continues receiving 'proposed' of face to the season 2022-2023","robots":{"index":"index","follow":"follow","max-snippet":"max-snippet:-1","max-image-preview":"max-image-preview:large","max-video-preview":"max-video-preview:-1"},"canonical":"https:\/\/www.fcbarcelonanoticias.com\/en\/transfers\/calhanoglu-invites-kessie-to-sign-for-inter-milan_290180_102.html","og_locale":"en_US","og_type":"article","og_title":"\u00c7alhanoglu invites Kessi\u00e9 to sign for Inter Milan","og_description":"Although from the FC Barcelona would have decided to block the exit of Franck Kessi\u00e9 in the summer, the midfield player continues receiving 'proposed' of face to the season 2022-2023","og_url":"https:\/\/www.fcbarcelonanoticias.com\/en\/transfers\/calhanoglu-invites-kessie-to-sign-for-inter-milan_290180_102.html","og_site_name":"EN - FC Barcelona Noticias","article_published_time":"2023-03-03T21:16:00+00:00","article_modified_time":"2023-03-03T21:17:00+00:00","og_image":[{"width":1200,"height":701,"url":"https:\/\/www.fcbarcelonanoticias.com\/en\/wp-content\/uploads\/sites\/2\/2023\/03\/fc-barcelona-v-real-sociedad-copa-del-rey-quarter-final-4-1.jpeg","type":"image\/jpeg"}],"author":"FC Barcelona Noticias","twitter_card":"summary_large_image","twitter_misc":{"Written by":"FC Barcelona Noticias","Est. reading time":"2 minutes"},"schema":{"@context":"https:\/\/schema.org","@graph":[{"@type":"Article","@id":"https:\/\/www.fcbarcelonanoticias.com\/en\/transfers\/calhanoglu-invites-kessie-to-sign-for-inter-milan_290180_102.html#article","isPartOf":{"@id":"https:\/\/www.fcbarcelonanoticias.com\/en\/transfers\/calhanoglu-invites-kessie-to-sign-for-inter-milan_290180_102.html"},"author":{"name":"FC Barcelona Noticias","@id":"https:\/\/www.fcbarcelonanoticias.com\/en\/#\/schema\/person\/0f2810101d27606974cdb8edb54fa54b"},"headline":"\u00c7alhanoglu invites Kessi\u00e9 to sign for Inter Milan","datePublished":"2023-03-03T21:16:00+00:00","dateModified":"2023-03-03T21:17:00+00:00","mainEntityOfPage":{"@id":"https:\/\/www.fcbarcelonanoticias.com\/en\/transfers\/calhanoglu-invites-kessie-to-sign-for-inter-milan_290180_102.html"},"wordCount":500,"image":{"@id":"https:\/\/www.fcbarcelonanoticias.com\/en\/transfers\/calhanoglu-invites-kessie-to-sign-for-inter-milan_290180_102.html#primaryimage"},"thumbnailUrl":"https:\/\/www.fcbarcelonanoticias.com\/en\/wp-content\/uploads\/sites\/2\/2023\/03\/fc-barcelona-v-real-sociedad-copa-del-rey-quarter-final-4-1.jpeg","keywords":["Frank Kessi\u00e9","Inter Milan"],"articleSection":["Transfers","Transfers"],"inLanguage":"en-US"},{"@type":"WebPage","@id":"https:\/\/www.fcbarcelonanoticias.com\/en\/transfers\/calhanoglu-invites-kessie-to-sign-for-inter-milan_290180_102.html","url":"https:\/\/www.fcbarcelonanoticias.com\/en\/transfers\/calhanoglu-invites-kessie-to-sign-for-inter-milan_290180_102.html","name":"\u00c7alhanoglu invites Kessi\u00e9 to sign for Inter Milan","isPartOf":{"@id":"https:\/\/www.fcbarcelonanoticias.com\/en\/#website"},"primaryImageOfPage":{"@id":"https:\/\/www.fcbarcelonanoticias.com\/en\/transfers\/calhanoglu-invites-kessie-to-sign-for-inter-milan_290180_102.html#primaryimage"},"image":{"@id":"https:\/\/www.fcbarcelonanoticias.com\/en\/transfers\/calhanoglu-invites-kessie-to-sign-for-inter-milan_290180_102.html#primaryimage"},"thumbnailUrl":"https:\/\/www.fcbarcelonanoticias.com\/en\/wp-content\/uploads\/sites\/2\/2023\/03\/fc-barcelona-v-real-sociedad-copa-del-rey-quarter-final-4-1.jpeg","datePublished":"2023-03-03T21:16:00+00:00","dateModified":"2023-03-03T21:17:00+00:00","author":{"@id":"https:\/\/www.fcbarcelonanoticias.com\/en\/#\/schema\/person\/0f2810101d27606974cdb8edb54fa54b"},"description":"Although from the FC Barcelona would have decided to block the exit of Franck Kessi\u00e9 in the summer, the midfield player continues receiving 'proposed' of face to the season 2022-2023","breadcrumb":{"@id":"https:\/\/www.fcbarcelonanoticias.com\/en\/transfers\/calhanoglu-invites-kessie-to-sign-for-inter-milan_290180_102.html#breadcrumb"},"inLanguage":"en-US","potentialAction":[{"@type":"ReadAction","target":["https:\/\/www.fcbarcelonanoticias.com\/en\/transfers\/calhanoglu-invites-kessie-to-sign-for-inter-milan_290180_102.html"]}]},{"@type":"ImageObject","inLanguage":"en-US","@id":"https:\/\/www.fcbarcelonanoticias.com\/en\/transfers\/calhanoglu-invites-kessie-to-sign-for-inter-milan_290180_102.html#primaryimage","url":"https:\/\/www.fcbarcelonanoticias.com\/en\/wp-content\/uploads\/sites\/2\/2023\/03\/fc-barcelona-v-real-sociedad-copa-del-rey-quarter-final-4-1.jpeg","contentUrl":"https:\/\/www.fcbarcelonanoticias.com\/en\/wp-content\/uploads\/sites\/2\/2023\/03\/fc-barcelona-v-real-sociedad-copa-del-rey-quarter-final-4-1.jpeg","width":1200,"height":701},{"@type":"BreadcrumbList","@id":"https:\/\/www.fcbarcelonanoticias.com\/en\/transfers\/calhanoglu-invites-kessie-to-sign-for-inter-milan_290180_102.html#breadcrumb","itemListElement":[{"@type":"ListItem","position":1,"name":"Portada","item":"https:\/\/www.fcbarcelonanoticias.com\/en\/"},{"@type":"ListItem","position":2,"name":"\u00c7alhanoglu invites Kessi\u00e9 to sign for Inter Milan"}]},{"@type":"WebSite","@id":"https:\/\/www.fcbarcelonanoticias.com\/en\/#website","url":"https:\/\/www.fcbarcelonanoticias.com\/en\/","name":"EN - FC Barcelona Noticias","description":"","potentialAction":[{"@type":"SearchAction","target":{"@type":"EntryPoint","urlTemplate":"https:\/\/www.fcbarcelonanoticias.com\/en\/?s={search_term_string}"},"query-input":{"@type":"PropertyValueSpecification","valueRequired":true,"valueName":"search_term_string"}}],"inLanguage":"en-US"},{"@type":"Person","@id":"https:\/\/www.fcbarcelonanoticias.com\/en\/#\/schema\/person\/0f2810101d27606974cdb8edb54fa54b","name":"FC Barcelona Noticias","image":{"@type":"ImageObject","inLanguage":"en-US","@id":"https:\/\/secure.gravatar.com\/avatar\/?s=96&d=mm&r=g","url":"https:\/\/secure.gravatar.com\/avatar\/?s=96&d=mm&r=g","contentUrl":"https:\/\/secure.gravatar.com\/avatar\/?s=96&d=mm&r=g","caption":"FC Barcelona Noticias"},"url":"https:\/\/www.fcbarcelonanoticias.com\/en\/fc-barcelona\/fcbn-writing-fc-barcelona-news_6_115.html"}]}},"_links":{"self":[{"href":"https:\/\/www.fcbarcelonanoticias.com\/en\/wp-json\/wp\/v2\/posts\/126714","targetHints":{"allow":["GET"]}}],"collection":[{"href":"https:\/\/www.fcbarcelonanoticias.com\/en\/wp-json\/wp\/v2\/posts"}],"about":[{"href":"https:\/\/www.fcbarcelonanoticias.com\/en\/wp-json\/wp\/v2\/types\/post"}],"author":[{"embeddable":true,"href":"https:\/\/www.fcbarcelonanoticias.com\/en\/wp-json\/wp\/v2\/users\/353"}],"replies":[{"embeddable":true,"href":"https:\/\/www.fcbarcelonanoticias.com\/en\/wp-json\/wp\/v2\/comments?post=126714"}],"version-history":[{"count":1,"href":"https:\/\/www.fcbarcelonanoticias.com\/en\/wp-json\/wp\/v2\/posts\/126714\/revisions"}],"predecessor-version":[{"id":151249,"href":"https:\/\/www.fcbarcelonanoticias.com\/en\/wp-json\/wp\/v2\/posts\/126714\/revisions\/151249"}],"wp:featuredmedia":[{"embeddable":true,"href":"https:\/\/www.fcbarcelonanoticias.com\/en\/wp-json\/wp\/v2\/media\/126722"}],"wp:attachment":[{"href":"https:\/\/www.fcbarcelonanoticias.com\/en\/wp-json\/wp\/v2\/media?parent=126714"}],"wp:term":[{"taxonomy":"category","embeddable":true,"href":"https:\/\/www.fcbarcelonanoticias.com\/en\/wp-json\/wp\/v2\/categories?post=126714"},{"taxonomy":"post_tag","embeddable":true,"href":"https:\/\/www.fcbarcelonanoticias.com\/en\/wp-json\/wp\/v2\/tags?post=126714"}],"curies":[{"name":"wp","href":"https:\/\/api.w.org\/{rel}","templated":true}]}}